{"id":64041,"date":"2021-08-02T03:48:53","date_gmt":"2021-08-02T08:48:53","guid":{"rendered":"https:\/\/akunq.net\/tr\/?p=64041"},"modified":"2021-08-02T03:48:53","modified_gmt":"2021-08-02T08:48:53","slug":"ruben-safrastyan-agit-minsk-grubunun-yeniden-canlandirilmasi-artsakh-sorununa-adil-cozumun-bir-yolu","status":"publish","type":"post","link":"https:\/\/akunq.net\/tr\/?p=64041","title":{"rendered":"Ruben Safrastyan: \u201cAG\u0130T Minsk Grubu\u2019nun yeniden canland\u0131r\u0131lmas\u0131, Artsakh sorununa adil \u00e7\u00f6z\u00fcm\u00fcn bir yolu\u201d"},"content":{"rendered":"<p><img loading=\"lazy\" decoding=\"async\" class=\"aligncenter size-medium wp-image-64042\" src=\"https:\/\/akunq.net\/tr\/wp-content\/uploads\/2021\/08\/Ruben-Safrastyan-360x242.jpg\" alt=\"\" width=\"360\" height=\"242\" srcset=\"https:\/\/akunq.net\/tr\/wp-content\/uploads\/sites\/6\/2021\/08\/Ruben-Safrastyan-360x242.jpg 360w, https:\/\/akunq.net\/tr\/wp-content\/uploads\/sites\/6\/2021\/08\/Ruben-Safrastyan-560x376.jpg 560w, https:\/\/akunq.net\/tr\/wp-content\/uploads\/sites\/6\/2021\/08\/Ruben-Safrastyan-260x175.jpg 260w, https:\/\/akunq.net\/tr\/wp-content\/uploads\/sites\/6\/2021\/08\/Ruben-Safrastyan-160x107.jpg 160w, https:\/\/akunq.net\/tr\/wp-content\/uploads\/sites\/6\/2021\/08\/Ruben-Safrastyan.jpg 670w\" sizes=\"auto, (max-width: 360px) 100vw, 360px\" \/><\/p>\n<p><em><strong>Temsilciler Meclisi&#8217;nin ABD&#8217;nin Azerbaycan&#8217;a askeri mali yard\u0131m\u0131n\u0131 ask\u0131ya alma karar\u0131n\u0131n \u00f6nemli bir mesaj\u0131 var. Armenpress\u2019te d\u00fczenlenmi\u015f olan bas\u0131n toplant\u0131s\u0131nda T\u00fcrkolog Ruben Safrastyan, Kongrenin alt kanad\u0131n\u0131n ABD y\u00fcr\u00fctme organ\u0131na Azerbaycan konusundaki tutumunu yeniden g\u00f6zden ge\u00e7irmesi \u00e7a\u011fr\u0131s\u0131nda bulundu\u011funu kaydetti.<\/strong><\/em><\/p>\n<p>Safrastyan, \u201cDemokratik normlar\u0131n ihlal edildi\u011fi bu sald\u0131rgan, despotik devlete olan tavr\u0131 yeniden g\u00f6zden ge\u00e7irmek. Senato&#8217;nun yasala\u015fmas\u0131 i\u00e7in bu karara kat\u0131lmas\u0131 \u00e7ok \u00f6nemli. ABD y\u00fcr\u00fctme organ\u0131n\u0131n bunu ciddi bir mesaj olarak g\u00f6r\u00fcp Azerbaycan&#8217;a yakla\u015f\u0131m\u0131n\u0131 de\u011fi\u015ftirmesi m\u00fchimdir\u201d \u015feklinde konu\u015ftu. Ancak T\u00fcrkolog, ABD y\u00f6netiminin b\u00f6lgede \u00f6z \u00e7\u0131karlar\u0131 oldu\u011fundan dolay\u0131 Kongre&#8217;den gelen mesajlara bazen tepki vermedi\u011fini kaydetti.<\/p>\n<p>ABD D\u0131\u015fi\u015fleri Bakanl\u0131\u011f\u0131, Minsk Grubu e\u015f ba\u015fkanlar\u0131n\u0131n himayesinde m\u00fczakerelere geri d\u00f6n\u00fclmesi \u00e7a\u011fr\u0131s\u0131nda bulunan bir bildiri yay\u0131nlad\u0131. Avrupa ve Rusya&#8217;dan da Minsk Grubu\u2019nun yeniden canland\u0131r\u0131lmas\u0131 i\u00e7in \u00e7a\u011fr\u0131lar geliyor. Ruben Safrastyan&#8217;a g\u00f6re, m\u00fczakerelerin bu d\u00fczene geri getirilmesi Ermenistan i\u00e7in \u00e7ok \u00f6nemli olacak, zira Artsakh&#8217;\u0131n stat\u00fcs\u00fc sorunu hen\u00fcz \u00e7\u00f6z\u00fclmedi ve Minsk Grubu e\u015f ba\u015fkanlar\u0131 bu konunun ele al\u0131nmas\u0131na geri d\u00f6nmeli. Onun s\u00f6z\u00fcne g\u00f6re bu Artsakh sorununa adil bir \u00e7\u00f6z\u00fcm yoludur.<\/p>\n<p><em><strong>https:\/\/armenpress.am\/tur\/news\/1059490.html\u00a0<\/strong><\/em><\/p>\n","protected":false},"excerpt":{"rendered":"<p>Temsilciler Meclisi&#8217;nin ABD&#8217;nin Azerbaycan&#8217;a askeri mali yard\u0131m\u0131n\u0131 ask\u0131ya alma karar\u0131n\u0131n \u00f6nemli bir mesaj\u0131 var. Armenpress\u2019te d\u00fczenlenmi\u015f olan bas\u0131n toplant\u0131s\u0131nda T\u00fcrkolog Ruben Safrastyan, Kongrenin alt kanad\u0131n\u0131n ABD y\u00fcr\u00fctme organ\u0131na Azerbaycan konusundaki tutumunu yeniden g\u00f6zden ge\u00e7irmesi \u00e7a\u011fr\u0131s\u0131nda bulundu\u011funu kaydetti. Safrastyan, \u201cDemokratik normlar\u0131n ihlal edildi\u011fi bu sald\u0131rgan, despotik devlete olan tavr\u0131 yeniden g\u00f6zden ge\u00e7irmek. Senato&#8217;nun yasala\u015fmas\u0131 i\u00e7in bu [&hellip;]<\/p>\n","protected":false},"author":7,"featured_media":64042,"comment_status":"open","ping_status":"open","sticky":false,"template":"","format":"standard","meta":{"footnotes":""},"categories":[1],"tags":[],"class_list":["post-64041","post","type-post","status-publish","format-standard","has-post-thumbnail","hentry","category-haberler"],"yoast_head":"<!-- This site is optimized with the Yoast SEO plugin v27.4 - https:\/\/yoast.com\/product\/yoast-seo-wordpress\/ -->\n<title>Ruben Safrastyan: \u201cAG\u0130T Minsk Grubu\u2019nun yeniden canland\u0131r\u0131lmas\u0131, Artsakh sorununa adil \u00e7\u00f6z\u00fcm\u00fcn bir yolu\u201d - Bati Ermenistan Ve Bati Ermenileri Sorunlari Ara\u015ftirmalar Merkezi<\/title>\n<meta name=\"robots\" content=\"index, follow, max-snippet:-1, max-image-preview:large, max-video-preview:-1\" \/>\n<link rel=\"canonical\" href=\"https:\/\/akunq.net\/tr\/?p=64041\" \/>\n<meta property=\"og:locale\" content=\"en_US\" \/>\n<meta property=\"og:type\" content=\"article\" \/>\n<meta property=\"og:title\" content=\"Ruben Safrastyan: \u201cAG\u0130T Minsk Grubu\u2019nun yeniden canland\u0131r\u0131lmas\u0131, Artsakh sorununa adil \u00e7\u00f6z\u00fcm\u00fcn bir yolu\u201d - Bati Ermenistan Ve Bati Ermenileri Sorunlari Ara\u015ftirmalar Merkezi\" \/>\n<meta property=\"og:description\" content=\"Temsilciler Meclisi&#8217;nin ABD&#8217;nin Azerbaycan&#8217;a askeri mali yard\u0131m\u0131n\u0131 ask\u0131ya alma karar\u0131n\u0131n \u00f6nemli bir mesaj\u0131 var. Armenpress\u2019te d\u00fczenlenmi\u015f olan bas\u0131n toplant\u0131s\u0131nda T\u00fcrkolog Ruben Safrastyan, Kongrenin alt kanad\u0131n\u0131n ABD y\u00fcr\u00fctme organ\u0131na Azerbaycan konusundaki tutumunu yeniden g\u00f6zden ge\u00e7irmesi \u00e7a\u011fr\u0131s\u0131nda bulundu\u011funu kaydetti. Safrastyan, \u201cDemokratik normlar\u0131n ihlal edildi\u011fi bu sald\u0131rgan, despotik devlete olan tavr\u0131 yeniden g\u00f6zden ge\u00e7irmek. Senato&#8217;nun yasala\u015fmas\u0131 i\u00e7in bu [&hellip;]\" \/>\n<meta property=\"og:url\" content=\"https:\/\/akunq.net\/tr\/?p=64041\" \/>\n<meta property=\"og:site_name\" content=\"Bati Ermenistan Ve Bati Ermenileri Sorunlari Ara\u015ftirmalar Merkezi\" \/>\n<meta property=\"article:published_time\" content=\"2021-08-02T08:48:53+00:00\" \/>\n<meta property=\"og:image\" content=\"https:\/\/akunq.net\/tr\/wp-content\/uploads\/sites\/6\/2021\/08\/Ruben-Safrastyan.jpg\" \/>\n\t<meta property=\"og:image:width\" content=\"670\" \/>\n\t<meta property=\"og:image:height\" content=\"450\" \/>\n\t<meta property=\"og:image:type\" content=\"image\/jpeg\" \/>\n<meta name=\"author\" content=\"admin\" \/>\n<meta name=\"twitter:card\" content=\"summary_large_image\" \/>\n<meta name=\"twitter:label1\" content=\"Written by\" \/>\n\t<meta name=\"twitter:data1\" content=\"admin\" \/>\n\t<meta name=\"twitter:label2\" content=\"Est. reading time\" \/>\n\t<meta name=\"twitter:data2\" content=\"1 minute\" \/>\n<script type=\"application\/ld+json\" class=\"yoast-schema-graph\">{\"@context\":\"https:\\\/\\\/schema.org\",\"@graph\":[{\"@type\":\"Article\",\"@id\":\"https:\\\/\\\/akunq.net\\\/tr\\\/?p=64041#article\",\"isPartOf\":{\"@id\":\"https:\\\/\\\/akunq.net\\\/tr\\\/?p=64041\"},\"author\":{\"name\":\"admin\",\"@id\":\"https:\\\/\\\/akunq.net\\\/tr\\\/#\\\/schema\\\/person\\\/096f1d38a12cce57fb855b485ed24c9e\"},\"headline\":\"Ruben Safrastyan: \u201cAG\u0130T Minsk Grubu\u2019nun yeniden canland\u0131r\u0131lmas\u0131, Artsakh sorununa adil \u00e7\u00f6z\u00fcm\u00fcn bir yolu\u201d\",\"datePublished\":\"2021-08-02T08:48:53+00:00\",\"mainEntityOfPage\":{\"@id\":\"https:\\\/\\\/akunq.net\\\/tr\\\/?p=64041\"},\"wordCount\":263,\"commentCount\":0,\"image\":{\"@id\":\"https:\\\/\\\/akunq.net\\\/tr\\\/?p=64041#primaryimage\"},\"thumbnailUrl\":\"https:\\\/\\\/akunq.net\\\/tr\\\/wp-content\\\/uploads\\\/sites\\\/6\\\/2021\\\/08\\\/Ruben-Safrastyan.jpg\",\"articleSection\":[\"Haberler\"],\"inLanguage\":\"en-US\",\"potentialAction\":[{\"@type\":\"CommentAction\",\"name\":\"Comment\",\"target\":[\"https:\\\/\\\/akunq.net\\\/tr\\\/?p=64041#respond\"]}]},{\"@type\":\"WebPage\",\"@id\":\"https:\\\/\\\/akunq.net\\\/tr\\\/?p=64041\",\"url\":\"https:\\\/\\\/akunq.net\\\/tr\\\/?p=64041\",\"name\":\"Ruben Safrastyan: \u201cAG\u0130T Minsk Grubu\u2019nun yeniden canland\u0131r\u0131lmas\u0131, Artsakh sorununa adil \u00e7\u00f6z\u00fcm\u00fcn bir yolu\u201d - Bati Ermenistan Ve Bati Ermenileri Sorunlari Ara\u015ftirmalar Merkezi\",\"isPartOf\":{\"@id\":\"https:\\\/\\\/akunq.net\\\/tr\\\/#website\"},\"primaryImageOfPage\":{\"@id\":\"https:\\\/\\\/akunq.net\\\/tr\\\/?p=64041#primaryimage\"},\"image\":{\"@id\":\"https:\\\/\\\/akunq.net\\\/tr\\\/?p=64041#primaryimage\"},\"thumbnailUrl\":\"https:\\\/\\\/akunq.net\\\/tr\\\/wp-content\\\/uploads\\\/sites\\\/6\\\/2021\\\/08\\\/Ruben-Safrastyan.jpg\",\"datePublished\":\"2021-08-02T08:48:53+00:00\",\"author\":{\"@id\":\"https:\\\/\\\/akunq.net\\\/tr\\\/#\\\/schema\\\/person\\\/096f1d38a12cce57fb855b485ed24c9e\"},\"breadcrumb\":{\"@id\":\"https:\\\/\\\/akunq.net\\\/tr\\\/?p=64041#breadcrumb\"},\"inLanguage\":\"en-US\",\"potentialAction\":[{\"@type\":\"ReadAction\",\"target\":[\"https:\\\/\\\/akunq.net\\\/tr\\\/?p=64041\"]}]},{\"@type\":\"ImageObject\",\"inLanguage\":\"en-US\",\"@id\":\"https:\\\/\\\/akunq.net\\\/tr\\\/?p=64041#primaryimage\",\"url\":\"https:\\\/\\\/akunq.net\\\/tr\\\/wp-content\\\/uploads\\\/sites\\\/6\\\/2021\\\/08\\\/Ruben-Safrastyan.jpg\",\"contentUrl\":\"https:\\\/\\\/akunq.net\\\/tr\\\/wp-content\\\/uploads\\\/sites\\\/6\\\/2021\\\/08\\\/Ruben-Safrastyan.jpg\",\"width\":670,\"height\":450},{\"@type\":\"BreadcrumbList\",\"@id\":\"https:\\\/\\\/akunq.net\\\/tr\\\/?p=64041#breadcrumb\",\"itemListElement\":[{\"@type\":\"ListItem\",\"position\":1,\"name\":\"Home\",\"item\":\"https:\\\/\\\/akunq.net\\\/tr\"},{\"@type\":\"ListItem\",\"position\":2,\"name\":\"Ruben Safrastyan: \u201cAG\u0130T Minsk Grubu\u2019nun yeniden canland\u0131r\u0131lmas\u0131, Artsakh sorununa adil \u00e7\u00f6z\u00fcm\u00fcn bir yolu\u201d\"}]},{\"@type\":\"WebSite\",\"@id\":\"https:\\\/\\\/akunq.net\\\/tr\\\/#website\",\"url\":\"https:\\\/\\\/akunq.net\\\/tr\\\/\",\"name\":\"Bati Ermenistan Ve Bati Ermenileri Sorunlari Ara\u015ftirmalar Merkezi\",\"description\":\"\",\"potentialAction\":[{\"@type\":\"SearchAction\",\"target\":{\"@type\":\"EntryPoint\",\"urlTemplate\":\"https:\\\/\\\/akunq.net\\\/tr\\\/?s={search_term_string}\"},\"query-input\":{\"@type\":\"PropertyValueSpecification\",\"valueRequired\":true,\"valueName\":\"search_term_string\"}}],\"inLanguage\":\"en-US\"},{\"@type\":\"Person\",\"@id\":\"https:\\\/\\\/akunq.net\\\/tr\\\/#\\\/schema\\\/person\\\/096f1d38a12cce57fb855b485ed24c9e\",\"name\":\"admin\",\"url\":\"https:\\\/\\\/akunq.net\\\/tr\\\/?author=7\"}]}<\/script>\n<!-- \/ Yoast SEO plugin. -->","yoast_head_json":{"title":"Ruben Safrastyan: \u201cAG\u0130T Minsk Grubu\u2019nun yeniden canland\u0131r\u0131lmas\u0131, Artsakh sorununa adil \u00e7\u00f6z\u00fcm\u00fcn bir yolu\u201d - Bati Ermenistan Ve Bati Ermenileri Sorunlari Ara\u015ftirmalar Merkezi","robots":{"index":"index","follow":"follow","max-snippet":"max-snippet:-1","max-image-preview":"max-image-preview:large","max-video-preview":"max-video-preview:-1"},"canonical":"https:\/\/akunq.net\/tr\/?p=64041","og_locale":"en_US","og_type":"article","og_title":"Ruben Safrastyan: \u201cAG\u0130T Minsk Grubu\u2019nun yeniden canland\u0131r\u0131lmas\u0131, Artsakh sorununa adil \u00e7\u00f6z\u00fcm\u00fcn bir yolu\u201d - Bati Ermenistan Ve Bati Ermenileri Sorunlari Ara\u015ftirmalar Merkezi","og_description":"Temsilciler Meclisi&#8217;nin ABD&#8217;nin Azerbaycan&#8217;a askeri mali yard\u0131m\u0131n\u0131 ask\u0131ya alma karar\u0131n\u0131n \u00f6nemli bir mesaj\u0131 var. Armenpress\u2019te d\u00fczenlenmi\u015f olan bas\u0131n toplant\u0131s\u0131nda T\u00fcrkolog Ruben Safrastyan, Kongrenin alt kanad\u0131n\u0131n ABD y\u00fcr\u00fctme organ\u0131na Azerbaycan konusundaki tutumunu yeniden g\u00f6zden ge\u00e7irmesi \u00e7a\u011fr\u0131s\u0131nda bulundu\u011funu kaydetti. Safrastyan, \u201cDemokratik normlar\u0131n ihlal edildi\u011fi bu sald\u0131rgan, despotik devlete olan tavr\u0131 yeniden g\u00f6zden ge\u00e7irmek. Senato&#8217;nun yasala\u015fmas\u0131 i\u00e7in bu [&hellip;]","og_url":"https:\/\/akunq.net\/tr\/?p=64041","og_site_name":"Bati Ermenistan Ve Bati Ermenileri Sorunlari Ara\u015ftirmalar Merkezi","article_published_time":"2021-08-02T08:48:53+00:00","og_image":[{"width":670,"height":450,"url":"https:\/\/akunq.net\/tr\/wp-content\/uploads\/sites\/6\/2021\/08\/Ruben-Safrastyan.jpg","type":"image\/jpeg"}],"author":"admin","twitter_card":"summary_large_image","twitter_misc":{"Written by":"admin","Est. reading time":"1 minute"},"schema":{"@context":"https:\/\/schema.org","@graph":[{"@type":"Article","@id":"https:\/\/akunq.net\/tr\/?p=64041#article","isPartOf":{"@id":"https:\/\/akunq.net\/tr\/?p=64041"},"author":{"name":"admin","@id":"https:\/\/akunq.net\/tr\/#\/schema\/person\/096f1d38a12cce57fb855b485ed24c9e"},"headline":"Ruben Safrastyan: \u201cAG\u0130T Minsk Grubu\u2019nun yeniden canland\u0131r\u0131lmas\u0131, Artsakh sorununa adil \u00e7\u00f6z\u00fcm\u00fcn bir yolu\u201d","datePublished":"2021-08-02T08:48:53+00:00","mainEntityOfPage":{"@id":"https:\/\/akunq.net\/tr\/?p=64041"},"wordCount":263,"commentCount":0,"image":{"@id":"https:\/\/akunq.net\/tr\/?p=64041#primaryimage"},"thumbnailUrl":"https:\/\/akunq.net\/tr\/wp-content\/uploads\/sites\/6\/2021\/08\/Ruben-Safrastyan.jpg","articleSection":["Haberler"],"inLanguage":"en-US","potentialAction":[{"@type":"CommentAction","name":"Comment","target":["https:\/\/akunq.net\/tr\/?p=64041#respond"]}]},{"@type":"WebPage","@id":"https:\/\/akunq.net\/tr\/?p=64041","url":"https:\/\/akunq.net\/tr\/?p=64041","name":"Ruben Safrastyan: \u201cAG\u0130T Minsk Grubu\u2019nun yeniden canland\u0131r\u0131lmas\u0131, Artsakh sorununa adil \u00e7\u00f6z\u00fcm\u00fcn bir yolu\u201d - Bati Ermenistan Ve Bati Ermenileri Sorunlari Ara\u015ftirmalar Merkezi","isPartOf":{"@id":"https:\/\/akunq.net\/tr\/#website"},"primaryImageOfPage":{"@id":"https:\/\/akunq.net\/tr\/?p=64041#primaryimage"},"image":{"@id":"https:\/\/akunq.net\/tr\/?p=64041#primaryimage"},"thumbnailUrl":"https:\/\/akunq.net\/tr\/wp-content\/uploads\/sites\/6\/2021\/08\/Ruben-Safrastyan.jpg","datePublished":"2021-08-02T08:48:53+00:00","author":{"@id":"https:\/\/akunq.net\/tr\/#\/schema\/person\/096f1d38a12cce57fb855b485ed24c9e"},"breadcrumb":{"@id":"https:\/\/akunq.net\/tr\/?p=64041#breadcrumb"},"inLanguage":"en-US","potentialAction":[{"@type":"ReadAction","target":["https:\/\/akunq.net\/tr\/?p=64041"]}]},{"@type":"ImageObject","inLanguage":"en-US","@id":"https:\/\/akunq.net\/tr\/?p=64041#primaryimage","url":"https:\/\/akunq.net\/tr\/wp-content\/uploads\/sites\/6\/2021\/08\/Ruben-Safrastyan.jpg","contentUrl":"https:\/\/akunq.net\/tr\/wp-content\/uploads\/sites\/6\/2021\/08\/Ruben-Safrastyan.jpg","width":670,"height":450},{"@type":"BreadcrumbList","@id":"https:\/\/akunq.net\/tr\/?p=64041#breadcrumb","itemListElement":[{"@type":"ListItem","position":1,"name":"Home","item":"https:\/\/akunq.net\/tr"},{"@type":"ListItem","position":2,"name":"Ruben Safrastyan: \u201cAG\u0130T Minsk Grubu\u2019nun yeniden canland\u0131r\u0131lmas\u0131, Artsakh sorununa adil \u00e7\u00f6z\u00fcm\u00fcn bir yolu\u201d"}]},{"@type":"WebSite","@id":"https:\/\/akunq.net\/tr\/#website","url":"https:\/\/akunq.net\/tr\/","name":"Bati Ermenistan Ve Bati Ermenileri Sorunlari Ara\u015ftirmalar Merkezi","description":"","potentialAction":[{"@type":"SearchAction","target":{"@type":"EntryPoint","urlTemplate":"https:\/\/akunq.net\/tr\/?s={search_term_string}"},"query-input":{"@type":"PropertyValueSpecification","valueRequired":true,"valueName":"search_term_string"}}],"inLanguage":"en-US"},{"@type":"Person","@id":"https:\/\/akunq.net\/tr\/#\/schema\/person\/096f1d38a12cce57fb855b485ed24c9e","name":"admin","url":"https:\/\/akunq.net\/tr\/?author=7"}]}},"_links":{"self":[{"href":"https:\/\/akunq.net\/tr\/index.php?rest_route=\/wp\/v2\/posts\/64041","targetHints":{"allow":["GET"]}}],"collection":[{"href":"https:\/\/akunq.net\/tr\/index.php?rest_route=\/wp\/v2\/posts"}],"about":[{"href":"https:\/\/akunq.net\/tr\/index.php?rest_route=\/wp\/v2\/types\/post"}],"author":[{"embeddable":true,"href":"https:\/\/akunq.net\/tr\/index.php?rest_route=\/wp\/v2\/users\/7"}],"replies":[{"embeddable":true,"href":"https:\/\/akunq.net\/tr\/index.php?rest_route=%2Fwp%2Fv2%2Fcomments&post=64041"}],"version-history":[{"count":1,"href":"https:\/\/akunq.net\/tr\/index.php?rest_route=\/wp\/v2\/posts\/64041\/revisions"}],"predecessor-version":[{"id":64043,"href":"https:\/\/akunq.net\/tr\/index.php?rest_route=\/wp\/v2\/posts\/64041\/revisions\/64043"}],"wp:featuredmedia":[{"embeddable":true,"href":"https:\/\/akunq.net\/tr\/index.php?rest_route=\/wp\/v2\/media\/64042"}],"wp:attachment":[{"href":"https:\/\/akunq.net\/tr\/index.php?rest_route=%2Fwp%2Fv2%2Fmedia&parent=64041"}],"wp:term":[{"taxonomy":"category","embeddable":true,"href":"https:\/\/akunq.net\/tr\/index.php?rest_route=%2Fwp%2Fv2%2Fcategories&post=64041"},{"taxonomy":"post_tag","embeddable":true,"href":"https:\/\/akunq.net\/tr\/index.php?rest_route=%2Fwp%2Fv2%2Ftags&post=64041"}],"curies":[{"name":"wp","href":"https:\/\/api.w.org\/{rel}","templated":true}]}}