{"id":64035,"date":"2021-08-02T02:29:27","date_gmt":"2021-08-02T07:29:27","guid":{"rendered":"https:\/\/akunq.net\/tr\/?p=64035"},"modified":"2021-08-02T02:29:27","modified_gmt":"2021-08-02T07:29:27","slug":"tbmm-insan-haklari-komisyonu-konya-ziyaretini-iptal-etti","status":"publish","type":"post","link":"https:\/\/akunq.net\/tr\/?p=64035","title":{"rendered":"TBMM \u0130nsan Haklar\u0131 Komisyonu Konya ziyaretini iptal etti"},"content":{"rendered":"<p><img loading=\"lazy\" decoding=\"async\" class=\"aligncenter size-medium wp-image-64036\" src=\"https:\/\/akunq.net\/tr\/wp-content\/uploads\/2021\/08\/konya-katliam-360x202.jpg\" alt=\"\" width=\"360\" height=\"202\" srcset=\"https:\/\/akunq.net\/tr\/wp-content\/uploads\/sites\/6\/2021\/08\/konya-katliam-360x202.jpg 360w, https:\/\/akunq.net\/tr\/wp-content\/uploads\/sites\/6\/2021\/08\/konya-katliam-560x314.jpg 560w, https:\/\/akunq.net\/tr\/wp-content\/uploads\/sites\/6\/2021\/08\/konya-katliam-260x146.jpg 260w, https:\/\/akunq.net\/tr\/wp-content\/uploads\/sites\/6\/2021\/08\/konya-katliam-160x90.jpg 160w, https:\/\/akunq.net\/tr\/wp-content\/uploads\/sites\/6\/2021\/08\/konya-katliam.jpg 731w\" sizes=\"auto, (max-width: 360px) 100vw, 360px\" \/><\/p>\n<p><em><strong>Konya&#8217;da daha \u00f6nce \u0131rk\u00e7\u0131 sald\u0131r\u0131ya u\u011frayan bir ailenin 7 \u00fcyesi 30 Temmuz Cuma g\u00fcn\u00fc \u00f6ld\u00fcr\u00fclm\u00fc\u015ft\u00fc. Meclis \u0130nsan Haklar\u0131 Komisyonu, ya\u015fanan katliam nedeniyle Konya\u2019ya yapaca\u011f\u0131 ziyareti iptal etti.<\/strong><\/em><\/p>\n<p>HDP Bas\u0131n B\u00fcrosu, \u201ccenaze t\u00f6reninden sonra AKP\u2019lilerin b\u00f6lgede yapt\u0131\u011f\u0131 incelemelerin ard\u0131ndan Komisyonun \u2018ortam\u0131n uygun olmad\u0131\u011f\u0131 gerek\u00e7esiyle\u2019 ziyaretin iptal etti\u011fini\u201d duyurdu.<\/p>\n<p>HDP Grup Ba\u015fkanvekili Meral Dan\u0131\u015f Be\u015fta\u015f, ziyaretin iptal edilmesine ili\u015fkin \u015funlar\u0131 s\u00f6yledi:<\/p>\n<p>\u201cD\u00fcnden beri yapt\u0131klar\u0131 propagandalarla bunun iki aile aras\u0131ndaki husumet oldu\u011funu yaymaya \u00e7al\u0131\u015f\u0131yorlar. Fakat cenaze t\u00f6reni, \u00f6zellikle katliama u\u011frayanlar\u0131n yak\u0131nlar\u0131n\u0131n ve tan\u0131d\u0131klar\u0131n\u0131n beyanlar\u0131 ve ortaya \u00e7\u0131kan bilgiler bu olay\u0131n \u0131rk\u00e7\u0131 bir temelde K\u00fcrtlere y\u00f6nelik bir sald\u0131r\u0131 oldu\u011funu asl\u0131nda net bir \u015fekilde ortaya koydu.<\/p>\n<p>Komisyon bunun fizibilitesini yapt\u0131. Orada bir ara\u015ft\u0131rma yapt\u0131lar ve gidilmesi halinde bunu rapora yazmak zorunda kalacaklar\u0131n\u0131 g\u00f6rd\u00fcler ve bu y\u00fczden gidi\u015fi iptal ettiler.<\/p>\n<p>\u0130nsan Haklar\u0131 Komisyonunun temel g\u00f6revi T\u00fcrkiye\u2019de ya\u015fanan hak ihlallerini ara\u015ft\u0131rmak, yerinde tespit etmek ve ilgili kurumlara bilgi vermektir. Hem denetlemek hem de bilgi vermektir.<\/p>\n<p>Ancak \u0130nsan Haklar\u0131 Komisyonu hi\u00e7bir \u015fekilde i\u015flevini yerine getirmedi. Bug\u00fcn de getirmediler. Konya\u2019ya bile gitmeyecekse, ya\u015fam hakk\u0131n\u0131n bu kadar b\u00fcy\u00fck bir katliamla ortadan kald\u0131r\u0131ld\u0131\u011f\u0131 bir olayda gitmeyecekse, komisyonunun hi\u00e7bir i\u015flevinin oldu\u011funu s\u00f6yleyemeyiz. Biz bu iptalin kesinlikle olay\u0131n a\u00e7\u0131\u011fa \u00e7\u0131kmas\u0131n\u0131 engellemeye y\u00f6nelik oldu\u011funu d\u00fc\u015f\u00fcn\u00fcyoruz.\u201d<\/p>\n<p><em><strong>http:\/\/www.agos.com.tr\/tr\/yazi\/25977\/tbmm-insan-haklari-komisyonu-konya-ziyaretini-iptal-etti\u00a0<\/strong><\/em><\/p>\n","protected":false},"excerpt":{"rendered":"<p>Konya&#8217;da daha \u00f6nce \u0131rk\u00e7\u0131 sald\u0131r\u0131ya u\u011frayan bir ailenin 7 \u00fcyesi 30 Temmuz Cuma g\u00fcn\u00fc \u00f6ld\u00fcr\u00fclm\u00fc\u015ft\u00fc. Meclis \u0130nsan Haklar\u0131 Komisyonu, ya\u015fanan katliam nedeniyle Konya\u2019ya yapaca\u011f\u0131 ziyareti iptal etti. HDP Bas\u0131n B\u00fcrosu, \u201ccenaze t\u00f6reninden sonra AKP\u2019lilerin b\u00f6lgede yapt\u0131\u011f\u0131 incelemelerin ard\u0131ndan Komisyonun \u2018ortam\u0131n uygun olmad\u0131\u011f\u0131 gerek\u00e7esiyle\u2019 ziyaretin iptal etti\u011fini\u201d duyurdu. HDP Grup Ba\u015fkanvekili Meral Dan\u0131\u015f Be\u015fta\u015f, ziyaretin iptal [&hellip;]<\/p>\n","protected":false},"author":7,"featured_media":64036,"comment_status":"open","ping_status":"open","sticky":false,"template":"","format":"standard","meta":{"footnotes":""},"categories":[1],"tags":[],"class_list":["post-64035","post","type-post","status-publish","format-standard","has-post-thumbnail","hentry","category-haberler"],"yoast_head":"<!-- This site is optimized with the Yoast SEO plugin v27.4 - https:\/\/yoast.com\/product\/yoast-seo-wordpress\/ -->\n<title>TBMM \u0130nsan Haklar\u0131 Komisyonu Konya ziyaretini iptal etti - Bati Ermenistan Ve Bati Ermenileri Sorunlari Ara\u015ftirmalar Merkezi<\/title>\n<meta name=\"robots\" content=\"index, follow, max-snippet:-1, max-image-preview:large, max-video-preview:-1\" \/>\n<link rel=\"canonical\" href=\"https:\/\/akunq.net\/tr\/?p=64035\" \/>\n<meta property=\"og:locale\" content=\"en_US\" \/>\n<meta property=\"og:type\" content=\"article\" \/>\n<meta property=\"og:title\" content=\"TBMM \u0130nsan Haklar\u0131 Komisyonu Konya ziyaretini iptal etti - Bati Ermenistan Ve Bati Ermenileri Sorunlari Ara\u015ftirmalar Merkezi\" \/>\n<meta property=\"og:description\" content=\"Konya&#8217;da daha \u00f6nce \u0131rk\u00e7\u0131 sald\u0131r\u0131ya u\u011frayan bir ailenin 7 \u00fcyesi 30 Temmuz Cuma g\u00fcn\u00fc \u00f6ld\u00fcr\u00fclm\u00fc\u015ft\u00fc. Meclis \u0130nsan Haklar\u0131 Komisyonu, ya\u015fanan katliam nedeniyle Konya\u2019ya yapaca\u011f\u0131 ziyareti iptal etti. HDP Bas\u0131n B\u00fcrosu, \u201ccenaze t\u00f6reninden sonra AKP\u2019lilerin b\u00f6lgede yapt\u0131\u011f\u0131 incelemelerin ard\u0131ndan Komisyonun \u2018ortam\u0131n uygun olmad\u0131\u011f\u0131 gerek\u00e7esiyle\u2019 ziyaretin iptal etti\u011fini\u201d duyurdu. HDP Grup Ba\u015fkanvekili Meral Dan\u0131\u015f Be\u015fta\u015f, ziyaretin iptal [&hellip;]\" \/>\n<meta property=\"og:url\" content=\"https:\/\/akunq.net\/tr\/?p=64035\" \/>\n<meta property=\"og:site_name\" content=\"Bati Ermenistan Ve Bati Ermenileri Sorunlari Ara\u015ftirmalar Merkezi\" \/>\n<meta property=\"article:published_time\" content=\"2021-08-02T07:29:27+00:00\" \/>\n<meta property=\"og:image\" content=\"https:\/\/akunq.net\/tr\/wp-content\/uploads\/sites\/6\/2021\/08\/konya-katliam.jpg\" \/>\n\t<meta property=\"og:image:width\" content=\"731\" \/>\n\t<meta property=\"og:image:height\" content=\"410\" \/>\n\t<meta property=\"og:image:type\" content=\"image\/jpeg\" \/>\n<meta name=\"author\" content=\"admin\" \/>\n<meta name=\"twitter:card\" content=\"summary_large_image\" \/>\n<meta name=\"twitter:label1\" content=\"Written by\" \/>\n\t<meta name=\"twitter:data1\" content=\"admin\" \/>\n\t<meta name=\"twitter:label2\" content=\"Est. reading time\" \/>\n\t<meta name=\"twitter:data2\" content=\"1 minute\" \/>\n<script type=\"application\/ld+json\" class=\"yoast-schema-graph\">{\"@context\":\"https:\\\/\\\/schema.org\",\"@graph\":[{\"@type\":\"Article\",\"@id\":\"https:\\\/\\\/akunq.net\\\/tr\\\/?p=64035#article\",\"isPartOf\":{\"@id\":\"https:\\\/\\\/akunq.net\\\/tr\\\/?p=64035\"},\"author\":{\"name\":\"admin\",\"@id\":\"https:\\\/\\\/akunq.net\\\/tr\\\/#\\\/schema\\\/person\\\/096f1d38a12cce57fb855b485ed24c9e\"},\"headline\":\"TBMM \u0130nsan Haklar\u0131 Komisyonu Konya ziyaretini iptal etti\",\"datePublished\":\"2021-08-02T07:29:27+00:00\",\"mainEntityOfPage\":{\"@id\":\"https:\\\/\\\/akunq.net\\\/tr\\\/?p=64035\"},\"wordCount\":284,\"commentCount\":0,\"image\":{\"@id\":\"https:\\\/\\\/akunq.net\\\/tr\\\/?p=64035#primaryimage\"},\"thumbnailUrl\":\"https:\\\/\\\/akunq.net\\\/tr\\\/wp-content\\\/uploads\\\/sites\\\/6\\\/2021\\\/08\\\/konya-katliam.jpg\",\"articleSection\":[\"Haberler\"],\"inLanguage\":\"en-US\",\"potentialAction\":[{\"@type\":\"CommentAction\",\"name\":\"Comment\",\"target\":[\"https:\\\/\\\/akunq.net\\\/tr\\\/?p=64035#respond\"]}]},{\"@type\":\"WebPage\",\"@id\":\"https:\\\/\\\/akunq.net\\\/tr\\\/?p=64035\",\"url\":\"https:\\\/\\\/akunq.net\\\/tr\\\/?p=64035\",\"name\":\"TBMM \u0130nsan Haklar\u0131 Komisyonu Konya ziyaretini iptal etti - Bati Ermenistan Ve Bati Ermenileri Sorunlari Ara\u015ftirmalar Merkezi\",\"isPartOf\":{\"@id\":\"https:\\\/\\\/akunq.net\\\/tr\\\/#website\"},\"primaryImageOfPage\":{\"@id\":\"https:\\\/\\\/akunq.net\\\/tr\\\/?p=64035#primaryimage\"},\"image\":{\"@id\":\"https:\\\/\\\/akunq.net\\\/tr\\\/?p=64035#primaryimage\"},\"thumbnailUrl\":\"https:\\\/\\\/akunq.net\\\/tr\\\/wp-content\\\/uploads\\\/sites\\\/6\\\/2021\\\/08\\\/konya-katliam.jpg\",\"datePublished\":\"2021-08-02T07:29:27+00:00\",\"author\":{\"@id\":\"https:\\\/\\\/akunq.net\\\/tr\\\/#\\\/schema\\\/person\\\/096f1d38a12cce57fb855b485ed24c9e\"},\"breadcrumb\":{\"@id\":\"https:\\\/\\\/akunq.net\\\/tr\\\/?p=64035#breadcrumb\"},\"inLanguage\":\"en-US\",\"potentialAction\":[{\"@type\":\"ReadAction\",\"target\":[\"https:\\\/\\\/akunq.net\\\/tr\\\/?p=64035\"]}]},{\"@type\":\"ImageObject\",\"inLanguage\":\"en-US\",\"@id\":\"https:\\\/\\\/akunq.net\\\/tr\\\/?p=64035#primaryimage\",\"url\":\"https:\\\/\\\/akunq.net\\\/tr\\\/wp-content\\\/uploads\\\/sites\\\/6\\\/2021\\\/08\\\/konya-katliam.jpg\",\"contentUrl\":\"https:\\\/\\\/akunq.net\\\/tr\\\/wp-content\\\/uploads\\\/sites\\\/6\\\/2021\\\/08\\\/konya-katliam.jpg\",\"width\":731,\"height\":410},{\"@type\":\"BreadcrumbList\",\"@id\":\"https:\\\/\\\/akunq.net\\\/tr\\\/?p=64035#breadcrumb\",\"itemListElement\":[{\"@type\":\"ListItem\",\"position\":1,\"name\":\"Home\",\"item\":\"https:\\\/\\\/akunq.net\\\/tr\"},{\"@type\":\"ListItem\",\"position\":2,\"name\":\"TBMM \u0130nsan Haklar\u0131 Komisyonu Konya ziyaretini iptal etti\"}]},{\"@type\":\"WebSite\",\"@id\":\"https:\\\/\\\/akunq.net\\\/tr\\\/#website\",\"url\":\"https:\\\/\\\/akunq.net\\\/tr\\\/\",\"name\":\"Bati Ermenistan Ve Bati Ermenileri Sorunlari Ara\u015ftirmalar Merkezi\",\"description\":\"\",\"potentialAction\":[{\"@type\":\"SearchAction\",\"target\":{\"@type\":\"EntryPoint\",\"urlTemplate\":\"https:\\\/\\\/akunq.net\\\/tr\\\/?s={search_term_string}\"},\"query-input\":{\"@type\":\"PropertyValueSpecification\",\"valueRequired\":true,\"valueName\":\"search_term_string\"}}],\"inLanguage\":\"en-US\"},{\"@type\":\"Person\",\"@id\":\"https:\\\/\\\/akunq.net\\\/tr\\\/#\\\/schema\\\/person\\\/096f1d38a12cce57fb855b485ed24c9e\",\"name\":\"admin\",\"url\":\"https:\\\/\\\/akunq.net\\\/tr\\\/?author=7\"}]}<\/script>\n<!-- \/ Yoast SEO plugin. -->","yoast_head_json":{"title":"TBMM \u0130nsan Haklar\u0131 Komisyonu Konya ziyaretini iptal etti - Bati Ermenistan Ve Bati Ermenileri Sorunlari Ara\u015ftirmalar Merkezi","robots":{"index":"index","follow":"follow","max-snippet":"max-snippet:-1","max-image-preview":"max-image-preview:large","max-video-preview":"max-video-preview:-1"},"canonical":"https:\/\/akunq.net\/tr\/?p=64035","og_locale":"en_US","og_type":"article","og_title":"TBMM \u0130nsan Haklar\u0131 Komisyonu Konya ziyaretini iptal etti - Bati Ermenistan Ve Bati Ermenileri Sorunlari Ara\u015ftirmalar Merkezi","og_description":"Konya&#8217;da daha \u00f6nce \u0131rk\u00e7\u0131 sald\u0131r\u0131ya u\u011frayan bir ailenin 7 \u00fcyesi 30 Temmuz Cuma g\u00fcn\u00fc \u00f6ld\u00fcr\u00fclm\u00fc\u015ft\u00fc. Meclis \u0130nsan Haklar\u0131 Komisyonu, ya\u015fanan katliam nedeniyle Konya\u2019ya yapaca\u011f\u0131 ziyareti iptal etti. HDP Bas\u0131n B\u00fcrosu, \u201ccenaze t\u00f6reninden sonra AKP\u2019lilerin b\u00f6lgede yapt\u0131\u011f\u0131 incelemelerin ard\u0131ndan Komisyonun \u2018ortam\u0131n uygun olmad\u0131\u011f\u0131 gerek\u00e7esiyle\u2019 ziyaretin iptal etti\u011fini\u201d duyurdu. HDP Grup Ba\u015fkanvekili Meral Dan\u0131\u015f Be\u015fta\u015f, ziyaretin iptal [&hellip;]","og_url":"https:\/\/akunq.net\/tr\/?p=64035","og_site_name":"Bati Ermenistan Ve Bati Ermenileri Sorunlari Ara\u015ftirmalar Merkezi","article_published_time":"2021-08-02T07:29:27+00:00","og_image":[{"width":731,"height":410,"url":"https:\/\/akunq.net\/tr\/wp-content\/uploads\/sites\/6\/2021\/08\/konya-katliam.jpg","type":"image\/jpeg"}],"author":"admin","twitter_card":"summary_large_image","twitter_misc":{"Written by":"admin","Est. reading time":"1 minute"},"schema":{"@context":"https:\/\/schema.org","@graph":[{"@type":"Article","@id":"https:\/\/akunq.net\/tr\/?p=64035#article","isPartOf":{"@id":"https:\/\/akunq.net\/tr\/?p=64035"},"author":{"name":"admin","@id":"https:\/\/akunq.net\/tr\/#\/schema\/person\/096f1d38a12cce57fb855b485ed24c9e"},"headline":"TBMM \u0130nsan Haklar\u0131 Komisyonu Konya ziyaretini iptal etti","datePublished":"2021-08-02T07:29:27+00:00","mainEntityOfPage":{"@id":"https:\/\/akunq.net\/tr\/?p=64035"},"wordCount":284,"commentCount":0,"image":{"@id":"https:\/\/akunq.net\/tr\/?p=64035#primaryimage"},"thumbnailUrl":"https:\/\/akunq.net\/tr\/wp-content\/uploads\/sites\/6\/2021\/08\/konya-katliam.jpg","articleSection":["Haberler"],"inLanguage":"en-US","potentialAction":[{"@type":"CommentAction","name":"Comment","target":["https:\/\/akunq.net\/tr\/?p=64035#respond"]}]},{"@type":"WebPage","@id":"https:\/\/akunq.net\/tr\/?p=64035","url":"https:\/\/akunq.net\/tr\/?p=64035","name":"TBMM \u0130nsan Haklar\u0131 Komisyonu Konya ziyaretini iptal etti - Bati Ermenistan Ve Bati Ermenileri Sorunlari Ara\u015ftirmalar Merkezi","isPartOf":{"@id":"https:\/\/akunq.net\/tr\/#website"},"primaryImageOfPage":{"@id":"https:\/\/akunq.net\/tr\/?p=64035#primaryimage"},"image":{"@id":"https:\/\/akunq.net\/tr\/?p=64035#primaryimage"},"thumbnailUrl":"https:\/\/akunq.net\/tr\/wp-content\/uploads\/sites\/6\/2021\/08\/konya-katliam.jpg","datePublished":"2021-08-02T07:29:27+00:00","author":{"@id":"https:\/\/akunq.net\/tr\/#\/schema\/person\/096f1d38a12cce57fb855b485ed24c9e"},"breadcrumb":{"@id":"https:\/\/akunq.net\/tr\/?p=64035#breadcrumb"},"inLanguage":"en-US","potentialAction":[{"@type":"ReadAction","target":["https:\/\/akunq.net\/tr\/?p=64035"]}]},{"@type":"ImageObject","inLanguage":"en-US","@id":"https:\/\/akunq.net\/tr\/?p=64035#primaryimage","url":"https:\/\/akunq.net\/tr\/wp-content\/uploads\/sites\/6\/2021\/08\/konya-katliam.jpg","contentUrl":"https:\/\/akunq.net\/tr\/wp-content\/uploads\/sites\/6\/2021\/08\/konya-katliam.jpg","width":731,"height":410},{"@type":"BreadcrumbList","@id":"https:\/\/akunq.net\/tr\/?p=64035#breadcrumb","itemListElement":[{"@type":"ListItem","position":1,"name":"Home","item":"https:\/\/akunq.net\/tr"},{"@type":"ListItem","position":2,"name":"TBMM \u0130nsan Haklar\u0131 Komisyonu Konya ziyaretini iptal etti"}]},{"@type":"WebSite","@id":"https:\/\/akunq.net\/tr\/#website","url":"https:\/\/akunq.net\/tr\/","name":"Bati Ermenistan Ve Bati Ermenileri Sorunlari Ara\u015ftirmalar Merkezi","description":"","potentialAction":[{"@type":"SearchAction","target":{"@type":"EntryPoint","urlTemplate":"https:\/\/akunq.net\/tr\/?s={search_term_string}"},"query-input":{"@type":"PropertyValueSpecification","valueRequired":true,"valueName":"search_term_string"}}],"inLanguage":"en-US"},{"@type":"Person","@id":"https:\/\/akunq.net\/tr\/#\/schema\/person\/096f1d38a12cce57fb855b485ed24c9e","name":"admin","url":"https:\/\/akunq.net\/tr\/?author=7"}]}},"_links":{"self":[{"href":"https:\/\/akunq.net\/tr\/index.php?rest_route=\/wp\/v2\/posts\/64035","targetHints":{"allow":["GET"]}}],"collection":[{"href":"https:\/\/akunq.net\/tr\/index.php?rest_route=\/wp\/v2\/posts"}],"about":[{"href":"https:\/\/akunq.net\/tr\/index.php?rest_route=\/wp\/v2\/types\/post"}],"author":[{"embeddable":true,"href":"https:\/\/akunq.net\/tr\/index.php?rest_route=\/wp\/v2\/users\/7"}],"replies":[{"embeddable":true,"href":"https:\/\/akunq.net\/tr\/index.php?rest_route=%2Fwp%2Fv2%2Fcomments&post=64035"}],"version-history":[{"count":1,"href":"https:\/\/akunq.net\/tr\/index.php?rest_route=\/wp\/v2\/posts\/64035\/revisions"}],"predecessor-version":[{"id":64037,"href":"https:\/\/akunq.net\/tr\/index.php?rest_route=\/wp\/v2\/posts\/64035\/revisions\/64037"}],"wp:featuredmedia":[{"embeddable":true,"href":"https:\/\/akunq.net\/tr\/index.php?rest_route=\/wp\/v2\/media\/64036"}],"wp:attachment":[{"href":"https:\/\/akunq.net\/tr\/index.php?rest_route=%2Fwp%2Fv2%2Fmedia&parent=64035"}],"wp:term":[{"taxonomy":"category","embeddable":true,"href":"https:\/\/akunq.net\/tr\/index.php?rest_route=%2Fwp%2Fv2%2Fcategories&post=64035"},{"taxonomy":"post_tag","embeddable":true,"href":"https:\/\/akunq.net\/tr\/index.php?rest_route=%2Fwp%2Fv2%2Ftags&post=64035"}],"curies":[{"name":"wp","href":"https:\/\/api.w.org\/{rel}","templated":true}]}}