{"id":64032,"date":"2021-08-02T02:21:13","date_gmt":"2021-08-02T07:21:13","guid":{"rendered":"https:\/\/akunq.net\/tr\/?p=64032"},"modified":"2021-08-02T02:21:13","modified_gmt":"2021-08-02T07:21:13","slug":"frigyanin-kalbi-ayazini-koyundeki-tarihi-eserlerin-uzerine-yazilan-yazilar-siliniyor","status":"publish","type":"post","link":"https:\/\/akunq.net\/tr\/?p=64032","title":{"rendered":"Frigya\u2019n\u0131n kalbi Ayazini k\u00f6y\u00fcndeki tarihi eserlerin \u00fczerine yaz\u0131lan yaz\u0131lar siliniyor"},"content":{"rendered":"<p><img loading=\"lazy\" decoding=\"async\" class=\"aligncenter size-medium wp-image-64033\" src=\"https:\/\/akunq.net\/tr\/wp-content\/uploads\/2021\/08\/Ayazini-360x203.jpg\" alt=\"\" width=\"360\" height=\"203\" srcset=\"https:\/\/akunq.net\/tr\/wp-content\/uploads\/sites\/6\/2021\/08\/Ayazini-360x203.jpg 360w, https:\/\/akunq.net\/tr\/wp-content\/uploads\/sites\/6\/2021\/08\/Ayazini-768x432.jpg 768w, https:\/\/akunq.net\/tr\/wp-content\/uploads\/sites\/6\/2021\/08\/Ayazini-560x315.jpg 560w, https:\/\/akunq.net\/tr\/wp-content\/uploads\/sites\/6\/2021\/08\/Ayazini-260x146.jpg 260w, https:\/\/akunq.net\/tr\/wp-content\/uploads\/sites\/6\/2021\/08\/Ayazini-160x90.jpg 160w, https:\/\/akunq.net\/tr\/wp-content\/uploads\/sites\/6\/2021\/08\/Ayazini.jpg 864w\" sizes=\"auto, (max-width: 360px) 100vw, 360px\" \/><\/p>\n<p><strong><em>Frigya\u2019n\u0131n kalbi olarak nitelendirilen Afyonkarahisar\u2019\u0131n \u0130hsaniye il\u00e7esine ba\u011fl\u0131 Ayazini k\u00f6y\u00fcnde yer alan 3 bin y\u0131ll\u0131k yerle\u015fim yerleri, oyma kaya mezarlar\u0131, kiliseler ve \u015fapellere yaz\u0131lan yaz\u0131lar temizleniyor.<\/em><\/strong><\/p>\n<p><strong>Arif Yavuz<\/strong><br \/>\n<em>Afyonkarahisar<\/em><\/p>\n<p>Frig Vadisi\u2019nin \u00e7e\u015fitli noktalar\u0131ndaki tarihi mekanlarda, zaman i\u00e7erisinde sprey boyalarla bilin\u00e7sizce g\u00f6rsel kirlilik olu\u015fturulmas\u0131, b\u00f6lgeye gelen yerli ve yabanc\u0131 turistlerin tepkisini \u00e7ekiyor.<\/p>\n<p>Frigya\u2019da son d\u00f6nemlerde yap\u0131lan yat\u0131r\u0131mlar sayesinde turizm potansiyelinin artmas\u0131yla birlikte tepkiler de dikkate al\u0131narak Afyonkarahisar Valili\u011fi taraf\u0131ndan, tarihi dokunun g\u00f6rsel kirlili\u011fini temizlemek i\u00e7in harekete ge\u00e7ildi.<\/p>\n<p>Vadideki tarihi yap\u0131larda 3 etap \u015feklinde ba\u015flat\u0131lan restorasyon ve konservasyon \u00e7al\u0131\u015fmalar\u0131n\u0131n ilki, \u0130scehisar ile Bolvadin il\u00e7elerinde tamamland\u0131.<\/p>\n<p>\u0130kinci etap \u00e7al\u0131\u015fmalar\u0131 ise Frigya\u2019n\u0131n \u0130hsaniye il\u00e7esindeki Ayazini k\u00f6y\u00fcndeki eski yerle\u015fim yerleri, oyma kaya mezarlar\u0131, tarihi kiliseler ve \u015fapellere verilen g\u00f6rsel kirlili\u011fin temizlenmesiyle s\u00fcr\u00fcyor.<\/p>\n<p>Afyonkarahisar Valisi G\u00f6kmen \u00c7i\u00e7ek, sosyal medya hesab\u0131ndan yapt\u0131\u011f\u0131 a\u00e7\u0131klamada, \u201cB\u00f6lgeye kurdu\u011fumuz yeni kamera sistemleriyle s\u00fcrekli kontrol edece\u011fiz. Sorumlulara gereken cezalar\u0131 verece\u011fiz. Ancak insan\u0131n i\u00e7i ac\u0131yor. Bunlar\u0131 silmek o kadar zahmetli, ayr\u0131ca maliyeti var. De\u011ferlerimizi birlikte korumal\u0131y\u0131z.\u201d ifadesini kulland\u0131.<\/p>\n<p>\u201cKumlama tekni\u011fiyle temizleniyor\u201d<br \/>\n\u0130l K\u00fclt\u00fcr ve Turizm M\u00fcd\u00fcr\u00fc Mehmet Tan\u0131r, AA muhabirine, K\u00fclt\u00fcr Varl\u0131klar\u0131 ve M\u00fczeler Genel M\u00fcd\u00fcrl\u00fc\u011f\u00fcne ba\u011fl\u0131 Restorasyon ve Konservasyon B\u00f6lge M\u00fcd\u00fcrl\u00fc\u011f\u00fcndeki uzmanlar\u0131n, tarihi yap\u0131tlar\u0131n \u00fczerindeki g\u00f6rseller i\u00e7in temizleme \u00e7al\u0131\u015fmas\u0131 yapt\u0131\u011f\u0131n\u0131 s\u00f6yledi.<\/p>\n<p>\u0130scehisar ve Bolvadin il\u00e7elerinde projenin birinci etab\u0131n\u0131n ger\u00e7ekle\u015ftirildi\u011fini dile getiren Tan\u0131r, \u015f\u00f6yle devam etti:<\/p>\n<p>\u201cBu \u00e7al\u0131\u015fmalar \u00f6ncesinde b\u00f6lgede g\u00fcvenlik kameralar\u0131 ve fotokapanlar kuruldu. Ayr\u0131ca burada bek\u00e7ilerimiz ile atl\u0131 jandarma ekibimiz de s\u00fcrekli g\u00f6rev yapacak. \u015eu anda ikinci a\u015famadaki Ayazini k\u00f6y\u00fcndeki 3 bin y\u0131ll\u0131k tarihi yap\u0131tlardaki yaz\u0131lar kumlama tekni\u011fiyle temizleniyor.\u201d<\/p>\n<p>Tan\u0131r, insanl\u0131\u011f\u0131n ortak miras\u0131 Ayazini k\u00f6y\u00fcndeki tarihi yap\u0131lara zarar verilmemesi gerekti\u011fini vurgulad\u0131.<\/p>\n<p>Toplumun bu konuda duyarl\u0131 olmas\u0131 gerekti\u011fini dile getiren Tan\u0131r, \u201cBiz buralara yaz\u0131 yazan insanlar\u0131 cezaland\u0131r\u0131yoruz. Ben tekrar gen\u00e7lerimize bunu hat\u0131rlat\u0131yorum. Gen\u00e7lerimiz, a\u015fklar\u0131n\u0131 tarihi yap\u0131lara de\u011fil, g\u00f6n\u00fcllerine yazs\u0131nlar.\u201d diye konu\u015ftu.<\/p>\n<p><em><strong>https:\/\/www.aa.com.tr\/tr\/kultur-sanat\/frigyanin-kalbi-ayazini-koyundeki-tarihi-eserlerin-uzerine-yazilan-yazilar-siliniyor\/2320025\u00a0<\/strong><\/em><\/p>\n","protected":false},"excerpt":{"rendered":"<p>Frigya\u2019n\u0131n kalbi olarak nitelendirilen Afyonkarahisar\u2019\u0131n \u0130hsaniye il\u00e7esine ba\u011fl\u0131 Ayazini k\u00f6y\u00fcnde yer alan 3 bin y\u0131ll\u0131k yerle\u015fim yerleri, oyma kaya mezarlar\u0131, kiliseler ve \u015fapellere yaz\u0131lan yaz\u0131lar temizleniyor. Arif Yavuz Afyonkarahisar Frig Vadisi\u2019nin \u00e7e\u015fitli noktalar\u0131ndaki tarihi mekanlarda, zaman i\u00e7erisinde sprey boyalarla bilin\u00e7sizce g\u00f6rsel kirlilik olu\u015fturulmas\u0131, b\u00f6lgeye gelen yerli ve yabanc\u0131 turistlerin tepkisini \u00e7ekiyor. Frigya\u2019da son d\u00f6nemlerde yap\u0131lan [&hellip;]<\/p>\n","protected":false},"author":7,"featured_media":64033,"comment_status":"open","ping_status":"open","sticky":false,"template":"","format":"standard","meta":{"footnotes":""},"categories":[1],"tags":[],"class_list":["post-64032","post","type-post","status-publish","format-standard","has-post-thumbnail","hentry","category-haberler"],"yoast_head":"<!-- This site is optimized with the Yoast SEO plugin v27.4 - https:\/\/yoast.com\/product\/yoast-seo-wordpress\/ -->\n<title>Frigya\u2019n\u0131n kalbi Ayazini k\u00f6y\u00fcndeki tarihi eserlerin \u00fczerine yaz\u0131lan yaz\u0131lar siliniyor - Bati Ermenistan Ve Bati Ermenileri Sorunlari Ara\u015ftirmalar Merkezi<\/title>\n<meta name=\"robots\" content=\"index, follow, max-snippet:-1, max-image-preview:large, max-video-preview:-1\" \/>\n<link rel=\"canonical\" href=\"https:\/\/akunq.net\/tr\/?p=64032\" \/>\n<meta property=\"og:locale\" content=\"en_US\" \/>\n<meta property=\"og:type\" content=\"article\" \/>\n<meta property=\"og:title\" content=\"Frigya\u2019n\u0131n kalbi Ayazini k\u00f6y\u00fcndeki tarihi eserlerin \u00fczerine yaz\u0131lan yaz\u0131lar siliniyor - Bati Ermenistan Ve Bati Ermenileri Sorunlari Ara\u015ftirmalar Merkezi\" \/>\n<meta property=\"og:description\" content=\"Frigya\u2019n\u0131n kalbi olarak nitelendirilen Afyonkarahisar\u2019\u0131n \u0130hsaniye il\u00e7esine ba\u011fl\u0131 Ayazini k\u00f6y\u00fcnde yer alan 3 bin y\u0131ll\u0131k yerle\u015fim yerleri, oyma kaya mezarlar\u0131, kiliseler ve \u015fapellere yaz\u0131lan yaz\u0131lar temizleniyor. Arif Yavuz Afyonkarahisar Frig Vadisi\u2019nin \u00e7e\u015fitli noktalar\u0131ndaki tarihi mekanlarda, zaman i\u00e7erisinde sprey boyalarla bilin\u00e7sizce g\u00f6rsel kirlilik olu\u015fturulmas\u0131, b\u00f6lgeye gelen yerli ve yabanc\u0131 turistlerin tepkisini \u00e7ekiyor. Frigya\u2019da son d\u00f6nemlerde yap\u0131lan [&hellip;]\" \/>\n<meta property=\"og:url\" content=\"https:\/\/akunq.net\/tr\/?p=64032\" \/>\n<meta property=\"og:site_name\" content=\"Bati Ermenistan Ve Bati Ermenileri Sorunlari Ara\u015ftirmalar Merkezi\" \/>\n<meta property=\"article:published_time\" content=\"2021-08-02T07:21:13+00:00\" \/>\n<meta property=\"og:image\" content=\"https:\/\/akunq.net\/tr\/wp-content\/uploads\/sites\/6\/2021\/08\/Ayazini.jpg\" \/>\n\t<meta property=\"og:image:width\" content=\"864\" \/>\n\t<meta property=\"og:image:height\" content=\"486\" \/>\n\t<meta property=\"og:image:type\" content=\"image\/jpeg\" \/>\n<meta name=\"author\" content=\"admin\" \/>\n<meta name=\"twitter:card\" content=\"summary_large_image\" \/>\n<meta name=\"twitter:label1\" content=\"Written by\" \/>\n\t<meta name=\"twitter:data1\" content=\"admin\" \/>\n\t<meta name=\"twitter:label2\" content=\"Est. reading time\" \/>\n\t<meta name=\"twitter:data2\" content=\"2 minutes\" \/>\n<script type=\"application\/ld+json\" class=\"yoast-schema-graph\">{\"@context\":\"https:\\\/\\\/schema.org\",\"@graph\":[{\"@type\":\"Article\",\"@id\":\"https:\\\/\\\/akunq.net\\\/tr\\\/?p=64032#article\",\"isPartOf\":{\"@id\":\"https:\\\/\\\/akunq.net\\\/tr\\\/?p=64032\"},\"author\":{\"name\":\"admin\",\"@id\":\"https:\\\/\\\/akunq.net\\\/tr\\\/#\\\/schema\\\/person\\\/096f1d38a12cce57fb855b485ed24c9e\"},\"headline\":\"Frigya\u2019n\u0131n kalbi Ayazini k\u00f6y\u00fcndeki tarihi eserlerin \u00fczerine yaz\u0131lan yaz\u0131lar siliniyor\",\"datePublished\":\"2021-08-02T07:21:13+00:00\",\"mainEntityOfPage\":{\"@id\":\"https:\\\/\\\/akunq.net\\\/tr\\\/?p=64032\"},\"wordCount\":437,\"commentCount\":0,\"image\":{\"@id\":\"https:\\\/\\\/akunq.net\\\/tr\\\/?p=64032#primaryimage\"},\"thumbnailUrl\":\"https:\\\/\\\/akunq.net\\\/tr\\\/wp-content\\\/uploads\\\/sites\\\/6\\\/2021\\\/08\\\/Ayazini.jpg\",\"articleSection\":[\"Haberler\"],\"inLanguage\":\"en-US\",\"potentialAction\":[{\"@type\":\"CommentAction\",\"name\":\"Comment\",\"target\":[\"https:\\\/\\\/akunq.net\\\/tr\\\/?p=64032#respond\"]}]},{\"@type\":\"WebPage\",\"@id\":\"https:\\\/\\\/akunq.net\\\/tr\\\/?p=64032\",\"url\":\"https:\\\/\\\/akunq.net\\\/tr\\\/?p=64032\",\"name\":\"Frigya\u2019n\u0131n kalbi Ayazini k\u00f6y\u00fcndeki tarihi eserlerin \u00fczerine yaz\u0131lan yaz\u0131lar siliniyor - Bati Ermenistan Ve Bati Ermenileri Sorunlari Ara\u015ftirmalar Merkezi\",\"isPartOf\":{\"@id\":\"https:\\\/\\\/akunq.net\\\/tr\\\/#website\"},\"primaryImageOfPage\":{\"@id\":\"https:\\\/\\\/akunq.net\\\/tr\\\/?p=64032#primaryimage\"},\"image\":{\"@id\":\"https:\\\/\\\/akunq.net\\\/tr\\\/?p=64032#primaryimage\"},\"thumbnailUrl\":\"https:\\\/\\\/akunq.net\\\/tr\\\/wp-content\\\/uploads\\\/sites\\\/6\\\/2021\\\/08\\\/Ayazini.jpg\",\"datePublished\":\"2021-08-02T07:21:13+00:00\",\"author\":{\"@id\":\"https:\\\/\\\/akunq.net\\\/tr\\\/#\\\/schema\\\/person\\\/096f1d38a12cce57fb855b485ed24c9e\"},\"breadcrumb\":{\"@id\":\"https:\\\/\\\/akunq.net\\\/tr\\\/?p=64032#breadcrumb\"},\"inLanguage\":\"en-US\",\"potentialAction\":[{\"@type\":\"ReadAction\",\"target\":[\"https:\\\/\\\/akunq.net\\\/tr\\\/?p=64032\"]}]},{\"@type\":\"ImageObject\",\"inLanguage\":\"en-US\",\"@id\":\"https:\\\/\\\/akunq.net\\\/tr\\\/?p=64032#primaryimage\",\"url\":\"https:\\\/\\\/akunq.net\\\/tr\\\/wp-content\\\/uploads\\\/sites\\\/6\\\/2021\\\/08\\\/Ayazini.jpg\",\"contentUrl\":\"https:\\\/\\\/akunq.net\\\/tr\\\/wp-content\\\/uploads\\\/sites\\\/6\\\/2021\\\/08\\\/Ayazini.jpg\",\"width\":864,\"height\":486},{\"@type\":\"BreadcrumbList\",\"@id\":\"https:\\\/\\\/akunq.net\\\/tr\\\/?p=64032#breadcrumb\",\"itemListElement\":[{\"@type\":\"ListItem\",\"position\":1,\"name\":\"Home\",\"item\":\"https:\\\/\\\/akunq.net\\\/tr\"},{\"@type\":\"ListItem\",\"position\":2,\"name\":\"Frigya\u2019n\u0131n kalbi Ayazini k\u00f6y\u00fcndeki tarihi eserlerin \u00fczerine yaz\u0131lan yaz\u0131lar siliniyor\"}]},{\"@type\":\"WebSite\",\"@id\":\"https:\\\/\\\/akunq.net\\\/tr\\\/#website\",\"url\":\"https:\\\/\\\/akunq.net\\\/tr\\\/\",\"name\":\"Bati Ermenistan Ve Bati Ermenileri Sorunlari Ara\u015ftirmalar Merkezi\",\"description\":\"\",\"potentialAction\":[{\"@type\":\"SearchAction\",\"target\":{\"@type\":\"EntryPoint\",\"urlTemplate\":\"https:\\\/\\\/akunq.net\\\/tr\\\/?s={search_term_string}\"},\"query-input\":{\"@type\":\"PropertyValueSpecification\",\"valueRequired\":true,\"valueName\":\"search_term_string\"}}],\"inLanguage\":\"en-US\"},{\"@type\":\"Person\",\"@id\":\"https:\\\/\\\/akunq.net\\\/tr\\\/#\\\/schema\\\/person\\\/096f1d38a12cce57fb855b485ed24c9e\",\"name\":\"admin\",\"url\":\"https:\\\/\\\/akunq.net\\\/tr\\\/?author=7\"}]}<\/script>\n<!-- \/ Yoast SEO plugin. -->","yoast_head_json":{"title":"Frigya\u2019n\u0131n kalbi Ayazini k\u00f6y\u00fcndeki tarihi eserlerin \u00fczerine yaz\u0131lan yaz\u0131lar siliniyor - Bati Ermenistan Ve Bati Ermenileri Sorunlari Ara\u015ftirmalar Merkezi","robots":{"index":"index","follow":"follow","max-snippet":"max-snippet:-1","max-image-preview":"max-image-preview:large","max-video-preview":"max-video-preview:-1"},"canonical":"https:\/\/akunq.net\/tr\/?p=64032","og_locale":"en_US","og_type":"article","og_title":"Frigya\u2019n\u0131n kalbi Ayazini k\u00f6y\u00fcndeki tarihi eserlerin \u00fczerine yaz\u0131lan yaz\u0131lar siliniyor - Bati Ermenistan Ve Bati Ermenileri Sorunlari Ara\u015ftirmalar Merkezi","og_description":"Frigya\u2019n\u0131n kalbi olarak nitelendirilen Afyonkarahisar\u2019\u0131n \u0130hsaniye il\u00e7esine ba\u011fl\u0131 Ayazini k\u00f6y\u00fcnde yer alan 3 bin y\u0131ll\u0131k yerle\u015fim yerleri, oyma kaya mezarlar\u0131, kiliseler ve \u015fapellere yaz\u0131lan yaz\u0131lar temizleniyor. Arif Yavuz Afyonkarahisar Frig Vadisi\u2019nin \u00e7e\u015fitli noktalar\u0131ndaki tarihi mekanlarda, zaman i\u00e7erisinde sprey boyalarla bilin\u00e7sizce g\u00f6rsel kirlilik olu\u015fturulmas\u0131, b\u00f6lgeye gelen yerli ve yabanc\u0131 turistlerin tepkisini \u00e7ekiyor. Frigya\u2019da son d\u00f6nemlerde yap\u0131lan [&hellip;]","og_url":"https:\/\/akunq.net\/tr\/?p=64032","og_site_name":"Bati Ermenistan Ve Bati Ermenileri Sorunlari Ara\u015ftirmalar Merkezi","article_published_time":"2021-08-02T07:21:13+00:00","og_image":[{"width":864,"height":486,"url":"https:\/\/akunq.net\/tr\/wp-content\/uploads\/sites\/6\/2021\/08\/Ayazini.jpg","type":"image\/jpeg"}],"author":"admin","twitter_card":"summary_large_image","twitter_misc":{"Written by":"admin","Est. reading time":"2 minutes"},"schema":{"@context":"https:\/\/schema.org","@graph":[{"@type":"Article","@id":"https:\/\/akunq.net\/tr\/?p=64032#article","isPartOf":{"@id":"https:\/\/akunq.net\/tr\/?p=64032"},"author":{"name":"admin","@id":"https:\/\/akunq.net\/tr\/#\/schema\/person\/096f1d38a12cce57fb855b485ed24c9e"},"headline":"Frigya\u2019n\u0131n kalbi Ayazini k\u00f6y\u00fcndeki tarihi eserlerin \u00fczerine yaz\u0131lan yaz\u0131lar siliniyor","datePublished":"2021-08-02T07:21:13+00:00","mainEntityOfPage":{"@id":"https:\/\/akunq.net\/tr\/?p=64032"},"wordCount":437,"commentCount":0,"image":{"@id":"https:\/\/akunq.net\/tr\/?p=64032#primaryimage"},"thumbnailUrl":"https:\/\/akunq.net\/tr\/wp-content\/uploads\/sites\/6\/2021\/08\/Ayazini.jpg","articleSection":["Haberler"],"inLanguage":"en-US","potentialAction":[{"@type":"CommentAction","name":"Comment","target":["https:\/\/akunq.net\/tr\/?p=64032#respond"]}]},{"@type":"WebPage","@id":"https:\/\/akunq.net\/tr\/?p=64032","url":"https:\/\/akunq.net\/tr\/?p=64032","name":"Frigya\u2019n\u0131n kalbi Ayazini k\u00f6y\u00fcndeki tarihi eserlerin \u00fczerine yaz\u0131lan yaz\u0131lar siliniyor - Bati Ermenistan Ve Bati Ermenileri Sorunlari Ara\u015ftirmalar Merkezi","isPartOf":{"@id":"https:\/\/akunq.net\/tr\/#website"},"primaryImageOfPage":{"@id":"https:\/\/akunq.net\/tr\/?p=64032#primaryimage"},"image":{"@id":"https:\/\/akunq.net\/tr\/?p=64032#primaryimage"},"thumbnailUrl":"https:\/\/akunq.net\/tr\/wp-content\/uploads\/sites\/6\/2021\/08\/Ayazini.jpg","datePublished":"2021-08-02T07:21:13+00:00","author":{"@id":"https:\/\/akunq.net\/tr\/#\/schema\/person\/096f1d38a12cce57fb855b485ed24c9e"},"breadcrumb":{"@id":"https:\/\/akunq.net\/tr\/?p=64032#breadcrumb"},"inLanguage":"en-US","potentialAction":[{"@type":"ReadAction","target":["https:\/\/akunq.net\/tr\/?p=64032"]}]},{"@type":"ImageObject","inLanguage":"en-US","@id":"https:\/\/akunq.net\/tr\/?p=64032#primaryimage","url":"https:\/\/akunq.net\/tr\/wp-content\/uploads\/sites\/6\/2021\/08\/Ayazini.jpg","contentUrl":"https:\/\/akunq.net\/tr\/wp-content\/uploads\/sites\/6\/2021\/08\/Ayazini.jpg","width":864,"height":486},{"@type":"BreadcrumbList","@id":"https:\/\/akunq.net\/tr\/?p=64032#breadcrumb","itemListElement":[{"@type":"ListItem","position":1,"name":"Home","item":"https:\/\/akunq.net\/tr"},{"@type":"ListItem","position":2,"name":"Frigya\u2019n\u0131n kalbi Ayazini k\u00f6y\u00fcndeki tarihi eserlerin \u00fczerine yaz\u0131lan yaz\u0131lar siliniyor"}]},{"@type":"WebSite","@id":"https:\/\/akunq.net\/tr\/#website","url":"https:\/\/akunq.net\/tr\/","name":"Bati Ermenistan Ve Bati Ermenileri Sorunlari Ara\u015ftirmalar Merkezi","description":"","potentialAction":[{"@type":"SearchAction","target":{"@type":"EntryPoint","urlTemplate":"https:\/\/akunq.net\/tr\/?s={search_term_string}"},"query-input":{"@type":"PropertyValueSpecification","valueRequired":true,"valueName":"search_term_string"}}],"inLanguage":"en-US"},{"@type":"Person","@id":"https:\/\/akunq.net\/tr\/#\/schema\/person\/096f1d38a12cce57fb855b485ed24c9e","name":"admin","url":"https:\/\/akunq.net\/tr\/?author=7"}]}},"_links":{"self":[{"href":"https:\/\/akunq.net\/tr\/index.php?rest_route=\/wp\/v2\/posts\/64032","targetHints":{"allow":["GET"]}}],"collection":[{"href":"https:\/\/akunq.net\/tr\/index.php?rest_route=\/wp\/v2\/posts"}],"about":[{"href":"https:\/\/akunq.net\/tr\/index.php?rest_route=\/wp\/v2\/types\/post"}],"author":[{"embeddable":true,"href":"https:\/\/akunq.net\/tr\/index.php?rest_route=\/wp\/v2\/users\/7"}],"replies":[{"embeddable":true,"href":"https:\/\/akunq.net\/tr\/index.php?rest_route=%2Fwp%2Fv2%2Fcomments&post=64032"}],"version-history":[{"count":1,"href":"https:\/\/akunq.net\/tr\/index.php?rest_route=\/wp\/v2\/posts\/64032\/revisions"}],"predecessor-version":[{"id":64034,"href":"https:\/\/akunq.net\/tr\/index.php?rest_route=\/wp\/v2\/posts\/64032\/revisions\/64034"}],"wp:featuredmedia":[{"embeddable":true,"href":"https:\/\/akunq.net\/tr\/index.php?rest_route=\/wp\/v2\/media\/64033"}],"wp:attachment":[{"href":"https:\/\/akunq.net\/tr\/index.php?rest_route=%2Fwp%2Fv2%2Fmedia&parent=64032"}],"wp:term":[{"taxonomy":"category","embeddable":true,"href":"https:\/\/akunq.net\/tr\/index.php?rest_route=%2Fwp%2Fv2%2Fcategories&post=64032"},{"taxonomy":"post_tag","embeddable":true,"href":"https:\/\/akunq.net\/tr\/index.php?rest_route=%2Fwp%2Fv2%2Ftags&post=64032"}],"curies":[{"name":"wp","href":"https:\/\/api.w.org\/{rel}","templated":true}]}}