{"id":64029,"date":"2021-08-02T02:04:26","date_gmt":"2021-08-02T07:04:26","guid":{"rendered":"https:\/\/akunq.net\/tr\/?p=64029"},"modified":"2021-08-02T02:04:26","modified_gmt":"2021-08-02T07:04:26","slug":"konyada-kurt-aileye-saldiri-ile-ilgili-yeni-gelisme","status":"publish","type":"post","link":"https:\/\/akunq.net\/tr\/?p=64029","title":{"rendered":"Konya\u2019da K\u00fcrt aileye sald\u0131r\u0131 ile ilgili yeni geli\u015fme!"},"content":{"rendered":"<p><img loading=\"lazy\" decoding=\"async\" class=\"aligncenter size-medium wp-image-64030\" src=\"https:\/\/akunq.net\/tr\/wp-content\/uploads\/2021\/08\/Konya\u2019da-K\u00fcrt-aileye-sald\u0131r\u0131-360x226.jpg\" alt=\"\" width=\"360\" height=\"226\" srcset=\"https:\/\/akunq.net\/tr\/wp-content\/uploads\/sites\/6\/2021\/08\/Konya\u2019da-K\u00fcrt-aileye-sald\u0131r\u0131-360x226.jpg 360w, https:\/\/akunq.net\/tr\/wp-content\/uploads\/sites\/6\/2021\/08\/Konya\u2019da-K\u00fcrt-aileye-sald\u0131r\u0131-560x351.jpg 560w, https:\/\/akunq.net\/tr\/wp-content\/uploads\/sites\/6\/2021\/08\/Konya\u2019da-K\u00fcrt-aileye-sald\u0131r\u0131-260x163.jpg 260w, https:\/\/akunq.net\/tr\/wp-content\/uploads\/sites\/6\/2021\/08\/Konya\u2019da-K\u00fcrt-aileye-sald\u0131r\u0131-160x100.jpg 160w, https:\/\/akunq.net\/tr\/wp-content\/uploads\/sites\/6\/2021\/08\/Konya\u2019da-K\u00fcrt-aileye-sald\u0131r\u0131.jpg 752w\" sizes=\"auto, (max-width: 360px) 100vw, 360px\" \/><\/p>\n<p><em><strong>Konya&#8217;da ayn\u0131 aileden 7 ki\u015finin \u00f6ld\u00fcr\u00fcld\u00fc\u011f\u00fc katliamla ilgili g\u00f6zalt\u0131na al\u0131nanlar\u0131n say\u0131s\u0131 14&#8217;e y\u00fckseldi. Evi ate\u015fe vererek ka\u00e7an Mehmet Altun&#8217;un yakalanmas\u0131 i\u00e7in \u00e7al\u0131\u015fmalar s\u00fcrd\u00fcr\u00fcl\u00fcyor.<\/strong><\/em><\/p>\n<p>Konya\u2019n\u0131n Meram il\u00e7esinde ge\u00e7en cuma g\u00fcn\u00fc saat 19.00 s\u0131ralar\u0131nda,Ya\u015far Dedeo\u011fullar\u0131&#8217;n\u0131n (65) evine gelen ve daha \u00f6nce kendilerine \u0131rk\u00e7\u0131 sald\u0131r\u0131da bulunan kom\u015fusu L\u00fctfi Kele\u015f&#8217;in kay\u0131nbiraderi Mehmet Altun, bah\u00e7ede aile fertleriyle bir s\u00fcre konu\u015ftuktan sonra po\u015fetten \u00e7\u0131kard\u0131\u011f\u0131 tabancayla ate\u015f etti.<\/p>\n<p>Sald\u0131r\u0131da Ya\u015far Dedeo\u011fullar\u0131, e\u015fi \u0130pek Dedeo\u011fullar\u0131 (62), \u00e7ocuklar\u0131 Serap Dedeo\u011fullar\u0131 (36), Serpil Dedeo\u011fullar\u0131 (32), Sibel Dedeo\u011fullar\u0131 (30), Metin Dedeo\u011fullar\u0131 (45) ve Bar\u0131\u015f Dedeo\u011fullar\u0131 (35) ya\u015fam\u0131n\u0131 yitirdi.<\/p>\n<p><strong>Yaral\u0131 aile \u00fcyelerini tek tek \u00f6ld\u00fcrm\u00fc\u015f<\/strong><\/p>\n<p>Sald\u0131r\u0131n\u0131n ard\u0131ndan polis ve savc\u0131l\u0131k taraf\u0131ndan evdeki g\u00fcvenlik kameras\u0131 g\u00f6r\u00fcnt\u00fcleri incelendi. G\u00f6r\u00fcnt\u00fclerde Mehmet Altun&#8217;un yerde yatan yaral\u0131lara tekrar ate\u015f a\u00e7t\u0131\u011f\u0131 ve sald\u0131r\u0131n\u0131n ard\u0131ndan da arac\u0131ndan ald\u0131\u011f\u0131 bidonla evin birka\u00e7 noktas\u0131n\u0131 ate\u015fe vermek istedi\u011fi saptand\u0131.<\/p>\n<p>Sald\u0131r\u0131dan sonra hayat\u0131n\u0131 kaybeden aile \u00fcyeleri Konya Sara\u00e7o\u011flu Mahallesi\u2019ndeki mezarl\u0131kta yan yana topra\u011fa verildi.<\/p>\n<p><strong>G\u00f6zalt\u0131na al\u0131nanlar\u0131n say\u0131s\u0131 14 oldu<\/strong><\/p>\n<p>Sald\u0131r\u0131n\u0131n ard\u0131ndan Cumhuriyet Ba\u015fsavc\u0131l\u0131\u011f\u0131 taraf\u0131ndan soru\u015fturma ba\u015flat\u0131ld\u0131.<\/p>\n<p>Cumhuriyet Ba\u015fsavc\u0131s\u0131 vekili ve 3 savc\u0131n\u0131n g\u00f6revlendirildi\u011fi soru\u015fturma kapsam\u0131nda Meltem Altun&#8217;un ablas\u0131 olan Dedeo\u011fullar\u0131&#8217;n\u0131n yan kom\u015fusu Ay\u015fe Kele\u015f&#8217;in de aralar\u0131nda bulundu\u011fu 14 ki\u015fi g\u00f6zalt\u0131na al\u0131nd\u0131.<\/p>\n<p>Ka\u00e7an Mehmet Altun&#8217;un da yakalanmas\u0131 i\u00e7in arama \u00e7al\u0131\u015fmalar\u0131 devam ediyor.<\/p>\n<p><strong>Daha \u00f6nce de sald\u0131r\u0131ya u\u011fram\u0131\u015ft\u0131<\/strong><\/p>\n<p>30 y\u0131l \u00f6nce Kars\u2019tan Konya\u2019ya g\u00f6\u00e7 eden Dedeo\u011fullar\u0131 ailesi, 12 May\u0131s g\u00fcn\u00fc \u00e7o\u011fu kom\u015fular\u0131 taraf\u0131ndan toplanan 60 ki\u015filik bir grubun sald\u0131r\u0131s\u0131na u\u011fram\u0131\u015f, sald\u0131r\u0131da t\u00fcm aile fertleri a\u011f\u0131r yaralanm\u0131\u015ft\u0131.<\/p>\n<p>Sald\u0131r\u0131dan sonra ba\u015flat\u0131lan soru\u015fturmada olaya kar\u0131\u015fanlar\u0131 alt\u0131s\u0131 tutuklanm\u0131\u015f, aile hakk\u0131nda koruma karar\u0131 al\u0131nm\u0131\u015ft\u0131. Ancak sald\u0131rganlar daha sonra tahliye edilmi\u015flerdi.<\/p>\n<p>Sald\u0131r\u0131dan sonra 12 Temmuz\u2019da Rudaw\u2019a konu\u015fan baba Ya\u015far Dedeo\u011flu \u201cSald\u0131r\u0131rken biz \u00fclk\u00fcc\u00fcy\u00fcz sizi buradan s\u00fcrece\u011fiz, sizi burada ya\u015fatmayaca\u011f\u0131zd\u0131\u201d demi\u015fti. Dedeo\u011flu, sald\u0131r\u0131 g\u00fcn\u00fc giydikleri kanl\u0131 elbiseleri saklad\u0131klar\u0131n\u0131, mahkemeye bu elbiselerle gelip haklar\u0131n\u0131 isteyeceklerini belirtmi\u015fti.<\/p>\n<p>\u00d6ld\u00fcr\u00fclen Ya\u015far Dedeo\u011fullar\u0131&#8217;n\u0131n \u0130ngiltere&#8217;de ya\u015fayan ve bayram tatili i\u00e7in Konya&#8217;ya gelen o\u011flu \u00c7etin Dedeo\u011fullar\u0131&#8217;n\u0131n olay g\u00fcn\u00fc saat 16.00 s\u0131ralar\u0131nda evden ayr\u0131ld\u0131\u011f\u0131 ve Ankara&#8217;dan \u0130ngiltere&#8217;ye gitmek i\u00e7in bindi\u011fi u\u00e7akta sald\u0131r\u0131y\u0131 \u00f6\u011frendi\u011fi ortaya \u00e7\u0131kt\u0131.<\/p>\n<p><strong>Avukat Karabulut: Bu sald\u0131r\u0131n\u0131n gelece\u011fi belliydi<\/strong><\/p>\n<p>Ailenin avukat\u0131 Abdurrahman Karabulut, katliam\u0131n planl\u0131 oldu\u011funa dikkat \u00e7ekerek, 12 May\u0131s g\u00fcn\u00fc ya\u015fanan sald\u0131r\u0131n\u0131n ard\u0131ndan yeterli tedbirlerin al\u0131nmad\u0131\u011f\u0131n\u0131 ifade etti.<\/p>\n<p>Karabulut, \u201cSald\u0131rganlar tahliye edildi\u011fi i\u00e7in aile tedirgindi, yeni bir sald\u0131r\u0131 olabilece\u011fini bize s\u00f6yl\u00fcyorlard\u0131. Biz, bununla ilgili \u00f6nlem al\u0131nmas\u0131n\u0131 s\u00fcrekli talep ediyorduk. \u0130lk sald\u0131r\u0131dan sonra cezas\u0131zl\u0131k politikas\u0131 ve herhangi bir \u00f6nlem al\u0131nmamas\u0131 nedeniyle yeni bir sald\u0131r\u0131 olaca\u011f\u0131n\u0131 d\u00fc\u015f\u00fcn\u00fcyorduk. Daha ge\u00e7en haftalarda Konya&#8217;da Diyarbak\u0131rl\u0131 bir aileye sald\u0131r\u0131 oldu, bir ki\u015fi \u00f6ld\u00fcr\u00fcld\u00fc. Yaln\u0131zca bir ki\u015fi tutukland\u0131. Biz uyar\u0131lar\u0131m\u0131z\u0131 yapmaya devam ederken d\u00fcnk\u00fc olay ya\u015fand\u0131. Daha \u00f6nceki sald\u0131r\u0131da yaralanan m\u00fcvekkillerimin hepsi katledildi\u201d dedi.<\/p>\n<p>Yetkililerin &#8220;olay \u0131rk\u00e7\u0131 sald\u0131r\u0131 de\u011fil&#8221; a\u00e7\u0131klamas\u0131na tepki g\u00f6steren Karabulut, \u015fu ifadeleri kulland\u0131:<\/p>\n<p>&#8220;Biz \u015f\u00fcphe g\u00f6t\u00fcrmez bir \u015fekilde bu sald\u0131r\u0131n\u0131n \u0131rk\u00e7\u0131 saikle ger\u00e7ekle\u015ftirildi\u011fini d\u00fc\u015f\u00fcn\u00fcyoruz. M\u00fcvekkillerimin 12 May\u0131s&#8217;taki sald\u0131r\u0131yla ilgili ifadelerde buna y\u00f6nelik beyanlar\u0131 vard\u0131r. Sald\u0131r\u0131ya u\u011frayan m\u00fcvekkillerimin beyanlar\u0131n\u0131 ciddiye almaks\u0131z\u0131n a\u00e7\u0131klama yapan yetkililerin \u0131rk\u00e7\u0131 bir saikle i\u015flenmedi\u011fini s\u00f6ylemesi, adeta sald\u0131rganlar\u0131n avukatl\u0131\u011f\u0131n\u0131 yapmakt\u0131r. Devlet yetkililerinin g\u00f6revi, bunun ger\u00e7ekli\u011fini ortaya \u00e7\u0131karmakt\u0131r. Bu yakla\u015f\u0131m, benzer su\u00e7lar\u0131n ortaya \u00e7\u0131kmas\u0131n\u0131 engellemez.&#8221;<\/p>\n<p><em><strong>https:\/\/www.rudaw.net\/turkish\/middleeast\/turkey\/010820215\u00a0<\/strong><\/em><\/p>\n","protected":false},"excerpt":{"rendered":"<p>Konya&#8217;da ayn\u0131 aileden 7 ki\u015finin \u00f6ld\u00fcr\u00fcld\u00fc\u011f\u00fc katliamla ilgili g\u00f6zalt\u0131na al\u0131nanlar\u0131n say\u0131s\u0131 14&#8217;e y\u00fckseldi. Evi ate\u015fe vererek ka\u00e7an Mehmet Altun&#8217;un yakalanmas\u0131 i\u00e7in \u00e7al\u0131\u015fmalar s\u00fcrd\u00fcr\u00fcl\u00fcyor. Konya\u2019n\u0131n Meram il\u00e7esinde ge\u00e7en cuma g\u00fcn\u00fc saat 19.00 s\u0131ralar\u0131nda,Ya\u015far Dedeo\u011fullar\u0131&#8217;n\u0131n (65) evine gelen ve daha \u00f6nce kendilerine \u0131rk\u00e7\u0131 sald\u0131r\u0131da bulunan kom\u015fusu L\u00fctfi Kele\u015f&#8217;in kay\u0131nbiraderi Mehmet Altun, bah\u00e7ede aile fertleriyle bir s\u00fcre konu\u015ftuktan [&hellip;]<\/p>\n","protected":false},"author":7,"featured_media":64030,"comment_status":"open","ping_status":"open","sticky":false,"template":"","format":"standard","meta":{"footnotes":""},"categories":[1,53],"tags":[],"class_list":["post-64029","post","type-post","status-publish","format-standard","has-post-thumbnail","hentry","category-haberler","category-turkiyede-azinliklar"],"yoast_head":"<!-- This site is optimized with the Yoast SEO plugin v27.4 - https:\/\/yoast.com\/product\/yoast-seo-wordpress\/ -->\n<title>Konya\u2019da K\u00fcrt aileye sald\u0131r\u0131 ile ilgili yeni geli\u015fme! - Bati Ermenistan Ve Bati Ermenileri Sorunlari Ara\u015ftirmalar Merkezi<\/title>\n<meta name=\"robots\" content=\"index, follow, max-snippet:-1, max-image-preview:large, max-video-preview:-1\" \/>\n<link rel=\"canonical\" href=\"https:\/\/akunq.net\/tr\/?p=64029\" \/>\n<meta property=\"og:locale\" content=\"en_US\" \/>\n<meta property=\"og:type\" content=\"article\" \/>\n<meta property=\"og:title\" content=\"Konya\u2019da K\u00fcrt aileye sald\u0131r\u0131 ile ilgili yeni geli\u015fme! - Bati Ermenistan Ve Bati Ermenileri Sorunlari Ara\u015ftirmalar Merkezi\" \/>\n<meta property=\"og:description\" content=\"Konya&#8217;da ayn\u0131 aileden 7 ki\u015finin \u00f6ld\u00fcr\u00fcld\u00fc\u011f\u00fc katliamla ilgili g\u00f6zalt\u0131na al\u0131nanlar\u0131n say\u0131s\u0131 14&#8217;e y\u00fckseldi. Evi ate\u015fe vererek ka\u00e7an Mehmet Altun&#8217;un yakalanmas\u0131 i\u00e7in \u00e7al\u0131\u015fmalar s\u00fcrd\u00fcr\u00fcl\u00fcyor. Konya\u2019n\u0131n Meram il\u00e7esinde ge\u00e7en cuma g\u00fcn\u00fc saat 19.00 s\u0131ralar\u0131nda,Ya\u015far Dedeo\u011fullar\u0131&#8217;n\u0131n (65) evine gelen ve daha \u00f6nce kendilerine \u0131rk\u00e7\u0131 sald\u0131r\u0131da bulunan kom\u015fusu L\u00fctfi Kele\u015f&#8217;in kay\u0131nbiraderi Mehmet Altun, bah\u00e7ede aile fertleriyle bir s\u00fcre konu\u015ftuktan [&hellip;]\" \/>\n<meta property=\"og:url\" content=\"https:\/\/akunq.net\/tr\/?p=64029\" \/>\n<meta property=\"og:site_name\" content=\"Bati Ermenistan Ve Bati Ermenileri Sorunlari Ara\u015ftirmalar Merkezi\" \/>\n<meta property=\"article:published_time\" content=\"2021-08-02T07:04:26+00:00\" \/>\n<meta property=\"og:image\" content=\"https:\/\/akunq.net\/tr\/wp-content\/uploads\/sites\/6\/2021\/08\/Konya\u2019da-K\u00fcrt-aileye-sald\u0131r\u0131.jpg\" \/>\n\t<meta property=\"og:image:width\" content=\"752\" \/>\n\t<meta property=\"og:image:height\" content=\"472\" \/>\n\t<meta property=\"og:image:type\" content=\"image\/jpeg\" \/>\n<meta name=\"author\" content=\"admin\" \/>\n<meta name=\"twitter:card\" content=\"summary_large_image\" \/>\n<meta name=\"twitter:label1\" content=\"Written by\" \/>\n\t<meta name=\"twitter:data1\" content=\"admin\" \/>\n\t<meta name=\"twitter:label2\" content=\"Est. reading time\" \/>\n\t<meta name=\"twitter:data2\" content=\"4 minutes\" \/>\n<script type=\"application\/ld+json\" class=\"yoast-schema-graph\">{\"@context\":\"https:\\\/\\\/schema.org\",\"@graph\":[{\"@type\":\"Article\",\"@id\":\"https:\\\/\\\/akunq.net\\\/tr\\\/?p=64029#article\",\"isPartOf\":{\"@id\":\"https:\\\/\\\/akunq.net\\\/tr\\\/?p=64029\"},\"author\":{\"name\":\"admin\",\"@id\":\"https:\\\/\\\/akunq.net\\\/tr\\\/#\\\/schema\\\/person\\\/096f1d38a12cce57fb855b485ed24c9e\"},\"headline\":\"Konya\u2019da K\u00fcrt aileye sald\u0131r\u0131 ile ilgili yeni geli\u015fme!\",\"datePublished\":\"2021-08-02T07:04:26+00:00\",\"mainEntityOfPage\":{\"@id\":\"https:\\\/\\\/akunq.net\\\/tr\\\/?p=64029\"},\"wordCount\":763,\"commentCount\":0,\"image\":{\"@id\":\"https:\\\/\\\/akunq.net\\\/tr\\\/?p=64029#primaryimage\"},\"thumbnailUrl\":\"https:\\\/\\\/akunq.net\\\/tr\\\/wp-content\\\/uploads\\\/sites\\\/6\\\/2021\\\/08\\\/Konya\u2019da-K\u00fcrt-aileye-sald\u0131r\u0131.jpg\",\"articleSection\":[\"Haberler\",\"T\u00fcrkiye\u2019de Az\u0131nl\u0131klar\"],\"inLanguage\":\"en-US\",\"potentialAction\":[{\"@type\":\"CommentAction\",\"name\":\"Comment\",\"target\":[\"https:\\\/\\\/akunq.net\\\/tr\\\/?p=64029#respond\"]}]},{\"@type\":\"WebPage\",\"@id\":\"https:\\\/\\\/akunq.net\\\/tr\\\/?p=64029\",\"url\":\"https:\\\/\\\/akunq.net\\\/tr\\\/?p=64029\",\"name\":\"Konya\u2019da K\u00fcrt aileye sald\u0131r\u0131 ile ilgili yeni geli\u015fme! - Bati Ermenistan Ve Bati Ermenileri Sorunlari Ara\u015ftirmalar Merkezi\",\"isPartOf\":{\"@id\":\"https:\\\/\\\/akunq.net\\\/tr\\\/#website\"},\"primaryImageOfPage\":{\"@id\":\"https:\\\/\\\/akunq.net\\\/tr\\\/?p=64029#primaryimage\"},\"image\":{\"@id\":\"https:\\\/\\\/akunq.net\\\/tr\\\/?p=64029#primaryimage\"},\"thumbnailUrl\":\"https:\\\/\\\/akunq.net\\\/tr\\\/wp-content\\\/uploads\\\/sites\\\/6\\\/2021\\\/08\\\/Konya\u2019da-K\u00fcrt-aileye-sald\u0131r\u0131.jpg\",\"datePublished\":\"2021-08-02T07:04:26+00:00\",\"author\":{\"@id\":\"https:\\\/\\\/akunq.net\\\/tr\\\/#\\\/schema\\\/person\\\/096f1d38a12cce57fb855b485ed24c9e\"},\"breadcrumb\":{\"@id\":\"https:\\\/\\\/akunq.net\\\/tr\\\/?p=64029#breadcrumb\"},\"inLanguage\":\"en-US\",\"potentialAction\":[{\"@type\":\"ReadAction\",\"target\":[\"https:\\\/\\\/akunq.net\\\/tr\\\/?p=64029\"]}]},{\"@type\":\"ImageObject\",\"inLanguage\":\"en-US\",\"@id\":\"https:\\\/\\\/akunq.net\\\/tr\\\/?p=64029#primaryimage\",\"url\":\"https:\\\/\\\/akunq.net\\\/tr\\\/wp-content\\\/uploads\\\/sites\\\/6\\\/2021\\\/08\\\/Konya\u2019da-K\u00fcrt-aileye-sald\u0131r\u0131.jpg\",\"contentUrl\":\"https:\\\/\\\/akunq.net\\\/tr\\\/wp-content\\\/uploads\\\/sites\\\/6\\\/2021\\\/08\\\/Konya\u2019da-K\u00fcrt-aileye-sald\u0131r\u0131.jpg\",\"width\":752,\"height\":472},{\"@type\":\"BreadcrumbList\",\"@id\":\"https:\\\/\\\/akunq.net\\\/tr\\\/?p=64029#breadcrumb\",\"itemListElement\":[{\"@type\":\"ListItem\",\"position\":1,\"name\":\"Home\",\"item\":\"https:\\\/\\\/akunq.net\\\/tr\"},{\"@type\":\"ListItem\",\"position\":2,\"name\":\"Konya\u2019da K\u00fcrt aileye sald\u0131r\u0131 ile ilgili yeni geli\u015fme!\"}]},{\"@type\":\"WebSite\",\"@id\":\"https:\\\/\\\/akunq.net\\\/tr\\\/#website\",\"url\":\"https:\\\/\\\/akunq.net\\\/tr\\\/\",\"name\":\"Bati Ermenistan Ve Bati Ermenileri Sorunlari Ara\u015ftirmalar Merkezi\",\"description\":\"\",\"potentialAction\":[{\"@type\":\"SearchAction\",\"target\":{\"@type\":\"EntryPoint\",\"urlTemplate\":\"https:\\\/\\\/akunq.net\\\/tr\\\/?s={search_term_string}\"},\"query-input\":{\"@type\":\"PropertyValueSpecification\",\"valueRequired\":true,\"valueName\":\"search_term_string\"}}],\"inLanguage\":\"en-US\"},{\"@type\":\"Person\",\"@id\":\"https:\\\/\\\/akunq.net\\\/tr\\\/#\\\/schema\\\/person\\\/096f1d38a12cce57fb855b485ed24c9e\",\"name\":\"admin\",\"url\":\"https:\\\/\\\/akunq.net\\\/tr\\\/?author=7\"}]}<\/script>\n<!-- \/ Yoast SEO plugin. -->","yoast_head_json":{"title":"Konya\u2019da K\u00fcrt aileye sald\u0131r\u0131 ile ilgili yeni geli\u015fme! - Bati Ermenistan Ve Bati Ermenileri Sorunlari Ara\u015ftirmalar Merkezi","robots":{"index":"index","follow":"follow","max-snippet":"max-snippet:-1","max-image-preview":"max-image-preview:large","max-video-preview":"max-video-preview:-1"},"canonical":"https:\/\/akunq.net\/tr\/?p=64029","og_locale":"en_US","og_type":"article","og_title":"Konya\u2019da K\u00fcrt aileye sald\u0131r\u0131 ile ilgili yeni geli\u015fme! - Bati Ermenistan Ve Bati Ermenileri Sorunlari Ara\u015ftirmalar Merkezi","og_description":"Konya&#8217;da ayn\u0131 aileden 7 ki\u015finin \u00f6ld\u00fcr\u00fcld\u00fc\u011f\u00fc katliamla ilgili g\u00f6zalt\u0131na al\u0131nanlar\u0131n say\u0131s\u0131 14&#8217;e y\u00fckseldi. Evi ate\u015fe vererek ka\u00e7an Mehmet Altun&#8217;un yakalanmas\u0131 i\u00e7in \u00e7al\u0131\u015fmalar s\u00fcrd\u00fcr\u00fcl\u00fcyor. Konya\u2019n\u0131n Meram il\u00e7esinde ge\u00e7en cuma g\u00fcn\u00fc saat 19.00 s\u0131ralar\u0131nda,Ya\u015far Dedeo\u011fullar\u0131&#8217;n\u0131n (65) evine gelen ve daha \u00f6nce kendilerine \u0131rk\u00e7\u0131 sald\u0131r\u0131da bulunan kom\u015fusu L\u00fctfi Kele\u015f&#8217;in kay\u0131nbiraderi Mehmet Altun, bah\u00e7ede aile fertleriyle bir s\u00fcre konu\u015ftuktan [&hellip;]","og_url":"https:\/\/akunq.net\/tr\/?p=64029","og_site_name":"Bati Ermenistan Ve Bati Ermenileri Sorunlari Ara\u015ftirmalar Merkezi","article_published_time":"2021-08-02T07:04:26+00:00","og_image":[{"width":752,"height":472,"url":"https:\/\/akunq.net\/tr\/wp-content\/uploads\/sites\/6\/2021\/08\/Konya\u2019da-K\u00fcrt-aileye-sald\u0131r\u0131.jpg","type":"image\/jpeg"}],"author":"admin","twitter_card":"summary_large_image","twitter_misc":{"Written by":"admin","Est. reading time":"4 minutes"},"schema":{"@context":"https:\/\/schema.org","@graph":[{"@type":"Article","@id":"https:\/\/akunq.net\/tr\/?p=64029#article","isPartOf":{"@id":"https:\/\/akunq.net\/tr\/?p=64029"},"author":{"name":"admin","@id":"https:\/\/akunq.net\/tr\/#\/schema\/person\/096f1d38a12cce57fb855b485ed24c9e"},"headline":"Konya\u2019da K\u00fcrt aileye sald\u0131r\u0131 ile ilgili yeni geli\u015fme!","datePublished":"2021-08-02T07:04:26+00:00","mainEntityOfPage":{"@id":"https:\/\/akunq.net\/tr\/?p=64029"},"wordCount":763,"commentCount":0,"image":{"@id":"https:\/\/akunq.net\/tr\/?p=64029#primaryimage"},"thumbnailUrl":"https:\/\/akunq.net\/tr\/wp-content\/uploads\/sites\/6\/2021\/08\/Konya\u2019da-K\u00fcrt-aileye-sald\u0131r\u0131.jpg","articleSection":["Haberler","T\u00fcrkiye\u2019de Az\u0131nl\u0131klar"],"inLanguage":"en-US","potentialAction":[{"@type":"CommentAction","name":"Comment","target":["https:\/\/akunq.net\/tr\/?p=64029#respond"]}]},{"@type":"WebPage","@id":"https:\/\/akunq.net\/tr\/?p=64029","url":"https:\/\/akunq.net\/tr\/?p=64029","name":"Konya\u2019da K\u00fcrt aileye sald\u0131r\u0131 ile ilgili yeni geli\u015fme! - Bati Ermenistan Ve Bati Ermenileri Sorunlari Ara\u015ftirmalar Merkezi","isPartOf":{"@id":"https:\/\/akunq.net\/tr\/#website"},"primaryImageOfPage":{"@id":"https:\/\/akunq.net\/tr\/?p=64029#primaryimage"},"image":{"@id":"https:\/\/akunq.net\/tr\/?p=64029#primaryimage"},"thumbnailUrl":"https:\/\/akunq.net\/tr\/wp-content\/uploads\/sites\/6\/2021\/08\/Konya\u2019da-K\u00fcrt-aileye-sald\u0131r\u0131.jpg","datePublished":"2021-08-02T07:04:26+00:00","author":{"@id":"https:\/\/akunq.net\/tr\/#\/schema\/person\/096f1d38a12cce57fb855b485ed24c9e"},"breadcrumb":{"@id":"https:\/\/akunq.net\/tr\/?p=64029#breadcrumb"},"inLanguage":"en-US","potentialAction":[{"@type":"ReadAction","target":["https:\/\/akunq.net\/tr\/?p=64029"]}]},{"@type":"ImageObject","inLanguage":"en-US","@id":"https:\/\/akunq.net\/tr\/?p=64029#primaryimage","url":"https:\/\/akunq.net\/tr\/wp-content\/uploads\/sites\/6\/2021\/08\/Konya\u2019da-K\u00fcrt-aileye-sald\u0131r\u0131.jpg","contentUrl":"https:\/\/akunq.net\/tr\/wp-content\/uploads\/sites\/6\/2021\/08\/Konya\u2019da-K\u00fcrt-aileye-sald\u0131r\u0131.jpg","width":752,"height":472},{"@type":"BreadcrumbList","@id":"https:\/\/akunq.net\/tr\/?p=64029#breadcrumb","itemListElement":[{"@type":"ListItem","position":1,"name":"Home","item":"https:\/\/akunq.net\/tr"},{"@type":"ListItem","position":2,"name":"Konya\u2019da K\u00fcrt aileye sald\u0131r\u0131 ile ilgili yeni geli\u015fme!"}]},{"@type":"WebSite","@id":"https:\/\/akunq.net\/tr\/#website","url":"https:\/\/akunq.net\/tr\/","name":"Bati Ermenistan Ve Bati Ermenileri Sorunlari Ara\u015ftirmalar Merkezi","description":"","potentialAction":[{"@type":"SearchAction","target":{"@type":"EntryPoint","urlTemplate":"https:\/\/akunq.net\/tr\/?s={search_term_string}"},"query-input":{"@type":"PropertyValueSpecification","valueRequired":true,"valueName":"search_term_string"}}],"inLanguage":"en-US"},{"@type":"Person","@id":"https:\/\/akunq.net\/tr\/#\/schema\/person\/096f1d38a12cce57fb855b485ed24c9e","name":"admin","url":"https:\/\/akunq.net\/tr\/?author=7"}]}},"_links":{"self":[{"href":"https:\/\/akunq.net\/tr\/index.php?rest_route=\/wp\/v2\/posts\/64029","targetHints":{"allow":["GET"]}}],"collection":[{"href":"https:\/\/akunq.net\/tr\/index.php?rest_route=\/wp\/v2\/posts"}],"about":[{"href":"https:\/\/akunq.net\/tr\/index.php?rest_route=\/wp\/v2\/types\/post"}],"author":[{"embeddable":true,"href":"https:\/\/akunq.net\/tr\/index.php?rest_route=\/wp\/v2\/users\/7"}],"replies":[{"embeddable":true,"href":"https:\/\/akunq.net\/tr\/index.php?rest_route=%2Fwp%2Fv2%2Fcomments&post=64029"}],"version-history":[{"count":1,"href":"https:\/\/akunq.net\/tr\/index.php?rest_route=\/wp\/v2\/posts\/64029\/revisions"}],"predecessor-version":[{"id":64031,"href":"https:\/\/akunq.net\/tr\/index.php?rest_route=\/wp\/v2\/posts\/64029\/revisions\/64031"}],"wp:featuredmedia":[{"embeddable":true,"href":"https:\/\/akunq.net\/tr\/index.php?rest_route=\/wp\/v2\/media\/64030"}],"wp:attachment":[{"href":"https:\/\/akunq.net\/tr\/index.php?rest_route=%2Fwp%2Fv2%2Fmedia&parent=64029"}],"wp:term":[{"taxonomy":"category","embeddable":true,"href":"https:\/\/akunq.net\/tr\/index.php?rest_route=%2Fwp%2Fv2%2Fcategories&post=64029"},{"taxonomy":"post_tag","embeddable":true,"href":"https:\/\/akunq.net\/tr\/index.php?rest_route=%2Fwp%2Fv2%2Ftags&post=64029"}],"curies":[{"name":"wp","href":"https:\/\/api.w.org\/{rel}","templated":true}]}}