{"id":64025,"date":"2021-07-30T05:46:06","date_gmt":"2021-07-30T10:46:06","guid":{"rendered":"https:\/\/akunq.net\/tr\/?p=64025"},"modified":"2021-07-30T05:46:06","modified_gmt":"2021-07-30T10:46:06","slug":"abd-mahkemesi-turkiyenin-itirazini-reddetti","status":"publish","type":"post","link":"https:\/\/akunq.net\/tr\/?p=64025","title":{"rendered":"ABD Mahkemesi T\u00fcrkiye&#8217;nin itiraz\u0131n\u0131 reddetti"},"content":{"rendered":"<div class=\"card-header bg-white\">\n<p><img loading=\"lazy\" decoding=\"async\" class=\"aligncenter size-medium wp-image-64026\" src=\"https:\/\/akunq.net\/tr\/wp-content\/uploads\/2021\/07\/\u0531\u0544\u0546-\u0578\u0582\u0574-\u057e\u0565\u0580\u0561\u0584\u0576\u0576\u056b\u0579-\u0564\u0561\u057f\u0561\u0580\u0561\u0576-360x213.jpg\" alt=\"\" width=\"360\" height=\"213\" srcset=\"https:\/\/akunq.net\/tr\/wp-content\/uploads\/sites\/6\/2021\/07\/\u0531\u0544\u0546-\u0578\u0582\u0574-\u057e\u0565\u0580\u0561\u0584\u0576\u0576\u056b\u0579-\u0564\u0561\u057f\u0561\u0580\u0561\u0576-360x213.jpg 360w, https:\/\/akunq.net\/tr\/wp-content\/uploads\/sites\/6\/2021\/07\/\u0531\u0544\u0546-\u0578\u0582\u0574-\u057e\u0565\u0580\u0561\u0584\u0576\u0576\u056b\u0579-\u0564\u0561\u057f\u0561\u0580\u0561\u0576-560x332.jpg 560w, https:\/\/akunq.net\/tr\/wp-content\/uploads\/sites\/6\/2021\/07\/\u0531\u0544\u0546-\u0578\u0582\u0574-\u057e\u0565\u0580\u0561\u0584\u0576\u0576\u056b\u0579-\u0564\u0561\u057f\u0561\u0580\u0561\u0576-260x154.jpg 260w, https:\/\/akunq.net\/tr\/wp-content\/uploads\/sites\/6\/2021\/07\/\u0531\u0544\u0546-\u0578\u0582\u0574-\u057e\u0565\u0580\u0561\u0584\u0576\u0576\u056b\u0579-\u0564\u0561\u057f\u0561\u0580\u0561\u0576-160x95.jpg 160w, https:\/\/akunq.net\/tr\/wp-content\/uploads\/sites\/6\/2021\/07\/\u0531\u0544\u0546-\u0578\u0582\u0574-\u057e\u0565\u0580\u0561\u0584\u0576\u0576\u056b\u0579-\u0564\u0561\u057f\u0561\u0580\u0561\u0576.jpg 760w\" sizes=\"auto, (max-width: 360px) 100vw, 360px\" \/><\/p>\n<p class=\"lead\"><em><strong>Sergilenen davran\u0131\u015f\u0131n do\u011fas\u0131, Cumhurba\u015fkan\u0131 Erdo\u011fan&#8217;\u0131 korumakla makul bir \u015fekilde ilintili de\u011fildi.&#8221;<\/strong><\/em><\/p>\n<\/div>\n<div class=\"card-body\">\n<div id=\"article-text\" class=\"mt-4\" data-text-id=\"58364\">\n<p>ABD\u00a0mahkemesi, may\u0131s 2017&#8217;deki ABD ziyareti s\u0131ras\u0131nda,\u00a0Cumhurba\u015fkan\u0131\u00a0Recep Tayyip\u00a0Erdo\u011fan&#8217;\u0131n korumalar\u0131 ile protestocular aras\u0131nda ya\u015fanan \u015fiddet olaylar\u0131na ili\u015fkin davada\u00a0T\u00fcrkiye&#8217;nin itiraz\u0131n\u0131 reddetti.<\/p>\n<p>ABD&#8217;nin ba\u015fkenti Washington DC&#8217;deki bir federal temyiz mahkemesi, Erdo\u011fan&#8217;\u0131n korumalar\u0131na a\u00e7\u0131lan davan\u0131n ma\u011fdurlar ad\u0131na ilerlemesine izin vererek, b\u00f6lge mahkemesinin ge\u00e7en y\u0131l\u0131n \u015fubat ay\u0131nda verdi\u011fi, T\u00fcrkiye&#8217;nin Y<strong class=\"klink\">ab<\/strong>anc\u0131 Egemen Dokunulmazl\u0131klar Yasas\u0131 uyar\u0131nca dokunulmazl\u0131k hakk\u0131na sahip olmad\u0131\u011f\u0131 y\u00f6n\u00fcndeki karar\u0131n\u0131 oybirli\u011fiyle onaylad\u0131.<\/p>\n<p>Mahkemenin m\u00fctalaas\u0131,\u00a0<strong>&#8220;Korumalar taraf\u0131ndan kullan\u0131lan a\u015f\u0131r\u0131 g\u00fcc\u00fcn, Cumhurba\u015fkan\u0131 Erdo\u011fan&#8217;\u0131 korumak i\u00e7in bir g\u00fcvenlik \u00f6nlemi olarak kabul edilemeyece\u011fini&#8221;<\/strong>\u00a0ifade eden Hakim\u00a0<strong>Karen Lecraft Henderson<\/strong>\u00a0taraf\u0131ndan yaz\u0131ld\u0131.<\/p>\n<p>Henderson a\u00e7\u0131klamas\u0131nda,\u00a0<strong><em>&#8220;Sergilenen davran\u0131\u015f\u0131n do\u011fas\u0131, Cumhurba\u015fkan\u0131 Erdo\u011fan&#8217;\u0131 korumakla makul bir \u015fekilde ilintili de\u011fildi&#8221;<\/em><\/strong>\u00a0ifadelerine yer verdi.<\/p>\n<p>Henderson a\u00e7\u0131klamas\u0131n\u0131n devam\u0131nda,<strong><em>\u00a0&#8220;T\u00fcrk g\u00fcvenlik biriminin eylemleri baz\u0131 durumlarda hakl\u0131 olabilir, ancak bu dava kapsam\u0131nda g\u00fcvenlikle ilgili politikalarla makul bir \u015fekilde temellendirildi\u011fi s\u00f6ylenemez ve bu nedenle iste\u011fe ba\u011fl\u0131 istisna kapsam\u0131na girmez&#8221;<\/em><\/strong>\u00a0ifadelerine yer verdi.<\/p>\n<p><strong>NE OLMU\u015eTU?<\/strong><\/p>\n<p>16 May\u0131s 2017&#8217;deki ABD ziyareti s\u0131ras\u0131nda, Cumhurba\u015fkan\u0131 Erdo\u011fan&#8217;\u0131 protesto etmek isteyen bir grup, T\u00fcrkiye&#8217;nin Washington b\u00fcy\u00fckel\u00e7ili\u011fi \u00f6n\u00fcnde toplanm\u0131\u015f, olay s\u0131ras\u0131nda orada olan h\u00fck\u00fcmet yanl\u0131s\u0131 bir grup da protestoculara m\u00fcdahale etmi\u015f ve \u00e7\u0131kan arbedeye Erdo\u011fan&#8217;\u0131n korumalar\u0131 da kar\u0131\u015fm\u0131\u015ft\u0131. Olaylarda 11 ki\u015finin yaraland\u0131\u011f\u0131 bildirilmi\u015fti.<\/p>\n<p>Olay\u0131n ard\u0131ndan ABD, T\u00fcrkiye&#8217;ye resmi \u015fikayette bulunmu\u015f ve T\u00fcrk g\u00fcvenlik g\u00f6revlilerinin kavgaya kar\u0131\u015ft\u0131klar\u0131n\u0131 do\u011frulam\u0131\u015ft\u0131.<\/p>\n<p>T\u00fcrk B\u00fcy\u00fckel\u00e7ili\u011fi yetkilileri ise protestocular\u0131n Erdo\u011fan&#8217;\u0131 desteklemeye gelenleri tahrik etti\u011fini ve grubun kendilerini savunmak i\u00e7in kar\u015f\u0131l\u0131k verdiklerini s\u00f6ylemi\u015fti.<\/p>\n<p><em><strong>https:\/\/www.meridyenhaber.com\/guncel\/abd-mahkemesi-turkiye-nin-itirazini-reddetti-h58364.html\u00a0<\/strong><\/em><\/p>\n<\/div>\n<\/div>\n","protected":false},"excerpt":{"rendered":"<p>Sergilenen davran\u0131\u015f\u0131n do\u011fas\u0131, Cumhurba\u015fkan\u0131 Erdo\u011fan&#8217;\u0131 korumakla makul bir \u015fekilde ilintili de\u011fildi.&#8221; ABD\u00a0mahkemesi, may\u0131s 2017&#8217;deki ABD ziyareti s\u0131ras\u0131nda,\u00a0Cumhurba\u015fkan\u0131\u00a0Recep Tayyip\u00a0Erdo\u011fan&#8217;\u0131n korumalar\u0131 ile protestocular aras\u0131nda ya\u015fanan \u015fiddet olaylar\u0131na ili\u015fkin davada\u00a0T\u00fcrkiye&#8217;nin itiraz\u0131n\u0131 reddetti. ABD&#8217;nin ba\u015fkenti Washington DC&#8217;deki bir federal temyiz mahkemesi, Erdo\u011fan&#8217;\u0131n korumalar\u0131na a\u00e7\u0131lan davan\u0131n ma\u011fdurlar ad\u0131na ilerlemesine izin vererek, b\u00f6lge mahkemesinin ge\u00e7en y\u0131l\u0131n \u015fubat ay\u0131nda verdi\u011fi, T\u00fcrkiye&#8217;nin Yabanc\u0131 [&hellip;]<\/p>\n","protected":false},"author":7,"featured_media":64026,"comment_status":"open","ping_status":"open","sticky":false,"template":"","format":"standard","meta":{"footnotes":""},"categories":[1],"tags":[],"class_list":["post-64025","post","type-post","status-publish","format-standard","has-post-thumbnail","hentry","category-haberler"],"yoast_head":"<!-- This site is optimized with the Yoast SEO plugin v27.4 - https:\/\/yoast.com\/product\/yoast-seo-wordpress\/ -->\n<title>ABD Mahkemesi T\u00fcrkiye&#039;nin itiraz\u0131n\u0131 reddetti - Bati Ermenistan Ve Bati Ermenileri Sorunlari Ara\u015ftirmalar Merkezi<\/title>\n<meta name=\"robots\" content=\"index, follow, max-snippet:-1, max-image-preview:large, max-video-preview:-1\" \/>\n<link rel=\"canonical\" href=\"https:\/\/akunq.net\/tr\/?p=64025\" \/>\n<meta property=\"og:locale\" content=\"en_US\" \/>\n<meta property=\"og:type\" content=\"article\" \/>\n<meta property=\"og:title\" content=\"ABD Mahkemesi T\u00fcrkiye&#039;nin itiraz\u0131n\u0131 reddetti - Bati Ermenistan Ve Bati Ermenileri Sorunlari Ara\u015ftirmalar Merkezi\" \/>\n<meta property=\"og:description\" content=\"Sergilenen davran\u0131\u015f\u0131n do\u011fas\u0131, Cumhurba\u015fkan\u0131 Erdo\u011fan&#8217;\u0131 korumakla makul bir \u015fekilde ilintili de\u011fildi.&#8221; ABD\u00a0mahkemesi, may\u0131s 2017&#8217;deki ABD ziyareti s\u0131ras\u0131nda,\u00a0Cumhurba\u015fkan\u0131\u00a0Recep Tayyip\u00a0Erdo\u011fan&#8217;\u0131n korumalar\u0131 ile protestocular aras\u0131nda ya\u015fanan \u015fiddet olaylar\u0131na ili\u015fkin davada\u00a0T\u00fcrkiye&#8217;nin itiraz\u0131n\u0131 reddetti. ABD&#8217;nin ba\u015fkenti Washington DC&#8217;deki bir federal temyiz mahkemesi, Erdo\u011fan&#8217;\u0131n korumalar\u0131na a\u00e7\u0131lan davan\u0131n ma\u011fdurlar ad\u0131na ilerlemesine izin vererek, b\u00f6lge mahkemesinin ge\u00e7en y\u0131l\u0131n \u015fubat ay\u0131nda verdi\u011fi, T\u00fcrkiye&#8217;nin Yabanc\u0131 [&hellip;]\" \/>\n<meta property=\"og:url\" content=\"https:\/\/akunq.net\/tr\/?p=64025\" \/>\n<meta property=\"og:site_name\" content=\"Bati Ermenistan Ve Bati Ermenileri Sorunlari Ara\u015ftirmalar Merkezi\" \/>\n<meta property=\"article:published_time\" content=\"2021-07-30T10:46:06+00:00\" \/>\n<meta property=\"og:image\" content=\"https:\/\/akunq.net\/tr\/wp-content\/uploads\/sites\/6\/2021\/07\/\u0531\u0544\u0546-\u0578\u0582\u0574-\u057e\u0565\u0580\u0561\u0584\u0576\u0576\u056b\u0579-\u0564\u0561\u057f\u0561\u0580\u0561\u0576.jpg\" \/>\n\t<meta property=\"og:image:width\" content=\"760\" \/>\n\t<meta property=\"og:image:height\" content=\"450\" \/>\n\t<meta property=\"og:image:type\" content=\"image\/jpeg\" \/>\n<meta name=\"author\" content=\"admin\" \/>\n<meta name=\"twitter:card\" content=\"summary_large_image\" \/>\n<meta name=\"twitter:label1\" content=\"Written by\" \/>\n\t<meta name=\"twitter:data1\" content=\"admin\" \/>\n\t<meta name=\"twitter:label2\" content=\"Est. reading time\" \/>\n\t<meta name=\"twitter:data2\" content=\"2 minutes\" \/>\n<script type=\"application\/ld+json\" class=\"yoast-schema-graph\">{\"@context\":\"https:\\\/\\\/schema.org\",\"@graph\":[{\"@type\":\"Article\",\"@id\":\"https:\\\/\\\/akunq.net\\\/tr\\\/?p=64025#article\",\"isPartOf\":{\"@id\":\"https:\\\/\\\/akunq.net\\\/tr\\\/?p=64025\"},\"author\":{\"name\":\"admin\",\"@id\":\"https:\\\/\\\/akunq.net\\\/tr\\\/#\\\/schema\\\/person\\\/096f1d38a12cce57fb855b485ed24c9e\"},\"headline\":\"ABD Mahkemesi T\u00fcrkiye&#8217;nin itiraz\u0131n\u0131 reddetti\",\"datePublished\":\"2021-07-30T10:46:06+00:00\",\"mainEntityOfPage\":{\"@id\":\"https:\\\/\\\/akunq.net\\\/tr\\\/?p=64025\"},\"wordCount\":356,\"commentCount\":0,\"image\":{\"@id\":\"https:\\\/\\\/akunq.net\\\/tr\\\/?p=64025#primaryimage\"},\"thumbnailUrl\":\"https:\\\/\\\/akunq.net\\\/tr\\\/wp-content\\\/uploads\\\/sites\\\/6\\\/2021\\\/07\\\/\u0531\u0544\u0546-\u0578\u0582\u0574-\u057e\u0565\u0580\u0561\u0584\u0576\u0576\u056b\u0579-\u0564\u0561\u057f\u0561\u0580\u0561\u0576.jpg\",\"articleSection\":[\"Haberler\"],\"inLanguage\":\"en-US\",\"potentialAction\":[{\"@type\":\"CommentAction\",\"name\":\"Comment\",\"target\":[\"https:\\\/\\\/akunq.net\\\/tr\\\/?p=64025#respond\"]}]},{\"@type\":\"WebPage\",\"@id\":\"https:\\\/\\\/akunq.net\\\/tr\\\/?p=64025\",\"url\":\"https:\\\/\\\/akunq.net\\\/tr\\\/?p=64025\",\"name\":\"ABD Mahkemesi T\u00fcrkiye'nin itiraz\u0131n\u0131 reddetti - Bati Ermenistan Ve Bati Ermenileri Sorunlari Ara\u015ftirmalar Merkezi\",\"isPartOf\":{\"@id\":\"https:\\\/\\\/akunq.net\\\/tr\\\/#website\"},\"primaryImageOfPage\":{\"@id\":\"https:\\\/\\\/akunq.net\\\/tr\\\/?p=64025#primaryimage\"},\"image\":{\"@id\":\"https:\\\/\\\/akunq.net\\\/tr\\\/?p=64025#primaryimage\"},\"thumbnailUrl\":\"https:\\\/\\\/akunq.net\\\/tr\\\/wp-content\\\/uploads\\\/sites\\\/6\\\/2021\\\/07\\\/\u0531\u0544\u0546-\u0578\u0582\u0574-\u057e\u0565\u0580\u0561\u0584\u0576\u0576\u056b\u0579-\u0564\u0561\u057f\u0561\u0580\u0561\u0576.jpg\",\"datePublished\":\"2021-07-30T10:46:06+00:00\",\"author\":{\"@id\":\"https:\\\/\\\/akunq.net\\\/tr\\\/#\\\/schema\\\/person\\\/096f1d38a12cce57fb855b485ed24c9e\"},\"breadcrumb\":{\"@id\":\"https:\\\/\\\/akunq.net\\\/tr\\\/?p=64025#breadcrumb\"},\"inLanguage\":\"en-US\",\"potentialAction\":[{\"@type\":\"ReadAction\",\"target\":[\"https:\\\/\\\/akunq.net\\\/tr\\\/?p=64025\"]}]},{\"@type\":\"ImageObject\",\"inLanguage\":\"en-US\",\"@id\":\"https:\\\/\\\/akunq.net\\\/tr\\\/?p=64025#primaryimage\",\"url\":\"https:\\\/\\\/akunq.net\\\/tr\\\/wp-content\\\/uploads\\\/sites\\\/6\\\/2021\\\/07\\\/\u0531\u0544\u0546-\u0578\u0582\u0574-\u057e\u0565\u0580\u0561\u0584\u0576\u0576\u056b\u0579-\u0564\u0561\u057f\u0561\u0580\u0561\u0576.jpg\",\"contentUrl\":\"https:\\\/\\\/akunq.net\\\/tr\\\/wp-content\\\/uploads\\\/sites\\\/6\\\/2021\\\/07\\\/\u0531\u0544\u0546-\u0578\u0582\u0574-\u057e\u0565\u0580\u0561\u0584\u0576\u0576\u056b\u0579-\u0564\u0561\u057f\u0561\u0580\u0561\u0576.jpg\",\"width\":760,\"height\":450},{\"@type\":\"BreadcrumbList\",\"@id\":\"https:\\\/\\\/akunq.net\\\/tr\\\/?p=64025#breadcrumb\",\"itemListElement\":[{\"@type\":\"ListItem\",\"position\":1,\"name\":\"Home\",\"item\":\"https:\\\/\\\/akunq.net\\\/tr\"},{\"@type\":\"ListItem\",\"position\":2,\"name\":\"ABD Mahkemesi T\u00fcrkiye&#8217;nin itiraz\u0131n\u0131 reddetti\"}]},{\"@type\":\"WebSite\",\"@id\":\"https:\\\/\\\/akunq.net\\\/tr\\\/#website\",\"url\":\"https:\\\/\\\/akunq.net\\\/tr\\\/\",\"name\":\"Bati Ermenistan Ve Bati Ermenileri Sorunlari Ara\u015ftirmalar Merkezi\",\"description\":\"\",\"potentialAction\":[{\"@type\":\"SearchAction\",\"target\":{\"@type\":\"EntryPoint\",\"urlTemplate\":\"https:\\\/\\\/akunq.net\\\/tr\\\/?s={search_term_string}\"},\"query-input\":{\"@type\":\"PropertyValueSpecification\",\"valueRequired\":true,\"valueName\":\"search_term_string\"}}],\"inLanguage\":\"en-US\"},{\"@type\":\"Person\",\"@id\":\"https:\\\/\\\/akunq.net\\\/tr\\\/#\\\/schema\\\/person\\\/096f1d38a12cce57fb855b485ed24c9e\",\"name\":\"admin\",\"url\":\"https:\\\/\\\/akunq.net\\\/tr\\\/?author=7\"}]}<\/script>\n<!-- \/ Yoast SEO plugin. -->","yoast_head_json":{"title":"ABD Mahkemesi T\u00fcrkiye'nin itiraz\u0131n\u0131 reddetti - Bati Ermenistan Ve Bati Ermenileri Sorunlari Ara\u015ftirmalar Merkezi","robots":{"index":"index","follow":"follow","max-snippet":"max-snippet:-1","max-image-preview":"max-image-preview:large","max-video-preview":"max-video-preview:-1"},"canonical":"https:\/\/akunq.net\/tr\/?p=64025","og_locale":"en_US","og_type":"article","og_title":"ABD Mahkemesi T\u00fcrkiye'nin itiraz\u0131n\u0131 reddetti - Bati Ermenistan Ve Bati Ermenileri Sorunlari Ara\u015ftirmalar Merkezi","og_description":"Sergilenen davran\u0131\u015f\u0131n do\u011fas\u0131, Cumhurba\u015fkan\u0131 Erdo\u011fan&#8217;\u0131 korumakla makul bir \u015fekilde ilintili de\u011fildi.&#8221; ABD\u00a0mahkemesi, may\u0131s 2017&#8217;deki ABD ziyareti s\u0131ras\u0131nda,\u00a0Cumhurba\u015fkan\u0131\u00a0Recep Tayyip\u00a0Erdo\u011fan&#8217;\u0131n korumalar\u0131 ile protestocular aras\u0131nda ya\u015fanan \u015fiddet olaylar\u0131na ili\u015fkin davada\u00a0T\u00fcrkiye&#8217;nin itiraz\u0131n\u0131 reddetti. ABD&#8217;nin ba\u015fkenti Washington DC&#8217;deki bir federal temyiz mahkemesi, Erdo\u011fan&#8217;\u0131n korumalar\u0131na a\u00e7\u0131lan davan\u0131n ma\u011fdurlar ad\u0131na ilerlemesine izin vererek, b\u00f6lge mahkemesinin ge\u00e7en y\u0131l\u0131n \u015fubat ay\u0131nda verdi\u011fi, T\u00fcrkiye&#8217;nin Yabanc\u0131 [&hellip;]","og_url":"https:\/\/akunq.net\/tr\/?p=64025","og_site_name":"Bati Ermenistan Ve Bati Ermenileri Sorunlari Ara\u015ftirmalar Merkezi","article_published_time":"2021-07-30T10:46:06+00:00","og_image":[{"width":760,"height":450,"url":"https:\/\/akunq.net\/tr\/wp-content\/uploads\/sites\/6\/2021\/07\/\u0531\u0544\u0546-\u0578\u0582\u0574-\u057e\u0565\u0580\u0561\u0584\u0576\u0576\u056b\u0579-\u0564\u0561\u057f\u0561\u0580\u0561\u0576.jpg","type":"image\/jpeg"}],"author":"admin","twitter_card":"summary_large_image","twitter_misc":{"Written by":"admin","Est. reading time":"2 minutes"},"schema":{"@context":"https:\/\/schema.org","@graph":[{"@type":"Article","@id":"https:\/\/akunq.net\/tr\/?p=64025#article","isPartOf":{"@id":"https:\/\/akunq.net\/tr\/?p=64025"},"author":{"name":"admin","@id":"https:\/\/akunq.net\/tr\/#\/schema\/person\/096f1d38a12cce57fb855b485ed24c9e"},"headline":"ABD Mahkemesi T\u00fcrkiye&#8217;nin itiraz\u0131n\u0131 reddetti","datePublished":"2021-07-30T10:46:06+00:00","mainEntityOfPage":{"@id":"https:\/\/akunq.net\/tr\/?p=64025"},"wordCount":356,"commentCount":0,"image":{"@id":"https:\/\/akunq.net\/tr\/?p=64025#primaryimage"},"thumbnailUrl":"https:\/\/akunq.net\/tr\/wp-content\/uploads\/sites\/6\/2021\/07\/\u0531\u0544\u0546-\u0578\u0582\u0574-\u057e\u0565\u0580\u0561\u0584\u0576\u0576\u056b\u0579-\u0564\u0561\u057f\u0561\u0580\u0561\u0576.jpg","articleSection":["Haberler"],"inLanguage":"en-US","potentialAction":[{"@type":"CommentAction","name":"Comment","target":["https:\/\/akunq.net\/tr\/?p=64025#respond"]}]},{"@type":"WebPage","@id":"https:\/\/akunq.net\/tr\/?p=64025","url":"https:\/\/akunq.net\/tr\/?p=64025","name":"ABD Mahkemesi T\u00fcrkiye'nin itiraz\u0131n\u0131 reddetti - Bati Ermenistan Ve Bati Ermenileri Sorunlari Ara\u015ftirmalar Merkezi","isPartOf":{"@id":"https:\/\/akunq.net\/tr\/#website"},"primaryImageOfPage":{"@id":"https:\/\/akunq.net\/tr\/?p=64025#primaryimage"},"image":{"@id":"https:\/\/akunq.net\/tr\/?p=64025#primaryimage"},"thumbnailUrl":"https:\/\/akunq.net\/tr\/wp-content\/uploads\/sites\/6\/2021\/07\/\u0531\u0544\u0546-\u0578\u0582\u0574-\u057e\u0565\u0580\u0561\u0584\u0576\u0576\u056b\u0579-\u0564\u0561\u057f\u0561\u0580\u0561\u0576.jpg","datePublished":"2021-07-30T10:46:06+00:00","author":{"@id":"https:\/\/akunq.net\/tr\/#\/schema\/person\/096f1d38a12cce57fb855b485ed24c9e"},"breadcrumb":{"@id":"https:\/\/akunq.net\/tr\/?p=64025#breadcrumb"},"inLanguage":"en-US","potentialAction":[{"@type":"ReadAction","target":["https:\/\/akunq.net\/tr\/?p=64025"]}]},{"@type":"ImageObject","inLanguage":"en-US","@id":"https:\/\/akunq.net\/tr\/?p=64025#primaryimage","url":"https:\/\/akunq.net\/tr\/wp-content\/uploads\/sites\/6\/2021\/07\/\u0531\u0544\u0546-\u0578\u0582\u0574-\u057e\u0565\u0580\u0561\u0584\u0576\u0576\u056b\u0579-\u0564\u0561\u057f\u0561\u0580\u0561\u0576.jpg","contentUrl":"https:\/\/akunq.net\/tr\/wp-content\/uploads\/sites\/6\/2021\/07\/\u0531\u0544\u0546-\u0578\u0582\u0574-\u057e\u0565\u0580\u0561\u0584\u0576\u0576\u056b\u0579-\u0564\u0561\u057f\u0561\u0580\u0561\u0576.jpg","width":760,"height":450},{"@type":"BreadcrumbList","@id":"https:\/\/akunq.net\/tr\/?p=64025#breadcrumb","itemListElement":[{"@type":"ListItem","position":1,"name":"Home","item":"https:\/\/akunq.net\/tr"},{"@type":"ListItem","position":2,"name":"ABD Mahkemesi T\u00fcrkiye&#8217;nin itiraz\u0131n\u0131 reddetti"}]},{"@type":"WebSite","@id":"https:\/\/akunq.net\/tr\/#website","url":"https:\/\/akunq.net\/tr\/","name":"Bati Ermenistan Ve Bati Ermenileri Sorunlari Ara\u015ftirmalar Merkezi","description":"","potentialAction":[{"@type":"SearchAction","target":{"@type":"EntryPoint","urlTemplate":"https:\/\/akunq.net\/tr\/?s={search_term_string}"},"query-input":{"@type":"PropertyValueSpecification","valueRequired":true,"valueName":"search_term_string"}}],"inLanguage":"en-US"},{"@type":"Person","@id":"https:\/\/akunq.net\/tr\/#\/schema\/person\/096f1d38a12cce57fb855b485ed24c9e","name":"admin","url":"https:\/\/akunq.net\/tr\/?author=7"}]}},"_links":{"self":[{"href":"https:\/\/akunq.net\/tr\/index.php?rest_route=\/wp\/v2\/posts\/64025","targetHints":{"allow":["GET"]}}],"collection":[{"href":"https:\/\/akunq.net\/tr\/index.php?rest_route=\/wp\/v2\/posts"}],"about":[{"href":"https:\/\/akunq.net\/tr\/index.php?rest_route=\/wp\/v2\/types\/post"}],"author":[{"embeddable":true,"href":"https:\/\/akunq.net\/tr\/index.php?rest_route=\/wp\/v2\/users\/7"}],"replies":[{"embeddable":true,"href":"https:\/\/akunq.net\/tr\/index.php?rest_route=%2Fwp%2Fv2%2Fcomments&post=64025"}],"version-history":[{"count":1,"href":"https:\/\/akunq.net\/tr\/index.php?rest_route=\/wp\/v2\/posts\/64025\/revisions"}],"predecessor-version":[{"id":64027,"href":"https:\/\/akunq.net\/tr\/index.php?rest_route=\/wp\/v2\/posts\/64025\/revisions\/64027"}],"wp:featuredmedia":[{"embeddable":true,"href":"https:\/\/akunq.net\/tr\/index.php?rest_route=\/wp\/v2\/media\/64026"}],"wp:attachment":[{"href":"https:\/\/akunq.net\/tr\/index.php?rest_route=%2Fwp%2Fv2%2Fmedia&parent=64025"}],"wp:term":[{"taxonomy":"category","embeddable":true,"href":"https:\/\/akunq.net\/tr\/index.php?rest_route=%2Fwp%2Fv2%2Fcategories&post=64025"},{"taxonomy":"post_tag","embeddable":true,"href":"https:\/\/akunq.net\/tr\/index.php?rest_route=%2Fwp%2Fv2%2Ftags&post=64025"}],"curies":[{"name":"wp","href":"https:\/\/api.w.org\/{rel}","templated":true}]}}