{"id":64019,"date":"2021-07-30T05:01:57","date_gmt":"2021-07-30T10:01:57","guid":{"rendered":"https:\/\/akunq.net\/tr\/?p=64019"},"modified":"2021-07-30T05:01:57","modified_gmt":"2021-07-30T10:01:57","slug":"ab-komisyonu-turkiyedeki-suryaniler-bircok-sorunla-karsi-karsiya","status":"publish","type":"post","link":"https:\/\/akunq.net\/tr\/?p=64019","title":{"rendered":"AB Komisyonu: T\u00fcrkiye\u2019deki S\u00fcryaniler bir\u00e7ok sorunla kar\u015f\u0131 kar\u015f\u0131ya"},"content":{"rendered":"<p><img loading=\"lazy\" decoding=\"async\" class=\"aligncenter size-medium wp-image-64020\" src=\"https:\/\/akunq.net\/tr\/wp-content\/uploads\/2021\/07\/T\u00fcrkiyedeki-S\u00fcryaniler-360x203.jpg\" alt=\"\" width=\"360\" height=\"203\" srcset=\"https:\/\/akunq.net\/tr\/wp-content\/uploads\/sites\/6\/2021\/07\/T\u00fcrkiyedeki-S\u00fcryaniler-360x203.jpg 360w, https:\/\/akunq.net\/tr\/wp-content\/uploads\/sites\/6\/2021\/07\/T\u00fcrkiyedeki-S\u00fcryaniler-768x432.jpg 768w, https:\/\/akunq.net\/tr\/wp-content\/uploads\/sites\/6\/2021\/07\/T\u00fcrkiyedeki-S\u00fcryaniler-560x315.jpg 560w, https:\/\/akunq.net\/tr\/wp-content\/uploads\/sites\/6\/2021\/07\/T\u00fcrkiyedeki-S\u00fcryaniler-260x146.jpg 260w, https:\/\/akunq.net\/tr\/wp-content\/uploads\/sites\/6\/2021\/07\/T\u00fcrkiyedeki-S\u00fcryaniler-160x90.jpg 160w, https:\/\/akunq.net\/tr\/wp-content\/uploads\/sites\/6\/2021\/07\/T\u00fcrkiyedeki-S\u00fcryaniler.jpg 800w\" sizes=\"auto, (max-width: 360px) 100vw, 360px\" \/><\/p>\n<p><strong>Yusuf \u00d6zkan<\/strong><br \/>\n<em>Lahey, Hollanda<\/em><\/p>\n<p><em><strong>Avrupa Birli\u011fi (AB) D\u0131\u015f Politika ve G\u00fcvenlik Y\u00fcksek Temsilcisi Josep Borrell, Nusaybin\u2019deki Mor Yakup Kilisesi rahibi Sefer Aho Bile\u00e7en\u2019in, hapis cezas\u0131na \u00e7arpt\u0131r\u0131lmas\u0131yla ilgili olarak, T\u00fcrkiye\u2019deki S\u00fcryani Ortodoks cemaati ve onlara ait kiliselerin bir\u00e7ok zorlukla kar\u015f\u0131 kar\u015f\u0131ya oldu\u011funu s\u00f6yledi.<\/strong><\/em><\/p>\n<p>Borrell\u2019e g\u00f6re, Suriye\u2019de devam eden sava\u015f ve koronavir\u00fcs salg\u0131n\u0131, S\u00fcryani toplumunun ya\u015fad\u0131\u011f\u0131 sorunlar\u0131 daha da a\u011f\u0131rla\u015ft\u0131rd\u0131.<\/p>\n<p>Avrupa Parlamentosu\u2019ndaki Muhafazakar Grup \u00fcyesi Hollandal\u0131 d\u00f6rt parlamenter, Nisan ay\u0131nda, \u201cter\u00f6r \u00f6rg\u00fct\u00fcne yard\u0131m\u201d su\u00e7lamas\u0131yla 2 y\u0131l 1 ay hapis cezas\u0131na \u00e7arpt\u0131r\u0131lan rahip Sefer Aho Bile\u00e7en\u2019in durumuna ili\u015fkin bir soru \u00f6nergesi verdi.<\/p>\n<p>Hollandal\u0131 parlamenterler, \u201cPeder Aho\u201d olarak bilinen rahip Bile\u00e7en\u2019in, manast\u0131r\u0131n kap\u0131s\u0131nda yemek isteyen 2 ki\u015fiye sadece bir par\u00e7a ekmek verdi\u011fini belirterek, bu ki\u015filerin PKK militan\u0131 olduklar\u0131 gerek\u00e7esiyle S\u00fcryani din adam\u0131n\u0131n 25 ay hapse mahkum edildi\u011fini an\u0131msatt\u0131.<\/p>\n<p>Hristiyan partilere mensup milletvekilleri, T\u00fcrk mahkemesinin bu karar\u0131n\u0131, \u201cdemokratik ilkelere, insan haklar\u0131na ve T\u00fcrkiye\u2019deki az\u0131nl\u0131klar ile savunmas\u0131z gruplar\u0131n korunmas\u0131na y\u00f6nelik bir darbe\u201d olarak de\u011ferlendirdi.<\/p>\n<p>Avrupa Parlamentosu \u00fcyeleri, AB Komisyonu\u2019nu, rahip Bile\u00e7en\u2019in durumu konusunda T\u00fcrk makamlar\u0131ndan daha fazla a\u00e7\u0131klama istemeye ve Borrell arac\u0131l\u0131\u011f\u0131yla T\u00fcrk yetkililer nezdinde gerekli giri\u015fimlerde bulunmaya \u00e7a\u011f\u0131rd\u0131.<\/p>\n<p>AB D\u0131\u015f Politika ve G\u00fcvenlik Y\u00fcksek Temsilcisi Borrell, Hollandal\u0131 parlamenterlere g\u00f6nderdi\u011fi yaz\u0131l\u0131 yan\u0131tta, T\u00fcrkiye\u2019deki S\u00fcryani Ortadoks cemaati ile kiliselerinin, \u00e7ok say\u0131da zorlukla kar\u015f\u0131 kar\u015f\u0131ya oldu\u011funu bildirdi.<\/p>\n<p>AB yetkilisi, koronavir\u00fcs salg\u0131n\u0131 ve Suriye\u2019de devam eden sava\u015f\u0131n, T\u00fcrkiye\u2019deki S\u00fcryanilerin ya\u015fad\u0131\u011f\u0131 sorunlar\u0131 daha da a\u011f\u0131rla\u015ft\u0131rd\u0131\u011f\u0131na dikkati \u00e7ekti.<\/p>\n<p>Hollanda\u2019da yay\u0131mlanan Katolik Haber gazetesine g\u00f6re, Borrell, davan\u0131n ard\u0131ndan ge\u00e7en Nisan ay\u0131nda Mardin\u2019in Nusaybin il\u00e7esindeki Mor Gabriel Manast\u0131r\u0131\u2019n\u0131 ziyaret etti\u011fini de belirtti.<\/p>\n<p>Josep Borrell, AB Konseyi\u2019nin ge\u00e7en ay, \u201cT\u00fcrkiye\u2019de hukukun \u00fcst\u00fcnl\u00fc\u011f\u00fc ve temel haklar\u0131n b\u00fcy\u00fck bir endi\u015fe kayna\u011f\u0131 olmaya devam etti\u011fini\u201d belirtti\u011fine i\u015faret ederek, \u201cBu konularda diyalog y\u00fcr\u00fctmek, AB-T\u00fcrkiye ili\u015fkilerinin ayr\u0131lmaz bir par\u00e7as\u0131 olmaya devam ediyor\u201d dedi.<\/p>\n<p>Hollandal\u0131 parlamenterlere g\u00f6re, Mor Yakup Manast\u0131r\u0131\u2019n\u0131n bir AB temsilcisi taraf\u0131ndan ziyaret edilmi\u015f olmas\u0131, olumlu bir geli\u015fme. Parlamenterler, bunun T\u00fcrkiye\u2019deki Hristiyanlara ve di\u011fer dini az\u0131nl\u0131klara y\u00f6nelik muamele konusunda Ankara\u2019n\u0131n fikrini de\u011fi\u015ftirecek g\u00f6r\u00fc\u015fmelere ve eylemlere yol a\u00e7aca\u011f\u0131n\u0131 umuyor.<\/p>\n<p>Nusaybin\u2019de 9 Ocak 2020\u2019de 12 ki\u015fi ile birlikte g\u00f6zalt\u0131na al\u0131nan Bile\u00e7en, yap\u0131lan itiraz\u0131n ard\u0131ndan 14 Ocak\u2019ta serbest b\u0131rak\u0131lm\u0131\u015ft\u0131.<\/p>\n<p>Savc\u0131, rahip Sefer Aho Bile\u00e7en\u2019in tutuklanmas\u0131na gerek\u00e7e olarak, bir itiraf\u00e7\u0131n\u0131n ifadesini ve Jandarman\u0131n 2018\u2019de \u2018\u00f6rg\u00fct \u00fcyelerinin manast\u0131ra girdi\u011fi\u2019 iddias\u0131n\u0131n yer ald\u0131\u011f\u0131 bir tutana\u011f\u0131 g\u00f6stermi\u015fti.<\/p>\n<p>Rahip Bile\u00e7en, avukat\u0131 arac\u0131l\u0131\u011f\u0131yla yapt\u0131\u011f\u0131 a\u00e7\u0131klamada \u015funlar\u0131 dile getirmi\u015fti:<\/p>\n<p>\u201c2018\u2019de 2 \u00f6rg\u00fct mensubu manast\u0131ra geldi. Benden yemek istediler. Ben de verdim. Daha sonra bu tespit edilmi\u015f. Bunun \u00fczerine d\u00f6nemin Jandarma Komutan\u0131 benimle g\u00f6r\u00fc\u015ft\u00fc. Ben inkar etmedim. Olay\u0131n tekrar ya\u015fanmamas\u0131 i\u00e7in g\u00fcvenlik \u00f6nlemi al\u0131nmas\u0131n\u0131 istedim ancak herhangi bir g\u00fcvenlik \u00f6nlemi al\u0131nmad\u0131. Tutanak tutulduktan sonra konunun kapat\u0131ld\u0131\u011f\u0131n\u0131 san\u0131yordum. Kim kap\u0131ma gelirse yard\u0131m ederim. Dini ve felsefi olarak bunu yapmam gerekir. Rahip oldu\u011fum i\u00e7in de yalan s\u00f6yleyemem. Ben bunu herhangi bir \u00f6rg\u00fcte yard\u0131m etmek i\u00e7in de\u011fil, inanc\u0131m gere\u011fi yap\u0131yorum. Dini ve felsefi a\u00e7\u0131dan ben ihbar da edemem.\u201d<\/p>\n<p>Mardin 4. A\u011f\u0131r Ceza Mahkemesi, ge\u00e7en Nisan ay\u0131nda rahip Sefer Aho Bile\u00e7en\u2019i, \u201cter\u00f6r \u00f6rg\u00fct\u00fcne yard\u0131m\u201d su\u00e7lamas\u0131yla 2 y\u0131l 1 ay hapis cezas\u0131na \u00e7arpt\u0131rm\u0131\u015ft\u0131.<\/p>\n<p><em><strong>https:\/\/www.bbc.com\/turkce\/haberler-dunya-58014186\u00a0<\/strong><\/em><\/p>\n","protected":false},"excerpt":{"rendered":"<p>Yusuf \u00d6zkan Lahey, Hollanda Avrupa Birli\u011fi (AB) D\u0131\u015f Politika ve G\u00fcvenlik Y\u00fcksek Temsilcisi Josep Borrell, Nusaybin\u2019deki Mor Yakup Kilisesi rahibi Sefer Aho Bile\u00e7en\u2019in, hapis cezas\u0131na \u00e7arpt\u0131r\u0131lmas\u0131yla ilgili olarak, T\u00fcrkiye\u2019deki S\u00fcryani Ortodoks cemaati ve onlara ait kiliselerin bir\u00e7ok zorlukla kar\u015f\u0131 kar\u015f\u0131ya oldu\u011funu s\u00f6yledi. Borrell\u2019e g\u00f6re, Suriye\u2019de devam eden sava\u015f ve koronavir\u00fcs salg\u0131n\u0131, S\u00fcryani toplumunun ya\u015fad\u0131\u011f\u0131 sorunlar\u0131 [&hellip;]<\/p>\n","protected":false},"author":7,"featured_media":64020,"comment_status":"open","ping_status":"open","sticky":false,"template":"","format":"standard","meta":{"footnotes":""},"categories":[1,53],"tags":[],"class_list":["post-64019","post","type-post","status-publish","format-standard","has-post-thumbnail","hentry","category-haberler","category-turkiyede-azinliklar"],"yoast_head":"<!-- This site is optimized with the Yoast SEO plugin v27.4 - https:\/\/yoast.com\/product\/yoast-seo-wordpress\/ -->\n<title>AB Komisyonu: T\u00fcrkiye\u2019deki S\u00fcryaniler bir\u00e7ok sorunla kar\u015f\u0131 kar\u015f\u0131ya - Bati Ermenistan Ve Bati Ermenileri Sorunlari Ara\u015ftirmalar Merkezi<\/title>\n<meta name=\"robots\" content=\"index, follow, max-snippet:-1, max-image-preview:large, max-video-preview:-1\" \/>\n<link rel=\"canonical\" href=\"https:\/\/akunq.net\/tr\/?p=64019\" \/>\n<meta property=\"og:locale\" content=\"en_US\" \/>\n<meta property=\"og:type\" content=\"article\" \/>\n<meta property=\"og:title\" content=\"AB Komisyonu: T\u00fcrkiye\u2019deki S\u00fcryaniler bir\u00e7ok sorunla kar\u015f\u0131 kar\u015f\u0131ya - Bati Ermenistan Ve Bati Ermenileri Sorunlari Ara\u015ftirmalar Merkezi\" \/>\n<meta property=\"og:description\" content=\"Yusuf \u00d6zkan Lahey, Hollanda Avrupa Birli\u011fi (AB) D\u0131\u015f Politika ve G\u00fcvenlik Y\u00fcksek Temsilcisi Josep Borrell, Nusaybin\u2019deki Mor Yakup Kilisesi rahibi Sefer Aho Bile\u00e7en\u2019in, hapis cezas\u0131na \u00e7arpt\u0131r\u0131lmas\u0131yla ilgili olarak, T\u00fcrkiye\u2019deki S\u00fcryani Ortodoks cemaati ve onlara ait kiliselerin bir\u00e7ok zorlukla kar\u015f\u0131 kar\u015f\u0131ya oldu\u011funu s\u00f6yledi. Borrell\u2019e g\u00f6re, Suriye\u2019de devam eden sava\u015f ve koronavir\u00fcs salg\u0131n\u0131, S\u00fcryani toplumunun ya\u015fad\u0131\u011f\u0131 sorunlar\u0131 [&hellip;]\" \/>\n<meta property=\"og:url\" content=\"https:\/\/akunq.net\/tr\/?p=64019\" \/>\n<meta property=\"og:site_name\" content=\"Bati Ermenistan Ve Bati Ermenileri Sorunlari Ara\u015ftirmalar Merkezi\" \/>\n<meta property=\"article:published_time\" content=\"2021-07-30T10:01:57+00:00\" \/>\n<meta property=\"og:image\" content=\"https:\/\/akunq.net\/tr\/wp-content\/uploads\/sites\/6\/2021\/07\/T\u00fcrkiyedeki-S\u00fcryaniler.jpg\" \/>\n\t<meta property=\"og:image:width\" content=\"800\" \/>\n\t<meta property=\"og:image:height\" content=\"450\" \/>\n\t<meta property=\"og:image:type\" content=\"image\/jpeg\" \/>\n<meta name=\"author\" content=\"admin\" \/>\n<meta name=\"twitter:card\" content=\"summary_large_image\" \/>\n<meta name=\"twitter:label1\" content=\"Written by\" \/>\n\t<meta name=\"twitter:data1\" content=\"admin\" \/>\n\t<meta name=\"twitter:label2\" content=\"Est. reading time\" \/>\n\t<meta name=\"twitter:data2\" content=\"3 minutes\" \/>\n<script type=\"application\/ld+json\" class=\"yoast-schema-graph\">{\"@context\":\"https:\\\/\\\/schema.org\",\"@graph\":[{\"@type\":\"Article\",\"@id\":\"https:\\\/\\\/akunq.net\\\/tr\\\/?p=64019#article\",\"isPartOf\":{\"@id\":\"https:\\\/\\\/akunq.net\\\/tr\\\/?p=64019\"},\"author\":{\"name\":\"admin\",\"@id\":\"https:\\\/\\\/akunq.net\\\/tr\\\/#\\\/schema\\\/person\\\/096f1d38a12cce57fb855b485ed24c9e\"},\"headline\":\"AB Komisyonu: T\u00fcrkiye\u2019deki S\u00fcryaniler bir\u00e7ok sorunla kar\u015f\u0131 kar\u015f\u0131ya\",\"datePublished\":\"2021-07-30T10:01:57+00:00\",\"mainEntityOfPage\":{\"@id\":\"https:\\\/\\\/akunq.net\\\/tr\\\/?p=64019\"},\"wordCount\":709,\"commentCount\":0,\"image\":{\"@id\":\"https:\\\/\\\/akunq.net\\\/tr\\\/?p=64019#primaryimage\"},\"thumbnailUrl\":\"https:\\\/\\\/akunq.net\\\/tr\\\/wp-content\\\/uploads\\\/sites\\\/6\\\/2021\\\/07\\\/T\u00fcrkiyedeki-S\u00fcryaniler.jpg\",\"articleSection\":[\"Haberler\",\"T\u00fcrkiye\u2019de Az\u0131nl\u0131klar\"],\"inLanguage\":\"en-US\",\"potentialAction\":[{\"@type\":\"CommentAction\",\"name\":\"Comment\",\"target\":[\"https:\\\/\\\/akunq.net\\\/tr\\\/?p=64019#respond\"]}]},{\"@type\":\"WebPage\",\"@id\":\"https:\\\/\\\/akunq.net\\\/tr\\\/?p=64019\",\"url\":\"https:\\\/\\\/akunq.net\\\/tr\\\/?p=64019\",\"name\":\"AB Komisyonu: T\u00fcrkiye\u2019deki S\u00fcryaniler bir\u00e7ok sorunla kar\u015f\u0131 kar\u015f\u0131ya - Bati Ermenistan Ve Bati Ermenileri Sorunlari Ara\u015ftirmalar Merkezi\",\"isPartOf\":{\"@id\":\"https:\\\/\\\/akunq.net\\\/tr\\\/#website\"},\"primaryImageOfPage\":{\"@id\":\"https:\\\/\\\/akunq.net\\\/tr\\\/?p=64019#primaryimage\"},\"image\":{\"@id\":\"https:\\\/\\\/akunq.net\\\/tr\\\/?p=64019#primaryimage\"},\"thumbnailUrl\":\"https:\\\/\\\/akunq.net\\\/tr\\\/wp-content\\\/uploads\\\/sites\\\/6\\\/2021\\\/07\\\/T\u00fcrkiyedeki-S\u00fcryaniler.jpg\",\"datePublished\":\"2021-07-30T10:01:57+00:00\",\"author\":{\"@id\":\"https:\\\/\\\/akunq.net\\\/tr\\\/#\\\/schema\\\/person\\\/096f1d38a12cce57fb855b485ed24c9e\"},\"breadcrumb\":{\"@id\":\"https:\\\/\\\/akunq.net\\\/tr\\\/?p=64019#breadcrumb\"},\"inLanguage\":\"en-US\",\"potentialAction\":[{\"@type\":\"ReadAction\",\"target\":[\"https:\\\/\\\/akunq.net\\\/tr\\\/?p=64019\"]}]},{\"@type\":\"ImageObject\",\"inLanguage\":\"en-US\",\"@id\":\"https:\\\/\\\/akunq.net\\\/tr\\\/?p=64019#primaryimage\",\"url\":\"https:\\\/\\\/akunq.net\\\/tr\\\/wp-content\\\/uploads\\\/sites\\\/6\\\/2021\\\/07\\\/T\u00fcrkiyedeki-S\u00fcryaniler.jpg\",\"contentUrl\":\"https:\\\/\\\/akunq.net\\\/tr\\\/wp-content\\\/uploads\\\/sites\\\/6\\\/2021\\\/07\\\/T\u00fcrkiyedeki-S\u00fcryaniler.jpg\",\"width\":800,\"height\":450},{\"@type\":\"BreadcrumbList\",\"@id\":\"https:\\\/\\\/akunq.net\\\/tr\\\/?p=64019#breadcrumb\",\"itemListElement\":[{\"@type\":\"ListItem\",\"position\":1,\"name\":\"Home\",\"item\":\"https:\\\/\\\/akunq.net\\\/tr\"},{\"@type\":\"ListItem\",\"position\":2,\"name\":\"AB Komisyonu: T\u00fcrkiye\u2019deki S\u00fcryaniler bir\u00e7ok sorunla kar\u015f\u0131 kar\u015f\u0131ya\"}]},{\"@type\":\"WebSite\",\"@id\":\"https:\\\/\\\/akunq.net\\\/tr\\\/#website\",\"url\":\"https:\\\/\\\/akunq.net\\\/tr\\\/\",\"name\":\"Bati Ermenistan Ve Bati Ermenileri Sorunlari Ara\u015ftirmalar Merkezi\",\"description\":\"\",\"potentialAction\":[{\"@type\":\"SearchAction\",\"target\":{\"@type\":\"EntryPoint\",\"urlTemplate\":\"https:\\\/\\\/akunq.net\\\/tr\\\/?s={search_term_string}\"},\"query-input\":{\"@type\":\"PropertyValueSpecification\",\"valueRequired\":true,\"valueName\":\"search_term_string\"}}],\"inLanguage\":\"en-US\"},{\"@type\":\"Person\",\"@id\":\"https:\\\/\\\/akunq.net\\\/tr\\\/#\\\/schema\\\/person\\\/096f1d38a12cce57fb855b485ed24c9e\",\"name\":\"admin\",\"url\":\"https:\\\/\\\/akunq.net\\\/tr\\\/?author=7\"}]}<\/script>\n<!-- \/ Yoast SEO plugin. -->","yoast_head_json":{"title":"AB Komisyonu: T\u00fcrkiye\u2019deki S\u00fcryaniler bir\u00e7ok sorunla kar\u015f\u0131 kar\u015f\u0131ya - Bati Ermenistan Ve Bati Ermenileri Sorunlari Ara\u015ftirmalar Merkezi","robots":{"index":"index","follow":"follow","max-snippet":"max-snippet:-1","max-image-preview":"max-image-preview:large","max-video-preview":"max-video-preview:-1"},"canonical":"https:\/\/akunq.net\/tr\/?p=64019","og_locale":"en_US","og_type":"article","og_title":"AB Komisyonu: T\u00fcrkiye\u2019deki S\u00fcryaniler bir\u00e7ok sorunla kar\u015f\u0131 kar\u015f\u0131ya - Bati Ermenistan Ve Bati Ermenileri Sorunlari Ara\u015ftirmalar Merkezi","og_description":"Yusuf \u00d6zkan Lahey, Hollanda Avrupa Birli\u011fi (AB) D\u0131\u015f Politika ve G\u00fcvenlik Y\u00fcksek Temsilcisi Josep Borrell, Nusaybin\u2019deki Mor Yakup Kilisesi rahibi Sefer Aho Bile\u00e7en\u2019in, hapis cezas\u0131na \u00e7arpt\u0131r\u0131lmas\u0131yla ilgili olarak, T\u00fcrkiye\u2019deki S\u00fcryani Ortodoks cemaati ve onlara ait kiliselerin bir\u00e7ok zorlukla kar\u015f\u0131 kar\u015f\u0131ya oldu\u011funu s\u00f6yledi. Borrell\u2019e g\u00f6re, Suriye\u2019de devam eden sava\u015f ve koronavir\u00fcs salg\u0131n\u0131, S\u00fcryani toplumunun ya\u015fad\u0131\u011f\u0131 sorunlar\u0131 [&hellip;]","og_url":"https:\/\/akunq.net\/tr\/?p=64019","og_site_name":"Bati Ermenistan Ve Bati Ermenileri Sorunlari Ara\u015ftirmalar Merkezi","article_published_time":"2021-07-30T10:01:57+00:00","og_image":[{"width":800,"height":450,"url":"https:\/\/akunq.net\/tr\/wp-content\/uploads\/sites\/6\/2021\/07\/T\u00fcrkiyedeki-S\u00fcryaniler.jpg","type":"image\/jpeg"}],"author":"admin","twitter_card":"summary_large_image","twitter_misc":{"Written by":"admin","Est. reading time":"3 minutes"},"schema":{"@context":"https:\/\/schema.org","@graph":[{"@type":"Article","@id":"https:\/\/akunq.net\/tr\/?p=64019#article","isPartOf":{"@id":"https:\/\/akunq.net\/tr\/?p=64019"},"author":{"name":"admin","@id":"https:\/\/akunq.net\/tr\/#\/schema\/person\/096f1d38a12cce57fb855b485ed24c9e"},"headline":"AB Komisyonu: T\u00fcrkiye\u2019deki S\u00fcryaniler bir\u00e7ok sorunla kar\u015f\u0131 kar\u015f\u0131ya","datePublished":"2021-07-30T10:01:57+00:00","mainEntityOfPage":{"@id":"https:\/\/akunq.net\/tr\/?p=64019"},"wordCount":709,"commentCount":0,"image":{"@id":"https:\/\/akunq.net\/tr\/?p=64019#primaryimage"},"thumbnailUrl":"https:\/\/akunq.net\/tr\/wp-content\/uploads\/sites\/6\/2021\/07\/T\u00fcrkiyedeki-S\u00fcryaniler.jpg","articleSection":["Haberler","T\u00fcrkiye\u2019de Az\u0131nl\u0131klar"],"inLanguage":"en-US","potentialAction":[{"@type":"CommentAction","name":"Comment","target":["https:\/\/akunq.net\/tr\/?p=64019#respond"]}]},{"@type":"WebPage","@id":"https:\/\/akunq.net\/tr\/?p=64019","url":"https:\/\/akunq.net\/tr\/?p=64019","name":"AB Komisyonu: T\u00fcrkiye\u2019deki S\u00fcryaniler bir\u00e7ok sorunla kar\u015f\u0131 kar\u015f\u0131ya - Bati Ermenistan Ve Bati Ermenileri Sorunlari Ara\u015ftirmalar Merkezi","isPartOf":{"@id":"https:\/\/akunq.net\/tr\/#website"},"primaryImageOfPage":{"@id":"https:\/\/akunq.net\/tr\/?p=64019#primaryimage"},"image":{"@id":"https:\/\/akunq.net\/tr\/?p=64019#primaryimage"},"thumbnailUrl":"https:\/\/akunq.net\/tr\/wp-content\/uploads\/sites\/6\/2021\/07\/T\u00fcrkiyedeki-S\u00fcryaniler.jpg","datePublished":"2021-07-30T10:01:57+00:00","author":{"@id":"https:\/\/akunq.net\/tr\/#\/schema\/person\/096f1d38a12cce57fb855b485ed24c9e"},"breadcrumb":{"@id":"https:\/\/akunq.net\/tr\/?p=64019#breadcrumb"},"inLanguage":"en-US","potentialAction":[{"@type":"ReadAction","target":["https:\/\/akunq.net\/tr\/?p=64019"]}]},{"@type":"ImageObject","inLanguage":"en-US","@id":"https:\/\/akunq.net\/tr\/?p=64019#primaryimage","url":"https:\/\/akunq.net\/tr\/wp-content\/uploads\/sites\/6\/2021\/07\/T\u00fcrkiyedeki-S\u00fcryaniler.jpg","contentUrl":"https:\/\/akunq.net\/tr\/wp-content\/uploads\/sites\/6\/2021\/07\/T\u00fcrkiyedeki-S\u00fcryaniler.jpg","width":800,"height":450},{"@type":"BreadcrumbList","@id":"https:\/\/akunq.net\/tr\/?p=64019#breadcrumb","itemListElement":[{"@type":"ListItem","position":1,"name":"Home","item":"https:\/\/akunq.net\/tr"},{"@type":"ListItem","position":2,"name":"AB Komisyonu: T\u00fcrkiye\u2019deki S\u00fcryaniler bir\u00e7ok sorunla kar\u015f\u0131 kar\u015f\u0131ya"}]},{"@type":"WebSite","@id":"https:\/\/akunq.net\/tr\/#website","url":"https:\/\/akunq.net\/tr\/","name":"Bati Ermenistan Ve Bati Ermenileri Sorunlari Ara\u015ftirmalar Merkezi","description":"","potentialAction":[{"@type":"SearchAction","target":{"@type":"EntryPoint","urlTemplate":"https:\/\/akunq.net\/tr\/?s={search_term_string}"},"query-input":{"@type":"PropertyValueSpecification","valueRequired":true,"valueName":"search_term_string"}}],"inLanguage":"en-US"},{"@type":"Person","@id":"https:\/\/akunq.net\/tr\/#\/schema\/person\/096f1d38a12cce57fb855b485ed24c9e","name":"admin","url":"https:\/\/akunq.net\/tr\/?author=7"}]}},"_links":{"self":[{"href":"https:\/\/akunq.net\/tr\/index.php?rest_route=\/wp\/v2\/posts\/64019","targetHints":{"allow":["GET"]}}],"collection":[{"href":"https:\/\/akunq.net\/tr\/index.php?rest_route=\/wp\/v2\/posts"}],"about":[{"href":"https:\/\/akunq.net\/tr\/index.php?rest_route=\/wp\/v2\/types\/post"}],"author":[{"embeddable":true,"href":"https:\/\/akunq.net\/tr\/index.php?rest_route=\/wp\/v2\/users\/7"}],"replies":[{"embeddable":true,"href":"https:\/\/akunq.net\/tr\/index.php?rest_route=%2Fwp%2Fv2%2Fcomments&post=64019"}],"version-history":[{"count":1,"href":"https:\/\/akunq.net\/tr\/index.php?rest_route=\/wp\/v2\/posts\/64019\/revisions"}],"predecessor-version":[{"id":64021,"href":"https:\/\/akunq.net\/tr\/index.php?rest_route=\/wp\/v2\/posts\/64019\/revisions\/64021"}],"wp:featuredmedia":[{"embeddable":true,"href":"https:\/\/akunq.net\/tr\/index.php?rest_route=\/wp\/v2\/media\/64020"}],"wp:attachment":[{"href":"https:\/\/akunq.net\/tr\/index.php?rest_route=%2Fwp%2Fv2%2Fmedia&parent=64019"}],"wp:term":[{"taxonomy":"category","embeddable":true,"href":"https:\/\/akunq.net\/tr\/index.php?rest_route=%2Fwp%2Fv2%2Fcategories&post=64019"},{"taxonomy":"post_tag","embeddable":true,"href":"https:\/\/akunq.net\/tr\/index.php?rest_route=%2Fwp%2Fv2%2Ftags&post=64019"}],"curies":[{"name":"wp","href":"https:\/\/api.w.org\/{rel}","templated":true}]}}