{"id":64013,"date":"2021-07-30T04:18:36","date_gmt":"2021-07-30T09:18:36","guid":{"rendered":"https:\/\/akunq.net\/tr\/?p=64013"},"modified":"2021-07-30T04:18:36","modified_gmt":"2021-07-30T09:18:36","slug":"leon-terziyan-gavur-diye-kufrettiginiz-ermeni-ve-alevi-insaninin-zekasini-butun-dunya-gordu","status":"publish","type":"post","link":"https:\/\/akunq.net\/tr\/?p=64013","title":{"rendered":"Leon Terziyan: \u201cGavur\u201d diye k\u00fcfretti\u011finiz Ermeni ve Alevi insan\u0131n\u0131n zekas\u0131n\u0131 b\u00fct\u00fcn d\u00fcnya g\u00f6rd\u00fc!\u201d"},"content":{"rendered":"<p><img loading=\"lazy\" decoding=\"async\" class=\"aligncenter size-medium wp-image-64014\" src=\"https:\/\/akunq.net\/tr\/wp-content\/uploads\/2021\/07\/Ermeni-ve-Alevi-insan\u0131n\u0131n-zekas\u0131-152x270.jpg\" alt=\"\" width=\"152\" height=\"270\" srcset=\"https:\/\/akunq.net\/tr\/wp-content\/uploads\/sites\/6\/2021\/07\/Ermeni-ve-Alevi-insan\u0131n\u0131n-zekas\u0131-152x270.jpg 152w, https:\/\/akunq.net\/tr\/wp-content\/uploads\/sites\/6\/2021\/07\/Ermeni-ve-Alevi-insan\u0131n\u0131n-zekas\u0131-260x462.jpg 260w, https:\/\/akunq.net\/tr\/wp-content\/uploads\/sites\/6\/2021\/07\/Ermeni-ve-Alevi-insan\u0131n\u0131n-zekas\u0131-160x284.jpg 160w, https:\/\/akunq.net\/tr\/wp-content\/uploads\/sites\/6\/2021\/07\/Ermeni-ve-Alevi-insan\u0131n\u0131n-zekas\u0131.jpg 540w\" sizes=\"auto, (max-width: 152px) 100vw, 152px\" \/><\/p>\n<p><em><strong>Avrupa\u2019da ya\u015fayan T\u00fcrkiye Ermenisi Leon Terziyan, sosyal medyada \u015fu payla\u015f\u0131m\u0131n\u0131 yapt\u0131:<\/strong><\/em><\/p>\n<p>\u201cModerna \u015firketinin kurucusu, Adapazar Ermenisi Nubar Afeyan, Korona\u2019ya kar\u015f\u0131 d\u00fcnyan\u0131n ilk a\u015f\u0131s\u0131n\u0131 buldu.<\/p>\n<p>Ard\u0131ndan Bionetech \u015firketinin kurucusu,\u00a0 Hatay Arap Alevisi U\u011fur \u015eahin ile e\u015fi Rize Hem\u015fin Ermenisi \u00d6zlem T\u00fcreci, Koronaya kar\u015f\u0131 d\u00fcnyan\u0131n ikinci a\u015f\u0131s\u0131n\u0131 buldu.<\/p>\n<p>Senelerdir \u201cgavur\u201d diye k\u00fcfretti\u011finiz Ermeni ve Alevi\u00a0 insan\u0131n\u0131n zekas\u0131n\u0131 b\u00fct\u00fcn d\u00fcnya g\u00f6rd\u00fc!\u201d<\/p>\n<p><em><strong>https:\/\/www.ermenihaber.am\/tr\/news\/2021\/07\/30\/Leon-Terziyan-Ermeni-Alevi\/212523\u00a0<\/strong><\/em><\/p>\n","protected":false},"excerpt":{"rendered":"<p>Avrupa\u2019da ya\u015fayan T\u00fcrkiye Ermenisi Leon Terziyan, sosyal medyada \u015fu payla\u015f\u0131m\u0131n\u0131 yapt\u0131: \u201cModerna \u015firketinin kurucusu, Adapazar Ermenisi Nubar Afeyan, Korona\u2019ya kar\u015f\u0131 d\u00fcnyan\u0131n ilk a\u015f\u0131s\u0131n\u0131 buldu. Ard\u0131ndan Bionetech \u015firketinin kurucusu,\u00a0 Hatay Arap Alevisi U\u011fur \u015eahin ile e\u015fi Rize Hem\u015fin Ermenisi \u00d6zlem T\u00fcreci, Koronaya kar\u015f\u0131 d\u00fcnyan\u0131n ikinci a\u015f\u0131s\u0131n\u0131 buldu. Senelerdir \u201cgavur\u201d diye k\u00fcfretti\u011finiz Ermeni ve Alevi\u00a0 insan\u0131n\u0131n zekas\u0131n\u0131 [&hellip;]<\/p>\n","protected":false},"author":7,"featured_media":64014,"comment_status":"open","ping_status":"open","sticky":false,"template":"","format":"standard","meta":{"footnotes":""},"categories":[1],"tags":[],"class_list":["post-64013","post","type-post","status-publish","format-standard","has-post-thumbnail","hentry","category-haberler"],"yoast_head":"<!-- This site is optimized with the Yoast SEO plugin v27.4 - https:\/\/yoast.com\/product\/yoast-seo-wordpress\/ -->\n<title>Leon Terziyan: \u201cGavur\u201d diye k\u00fcfretti\u011finiz Ermeni ve Alevi insan\u0131n\u0131n zekas\u0131n\u0131 b\u00fct\u00fcn d\u00fcnya g\u00f6rd\u00fc!\u201d - Bati Ermenistan Ve Bati Ermenileri Sorunlari Ara\u015ftirmalar Merkezi<\/title>\n<meta name=\"robots\" content=\"index, follow, max-snippet:-1, max-image-preview:large, max-video-preview:-1\" \/>\n<link rel=\"canonical\" href=\"https:\/\/akunq.net\/tr\/?p=64013\" \/>\n<meta property=\"og:locale\" content=\"en_US\" \/>\n<meta property=\"og:type\" content=\"article\" \/>\n<meta property=\"og:title\" content=\"Leon Terziyan: \u201cGavur\u201d diye k\u00fcfretti\u011finiz Ermeni ve Alevi insan\u0131n\u0131n zekas\u0131n\u0131 b\u00fct\u00fcn d\u00fcnya g\u00f6rd\u00fc!\u201d - Bati Ermenistan Ve Bati Ermenileri Sorunlari Ara\u015ftirmalar Merkezi\" \/>\n<meta property=\"og:description\" content=\"Avrupa\u2019da ya\u015fayan T\u00fcrkiye Ermenisi Leon Terziyan, sosyal medyada \u015fu payla\u015f\u0131m\u0131n\u0131 yapt\u0131: \u201cModerna \u015firketinin kurucusu, Adapazar Ermenisi Nubar Afeyan, Korona\u2019ya kar\u015f\u0131 d\u00fcnyan\u0131n ilk a\u015f\u0131s\u0131n\u0131 buldu. Ard\u0131ndan Bionetech \u015firketinin kurucusu,\u00a0 Hatay Arap Alevisi U\u011fur \u015eahin ile e\u015fi Rize Hem\u015fin Ermenisi \u00d6zlem T\u00fcreci, Koronaya kar\u015f\u0131 d\u00fcnyan\u0131n ikinci a\u015f\u0131s\u0131n\u0131 buldu. Senelerdir \u201cgavur\u201d diye k\u00fcfretti\u011finiz Ermeni ve Alevi\u00a0 insan\u0131n\u0131n zekas\u0131n\u0131 [&hellip;]\" \/>\n<meta property=\"og:url\" content=\"https:\/\/akunq.net\/tr\/?p=64013\" \/>\n<meta property=\"og:site_name\" content=\"Bati Ermenistan Ve Bati Ermenileri Sorunlari Ara\u015ftirmalar Merkezi\" \/>\n<meta property=\"article:published_time\" content=\"2021-07-30T09:18:36+00:00\" \/>\n<meta property=\"og:image\" content=\"https:\/\/akunq.net\/tr\/wp-content\/uploads\/sites\/6\/2021\/07\/Ermeni-ve-Alevi-insan\u0131n\u0131n-zekas\u0131.jpg\" \/>\n\t<meta property=\"og:image:width\" content=\"540\" \/>\n\t<meta property=\"og:image:height\" content=\"960\" \/>\n\t<meta property=\"og:image:type\" content=\"image\/jpeg\" \/>\n<meta name=\"author\" content=\"admin\" \/>\n<meta name=\"twitter:card\" content=\"summary_large_image\" \/>\n<meta name=\"twitter:label1\" content=\"Written by\" \/>\n\t<meta name=\"twitter:data1\" content=\"admin\" \/>\n<script type=\"application\/ld+json\" class=\"yoast-schema-graph\">{\"@context\":\"https:\\\/\\\/schema.org\",\"@graph\":[{\"@type\":\"Article\",\"@id\":\"https:\\\/\\\/akunq.net\\\/tr\\\/?p=64013#article\",\"isPartOf\":{\"@id\":\"https:\\\/\\\/akunq.net\\\/tr\\\/?p=64013\"},\"author\":{\"name\":\"admin\",\"@id\":\"https:\\\/\\\/akunq.net\\\/tr\\\/#\\\/schema\\\/person\\\/096f1d38a12cce57fb855b485ed24c9e\"},\"headline\":\"Leon Terziyan: \u201cGavur\u201d diye k\u00fcfretti\u011finiz Ermeni ve Alevi insan\u0131n\u0131n zekas\u0131n\u0131 b\u00fct\u00fcn d\u00fcnya g\u00f6rd\u00fc!\u201d\",\"datePublished\":\"2021-07-30T09:18:36+00:00\",\"mainEntityOfPage\":{\"@id\":\"https:\\\/\\\/akunq.net\\\/tr\\\/?p=64013\"},\"wordCount\":115,\"commentCount\":0,\"image\":{\"@id\":\"https:\\\/\\\/akunq.net\\\/tr\\\/?p=64013#primaryimage\"},\"thumbnailUrl\":\"https:\\\/\\\/akunq.net\\\/tr\\\/wp-content\\\/uploads\\\/sites\\\/6\\\/2021\\\/07\\\/Ermeni-ve-Alevi-insan\u0131n\u0131n-zekas\u0131.jpg\",\"articleSection\":[\"Haberler\"],\"inLanguage\":\"en-US\",\"potentialAction\":[{\"@type\":\"CommentAction\",\"name\":\"Comment\",\"target\":[\"https:\\\/\\\/akunq.net\\\/tr\\\/?p=64013#respond\"]}]},{\"@type\":\"WebPage\",\"@id\":\"https:\\\/\\\/akunq.net\\\/tr\\\/?p=64013\",\"url\":\"https:\\\/\\\/akunq.net\\\/tr\\\/?p=64013\",\"name\":\"Leon Terziyan: \u201cGavur\u201d diye k\u00fcfretti\u011finiz Ermeni ve Alevi insan\u0131n\u0131n zekas\u0131n\u0131 b\u00fct\u00fcn d\u00fcnya g\u00f6rd\u00fc!\u201d - Bati Ermenistan Ve Bati Ermenileri Sorunlari Ara\u015ftirmalar Merkezi\",\"isPartOf\":{\"@id\":\"https:\\\/\\\/akunq.net\\\/tr\\\/#website\"},\"primaryImageOfPage\":{\"@id\":\"https:\\\/\\\/akunq.net\\\/tr\\\/?p=64013#primaryimage\"},\"image\":{\"@id\":\"https:\\\/\\\/akunq.net\\\/tr\\\/?p=64013#primaryimage\"},\"thumbnailUrl\":\"https:\\\/\\\/akunq.net\\\/tr\\\/wp-content\\\/uploads\\\/sites\\\/6\\\/2021\\\/07\\\/Ermeni-ve-Alevi-insan\u0131n\u0131n-zekas\u0131.jpg\",\"datePublished\":\"2021-07-30T09:18:36+00:00\",\"author\":{\"@id\":\"https:\\\/\\\/akunq.net\\\/tr\\\/#\\\/schema\\\/person\\\/096f1d38a12cce57fb855b485ed24c9e\"},\"breadcrumb\":{\"@id\":\"https:\\\/\\\/akunq.net\\\/tr\\\/?p=64013#breadcrumb\"},\"inLanguage\":\"en-US\",\"potentialAction\":[{\"@type\":\"ReadAction\",\"target\":[\"https:\\\/\\\/akunq.net\\\/tr\\\/?p=64013\"]}]},{\"@type\":\"ImageObject\",\"inLanguage\":\"en-US\",\"@id\":\"https:\\\/\\\/akunq.net\\\/tr\\\/?p=64013#primaryimage\",\"url\":\"https:\\\/\\\/akunq.net\\\/tr\\\/wp-content\\\/uploads\\\/sites\\\/6\\\/2021\\\/07\\\/Ermeni-ve-Alevi-insan\u0131n\u0131n-zekas\u0131.jpg\",\"contentUrl\":\"https:\\\/\\\/akunq.net\\\/tr\\\/wp-content\\\/uploads\\\/sites\\\/6\\\/2021\\\/07\\\/Ermeni-ve-Alevi-insan\u0131n\u0131n-zekas\u0131.jpg\",\"width\":540,\"height\":960},{\"@type\":\"BreadcrumbList\",\"@id\":\"https:\\\/\\\/akunq.net\\\/tr\\\/?p=64013#breadcrumb\",\"itemListElement\":[{\"@type\":\"ListItem\",\"position\":1,\"name\":\"Home\",\"item\":\"https:\\\/\\\/akunq.net\\\/tr\"},{\"@type\":\"ListItem\",\"position\":2,\"name\":\"Leon Terziyan: \u201cGavur\u201d diye k\u00fcfretti\u011finiz Ermeni ve Alevi insan\u0131n\u0131n zekas\u0131n\u0131 b\u00fct\u00fcn d\u00fcnya g\u00f6rd\u00fc!\u201d\"}]},{\"@type\":\"WebSite\",\"@id\":\"https:\\\/\\\/akunq.net\\\/tr\\\/#website\",\"url\":\"https:\\\/\\\/akunq.net\\\/tr\\\/\",\"name\":\"Bati Ermenistan Ve Bati Ermenileri Sorunlari Ara\u015ftirmalar Merkezi\",\"description\":\"\",\"potentialAction\":[{\"@type\":\"SearchAction\",\"target\":{\"@type\":\"EntryPoint\",\"urlTemplate\":\"https:\\\/\\\/akunq.net\\\/tr\\\/?s={search_term_string}\"},\"query-input\":{\"@type\":\"PropertyValueSpecification\",\"valueRequired\":true,\"valueName\":\"search_term_string\"}}],\"inLanguage\":\"en-US\"},{\"@type\":\"Person\",\"@id\":\"https:\\\/\\\/akunq.net\\\/tr\\\/#\\\/schema\\\/person\\\/096f1d38a12cce57fb855b485ed24c9e\",\"name\":\"admin\",\"url\":\"https:\\\/\\\/akunq.net\\\/tr\\\/?author=7\"}]}<\/script>\n<!-- \/ Yoast SEO plugin. -->","yoast_head_json":{"title":"Leon Terziyan: \u201cGavur\u201d diye k\u00fcfretti\u011finiz Ermeni ve Alevi insan\u0131n\u0131n zekas\u0131n\u0131 b\u00fct\u00fcn d\u00fcnya g\u00f6rd\u00fc!\u201d - Bati Ermenistan Ve Bati Ermenileri Sorunlari Ara\u015ftirmalar Merkezi","robots":{"index":"index","follow":"follow","max-snippet":"max-snippet:-1","max-image-preview":"max-image-preview:large","max-video-preview":"max-video-preview:-1"},"canonical":"https:\/\/akunq.net\/tr\/?p=64013","og_locale":"en_US","og_type":"article","og_title":"Leon Terziyan: \u201cGavur\u201d diye k\u00fcfretti\u011finiz Ermeni ve Alevi insan\u0131n\u0131n zekas\u0131n\u0131 b\u00fct\u00fcn d\u00fcnya g\u00f6rd\u00fc!\u201d - Bati Ermenistan Ve Bati Ermenileri Sorunlari Ara\u015ftirmalar Merkezi","og_description":"Avrupa\u2019da ya\u015fayan T\u00fcrkiye Ermenisi Leon Terziyan, sosyal medyada \u015fu payla\u015f\u0131m\u0131n\u0131 yapt\u0131: \u201cModerna \u015firketinin kurucusu, Adapazar Ermenisi Nubar Afeyan, Korona\u2019ya kar\u015f\u0131 d\u00fcnyan\u0131n ilk a\u015f\u0131s\u0131n\u0131 buldu. Ard\u0131ndan Bionetech \u015firketinin kurucusu,\u00a0 Hatay Arap Alevisi U\u011fur \u015eahin ile e\u015fi Rize Hem\u015fin Ermenisi \u00d6zlem T\u00fcreci, Koronaya kar\u015f\u0131 d\u00fcnyan\u0131n ikinci a\u015f\u0131s\u0131n\u0131 buldu. Senelerdir \u201cgavur\u201d diye k\u00fcfretti\u011finiz Ermeni ve Alevi\u00a0 insan\u0131n\u0131n zekas\u0131n\u0131 [&hellip;]","og_url":"https:\/\/akunq.net\/tr\/?p=64013","og_site_name":"Bati Ermenistan Ve Bati Ermenileri Sorunlari Ara\u015ftirmalar Merkezi","article_published_time":"2021-07-30T09:18:36+00:00","og_image":[{"width":540,"height":960,"url":"https:\/\/akunq.net\/tr\/wp-content\/uploads\/sites\/6\/2021\/07\/Ermeni-ve-Alevi-insan\u0131n\u0131n-zekas\u0131.jpg","type":"image\/jpeg"}],"author":"admin","twitter_card":"summary_large_image","twitter_misc":{"Written by":"admin"},"schema":{"@context":"https:\/\/schema.org","@graph":[{"@type":"Article","@id":"https:\/\/akunq.net\/tr\/?p=64013#article","isPartOf":{"@id":"https:\/\/akunq.net\/tr\/?p=64013"},"author":{"name":"admin","@id":"https:\/\/akunq.net\/tr\/#\/schema\/person\/096f1d38a12cce57fb855b485ed24c9e"},"headline":"Leon Terziyan: \u201cGavur\u201d diye k\u00fcfretti\u011finiz Ermeni ve Alevi insan\u0131n\u0131n zekas\u0131n\u0131 b\u00fct\u00fcn d\u00fcnya g\u00f6rd\u00fc!\u201d","datePublished":"2021-07-30T09:18:36+00:00","mainEntityOfPage":{"@id":"https:\/\/akunq.net\/tr\/?p=64013"},"wordCount":115,"commentCount":0,"image":{"@id":"https:\/\/akunq.net\/tr\/?p=64013#primaryimage"},"thumbnailUrl":"https:\/\/akunq.net\/tr\/wp-content\/uploads\/sites\/6\/2021\/07\/Ermeni-ve-Alevi-insan\u0131n\u0131n-zekas\u0131.jpg","articleSection":["Haberler"],"inLanguage":"en-US","potentialAction":[{"@type":"CommentAction","name":"Comment","target":["https:\/\/akunq.net\/tr\/?p=64013#respond"]}]},{"@type":"WebPage","@id":"https:\/\/akunq.net\/tr\/?p=64013","url":"https:\/\/akunq.net\/tr\/?p=64013","name":"Leon Terziyan: \u201cGavur\u201d diye k\u00fcfretti\u011finiz Ermeni ve Alevi insan\u0131n\u0131n zekas\u0131n\u0131 b\u00fct\u00fcn d\u00fcnya g\u00f6rd\u00fc!\u201d - Bati Ermenistan Ve Bati Ermenileri Sorunlari Ara\u015ftirmalar Merkezi","isPartOf":{"@id":"https:\/\/akunq.net\/tr\/#website"},"primaryImageOfPage":{"@id":"https:\/\/akunq.net\/tr\/?p=64013#primaryimage"},"image":{"@id":"https:\/\/akunq.net\/tr\/?p=64013#primaryimage"},"thumbnailUrl":"https:\/\/akunq.net\/tr\/wp-content\/uploads\/sites\/6\/2021\/07\/Ermeni-ve-Alevi-insan\u0131n\u0131n-zekas\u0131.jpg","datePublished":"2021-07-30T09:18:36+00:00","author":{"@id":"https:\/\/akunq.net\/tr\/#\/schema\/person\/096f1d38a12cce57fb855b485ed24c9e"},"breadcrumb":{"@id":"https:\/\/akunq.net\/tr\/?p=64013#breadcrumb"},"inLanguage":"en-US","potentialAction":[{"@type":"ReadAction","target":["https:\/\/akunq.net\/tr\/?p=64013"]}]},{"@type":"ImageObject","inLanguage":"en-US","@id":"https:\/\/akunq.net\/tr\/?p=64013#primaryimage","url":"https:\/\/akunq.net\/tr\/wp-content\/uploads\/sites\/6\/2021\/07\/Ermeni-ve-Alevi-insan\u0131n\u0131n-zekas\u0131.jpg","contentUrl":"https:\/\/akunq.net\/tr\/wp-content\/uploads\/sites\/6\/2021\/07\/Ermeni-ve-Alevi-insan\u0131n\u0131n-zekas\u0131.jpg","width":540,"height":960},{"@type":"BreadcrumbList","@id":"https:\/\/akunq.net\/tr\/?p=64013#breadcrumb","itemListElement":[{"@type":"ListItem","position":1,"name":"Home","item":"https:\/\/akunq.net\/tr"},{"@type":"ListItem","position":2,"name":"Leon Terziyan: \u201cGavur\u201d diye k\u00fcfretti\u011finiz Ermeni ve Alevi insan\u0131n\u0131n zekas\u0131n\u0131 b\u00fct\u00fcn d\u00fcnya g\u00f6rd\u00fc!\u201d"}]},{"@type":"WebSite","@id":"https:\/\/akunq.net\/tr\/#website","url":"https:\/\/akunq.net\/tr\/","name":"Bati Ermenistan Ve Bati Ermenileri Sorunlari Ara\u015ftirmalar Merkezi","description":"","potentialAction":[{"@type":"SearchAction","target":{"@type":"EntryPoint","urlTemplate":"https:\/\/akunq.net\/tr\/?s={search_term_string}"},"query-input":{"@type":"PropertyValueSpecification","valueRequired":true,"valueName":"search_term_string"}}],"inLanguage":"en-US"},{"@type":"Person","@id":"https:\/\/akunq.net\/tr\/#\/schema\/person\/096f1d38a12cce57fb855b485ed24c9e","name":"admin","url":"https:\/\/akunq.net\/tr\/?author=7"}]}},"_links":{"self":[{"href":"https:\/\/akunq.net\/tr\/index.php?rest_route=\/wp\/v2\/posts\/64013","targetHints":{"allow":["GET"]}}],"collection":[{"href":"https:\/\/akunq.net\/tr\/index.php?rest_route=\/wp\/v2\/posts"}],"about":[{"href":"https:\/\/akunq.net\/tr\/index.php?rest_route=\/wp\/v2\/types\/post"}],"author":[{"embeddable":true,"href":"https:\/\/akunq.net\/tr\/index.php?rest_route=\/wp\/v2\/users\/7"}],"replies":[{"embeddable":true,"href":"https:\/\/akunq.net\/tr\/index.php?rest_route=%2Fwp%2Fv2%2Fcomments&post=64013"}],"version-history":[{"count":1,"href":"https:\/\/akunq.net\/tr\/index.php?rest_route=\/wp\/v2\/posts\/64013\/revisions"}],"predecessor-version":[{"id":64015,"href":"https:\/\/akunq.net\/tr\/index.php?rest_route=\/wp\/v2\/posts\/64013\/revisions\/64015"}],"wp:featuredmedia":[{"embeddable":true,"href":"https:\/\/akunq.net\/tr\/index.php?rest_route=\/wp\/v2\/media\/64014"}],"wp:attachment":[{"href":"https:\/\/akunq.net\/tr\/index.php?rest_route=%2Fwp%2Fv2%2Fmedia&parent=64013"}],"wp:term":[{"taxonomy":"category","embeddable":true,"href":"https:\/\/akunq.net\/tr\/index.php?rest_route=%2Fwp%2Fv2%2Fcategories&post=64013"},{"taxonomy":"post_tag","embeddable":true,"href":"https:\/\/akunq.net\/tr\/index.php?rest_route=%2Fwp%2Fv2%2Ftags&post=64013"}],"curies":[{"name":"wp","href":"https:\/\/api.w.org\/{rel}","templated":true}]}}