{"id":64004,"date":"2021-07-30T03:44:27","date_gmt":"2021-07-30T08:44:27","guid":{"rendered":"https:\/\/akunq.net\/tr\/?p=64004"},"modified":"2021-07-30T03:44:27","modified_gmt":"2021-07-30T08:44:27","slug":"abd-temsilciler-meclisi-azerbaycana-askeri-yardimlari-kesmeyi-onayladi","status":"publish","type":"post","link":"https:\/\/akunq.net\/tr\/?p=64004","title":{"rendered":"ABD Temsilciler Meclisi, Azerbaycan\u2019a askeri yard\u0131mlar\u0131 kesmeyi onaylad\u0131"},"content":{"rendered":"<p><img loading=\"lazy\" decoding=\"async\" class=\"aligncenter size-medium wp-image-64005\" src=\"https:\/\/akunq.net\/tr\/wp-content\/uploads\/2021\/07\/ABD-Temsilciler-Meclisi-360x203.jpg\" alt=\"\" width=\"360\" height=\"203\" srcset=\"https:\/\/akunq.net\/tr\/wp-content\/uploads\/sites\/6\/2021\/07\/ABD-Temsilciler-Meclisi-360x203.jpg 360w, https:\/\/akunq.net\/tr\/wp-content\/uploads\/sites\/6\/2021\/07\/ABD-Temsilciler-Meclisi-768x432.jpg 768w, https:\/\/akunq.net\/tr\/wp-content\/uploads\/sites\/6\/2021\/07\/ABD-Temsilciler-Meclisi-560x315.jpg 560w, https:\/\/akunq.net\/tr\/wp-content\/uploads\/sites\/6\/2021\/07\/ABD-Temsilciler-Meclisi-260x146.jpg 260w, https:\/\/akunq.net\/tr\/wp-content\/uploads\/sites\/6\/2021\/07\/ABD-Temsilciler-Meclisi-160x90.jpg 160w, https:\/\/akunq.net\/tr\/wp-content\/uploads\/sites\/6\/2021\/07\/ABD-Temsilciler-Meclisi.jpg 864w\" sizes=\"auto, (max-width: 360px) 100vw, 360px\" \/><\/p>\n<p><em><strong>ABD\u2019de Demokratlar ve Cumhuriyet\u00e7ilerin ortak sundu\u011fu, Azerbaycan\u2019a yap\u0131lan askeri yard\u0131mlar\u0131 ve e\u011fitim finansman\u0131n\u0131 kesmeyi \u00f6ng\u00f6ren yasa tasar\u0131s\u0131, Temsilciler Meclisi\u2019nde oyland\u0131.<\/strong><\/em><\/p>\n<p>Temsilciler Meclisi\u2019nde yap\u0131lan oylamada Azerbaycan\u2019a yap\u0131lan askeri yard\u0131mlar\u0131 kesmeyi \u00f6ng\u00f6ren yasa tasar\u0131s\u0131 kabul edildi.<\/p>\n<p>Tasar\u0131 Demokratlar ve Cumhuriyet\u00e7iler taraf\u0131ndan ortak sunuldu.<\/p>\n<p>2022 b\u00fct\u00e7esinde \u00f6ng\u00f6r\u00fclen d\u0131\u015f yard\u0131m tasar\u0131s\u0131nda yap\u0131lan de\u011fi\u015fiklik, Uluslararas\u0131 Askeri E\u011fitim, \u00d6\u011fretim veya D\u0131\u015f Askeri Finansman programlar\u0131 arac\u0131l\u0131\u011f\u0131yla tahsis edilen veya ba\u015fka bir \u015fekilde sa\u011flanan fonlar\u0131n Azerbaycan\u2019a y\u00f6nelik kullan\u0131lmas\u0131n\u0131n \u00f6n\u00fcne ge\u00e7iyor.<\/p>\n<p>Tasar\u0131n\u0131n kabul edilmesinden \u00f6nce \u00f6nergenin sahiplerinden ABD Kongre \u00dcyesi Frank Pallone, 28 Temmuz\u2019da Ermenistan-Azerbaycan s\u0131n\u0131r\u0131n\u0131n Ge\u011farguni B\u00f6lgesinin yak\u0131n\u0131nda Azerbaycan&#8217;\u0131n ger\u00e7ekle\u015ftirdi\u011fi\u00a0 sald\u0131r\u0131ya de\u011findi. Sald\u0131r\u0131da\u00a0 3 Ermenistan askeri hayat\u0131n\u0131 kaybetmi\u015fti.<\/p>\n<p>Pallone \u201cAzerbaycan&#8217;\u0131n bug\u00fcnk\u00fc sald\u0131r\u0131s\u0131, Ermeni topraklar\u0131n\u0131 i\u015fgal etme ve \u00fclkedeki demokrasiyi bozma plan\u0131n\u0131n bir par\u00e7as\u0131. Bu sald\u0131rganl\u0131k g\u00f6z ard\u0131 etmeye devam edilirse, sald\u0131r\u0131lar\u0131n\u0131 \u00f6l\u00fcmc\u00fcl bir sonu\u00e7la s\u00fcrd\u00fcrecekler.\u201d ifadeleri kulland\u0131.<\/p>\n<p>Pallone, &#8220;Azerbaycan&#8217;a yap\u0131lan askeri yard\u0131ma devam\u0131n\u0131n maliyeti G\u00fcney Kafkasya&#8217;y\u0131 a\u015far. B\u00f6lgesel bir insani-g\u00fcvenlik krizi s\u0131ras\u0131nda d\u00fcnyan\u0131n en otoriter rejimlerinden birine yatakl\u0131k etmek, ABD&#8217;nin petrol \u00e7\u0131karlar\u0131 u\u011fruna de\u011ferlerinden vazge\u00e7meye haz\u0131r oldu\u011fu sinyalini veriyor&#8221; dedi.<\/p>\n<p>Tasar\u0131, ABD yasalar\u0131 B\u00f6l\u00fcm 333 uyar\u0131nca ABD Savunma Bakanl\u0131\u011f\u0131 taraf\u0131ndan iste\u011fe ba\u011fl\u0131 devredilebilecek askeri te\u00e7hizat\u0131 kapsam\u0131yor.<\/p>\n<p>Tasar\u0131 217 evet- 212 hay\u0131r oyu ile kabul edildi. Oylaman\u0131n ard\u0131ndan konu\u015fan Pallone &#8220;Azerbaycan&#8217;a, ABD&#8217;nin bar\u0131\u015f ve istikrar\u0131 tehdit eden otoriter rejimlere m\u00fcsamaha g\u00f6stermeyece\u011fine dair a\u00e7\u0131k bir sinyal g\u00f6ndermesinden gurur duyuyorum&#8221; dedi.<\/p>\n<p>\u00d6te yandan Ermenistan makamlar\u0131 Azerbaycan g\u00fc\u00e7lerinin d\u00fcn gece s\u0131n\u0131rda Ermenistan mevzilerine at\u0131\u015f a\u00e7t\u0131\u011f\u0131n\u0131 ve bir Ermenistan askerinin yaraland\u0131\u011f\u0131n\u0131 a\u00e7\u0131klad\u0131.<\/p>\n<p><em><strong>http:\/\/www.agos.com.tr\/tr\/yazi\/25966\/abd-temsilciler-meclisi-azerbaycana-askeri-yardimlari-kesmeyi-onayladi\u00a0<\/strong><\/em><\/p>\n","protected":false},"excerpt":{"rendered":"<p>ABD\u2019de Demokratlar ve Cumhuriyet\u00e7ilerin ortak sundu\u011fu, Azerbaycan\u2019a yap\u0131lan askeri yard\u0131mlar\u0131 ve e\u011fitim finansman\u0131n\u0131 kesmeyi \u00f6ng\u00f6ren yasa tasar\u0131s\u0131, Temsilciler Meclisi\u2019nde oyland\u0131. Temsilciler Meclisi\u2019nde yap\u0131lan oylamada Azerbaycan\u2019a yap\u0131lan askeri yard\u0131mlar\u0131 kesmeyi \u00f6ng\u00f6ren yasa tasar\u0131s\u0131 kabul edildi. Tasar\u0131 Demokratlar ve Cumhuriyet\u00e7iler taraf\u0131ndan ortak sunuldu. 2022 b\u00fct\u00e7esinde \u00f6ng\u00f6r\u00fclen d\u0131\u015f yard\u0131m tasar\u0131s\u0131nda yap\u0131lan de\u011fi\u015fiklik, Uluslararas\u0131 Askeri E\u011fitim, \u00d6\u011fretim veya D\u0131\u015f [&hellip;]<\/p>\n","protected":false},"author":7,"featured_media":64005,"comment_status":"open","ping_status":"open","sticky":false,"template":"","format":"standard","meta":{"footnotes":""},"categories":[1],"tags":[],"class_list":["post-64004","post","type-post","status-publish","format-standard","has-post-thumbnail","hentry","category-haberler"],"yoast_head":"<!-- This site is optimized with the Yoast SEO plugin v27.4 - https:\/\/yoast.com\/product\/yoast-seo-wordpress\/ -->\n<title>ABD Temsilciler Meclisi, Azerbaycan\u2019a askeri yard\u0131mlar\u0131 kesmeyi onaylad\u0131 - Bati Ermenistan Ve Bati Ermenileri Sorunlari Ara\u015ftirmalar Merkezi<\/title>\n<meta name=\"robots\" content=\"index, follow, max-snippet:-1, max-image-preview:large, max-video-preview:-1\" \/>\n<link rel=\"canonical\" href=\"https:\/\/akunq.net\/tr\/?p=64004\" \/>\n<meta property=\"og:locale\" content=\"en_US\" \/>\n<meta property=\"og:type\" content=\"article\" \/>\n<meta property=\"og:title\" content=\"ABD Temsilciler Meclisi, Azerbaycan\u2019a askeri yard\u0131mlar\u0131 kesmeyi onaylad\u0131 - Bati Ermenistan Ve Bati Ermenileri Sorunlari Ara\u015ftirmalar Merkezi\" \/>\n<meta property=\"og:description\" content=\"ABD\u2019de Demokratlar ve Cumhuriyet\u00e7ilerin ortak sundu\u011fu, Azerbaycan\u2019a yap\u0131lan askeri yard\u0131mlar\u0131 ve e\u011fitim finansman\u0131n\u0131 kesmeyi \u00f6ng\u00f6ren yasa tasar\u0131s\u0131, Temsilciler Meclisi\u2019nde oyland\u0131. Temsilciler Meclisi\u2019nde yap\u0131lan oylamada Azerbaycan\u2019a yap\u0131lan askeri yard\u0131mlar\u0131 kesmeyi \u00f6ng\u00f6ren yasa tasar\u0131s\u0131 kabul edildi. Tasar\u0131 Demokratlar ve Cumhuriyet\u00e7iler taraf\u0131ndan ortak sunuldu. 2022 b\u00fct\u00e7esinde \u00f6ng\u00f6r\u00fclen d\u0131\u015f yard\u0131m tasar\u0131s\u0131nda yap\u0131lan de\u011fi\u015fiklik, Uluslararas\u0131 Askeri E\u011fitim, \u00d6\u011fretim veya D\u0131\u015f [&hellip;]\" \/>\n<meta property=\"og:url\" content=\"https:\/\/akunq.net\/tr\/?p=64004\" \/>\n<meta property=\"og:site_name\" content=\"Bati Ermenistan Ve Bati Ermenileri Sorunlari Ara\u015ftirmalar Merkezi\" \/>\n<meta property=\"article:published_time\" content=\"2021-07-30T08:44:27+00:00\" \/>\n<meta property=\"og:image\" content=\"https:\/\/akunq.net\/tr\/wp-content\/uploads\/sites\/6\/2021\/07\/ABD-Temsilciler-Meclisi.jpg\" \/>\n\t<meta property=\"og:image:width\" content=\"864\" \/>\n\t<meta property=\"og:image:height\" content=\"486\" \/>\n\t<meta property=\"og:image:type\" content=\"image\/jpeg\" \/>\n<meta name=\"author\" content=\"admin\" \/>\n<meta name=\"twitter:card\" content=\"summary_large_image\" \/>\n<meta name=\"twitter:label1\" content=\"Written by\" \/>\n\t<meta name=\"twitter:data1\" content=\"admin\" \/>\n\t<meta name=\"twitter:label2\" content=\"Est. reading time\" \/>\n\t<meta name=\"twitter:data2\" content=\"2 minutes\" \/>\n<script type=\"application\/ld+json\" class=\"yoast-schema-graph\">{\"@context\":\"https:\\\/\\\/schema.org\",\"@graph\":[{\"@type\":\"Article\",\"@id\":\"https:\\\/\\\/akunq.net\\\/tr\\\/?p=64004#article\",\"isPartOf\":{\"@id\":\"https:\\\/\\\/akunq.net\\\/tr\\\/?p=64004\"},\"author\":{\"name\":\"admin\",\"@id\":\"https:\\\/\\\/akunq.net\\\/tr\\\/#\\\/schema\\\/person\\\/096f1d38a12cce57fb855b485ed24c9e\"},\"headline\":\"ABD Temsilciler Meclisi, Azerbaycan\u2019a askeri yard\u0131mlar\u0131 kesmeyi onaylad\u0131\",\"datePublished\":\"2021-07-30T08:44:27+00:00\",\"mainEntityOfPage\":{\"@id\":\"https:\\\/\\\/akunq.net\\\/tr\\\/?p=64004\"},\"wordCount\":369,\"commentCount\":0,\"image\":{\"@id\":\"https:\\\/\\\/akunq.net\\\/tr\\\/?p=64004#primaryimage\"},\"thumbnailUrl\":\"https:\\\/\\\/akunq.net\\\/tr\\\/wp-content\\\/uploads\\\/sites\\\/6\\\/2021\\\/07\\\/ABD-Temsilciler-Meclisi.jpg\",\"articleSection\":[\"Haberler\"],\"inLanguage\":\"en-US\",\"potentialAction\":[{\"@type\":\"CommentAction\",\"name\":\"Comment\",\"target\":[\"https:\\\/\\\/akunq.net\\\/tr\\\/?p=64004#respond\"]}]},{\"@type\":\"WebPage\",\"@id\":\"https:\\\/\\\/akunq.net\\\/tr\\\/?p=64004\",\"url\":\"https:\\\/\\\/akunq.net\\\/tr\\\/?p=64004\",\"name\":\"ABD Temsilciler Meclisi, Azerbaycan\u2019a askeri yard\u0131mlar\u0131 kesmeyi onaylad\u0131 - Bati Ermenistan Ve Bati Ermenileri Sorunlari Ara\u015ftirmalar Merkezi\",\"isPartOf\":{\"@id\":\"https:\\\/\\\/akunq.net\\\/tr\\\/#website\"},\"primaryImageOfPage\":{\"@id\":\"https:\\\/\\\/akunq.net\\\/tr\\\/?p=64004#primaryimage\"},\"image\":{\"@id\":\"https:\\\/\\\/akunq.net\\\/tr\\\/?p=64004#primaryimage\"},\"thumbnailUrl\":\"https:\\\/\\\/akunq.net\\\/tr\\\/wp-content\\\/uploads\\\/sites\\\/6\\\/2021\\\/07\\\/ABD-Temsilciler-Meclisi.jpg\",\"datePublished\":\"2021-07-30T08:44:27+00:00\",\"author\":{\"@id\":\"https:\\\/\\\/akunq.net\\\/tr\\\/#\\\/schema\\\/person\\\/096f1d38a12cce57fb855b485ed24c9e\"},\"breadcrumb\":{\"@id\":\"https:\\\/\\\/akunq.net\\\/tr\\\/?p=64004#breadcrumb\"},\"inLanguage\":\"en-US\",\"potentialAction\":[{\"@type\":\"ReadAction\",\"target\":[\"https:\\\/\\\/akunq.net\\\/tr\\\/?p=64004\"]}]},{\"@type\":\"ImageObject\",\"inLanguage\":\"en-US\",\"@id\":\"https:\\\/\\\/akunq.net\\\/tr\\\/?p=64004#primaryimage\",\"url\":\"https:\\\/\\\/akunq.net\\\/tr\\\/wp-content\\\/uploads\\\/sites\\\/6\\\/2021\\\/07\\\/ABD-Temsilciler-Meclisi.jpg\",\"contentUrl\":\"https:\\\/\\\/akunq.net\\\/tr\\\/wp-content\\\/uploads\\\/sites\\\/6\\\/2021\\\/07\\\/ABD-Temsilciler-Meclisi.jpg\",\"width\":864,\"height\":486},{\"@type\":\"BreadcrumbList\",\"@id\":\"https:\\\/\\\/akunq.net\\\/tr\\\/?p=64004#breadcrumb\",\"itemListElement\":[{\"@type\":\"ListItem\",\"position\":1,\"name\":\"Home\",\"item\":\"https:\\\/\\\/akunq.net\\\/tr\"},{\"@type\":\"ListItem\",\"position\":2,\"name\":\"ABD Temsilciler Meclisi, Azerbaycan\u2019a askeri yard\u0131mlar\u0131 kesmeyi onaylad\u0131\"}]},{\"@type\":\"WebSite\",\"@id\":\"https:\\\/\\\/akunq.net\\\/tr\\\/#website\",\"url\":\"https:\\\/\\\/akunq.net\\\/tr\\\/\",\"name\":\"Bati Ermenistan Ve Bati Ermenileri Sorunlari Ara\u015ftirmalar Merkezi\",\"description\":\"\",\"potentialAction\":[{\"@type\":\"SearchAction\",\"target\":{\"@type\":\"EntryPoint\",\"urlTemplate\":\"https:\\\/\\\/akunq.net\\\/tr\\\/?s={search_term_string}\"},\"query-input\":{\"@type\":\"PropertyValueSpecification\",\"valueRequired\":true,\"valueName\":\"search_term_string\"}}],\"inLanguage\":\"en-US\"},{\"@type\":\"Person\",\"@id\":\"https:\\\/\\\/akunq.net\\\/tr\\\/#\\\/schema\\\/person\\\/096f1d38a12cce57fb855b485ed24c9e\",\"name\":\"admin\",\"url\":\"https:\\\/\\\/akunq.net\\\/tr\\\/?author=7\"}]}<\/script>\n<!-- \/ Yoast SEO plugin. -->","yoast_head_json":{"title":"ABD Temsilciler Meclisi, Azerbaycan\u2019a askeri yard\u0131mlar\u0131 kesmeyi onaylad\u0131 - Bati Ermenistan Ve Bati Ermenileri Sorunlari Ara\u015ftirmalar Merkezi","robots":{"index":"index","follow":"follow","max-snippet":"max-snippet:-1","max-image-preview":"max-image-preview:large","max-video-preview":"max-video-preview:-1"},"canonical":"https:\/\/akunq.net\/tr\/?p=64004","og_locale":"en_US","og_type":"article","og_title":"ABD Temsilciler Meclisi, Azerbaycan\u2019a askeri yard\u0131mlar\u0131 kesmeyi onaylad\u0131 - Bati Ermenistan Ve Bati Ermenileri Sorunlari Ara\u015ftirmalar Merkezi","og_description":"ABD\u2019de Demokratlar ve Cumhuriyet\u00e7ilerin ortak sundu\u011fu, Azerbaycan\u2019a yap\u0131lan askeri yard\u0131mlar\u0131 ve e\u011fitim finansman\u0131n\u0131 kesmeyi \u00f6ng\u00f6ren yasa tasar\u0131s\u0131, Temsilciler Meclisi\u2019nde oyland\u0131. Temsilciler Meclisi\u2019nde yap\u0131lan oylamada Azerbaycan\u2019a yap\u0131lan askeri yard\u0131mlar\u0131 kesmeyi \u00f6ng\u00f6ren yasa tasar\u0131s\u0131 kabul edildi. Tasar\u0131 Demokratlar ve Cumhuriyet\u00e7iler taraf\u0131ndan ortak sunuldu. 2022 b\u00fct\u00e7esinde \u00f6ng\u00f6r\u00fclen d\u0131\u015f yard\u0131m tasar\u0131s\u0131nda yap\u0131lan de\u011fi\u015fiklik, Uluslararas\u0131 Askeri E\u011fitim, \u00d6\u011fretim veya D\u0131\u015f [&hellip;]","og_url":"https:\/\/akunq.net\/tr\/?p=64004","og_site_name":"Bati Ermenistan Ve Bati Ermenileri Sorunlari Ara\u015ftirmalar Merkezi","article_published_time":"2021-07-30T08:44:27+00:00","og_image":[{"width":864,"height":486,"url":"https:\/\/akunq.net\/tr\/wp-content\/uploads\/sites\/6\/2021\/07\/ABD-Temsilciler-Meclisi.jpg","type":"image\/jpeg"}],"author":"admin","twitter_card":"summary_large_image","twitter_misc":{"Written by":"admin","Est. reading time":"2 minutes"},"schema":{"@context":"https:\/\/schema.org","@graph":[{"@type":"Article","@id":"https:\/\/akunq.net\/tr\/?p=64004#article","isPartOf":{"@id":"https:\/\/akunq.net\/tr\/?p=64004"},"author":{"name":"admin","@id":"https:\/\/akunq.net\/tr\/#\/schema\/person\/096f1d38a12cce57fb855b485ed24c9e"},"headline":"ABD Temsilciler Meclisi, Azerbaycan\u2019a askeri yard\u0131mlar\u0131 kesmeyi onaylad\u0131","datePublished":"2021-07-30T08:44:27+00:00","mainEntityOfPage":{"@id":"https:\/\/akunq.net\/tr\/?p=64004"},"wordCount":369,"commentCount":0,"image":{"@id":"https:\/\/akunq.net\/tr\/?p=64004#primaryimage"},"thumbnailUrl":"https:\/\/akunq.net\/tr\/wp-content\/uploads\/sites\/6\/2021\/07\/ABD-Temsilciler-Meclisi.jpg","articleSection":["Haberler"],"inLanguage":"en-US","potentialAction":[{"@type":"CommentAction","name":"Comment","target":["https:\/\/akunq.net\/tr\/?p=64004#respond"]}]},{"@type":"WebPage","@id":"https:\/\/akunq.net\/tr\/?p=64004","url":"https:\/\/akunq.net\/tr\/?p=64004","name":"ABD Temsilciler Meclisi, Azerbaycan\u2019a askeri yard\u0131mlar\u0131 kesmeyi onaylad\u0131 - Bati Ermenistan Ve Bati Ermenileri Sorunlari Ara\u015ftirmalar Merkezi","isPartOf":{"@id":"https:\/\/akunq.net\/tr\/#website"},"primaryImageOfPage":{"@id":"https:\/\/akunq.net\/tr\/?p=64004#primaryimage"},"image":{"@id":"https:\/\/akunq.net\/tr\/?p=64004#primaryimage"},"thumbnailUrl":"https:\/\/akunq.net\/tr\/wp-content\/uploads\/sites\/6\/2021\/07\/ABD-Temsilciler-Meclisi.jpg","datePublished":"2021-07-30T08:44:27+00:00","author":{"@id":"https:\/\/akunq.net\/tr\/#\/schema\/person\/096f1d38a12cce57fb855b485ed24c9e"},"breadcrumb":{"@id":"https:\/\/akunq.net\/tr\/?p=64004#breadcrumb"},"inLanguage":"en-US","potentialAction":[{"@type":"ReadAction","target":["https:\/\/akunq.net\/tr\/?p=64004"]}]},{"@type":"ImageObject","inLanguage":"en-US","@id":"https:\/\/akunq.net\/tr\/?p=64004#primaryimage","url":"https:\/\/akunq.net\/tr\/wp-content\/uploads\/sites\/6\/2021\/07\/ABD-Temsilciler-Meclisi.jpg","contentUrl":"https:\/\/akunq.net\/tr\/wp-content\/uploads\/sites\/6\/2021\/07\/ABD-Temsilciler-Meclisi.jpg","width":864,"height":486},{"@type":"BreadcrumbList","@id":"https:\/\/akunq.net\/tr\/?p=64004#breadcrumb","itemListElement":[{"@type":"ListItem","position":1,"name":"Home","item":"https:\/\/akunq.net\/tr"},{"@type":"ListItem","position":2,"name":"ABD Temsilciler Meclisi, Azerbaycan\u2019a askeri yard\u0131mlar\u0131 kesmeyi onaylad\u0131"}]},{"@type":"WebSite","@id":"https:\/\/akunq.net\/tr\/#website","url":"https:\/\/akunq.net\/tr\/","name":"Bati Ermenistan Ve Bati Ermenileri Sorunlari Ara\u015ftirmalar Merkezi","description":"","potentialAction":[{"@type":"SearchAction","target":{"@type":"EntryPoint","urlTemplate":"https:\/\/akunq.net\/tr\/?s={search_term_string}"},"query-input":{"@type":"PropertyValueSpecification","valueRequired":true,"valueName":"search_term_string"}}],"inLanguage":"en-US"},{"@type":"Person","@id":"https:\/\/akunq.net\/tr\/#\/schema\/person\/096f1d38a12cce57fb855b485ed24c9e","name":"admin","url":"https:\/\/akunq.net\/tr\/?author=7"}]}},"_links":{"self":[{"href":"https:\/\/akunq.net\/tr\/index.php?rest_route=\/wp\/v2\/posts\/64004","targetHints":{"allow":["GET"]}}],"collection":[{"href":"https:\/\/akunq.net\/tr\/index.php?rest_route=\/wp\/v2\/posts"}],"about":[{"href":"https:\/\/akunq.net\/tr\/index.php?rest_route=\/wp\/v2\/types\/post"}],"author":[{"embeddable":true,"href":"https:\/\/akunq.net\/tr\/index.php?rest_route=\/wp\/v2\/users\/7"}],"replies":[{"embeddable":true,"href":"https:\/\/akunq.net\/tr\/index.php?rest_route=%2Fwp%2Fv2%2Fcomments&post=64004"}],"version-history":[{"count":1,"href":"https:\/\/akunq.net\/tr\/index.php?rest_route=\/wp\/v2\/posts\/64004\/revisions"}],"predecessor-version":[{"id":64006,"href":"https:\/\/akunq.net\/tr\/index.php?rest_route=\/wp\/v2\/posts\/64004\/revisions\/64006"}],"wp:featuredmedia":[{"embeddable":true,"href":"https:\/\/akunq.net\/tr\/index.php?rest_route=\/wp\/v2\/media\/64005"}],"wp:attachment":[{"href":"https:\/\/akunq.net\/tr\/index.php?rest_route=%2Fwp%2Fv2%2Fmedia&parent=64004"}],"wp:term":[{"taxonomy":"category","embeddable":true,"href":"https:\/\/akunq.net\/tr\/index.php?rest_route=%2Fwp%2Fv2%2Fcategories&post=64004"},{"taxonomy":"post_tag","embeddable":true,"href":"https:\/\/akunq.net\/tr\/index.php?rest_route=%2Fwp%2Fv2%2Ftags&post=64004"}],"curies":[{"name":"wp","href":"https:\/\/api.w.org\/{rel}","templated":true}]}}