{"id":63984,"date":"2021-07-29T01:35:25","date_gmt":"2021-07-29T06:35:25","guid":{"rendered":"https:\/\/akunq.net\/tr\/?p=63984"},"modified":"2021-07-29T01:35:25","modified_gmt":"2021-07-29T06:35:25","slug":"tashoron-kilisesinde-restorasyon-calismalari-tamamlandi","status":"publish","type":"post","link":"https:\/\/akunq.net\/tr\/?p=63984","title":{"rendered":"Ta\u015fhoron Kilisesi\u2019nde restorasyon \u00e7al\u0131\u015fmalar\u0131 tamamland\u0131"},"content":{"rendered":"<p><img loading=\"lazy\" decoding=\"async\" class=\"aligncenter size-medium wp-image-63985\" src=\"https:\/\/akunq.net\/tr\/wp-content\/uploads\/2021\/07\/Ta\u015fhoron-Kilisesi-360x203.jpeg\" alt=\"\" width=\"360\" height=\"203\" srcset=\"https:\/\/akunq.net\/tr\/wp-content\/uploads\/sites\/6\/2021\/07\/Ta\u015fhoron-Kilisesi-360x203.jpeg 360w, https:\/\/akunq.net\/tr\/wp-content\/uploads\/sites\/6\/2021\/07\/Ta\u015fhoron-Kilisesi-560x315.jpeg 560w, https:\/\/akunq.net\/tr\/wp-content\/uploads\/sites\/6\/2021\/07\/Ta\u015fhoron-Kilisesi-260x146.jpeg 260w, https:\/\/akunq.net\/tr\/wp-content\/uploads\/sites\/6\/2021\/07\/Ta\u015fhoron-Kilisesi-160x90.jpeg 160w, https:\/\/akunq.net\/tr\/wp-content\/uploads\/sites\/6\/2021\/07\/Ta\u015fhoron-Kilisesi.jpeg 640w\" sizes=\"auto, (max-width: 360px) 100vw, 360px\" \/><\/p>\n<p><em><strong>Ta\u015fhoron Kilisesi\u2019nde restorasyon \u00e7al\u0131\u015fmalar\u0131 tamamland\u0131 Malatya\u2019da y\u0131llard\u0131r kendi haline terk edilen Ta\u015fhoron Kilisesi\u2019nde restorasyon \u00e7al\u0131\u015fmalar\u0131 tamamland\u0131.<\/strong><\/em><\/p>\n<p>MALATYA \u2013 Malatya\u2019da y\u0131llard\u0131r kendi haline terk edilen Ta\u015fhoron Kilisesi\u2019nde restorasyon \u00e7al\u0131\u015fmalar\u0131 tamamland\u0131.<\/p>\n<p>Tarihi ve k\u00fclt\u00fcrel miraslar\u0131, evrensel de\u011ferler haline getiren Malatya\u00a0<a href=\"https:\/\/www.haberler.com\/buyuksehir-belediyesi\/\"><strong>B\u00fcy\u00fck\u015fehir Belediyesi<\/strong><\/a>, Malatya\u2019da bulunan tarihi yap\u0131lar\u0131 gelecek nesillere ta\u015f\u0131mak i\u00e7in \u00e7al\u0131\u015fmalar\u0131n\u0131 s\u00fcrd\u00fcr\u00fcyor.<\/p>\n<p>Yap\u0131lan \u00e7al\u0131\u015fmalar ve giri\u015fimler sonucunda Arslantepe\u2019nin UNESCO D\u00fcnya K\u00fclt\u00fcr Miras\u0131 as\u0131l listesine al\u0131nmas\u0131 B\u00fcy\u00fck\u015fehir Belediye Ba\u015fkan\u0131\u00a0<a href=\"https:\/\/www.haberler.com\/selahattin-gurkan\/\"><strong>Selahattin G\u00fcrkan<\/strong><\/a>\u2018\u0131n yapm\u0131\u015f oldu\u011fu \u00e7al\u0131\u015fmalar\u0131n ne denli \u00f6nemli oldu\u011funu bir kez daha g\u00f6sterdi. Y\u0131llard\u0131r kendi haline terk edilen, 1893 y\u0131l\u0131nda yap\u0131lan Ta\u015fhoron Kilisesi B\u00fcy\u00fck\u015fehir Belediyesi\u2019nin ger\u00e7ekle\u015ftirdi\u011fi titiz \u00e7al\u0131\u015fmalarla yeniden aya\u011fa kald\u0131r\u0131ld\u0131.<\/p>\n<p>Malatya\u2019n\u0131n ge\u00e7mi\u015f y\u00fczy\u0131llar\u0131na \u0131\u015f\u0131k tutan tarihi eserlerin bir bir aya\u011f\u0131 kald\u0131r\u0131lmas\u0131 noktas\u0131nda gayret g\u00f6steren Malatya B\u00fcy\u00fck\u015fehir Belediye Ba\u015fkan\u0131 Selahattin G\u00fcrkan, restorasyon ve \u00e7evre d\u00fczenleme \u00e7al\u0131\u015fmalar\u0131n\u0131n tamamland\u0131\u011f\u0131 Ta\u015fhoron Kilisesinde incelemelerde bulundu.<\/p>\n<p>Ta\u015fhoron Kilisesi\u2019nde yap\u0131lan \u00e7al\u0131\u015fmalar hakk\u0131nda bilgiler veren Genel Sekreter Yard\u0131mc\u0131s\u0131 Latif Okyay, \u201cTa\u015fhoron Kilisesi\u2019nin ge\u00e7ti\u011fimiz y\u0131l restorasyon \u00e7al\u0131\u015fmalar\u0131na ba\u015flam\u0131\u015ft\u0131k. \u015euan itibariyle restorasyon \u00e7al\u0131\u015fmalar\u0131 tamamland\u0131. Alanda peyzaj d\u00fczenleme i\u015flemleri de tamamland\u0131. \u015euan i\u00e7in i\u00e7 tefri\u015fat \u00e7al\u0131\u015fmalar\u0131na devam ediyoruz. Tefri\u015fat \u00e7al\u0131\u015fmalar\u0131m\u0131z\u0131 da tamamlad\u0131ktan sonra Ta\u015fhoron Kilisesi hizmete a\u00e7\u0131lacak\u201d dedi.<\/p>\n<p>\u00c7avu\u015fo\u011flu Mahallesi Muhtar\u0131 Murteza Ede ise yap\u0131lan \u00e7al\u0131\u015fmalardan dolay\u0131 B\u00fcy\u00fck\u015fehir Belediye Ba\u015fkan\u0131 Selahattin G\u00fcrkan ve ekibine te\u015fekk\u00fcr ettiklerini s\u00f6yledi.<\/p>\n<p>Tarihi de\u011ferlerin aya\u011fa kald\u0131r\u0131lmas\u0131n\u0131n ve gelecek nesillere aktar\u0131lmas\u0131n\u0131n \u00e7ok \u00f6nemli oldu\u011funu belirten Ba\u015fkan G\u00fcrkan inceleme gezisi s\u0131ras\u0131nda yapt\u0131\u011f\u0131 a\u00e7\u0131klamada, \u201cTa\u015fhoron Kilisesi 1977 y\u0131l\u0131nda Adana K\u00fclt\u00fcr Varl\u0131klar\u0131 taraf\u0131ndan tescil edilmi\u015f daha sonra de\u011fi\u015fik zamanlarda gerek r\u00f6leve gerekse restorasyon noktas\u0131nda Gaziantep ve Sivas Kurulunda de\u011fi\u015fik zamanlarda g\u00fcndeme getirilmi\u015f. S\u00fcre\u00e7 sonunda biz g\u00f6reve geldi\u011fimizde \u00f6zellikle Sivas Koruma Kurulundan son nihai karar\u0131 alarak Ta\u015fhoron Kilisesi\u2019nin r\u00f6leve ve restorasyon projelerini onaylatt\u0131k. Onaylama sonras\u0131nda projenin ihale s\u00fcrecini ba\u015flatt\u0131k. \u0130hale s\u00fcreci de ge\u00e7ti\u011fimiz y\u0131l ba\u015flam\u0131\u015ft\u0131 ve 2021 y\u0131l\u0131 Temmuz ay\u0131 itibariyle \u00e7al\u0131\u015fmalar bitirilmi\u015f oldu. Ta\u015fhoron Kilisesi, k\u00fclt\u00fcr merkezi ve zaman zamanda ilgili vatanda\u015flar\u0131m\u0131z taraf\u0131ndan kilise olarak ziyarete a\u00e7\u0131k olacak. Kilisenin i\u00e7erisinde k\u00fct\u00fcphanemiz olacak. K\u00fct\u00fcphaneden vatanda\u015flar\u0131m\u0131z istedikleri gibi yararlanabilecekler. Vatanda\u015flar\u0131m\u0131z Ta\u015fhoron Kilisesi\u2019ne geldi\u011finde ge\u00e7mi\u015fte i\u015flevi noktas\u0131nda nas\u0131l bir uygulama yap\u0131ld\u0131\u011f\u0131n\u0131 kilisenin mevcut yap\u0131s\u0131 i\u00e7erisinde g\u00f6recekler.<\/p>\n<p>Ayr\u0131ca k\u00fclt\u00fcr merkezinin genel detay\u0131 itibariyle geni\u015f bir \u00e7evre alan\u0131na sahip. Alan i\u00e7erisinde \u00e7i\u00e7eklendirme, \u00e7imlendirme ve a\u011fa\u00e7land\u0131rma \u00e7al\u0131\u015fmalar\u0131 da tamamland\u0131. Alan i\u00e7erisinde kafeterya ve geni\u015f bir k\u00fclt\u00fcr bah\u00e7esi d\u00fczeni olu\u015fturulmu\u015f durumda. \u0130kinci k\u0131s\u0131m olarak tabir etti\u011fimiz, Millet Bah\u00e7esi olarak de\u011ferlendirece\u011fimiz ve halka a\u00e7aca\u011f\u0131m\u0131z bir park yap\u0131s\u0131n\u0131 da Necatibey Ortaokulu ve Nureddin Zengi \u0130lkokulu binas\u0131n\u0131n do\u011fu taraf\u0131ndaki k\u0131sm\u0131nda planlad\u0131k. En k\u0131sa zamanda gerekli planlama ve proje \u00e7al\u0131\u015fmalar\u0131n\u0131n tamamlanmas\u0131n\u0131n akabinde yine milletimize a\u00e7\u0131k bir \u015fekilde, herkesin kullanabilece\u011fi, gezip g\u00f6rebilece\u011fi ve dinlenebilece\u011fi \u00c7avu\u015fo\u011flu Mahallemize yak\u0131\u015f\u0131r g\u00fczel bir park olaca\u011f\u0131n\u0131, g\u00fczel bir Millet Bah\u00e7esi olaca\u011f\u0131n\u0131 ifade etmek istiyorum. \u015euanda Millet Bah\u00e7emizle ilgili \u00e7al\u0131\u015fmalar yo\u011fun bir \u015fekilde devam ediyor. \u0130n\u015fallah Ekim ay\u0131 itibariyle \u00e7al\u0131\u015fmalar\u0131m\u0131z\u0131 bitirerek kendisine m\u00fctenasip g\u00fczel bir yer olacak. Ye\u015filiyle, \u00e7i\u00e7ekleriyle, \u00e7evre d\u00fczenlemesiyle, k\u00fct\u00fcphaneleriyle, kafeteryalar\u0131yla ve oyun bah\u00e7eleriyle g\u00fczel bir saha olacak. \u00c7al\u0131\u015fmalar\u0131 yapan ilgili arkada\u015flar\u0131m\u0131za te\u015fekk\u00fcr ediyorum. Milletimize hay\u0131rl\u0131 u\u011furlu olmas\u0131n\u0131 temenni ediyorum\u201d ifadelerini kulland\u0131<\/p>\n<p><em><strong><a href=\"https:\/\/www.haberler.com\/tashoron-kilisesinde-restorasyon-calismalari-14293953-haberi\/\">https:\/\/www.haberler.com\/tashoron-kilisesinde-restorasyon-calismalari-14293953-haberi\/<\/a><\/strong><\/em><\/p>\n<div class=\"sharedaddy sd-sharing-enabled\">\n<div class=\"robots-nocontent sd-block sd-social sd-social-icon-text sd-sharing\">\n<h3 class=\"sd-title\"><b><i>\u00a0<\/i><\/b><\/h3>\n<\/div>\n<\/div>\n","protected":false},"excerpt":{"rendered":"<p>Ta\u015fhoron Kilisesi\u2019nde restorasyon \u00e7al\u0131\u015fmalar\u0131 tamamland\u0131 Malatya\u2019da y\u0131llard\u0131r kendi haline terk edilen Ta\u015fhoron Kilisesi\u2019nde restorasyon \u00e7al\u0131\u015fmalar\u0131 tamamland\u0131. MALATYA \u2013 Malatya\u2019da y\u0131llard\u0131r kendi haline terk edilen Ta\u015fhoron Kilisesi\u2019nde restorasyon \u00e7al\u0131\u015fmalar\u0131 tamamland\u0131. Tarihi ve k\u00fclt\u00fcrel miraslar\u0131, evrensel de\u011ferler haline getiren Malatya\u00a0B\u00fcy\u00fck\u015fehir Belediyesi, Malatya\u2019da bulunan tarihi yap\u0131lar\u0131 gelecek nesillere ta\u015f\u0131mak i\u00e7in \u00e7al\u0131\u015fmalar\u0131n\u0131 s\u00fcrd\u00fcr\u00fcyor. Yap\u0131lan \u00e7al\u0131\u015fmalar ve giri\u015fimler sonucunda Arslantepe\u2019nin [&hellip;]<\/p>\n","protected":false},"author":7,"featured_media":63985,"comment_status":"open","ping_status":"open","sticky":false,"template":"","format":"standard","meta":{"footnotes":""},"categories":[1],"tags":[],"class_list":["post-63984","post","type-post","status-publish","format-standard","has-post-thumbnail","hentry","category-haberler"],"yoast_head":"<!-- This site is optimized with the Yoast SEO plugin v27.4 - https:\/\/yoast.com\/product\/yoast-seo-wordpress\/ -->\n<title>Ta\u015fhoron Kilisesi\u2019nde restorasyon \u00e7al\u0131\u015fmalar\u0131 tamamland\u0131 - Bati Ermenistan Ve Bati Ermenileri Sorunlari Ara\u015ftirmalar Merkezi<\/title>\n<meta name=\"robots\" content=\"index, follow, max-snippet:-1, max-image-preview:large, max-video-preview:-1\" \/>\n<link rel=\"canonical\" href=\"https:\/\/akunq.net\/tr\/?p=63984\" \/>\n<meta property=\"og:locale\" content=\"en_US\" \/>\n<meta property=\"og:type\" content=\"article\" \/>\n<meta property=\"og:title\" content=\"Ta\u015fhoron Kilisesi\u2019nde restorasyon \u00e7al\u0131\u015fmalar\u0131 tamamland\u0131 - Bati Ermenistan Ve Bati Ermenileri Sorunlari Ara\u015ftirmalar Merkezi\" \/>\n<meta property=\"og:description\" content=\"Ta\u015fhoron Kilisesi\u2019nde restorasyon \u00e7al\u0131\u015fmalar\u0131 tamamland\u0131 Malatya\u2019da y\u0131llard\u0131r kendi haline terk edilen Ta\u015fhoron Kilisesi\u2019nde restorasyon \u00e7al\u0131\u015fmalar\u0131 tamamland\u0131. MALATYA \u2013 Malatya\u2019da y\u0131llard\u0131r kendi haline terk edilen Ta\u015fhoron Kilisesi\u2019nde restorasyon \u00e7al\u0131\u015fmalar\u0131 tamamland\u0131. Tarihi ve k\u00fclt\u00fcrel miraslar\u0131, evrensel de\u011ferler haline getiren Malatya\u00a0B\u00fcy\u00fck\u015fehir Belediyesi, Malatya\u2019da bulunan tarihi yap\u0131lar\u0131 gelecek nesillere ta\u015f\u0131mak i\u00e7in \u00e7al\u0131\u015fmalar\u0131n\u0131 s\u00fcrd\u00fcr\u00fcyor. Yap\u0131lan \u00e7al\u0131\u015fmalar ve giri\u015fimler sonucunda Arslantepe\u2019nin [&hellip;]\" \/>\n<meta property=\"og:url\" content=\"https:\/\/akunq.net\/tr\/?p=63984\" \/>\n<meta property=\"og:site_name\" content=\"Bati Ermenistan Ve Bati Ermenileri Sorunlari Ara\u015ftirmalar Merkezi\" \/>\n<meta property=\"article:published_time\" content=\"2021-07-29T06:35:25+00:00\" \/>\n<meta property=\"og:image\" content=\"https:\/\/akunq.net\/tr\/wp-content\/uploads\/sites\/6\/2021\/07\/Ta\u015fhoron-Kilisesi.jpeg\" \/>\n\t<meta property=\"og:image:width\" content=\"640\" \/>\n\t<meta property=\"og:image:height\" content=\"360\" \/>\n\t<meta property=\"og:image:type\" content=\"image\/jpeg\" \/>\n<meta name=\"author\" content=\"admin\" \/>\n<meta name=\"twitter:card\" content=\"summary_large_image\" \/>\n<meta name=\"twitter:label1\" content=\"Written by\" \/>\n\t<meta name=\"twitter:data1\" content=\"admin\" \/>\n\t<meta name=\"twitter:label2\" content=\"Est. reading time\" \/>\n\t<meta name=\"twitter:data2\" content=\"4 minutes\" \/>\n<script type=\"application\/ld+json\" class=\"yoast-schema-graph\">{\"@context\":\"https:\\\/\\\/schema.org\",\"@graph\":[{\"@type\":\"Article\",\"@id\":\"https:\\\/\\\/akunq.net\\\/tr\\\/?p=63984#article\",\"isPartOf\":{\"@id\":\"https:\\\/\\\/akunq.net\\\/tr\\\/?p=63984\"},\"author\":{\"name\":\"admin\",\"@id\":\"https:\\\/\\\/akunq.net\\\/tr\\\/#\\\/schema\\\/person\\\/096f1d38a12cce57fb855b485ed24c9e\"},\"headline\":\"Ta\u015fhoron Kilisesi\u2019nde restorasyon \u00e7al\u0131\u015fmalar\u0131 tamamland\u0131\",\"datePublished\":\"2021-07-29T06:35:25+00:00\",\"mainEntityOfPage\":{\"@id\":\"https:\\\/\\\/akunq.net\\\/tr\\\/?p=63984\"},\"wordCount\":762,\"commentCount\":0,\"image\":{\"@id\":\"https:\\\/\\\/akunq.net\\\/tr\\\/?p=63984#primaryimage\"},\"thumbnailUrl\":\"https:\\\/\\\/akunq.net\\\/tr\\\/wp-content\\\/uploads\\\/sites\\\/6\\\/2021\\\/07\\\/Ta\u015fhoron-Kilisesi.jpeg\",\"articleSection\":[\"Haberler\"],\"inLanguage\":\"en-US\",\"potentialAction\":[{\"@type\":\"CommentAction\",\"name\":\"Comment\",\"target\":[\"https:\\\/\\\/akunq.net\\\/tr\\\/?p=63984#respond\"]}]},{\"@type\":\"WebPage\",\"@id\":\"https:\\\/\\\/akunq.net\\\/tr\\\/?p=63984\",\"url\":\"https:\\\/\\\/akunq.net\\\/tr\\\/?p=63984\",\"name\":\"Ta\u015fhoron Kilisesi\u2019nde restorasyon \u00e7al\u0131\u015fmalar\u0131 tamamland\u0131 - Bati Ermenistan Ve Bati Ermenileri Sorunlari Ara\u015ftirmalar Merkezi\",\"isPartOf\":{\"@id\":\"https:\\\/\\\/akunq.net\\\/tr\\\/#website\"},\"primaryImageOfPage\":{\"@id\":\"https:\\\/\\\/akunq.net\\\/tr\\\/?p=63984#primaryimage\"},\"image\":{\"@id\":\"https:\\\/\\\/akunq.net\\\/tr\\\/?p=63984#primaryimage\"},\"thumbnailUrl\":\"https:\\\/\\\/akunq.net\\\/tr\\\/wp-content\\\/uploads\\\/sites\\\/6\\\/2021\\\/07\\\/Ta\u015fhoron-Kilisesi.jpeg\",\"datePublished\":\"2021-07-29T06:35:25+00:00\",\"author\":{\"@id\":\"https:\\\/\\\/akunq.net\\\/tr\\\/#\\\/schema\\\/person\\\/096f1d38a12cce57fb855b485ed24c9e\"},\"breadcrumb\":{\"@id\":\"https:\\\/\\\/akunq.net\\\/tr\\\/?p=63984#breadcrumb\"},\"inLanguage\":\"en-US\",\"potentialAction\":[{\"@type\":\"ReadAction\",\"target\":[\"https:\\\/\\\/akunq.net\\\/tr\\\/?p=63984\"]}]},{\"@type\":\"ImageObject\",\"inLanguage\":\"en-US\",\"@id\":\"https:\\\/\\\/akunq.net\\\/tr\\\/?p=63984#primaryimage\",\"url\":\"https:\\\/\\\/akunq.net\\\/tr\\\/wp-content\\\/uploads\\\/sites\\\/6\\\/2021\\\/07\\\/Ta\u015fhoron-Kilisesi.jpeg\",\"contentUrl\":\"https:\\\/\\\/akunq.net\\\/tr\\\/wp-content\\\/uploads\\\/sites\\\/6\\\/2021\\\/07\\\/Ta\u015fhoron-Kilisesi.jpeg\",\"width\":640,\"height\":360},{\"@type\":\"BreadcrumbList\",\"@id\":\"https:\\\/\\\/akunq.net\\\/tr\\\/?p=63984#breadcrumb\",\"itemListElement\":[{\"@type\":\"ListItem\",\"position\":1,\"name\":\"Home\",\"item\":\"https:\\\/\\\/akunq.net\\\/tr\"},{\"@type\":\"ListItem\",\"position\":2,\"name\":\"Ta\u015fhoron Kilisesi\u2019nde restorasyon \u00e7al\u0131\u015fmalar\u0131 tamamland\u0131\"}]},{\"@type\":\"WebSite\",\"@id\":\"https:\\\/\\\/akunq.net\\\/tr\\\/#website\",\"url\":\"https:\\\/\\\/akunq.net\\\/tr\\\/\",\"name\":\"Bati Ermenistan Ve Bati Ermenileri Sorunlari Ara\u015ftirmalar Merkezi\",\"description\":\"\",\"potentialAction\":[{\"@type\":\"SearchAction\",\"target\":{\"@type\":\"EntryPoint\",\"urlTemplate\":\"https:\\\/\\\/akunq.net\\\/tr\\\/?s={search_term_string}\"},\"query-input\":{\"@type\":\"PropertyValueSpecification\",\"valueRequired\":true,\"valueName\":\"search_term_string\"}}],\"inLanguage\":\"en-US\"},{\"@type\":\"Person\",\"@id\":\"https:\\\/\\\/akunq.net\\\/tr\\\/#\\\/schema\\\/person\\\/096f1d38a12cce57fb855b485ed24c9e\",\"name\":\"admin\",\"url\":\"https:\\\/\\\/akunq.net\\\/tr\\\/?author=7\"}]}<\/script>\n<!-- \/ Yoast SEO plugin. -->","yoast_head_json":{"title":"Ta\u015fhoron Kilisesi\u2019nde restorasyon \u00e7al\u0131\u015fmalar\u0131 tamamland\u0131 - Bati Ermenistan Ve Bati Ermenileri Sorunlari Ara\u015ftirmalar Merkezi","robots":{"index":"index","follow":"follow","max-snippet":"max-snippet:-1","max-image-preview":"max-image-preview:large","max-video-preview":"max-video-preview:-1"},"canonical":"https:\/\/akunq.net\/tr\/?p=63984","og_locale":"en_US","og_type":"article","og_title":"Ta\u015fhoron Kilisesi\u2019nde restorasyon \u00e7al\u0131\u015fmalar\u0131 tamamland\u0131 - Bati Ermenistan Ve Bati Ermenileri Sorunlari Ara\u015ftirmalar Merkezi","og_description":"Ta\u015fhoron Kilisesi\u2019nde restorasyon \u00e7al\u0131\u015fmalar\u0131 tamamland\u0131 Malatya\u2019da y\u0131llard\u0131r kendi haline terk edilen Ta\u015fhoron Kilisesi\u2019nde restorasyon \u00e7al\u0131\u015fmalar\u0131 tamamland\u0131. MALATYA \u2013 Malatya\u2019da y\u0131llard\u0131r kendi haline terk edilen Ta\u015fhoron Kilisesi\u2019nde restorasyon \u00e7al\u0131\u015fmalar\u0131 tamamland\u0131. Tarihi ve k\u00fclt\u00fcrel miraslar\u0131, evrensel de\u011ferler haline getiren Malatya\u00a0B\u00fcy\u00fck\u015fehir Belediyesi, Malatya\u2019da bulunan tarihi yap\u0131lar\u0131 gelecek nesillere ta\u015f\u0131mak i\u00e7in \u00e7al\u0131\u015fmalar\u0131n\u0131 s\u00fcrd\u00fcr\u00fcyor. Yap\u0131lan \u00e7al\u0131\u015fmalar ve giri\u015fimler sonucunda Arslantepe\u2019nin [&hellip;]","og_url":"https:\/\/akunq.net\/tr\/?p=63984","og_site_name":"Bati Ermenistan Ve Bati Ermenileri Sorunlari Ara\u015ftirmalar Merkezi","article_published_time":"2021-07-29T06:35:25+00:00","og_image":[{"width":640,"height":360,"url":"https:\/\/akunq.net\/tr\/wp-content\/uploads\/sites\/6\/2021\/07\/Ta\u015fhoron-Kilisesi.jpeg","type":"image\/jpeg"}],"author":"admin","twitter_card":"summary_large_image","twitter_misc":{"Written by":"admin","Est. reading time":"4 minutes"},"schema":{"@context":"https:\/\/schema.org","@graph":[{"@type":"Article","@id":"https:\/\/akunq.net\/tr\/?p=63984#article","isPartOf":{"@id":"https:\/\/akunq.net\/tr\/?p=63984"},"author":{"name":"admin","@id":"https:\/\/akunq.net\/tr\/#\/schema\/person\/096f1d38a12cce57fb855b485ed24c9e"},"headline":"Ta\u015fhoron Kilisesi\u2019nde restorasyon \u00e7al\u0131\u015fmalar\u0131 tamamland\u0131","datePublished":"2021-07-29T06:35:25+00:00","mainEntityOfPage":{"@id":"https:\/\/akunq.net\/tr\/?p=63984"},"wordCount":762,"commentCount":0,"image":{"@id":"https:\/\/akunq.net\/tr\/?p=63984#primaryimage"},"thumbnailUrl":"https:\/\/akunq.net\/tr\/wp-content\/uploads\/sites\/6\/2021\/07\/Ta\u015fhoron-Kilisesi.jpeg","articleSection":["Haberler"],"inLanguage":"en-US","potentialAction":[{"@type":"CommentAction","name":"Comment","target":["https:\/\/akunq.net\/tr\/?p=63984#respond"]}]},{"@type":"WebPage","@id":"https:\/\/akunq.net\/tr\/?p=63984","url":"https:\/\/akunq.net\/tr\/?p=63984","name":"Ta\u015fhoron Kilisesi\u2019nde restorasyon \u00e7al\u0131\u015fmalar\u0131 tamamland\u0131 - Bati Ermenistan Ve Bati Ermenileri Sorunlari Ara\u015ftirmalar Merkezi","isPartOf":{"@id":"https:\/\/akunq.net\/tr\/#website"},"primaryImageOfPage":{"@id":"https:\/\/akunq.net\/tr\/?p=63984#primaryimage"},"image":{"@id":"https:\/\/akunq.net\/tr\/?p=63984#primaryimage"},"thumbnailUrl":"https:\/\/akunq.net\/tr\/wp-content\/uploads\/sites\/6\/2021\/07\/Ta\u015fhoron-Kilisesi.jpeg","datePublished":"2021-07-29T06:35:25+00:00","author":{"@id":"https:\/\/akunq.net\/tr\/#\/schema\/person\/096f1d38a12cce57fb855b485ed24c9e"},"breadcrumb":{"@id":"https:\/\/akunq.net\/tr\/?p=63984#breadcrumb"},"inLanguage":"en-US","potentialAction":[{"@type":"ReadAction","target":["https:\/\/akunq.net\/tr\/?p=63984"]}]},{"@type":"ImageObject","inLanguage":"en-US","@id":"https:\/\/akunq.net\/tr\/?p=63984#primaryimage","url":"https:\/\/akunq.net\/tr\/wp-content\/uploads\/sites\/6\/2021\/07\/Ta\u015fhoron-Kilisesi.jpeg","contentUrl":"https:\/\/akunq.net\/tr\/wp-content\/uploads\/sites\/6\/2021\/07\/Ta\u015fhoron-Kilisesi.jpeg","width":640,"height":360},{"@type":"BreadcrumbList","@id":"https:\/\/akunq.net\/tr\/?p=63984#breadcrumb","itemListElement":[{"@type":"ListItem","position":1,"name":"Home","item":"https:\/\/akunq.net\/tr"},{"@type":"ListItem","position":2,"name":"Ta\u015fhoron Kilisesi\u2019nde restorasyon \u00e7al\u0131\u015fmalar\u0131 tamamland\u0131"}]},{"@type":"WebSite","@id":"https:\/\/akunq.net\/tr\/#website","url":"https:\/\/akunq.net\/tr\/","name":"Bati Ermenistan Ve Bati Ermenileri Sorunlari Ara\u015ftirmalar Merkezi","description":"","potentialAction":[{"@type":"SearchAction","target":{"@type":"EntryPoint","urlTemplate":"https:\/\/akunq.net\/tr\/?s={search_term_string}"},"query-input":{"@type":"PropertyValueSpecification","valueRequired":true,"valueName":"search_term_string"}}],"inLanguage":"en-US"},{"@type":"Person","@id":"https:\/\/akunq.net\/tr\/#\/schema\/person\/096f1d38a12cce57fb855b485ed24c9e","name":"admin","url":"https:\/\/akunq.net\/tr\/?author=7"}]}},"_links":{"self":[{"href":"https:\/\/akunq.net\/tr\/index.php?rest_route=\/wp\/v2\/posts\/63984","targetHints":{"allow":["GET"]}}],"collection":[{"href":"https:\/\/akunq.net\/tr\/index.php?rest_route=\/wp\/v2\/posts"}],"about":[{"href":"https:\/\/akunq.net\/tr\/index.php?rest_route=\/wp\/v2\/types\/post"}],"author":[{"embeddable":true,"href":"https:\/\/akunq.net\/tr\/index.php?rest_route=\/wp\/v2\/users\/7"}],"replies":[{"embeddable":true,"href":"https:\/\/akunq.net\/tr\/index.php?rest_route=%2Fwp%2Fv2%2Fcomments&post=63984"}],"version-history":[{"count":1,"href":"https:\/\/akunq.net\/tr\/index.php?rest_route=\/wp\/v2\/posts\/63984\/revisions"}],"predecessor-version":[{"id":63986,"href":"https:\/\/akunq.net\/tr\/index.php?rest_route=\/wp\/v2\/posts\/63984\/revisions\/63986"}],"wp:featuredmedia":[{"embeddable":true,"href":"https:\/\/akunq.net\/tr\/index.php?rest_route=\/wp\/v2\/media\/63985"}],"wp:attachment":[{"href":"https:\/\/akunq.net\/tr\/index.php?rest_route=%2Fwp%2Fv2%2Fmedia&parent=63984"}],"wp:term":[{"taxonomy":"category","embeddable":true,"href":"https:\/\/akunq.net\/tr\/index.php?rest_route=%2Fwp%2Fv2%2Fcategories&post=63984"},{"taxonomy":"post_tag","embeddable":true,"href":"https:\/\/akunq.net\/tr\/index.php?rest_route=%2Fwp%2Fv2%2Ftags&post=63984"}],"curies":[{"name":"wp","href":"https:\/\/api.w.org\/{rel}","templated":true}]}}