{"id":63981,"date":"2021-07-29T01:30:16","date_gmt":"2021-07-29T06:30:16","guid":{"rendered":"https:\/\/akunq.net\/tr\/?p=63981"},"modified":"2021-07-29T01:30:16","modified_gmt":"2021-07-29T06:30:16","slug":"der-zordaki-ermeni-kilisesinin-ikinci-kez-patlatilmasina-dair-haberler-yayinlandi","status":"publish","type":"post","link":"https:\/\/akunq.net\/tr\/?p=63981","title":{"rendered":"Der-Zor&#8217;daki Ermeni kilisesinin ikinci kez patlat\u0131lmas\u0131na dair haberler yay\u0131nland\u0131"},"content":{"rendered":"<p><img loading=\"lazy\" decoding=\"async\" class=\"aligncenter size-medium wp-image-63982\" src=\"https:\/\/akunq.net\/tr\/wp-content\/uploads\/2021\/07\/Der-Zordaki-Ermeni-kilisesi-360x203.jpg\" alt=\"\" width=\"360\" height=\"203\" srcset=\"https:\/\/akunq.net\/tr\/wp-content\/uploads\/sites\/6\/2021\/07\/Der-Zordaki-Ermeni-kilisesi-360x203.jpg 360w, https:\/\/akunq.net\/tr\/wp-content\/uploads\/sites\/6\/2021\/07\/Der-Zordaki-Ermeni-kilisesi-560x316.jpg 560w, https:\/\/akunq.net\/tr\/wp-content\/uploads\/sites\/6\/2021\/07\/Der-Zordaki-Ermeni-kilisesi-260x147.jpg 260w, https:\/\/akunq.net\/tr\/wp-content\/uploads\/sites\/6\/2021\/07\/Der-Zordaki-Ermeni-kilisesi-160x90.jpg 160w, https:\/\/akunq.net\/tr\/wp-content\/uploads\/sites\/6\/2021\/07\/Der-Zordaki-Ermeni-kilisesi.jpg 744w\" sizes=\"auto, (max-width: 360px) 100vw, 360px\" \/><\/p>\n<p style=\"font-weight: 400;\"><em><strong>Der Zor&#8217;daki (Srbots-Nahadakats) kilise kompleksinin muhtemelen 2. kez patlat\u0131lmas\u0131 \u00f6\u011frenildi.\u00a0\u00a0<\/strong><\/em><\/p>\n<p style=\"font-weight: 400;\">Kilikya Katolikoslu\u011fu TV kanal\u0131 taraf\u0131ndan yay\u0131nlanan videoda 2014\u2019te I\u015e\u0130D taraf\u0131ndan patlat\u0131lmas\u0131 sonucunda k\u0131smen y\u0131k\u0131lm\u0131\u015f kilisenin \u015fu anda tamamen\u00a0 y\u0131k\u0131lm\u0131\u015f oldu\u011fu g\u00f6r\u00fcl\u00fcyor.<\/p>\n<p style=\"font-weight: 400;\">Videoda \u015funlar deniliyor\u00a0 &#8220;Bu videoda Der Zor\u2019daki kilise kompleksini eski ve g\u00fcncel haliyle g\u00f6rebilirsiniz. Gelen bilgilere g\u00f6re, kompleks, \u00e7e\u015fitli k\u0131s\u0131mlar\u0131na yerle\u015ftirilen bombalar\u0131n patlat\u0131lmas\u0131 sonucunda tahrip edildi.&#8221;<\/p>\n<p style=\"font-weight: 400;\">Der Zor kompleksi kilise, m\u00fcze, Matenadaran, \u00f6zel meclis salonu ve di\u011fer ilgili b\u00f6l\u00fcmlerden olu\u015fuyordu.<\/p>\n<p><em><strong>https:\/\/www.ermenihaber.am\/tr\/news\/2021\/07\/28\/Der-Zor-Ermeni-kilise\/212382\u00a0<\/strong><\/em><\/p>\n","protected":false},"excerpt":{"rendered":"<p>Der Zor&#8217;daki (Srbots-Nahadakats) kilise kompleksinin muhtemelen 2. kez patlat\u0131lmas\u0131 \u00f6\u011frenildi.\u00a0\u00a0 Kilikya Katolikoslu\u011fu TV kanal\u0131 taraf\u0131ndan yay\u0131nlanan videoda 2014\u2019te I\u015e\u0130D taraf\u0131ndan patlat\u0131lmas\u0131 sonucunda k\u0131smen y\u0131k\u0131lm\u0131\u015f kilisenin \u015fu anda tamamen\u00a0 y\u0131k\u0131lm\u0131\u015f oldu\u011fu g\u00f6r\u00fcl\u00fcyor. Videoda \u015funlar deniliyor\u00a0 &#8220;Bu videoda Der Zor\u2019daki kilise kompleksini eski ve g\u00fcncel haliyle g\u00f6rebilirsiniz. Gelen bilgilere g\u00f6re, kompleks, \u00e7e\u015fitli k\u0131s\u0131mlar\u0131na yerle\u015ftirilen bombalar\u0131n patlat\u0131lmas\u0131 sonucunda [&hellip;]<\/p>\n","protected":false},"author":7,"featured_media":63982,"comment_status":"open","ping_status":"open","sticky":false,"template":"","format":"standard","meta":{"footnotes":""},"categories":[1],"tags":[],"class_list":["post-63981","post","type-post","status-publish","format-standard","has-post-thumbnail","hentry","category-haberler"],"yoast_head":"<!-- This site is optimized with the Yoast SEO plugin v27.4 - https:\/\/yoast.com\/product\/yoast-seo-wordpress\/ -->\n<title>Der-Zor&#039;daki Ermeni kilisesinin ikinci kez patlat\u0131lmas\u0131na dair haberler yay\u0131nland\u0131 - Bati Ermenistan Ve Bati Ermenileri Sorunlari Ara\u015ftirmalar Merkezi<\/title>\n<meta name=\"robots\" content=\"index, follow, max-snippet:-1, max-image-preview:large, max-video-preview:-1\" \/>\n<link rel=\"canonical\" href=\"https:\/\/akunq.net\/tr\/?p=63981\" \/>\n<meta property=\"og:locale\" content=\"en_US\" \/>\n<meta property=\"og:type\" content=\"article\" \/>\n<meta property=\"og:title\" content=\"Der-Zor&#039;daki Ermeni kilisesinin ikinci kez patlat\u0131lmas\u0131na dair haberler yay\u0131nland\u0131 - Bati Ermenistan Ve Bati Ermenileri Sorunlari Ara\u015ftirmalar Merkezi\" \/>\n<meta property=\"og:description\" content=\"Der Zor&#8217;daki (Srbots-Nahadakats) kilise kompleksinin muhtemelen 2. kez patlat\u0131lmas\u0131 \u00f6\u011frenildi.\u00a0\u00a0 Kilikya Katolikoslu\u011fu TV kanal\u0131 taraf\u0131ndan yay\u0131nlanan videoda 2014\u2019te I\u015e\u0130D taraf\u0131ndan patlat\u0131lmas\u0131 sonucunda k\u0131smen y\u0131k\u0131lm\u0131\u015f kilisenin \u015fu anda tamamen\u00a0 y\u0131k\u0131lm\u0131\u015f oldu\u011fu g\u00f6r\u00fcl\u00fcyor. Videoda \u015funlar deniliyor\u00a0 &#8220;Bu videoda Der Zor\u2019daki kilise kompleksini eski ve g\u00fcncel haliyle g\u00f6rebilirsiniz. Gelen bilgilere g\u00f6re, kompleks, \u00e7e\u015fitli k\u0131s\u0131mlar\u0131na yerle\u015ftirilen bombalar\u0131n patlat\u0131lmas\u0131 sonucunda [&hellip;]\" \/>\n<meta property=\"og:url\" content=\"https:\/\/akunq.net\/tr\/?p=63981\" \/>\n<meta property=\"og:site_name\" content=\"Bati Ermenistan Ve Bati Ermenileri Sorunlari Ara\u015ftirmalar Merkezi\" \/>\n<meta property=\"article:published_time\" content=\"2021-07-29T06:30:16+00:00\" \/>\n<meta property=\"og:image\" content=\"https:\/\/akunq.net\/tr\/wp-content\/uploads\/sites\/6\/2021\/07\/Der-Zordaki-Ermeni-kilisesi.jpg\" \/>\n\t<meta property=\"og:image:width\" content=\"744\" \/>\n\t<meta property=\"og:image:height\" content=\"420\" \/>\n\t<meta property=\"og:image:type\" content=\"image\/jpeg\" \/>\n<meta name=\"author\" content=\"admin\" \/>\n<meta name=\"twitter:card\" content=\"summary_large_image\" \/>\n<meta name=\"twitter:label1\" content=\"Written by\" \/>\n\t<meta name=\"twitter:data1\" content=\"admin\" \/>\n\t<meta name=\"twitter:label2\" content=\"Est. reading time\" \/>\n\t<meta name=\"twitter:data2\" content=\"1 minute\" \/>\n<script type=\"application\/ld+json\" class=\"yoast-schema-graph\">{\"@context\":\"https:\\\/\\\/schema.org\",\"@graph\":[{\"@type\":\"Article\",\"@id\":\"https:\\\/\\\/akunq.net\\\/tr\\\/?p=63981#article\",\"isPartOf\":{\"@id\":\"https:\\\/\\\/akunq.net\\\/tr\\\/?p=63981\"},\"author\":{\"name\":\"admin\",\"@id\":\"https:\\\/\\\/akunq.net\\\/tr\\\/#\\\/schema\\\/person\\\/096f1d38a12cce57fb855b485ed24c9e\"},\"headline\":\"Der-Zor&#8217;daki Ermeni kilisesinin ikinci kez patlat\u0131lmas\u0131na dair haberler yay\u0131nland\u0131\",\"datePublished\":\"2021-07-29T06:30:16+00:00\",\"mainEntityOfPage\":{\"@id\":\"https:\\\/\\\/akunq.net\\\/tr\\\/?p=63981\"},\"wordCount\":121,\"commentCount\":0,\"image\":{\"@id\":\"https:\\\/\\\/akunq.net\\\/tr\\\/?p=63981#primaryimage\"},\"thumbnailUrl\":\"https:\\\/\\\/akunq.net\\\/tr\\\/wp-content\\\/uploads\\\/sites\\\/6\\\/2021\\\/07\\\/Der-Zordaki-Ermeni-kilisesi.jpg\",\"articleSection\":[\"Haberler\"],\"inLanguage\":\"en-US\",\"potentialAction\":[{\"@type\":\"CommentAction\",\"name\":\"Comment\",\"target\":[\"https:\\\/\\\/akunq.net\\\/tr\\\/?p=63981#respond\"]}]},{\"@type\":\"WebPage\",\"@id\":\"https:\\\/\\\/akunq.net\\\/tr\\\/?p=63981\",\"url\":\"https:\\\/\\\/akunq.net\\\/tr\\\/?p=63981\",\"name\":\"Der-Zor'daki Ermeni kilisesinin ikinci kez patlat\u0131lmas\u0131na dair haberler yay\u0131nland\u0131 - Bati Ermenistan Ve Bati Ermenileri Sorunlari Ara\u015ftirmalar Merkezi\",\"isPartOf\":{\"@id\":\"https:\\\/\\\/akunq.net\\\/tr\\\/#website\"},\"primaryImageOfPage\":{\"@id\":\"https:\\\/\\\/akunq.net\\\/tr\\\/?p=63981#primaryimage\"},\"image\":{\"@id\":\"https:\\\/\\\/akunq.net\\\/tr\\\/?p=63981#primaryimage\"},\"thumbnailUrl\":\"https:\\\/\\\/akunq.net\\\/tr\\\/wp-content\\\/uploads\\\/sites\\\/6\\\/2021\\\/07\\\/Der-Zordaki-Ermeni-kilisesi.jpg\",\"datePublished\":\"2021-07-29T06:30:16+00:00\",\"author\":{\"@id\":\"https:\\\/\\\/akunq.net\\\/tr\\\/#\\\/schema\\\/person\\\/096f1d38a12cce57fb855b485ed24c9e\"},\"breadcrumb\":{\"@id\":\"https:\\\/\\\/akunq.net\\\/tr\\\/?p=63981#breadcrumb\"},\"inLanguage\":\"en-US\",\"potentialAction\":[{\"@type\":\"ReadAction\",\"target\":[\"https:\\\/\\\/akunq.net\\\/tr\\\/?p=63981\"]}]},{\"@type\":\"ImageObject\",\"inLanguage\":\"en-US\",\"@id\":\"https:\\\/\\\/akunq.net\\\/tr\\\/?p=63981#primaryimage\",\"url\":\"https:\\\/\\\/akunq.net\\\/tr\\\/wp-content\\\/uploads\\\/sites\\\/6\\\/2021\\\/07\\\/Der-Zordaki-Ermeni-kilisesi.jpg\",\"contentUrl\":\"https:\\\/\\\/akunq.net\\\/tr\\\/wp-content\\\/uploads\\\/sites\\\/6\\\/2021\\\/07\\\/Der-Zordaki-Ermeni-kilisesi.jpg\",\"width\":744,\"height\":420},{\"@type\":\"BreadcrumbList\",\"@id\":\"https:\\\/\\\/akunq.net\\\/tr\\\/?p=63981#breadcrumb\",\"itemListElement\":[{\"@type\":\"ListItem\",\"position\":1,\"name\":\"Home\",\"item\":\"https:\\\/\\\/akunq.net\\\/tr\"},{\"@type\":\"ListItem\",\"position\":2,\"name\":\"Der-Zor&#8217;daki Ermeni kilisesinin ikinci kez patlat\u0131lmas\u0131na dair haberler yay\u0131nland\u0131\"}]},{\"@type\":\"WebSite\",\"@id\":\"https:\\\/\\\/akunq.net\\\/tr\\\/#website\",\"url\":\"https:\\\/\\\/akunq.net\\\/tr\\\/\",\"name\":\"Bati Ermenistan Ve Bati Ermenileri Sorunlari Ara\u015ftirmalar Merkezi\",\"description\":\"\",\"potentialAction\":[{\"@type\":\"SearchAction\",\"target\":{\"@type\":\"EntryPoint\",\"urlTemplate\":\"https:\\\/\\\/akunq.net\\\/tr\\\/?s={search_term_string}\"},\"query-input\":{\"@type\":\"PropertyValueSpecification\",\"valueRequired\":true,\"valueName\":\"search_term_string\"}}],\"inLanguage\":\"en-US\"},{\"@type\":\"Person\",\"@id\":\"https:\\\/\\\/akunq.net\\\/tr\\\/#\\\/schema\\\/person\\\/096f1d38a12cce57fb855b485ed24c9e\",\"name\":\"admin\",\"url\":\"https:\\\/\\\/akunq.net\\\/tr\\\/?author=7\"}]}<\/script>\n<!-- \/ Yoast SEO plugin. -->","yoast_head_json":{"title":"Der-Zor'daki Ermeni kilisesinin ikinci kez patlat\u0131lmas\u0131na dair haberler yay\u0131nland\u0131 - Bati Ermenistan Ve Bati Ermenileri Sorunlari Ara\u015ftirmalar Merkezi","robots":{"index":"index","follow":"follow","max-snippet":"max-snippet:-1","max-image-preview":"max-image-preview:large","max-video-preview":"max-video-preview:-1"},"canonical":"https:\/\/akunq.net\/tr\/?p=63981","og_locale":"en_US","og_type":"article","og_title":"Der-Zor'daki Ermeni kilisesinin ikinci kez patlat\u0131lmas\u0131na dair haberler yay\u0131nland\u0131 - Bati Ermenistan Ve Bati Ermenileri Sorunlari Ara\u015ftirmalar Merkezi","og_description":"Der Zor&#8217;daki (Srbots-Nahadakats) kilise kompleksinin muhtemelen 2. kez patlat\u0131lmas\u0131 \u00f6\u011frenildi.\u00a0\u00a0 Kilikya Katolikoslu\u011fu TV kanal\u0131 taraf\u0131ndan yay\u0131nlanan videoda 2014\u2019te I\u015e\u0130D taraf\u0131ndan patlat\u0131lmas\u0131 sonucunda k\u0131smen y\u0131k\u0131lm\u0131\u015f kilisenin \u015fu anda tamamen\u00a0 y\u0131k\u0131lm\u0131\u015f oldu\u011fu g\u00f6r\u00fcl\u00fcyor. Videoda \u015funlar deniliyor\u00a0 &#8220;Bu videoda Der Zor\u2019daki kilise kompleksini eski ve g\u00fcncel haliyle g\u00f6rebilirsiniz. Gelen bilgilere g\u00f6re, kompleks, \u00e7e\u015fitli k\u0131s\u0131mlar\u0131na yerle\u015ftirilen bombalar\u0131n patlat\u0131lmas\u0131 sonucunda [&hellip;]","og_url":"https:\/\/akunq.net\/tr\/?p=63981","og_site_name":"Bati Ermenistan Ve Bati Ermenileri Sorunlari Ara\u015ftirmalar Merkezi","article_published_time":"2021-07-29T06:30:16+00:00","og_image":[{"width":744,"height":420,"url":"https:\/\/akunq.net\/tr\/wp-content\/uploads\/sites\/6\/2021\/07\/Der-Zordaki-Ermeni-kilisesi.jpg","type":"image\/jpeg"}],"author":"admin","twitter_card":"summary_large_image","twitter_misc":{"Written by":"admin","Est. reading time":"1 minute"},"schema":{"@context":"https:\/\/schema.org","@graph":[{"@type":"Article","@id":"https:\/\/akunq.net\/tr\/?p=63981#article","isPartOf":{"@id":"https:\/\/akunq.net\/tr\/?p=63981"},"author":{"name":"admin","@id":"https:\/\/akunq.net\/tr\/#\/schema\/person\/096f1d38a12cce57fb855b485ed24c9e"},"headline":"Der-Zor&#8217;daki Ermeni kilisesinin ikinci kez patlat\u0131lmas\u0131na dair haberler yay\u0131nland\u0131","datePublished":"2021-07-29T06:30:16+00:00","mainEntityOfPage":{"@id":"https:\/\/akunq.net\/tr\/?p=63981"},"wordCount":121,"commentCount":0,"image":{"@id":"https:\/\/akunq.net\/tr\/?p=63981#primaryimage"},"thumbnailUrl":"https:\/\/akunq.net\/tr\/wp-content\/uploads\/sites\/6\/2021\/07\/Der-Zordaki-Ermeni-kilisesi.jpg","articleSection":["Haberler"],"inLanguage":"en-US","potentialAction":[{"@type":"CommentAction","name":"Comment","target":["https:\/\/akunq.net\/tr\/?p=63981#respond"]}]},{"@type":"WebPage","@id":"https:\/\/akunq.net\/tr\/?p=63981","url":"https:\/\/akunq.net\/tr\/?p=63981","name":"Der-Zor'daki Ermeni kilisesinin ikinci kez patlat\u0131lmas\u0131na dair haberler yay\u0131nland\u0131 - Bati Ermenistan Ve Bati Ermenileri Sorunlari Ara\u015ftirmalar Merkezi","isPartOf":{"@id":"https:\/\/akunq.net\/tr\/#website"},"primaryImageOfPage":{"@id":"https:\/\/akunq.net\/tr\/?p=63981#primaryimage"},"image":{"@id":"https:\/\/akunq.net\/tr\/?p=63981#primaryimage"},"thumbnailUrl":"https:\/\/akunq.net\/tr\/wp-content\/uploads\/sites\/6\/2021\/07\/Der-Zordaki-Ermeni-kilisesi.jpg","datePublished":"2021-07-29T06:30:16+00:00","author":{"@id":"https:\/\/akunq.net\/tr\/#\/schema\/person\/096f1d38a12cce57fb855b485ed24c9e"},"breadcrumb":{"@id":"https:\/\/akunq.net\/tr\/?p=63981#breadcrumb"},"inLanguage":"en-US","potentialAction":[{"@type":"ReadAction","target":["https:\/\/akunq.net\/tr\/?p=63981"]}]},{"@type":"ImageObject","inLanguage":"en-US","@id":"https:\/\/akunq.net\/tr\/?p=63981#primaryimage","url":"https:\/\/akunq.net\/tr\/wp-content\/uploads\/sites\/6\/2021\/07\/Der-Zordaki-Ermeni-kilisesi.jpg","contentUrl":"https:\/\/akunq.net\/tr\/wp-content\/uploads\/sites\/6\/2021\/07\/Der-Zordaki-Ermeni-kilisesi.jpg","width":744,"height":420},{"@type":"BreadcrumbList","@id":"https:\/\/akunq.net\/tr\/?p=63981#breadcrumb","itemListElement":[{"@type":"ListItem","position":1,"name":"Home","item":"https:\/\/akunq.net\/tr"},{"@type":"ListItem","position":2,"name":"Der-Zor&#8217;daki Ermeni kilisesinin ikinci kez patlat\u0131lmas\u0131na dair haberler yay\u0131nland\u0131"}]},{"@type":"WebSite","@id":"https:\/\/akunq.net\/tr\/#website","url":"https:\/\/akunq.net\/tr\/","name":"Bati Ermenistan Ve Bati Ermenileri Sorunlari Ara\u015ftirmalar Merkezi","description":"","potentialAction":[{"@type":"SearchAction","target":{"@type":"EntryPoint","urlTemplate":"https:\/\/akunq.net\/tr\/?s={search_term_string}"},"query-input":{"@type":"PropertyValueSpecification","valueRequired":true,"valueName":"search_term_string"}}],"inLanguage":"en-US"},{"@type":"Person","@id":"https:\/\/akunq.net\/tr\/#\/schema\/person\/096f1d38a12cce57fb855b485ed24c9e","name":"admin","url":"https:\/\/akunq.net\/tr\/?author=7"}]}},"_links":{"self":[{"href":"https:\/\/akunq.net\/tr\/index.php?rest_route=\/wp\/v2\/posts\/63981","targetHints":{"allow":["GET"]}}],"collection":[{"href":"https:\/\/akunq.net\/tr\/index.php?rest_route=\/wp\/v2\/posts"}],"about":[{"href":"https:\/\/akunq.net\/tr\/index.php?rest_route=\/wp\/v2\/types\/post"}],"author":[{"embeddable":true,"href":"https:\/\/akunq.net\/tr\/index.php?rest_route=\/wp\/v2\/users\/7"}],"replies":[{"embeddable":true,"href":"https:\/\/akunq.net\/tr\/index.php?rest_route=%2Fwp%2Fv2%2Fcomments&post=63981"}],"version-history":[{"count":1,"href":"https:\/\/akunq.net\/tr\/index.php?rest_route=\/wp\/v2\/posts\/63981\/revisions"}],"predecessor-version":[{"id":63983,"href":"https:\/\/akunq.net\/tr\/index.php?rest_route=\/wp\/v2\/posts\/63981\/revisions\/63983"}],"wp:featuredmedia":[{"embeddable":true,"href":"https:\/\/akunq.net\/tr\/index.php?rest_route=\/wp\/v2\/media\/63982"}],"wp:attachment":[{"href":"https:\/\/akunq.net\/tr\/index.php?rest_route=%2Fwp%2Fv2%2Fmedia&parent=63981"}],"wp:term":[{"taxonomy":"category","embeddable":true,"href":"https:\/\/akunq.net\/tr\/index.php?rest_route=%2Fwp%2Fv2%2Fcategories&post=63981"},{"taxonomy":"post_tag","embeddable":true,"href":"https:\/\/akunq.net\/tr\/index.php?rest_route=%2Fwp%2Fv2%2Ftags&post=63981"}],"curies":[{"name":"wp","href":"https:\/\/api.w.org\/{rel}","templated":true}]}}