{"id":63974,"date":"2021-07-27T03:08:13","date_gmt":"2021-07-27T08:08:13","guid":{"rendered":"https:\/\/akunq.net\/tr\/?p=63974"},"modified":"2021-07-27T03:08:13","modified_gmt":"2021-07-27T08:08:13","slug":"amik-ovasinda-yetisen-uzumun-tarihe-kazinmis-izleri-ziyaretciyle-bulusacak","status":"publish","type":"post","link":"https:\/\/akunq.net\/tr\/?p=63974","title":{"rendered":"Amik Ovas\u0131\u2019nda yeti\u015fen \u00fcz\u00fcm\u00fcn \u2018tarihe kaz\u0131nm\u0131\u015f\u2019 izleri ziyaret\u00e7iyle bulu\u015facak"},"content":{"rendered":"<p><img loading=\"lazy\" decoding=\"async\" class=\"aligncenter size-medium wp-image-63975\" src=\"https:\/\/akunq.net\/tr\/wp-content\/uploads\/2021\/07\/Amik-Ovas\u0131\u2019nda-yeti\u015fen-\u00fcz\u00fcm-360x202.jpg\" alt=\"\" width=\"360\" height=\"202\" srcset=\"https:\/\/akunq.net\/tr\/wp-content\/uploads\/sites\/6\/2021\/07\/Amik-Ovas\u0131\u2019nda-yeti\u015fen-\u00fcz\u00fcm-360x202.jpg 360w, https:\/\/akunq.net\/tr\/wp-content\/uploads\/sites\/6\/2021\/07\/Amik-Ovas\u0131\u2019nda-yeti\u015fen-\u00fcz\u00fcm-768x432.jpg 768w, https:\/\/akunq.net\/tr\/wp-content\/uploads\/sites\/6\/2021\/07\/Amik-Ovas\u0131\u2019nda-yeti\u015fen-\u00fcz\u00fcm-560x315.jpg 560w, https:\/\/akunq.net\/tr\/wp-content\/uploads\/sites\/6\/2021\/07\/Amik-Ovas\u0131\u2019nda-yeti\u015fen-\u00fcz\u00fcm-260x146.jpg 260w, https:\/\/akunq.net\/tr\/wp-content\/uploads\/sites\/6\/2021\/07\/Amik-Ovas\u0131\u2019nda-yeti\u015fen-\u00fcz\u00fcm-160x90.jpg 160w, https:\/\/akunq.net\/tr\/wp-content\/uploads\/sites\/6\/2021\/07\/Amik-Ovas\u0131\u2019nda-yeti\u015fen-\u00fcz\u00fcm.jpg 865w\" sizes=\"auto, (max-width: 360px) 100vw, 360px\" \/><\/p>\n<p><em><strong>\u00dcz\u00fcm yeti\u015ftiricili\u011finde \u00f6nemli bir yere sahip Hatay\u2019\u0131n Hassa il\u00e7esindeki kaz\u0131larda g\u00fcn y\u00fcz\u00fcne \u00e7\u0131kar\u0131lan Ge\u00e7 Roma D\u00f6nemine ait \u201c\u00fcz\u00fcm hasad\u0131\u201d temal\u0131 mozaik, kentte hasad\u0131n ba\u015flayaca\u011f\u0131 6 Eyl\u00fcl\u2019de Hatay Arkeoloji M\u00fczesi\u2019nde ziyarete a\u00e7\u0131lacak.<\/strong><\/em><\/p>\n<p><strong>Lale K\u00f6kl\u00fc Karag\u00f6z<\/strong><\/p>\n<p>G\u00fcn\u00fcm\u00fczde \u00fcz\u00fcm yeti\u015ftiricili\u011finde \u00f6nemli bir yere sahip Hatay\u2019\u0131n Hassa il\u00e7esindeki kaz\u0131 \u00e7al\u0131\u015fmalar\u0131nda g\u00fcn y\u00fcz\u00fcne \u00e7\u0131kar\u0131lan ve \u00fczerinde \u00fcz\u00fcm hasad\u0131n\u0131 anlatan fig\u00fcrlerin bulundu\u011fu Ge\u00e7 Roma D\u00f6nemine ait mozaik, ge\u00e7ici sergiyle g\u00f6r\u00fcc\u00fcye \u00e7\u0131kacak.<\/p>\n<p>Hassa il\u00e7esindeki Mazmanl\u0131 Mahallesi\u2019nde ka\u00e7ak kaz\u0131 s\u0131ras\u0131nda ke\u015ffedilen ve 2002\u2019de yap\u0131lan kaz\u0131 \u00e7al\u0131\u015fmalar\u0131yla g\u00fcn y\u00fcz\u00fcne \u00e7\u0131kar\u0131lan 6 metrekarelik mozaik, 2016\u2019dan bu yana Hatay Arkeoloji M\u00fczesi\u2019nde \u00f6zenle muhafaza edildi.<\/p>\n<p>Milattan Sonra (MS) 5. ve 6. y\u00fczy\u0131la denk gelen Ge\u00e7 Roma D\u00f6nemine ait bir kilisenin taban\u0131nda bulunan ve \u00fczerinde \u00fcz\u00fcm hasad\u0131n\u0131 anlatan fig\u00fcrlerin yer ald\u0131\u011f\u0131 mozai\u011fin yerli ve yabanc\u0131 ziyaret\u00e7ilerle bulu\u015fmas\u0131 i\u00e7in \u00e7al\u0131\u015fma ba\u015flat\u0131ld\u0131.<\/p>\n<p>D\u00fcnyan\u0131n en b\u00fcy\u00fck mozaik koleksiyonunun sergilendi\u011fi m\u00fczeler aras\u0131nda yer alan Hatay Arkeoloji M\u00fczesi\u2019nde 6 uzman restorat\u00f6r e\u015fli\u011finde ge\u00e7en ay restorasyon \u00e7al\u0131\u015fmalar\u0131na ba\u015flanan mozaik, kentte 6 Eyl\u00fcl\u2019de d\u00fczenlenecek \u201c\u00dcz\u00fcm Hasad\u0131 \u015eenli\u011fi\u2019nde ziyaret\u00e7iyle bulu\u015facak.<\/p>\n<p>M\u00fczenin rezerv alan\u0131nda sergiye sunulacak bu mozaik ile ziyaret\u00e7ilere Ge\u00e7 Roma D\u00f6nemi\u2019nde tar\u0131msal faaliyetlerde \u00f6nemli bir yere sahip \u00fcz\u00fcm\u00fcn \u201ctarihe kaz\u0131nm\u0131\u015f\u201d izleri tan\u0131t\u0131lacak.<\/p>\n<p><strong>\u201cHassa\u2019n\u0131n \u00f6nemli bir \u00fcz\u00fcm merkezi oldu\u011fu konusu bu eserde ortaya \u00e7\u0131k\u0131yor\u201d<\/strong><\/p>\n<p>Hatay Arkeoloji M\u00fczesi M\u00fcd\u00fcr\u00fc Ay\u015fe Ersoy, AA muhabirine, MS 5. ve 6. y\u00fczy\u0131la ait \u201c\u00fcz\u00fcm hasad\u0131\u201d temas\u0131yla \u00f6n plana \u00e7\u0131kan mozai\u011fin 2016\u2019dan bu yana m\u00fczenin deposunda \u00f6zenle korundu\u011funu s\u00f6yledi.<\/p>\n<p>Ge\u00e7 Roma D\u00f6neminde \u00fcz\u00fcm yeti\u015ftiricili\u011fine verilen \u00f6nemin anlat\u0131ld\u0131\u011f\u0131 mozai\u011fin, g\u00fcn\u00fcm\u00fczdeki \u00fcz\u00fcm \u00fcreticili\u011finin de tan\u0131t\u0131lmas\u0131 i\u00e7in \u00e7ok \u00f6nemli oldu\u011funa i\u015faret eden Ersoy, \u201c2002\u2019deki kaz\u0131 \u00e7al\u0131\u015fmalar\u0131nda yer yer tahrip olmu\u015f bir kilisenin taban mozaiklerine ula\u015f\u0131lm\u0131\u015f. Taban mozaiklerimiz, MS 5. ve 6. y\u00fczy\u0131la ait. Mozai\u011fimiz o y\u0131llardaki \u00fcz\u00fcm hasad\u0131n\u0131 yans\u0131t\u0131yor. Her y\u0131l da Hassa\u2019da \u00fcz\u00fcm hasad\u0131 zaman\u0131nda bu mozai\u011fimiz g\u00fcndeme geliyordu.\u201d<\/p>\n<p>Ersoy, 6 metrekaresi sa\u011flam olarak g\u00fcn\u00fcm\u00fcze ula\u015fabilmi\u015f mozai\u011fin \u00fczerinde e\u015fek \u00fcst\u00fcnde i\u00e7erisi \u00fcz\u00fcm dolu bir k\u00fcfe ve bu k\u00fcfenin bir i\u015f\u00e7i taraf\u0131ndan g\u00f6t\u00fcr\u00fclmesini anlatan fig\u00fcrlerin yer ald\u0131\u011f\u0131n\u0131 aktararak, bu \u00e7al\u0131\u015fmayla MS 5. ve 6. y\u00fczy\u0131l\u0131 g\u00fcn\u00fcm\u00fcze ta\u015f\u0131d\u0131klar\u0131n\u0131 dile getirdi.<\/p>\n<p>\u201cBinlerce y\u0131ld\u0131r Amik Ovas\u0131\u2019n\u0131n verimli topraklar\u0131nda \u00fcz\u00fcm \u00e7ok \u00f6nemli bir ge\u00e7im kayna\u011f\u0131, ticaret malzemesi olmu\u015f ve o y\u0131llarda bile ihracat\u0131 yap\u0131l\u0131yor. O d\u00f6nemde de Hassa\u2019n\u0131n \u00f6nemli bir \u00fcz\u00fcm merkezi oldu\u011fu konusu bu eserde ortaya \u00e7\u0131k\u0131yor. Biz de bu durumu yans\u0131tan mozai\u011fimizi ziyaret\u00e7ilerimizle bulu\u015fturaca\u011f\u0131z.\u201d diyen Ersoy, mozai\u011fi alandan bulunmu\u015f haliyle te\u015fhire sunabilmek i\u00e7in restorat\u00f6rlerin b\u00fcy\u00fck bir titizlikle \u00e7al\u0131\u015fma y\u00fcr\u00fctt\u00fc\u011f\u00fcn\u00fc vurgulad\u0131.<\/p>\n<p>Ersoy, 6 Eyl\u00fcl\u2019de Hassa\u2019n\u0131n \u201c\u00dcz\u00fcm Hasad\u0131 \u015eenlikleri\u201dnin m\u00fczeden ba\u015flayaca\u011f\u0131n\u0131, sergi g\u00fcn\u00fcnde ayr\u0131ca m\u00fcze giri\u015finde Hassal\u0131 kad\u0131nlar taraf\u0131ndan, \u00fcz\u00fcmden yap\u0131lan \u00fcr\u00fcnlerin de sat\u0131\u015fa sunulaca\u011f\u0131n\u0131 ifade etti.<\/p>\n<p><em><strong>https:\/\/www.aa.com.tr\/tr\/kultur-sanat\/amik-ovasinda-yetisen-uzumun-tarihe-kazinmis-izleri-ziyaretciyle-bulusacak-\/2313367\u00a0<\/strong><\/em><\/p>\n","protected":false},"excerpt":{"rendered":"<p>\u00dcz\u00fcm yeti\u015ftiricili\u011finde \u00f6nemli bir yere sahip Hatay\u2019\u0131n Hassa il\u00e7esindeki kaz\u0131larda g\u00fcn y\u00fcz\u00fcne \u00e7\u0131kar\u0131lan Ge\u00e7 Roma D\u00f6nemine ait \u201c\u00fcz\u00fcm hasad\u0131\u201d temal\u0131 mozaik, kentte hasad\u0131n ba\u015flayaca\u011f\u0131 6 Eyl\u00fcl\u2019de Hatay Arkeoloji M\u00fczesi\u2019nde ziyarete a\u00e7\u0131lacak. Lale K\u00f6kl\u00fc Karag\u00f6z G\u00fcn\u00fcm\u00fczde \u00fcz\u00fcm yeti\u015ftiricili\u011finde \u00f6nemli bir yere sahip Hatay\u2019\u0131n Hassa il\u00e7esindeki kaz\u0131 \u00e7al\u0131\u015fmalar\u0131nda g\u00fcn y\u00fcz\u00fcne \u00e7\u0131kar\u0131lan ve \u00fczerinde \u00fcz\u00fcm hasad\u0131n\u0131 anlatan fig\u00fcrlerin [&hellip;]<\/p>\n","protected":false},"author":7,"featured_media":63975,"comment_status":"open","ping_status":"open","sticky":false,"template":"","format":"standard","meta":{"footnotes":""},"categories":[1],"tags":[],"class_list":["post-63974","post","type-post","status-publish","format-standard","has-post-thumbnail","hentry","category-haberler"],"yoast_head":"<!-- This site is optimized with the Yoast SEO plugin v27.4 - https:\/\/yoast.com\/product\/yoast-seo-wordpress\/ -->\n<title>Amik Ovas\u0131\u2019nda yeti\u015fen \u00fcz\u00fcm\u00fcn \u2018tarihe kaz\u0131nm\u0131\u015f\u2019 izleri ziyaret\u00e7iyle bulu\u015facak - Bati Ermenistan Ve Bati Ermenileri Sorunlari Ara\u015ftirmalar Merkezi<\/title>\n<meta name=\"robots\" content=\"index, follow, max-snippet:-1, max-image-preview:large, max-video-preview:-1\" \/>\n<link rel=\"canonical\" href=\"https:\/\/akunq.net\/tr\/?p=63974\" \/>\n<meta property=\"og:locale\" content=\"en_US\" \/>\n<meta property=\"og:type\" content=\"article\" \/>\n<meta property=\"og:title\" content=\"Amik Ovas\u0131\u2019nda yeti\u015fen \u00fcz\u00fcm\u00fcn \u2018tarihe kaz\u0131nm\u0131\u015f\u2019 izleri ziyaret\u00e7iyle bulu\u015facak - Bati Ermenistan Ve Bati Ermenileri Sorunlari Ara\u015ftirmalar Merkezi\" \/>\n<meta property=\"og:description\" content=\"\u00dcz\u00fcm yeti\u015ftiricili\u011finde \u00f6nemli bir yere sahip Hatay\u2019\u0131n Hassa il\u00e7esindeki kaz\u0131larda g\u00fcn y\u00fcz\u00fcne \u00e7\u0131kar\u0131lan Ge\u00e7 Roma D\u00f6nemine ait \u201c\u00fcz\u00fcm hasad\u0131\u201d temal\u0131 mozaik, kentte hasad\u0131n ba\u015flayaca\u011f\u0131 6 Eyl\u00fcl\u2019de Hatay Arkeoloji M\u00fczesi\u2019nde ziyarete a\u00e7\u0131lacak. Lale K\u00f6kl\u00fc Karag\u00f6z G\u00fcn\u00fcm\u00fczde \u00fcz\u00fcm yeti\u015ftiricili\u011finde \u00f6nemli bir yere sahip Hatay\u2019\u0131n Hassa il\u00e7esindeki kaz\u0131 \u00e7al\u0131\u015fmalar\u0131nda g\u00fcn y\u00fcz\u00fcne \u00e7\u0131kar\u0131lan ve \u00fczerinde \u00fcz\u00fcm hasad\u0131n\u0131 anlatan fig\u00fcrlerin [&hellip;]\" \/>\n<meta property=\"og:url\" content=\"https:\/\/akunq.net\/tr\/?p=63974\" \/>\n<meta property=\"og:site_name\" content=\"Bati Ermenistan Ve Bati Ermenileri Sorunlari Ara\u015ftirmalar Merkezi\" \/>\n<meta property=\"article:published_time\" content=\"2021-07-27T08:08:13+00:00\" \/>\n<meta property=\"og:image\" content=\"https:\/\/akunq.net\/tr\/wp-content\/uploads\/sites\/6\/2021\/07\/Amik-Ovas\u0131\u2019nda-yeti\u015fen-\u00fcz\u00fcm.jpg\" \/>\n\t<meta property=\"og:image:width\" content=\"865\" \/>\n\t<meta property=\"og:image:height\" content=\"486\" \/>\n\t<meta property=\"og:image:type\" content=\"image\/jpeg\" \/>\n<meta name=\"author\" content=\"admin\" \/>\n<meta name=\"twitter:card\" content=\"summary_large_image\" \/>\n<meta name=\"twitter:label1\" content=\"Written by\" \/>\n\t<meta name=\"twitter:data1\" content=\"admin\" \/>\n\t<meta name=\"twitter:label2\" content=\"Est. reading time\" \/>\n\t<meta name=\"twitter:data2\" content=\"3 minutes\" \/>\n<script type=\"application\/ld+json\" class=\"yoast-schema-graph\">{\"@context\":\"https:\\\/\\\/schema.org\",\"@graph\":[{\"@type\":\"Article\",\"@id\":\"https:\\\/\\\/akunq.net\\\/tr\\\/?p=63974#article\",\"isPartOf\":{\"@id\":\"https:\\\/\\\/akunq.net\\\/tr\\\/?p=63974\"},\"author\":{\"name\":\"admin\",\"@id\":\"https:\\\/\\\/akunq.net\\\/tr\\\/#\\\/schema\\\/person\\\/096f1d38a12cce57fb855b485ed24c9e\"},\"headline\":\"Amik Ovas\u0131\u2019nda yeti\u015fen \u00fcz\u00fcm\u00fcn \u2018tarihe kaz\u0131nm\u0131\u015f\u2019 izleri ziyaret\u00e7iyle bulu\u015facak\",\"datePublished\":\"2021-07-27T08:08:13+00:00\",\"mainEntityOfPage\":{\"@id\":\"https:\\\/\\\/akunq.net\\\/tr\\\/?p=63974\"},\"wordCount\":651,\"commentCount\":0,\"image\":{\"@id\":\"https:\\\/\\\/akunq.net\\\/tr\\\/?p=63974#primaryimage\"},\"thumbnailUrl\":\"https:\\\/\\\/akunq.net\\\/tr\\\/wp-content\\\/uploads\\\/sites\\\/6\\\/2021\\\/07\\\/Amik-Ovas\u0131\u2019nda-yeti\u015fen-\u00fcz\u00fcm.jpg\",\"articleSection\":[\"Haberler\"],\"inLanguage\":\"en-US\",\"potentialAction\":[{\"@type\":\"CommentAction\",\"name\":\"Comment\",\"target\":[\"https:\\\/\\\/akunq.net\\\/tr\\\/?p=63974#respond\"]}]},{\"@type\":\"WebPage\",\"@id\":\"https:\\\/\\\/akunq.net\\\/tr\\\/?p=63974\",\"url\":\"https:\\\/\\\/akunq.net\\\/tr\\\/?p=63974\",\"name\":\"Amik Ovas\u0131\u2019nda yeti\u015fen \u00fcz\u00fcm\u00fcn \u2018tarihe kaz\u0131nm\u0131\u015f\u2019 izleri ziyaret\u00e7iyle bulu\u015facak - Bati Ermenistan Ve Bati Ermenileri Sorunlari Ara\u015ftirmalar Merkezi\",\"isPartOf\":{\"@id\":\"https:\\\/\\\/akunq.net\\\/tr\\\/#website\"},\"primaryImageOfPage\":{\"@id\":\"https:\\\/\\\/akunq.net\\\/tr\\\/?p=63974#primaryimage\"},\"image\":{\"@id\":\"https:\\\/\\\/akunq.net\\\/tr\\\/?p=63974#primaryimage\"},\"thumbnailUrl\":\"https:\\\/\\\/akunq.net\\\/tr\\\/wp-content\\\/uploads\\\/sites\\\/6\\\/2021\\\/07\\\/Amik-Ovas\u0131\u2019nda-yeti\u015fen-\u00fcz\u00fcm.jpg\",\"datePublished\":\"2021-07-27T08:08:13+00:00\",\"author\":{\"@id\":\"https:\\\/\\\/akunq.net\\\/tr\\\/#\\\/schema\\\/person\\\/096f1d38a12cce57fb855b485ed24c9e\"},\"breadcrumb\":{\"@id\":\"https:\\\/\\\/akunq.net\\\/tr\\\/?p=63974#breadcrumb\"},\"inLanguage\":\"en-US\",\"potentialAction\":[{\"@type\":\"ReadAction\",\"target\":[\"https:\\\/\\\/akunq.net\\\/tr\\\/?p=63974\"]}]},{\"@type\":\"ImageObject\",\"inLanguage\":\"en-US\",\"@id\":\"https:\\\/\\\/akunq.net\\\/tr\\\/?p=63974#primaryimage\",\"url\":\"https:\\\/\\\/akunq.net\\\/tr\\\/wp-content\\\/uploads\\\/sites\\\/6\\\/2021\\\/07\\\/Amik-Ovas\u0131\u2019nda-yeti\u015fen-\u00fcz\u00fcm.jpg\",\"contentUrl\":\"https:\\\/\\\/akunq.net\\\/tr\\\/wp-content\\\/uploads\\\/sites\\\/6\\\/2021\\\/07\\\/Amik-Ovas\u0131\u2019nda-yeti\u015fen-\u00fcz\u00fcm.jpg\",\"width\":865,\"height\":486},{\"@type\":\"BreadcrumbList\",\"@id\":\"https:\\\/\\\/akunq.net\\\/tr\\\/?p=63974#breadcrumb\",\"itemListElement\":[{\"@type\":\"ListItem\",\"position\":1,\"name\":\"Home\",\"item\":\"https:\\\/\\\/akunq.net\\\/tr\"},{\"@type\":\"ListItem\",\"position\":2,\"name\":\"Amik Ovas\u0131\u2019nda yeti\u015fen \u00fcz\u00fcm\u00fcn \u2018tarihe kaz\u0131nm\u0131\u015f\u2019 izleri ziyaret\u00e7iyle bulu\u015facak\"}]},{\"@type\":\"WebSite\",\"@id\":\"https:\\\/\\\/akunq.net\\\/tr\\\/#website\",\"url\":\"https:\\\/\\\/akunq.net\\\/tr\\\/\",\"name\":\"Bati Ermenistan Ve Bati Ermenileri Sorunlari Ara\u015ftirmalar Merkezi\",\"description\":\"\",\"potentialAction\":[{\"@type\":\"SearchAction\",\"target\":{\"@type\":\"EntryPoint\",\"urlTemplate\":\"https:\\\/\\\/akunq.net\\\/tr\\\/?s={search_term_string}\"},\"query-input\":{\"@type\":\"PropertyValueSpecification\",\"valueRequired\":true,\"valueName\":\"search_term_string\"}}],\"inLanguage\":\"en-US\"},{\"@type\":\"Person\",\"@id\":\"https:\\\/\\\/akunq.net\\\/tr\\\/#\\\/schema\\\/person\\\/096f1d38a12cce57fb855b485ed24c9e\",\"name\":\"admin\",\"url\":\"https:\\\/\\\/akunq.net\\\/tr\\\/?author=7\"}]}<\/script>\n<!-- \/ Yoast SEO plugin. -->","yoast_head_json":{"title":"Amik Ovas\u0131\u2019nda yeti\u015fen \u00fcz\u00fcm\u00fcn \u2018tarihe kaz\u0131nm\u0131\u015f\u2019 izleri ziyaret\u00e7iyle bulu\u015facak - Bati Ermenistan Ve Bati Ermenileri Sorunlari Ara\u015ftirmalar Merkezi","robots":{"index":"index","follow":"follow","max-snippet":"max-snippet:-1","max-image-preview":"max-image-preview:large","max-video-preview":"max-video-preview:-1"},"canonical":"https:\/\/akunq.net\/tr\/?p=63974","og_locale":"en_US","og_type":"article","og_title":"Amik Ovas\u0131\u2019nda yeti\u015fen \u00fcz\u00fcm\u00fcn \u2018tarihe kaz\u0131nm\u0131\u015f\u2019 izleri ziyaret\u00e7iyle bulu\u015facak - Bati Ermenistan Ve Bati Ermenileri Sorunlari Ara\u015ftirmalar Merkezi","og_description":"\u00dcz\u00fcm yeti\u015ftiricili\u011finde \u00f6nemli bir yere sahip Hatay\u2019\u0131n Hassa il\u00e7esindeki kaz\u0131larda g\u00fcn y\u00fcz\u00fcne \u00e7\u0131kar\u0131lan Ge\u00e7 Roma D\u00f6nemine ait \u201c\u00fcz\u00fcm hasad\u0131\u201d temal\u0131 mozaik, kentte hasad\u0131n ba\u015flayaca\u011f\u0131 6 Eyl\u00fcl\u2019de Hatay Arkeoloji M\u00fczesi\u2019nde ziyarete a\u00e7\u0131lacak. Lale K\u00f6kl\u00fc Karag\u00f6z G\u00fcn\u00fcm\u00fczde \u00fcz\u00fcm yeti\u015ftiricili\u011finde \u00f6nemli bir yere sahip Hatay\u2019\u0131n Hassa il\u00e7esindeki kaz\u0131 \u00e7al\u0131\u015fmalar\u0131nda g\u00fcn y\u00fcz\u00fcne \u00e7\u0131kar\u0131lan ve \u00fczerinde \u00fcz\u00fcm hasad\u0131n\u0131 anlatan fig\u00fcrlerin [&hellip;]","og_url":"https:\/\/akunq.net\/tr\/?p=63974","og_site_name":"Bati Ermenistan Ve Bati Ermenileri Sorunlari Ara\u015ftirmalar Merkezi","article_published_time":"2021-07-27T08:08:13+00:00","og_image":[{"width":865,"height":486,"url":"https:\/\/akunq.net\/tr\/wp-content\/uploads\/sites\/6\/2021\/07\/Amik-Ovas\u0131\u2019nda-yeti\u015fen-\u00fcz\u00fcm.jpg","type":"image\/jpeg"}],"author":"admin","twitter_card":"summary_large_image","twitter_misc":{"Written by":"admin","Est. reading time":"3 minutes"},"schema":{"@context":"https:\/\/schema.org","@graph":[{"@type":"Article","@id":"https:\/\/akunq.net\/tr\/?p=63974#article","isPartOf":{"@id":"https:\/\/akunq.net\/tr\/?p=63974"},"author":{"name":"admin","@id":"https:\/\/akunq.net\/tr\/#\/schema\/person\/096f1d38a12cce57fb855b485ed24c9e"},"headline":"Amik Ovas\u0131\u2019nda yeti\u015fen \u00fcz\u00fcm\u00fcn \u2018tarihe kaz\u0131nm\u0131\u015f\u2019 izleri ziyaret\u00e7iyle bulu\u015facak","datePublished":"2021-07-27T08:08:13+00:00","mainEntityOfPage":{"@id":"https:\/\/akunq.net\/tr\/?p=63974"},"wordCount":651,"commentCount":0,"image":{"@id":"https:\/\/akunq.net\/tr\/?p=63974#primaryimage"},"thumbnailUrl":"https:\/\/akunq.net\/tr\/wp-content\/uploads\/sites\/6\/2021\/07\/Amik-Ovas\u0131\u2019nda-yeti\u015fen-\u00fcz\u00fcm.jpg","articleSection":["Haberler"],"inLanguage":"en-US","potentialAction":[{"@type":"CommentAction","name":"Comment","target":["https:\/\/akunq.net\/tr\/?p=63974#respond"]}]},{"@type":"WebPage","@id":"https:\/\/akunq.net\/tr\/?p=63974","url":"https:\/\/akunq.net\/tr\/?p=63974","name":"Amik Ovas\u0131\u2019nda yeti\u015fen \u00fcz\u00fcm\u00fcn \u2018tarihe kaz\u0131nm\u0131\u015f\u2019 izleri ziyaret\u00e7iyle bulu\u015facak - Bati Ermenistan Ve Bati Ermenileri Sorunlari Ara\u015ftirmalar Merkezi","isPartOf":{"@id":"https:\/\/akunq.net\/tr\/#website"},"primaryImageOfPage":{"@id":"https:\/\/akunq.net\/tr\/?p=63974#primaryimage"},"image":{"@id":"https:\/\/akunq.net\/tr\/?p=63974#primaryimage"},"thumbnailUrl":"https:\/\/akunq.net\/tr\/wp-content\/uploads\/sites\/6\/2021\/07\/Amik-Ovas\u0131\u2019nda-yeti\u015fen-\u00fcz\u00fcm.jpg","datePublished":"2021-07-27T08:08:13+00:00","author":{"@id":"https:\/\/akunq.net\/tr\/#\/schema\/person\/096f1d38a12cce57fb855b485ed24c9e"},"breadcrumb":{"@id":"https:\/\/akunq.net\/tr\/?p=63974#breadcrumb"},"inLanguage":"en-US","potentialAction":[{"@type":"ReadAction","target":["https:\/\/akunq.net\/tr\/?p=63974"]}]},{"@type":"ImageObject","inLanguage":"en-US","@id":"https:\/\/akunq.net\/tr\/?p=63974#primaryimage","url":"https:\/\/akunq.net\/tr\/wp-content\/uploads\/sites\/6\/2021\/07\/Amik-Ovas\u0131\u2019nda-yeti\u015fen-\u00fcz\u00fcm.jpg","contentUrl":"https:\/\/akunq.net\/tr\/wp-content\/uploads\/sites\/6\/2021\/07\/Amik-Ovas\u0131\u2019nda-yeti\u015fen-\u00fcz\u00fcm.jpg","width":865,"height":486},{"@type":"BreadcrumbList","@id":"https:\/\/akunq.net\/tr\/?p=63974#breadcrumb","itemListElement":[{"@type":"ListItem","position":1,"name":"Home","item":"https:\/\/akunq.net\/tr"},{"@type":"ListItem","position":2,"name":"Amik Ovas\u0131\u2019nda yeti\u015fen \u00fcz\u00fcm\u00fcn \u2018tarihe kaz\u0131nm\u0131\u015f\u2019 izleri ziyaret\u00e7iyle bulu\u015facak"}]},{"@type":"WebSite","@id":"https:\/\/akunq.net\/tr\/#website","url":"https:\/\/akunq.net\/tr\/","name":"Bati Ermenistan Ve Bati Ermenileri Sorunlari Ara\u015ftirmalar Merkezi","description":"","potentialAction":[{"@type":"SearchAction","target":{"@type":"EntryPoint","urlTemplate":"https:\/\/akunq.net\/tr\/?s={search_term_string}"},"query-input":{"@type":"PropertyValueSpecification","valueRequired":true,"valueName":"search_term_string"}}],"inLanguage":"en-US"},{"@type":"Person","@id":"https:\/\/akunq.net\/tr\/#\/schema\/person\/096f1d38a12cce57fb855b485ed24c9e","name":"admin","url":"https:\/\/akunq.net\/tr\/?author=7"}]}},"_links":{"self":[{"href":"https:\/\/akunq.net\/tr\/index.php?rest_route=\/wp\/v2\/posts\/63974","targetHints":{"allow":["GET"]}}],"collection":[{"href":"https:\/\/akunq.net\/tr\/index.php?rest_route=\/wp\/v2\/posts"}],"about":[{"href":"https:\/\/akunq.net\/tr\/index.php?rest_route=\/wp\/v2\/types\/post"}],"author":[{"embeddable":true,"href":"https:\/\/akunq.net\/tr\/index.php?rest_route=\/wp\/v2\/users\/7"}],"replies":[{"embeddable":true,"href":"https:\/\/akunq.net\/tr\/index.php?rest_route=%2Fwp%2Fv2%2Fcomments&post=63974"}],"version-history":[{"count":1,"href":"https:\/\/akunq.net\/tr\/index.php?rest_route=\/wp\/v2\/posts\/63974\/revisions"}],"predecessor-version":[{"id":63976,"href":"https:\/\/akunq.net\/tr\/index.php?rest_route=\/wp\/v2\/posts\/63974\/revisions\/63976"}],"wp:featuredmedia":[{"embeddable":true,"href":"https:\/\/akunq.net\/tr\/index.php?rest_route=\/wp\/v2\/media\/63975"}],"wp:attachment":[{"href":"https:\/\/akunq.net\/tr\/index.php?rest_route=%2Fwp%2Fv2%2Fmedia&parent=63974"}],"wp:term":[{"taxonomy":"category","embeddable":true,"href":"https:\/\/akunq.net\/tr\/index.php?rest_route=%2Fwp%2Fv2%2Fcategories&post=63974"},{"taxonomy":"post_tag","embeddable":true,"href":"https:\/\/akunq.net\/tr\/index.php?rest_route=%2Fwp%2Fv2%2Ftags&post=63974"}],"curies":[{"name":"wp","href":"https:\/\/api.w.org\/{rel}","templated":true}]}}