{"id":63961,"date":"2021-07-27T01:38:24","date_gmt":"2021-07-27T06:38:24","guid":{"rendered":"https:\/\/akunq.net\/tr\/?p=63961"},"modified":"2021-07-27T01:38:24","modified_gmt":"2021-07-27T06:38:24","slug":"mugla-akyakadaki-orta-cagdan-kalma-kale-surlari-gun-yuzune-cikariliyor","status":"publish","type":"post","link":"https:\/\/akunq.net\/tr\/?p=63961","title":{"rendered":"Mu\u011fla Akyaka\u2019daki Orta \u00c7a\u011f\u2019dan kalma kale surlar\u0131 g\u00fcn y\u00fcz\u00fcne \u00e7\u0131kar\u0131l\u0131yor"},"content":{"rendered":"<p><strong><img loading=\"lazy\" decoding=\"async\" class=\"aligncenter size-medium wp-image-63962\" src=\"https:\/\/akunq.net\/tr\/wp-content\/uploads\/2021\/07\/Mu\u011fla-Akyaka\u2019daki-Orta-\u00c7a\u011f\u2019dan-kalma-kale-360x203.jpeg\" alt=\"\" width=\"360\" height=\"203\" srcset=\"https:\/\/akunq.net\/tr\/wp-content\/uploads\/sites\/6\/2021\/07\/Mu\u011fla-Akyaka\u2019daki-Orta-\u00c7a\u011f\u2019dan-kalma-kale-360x203.jpeg 360w, https:\/\/akunq.net\/tr\/wp-content\/uploads\/sites\/6\/2021\/07\/Mu\u011fla-Akyaka\u2019daki-Orta-\u00c7a\u011f\u2019dan-kalma-kale-768x432.jpeg 768w, https:\/\/akunq.net\/tr\/wp-content\/uploads\/sites\/6\/2021\/07\/Mu\u011fla-Akyaka\u2019daki-Orta-\u00c7a\u011f\u2019dan-kalma-kale-560x315.jpeg 560w, https:\/\/akunq.net\/tr\/wp-content\/uploads\/sites\/6\/2021\/07\/Mu\u011fla-Akyaka\u2019daki-Orta-\u00c7a\u011f\u2019dan-kalma-kale-260x146.jpeg 260w, https:\/\/akunq.net\/tr\/wp-content\/uploads\/sites\/6\/2021\/07\/Mu\u011fla-Akyaka\u2019daki-Orta-\u00c7a\u011f\u2019dan-kalma-kale-160x90.jpeg 160w, https:\/\/akunq.net\/tr\/wp-content\/uploads\/sites\/6\/2021\/07\/Mu\u011fla-Akyaka\u2019daki-Orta-\u00c7a\u011f\u2019dan-kalma-kale.jpeg 864w\" sizes=\"auto, (max-width: 360px) 100vw, 360px\" \/><\/strong><\/p>\n<h4><em>Mu\u011fla\u2019n\u0131n Ula il\u00e7esine ba\u011fl\u0131 \u201cSakin Kent\u201d unvan\u0131na sahip Akyaka Mahallesi\u2019nde bulunan, Orta \u00c7a\u011f\u2019dan kalma kale surlar\u0131n\u0131 g\u00fcn y\u00fcz\u00fcne \u00e7\u0131karmak i\u00e7in ba\u015flat\u0131lan kaz\u0131 \u00e7al\u0131\u015fmas\u0131 s\u00fcr\u00fcyor.<\/em><\/h4>\n<p>Durmu\u015f Gen\u00e7<\/p>\n<p>Deniz, kum, g\u00fcne\u015f turizminin yan\u0131 s\u0131ra tarihi ve k\u00fclt\u00fcrel yap\u0131s\u0131yla G\u00f6kova K\u00f6rfezi\u2019nin k\u0131y\u0131s\u0131nda bulunan, her y\u0131l binlerce yerli ve yabanc\u0131 turistin ziyaret etti\u011fi Akyaka\u2019daki tarihi alanlar\u0131n g\u00fcn y\u00fcz\u00fcne \u00e7\u0131kar\u0131lmas\u0131 amac\u0131yla K\u00fclt\u00fcr Turizm Bakanl\u0131\u011f\u0131 ve Mu\u011fla Valili\u011fi koordinesinde \u00e7al\u0131\u015fma y\u00fcr\u00fct\u00fcl\u00fcyor.<\/p>\n<p>Yakla\u015f\u0131k 2 bin 700 y\u0131ll\u0131k ge\u00e7mi\u015fe sahip oldu\u011fu de\u011ferlendirilen yerle\u015fim yerinde, Orta \u00c7a\u011f\u2019dan kald\u0131\u011f\u0131 belirtilen surlar\u0131n b\u00fcy\u00fck b\u00f6l\u00fcm\u00fc 10 ayl\u0131k \u00e7al\u0131\u015fma sonucu ortaya \u00e7\u0131kar\u0131ld\u0131.<\/p>\n<p>B\u00f6lgedeki daha eski d\u00f6nemlere ait 4 kaya mezar\u0131nda temizlik ve kaz\u0131 \u00e7al\u0131\u015fmalar\u0131 ger\u00e7ekle\u015ftirildi.<\/p>\n<figure class=\"wp-block-image\"><img decoding=\"async\" src=\"https:\/\/i1.wp.com\/www.aa.com.tr\/uploads\/userFiles\/de89f914-66b1-4a0b-9347-13c0eafe70cc\/2021%2F07%2Fakyaka-3-.jpg?ssl=1\" alt=\"\" data-recalc-dims=\"1\" \/><\/figure>\n<h3>\u201cBu alanlar\u0131 yava\u015f yava\u015f gezilebilir ve g\u00f6r\u00fclebilir hale getirmek i\u00e7in \u00e7al\u0131\u015f\u0131yoruz\u201d<\/h3>\n<p>Kaz\u0131 Ba\u015fkan\u0131 ve Mu\u011fla S\u0131tk\u0131 Ko\u00e7man \u00dcniversitesi Arkeoloji B\u00f6l\u00fcm\u00fc \u00d6\u011fretim \u00dcyesi Do\u00e7. Dr. Abdulkadir Baran, AA muhabirine, b\u00f6lgede kaz\u0131 \u00e7al\u0131\u015fmalar\u0131n\u0131n yakla\u015f\u0131k 10 ayd\u0131r kesintisiz \u015fekilde s\u00fcrd\u00fc\u011f\u00fcn\u00fc kaydetti.<\/p>\n<p>Buran\u0131n, Karya\u2019n\u0131n \u00f6nemli kentlerinden biri oldu\u011funu anlatan Baran, \u201c\u015eu anda Helenistik d\u00f6nem izlerinin bulundu\u011fu, olas\u0131l\u0131kla limanla ba\u011flant\u0131l\u0131 mekanlar\u0131n kaz\u0131lar\u0131n\u0131 ger\u00e7ekle\u015ftiriyoruz. Kentte kaz\u0131 yapt\u0131\u011f\u0131m\u0131z ve aya\u011fa kald\u0131rd\u0131\u011f\u0131m\u0131z en \u00f6nemli alanlardan bir tanesi de Orta \u00c7a\u011f kalesi.\u201d dedi.<\/p>\n<figure class=\"wp-block-image\"><img decoding=\"async\" src=\"https:\/\/i0.wp.com\/admin.aa.com.tr\/uploads\/userFiles\/de89f914-66b1-4a0b-9347-13c0eafe70cc\/2021%2F07%2Fakyaka-2-.jpg?ssl=1\" alt=\"\" data-recalc-dims=\"1\" \/><\/figure>\n<p>Kaz\u0131 \u00e7al\u0131\u015fmalar\u0131nda, kalenin, sonraki d\u00f6nemlerde Osmanl\u0131 ve Sel\u00e7uklular d\u00f6neminde de kullan\u0131ld\u0131\u011f\u0131n\u0131 belirlediklerini aktaran Baran, a\u011f\u0131rl\u0131kl\u0131 olarak kale duvarlar\u0131n\u0131n a\u00e7\u0131lmas\u0131 ve bunlar\u0131n konservasyonunu yapt\u0131klar\u0131n\u0131 dile getirdi.<\/p>\n<p>Kaz\u0131 \u00e7al\u0131\u015fmalar\u0131n\u0131n yan\u0131 s\u0131ra kentte arkeolojik ara\u015ft\u0131rma ve bilimsel \u00e7al\u0131\u015fmalar\u0131n da devam etti\u011fine i\u015faret eden Baran, \u201c\u00c7al\u0131\u015fmalar\u0131m\u0131z ilerledik\u00e7e bu b\u00f6lgenin ge\u00e7mi\u015f kadim k\u00fclt\u00fcrlerinden Karya k\u00fclt\u00fcr\u00fc hakk\u0131ndaki bilgilerimiz eksiksiz \u015fekilde tamamlanm\u0131\u015f olacak. Y\u00fcr\u00fctt\u00fc\u011f\u00fcm\u00fcz b\u00fct\u00fcn \u00e7al\u0131\u015fmalarda Akyaka ile Ula il\u00e7esini birbirine bir k\u00fclt\u00fcr rotas\u0131 gibi ba\u011flamaya \u00e7al\u0131\u015f\u0131yoruz. Biz b\u00f6lgedeki bu k\u00fclt\u00fcr rotam\u0131z\u0131 olu\u015fturacak bu alanlar\u0131, yava\u015f yava\u015f gezilebilir ve g\u00f6r\u00fclebilir hale getirmek i\u00e7in \u00e7al\u0131\u015f\u0131yoruz.\u201d diye konu\u015ftu.<\/p>\n<figure class=\"wp-block-image\"><img decoding=\"async\" src=\"https:\/\/i2.wp.com\/www.aa.com.tr\/uploads\/userFiles\/de89f914-66b1-4a0b-9347-13c0eafe70cc\/2021%2F07%2Fakyaka26.jpg?ssl=1\" alt=\"\" data-recalc-dims=\"1\" \/><\/figure>\n<p>Baran, \u00f6nceki y\u0131llarda bulunan kilise ve mozaik alanlar\u0131nda da \u00e7al\u0131\u015fma y\u00fcr\u00fctt\u00fcklerini, g\u00fcn y\u00fcz\u00fcne \u00e7\u0131kar\u0131lan kiliselerde de \u00e7al\u0131\u015fma y\u00fcr\u00fct\u00fclece\u011fini ifade etti.<\/p>\n<p><em><strong><a href=\"https:\/\/www.aa.com.tr\/tr\/kultur-sanat\/mugla-akyakadaki-orta-cagdan-kalma-kale-surlari-gun-yuzune-cikariliyor\/2314181\">https:\/\/www.aa.com.tr\/tr\/kultur-sanat\/mugla-akyakadaki-orta-cagdan-kalma-kale-surlari-gun-yuzune-cikariliyor\/2314181<\/a><\/strong><\/em><\/p>\n","protected":false},"excerpt":{"rendered":"<p>Mu\u011fla\u2019n\u0131n Ula il\u00e7esine ba\u011fl\u0131 \u201cSakin Kent\u201d unvan\u0131na sahip Akyaka Mahallesi\u2019nde bulunan, Orta \u00c7a\u011f\u2019dan kalma kale surlar\u0131n\u0131 g\u00fcn y\u00fcz\u00fcne \u00e7\u0131karmak i\u00e7in ba\u015flat\u0131lan kaz\u0131 \u00e7al\u0131\u015fmas\u0131 s\u00fcr\u00fcyor. Durmu\u015f Gen\u00e7 Deniz, kum, g\u00fcne\u015f turizminin yan\u0131 s\u0131ra tarihi ve k\u00fclt\u00fcrel yap\u0131s\u0131yla G\u00f6kova K\u00f6rfezi\u2019nin k\u0131y\u0131s\u0131nda bulunan, her y\u0131l binlerce yerli ve yabanc\u0131 turistin ziyaret etti\u011fi Akyaka\u2019daki tarihi alanlar\u0131n g\u00fcn y\u00fcz\u00fcne \u00e7\u0131kar\u0131lmas\u0131 [&hellip;]<\/p>\n","protected":false},"author":7,"featured_media":63962,"comment_status":"open","ping_status":"open","sticky":false,"template":"","format":"standard","meta":{"footnotes":""},"categories":[1],"tags":[],"class_list":["post-63961","post","type-post","status-publish","format-standard","has-post-thumbnail","hentry","category-haberler"],"yoast_head":"<!-- This site is optimized with the Yoast SEO plugin v27.4 - https:\/\/yoast.com\/product\/yoast-seo-wordpress\/ -->\n<title>Mu\u011fla Akyaka\u2019daki Orta \u00c7a\u011f\u2019dan kalma kale surlar\u0131 g\u00fcn y\u00fcz\u00fcne \u00e7\u0131kar\u0131l\u0131yor - Bati Ermenistan Ve Bati Ermenileri Sorunlari Ara\u015ftirmalar Merkezi<\/title>\n<meta name=\"robots\" content=\"index, follow, max-snippet:-1, max-image-preview:large, max-video-preview:-1\" \/>\n<link rel=\"canonical\" href=\"https:\/\/akunq.net\/tr\/?p=63961\" \/>\n<meta property=\"og:locale\" content=\"en_US\" \/>\n<meta property=\"og:type\" content=\"article\" \/>\n<meta property=\"og:title\" content=\"Mu\u011fla Akyaka\u2019daki Orta \u00c7a\u011f\u2019dan kalma kale surlar\u0131 g\u00fcn y\u00fcz\u00fcne \u00e7\u0131kar\u0131l\u0131yor - Bati Ermenistan Ve Bati Ermenileri Sorunlari Ara\u015ftirmalar Merkezi\" \/>\n<meta property=\"og:description\" content=\"Mu\u011fla\u2019n\u0131n Ula il\u00e7esine ba\u011fl\u0131 \u201cSakin Kent\u201d unvan\u0131na sahip Akyaka Mahallesi\u2019nde bulunan, Orta \u00c7a\u011f\u2019dan kalma kale surlar\u0131n\u0131 g\u00fcn y\u00fcz\u00fcne \u00e7\u0131karmak i\u00e7in ba\u015flat\u0131lan kaz\u0131 \u00e7al\u0131\u015fmas\u0131 s\u00fcr\u00fcyor. Durmu\u015f Gen\u00e7 Deniz, kum, g\u00fcne\u015f turizminin yan\u0131 s\u0131ra tarihi ve k\u00fclt\u00fcrel yap\u0131s\u0131yla G\u00f6kova K\u00f6rfezi\u2019nin k\u0131y\u0131s\u0131nda bulunan, her y\u0131l binlerce yerli ve yabanc\u0131 turistin ziyaret etti\u011fi Akyaka\u2019daki tarihi alanlar\u0131n g\u00fcn y\u00fcz\u00fcne \u00e7\u0131kar\u0131lmas\u0131 [&hellip;]\" \/>\n<meta property=\"og:url\" content=\"https:\/\/akunq.net\/tr\/?p=63961\" \/>\n<meta property=\"og:site_name\" content=\"Bati Ermenistan Ve Bati Ermenileri Sorunlari Ara\u015ftirmalar Merkezi\" \/>\n<meta property=\"article:published_time\" content=\"2021-07-27T06:38:24+00:00\" \/>\n<meta property=\"og:image\" content=\"https:\/\/akunq.net\/tr\/wp-content\/uploads\/sites\/6\/2021\/07\/Mu\u011fla-Akyaka\u2019daki-Orta-\u00c7a\u011f\u2019dan-kalma-kale.jpeg\" \/>\n\t<meta property=\"og:image:width\" content=\"864\" \/>\n\t<meta property=\"og:image:height\" content=\"486\" \/>\n\t<meta property=\"og:image:type\" content=\"image\/jpeg\" \/>\n<meta name=\"author\" content=\"admin\" \/>\n<meta name=\"twitter:card\" content=\"summary_large_image\" \/>\n<meta name=\"twitter:label1\" content=\"Written by\" \/>\n\t<meta name=\"twitter:data1\" content=\"admin\" \/>\n\t<meta name=\"twitter:label2\" content=\"Est. reading time\" \/>\n\t<meta name=\"twitter:data2\" content=\"2 minutes\" \/>\n<script type=\"application\/ld+json\" class=\"yoast-schema-graph\">{\"@context\":\"https:\\\/\\\/schema.org\",\"@graph\":[{\"@type\":\"Article\",\"@id\":\"https:\\\/\\\/akunq.net\\\/tr\\\/?p=63961#article\",\"isPartOf\":{\"@id\":\"https:\\\/\\\/akunq.net\\\/tr\\\/?p=63961\"},\"author\":{\"name\":\"admin\",\"@id\":\"https:\\\/\\\/akunq.net\\\/tr\\\/#\\\/schema\\\/person\\\/096f1d38a12cce57fb855b485ed24c9e\"},\"headline\":\"Mu\u011fla Akyaka\u2019daki Orta \u00c7a\u011f\u2019dan kalma kale surlar\u0131 g\u00fcn y\u00fcz\u00fcne \u00e7\u0131kar\u0131l\u0131yor\",\"datePublished\":\"2021-07-27T06:38:24+00:00\",\"mainEntityOfPage\":{\"@id\":\"https:\\\/\\\/akunq.net\\\/tr\\\/?p=63961\"},\"wordCount\":489,\"commentCount\":0,\"image\":{\"@id\":\"https:\\\/\\\/akunq.net\\\/tr\\\/?p=63961#primaryimage\"},\"thumbnailUrl\":\"https:\\\/\\\/akunq.net\\\/tr\\\/wp-content\\\/uploads\\\/sites\\\/6\\\/2021\\\/07\\\/Mu\u011fla-Akyaka\u2019daki-Orta-\u00c7a\u011f\u2019dan-kalma-kale.jpeg\",\"articleSection\":[\"Haberler\"],\"inLanguage\":\"en-US\",\"potentialAction\":[{\"@type\":\"CommentAction\",\"name\":\"Comment\",\"target\":[\"https:\\\/\\\/akunq.net\\\/tr\\\/?p=63961#respond\"]}]},{\"@type\":\"WebPage\",\"@id\":\"https:\\\/\\\/akunq.net\\\/tr\\\/?p=63961\",\"url\":\"https:\\\/\\\/akunq.net\\\/tr\\\/?p=63961\",\"name\":\"Mu\u011fla Akyaka\u2019daki Orta \u00c7a\u011f\u2019dan kalma kale surlar\u0131 g\u00fcn y\u00fcz\u00fcne \u00e7\u0131kar\u0131l\u0131yor - Bati Ermenistan Ve Bati Ermenileri Sorunlari Ara\u015ftirmalar Merkezi\",\"isPartOf\":{\"@id\":\"https:\\\/\\\/akunq.net\\\/tr\\\/#website\"},\"primaryImageOfPage\":{\"@id\":\"https:\\\/\\\/akunq.net\\\/tr\\\/?p=63961#primaryimage\"},\"image\":{\"@id\":\"https:\\\/\\\/akunq.net\\\/tr\\\/?p=63961#primaryimage\"},\"thumbnailUrl\":\"https:\\\/\\\/akunq.net\\\/tr\\\/wp-content\\\/uploads\\\/sites\\\/6\\\/2021\\\/07\\\/Mu\u011fla-Akyaka\u2019daki-Orta-\u00c7a\u011f\u2019dan-kalma-kale.jpeg\",\"datePublished\":\"2021-07-27T06:38:24+00:00\",\"author\":{\"@id\":\"https:\\\/\\\/akunq.net\\\/tr\\\/#\\\/schema\\\/person\\\/096f1d38a12cce57fb855b485ed24c9e\"},\"breadcrumb\":{\"@id\":\"https:\\\/\\\/akunq.net\\\/tr\\\/?p=63961#breadcrumb\"},\"inLanguage\":\"en-US\",\"potentialAction\":[{\"@type\":\"ReadAction\",\"target\":[\"https:\\\/\\\/akunq.net\\\/tr\\\/?p=63961\"]}]},{\"@type\":\"ImageObject\",\"inLanguage\":\"en-US\",\"@id\":\"https:\\\/\\\/akunq.net\\\/tr\\\/?p=63961#primaryimage\",\"url\":\"https:\\\/\\\/akunq.net\\\/tr\\\/wp-content\\\/uploads\\\/sites\\\/6\\\/2021\\\/07\\\/Mu\u011fla-Akyaka\u2019daki-Orta-\u00c7a\u011f\u2019dan-kalma-kale.jpeg\",\"contentUrl\":\"https:\\\/\\\/akunq.net\\\/tr\\\/wp-content\\\/uploads\\\/sites\\\/6\\\/2021\\\/07\\\/Mu\u011fla-Akyaka\u2019daki-Orta-\u00c7a\u011f\u2019dan-kalma-kale.jpeg\",\"width\":864,\"height\":486},{\"@type\":\"BreadcrumbList\",\"@id\":\"https:\\\/\\\/akunq.net\\\/tr\\\/?p=63961#breadcrumb\",\"itemListElement\":[{\"@type\":\"ListItem\",\"position\":1,\"name\":\"Home\",\"item\":\"https:\\\/\\\/akunq.net\\\/tr\"},{\"@type\":\"ListItem\",\"position\":2,\"name\":\"Mu\u011fla Akyaka\u2019daki Orta \u00c7a\u011f\u2019dan kalma kale surlar\u0131 g\u00fcn y\u00fcz\u00fcne \u00e7\u0131kar\u0131l\u0131yor\"}]},{\"@type\":\"WebSite\",\"@id\":\"https:\\\/\\\/akunq.net\\\/tr\\\/#website\",\"url\":\"https:\\\/\\\/akunq.net\\\/tr\\\/\",\"name\":\"Bati Ermenistan Ve Bati Ermenileri Sorunlari Ara\u015ftirmalar Merkezi\",\"description\":\"\",\"potentialAction\":[{\"@type\":\"SearchAction\",\"target\":{\"@type\":\"EntryPoint\",\"urlTemplate\":\"https:\\\/\\\/akunq.net\\\/tr\\\/?s={search_term_string}\"},\"query-input\":{\"@type\":\"PropertyValueSpecification\",\"valueRequired\":true,\"valueName\":\"search_term_string\"}}],\"inLanguage\":\"en-US\"},{\"@type\":\"Person\",\"@id\":\"https:\\\/\\\/akunq.net\\\/tr\\\/#\\\/schema\\\/person\\\/096f1d38a12cce57fb855b485ed24c9e\",\"name\":\"admin\",\"url\":\"https:\\\/\\\/akunq.net\\\/tr\\\/?author=7\"}]}<\/script>\n<!-- \/ Yoast SEO plugin. -->","yoast_head_json":{"title":"Mu\u011fla Akyaka\u2019daki Orta \u00c7a\u011f\u2019dan kalma kale surlar\u0131 g\u00fcn y\u00fcz\u00fcne \u00e7\u0131kar\u0131l\u0131yor - Bati Ermenistan Ve Bati Ermenileri Sorunlari Ara\u015ftirmalar Merkezi","robots":{"index":"index","follow":"follow","max-snippet":"max-snippet:-1","max-image-preview":"max-image-preview:large","max-video-preview":"max-video-preview:-1"},"canonical":"https:\/\/akunq.net\/tr\/?p=63961","og_locale":"en_US","og_type":"article","og_title":"Mu\u011fla Akyaka\u2019daki Orta \u00c7a\u011f\u2019dan kalma kale surlar\u0131 g\u00fcn y\u00fcz\u00fcne \u00e7\u0131kar\u0131l\u0131yor - Bati Ermenistan Ve Bati Ermenileri Sorunlari Ara\u015ftirmalar Merkezi","og_description":"Mu\u011fla\u2019n\u0131n Ula il\u00e7esine ba\u011fl\u0131 \u201cSakin Kent\u201d unvan\u0131na sahip Akyaka Mahallesi\u2019nde bulunan, Orta \u00c7a\u011f\u2019dan kalma kale surlar\u0131n\u0131 g\u00fcn y\u00fcz\u00fcne \u00e7\u0131karmak i\u00e7in ba\u015flat\u0131lan kaz\u0131 \u00e7al\u0131\u015fmas\u0131 s\u00fcr\u00fcyor. Durmu\u015f Gen\u00e7 Deniz, kum, g\u00fcne\u015f turizminin yan\u0131 s\u0131ra tarihi ve k\u00fclt\u00fcrel yap\u0131s\u0131yla G\u00f6kova K\u00f6rfezi\u2019nin k\u0131y\u0131s\u0131nda bulunan, her y\u0131l binlerce yerli ve yabanc\u0131 turistin ziyaret etti\u011fi Akyaka\u2019daki tarihi alanlar\u0131n g\u00fcn y\u00fcz\u00fcne \u00e7\u0131kar\u0131lmas\u0131 [&hellip;]","og_url":"https:\/\/akunq.net\/tr\/?p=63961","og_site_name":"Bati Ermenistan Ve Bati Ermenileri Sorunlari Ara\u015ftirmalar Merkezi","article_published_time":"2021-07-27T06:38:24+00:00","og_image":[{"width":864,"height":486,"url":"https:\/\/akunq.net\/tr\/wp-content\/uploads\/sites\/6\/2021\/07\/Mu\u011fla-Akyaka\u2019daki-Orta-\u00c7a\u011f\u2019dan-kalma-kale.jpeg","type":"image\/jpeg"}],"author":"admin","twitter_card":"summary_large_image","twitter_misc":{"Written by":"admin","Est. reading time":"2 minutes"},"schema":{"@context":"https:\/\/schema.org","@graph":[{"@type":"Article","@id":"https:\/\/akunq.net\/tr\/?p=63961#article","isPartOf":{"@id":"https:\/\/akunq.net\/tr\/?p=63961"},"author":{"name":"admin","@id":"https:\/\/akunq.net\/tr\/#\/schema\/person\/096f1d38a12cce57fb855b485ed24c9e"},"headline":"Mu\u011fla Akyaka\u2019daki Orta \u00c7a\u011f\u2019dan kalma kale surlar\u0131 g\u00fcn y\u00fcz\u00fcne \u00e7\u0131kar\u0131l\u0131yor","datePublished":"2021-07-27T06:38:24+00:00","mainEntityOfPage":{"@id":"https:\/\/akunq.net\/tr\/?p=63961"},"wordCount":489,"commentCount":0,"image":{"@id":"https:\/\/akunq.net\/tr\/?p=63961#primaryimage"},"thumbnailUrl":"https:\/\/akunq.net\/tr\/wp-content\/uploads\/sites\/6\/2021\/07\/Mu\u011fla-Akyaka\u2019daki-Orta-\u00c7a\u011f\u2019dan-kalma-kale.jpeg","articleSection":["Haberler"],"inLanguage":"en-US","potentialAction":[{"@type":"CommentAction","name":"Comment","target":["https:\/\/akunq.net\/tr\/?p=63961#respond"]}]},{"@type":"WebPage","@id":"https:\/\/akunq.net\/tr\/?p=63961","url":"https:\/\/akunq.net\/tr\/?p=63961","name":"Mu\u011fla Akyaka\u2019daki Orta \u00c7a\u011f\u2019dan kalma kale surlar\u0131 g\u00fcn y\u00fcz\u00fcne \u00e7\u0131kar\u0131l\u0131yor - Bati Ermenistan Ve Bati Ermenileri Sorunlari Ara\u015ftirmalar Merkezi","isPartOf":{"@id":"https:\/\/akunq.net\/tr\/#website"},"primaryImageOfPage":{"@id":"https:\/\/akunq.net\/tr\/?p=63961#primaryimage"},"image":{"@id":"https:\/\/akunq.net\/tr\/?p=63961#primaryimage"},"thumbnailUrl":"https:\/\/akunq.net\/tr\/wp-content\/uploads\/sites\/6\/2021\/07\/Mu\u011fla-Akyaka\u2019daki-Orta-\u00c7a\u011f\u2019dan-kalma-kale.jpeg","datePublished":"2021-07-27T06:38:24+00:00","author":{"@id":"https:\/\/akunq.net\/tr\/#\/schema\/person\/096f1d38a12cce57fb855b485ed24c9e"},"breadcrumb":{"@id":"https:\/\/akunq.net\/tr\/?p=63961#breadcrumb"},"inLanguage":"en-US","potentialAction":[{"@type":"ReadAction","target":["https:\/\/akunq.net\/tr\/?p=63961"]}]},{"@type":"ImageObject","inLanguage":"en-US","@id":"https:\/\/akunq.net\/tr\/?p=63961#primaryimage","url":"https:\/\/akunq.net\/tr\/wp-content\/uploads\/sites\/6\/2021\/07\/Mu\u011fla-Akyaka\u2019daki-Orta-\u00c7a\u011f\u2019dan-kalma-kale.jpeg","contentUrl":"https:\/\/akunq.net\/tr\/wp-content\/uploads\/sites\/6\/2021\/07\/Mu\u011fla-Akyaka\u2019daki-Orta-\u00c7a\u011f\u2019dan-kalma-kale.jpeg","width":864,"height":486},{"@type":"BreadcrumbList","@id":"https:\/\/akunq.net\/tr\/?p=63961#breadcrumb","itemListElement":[{"@type":"ListItem","position":1,"name":"Home","item":"https:\/\/akunq.net\/tr"},{"@type":"ListItem","position":2,"name":"Mu\u011fla Akyaka\u2019daki Orta \u00c7a\u011f\u2019dan kalma kale surlar\u0131 g\u00fcn y\u00fcz\u00fcne \u00e7\u0131kar\u0131l\u0131yor"}]},{"@type":"WebSite","@id":"https:\/\/akunq.net\/tr\/#website","url":"https:\/\/akunq.net\/tr\/","name":"Bati Ermenistan Ve Bati Ermenileri Sorunlari Ara\u015ftirmalar Merkezi","description":"","potentialAction":[{"@type":"SearchAction","target":{"@type":"EntryPoint","urlTemplate":"https:\/\/akunq.net\/tr\/?s={search_term_string}"},"query-input":{"@type":"PropertyValueSpecification","valueRequired":true,"valueName":"search_term_string"}}],"inLanguage":"en-US"},{"@type":"Person","@id":"https:\/\/akunq.net\/tr\/#\/schema\/person\/096f1d38a12cce57fb855b485ed24c9e","name":"admin","url":"https:\/\/akunq.net\/tr\/?author=7"}]}},"_links":{"self":[{"href":"https:\/\/akunq.net\/tr\/index.php?rest_route=\/wp\/v2\/posts\/63961","targetHints":{"allow":["GET"]}}],"collection":[{"href":"https:\/\/akunq.net\/tr\/index.php?rest_route=\/wp\/v2\/posts"}],"about":[{"href":"https:\/\/akunq.net\/tr\/index.php?rest_route=\/wp\/v2\/types\/post"}],"author":[{"embeddable":true,"href":"https:\/\/akunq.net\/tr\/index.php?rest_route=\/wp\/v2\/users\/7"}],"replies":[{"embeddable":true,"href":"https:\/\/akunq.net\/tr\/index.php?rest_route=%2Fwp%2Fv2%2Fcomments&post=63961"}],"version-history":[{"count":1,"href":"https:\/\/akunq.net\/tr\/index.php?rest_route=\/wp\/v2\/posts\/63961\/revisions"}],"predecessor-version":[{"id":63963,"href":"https:\/\/akunq.net\/tr\/index.php?rest_route=\/wp\/v2\/posts\/63961\/revisions\/63963"}],"wp:featuredmedia":[{"embeddable":true,"href":"https:\/\/akunq.net\/tr\/index.php?rest_route=\/wp\/v2\/media\/63962"}],"wp:attachment":[{"href":"https:\/\/akunq.net\/tr\/index.php?rest_route=%2Fwp%2Fv2%2Fmedia&parent=63961"}],"wp:term":[{"taxonomy":"category","embeddable":true,"href":"https:\/\/akunq.net\/tr\/index.php?rest_route=%2Fwp%2Fv2%2Fcategories&post=63961"},{"taxonomy":"post_tag","embeddable":true,"href":"https:\/\/akunq.net\/tr\/index.php?rest_route=%2Fwp%2Fv2%2Ftags&post=63961"}],"curies":[{"name":"wp","href":"https:\/\/api.w.org\/{rel}","templated":true}]}}