{"id":63948,"date":"2021-07-26T02:44:43","date_gmt":"2021-07-26T07:44:43","guid":{"rendered":"https:\/\/akunq.net\/tr\/?p=63948"},"modified":"2021-07-26T02:44:43","modified_gmt":"2021-07-26T07:44:43","slug":"tarihin-onemli-buluslari-arasinda-gosteriliyor-sular-altinda-kaldi","status":"publish","type":"post","link":"https:\/\/akunq.net\/tr\/?p=63948","title":{"rendered":"Tarihin \u00f6nemli bulu\u015flar\u0131 aras\u0131nda g\u00f6steriliyor: Sular alt\u0131nda kald\u0131"},"content":{"rendered":"<p><img loading=\"lazy\" decoding=\"async\" class=\"aligncenter size-medium wp-image-63949\" src=\"https:\/\/akunq.net\/tr\/wp-content\/uploads\/2021\/07\/\u0130znik-Bazilikas\u0131-360x163.jpg\" alt=\"\" width=\"360\" height=\"163\" srcset=\"https:\/\/akunq.net\/tr\/wp-content\/uploads\/sites\/6\/2021\/07\/\u0130znik-Bazilikas\u0131-360x163.jpg 360w, https:\/\/akunq.net\/tr\/wp-content\/uploads\/sites\/6\/2021\/07\/\u0130znik-Bazilikas\u0131-768x348.jpg 768w, https:\/\/akunq.net\/tr\/wp-content\/uploads\/sites\/6\/2021\/07\/\u0130znik-Bazilikas\u0131-560x254.jpg 560w, https:\/\/akunq.net\/tr\/wp-content\/uploads\/sites\/6\/2021\/07\/\u0130znik-Bazilikas\u0131-260x118.jpg 260w, https:\/\/akunq.net\/tr\/wp-content\/uploads\/sites\/6\/2021\/07\/\u0130znik-Bazilikas\u0131-160x73.jpg 160w, https:\/\/akunq.net\/tr\/wp-content\/uploads\/sites\/6\/2021\/07\/\u0130znik-Bazilikas\u0131.jpg 1284w\" sizes=\"auto, (max-width: 360px) 100vw, 360px\" \/><\/p>\n<p><em><strong>Bursa\u2019n\u0131n \u0130znik il\u00e7esinde 2014 y\u0131l\u0131nda bulunan ve 100 y\u0131l\u0131n ke\u015ffi olarak g\u00f6sterilen bazilika, ya\u011f\u0131\u015flardan sonra tekrar sular alt\u0131nda kald\u0131.<\/strong><\/em><\/p>\n<p>D\u00fcnyan\u0131n \u00f6nemli tarihi bulu\u015flar\u0131 aras\u0131nda yer alan \u0130znik Bazilikas\u0131 tekrar sulara g\u00f6m\u00fcld\u00fc. Ge\u00e7ti\u011fimiz aylarda su seviyesinin d\u00fc\u015ft\u00fc\u011f\u00fc ve adeta ku\u015flar\u0131n yuva yapt\u0131\u011f\u0131 bazilika, ya\u011f\u0131\u015flar\u0131n iyi gitmesi ile birlikte \u0130znik G\u00f6l\u00fc\u2019n\u00fcn y\u00fckselmesi ile sular alt\u0131nda kald\u0131.<\/p>\n<p>2 bin y\u0131ll\u0131k tarihe \u0131\u015f\u0131k tutan, 20 metre a\u00e7\u0131kta, 5 metre derinlikteki bazilikada d\u00f6nem d\u00f6nem arkeolojik kaz\u0131lar titizlikle s\u00fcr\u00fcyor. Kaz\u0131larla g\u00fcn y\u00fcz\u00fcne \u00e7\u0131kar\u0131lan Apollon Tap\u0131na\u011f\u0131, senato saray\u0131 ve Neophytos ad\u0131na 4. y\u00fczy\u0131lda in\u015fa edilen kiliseden olu\u015fan yap\u0131n\u0131n son hali havadan da g\u00f6r\u00fcnt\u00fclendi.<\/p>\n<p>Bug\u00fcne kadar yap\u0131lan \u00e7al\u0131\u015fmalarda bazilikada \u00fc\u00e7 evreli bir d\u00fczen olabilece\u011fi \u00fczerinde duran uzmanlar, Hristiyanlar\u0131n birinci kons\u00fcl\u00fcn\u00fcn yap\u0131ld\u0131\u011f\u0131 senatonun burada toplan\u0131p toplanmad\u0131\u011f\u0131n\u0131 ara\u015ft\u0131r\u0131yor.<\/p>\n<p><em><strong>https:\/\/www.yenisafak.com\/gundem\/tarihin-onemli-buluslari-arasinda-gosteriliyor-sular-altinda-kaldi-3664213\u00a0<\/strong><\/em><\/p>\n","protected":false},"excerpt":{"rendered":"<p>Bursa\u2019n\u0131n \u0130znik il\u00e7esinde 2014 y\u0131l\u0131nda bulunan ve 100 y\u0131l\u0131n ke\u015ffi olarak g\u00f6sterilen bazilika, ya\u011f\u0131\u015flardan sonra tekrar sular alt\u0131nda kald\u0131. D\u00fcnyan\u0131n \u00f6nemli tarihi bulu\u015flar\u0131 aras\u0131nda yer alan \u0130znik Bazilikas\u0131 tekrar sulara g\u00f6m\u00fcld\u00fc. Ge\u00e7ti\u011fimiz aylarda su seviyesinin d\u00fc\u015ft\u00fc\u011f\u00fc ve adeta ku\u015flar\u0131n yuva yapt\u0131\u011f\u0131 bazilika, ya\u011f\u0131\u015flar\u0131n iyi gitmesi ile birlikte \u0130znik G\u00f6l\u00fc\u2019n\u00fcn y\u00fckselmesi ile sular alt\u0131nda kald\u0131. 2 [&hellip;]<\/p>\n","protected":false},"author":7,"featured_media":63949,"comment_status":"open","ping_status":"open","sticky":false,"template":"","format":"standard","meta":{"footnotes":""},"categories":[1],"tags":[],"class_list":["post-63948","post","type-post","status-publish","format-standard","has-post-thumbnail","hentry","category-haberler"],"yoast_head":"<!-- This site is optimized with the Yoast SEO plugin v27.4 - https:\/\/yoast.com\/product\/yoast-seo-wordpress\/ -->\n<title>Tarihin \u00f6nemli bulu\u015flar\u0131 aras\u0131nda g\u00f6steriliyor: Sular alt\u0131nda kald\u0131 - Bati Ermenistan Ve Bati Ermenileri Sorunlari Ara\u015ftirmalar Merkezi<\/title>\n<meta name=\"robots\" content=\"index, follow, max-snippet:-1, max-image-preview:large, max-video-preview:-1\" \/>\n<link rel=\"canonical\" href=\"https:\/\/akunq.net\/tr\/?p=63948\" \/>\n<meta property=\"og:locale\" content=\"en_US\" \/>\n<meta property=\"og:type\" content=\"article\" \/>\n<meta property=\"og:title\" content=\"Tarihin \u00f6nemli bulu\u015flar\u0131 aras\u0131nda g\u00f6steriliyor: Sular alt\u0131nda kald\u0131 - Bati Ermenistan Ve Bati Ermenileri Sorunlari Ara\u015ftirmalar Merkezi\" \/>\n<meta property=\"og:description\" content=\"Bursa\u2019n\u0131n \u0130znik il\u00e7esinde 2014 y\u0131l\u0131nda bulunan ve 100 y\u0131l\u0131n ke\u015ffi olarak g\u00f6sterilen bazilika, ya\u011f\u0131\u015flardan sonra tekrar sular alt\u0131nda kald\u0131. D\u00fcnyan\u0131n \u00f6nemli tarihi bulu\u015flar\u0131 aras\u0131nda yer alan \u0130znik Bazilikas\u0131 tekrar sulara g\u00f6m\u00fcld\u00fc. Ge\u00e7ti\u011fimiz aylarda su seviyesinin d\u00fc\u015ft\u00fc\u011f\u00fc ve adeta ku\u015flar\u0131n yuva yapt\u0131\u011f\u0131 bazilika, ya\u011f\u0131\u015flar\u0131n iyi gitmesi ile birlikte \u0130znik G\u00f6l\u00fc\u2019n\u00fcn y\u00fckselmesi ile sular alt\u0131nda kald\u0131. 2 [&hellip;]\" \/>\n<meta property=\"og:url\" content=\"https:\/\/akunq.net\/tr\/?p=63948\" \/>\n<meta property=\"og:site_name\" content=\"Bati Ermenistan Ve Bati Ermenileri Sorunlari Ara\u015ftirmalar Merkezi\" \/>\n<meta property=\"article:published_time\" content=\"2021-07-26T07:44:43+00:00\" \/>\n<meta property=\"og:image\" content=\"https:\/\/akunq.net\/tr\/wp-content\/uploads\/sites\/6\/2021\/07\/\u0130znik-Bazilikas\u0131.jpg\" \/>\n\t<meta property=\"og:image:width\" content=\"1284\" \/>\n\t<meta property=\"og:image:height\" content=\"582\" \/>\n\t<meta property=\"og:image:type\" content=\"image\/jpeg\" \/>\n<meta name=\"author\" content=\"admin\" \/>\n<meta name=\"twitter:card\" content=\"summary_large_image\" \/>\n<meta name=\"twitter:label1\" content=\"Written by\" \/>\n\t<meta name=\"twitter:data1\" content=\"admin\" \/>\n\t<meta name=\"twitter:label2\" content=\"Est. reading time\" \/>\n\t<meta name=\"twitter:data2\" content=\"1 minute\" \/>\n<script type=\"application\/ld+json\" class=\"yoast-schema-graph\">{\"@context\":\"https:\\\/\\\/schema.org\",\"@graph\":[{\"@type\":\"Article\",\"@id\":\"https:\\\/\\\/akunq.net\\\/tr\\\/?p=63948#article\",\"isPartOf\":{\"@id\":\"https:\\\/\\\/akunq.net\\\/tr\\\/?p=63948\"},\"author\":{\"name\":\"admin\",\"@id\":\"https:\\\/\\\/akunq.net\\\/tr\\\/#\\\/schema\\\/person\\\/096f1d38a12cce57fb855b485ed24c9e\"},\"headline\":\"Tarihin \u00f6nemli bulu\u015flar\u0131 aras\u0131nda g\u00f6steriliyor: Sular alt\u0131nda kald\u0131\",\"datePublished\":\"2021-07-26T07:44:43+00:00\",\"mainEntityOfPage\":{\"@id\":\"https:\\\/\\\/akunq.net\\\/tr\\\/?p=63948\"},\"wordCount\":197,\"commentCount\":0,\"image\":{\"@id\":\"https:\\\/\\\/akunq.net\\\/tr\\\/?p=63948#primaryimage\"},\"thumbnailUrl\":\"https:\\\/\\\/akunq.net\\\/tr\\\/wp-content\\\/uploads\\\/sites\\\/6\\\/2021\\\/07\\\/\u0130znik-Bazilikas\u0131.jpg\",\"articleSection\":[\"Haberler\"],\"inLanguage\":\"en-US\",\"potentialAction\":[{\"@type\":\"CommentAction\",\"name\":\"Comment\",\"target\":[\"https:\\\/\\\/akunq.net\\\/tr\\\/?p=63948#respond\"]}]},{\"@type\":\"WebPage\",\"@id\":\"https:\\\/\\\/akunq.net\\\/tr\\\/?p=63948\",\"url\":\"https:\\\/\\\/akunq.net\\\/tr\\\/?p=63948\",\"name\":\"Tarihin \u00f6nemli bulu\u015flar\u0131 aras\u0131nda g\u00f6steriliyor: Sular alt\u0131nda kald\u0131 - Bati Ermenistan Ve Bati Ermenileri Sorunlari Ara\u015ftirmalar Merkezi\",\"isPartOf\":{\"@id\":\"https:\\\/\\\/akunq.net\\\/tr\\\/#website\"},\"primaryImageOfPage\":{\"@id\":\"https:\\\/\\\/akunq.net\\\/tr\\\/?p=63948#primaryimage\"},\"image\":{\"@id\":\"https:\\\/\\\/akunq.net\\\/tr\\\/?p=63948#primaryimage\"},\"thumbnailUrl\":\"https:\\\/\\\/akunq.net\\\/tr\\\/wp-content\\\/uploads\\\/sites\\\/6\\\/2021\\\/07\\\/\u0130znik-Bazilikas\u0131.jpg\",\"datePublished\":\"2021-07-26T07:44:43+00:00\",\"author\":{\"@id\":\"https:\\\/\\\/akunq.net\\\/tr\\\/#\\\/schema\\\/person\\\/096f1d38a12cce57fb855b485ed24c9e\"},\"breadcrumb\":{\"@id\":\"https:\\\/\\\/akunq.net\\\/tr\\\/?p=63948#breadcrumb\"},\"inLanguage\":\"en-US\",\"potentialAction\":[{\"@type\":\"ReadAction\",\"target\":[\"https:\\\/\\\/akunq.net\\\/tr\\\/?p=63948\"]}]},{\"@type\":\"ImageObject\",\"inLanguage\":\"en-US\",\"@id\":\"https:\\\/\\\/akunq.net\\\/tr\\\/?p=63948#primaryimage\",\"url\":\"https:\\\/\\\/akunq.net\\\/tr\\\/wp-content\\\/uploads\\\/sites\\\/6\\\/2021\\\/07\\\/\u0130znik-Bazilikas\u0131.jpg\",\"contentUrl\":\"https:\\\/\\\/akunq.net\\\/tr\\\/wp-content\\\/uploads\\\/sites\\\/6\\\/2021\\\/07\\\/\u0130znik-Bazilikas\u0131.jpg\",\"width\":1284,\"height\":582},{\"@type\":\"BreadcrumbList\",\"@id\":\"https:\\\/\\\/akunq.net\\\/tr\\\/?p=63948#breadcrumb\",\"itemListElement\":[{\"@type\":\"ListItem\",\"position\":1,\"name\":\"Home\",\"item\":\"https:\\\/\\\/akunq.net\\\/tr\"},{\"@type\":\"ListItem\",\"position\":2,\"name\":\"Tarihin \u00f6nemli bulu\u015flar\u0131 aras\u0131nda g\u00f6steriliyor: Sular alt\u0131nda kald\u0131\"}]},{\"@type\":\"WebSite\",\"@id\":\"https:\\\/\\\/akunq.net\\\/tr\\\/#website\",\"url\":\"https:\\\/\\\/akunq.net\\\/tr\\\/\",\"name\":\"Bati Ermenistan Ve Bati Ermenileri Sorunlari Ara\u015ftirmalar Merkezi\",\"description\":\"\",\"potentialAction\":[{\"@type\":\"SearchAction\",\"target\":{\"@type\":\"EntryPoint\",\"urlTemplate\":\"https:\\\/\\\/akunq.net\\\/tr\\\/?s={search_term_string}\"},\"query-input\":{\"@type\":\"PropertyValueSpecification\",\"valueRequired\":true,\"valueName\":\"search_term_string\"}}],\"inLanguage\":\"en-US\"},{\"@type\":\"Person\",\"@id\":\"https:\\\/\\\/akunq.net\\\/tr\\\/#\\\/schema\\\/person\\\/096f1d38a12cce57fb855b485ed24c9e\",\"name\":\"admin\",\"url\":\"https:\\\/\\\/akunq.net\\\/tr\\\/?author=7\"}]}<\/script>\n<!-- \/ Yoast SEO plugin. -->","yoast_head_json":{"title":"Tarihin \u00f6nemli bulu\u015flar\u0131 aras\u0131nda g\u00f6steriliyor: Sular alt\u0131nda kald\u0131 - Bati Ermenistan Ve Bati Ermenileri Sorunlari Ara\u015ftirmalar Merkezi","robots":{"index":"index","follow":"follow","max-snippet":"max-snippet:-1","max-image-preview":"max-image-preview:large","max-video-preview":"max-video-preview:-1"},"canonical":"https:\/\/akunq.net\/tr\/?p=63948","og_locale":"en_US","og_type":"article","og_title":"Tarihin \u00f6nemli bulu\u015flar\u0131 aras\u0131nda g\u00f6steriliyor: Sular alt\u0131nda kald\u0131 - Bati Ermenistan Ve Bati Ermenileri Sorunlari Ara\u015ftirmalar Merkezi","og_description":"Bursa\u2019n\u0131n \u0130znik il\u00e7esinde 2014 y\u0131l\u0131nda bulunan ve 100 y\u0131l\u0131n ke\u015ffi olarak g\u00f6sterilen bazilika, ya\u011f\u0131\u015flardan sonra tekrar sular alt\u0131nda kald\u0131. D\u00fcnyan\u0131n \u00f6nemli tarihi bulu\u015flar\u0131 aras\u0131nda yer alan \u0130znik Bazilikas\u0131 tekrar sulara g\u00f6m\u00fcld\u00fc. Ge\u00e7ti\u011fimiz aylarda su seviyesinin d\u00fc\u015ft\u00fc\u011f\u00fc ve adeta ku\u015flar\u0131n yuva yapt\u0131\u011f\u0131 bazilika, ya\u011f\u0131\u015flar\u0131n iyi gitmesi ile birlikte \u0130znik G\u00f6l\u00fc\u2019n\u00fcn y\u00fckselmesi ile sular alt\u0131nda kald\u0131. 2 [&hellip;]","og_url":"https:\/\/akunq.net\/tr\/?p=63948","og_site_name":"Bati Ermenistan Ve Bati Ermenileri Sorunlari Ara\u015ftirmalar Merkezi","article_published_time":"2021-07-26T07:44:43+00:00","og_image":[{"width":1284,"height":582,"url":"https:\/\/akunq.net\/tr\/wp-content\/uploads\/sites\/6\/2021\/07\/\u0130znik-Bazilikas\u0131.jpg","type":"image\/jpeg"}],"author":"admin","twitter_card":"summary_large_image","twitter_misc":{"Written by":"admin","Est. reading time":"1 minute"},"schema":{"@context":"https:\/\/schema.org","@graph":[{"@type":"Article","@id":"https:\/\/akunq.net\/tr\/?p=63948#article","isPartOf":{"@id":"https:\/\/akunq.net\/tr\/?p=63948"},"author":{"name":"admin","@id":"https:\/\/akunq.net\/tr\/#\/schema\/person\/096f1d38a12cce57fb855b485ed24c9e"},"headline":"Tarihin \u00f6nemli bulu\u015flar\u0131 aras\u0131nda g\u00f6steriliyor: Sular alt\u0131nda kald\u0131","datePublished":"2021-07-26T07:44:43+00:00","mainEntityOfPage":{"@id":"https:\/\/akunq.net\/tr\/?p=63948"},"wordCount":197,"commentCount":0,"image":{"@id":"https:\/\/akunq.net\/tr\/?p=63948#primaryimage"},"thumbnailUrl":"https:\/\/akunq.net\/tr\/wp-content\/uploads\/sites\/6\/2021\/07\/\u0130znik-Bazilikas\u0131.jpg","articleSection":["Haberler"],"inLanguage":"en-US","potentialAction":[{"@type":"CommentAction","name":"Comment","target":["https:\/\/akunq.net\/tr\/?p=63948#respond"]}]},{"@type":"WebPage","@id":"https:\/\/akunq.net\/tr\/?p=63948","url":"https:\/\/akunq.net\/tr\/?p=63948","name":"Tarihin \u00f6nemli bulu\u015flar\u0131 aras\u0131nda g\u00f6steriliyor: Sular alt\u0131nda kald\u0131 - Bati Ermenistan Ve Bati Ermenileri Sorunlari Ara\u015ftirmalar Merkezi","isPartOf":{"@id":"https:\/\/akunq.net\/tr\/#website"},"primaryImageOfPage":{"@id":"https:\/\/akunq.net\/tr\/?p=63948#primaryimage"},"image":{"@id":"https:\/\/akunq.net\/tr\/?p=63948#primaryimage"},"thumbnailUrl":"https:\/\/akunq.net\/tr\/wp-content\/uploads\/sites\/6\/2021\/07\/\u0130znik-Bazilikas\u0131.jpg","datePublished":"2021-07-26T07:44:43+00:00","author":{"@id":"https:\/\/akunq.net\/tr\/#\/schema\/person\/096f1d38a12cce57fb855b485ed24c9e"},"breadcrumb":{"@id":"https:\/\/akunq.net\/tr\/?p=63948#breadcrumb"},"inLanguage":"en-US","potentialAction":[{"@type":"ReadAction","target":["https:\/\/akunq.net\/tr\/?p=63948"]}]},{"@type":"ImageObject","inLanguage":"en-US","@id":"https:\/\/akunq.net\/tr\/?p=63948#primaryimage","url":"https:\/\/akunq.net\/tr\/wp-content\/uploads\/sites\/6\/2021\/07\/\u0130znik-Bazilikas\u0131.jpg","contentUrl":"https:\/\/akunq.net\/tr\/wp-content\/uploads\/sites\/6\/2021\/07\/\u0130znik-Bazilikas\u0131.jpg","width":1284,"height":582},{"@type":"BreadcrumbList","@id":"https:\/\/akunq.net\/tr\/?p=63948#breadcrumb","itemListElement":[{"@type":"ListItem","position":1,"name":"Home","item":"https:\/\/akunq.net\/tr"},{"@type":"ListItem","position":2,"name":"Tarihin \u00f6nemli bulu\u015flar\u0131 aras\u0131nda g\u00f6steriliyor: Sular alt\u0131nda kald\u0131"}]},{"@type":"WebSite","@id":"https:\/\/akunq.net\/tr\/#website","url":"https:\/\/akunq.net\/tr\/","name":"Bati Ermenistan Ve Bati Ermenileri Sorunlari Ara\u015ftirmalar Merkezi","description":"","potentialAction":[{"@type":"SearchAction","target":{"@type":"EntryPoint","urlTemplate":"https:\/\/akunq.net\/tr\/?s={search_term_string}"},"query-input":{"@type":"PropertyValueSpecification","valueRequired":true,"valueName":"search_term_string"}}],"inLanguage":"en-US"},{"@type":"Person","@id":"https:\/\/akunq.net\/tr\/#\/schema\/person\/096f1d38a12cce57fb855b485ed24c9e","name":"admin","url":"https:\/\/akunq.net\/tr\/?author=7"}]}},"_links":{"self":[{"href":"https:\/\/akunq.net\/tr\/index.php?rest_route=\/wp\/v2\/posts\/63948","targetHints":{"allow":["GET"]}}],"collection":[{"href":"https:\/\/akunq.net\/tr\/index.php?rest_route=\/wp\/v2\/posts"}],"about":[{"href":"https:\/\/akunq.net\/tr\/index.php?rest_route=\/wp\/v2\/types\/post"}],"author":[{"embeddable":true,"href":"https:\/\/akunq.net\/tr\/index.php?rest_route=\/wp\/v2\/users\/7"}],"replies":[{"embeddable":true,"href":"https:\/\/akunq.net\/tr\/index.php?rest_route=%2Fwp%2Fv2%2Fcomments&post=63948"}],"version-history":[{"count":1,"href":"https:\/\/akunq.net\/tr\/index.php?rest_route=\/wp\/v2\/posts\/63948\/revisions"}],"predecessor-version":[{"id":63950,"href":"https:\/\/akunq.net\/tr\/index.php?rest_route=\/wp\/v2\/posts\/63948\/revisions\/63950"}],"wp:featuredmedia":[{"embeddable":true,"href":"https:\/\/akunq.net\/tr\/index.php?rest_route=\/wp\/v2\/media\/63949"}],"wp:attachment":[{"href":"https:\/\/akunq.net\/tr\/index.php?rest_route=%2Fwp%2Fv2%2Fmedia&parent=63948"}],"wp:term":[{"taxonomy":"category","embeddable":true,"href":"https:\/\/akunq.net\/tr\/index.php?rest_route=%2Fwp%2Fv2%2Fcategories&post=63948"},{"taxonomy":"post_tag","embeddable":true,"href":"https:\/\/akunq.net\/tr\/index.php?rest_route=%2Fwp%2Fv2%2Ftags&post=63948"}],"curies":[{"name":"wp","href":"https:\/\/api.w.org\/{rel}","templated":true}]}}