{"id":63945,"date":"2021-07-26T02:25:05","date_gmt":"2021-07-26T07:25:05","guid":{"rendered":"https:\/\/akunq.net\/tr\/?p=63945"},"modified":"2021-07-26T02:25:05","modified_gmt":"2021-07-26T07:25:05","slug":"edirne-sinankoyde-tarihi-kilise-ve-magaralar-yok-olma-tehlikesi-altinda","status":"publish","type":"post","link":"https:\/\/akunq.net\/tr\/?p=63945","title":{"rendered":"Edirne Sinank\u00f6y\u2019de tarihi kilise ve ma\u011faralar yok olma tehlikesi alt\u0131nda"},"content":{"rendered":"<p><img loading=\"lazy\" decoding=\"async\" class=\"aligncenter size-medium wp-image-63946\" src=\"https:\/\/akunq.net\/tr\/wp-content\/uploads\/2021\/07\/Edirne-Sinank\u00f6y\u2019de-tarihi-kilise-360x270.png\" alt=\"\" width=\"360\" height=\"270\" srcset=\"https:\/\/akunq.net\/tr\/wp-content\/uploads\/sites\/6\/2021\/07\/Edirne-Sinank\u00f6y\u2019de-tarihi-kilise-360x270.png 360w, https:\/\/akunq.net\/tr\/wp-content\/uploads\/sites\/6\/2021\/07\/Edirne-Sinank\u00f6y\u2019de-tarihi-kilise-768x576.png 768w, https:\/\/akunq.net\/tr\/wp-content\/uploads\/sites\/6\/2021\/07\/Edirne-Sinank\u00f6y\u2019de-tarihi-kilise-560x420.png 560w, https:\/\/akunq.net\/tr\/wp-content\/uploads\/sites\/6\/2021\/07\/Edirne-Sinank\u00f6y\u2019de-tarihi-kilise-260x195.png 260w, https:\/\/akunq.net\/tr\/wp-content\/uploads\/sites\/6\/2021\/07\/Edirne-Sinank\u00f6y\u2019de-tarihi-kilise-160x120.png 160w, https:\/\/akunq.net\/tr\/wp-content\/uploads\/sites\/6\/2021\/07\/Edirne-Sinank\u00f6y\u2019de-tarihi-kilise.png 1322w\" sizes=\"auto, (max-width: 360px) 100vw, 360px\" \/><\/p>\n<p><em><strong>Edirne\u2019nin Lalapa\u015fa il\u00e7esine ba\u011fl\u0131 Sinank\u00f6y\u2019de yerli ve yabanc\u0131 turistler taraf\u0131ndan ke\u015ffedilmeyi bekleyen tarihi kale, manast\u0131r, kilise ve ma\u011faralar yok olma tehlikesi ile kar\u015f\u0131 kar\u015f\u0131ya. K\u00f6y sakinleri, Trak d\u00f6nemine ait en eski yerle\u015fkelerden biri olan b\u00f6yle tarihi yerlerin korunmas\u0131n\u0131 ve turizme kazand\u0131r\u0131lmas\u0131n\u0131 istiyor.<\/strong><\/em><\/p>\n<p><strong>Edirne<\/strong>\u2018nin Lalapa\u015fa il\u00e7esinde bulunan\u00a0Trak d\u00f6nemine ait\u00a0tarihi yap\u0131lar yok olma tehlikesi ya\u015f\u0131yor.<\/p>\n<p>Trakya \u00dcniversitesi Trakoloji ve Sanat Tarihi B\u00f6l\u00fcm\u00fc Ba\u015fkan\u0131 Prof. Dr. Engin Beksa\u00e7,\u00a0<strong>Sinank\u00f6y<\/strong>\u2019de 2004 y\u0131l\u0131nda kaz\u0131 \u00e7al\u0131\u015fmalar\u0131na ba\u015flad\u0131klar\u0131n\u0131 ve\u00a0<strong>tarihi<\/strong>ma\u011faralar\u0131n koyun alan\u0131 olarak kullan\u0131ld\u0131\u011f\u0131n\u0131 s\u00f6yledi.<\/p>\n<h2>\u201c\u00c7OK A\u011eIR TAHR\u0130BATLARLA KAR\u015eI KAR\u015eIYA\u201d<\/h2>\n<p>Tarihi b\u00f6lgenin \u00e7ok a\u011f\u0131r tahribatlar ile kar\u015f\u0131 kar\u015f\u0131ya oldu\u011funu ve buran\u0131n konumlanmas\u0131 gerekti\u011finin alt\u0131n\u0131 \u00e7izen Prof. Dr. Engin Beksa\u00e7, gereken \u00f6nlemler al\u0131n\u0131r ise Sinank\u00f6y\u2019\u00fcn d\u00fcnya \u00e7ap\u0131nda\u00a0<strong>turizm<\/strong>\u00a0merkezi olabilece\u011fini aktard\u0131.<\/p>\n<p>Sinank\u00f6y\u2019\u00fcn \u015fu anda Trakya \u00fczerinde en \u00f6nemli arkeolojik alanlar\u0131ndan biri oldu\u011funu a\u00e7\u0131klayan Prof. Dr. Beksa\u00e7, \u201c2011 y\u0131l\u0131 itibariyle kaz\u0131 \u00e7al\u0131\u015fmalar\u0131na ba\u015flad\u0131k. Edirne M\u00fczesi ile birlikte \u00e7al\u0131\u015fmalar\u0131n\u0131 yapt\u0131k. Sinank\u00f6y erken bir Trak k\u00fclt\u00fcr k\u00fclt alan\u0131, dini bir tap\u0131nak alan\u0131n \u00fczerinde kurulmu\u015f bir\u00a0<strong>gen\u00e7 Roma<\/strong>, erken orta\u00e7a\u011f yerle\u015fmesi olarak kar\u015f\u0131m\u0131za \u00e7\u0131k\u0131yor. Eski kay\u0131tlardaki ad\u0131 probalon kenti olarak belirginle\u015febiliyor\u201d dedi.<\/p>\n<h2>\u201cTRAKYA VE BALKANLAR A\u00c7ISINDAN \u00c7OK \u00d6NEML\u0130 B\u0130R ARKEOLOJ\u0130K ALAN\u201d<\/h2>\n<p>B\u00f6lgenin bir metropolitlik merkezi oldu\u011funu an\u0131msatan Prof. Dr. Beksa\u00e7, \u201cEdirne merkezden sonra b\u00f6lgenin en eski yerle\u015fim alan\u0131. Yapm\u0131\u015f oldu\u011fumuz kaz\u0131lar ve bize g\u00f6r\u00fclen kale duvarlar\u0131 d\u0131\u015f\u0131nda bir d\u0131\u015f kale daha oldu\u011funu g\u00f6sterdi. Bunlar\u0131n da daha az ziyade ah\u015fap tahkimatt\u0131 surlar\u0131n oldu\u011fu bizim palisat dedi\u011fimiz \u015fekilde bir koruma mahsuru oldu\u011funu g\u00f6rd\u00fck. \u015eu anda kalan yerlerde a\u015fa\u011f\u0131da bir manast\u0131r kal\u0131nt\u0131s\u0131 var, yukarda ise bir kale bulunuyor. Kalenin i\u00e7inde ise, daha sonraki \u00e7al\u0131\u015fmalar\u0131m\u0131zda biz bir kelken kilise kal\u0131nt\u0131s\u0131 bulduk. Yakla\u015f\u0131k olarak 1500 y\u0131ll\u0131k bir kilise de yukarda durmaktad\u0131r\u201d diye konu\u015ftu.<\/p>\n<p>Kaz\u0131larda \u00e7ok say\u0131da rezim kal\u0131nt\u0131lar\u0131 bulduklar\u0131n\u0131 dile getiren Beksa\u00e7, \u201cA\u015fa\u011f\u0131da bir Pl\u00fctonyum\u2019un mevcut oldu\u011funu tahmin ediyoruz, daha sonra buras\u0131 Krepon olarak kullan\u0131lm\u0131\u015f ve k\u0131sacas\u0131 \u00e7ok geni\u015f alana yay\u0131lan \u00f6nemli bir isken b\u00f6lgesi ile kar\u015f\u0131 kar\u015f\u0131yay\u0131z. \u00d6nceki d\u00f6nem bir tap\u0131n\u0131n mal\u0131 iken daha sonra bir kale \u015fekline getirilmi\u015f ve g\u00fc\u00e7l\u00fc bir Roma, gen\u00e7 Roma ve Bizans yerle\u015fmesi olarak g\u00fcn y\u00fcz\u00fcne \u00e7\u0131km\u0131\u015ft\u0131r\u201d diyerek kaz\u0131 \u00e7al\u0131\u015fmalar\u0131 hakk\u0131nda bilgi verdi.<\/p>\n<p>Kaz\u0131yla ilgili yeteri kadar destek gelmedi\u011fi i\u00e7in \u015fu anda \u00e7al\u0131\u015fmalar\u0131 ara verdiklerini s\u00f6yleyen Beksa\u00e7, \u201cHem Trakya hem de Balkanlar a\u00e7\u0131s\u0131nda \u00e7ok \u00f6nemli bir arkeolojik alan. Bu kadar temiz bir Trak ve orta\u00e7a\u011f d\u00f6neminin yerle\u015fmesi Trak d\u00f6nemi \u00fczerinden bakarsak g\u00fcn\u00fcm\u00fczdeki \u015fartlarla bulmak \u00e7ok zor, bu bak\u0131mdan Sinank\u00f6y \u00e7ok farkl\u0131 bir yer. \u00c7ok a\u011f\u0131r tahribatla kar\u015f\u0131 kar\u015f\u0131ya, bu tahribatlar\u0131n korunmaya ge\u00e7ilmesi ve daha \u00e7ok kaz\u0131lar\u0131m\u0131z\u0131n s\u00fcrd\u00fcr\u00fclmesi gerekiyor\u201d dedi.<\/p>\n<p>Sinank\u00f6y Muhtar\u0131 Alaaddin Akda\u011f ise, \u201cTrak d\u00f6nemine ait ve Traklar\u2019dan ba\u015flam\u0131\u015f olan ve yukar\u0131da bulunan kalemiz, daha eski d\u00f6nemlerde ise burada kilise olarak kullan\u0131lm\u0131\u015ft\u0131r. Hayvan yemli\u011fi yap\u0131lm\u0131\u015f olanlar var. Turizm a\u00e7\u0131s\u0131ndan Edirne\u2019ye yirmi kilometre yak\u0131nl\u0131ktay\u0131z. Turizm a\u00e7\u0131s\u0131ndan bir umut vaat edebilir\u201d dedi.<\/p>\n<p><em><strong><a href=\"https:\/\/www.ntv.com.tr\/galeri\/sanat\/edirne-sinankoyde-tarihi-kilise-ve-magaralar-yok-olma-tehlikesi-altinda,z8XWXrqe-02XVykTrtgL2w\/6GfiX-3laEaq4oFIQ75LKw\">https:\/\/www.ntv.com.tr\/galeri\/sanat\/edirne-sinankoyde-tarihi-kilise-ve-magaralar-yok-olma-tehlikesi-altinda,z8XWXrqe-02XVykTrtgL2w\/6GfiX-3laEaq4oFIQ75LKw<\/a><\/strong><\/em><\/p>\n<div class=\"sharedaddy sd-sharing-enabled\">\n<div class=\"robots-nocontent sd-block sd-social sd-social-icon-text sd-sharing\">\n<h3 class=\"sd-title\"><\/h3>\n<\/div>\n<\/div>\n","protected":false},"excerpt":{"rendered":"<p>Edirne\u2019nin Lalapa\u015fa il\u00e7esine ba\u011fl\u0131 Sinank\u00f6y\u2019de yerli ve yabanc\u0131 turistler taraf\u0131ndan ke\u015ffedilmeyi bekleyen tarihi kale, manast\u0131r, kilise ve ma\u011faralar yok olma tehlikesi ile kar\u015f\u0131 kar\u015f\u0131ya. K\u00f6y sakinleri, Trak d\u00f6nemine ait en eski yerle\u015fkelerden biri olan b\u00f6yle tarihi yerlerin korunmas\u0131n\u0131 ve turizme kazand\u0131r\u0131lmas\u0131n\u0131 istiyor. Edirne\u2018nin Lalapa\u015fa il\u00e7esinde bulunan\u00a0Trak d\u00f6nemine ait\u00a0tarihi yap\u0131lar yok olma tehlikesi ya\u015f\u0131yor. Trakya \u00dcniversitesi [&hellip;]<\/p>\n","protected":false},"author":7,"featured_media":63946,"comment_status":"open","ping_status":"open","sticky":false,"template":"","format":"standard","meta":{"footnotes":""},"categories":[1],"tags":[],"class_list":["post-63945","post","type-post","status-publish","format-standard","has-post-thumbnail","hentry","category-haberler"],"yoast_head":"<!-- This site is optimized with the Yoast SEO plugin v27.4 - https:\/\/yoast.com\/product\/yoast-seo-wordpress\/ -->\n<title>Edirne Sinank\u00f6y\u2019de tarihi kilise ve ma\u011faralar yok olma tehlikesi alt\u0131nda - Bati Ermenistan Ve Bati Ermenileri Sorunlari Ara\u015ftirmalar Merkezi<\/title>\n<meta name=\"robots\" content=\"index, follow, max-snippet:-1, max-image-preview:large, max-video-preview:-1\" \/>\n<link rel=\"canonical\" href=\"https:\/\/akunq.net\/tr\/?p=63945\" \/>\n<meta property=\"og:locale\" content=\"en_US\" \/>\n<meta property=\"og:type\" content=\"article\" \/>\n<meta property=\"og:title\" content=\"Edirne Sinank\u00f6y\u2019de tarihi kilise ve ma\u011faralar yok olma tehlikesi alt\u0131nda - Bati Ermenistan Ve Bati Ermenileri Sorunlari Ara\u015ftirmalar Merkezi\" \/>\n<meta property=\"og:description\" content=\"Edirne\u2019nin Lalapa\u015fa il\u00e7esine ba\u011fl\u0131 Sinank\u00f6y\u2019de yerli ve yabanc\u0131 turistler taraf\u0131ndan ke\u015ffedilmeyi bekleyen tarihi kale, manast\u0131r, kilise ve ma\u011faralar yok olma tehlikesi ile kar\u015f\u0131 kar\u015f\u0131ya. K\u00f6y sakinleri, Trak d\u00f6nemine ait en eski yerle\u015fkelerden biri olan b\u00f6yle tarihi yerlerin korunmas\u0131n\u0131 ve turizme kazand\u0131r\u0131lmas\u0131n\u0131 istiyor. Edirne\u2018nin Lalapa\u015fa il\u00e7esinde bulunan\u00a0Trak d\u00f6nemine ait\u00a0tarihi yap\u0131lar yok olma tehlikesi ya\u015f\u0131yor. Trakya \u00dcniversitesi [&hellip;]\" \/>\n<meta property=\"og:url\" content=\"https:\/\/akunq.net\/tr\/?p=63945\" \/>\n<meta property=\"og:site_name\" content=\"Bati Ermenistan Ve Bati Ermenileri Sorunlari Ara\u015ftirmalar Merkezi\" \/>\n<meta property=\"article:published_time\" content=\"2021-07-26T07:25:05+00:00\" \/>\n<meta property=\"og:image\" content=\"https:\/\/akunq.net\/tr\/wp-content\/uploads\/sites\/6\/2021\/07\/Edirne-Sinank\u00f6y\u2019de-tarihi-kilise.png\" \/>\n\t<meta property=\"og:image:width\" content=\"1322\" \/>\n\t<meta property=\"og:image:height\" content=\"992\" \/>\n\t<meta property=\"og:image:type\" content=\"image\/png\" \/>\n<meta name=\"author\" content=\"admin\" \/>\n<meta name=\"twitter:card\" content=\"summary_large_image\" \/>\n<meta name=\"twitter:label1\" content=\"Written by\" \/>\n\t<meta name=\"twitter:data1\" content=\"admin\" \/>\n\t<meta name=\"twitter:label2\" content=\"Est. reading time\" \/>\n\t<meta name=\"twitter:data2\" content=\"3 minutes\" \/>\n<script type=\"application\/ld+json\" class=\"yoast-schema-graph\">{\"@context\":\"https:\\\/\\\/schema.org\",\"@graph\":[{\"@type\":\"Article\",\"@id\":\"https:\\\/\\\/akunq.net\\\/tr\\\/?p=63945#article\",\"isPartOf\":{\"@id\":\"https:\\\/\\\/akunq.net\\\/tr\\\/?p=63945\"},\"author\":{\"name\":\"admin\",\"@id\":\"https:\\\/\\\/akunq.net\\\/tr\\\/#\\\/schema\\\/person\\\/096f1d38a12cce57fb855b485ed24c9e\"},\"headline\":\"Edirne Sinank\u00f6y\u2019de tarihi kilise ve ma\u011faralar yok olma tehlikesi alt\u0131nda\",\"datePublished\":\"2021-07-26T07:25:05+00:00\",\"mainEntityOfPage\":{\"@id\":\"https:\\\/\\\/akunq.net\\\/tr\\\/?p=63945\"},\"wordCount\":669,\"commentCount\":0,\"image\":{\"@id\":\"https:\\\/\\\/akunq.net\\\/tr\\\/?p=63945#primaryimage\"},\"thumbnailUrl\":\"https:\\\/\\\/akunq.net\\\/tr\\\/wp-content\\\/uploads\\\/sites\\\/6\\\/2021\\\/07\\\/Edirne-Sinank\u00f6y\u2019de-tarihi-kilise.png\",\"articleSection\":[\"Haberler\"],\"inLanguage\":\"en-US\",\"potentialAction\":[{\"@type\":\"CommentAction\",\"name\":\"Comment\",\"target\":[\"https:\\\/\\\/akunq.net\\\/tr\\\/?p=63945#respond\"]}]},{\"@type\":\"WebPage\",\"@id\":\"https:\\\/\\\/akunq.net\\\/tr\\\/?p=63945\",\"url\":\"https:\\\/\\\/akunq.net\\\/tr\\\/?p=63945\",\"name\":\"Edirne Sinank\u00f6y\u2019de tarihi kilise ve ma\u011faralar yok olma tehlikesi alt\u0131nda - Bati Ermenistan Ve Bati Ermenileri Sorunlari Ara\u015ftirmalar Merkezi\",\"isPartOf\":{\"@id\":\"https:\\\/\\\/akunq.net\\\/tr\\\/#website\"},\"primaryImageOfPage\":{\"@id\":\"https:\\\/\\\/akunq.net\\\/tr\\\/?p=63945#primaryimage\"},\"image\":{\"@id\":\"https:\\\/\\\/akunq.net\\\/tr\\\/?p=63945#primaryimage\"},\"thumbnailUrl\":\"https:\\\/\\\/akunq.net\\\/tr\\\/wp-content\\\/uploads\\\/sites\\\/6\\\/2021\\\/07\\\/Edirne-Sinank\u00f6y\u2019de-tarihi-kilise.png\",\"datePublished\":\"2021-07-26T07:25:05+00:00\",\"author\":{\"@id\":\"https:\\\/\\\/akunq.net\\\/tr\\\/#\\\/schema\\\/person\\\/096f1d38a12cce57fb855b485ed24c9e\"},\"breadcrumb\":{\"@id\":\"https:\\\/\\\/akunq.net\\\/tr\\\/?p=63945#breadcrumb\"},\"inLanguage\":\"en-US\",\"potentialAction\":[{\"@type\":\"ReadAction\",\"target\":[\"https:\\\/\\\/akunq.net\\\/tr\\\/?p=63945\"]}]},{\"@type\":\"ImageObject\",\"inLanguage\":\"en-US\",\"@id\":\"https:\\\/\\\/akunq.net\\\/tr\\\/?p=63945#primaryimage\",\"url\":\"https:\\\/\\\/akunq.net\\\/tr\\\/wp-content\\\/uploads\\\/sites\\\/6\\\/2021\\\/07\\\/Edirne-Sinank\u00f6y\u2019de-tarihi-kilise.png\",\"contentUrl\":\"https:\\\/\\\/akunq.net\\\/tr\\\/wp-content\\\/uploads\\\/sites\\\/6\\\/2021\\\/07\\\/Edirne-Sinank\u00f6y\u2019de-tarihi-kilise.png\",\"width\":1322,\"height\":992},{\"@type\":\"BreadcrumbList\",\"@id\":\"https:\\\/\\\/akunq.net\\\/tr\\\/?p=63945#breadcrumb\",\"itemListElement\":[{\"@type\":\"ListItem\",\"position\":1,\"name\":\"Home\",\"item\":\"https:\\\/\\\/akunq.net\\\/tr\"},{\"@type\":\"ListItem\",\"position\":2,\"name\":\"Edirne Sinank\u00f6y\u2019de tarihi kilise ve ma\u011faralar yok olma tehlikesi alt\u0131nda\"}]},{\"@type\":\"WebSite\",\"@id\":\"https:\\\/\\\/akunq.net\\\/tr\\\/#website\",\"url\":\"https:\\\/\\\/akunq.net\\\/tr\\\/\",\"name\":\"Bati Ermenistan Ve Bati Ermenileri Sorunlari Ara\u015ftirmalar Merkezi\",\"description\":\"\",\"potentialAction\":[{\"@type\":\"SearchAction\",\"target\":{\"@type\":\"EntryPoint\",\"urlTemplate\":\"https:\\\/\\\/akunq.net\\\/tr\\\/?s={search_term_string}\"},\"query-input\":{\"@type\":\"PropertyValueSpecification\",\"valueRequired\":true,\"valueName\":\"search_term_string\"}}],\"inLanguage\":\"en-US\"},{\"@type\":\"Person\",\"@id\":\"https:\\\/\\\/akunq.net\\\/tr\\\/#\\\/schema\\\/person\\\/096f1d38a12cce57fb855b485ed24c9e\",\"name\":\"admin\",\"url\":\"https:\\\/\\\/akunq.net\\\/tr\\\/?author=7\"}]}<\/script>\n<!-- \/ Yoast SEO plugin. -->","yoast_head_json":{"title":"Edirne Sinank\u00f6y\u2019de tarihi kilise ve ma\u011faralar yok olma tehlikesi alt\u0131nda - Bati Ermenistan Ve Bati Ermenileri Sorunlari Ara\u015ftirmalar Merkezi","robots":{"index":"index","follow":"follow","max-snippet":"max-snippet:-1","max-image-preview":"max-image-preview:large","max-video-preview":"max-video-preview:-1"},"canonical":"https:\/\/akunq.net\/tr\/?p=63945","og_locale":"en_US","og_type":"article","og_title":"Edirne Sinank\u00f6y\u2019de tarihi kilise ve ma\u011faralar yok olma tehlikesi alt\u0131nda - Bati Ermenistan Ve Bati Ermenileri Sorunlari Ara\u015ftirmalar Merkezi","og_description":"Edirne\u2019nin Lalapa\u015fa il\u00e7esine ba\u011fl\u0131 Sinank\u00f6y\u2019de yerli ve yabanc\u0131 turistler taraf\u0131ndan ke\u015ffedilmeyi bekleyen tarihi kale, manast\u0131r, kilise ve ma\u011faralar yok olma tehlikesi ile kar\u015f\u0131 kar\u015f\u0131ya. K\u00f6y sakinleri, Trak d\u00f6nemine ait en eski yerle\u015fkelerden biri olan b\u00f6yle tarihi yerlerin korunmas\u0131n\u0131 ve turizme kazand\u0131r\u0131lmas\u0131n\u0131 istiyor. Edirne\u2018nin Lalapa\u015fa il\u00e7esinde bulunan\u00a0Trak d\u00f6nemine ait\u00a0tarihi yap\u0131lar yok olma tehlikesi ya\u015f\u0131yor. Trakya \u00dcniversitesi [&hellip;]","og_url":"https:\/\/akunq.net\/tr\/?p=63945","og_site_name":"Bati Ermenistan Ve Bati Ermenileri Sorunlari Ara\u015ftirmalar Merkezi","article_published_time":"2021-07-26T07:25:05+00:00","og_image":[{"width":1322,"height":992,"url":"https:\/\/akunq.net\/tr\/wp-content\/uploads\/sites\/6\/2021\/07\/Edirne-Sinank\u00f6y\u2019de-tarihi-kilise.png","type":"image\/png"}],"author":"admin","twitter_card":"summary_large_image","twitter_misc":{"Written by":"admin","Est. reading time":"3 minutes"},"schema":{"@context":"https:\/\/schema.org","@graph":[{"@type":"Article","@id":"https:\/\/akunq.net\/tr\/?p=63945#article","isPartOf":{"@id":"https:\/\/akunq.net\/tr\/?p=63945"},"author":{"name":"admin","@id":"https:\/\/akunq.net\/tr\/#\/schema\/person\/096f1d38a12cce57fb855b485ed24c9e"},"headline":"Edirne Sinank\u00f6y\u2019de tarihi kilise ve ma\u011faralar yok olma tehlikesi alt\u0131nda","datePublished":"2021-07-26T07:25:05+00:00","mainEntityOfPage":{"@id":"https:\/\/akunq.net\/tr\/?p=63945"},"wordCount":669,"commentCount":0,"image":{"@id":"https:\/\/akunq.net\/tr\/?p=63945#primaryimage"},"thumbnailUrl":"https:\/\/akunq.net\/tr\/wp-content\/uploads\/sites\/6\/2021\/07\/Edirne-Sinank\u00f6y\u2019de-tarihi-kilise.png","articleSection":["Haberler"],"inLanguage":"en-US","potentialAction":[{"@type":"CommentAction","name":"Comment","target":["https:\/\/akunq.net\/tr\/?p=63945#respond"]}]},{"@type":"WebPage","@id":"https:\/\/akunq.net\/tr\/?p=63945","url":"https:\/\/akunq.net\/tr\/?p=63945","name":"Edirne Sinank\u00f6y\u2019de tarihi kilise ve ma\u011faralar yok olma tehlikesi alt\u0131nda - Bati Ermenistan Ve Bati Ermenileri Sorunlari Ara\u015ftirmalar Merkezi","isPartOf":{"@id":"https:\/\/akunq.net\/tr\/#website"},"primaryImageOfPage":{"@id":"https:\/\/akunq.net\/tr\/?p=63945#primaryimage"},"image":{"@id":"https:\/\/akunq.net\/tr\/?p=63945#primaryimage"},"thumbnailUrl":"https:\/\/akunq.net\/tr\/wp-content\/uploads\/sites\/6\/2021\/07\/Edirne-Sinank\u00f6y\u2019de-tarihi-kilise.png","datePublished":"2021-07-26T07:25:05+00:00","author":{"@id":"https:\/\/akunq.net\/tr\/#\/schema\/person\/096f1d38a12cce57fb855b485ed24c9e"},"breadcrumb":{"@id":"https:\/\/akunq.net\/tr\/?p=63945#breadcrumb"},"inLanguage":"en-US","potentialAction":[{"@type":"ReadAction","target":["https:\/\/akunq.net\/tr\/?p=63945"]}]},{"@type":"ImageObject","inLanguage":"en-US","@id":"https:\/\/akunq.net\/tr\/?p=63945#primaryimage","url":"https:\/\/akunq.net\/tr\/wp-content\/uploads\/sites\/6\/2021\/07\/Edirne-Sinank\u00f6y\u2019de-tarihi-kilise.png","contentUrl":"https:\/\/akunq.net\/tr\/wp-content\/uploads\/sites\/6\/2021\/07\/Edirne-Sinank\u00f6y\u2019de-tarihi-kilise.png","width":1322,"height":992},{"@type":"BreadcrumbList","@id":"https:\/\/akunq.net\/tr\/?p=63945#breadcrumb","itemListElement":[{"@type":"ListItem","position":1,"name":"Home","item":"https:\/\/akunq.net\/tr"},{"@type":"ListItem","position":2,"name":"Edirne Sinank\u00f6y\u2019de tarihi kilise ve ma\u011faralar yok olma tehlikesi alt\u0131nda"}]},{"@type":"WebSite","@id":"https:\/\/akunq.net\/tr\/#website","url":"https:\/\/akunq.net\/tr\/","name":"Bati Ermenistan Ve Bati Ermenileri Sorunlari Ara\u015ftirmalar Merkezi","description":"","potentialAction":[{"@type":"SearchAction","target":{"@type":"EntryPoint","urlTemplate":"https:\/\/akunq.net\/tr\/?s={search_term_string}"},"query-input":{"@type":"PropertyValueSpecification","valueRequired":true,"valueName":"search_term_string"}}],"inLanguage":"en-US"},{"@type":"Person","@id":"https:\/\/akunq.net\/tr\/#\/schema\/person\/096f1d38a12cce57fb855b485ed24c9e","name":"admin","url":"https:\/\/akunq.net\/tr\/?author=7"}]}},"_links":{"self":[{"href":"https:\/\/akunq.net\/tr\/index.php?rest_route=\/wp\/v2\/posts\/63945","targetHints":{"allow":["GET"]}}],"collection":[{"href":"https:\/\/akunq.net\/tr\/index.php?rest_route=\/wp\/v2\/posts"}],"about":[{"href":"https:\/\/akunq.net\/tr\/index.php?rest_route=\/wp\/v2\/types\/post"}],"author":[{"embeddable":true,"href":"https:\/\/akunq.net\/tr\/index.php?rest_route=\/wp\/v2\/users\/7"}],"replies":[{"embeddable":true,"href":"https:\/\/akunq.net\/tr\/index.php?rest_route=%2Fwp%2Fv2%2Fcomments&post=63945"}],"version-history":[{"count":1,"href":"https:\/\/akunq.net\/tr\/index.php?rest_route=\/wp\/v2\/posts\/63945\/revisions"}],"predecessor-version":[{"id":63947,"href":"https:\/\/akunq.net\/tr\/index.php?rest_route=\/wp\/v2\/posts\/63945\/revisions\/63947"}],"wp:featuredmedia":[{"embeddable":true,"href":"https:\/\/akunq.net\/tr\/index.php?rest_route=\/wp\/v2\/media\/63946"}],"wp:attachment":[{"href":"https:\/\/akunq.net\/tr\/index.php?rest_route=%2Fwp%2Fv2%2Fmedia&parent=63945"}],"wp:term":[{"taxonomy":"category","embeddable":true,"href":"https:\/\/akunq.net\/tr\/index.php?rest_route=%2Fwp%2Fv2%2Fcategories&post=63945"},{"taxonomy":"post_tag","embeddable":true,"href":"https:\/\/akunq.net\/tr\/index.php?rest_route=%2Fwp%2Fv2%2Ftags&post=63945"}],"curies":[{"name":"wp","href":"https:\/\/api.w.org\/{rel}","templated":true}]}}