{"id":63942,"date":"2021-07-26T02:16:44","date_gmt":"2021-07-26T07:16:44","guid":{"rendered":"https:\/\/akunq.net\/tr\/?p=63942"},"modified":"2021-07-26T02:16:44","modified_gmt":"2021-07-26T07:16:44","slug":"unescodan-ayasofya-ve-kariye-uyarisi","status":"publish","type":"post","link":"https:\/\/akunq.net\/tr\/?p=63942","title":{"rendered":"UNESCO&#8217;dan Ayasofya ve Kariye uyar\u0131s\u0131"},"content":{"rendered":"<p><img loading=\"lazy\" decoding=\"async\" class=\"aligncenter size-medium wp-image-63943\" src=\"https:\/\/akunq.net\/tr\/wp-content\/uploads\/2021\/07\/Kariye-360x239.jpg\" alt=\"\" width=\"360\" height=\"239\" srcset=\"https:\/\/akunq.net\/tr\/wp-content\/uploads\/sites\/6\/2021\/07\/Kariye-360x239.jpg 360w, https:\/\/akunq.net\/tr\/wp-content\/uploads\/sites\/6\/2021\/07\/Kariye-560x372.jpg 560w, https:\/\/akunq.net\/tr\/wp-content\/uploads\/sites\/6\/2021\/07\/Kariye-260x173.jpg 260w, https:\/\/akunq.net\/tr\/wp-content\/uploads\/sites\/6\/2021\/07\/Kariye-160x106.jpg 160w, https:\/\/akunq.net\/tr\/wp-content\/uploads\/sites\/6\/2021\/07\/Kariye.jpg 702w\" sizes=\"auto, (max-width: 360px) 100vw, 360px\" \/><\/p>\n<p><em><strong>D\u00fcnya Miras\u0131 Komitesi, ge\u00e7en y\u0131l camiye \u00e7evrilen Ayasofya ve Kariye&#8217;de yap\u0131lan de\u011fi\u015fiklikleri bildirmesi i\u00e7in T\u00fcrkiye&#8217;ye 1 \u015eubat&#8217;a kadar s\u00fcre verdi. Korunmayan varl\u0131klar\u0131n miras listesinden \u00e7\u0131kar\u0131lma riski bulunuyor.<\/strong><\/em><\/p>\n<p>Birle\u015fmi\u015f Milletler E\u011fitim, Bilim ve K\u00fclt\u00fcr \u00d6rg\u00fct\u00fc&#8217;ne (UNESCO) ba\u011fl\u0131 D\u00fcnya Miras\u0131 Komitesi, Ayasofya ve Kariye&#8217;de yap\u0131lan de\u011fi\u015fikliklerle ilgili T\u00fcrkiye&#8217;den rapor istedi.<\/p>\n<p>T\u00fcrkiye, 1985 y\u0131l\u0131ndan beri D\u00fcnya K\u00fclt\u00fcr Miras\u0131 listesinde yer alan Ayasofya&#8217;y\u0131 ve hemen ard\u0131ndan Kariye&#8217;yi ge\u00e7en y\u0131l camiye \u00e7evirmi\u015fti. Her iki k\u00fclt\u00fcrel varl\u0131k da camiye \u00e7evirme karar\u0131 \u00f6ncesinde m\u00fcze stat\u00fcs\u00fcndeydi.<\/p>\n<p>D\u00fcnya Miras\u0131 Komitesi, T\u00fcrkiye&#8217;nin Ayasofya ve Kariye&#8217;de yap\u0131lan de\u011fi\u015fikliklerle ilgili g\u00fcncellenmi\u015f rapor sunmas\u0131 i\u00e7in 1 \u015eubat 2022 tarihine kadar s\u00fcre tan\u0131d\u0131.<\/p>\n<p>Ayasofya&#8217;n\u0131n camiye \u00e7evrilmesinin etkileri konusunda &#8220;derin endi\u015fe&#8221; duydu\u011funu belirten Komite, T\u00fcrkiye&#8217;nin Ayasofya ve Kariye m\u00fczelerinin stat\u00fcs\u00fcn\u00fc de\u011fi\u015ftirme niyeti hakk\u0131nda Komite&#8217;ye bilgi vermemesi ve diyalog kurmamas\u0131ndan derin \u00fcz\u00fcnt\u00fc duydu\u011funu da ifade etti.<\/p>\n<p>\u00c7in&#8217;de d\u00fczenlenen y\u0131ll\u0131k toplant\u0131s\u0131nda D\u00fcnya Miras\u0131 listesini g\u00f6zden ge\u00e7iren Komite, Ayasofya ve Kariye&#8217;deki de\u011fi\u015fikliklerin, bu varl\u0131klar\u0131n \u00dcst\u00fcn Evrensel De\u011feri \u00fczerinde potansiyel etkileri olabilece\u011fi uyar\u0131s\u0131 yaparak T\u00fcrkiye&#8217;yi bu varl\u0131klar \u00fczerinde \u00f6nemli de\u011fi\u015fiklikler yapmadan \u00f6nce uluslararas\u0131 diyalog ve i\u015fbirli\u011fine \u00e7a\u011f\u0131rd\u0131.<\/p>\n<p>Do\u011fal ya da k\u00fclt\u00fcrel bir varl\u0131\u011f\u0131n D\u00fcnya Miras\u0131 listesine al\u0131nabilmesi i\u00e7in \u00dcst\u00fcn Evrensel De\u011fer \u00f6l\u00e7\u00fct\u00fcn\u00fc kar\u015f\u0131lamas\u0131 gerekiyor. Komite&#8217;nin, bu niteli\u011finin korunmad\u0131\u011f\u0131n\u0131 d\u00fc\u015f\u00fcnd\u00fc\u011f\u00fc varl\u0131klar\u0131 &#8220;Tehlike Alt\u0131ndaki D\u00fcnya Miras\u0131 Listesi&#8221;ne alma, hatta tamamen D\u00fcnya Miras\u0131 listesinden \u00e7\u0131karma yetkisi bulunuyor. Son olarak \u0130ngiltere&#8217;nin Liverpool kenti, yeni in\u015fa edilen modern binalar\u0131n kentin \u00f6zg\u00fcnl\u00fc\u011f\u00fcn\u00fc ve b\u00fct\u00fcnl\u00fc\u011f\u00fcn\u00fc bozdu\u011fu gerek\u00e7esiyle listeden \u00e7\u0131kar\u0131lm\u0131\u015ft\u0131.<\/p>\n<p><em>FOTO: Berge Arabian\u00a0<\/em><\/p>\n<p><em><strong>(AFP, DW T\u00fcrk\u00e7e)<\/strong><\/em><\/p>\n<p><em><strong>http:\/\/www.agos.com.tr\/tr\/yazi\/25957\/unesco-dan-ayasofya-ve-kariye-uyarisi\u00a0<\/strong><\/em><\/p>\n","protected":false},"excerpt":{"rendered":"<p>D\u00fcnya Miras\u0131 Komitesi, ge\u00e7en y\u0131l camiye \u00e7evrilen Ayasofya ve Kariye&#8217;de yap\u0131lan de\u011fi\u015fiklikleri bildirmesi i\u00e7in T\u00fcrkiye&#8217;ye 1 \u015eubat&#8217;a kadar s\u00fcre verdi. Korunmayan varl\u0131klar\u0131n miras listesinden \u00e7\u0131kar\u0131lma riski bulunuyor. Birle\u015fmi\u015f Milletler E\u011fitim, Bilim ve K\u00fclt\u00fcr \u00d6rg\u00fct\u00fc&#8217;ne (UNESCO) ba\u011fl\u0131 D\u00fcnya Miras\u0131 Komitesi, Ayasofya ve Kariye&#8217;de yap\u0131lan de\u011fi\u015fikliklerle ilgili T\u00fcrkiye&#8217;den rapor istedi. T\u00fcrkiye, 1985 y\u0131l\u0131ndan beri D\u00fcnya K\u00fclt\u00fcr Miras\u0131 [&hellip;]<\/p>\n","protected":false},"author":7,"featured_media":63943,"comment_status":"open","ping_status":"open","sticky":false,"template":"","format":"standard","meta":{"footnotes":""},"categories":[1],"tags":[],"class_list":["post-63942","post","type-post","status-publish","format-standard","has-post-thumbnail","hentry","category-haberler"],"yoast_head":"<!-- This site is optimized with the Yoast SEO plugin v27.4 - https:\/\/yoast.com\/product\/yoast-seo-wordpress\/ -->\n<title>UNESCO&#039;dan Ayasofya ve Kariye uyar\u0131s\u0131 - Bati Ermenistan Ve Bati Ermenileri Sorunlari Ara\u015ftirmalar Merkezi<\/title>\n<meta name=\"robots\" content=\"index, follow, max-snippet:-1, max-image-preview:large, max-video-preview:-1\" \/>\n<link rel=\"canonical\" href=\"https:\/\/akunq.net\/tr\/?p=63942\" \/>\n<meta property=\"og:locale\" content=\"en_US\" \/>\n<meta property=\"og:type\" content=\"article\" \/>\n<meta property=\"og:title\" content=\"UNESCO&#039;dan Ayasofya ve Kariye uyar\u0131s\u0131 - Bati Ermenistan Ve Bati Ermenileri Sorunlari Ara\u015ftirmalar Merkezi\" \/>\n<meta property=\"og:description\" content=\"D\u00fcnya Miras\u0131 Komitesi, ge\u00e7en y\u0131l camiye \u00e7evrilen Ayasofya ve Kariye&#8217;de yap\u0131lan de\u011fi\u015fiklikleri bildirmesi i\u00e7in T\u00fcrkiye&#8217;ye 1 \u015eubat&#8217;a kadar s\u00fcre verdi. Korunmayan varl\u0131klar\u0131n miras listesinden \u00e7\u0131kar\u0131lma riski bulunuyor. Birle\u015fmi\u015f Milletler E\u011fitim, Bilim ve K\u00fclt\u00fcr \u00d6rg\u00fct\u00fc&#8217;ne (UNESCO) ba\u011fl\u0131 D\u00fcnya Miras\u0131 Komitesi, Ayasofya ve Kariye&#8217;de yap\u0131lan de\u011fi\u015fikliklerle ilgili T\u00fcrkiye&#8217;den rapor istedi. T\u00fcrkiye, 1985 y\u0131l\u0131ndan beri D\u00fcnya K\u00fclt\u00fcr Miras\u0131 [&hellip;]\" \/>\n<meta property=\"og:url\" content=\"https:\/\/akunq.net\/tr\/?p=63942\" \/>\n<meta property=\"og:site_name\" content=\"Bati Ermenistan Ve Bati Ermenileri Sorunlari Ara\u015ftirmalar Merkezi\" \/>\n<meta property=\"article:published_time\" content=\"2021-07-26T07:16:44+00:00\" \/>\n<meta property=\"og:image\" content=\"https:\/\/akunq.net\/tr\/wp-content\/uploads\/sites\/6\/2021\/07\/Kariye.jpg\" \/>\n\t<meta property=\"og:image:width\" content=\"702\" \/>\n\t<meta property=\"og:image:height\" content=\"466\" \/>\n\t<meta property=\"og:image:type\" content=\"image\/jpeg\" \/>\n<meta name=\"author\" content=\"admin\" \/>\n<meta name=\"twitter:card\" content=\"summary_large_image\" \/>\n<meta name=\"twitter:label1\" content=\"Written by\" \/>\n\t<meta name=\"twitter:data1\" content=\"admin\" \/>\n\t<meta name=\"twitter:label2\" content=\"Est. reading time\" \/>\n\t<meta name=\"twitter:data2\" content=\"2 minutes\" \/>\n<script type=\"application\/ld+json\" class=\"yoast-schema-graph\">{\"@context\":\"https:\\\/\\\/schema.org\",\"@graph\":[{\"@type\":\"Article\",\"@id\":\"https:\\\/\\\/akunq.net\\\/tr\\\/?p=63942#article\",\"isPartOf\":{\"@id\":\"https:\\\/\\\/akunq.net\\\/tr\\\/?p=63942\"},\"author\":{\"name\":\"admin\",\"@id\":\"https:\\\/\\\/akunq.net\\\/tr\\\/#\\\/schema\\\/person\\\/096f1d38a12cce57fb855b485ed24c9e\"},\"headline\":\"UNESCO&#8217;dan Ayasofya ve Kariye uyar\u0131s\u0131\",\"datePublished\":\"2021-07-26T07:16:44+00:00\",\"mainEntityOfPage\":{\"@id\":\"https:\\\/\\\/akunq.net\\\/tr\\\/?p=63942\"},\"wordCount\":357,\"commentCount\":0,\"image\":{\"@id\":\"https:\\\/\\\/akunq.net\\\/tr\\\/?p=63942#primaryimage\"},\"thumbnailUrl\":\"https:\\\/\\\/akunq.net\\\/tr\\\/wp-content\\\/uploads\\\/sites\\\/6\\\/2021\\\/07\\\/Kariye.jpg\",\"articleSection\":[\"Haberler\"],\"inLanguage\":\"en-US\",\"potentialAction\":[{\"@type\":\"CommentAction\",\"name\":\"Comment\",\"target\":[\"https:\\\/\\\/akunq.net\\\/tr\\\/?p=63942#respond\"]}]},{\"@type\":\"WebPage\",\"@id\":\"https:\\\/\\\/akunq.net\\\/tr\\\/?p=63942\",\"url\":\"https:\\\/\\\/akunq.net\\\/tr\\\/?p=63942\",\"name\":\"UNESCO'dan Ayasofya ve Kariye uyar\u0131s\u0131 - Bati Ermenistan Ve Bati Ermenileri Sorunlari Ara\u015ftirmalar Merkezi\",\"isPartOf\":{\"@id\":\"https:\\\/\\\/akunq.net\\\/tr\\\/#website\"},\"primaryImageOfPage\":{\"@id\":\"https:\\\/\\\/akunq.net\\\/tr\\\/?p=63942#primaryimage\"},\"image\":{\"@id\":\"https:\\\/\\\/akunq.net\\\/tr\\\/?p=63942#primaryimage\"},\"thumbnailUrl\":\"https:\\\/\\\/akunq.net\\\/tr\\\/wp-content\\\/uploads\\\/sites\\\/6\\\/2021\\\/07\\\/Kariye.jpg\",\"datePublished\":\"2021-07-26T07:16:44+00:00\",\"author\":{\"@id\":\"https:\\\/\\\/akunq.net\\\/tr\\\/#\\\/schema\\\/person\\\/096f1d38a12cce57fb855b485ed24c9e\"},\"breadcrumb\":{\"@id\":\"https:\\\/\\\/akunq.net\\\/tr\\\/?p=63942#breadcrumb\"},\"inLanguage\":\"en-US\",\"potentialAction\":[{\"@type\":\"ReadAction\",\"target\":[\"https:\\\/\\\/akunq.net\\\/tr\\\/?p=63942\"]}]},{\"@type\":\"ImageObject\",\"inLanguage\":\"en-US\",\"@id\":\"https:\\\/\\\/akunq.net\\\/tr\\\/?p=63942#primaryimage\",\"url\":\"https:\\\/\\\/akunq.net\\\/tr\\\/wp-content\\\/uploads\\\/sites\\\/6\\\/2021\\\/07\\\/Kariye.jpg\",\"contentUrl\":\"https:\\\/\\\/akunq.net\\\/tr\\\/wp-content\\\/uploads\\\/sites\\\/6\\\/2021\\\/07\\\/Kariye.jpg\",\"width\":702,\"height\":466},{\"@type\":\"BreadcrumbList\",\"@id\":\"https:\\\/\\\/akunq.net\\\/tr\\\/?p=63942#breadcrumb\",\"itemListElement\":[{\"@type\":\"ListItem\",\"position\":1,\"name\":\"Home\",\"item\":\"https:\\\/\\\/akunq.net\\\/tr\"},{\"@type\":\"ListItem\",\"position\":2,\"name\":\"UNESCO&#8217;dan Ayasofya ve Kariye uyar\u0131s\u0131\"}]},{\"@type\":\"WebSite\",\"@id\":\"https:\\\/\\\/akunq.net\\\/tr\\\/#website\",\"url\":\"https:\\\/\\\/akunq.net\\\/tr\\\/\",\"name\":\"Bati Ermenistan Ve Bati Ermenileri Sorunlari Ara\u015ftirmalar Merkezi\",\"description\":\"\",\"potentialAction\":[{\"@type\":\"SearchAction\",\"target\":{\"@type\":\"EntryPoint\",\"urlTemplate\":\"https:\\\/\\\/akunq.net\\\/tr\\\/?s={search_term_string}\"},\"query-input\":{\"@type\":\"PropertyValueSpecification\",\"valueRequired\":true,\"valueName\":\"search_term_string\"}}],\"inLanguage\":\"en-US\"},{\"@type\":\"Person\",\"@id\":\"https:\\\/\\\/akunq.net\\\/tr\\\/#\\\/schema\\\/person\\\/096f1d38a12cce57fb855b485ed24c9e\",\"name\":\"admin\",\"url\":\"https:\\\/\\\/akunq.net\\\/tr\\\/?author=7\"}]}<\/script>\n<!-- \/ Yoast SEO plugin. -->","yoast_head_json":{"title":"UNESCO'dan Ayasofya ve Kariye uyar\u0131s\u0131 - Bati Ermenistan Ve Bati Ermenileri Sorunlari Ara\u015ftirmalar Merkezi","robots":{"index":"index","follow":"follow","max-snippet":"max-snippet:-1","max-image-preview":"max-image-preview:large","max-video-preview":"max-video-preview:-1"},"canonical":"https:\/\/akunq.net\/tr\/?p=63942","og_locale":"en_US","og_type":"article","og_title":"UNESCO'dan Ayasofya ve Kariye uyar\u0131s\u0131 - Bati Ermenistan Ve Bati Ermenileri Sorunlari Ara\u015ftirmalar Merkezi","og_description":"D\u00fcnya Miras\u0131 Komitesi, ge\u00e7en y\u0131l camiye \u00e7evrilen Ayasofya ve Kariye&#8217;de yap\u0131lan de\u011fi\u015fiklikleri bildirmesi i\u00e7in T\u00fcrkiye&#8217;ye 1 \u015eubat&#8217;a kadar s\u00fcre verdi. Korunmayan varl\u0131klar\u0131n miras listesinden \u00e7\u0131kar\u0131lma riski bulunuyor. Birle\u015fmi\u015f Milletler E\u011fitim, Bilim ve K\u00fclt\u00fcr \u00d6rg\u00fct\u00fc&#8217;ne (UNESCO) ba\u011fl\u0131 D\u00fcnya Miras\u0131 Komitesi, Ayasofya ve Kariye&#8217;de yap\u0131lan de\u011fi\u015fikliklerle ilgili T\u00fcrkiye&#8217;den rapor istedi. T\u00fcrkiye, 1985 y\u0131l\u0131ndan beri D\u00fcnya K\u00fclt\u00fcr Miras\u0131 [&hellip;]","og_url":"https:\/\/akunq.net\/tr\/?p=63942","og_site_name":"Bati Ermenistan Ve Bati Ermenileri Sorunlari Ara\u015ftirmalar Merkezi","article_published_time":"2021-07-26T07:16:44+00:00","og_image":[{"width":702,"height":466,"url":"https:\/\/akunq.net\/tr\/wp-content\/uploads\/sites\/6\/2021\/07\/Kariye.jpg","type":"image\/jpeg"}],"author":"admin","twitter_card":"summary_large_image","twitter_misc":{"Written by":"admin","Est. reading time":"2 minutes"},"schema":{"@context":"https:\/\/schema.org","@graph":[{"@type":"Article","@id":"https:\/\/akunq.net\/tr\/?p=63942#article","isPartOf":{"@id":"https:\/\/akunq.net\/tr\/?p=63942"},"author":{"name":"admin","@id":"https:\/\/akunq.net\/tr\/#\/schema\/person\/096f1d38a12cce57fb855b485ed24c9e"},"headline":"UNESCO&#8217;dan Ayasofya ve Kariye uyar\u0131s\u0131","datePublished":"2021-07-26T07:16:44+00:00","mainEntityOfPage":{"@id":"https:\/\/akunq.net\/tr\/?p=63942"},"wordCount":357,"commentCount":0,"image":{"@id":"https:\/\/akunq.net\/tr\/?p=63942#primaryimage"},"thumbnailUrl":"https:\/\/akunq.net\/tr\/wp-content\/uploads\/sites\/6\/2021\/07\/Kariye.jpg","articleSection":["Haberler"],"inLanguage":"en-US","potentialAction":[{"@type":"CommentAction","name":"Comment","target":["https:\/\/akunq.net\/tr\/?p=63942#respond"]}]},{"@type":"WebPage","@id":"https:\/\/akunq.net\/tr\/?p=63942","url":"https:\/\/akunq.net\/tr\/?p=63942","name":"UNESCO'dan Ayasofya ve Kariye uyar\u0131s\u0131 - Bati Ermenistan Ve Bati Ermenileri Sorunlari Ara\u015ftirmalar Merkezi","isPartOf":{"@id":"https:\/\/akunq.net\/tr\/#website"},"primaryImageOfPage":{"@id":"https:\/\/akunq.net\/tr\/?p=63942#primaryimage"},"image":{"@id":"https:\/\/akunq.net\/tr\/?p=63942#primaryimage"},"thumbnailUrl":"https:\/\/akunq.net\/tr\/wp-content\/uploads\/sites\/6\/2021\/07\/Kariye.jpg","datePublished":"2021-07-26T07:16:44+00:00","author":{"@id":"https:\/\/akunq.net\/tr\/#\/schema\/person\/096f1d38a12cce57fb855b485ed24c9e"},"breadcrumb":{"@id":"https:\/\/akunq.net\/tr\/?p=63942#breadcrumb"},"inLanguage":"en-US","potentialAction":[{"@type":"ReadAction","target":["https:\/\/akunq.net\/tr\/?p=63942"]}]},{"@type":"ImageObject","inLanguage":"en-US","@id":"https:\/\/akunq.net\/tr\/?p=63942#primaryimage","url":"https:\/\/akunq.net\/tr\/wp-content\/uploads\/sites\/6\/2021\/07\/Kariye.jpg","contentUrl":"https:\/\/akunq.net\/tr\/wp-content\/uploads\/sites\/6\/2021\/07\/Kariye.jpg","width":702,"height":466},{"@type":"BreadcrumbList","@id":"https:\/\/akunq.net\/tr\/?p=63942#breadcrumb","itemListElement":[{"@type":"ListItem","position":1,"name":"Home","item":"https:\/\/akunq.net\/tr"},{"@type":"ListItem","position":2,"name":"UNESCO&#8217;dan Ayasofya ve Kariye uyar\u0131s\u0131"}]},{"@type":"WebSite","@id":"https:\/\/akunq.net\/tr\/#website","url":"https:\/\/akunq.net\/tr\/","name":"Bati Ermenistan Ve Bati Ermenileri Sorunlari Ara\u015ftirmalar Merkezi","description":"","potentialAction":[{"@type":"SearchAction","target":{"@type":"EntryPoint","urlTemplate":"https:\/\/akunq.net\/tr\/?s={search_term_string}"},"query-input":{"@type":"PropertyValueSpecification","valueRequired":true,"valueName":"search_term_string"}}],"inLanguage":"en-US"},{"@type":"Person","@id":"https:\/\/akunq.net\/tr\/#\/schema\/person\/096f1d38a12cce57fb855b485ed24c9e","name":"admin","url":"https:\/\/akunq.net\/tr\/?author=7"}]}},"_links":{"self":[{"href":"https:\/\/akunq.net\/tr\/index.php?rest_route=\/wp\/v2\/posts\/63942","targetHints":{"allow":["GET"]}}],"collection":[{"href":"https:\/\/akunq.net\/tr\/index.php?rest_route=\/wp\/v2\/posts"}],"about":[{"href":"https:\/\/akunq.net\/tr\/index.php?rest_route=\/wp\/v2\/types\/post"}],"author":[{"embeddable":true,"href":"https:\/\/akunq.net\/tr\/index.php?rest_route=\/wp\/v2\/users\/7"}],"replies":[{"embeddable":true,"href":"https:\/\/akunq.net\/tr\/index.php?rest_route=%2Fwp%2Fv2%2Fcomments&post=63942"}],"version-history":[{"count":1,"href":"https:\/\/akunq.net\/tr\/index.php?rest_route=\/wp\/v2\/posts\/63942\/revisions"}],"predecessor-version":[{"id":63944,"href":"https:\/\/akunq.net\/tr\/index.php?rest_route=\/wp\/v2\/posts\/63942\/revisions\/63944"}],"wp:featuredmedia":[{"embeddable":true,"href":"https:\/\/akunq.net\/tr\/index.php?rest_route=\/wp\/v2\/media\/63943"}],"wp:attachment":[{"href":"https:\/\/akunq.net\/tr\/index.php?rest_route=%2Fwp%2Fv2%2Fmedia&parent=63942"}],"wp:term":[{"taxonomy":"category","embeddable":true,"href":"https:\/\/akunq.net\/tr\/index.php?rest_route=%2Fwp%2Fv2%2Fcategories&post=63942"},{"taxonomy":"post_tag","embeddable":true,"href":"https:\/\/akunq.net\/tr\/index.php?rest_route=%2Fwp%2Fv2%2Ftags&post=63942"}],"curies":[{"name":"wp","href":"https:\/\/api.w.org\/{rel}","templated":true}]}}