{"id":63935,"date":"2021-07-23T02:48:57","date_gmt":"2021-07-23T07:48:57","guid":{"rendered":"https:\/\/akunq.net\/tr\/?p=63935"},"modified":"2021-07-23T02:49:15","modified_gmt":"2021-07-23T07:49:15","slug":"katolik-lider-uc-semavi-dinden-vatandaslarin-defnedildigi-mesazrlikta-bayramlasti","status":"publish","type":"post","link":"https:\/\/akunq.net\/tr\/?p=63935","title":{"rendered":"Katolik Lider, \u00fc\u00e7 semavi dinden vatanda\u015flar\u0131n defnedildi\u011fi mesazrl\u0131kta bayramla\u015ft\u0131"},"content":{"rendered":"<p><img loading=\"lazy\" decoding=\"async\" class=\"aligncenter size-medium wp-image-63936\" src=\"https:\/\/akunq.net\/tr\/wp-content\/uploads\/2021\/07\/MERS\u0130N\u2019de-1930\u2019lar\u0131n-sonunda-kurulan-\u015eehir-Mezarl\u0131\u011f\u0131-360x240.jpeg\" alt=\"\" width=\"360\" height=\"240\" srcset=\"https:\/\/akunq.net\/tr\/wp-content\/uploads\/sites\/6\/2021\/07\/MERS\u0130N\u2019de-1930\u2019lar\u0131n-sonunda-kurulan-\u015eehir-Mezarl\u0131\u011f\u0131-360x240.jpeg 360w, https:\/\/akunq.net\/tr\/wp-content\/uploads\/sites\/6\/2021\/07\/MERS\u0130N\u2019de-1930\u2019lar\u0131n-sonunda-kurulan-\u015eehir-Mezarl\u0131\u011f\u0131-768x512.jpeg 768w, https:\/\/akunq.net\/tr\/wp-content\/uploads\/sites\/6\/2021\/07\/MERS\u0130N\u2019de-1930\u2019lar\u0131n-sonunda-kurulan-\u015eehir-Mezarl\u0131\u011f\u0131-560x373.jpeg 560w, https:\/\/akunq.net\/tr\/wp-content\/uploads\/sites\/6\/2021\/07\/MERS\u0130N\u2019de-1930\u2019lar\u0131n-sonunda-kurulan-\u015eehir-Mezarl\u0131\u011f\u0131-260x173.jpeg 260w, https:\/\/akunq.net\/tr\/wp-content\/uploads\/sites\/6\/2021\/07\/MERS\u0130N\u2019de-1930\u2019lar\u0131n-sonunda-kurulan-\u015eehir-Mezarl\u0131\u011f\u0131-160x107.jpeg 160w, https:\/\/akunq.net\/tr\/wp-content\/uploads\/sites\/6\/2021\/07\/MERS\u0130N\u2019de-1930\u2019lar\u0131n-sonunda-kurulan-\u015eehir-Mezarl\u0131\u011f\u0131.jpeg 1200w\" sizes=\"auto, (max-width: 360px) 100vw, 360px\" \/><\/p>\n<p><em><strong>MERS\u0130N\u2019de 1930\u2019lar\u0131n sonunda kurulan \u015eehir Mezarl\u0131\u011f\u0131, M\u00fcsl\u00fcman, Hristiyan ve Yahudi inanc\u0131na mensup vatanda\u015flar\u0131n yan yana defnedilmesi nedeniyle birliktelik k\u00fclt\u00fcr\u00fcn\u00fcn \u00f6nemli sembol\u00fc haline geldi.<\/strong><\/em><\/p>\n<p>MERS\u0130N\u2019de 1930\u2019lar\u0131n sonunda kurulan \u015eehir Mezarl\u0131\u011f\u0131,\u00a0<a href=\"https:\/\/www.haberler.com\/musluman\/\">M\u00fcsl\u00fcman<\/a>,\u00a0<a href=\"https:\/\/www.haberler.com\/hristiyan\/\">Hristiyan<\/a>\u00a0ve\u00a0<a href=\"https:\/\/www.haberler.com\/yahudi\/\">Yahudi<\/a>\u00a0inanc\u0131na mensup vatanda\u015flar\u0131n yan yana defnedilmesi nedeniyle birliktelik k\u00fclt\u00fcr\u00fcn\u00fcn \u00f6nemli sembol\u00fc haline geldi.\u00a0<a href=\"https:\/\/www.haberler.com\/mersin\/\">Mersin<\/a>\u00a0\u0130talyan Katolik Kilisesi Ruhani Lideri Roshan Cordeiro, Kurban Bayram\u0131\u2019nda kabir ziyareti i\u00e7in mezarl\u0131\u011fa gelen M\u00fcsl\u00fcmanlarla bir araya gelip bayramla\u015ft\u0131.<\/p>\n<p>D\u00f6nemin Belediye Ba\u015fkan\u0131 Mithat Toro\u011flu taraf\u0131ndan d\u00fcnyada \u0131rk ve inan\u00e7 ayr\u0131mc\u0131l\u0131\u011f\u0131n\u0131n zirve yapt\u0131\u011f\u0131 zamanlarda 1938 y\u0131l\u0131nda a\u00e7\u0131lan \u015eehir Mezarl\u0131\u011f\u0131, kentin birlikte ya\u015fama k\u00fclt\u00fcr\u00fcn\u00fcn sembol\u00fc haline geldi. Her y\u0131l bayramlarda ziyaret\u00e7i ak\u0131n\u0131na u\u011frayan mezarl\u0131k, M\u00fcsl\u00fcman, Hristiyan ve Yahudi vatanda\u015flar\u0131n kabrine ev sahipli\u011fi yap\u0131yor. Ho\u015fg\u00f6r\u00fc mezarl\u0131\u011f\u0131nda her y\u0131l Kurban Bayram\u0131\u2019n\u0131n ilk g\u00fcn\u00fc din adamlar\u0131n\u0131n kat\u0131l\u0131m\u0131yla dinlerin bulu\u015fmas\u0131 t\u00f6reni yap\u0131l\u0131yor. Mersin \u0130talyan Katolik Kilisesi Ruhani Lideri Roshan Cordeiro, Kurban Bayram\u0131\u2019nda kabir ziyareti i\u00e7in mezarl\u0131\u011fa gelen M\u00fcsl\u00fcmanlarla bir araya gelip bayramla\u015ft\u0131. Cordeiro ile M\u00fcsl\u00fcmanlar birlikte dua etti. Cordeiro, bir\u00e7ok \u00fclke gezdi\u011fini belirterek, Mersin mezarl\u0131\u011f\u0131nda t\u00fcm dinlerden insanlar bir arada ya\u015f\u0131yor. Bunu ilk defa g\u00f6r\u00fcyorum. Herkes bar\u0131\u015f i\u00e7erisinde bir arada ya\u015f\u0131yor. Bu T\u00fcrkiye i\u00e7in \u00e7ok \u00f6nemli bir zenginlik, bir hazine dedi.<\/p>\n<p><strong>D\u00dcNYADA B\u00d6YLE B\u0130R MEZARLIK DAHA YOK\u2019<\/strong><\/p>\n<p>Mersin Cemevi \u0130nan\u00e7 Kurulu Ba\u015fkan\u0131 Erdo\u011fan Sevin de bir\u00e7ok dinden, inan\u00e7tan insanlar\u0131n mezarl\u0131kta misafir edildi\u011fini belirterek, D\u00fcnyada b\u00f6yle bir mezarl\u0131k daha yok. Bu Mersin\u2019in k\u00fclt\u00fcr yap\u0131s\u0131n\u0131n bir \u00f6zelli\u011fi. Mersin\u2019de ya\u015fayan inan\u00e7lar, siyasi anlay\u0131\u015flar bu konuda hem fikir. Y\u0131llarca bu g\u00fczelli\u011fi ta\u015f\u0131d\u0131lar. Herkes burada bir arada, kucak kuca\u011fa yat\u0131yor. Bu herkese \u00f6rnek olacak, gurur verici bir \u015fey. Bunu her yerde anlat\u0131yorum diye konu\u015ftu.<\/p>\n<p>Mersin\u2019in birlikte ya\u015fama k\u00fclt\u00fcr\u00fc en fazla geli\u015fmi\u015f kent oldu\u011funu ifade eden Ticaret ve Sanayi Odas\u0131 Ba\u015fkan\u0131 Ayhan K\u0131z\u0131ltan da, Mersin\u2019in d\u00fcnyada bamba\u015fka bir kent. Birlikte ya\u015fama k\u00fclt\u00fcr\u00fc \u00e7ok y\u00fcksek. Birbirimizi anlamak, birbirimize sayg\u0131 duymam\u0131z gerekiyor. Birlikte ya\u015farsak daha g\u00fczel olacak her \u015fey.<\/p>\n<figure class=\"wp-block-image\"><img decoding=\"async\" title=\"KATOL\u0130K L\u0130DER, \u00dc\u00c7 SEMAV\u0130 D\u0130NDEN VATANDA\u015eLARIN DEFNED\u0130LD\u0130\u011e\u0130 MEZARLIKTA BAYRAMLA\u015eTI\" src=\"https:\/\/i1.wp.com\/foto.haberler.com\/haber\/2021\/07\/22\/katolik-lider-uc-semavi-dinden-vatandaslarin-14282218_o.jpg?ssl=1\" alt=\"KATOL\u0130K L\u0130DER, \u00dc\u00c7 SEMAV\u0130 D\u0130NDEN VATANDA\u015eLARIN DEFNED\u0130LD\u0130\u011e\u0130 MEZARLIKTA BAYRAMLA\u015eTI\" data-recalc-dims=\"1\" \/><\/figure>\n<figure class=\"wp-block-image\"><img decoding=\"async\" src=\"https:\/\/i1.wp.com\/foto.haberler.com\/haber\/2021\/07\/22\/katolik-lider-uc-semavi-dinden-vatandaslarin-2-14282218_o.jpg?ssl=1\" alt=\"KATOL\u0130K L\u0130DER, \u00dc\u00c7 SEMAV\u0130 D\u0130NDEN VATANDA\u015eLARIN DEFNED\u0130LD\u0130\u011e\u0130 MEZARLIKTA BAYRAMLA\u015eTI\" data-recalc-dims=\"1\" \/><\/figure>\n<figure class=\"wp-block-image\"><img decoding=\"async\" src=\"https:\/\/i1.wp.com\/foto.haberler.com\/haber\/2021\/07\/22\/katolik-lider-uc-semavi-dinden-vatandaslarin-3-14282218_o.jpg?ssl=1\" alt=\"KATOL\u0130K L\u0130DER, \u00dc\u00c7 SEMAV\u0130 D\u0130NDEN VATANDA\u015eLARIN DEFNED\u0130LD\u0130\u011e\u0130 MEZARLIKTA BAYRAMLA\u015eTI\" data-recalc-dims=\"1\" \/><\/figure>\n<figure class=\"wp-block-image\"><img decoding=\"async\" src=\"https:\/\/i2.wp.com\/foto.haberler.com\/haber\/2021\/07\/22\/katolik-lider-uc-semavi-dinden-vatandaslarin-4-14282218_o.jpg?ssl=1\" alt=\"KATOL\u0130K L\u0130DER, \u00dc\u00c7 SEMAV\u0130 D\u0130NDEN VATANDA\u015eLARIN DEFNED\u0130LD\u0130\u011e\u0130 MEZARLIKTA BAYRAMLA\u015eTI\" data-recalc-dims=\"1\" \/><\/figure>\n<figure class=\"wp-block-image\"><img decoding=\"async\" src=\"https:\/\/i2.wp.com\/foto.haberler.com\/haber\/2021\/07\/22\/katolik-lider-uc-semavi-dinden-vatandaslarin-5-14282218_o.jpg?ssl=1\" alt=\"KATOL\u0130K L\u0130DER, \u00dc\u00c7 SEMAV\u0130 D\u0130NDEN VATANDA\u015eLARIN DEFNED\u0130LD\u0130\u011e\u0130 MEZARLIKTA BAYRAMLA\u015eTI\" data-recalc-dims=\"1\" \/><\/figure>\n<figure class=\"wp-block-image\"><img decoding=\"async\" src=\"https:\/\/i2.wp.com\/foto.haberler.com\/haber\/2021\/07\/22\/katolik-lider-uc-semavi-dinden-vatandaslarin-6-14282218_o.jpg?ssl=1\" alt=\"KATOL\u0130K L\u0130DER, \u00dc\u00c7 SEMAV\u0130 D\u0130NDEN VATANDA\u015eLARIN DEFNED\u0130LD\u0130\u011e\u0130 MEZARLIKTA BAYRAMLA\u015eTI\" data-recalc-dims=\"1\" \/><\/figure>\n<figure class=\"wp-block-image\"><img decoding=\"async\" src=\"https:\/\/i2.wp.com\/foto.haberler.com\/haber\/2021\/07\/22\/katolik-lider-uc-semavi-dinden-vatandaslarin-7-14282218_o.jpg?ssl=1\" alt=\"KATOL\u0130K L\u0130DER, \u00dc\u00c7 SEMAV\u0130 D\u0130NDEN VATANDA\u015eLARIN DEFNED\u0130LD\u0130\u011e\u0130 MEZARLIKTA BAYRAMLA\u015eTI\" data-recalc-dims=\"1\" \/><\/figure>\n<figure class=\"wp-block-image\"><img decoding=\"async\" src=\"https:\/\/i2.wp.com\/foto.haberler.com\/haber\/2021\/07\/22\/katolik-lider-uc-semavi-dinden-vatandaslarin-8-14282218_o.jpg?ssl=1\" alt=\"KATOL\u0130K L\u0130DER, \u00dc\u00c7 SEMAV\u0130 D\u0130NDEN VATANDA\u015eLARIN DEFNED\u0130LD\u0130\u011e\u0130 MEZARLIKTA BAYRAMLA\u015eTI\" data-recalc-dims=\"1\" \/><\/figure>\n<p><em><strong>Kaynak: Demir\u00f6ren Haber Ajans\u0131<\/strong><\/em><\/p>\n<p><em><strong><a href=\"https:\/\/www.haberler.com\/katolik-lider-uc-semavi-dinden-vatandaslarin-14282218-haberi\/\">https:\/\/www.haberler.com\/katolik-lider-uc-semavi-dinden-vatandaslarin-14282218-haberi\/<\/a>\u00a0<\/strong><\/em><\/p>\n","protected":false},"excerpt":{"rendered":"<p>MERS\u0130N\u2019de 1930\u2019lar\u0131n sonunda kurulan \u015eehir Mezarl\u0131\u011f\u0131, M\u00fcsl\u00fcman, Hristiyan ve Yahudi inanc\u0131na mensup vatanda\u015flar\u0131n yan yana defnedilmesi nedeniyle birliktelik k\u00fclt\u00fcr\u00fcn\u00fcn \u00f6nemli sembol\u00fc haline geldi. MERS\u0130N\u2019de 1930\u2019lar\u0131n sonunda kurulan \u015eehir Mezarl\u0131\u011f\u0131,\u00a0M\u00fcsl\u00fcman,\u00a0Hristiyan\u00a0ve\u00a0Yahudi\u00a0inanc\u0131na mensup vatanda\u015flar\u0131n yan yana defnedilmesi nedeniyle birliktelik k\u00fclt\u00fcr\u00fcn\u00fcn \u00f6nemli sembol\u00fc haline geldi.\u00a0Mersin\u00a0\u0130talyan Katolik Kilisesi Ruhani Lideri Roshan Cordeiro, Kurban Bayram\u0131\u2019nda kabir ziyareti i\u00e7in mezarl\u0131\u011fa gelen M\u00fcsl\u00fcmanlarla [&hellip;]<\/p>\n","protected":false},"author":7,"featured_media":63936,"comment_status":"open","ping_status":"open","sticky":false,"template":"","format":"standard","meta":{"footnotes":""},"categories":[1,53],"tags":[],"class_list":["post-63935","post","type-post","status-publish","format-standard","has-post-thumbnail","hentry","category-haberler","category-turkiyede-azinliklar"],"yoast_head":"<!-- This site is optimized with the Yoast SEO plugin v27.4 - https:\/\/yoast.com\/product\/yoast-seo-wordpress\/ -->\n<title>Katolik Lider, \u00fc\u00e7 semavi dinden vatanda\u015flar\u0131n defnedildi\u011fi mesazrl\u0131kta bayramla\u015ft\u0131 - Bati Ermenistan Ve Bati Ermenileri Sorunlari Ara\u015ftirmalar Merkezi<\/title>\n<meta name=\"robots\" content=\"index, follow, max-snippet:-1, max-image-preview:large, max-video-preview:-1\" \/>\n<link rel=\"canonical\" href=\"https:\/\/akunq.net\/tr\/?p=63935\" \/>\n<meta property=\"og:locale\" content=\"en_US\" \/>\n<meta property=\"og:type\" content=\"article\" \/>\n<meta property=\"og:title\" content=\"Katolik Lider, \u00fc\u00e7 semavi dinden vatanda\u015flar\u0131n defnedildi\u011fi mesazrl\u0131kta bayramla\u015ft\u0131 - Bati Ermenistan Ve Bati Ermenileri Sorunlari Ara\u015ftirmalar Merkezi\" \/>\n<meta property=\"og:description\" content=\"MERS\u0130N\u2019de 1930\u2019lar\u0131n sonunda kurulan \u015eehir Mezarl\u0131\u011f\u0131, M\u00fcsl\u00fcman, Hristiyan ve Yahudi inanc\u0131na mensup vatanda\u015flar\u0131n yan yana defnedilmesi nedeniyle birliktelik k\u00fclt\u00fcr\u00fcn\u00fcn \u00f6nemli sembol\u00fc haline geldi. MERS\u0130N\u2019de 1930\u2019lar\u0131n sonunda kurulan \u015eehir Mezarl\u0131\u011f\u0131,\u00a0M\u00fcsl\u00fcman,\u00a0Hristiyan\u00a0ve\u00a0Yahudi\u00a0inanc\u0131na mensup vatanda\u015flar\u0131n yan yana defnedilmesi nedeniyle birliktelik k\u00fclt\u00fcr\u00fcn\u00fcn \u00f6nemli sembol\u00fc haline geldi.\u00a0Mersin\u00a0\u0130talyan Katolik Kilisesi Ruhani Lideri Roshan Cordeiro, Kurban Bayram\u0131\u2019nda kabir ziyareti i\u00e7in mezarl\u0131\u011fa gelen M\u00fcsl\u00fcmanlarla [&hellip;]\" \/>\n<meta property=\"og:url\" content=\"https:\/\/akunq.net\/tr\/?p=63935\" \/>\n<meta property=\"og:site_name\" content=\"Bati Ermenistan Ve Bati Ermenileri Sorunlari Ara\u015ftirmalar Merkezi\" \/>\n<meta property=\"article:published_time\" content=\"2021-07-23T07:48:57+00:00\" \/>\n<meta property=\"article:modified_time\" content=\"2021-07-23T07:49:15+00:00\" \/>\n<meta property=\"og:image\" content=\"https:\/\/akunq.net\/tr\/wp-content\/uploads\/sites\/6\/2021\/07\/MERS\u0130N\u2019de-1930\u2019lar\u0131n-sonunda-kurulan-\u015eehir-Mezarl\u0131\u011f\u0131.jpeg\" \/>\n\t<meta property=\"og:image:width\" content=\"1200\" \/>\n\t<meta property=\"og:image:height\" content=\"800\" \/>\n\t<meta property=\"og:image:type\" content=\"image\/jpeg\" \/>\n<meta name=\"author\" content=\"admin\" \/>\n<meta name=\"twitter:card\" content=\"summary_large_image\" \/>\n<meta name=\"twitter:label1\" content=\"Written by\" \/>\n\t<meta name=\"twitter:data1\" content=\"admin\" \/>\n\t<meta name=\"twitter:label2\" content=\"Est. reading time\" \/>\n\t<meta name=\"twitter:data2\" content=\"2 minutes\" \/>\n<script type=\"application\/ld+json\" class=\"yoast-schema-graph\">{\"@context\":\"https:\\\/\\\/schema.org\",\"@graph\":[{\"@type\":\"Article\",\"@id\":\"https:\\\/\\\/akunq.net\\\/tr\\\/?p=63935#article\",\"isPartOf\":{\"@id\":\"https:\\\/\\\/akunq.net\\\/tr\\\/?p=63935\"},\"author\":{\"name\":\"admin\",\"@id\":\"https:\\\/\\\/akunq.net\\\/tr\\\/#\\\/schema\\\/person\\\/096f1d38a12cce57fb855b485ed24c9e\"},\"headline\":\"Katolik Lider, \u00fc\u00e7 semavi dinden vatanda\u015flar\u0131n defnedildi\u011fi mesazrl\u0131kta bayramla\u015ft\u0131\",\"datePublished\":\"2021-07-23T07:48:57+00:00\",\"dateModified\":\"2021-07-23T07:49:15+00:00\",\"mainEntityOfPage\":{\"@id\":\"https:\\\/\\\/akunq.net\\\/tr\\\/?p=63935\"},\"wordCount\":461,\"commentCount\":0,\"image\":{\"@id\":\"https:\\\/\\\/akunq.net\\\/tr\\\/?p=63935#primaryimage\"},\"thumbnailUrl\":\"https:\\\/\\\/akunq.net\\\/tr\\\/wp-content\\\/uploads\\\/sites\\\/6\\\/2021\\\/07\\\/MERS\u0130N\u2019de-1930\u2019lar\u0131n-sonunda-kurulan-\u015eehir-Mezarl\u0131\u011f\u0131.jpeg\",\"articleSection\":[\"Haberler\",\"T\u00fcrkiye\u2019de Az\u0131nl\u0131klar\"],\"inLanguage\":\"en-US\",\"potentialAction\":[{\"@type\":\"CommentAction\",\"name\":\"Comment\",\"target\":[\"https:\\\/\\\/akunq.net\\\/tr\\\/?p=63935#respond\"]}]},{\"@type\":\"WebPage\",\"@id\":\"https:\\\/\\\/akunq.net\\\/tr\\\/?p=63935\",\"url\":\"https:\\\/\\\/akunq.net\\\/tr\\\/?p=63935\",\"name\":\"Katolik Lider, \u00fc\u00e7 semavi dinden vatanda\u015flar\u0131n defnedildi\u011fi mesazrl\u0131kta bayramla\u015ft\u0131 - Bati Ermenistan Ve Bati Ermenileri Sorunlari Ara\u015ftirmalar Merkezi\",\"isPartOf\":{\"@id\":\"https:\\\/\\\/akunq.net\\\/tr\\\/#website\"},\"primaryImageOfPage\":{\"@id\":\"https:\\\/\\\/akunq.net\\\/tr\\\/?p=63935#primaryimage\"},\"image\":{\"@id\":\"https:\\\/\\\/akunq.net\\\/tr\\\/?p=63935#primaryimage\"},\"thumbnailUrl\":\"https:\\\/\\\/akunq.net\\\/tr\\\/wp-content\\\/uploads\\\/sites\\\/6\\\/2021\\\/07\\\/MERS\u0130N\u2019de-1930\u2019lar\u0131n-sonunda-kurulan-\u015eehir-Mezarl\u0131\u011f\u0131.jpeg\",\"datePublished\":\"2021-07-23T07:48:57+00:00\",\"dateModified\":\"2021-07-23T07:49:15+00:00\",\"author\":{\"@id\":\"https:\\\/\\\/akunq.net\\\/tr\\\/#\\\/schema\\\/person\\\/096f1d38a12cce57fb855b485ed24c9e\"},\"breadcrumb\":{\"@id\":\"https:\\\/\\\/akunq.net\\\/tr\\\/?p=63935#breadcrumb\"},\"inLanguage\":\"en-US\",\"potentialAction\":[{\"@type\":\"ReadAction\",\"target\":[\"https:\\\/\\\/akunq.net\\\/tr\\\/?p=63935\"]}]},{\"@type\":\"ImageObject\",\"inLanguage\":\"en-US\",\"@id\":\"https:\\\/\\\/akunq.net\\\/tr\\\/?p=63935#primaryimage\",\"url\":\"https:\\\/\\\/akunq.net\\\/tr\\\/wp-content\\\/uploads\\\/sites\\\/6\\\/2021\\\/07\\\/MERS\u0130N\u2019de-1930\u2019lar\u0131n-sonunda-kurulan-\u015eehir-Mezarl\u0131\u011f\u0131.jpeg\",\"contentUrl\":\"https:\\\/\\\/akunq.net\\\/tr\\\/wp-content\\\/uploads\\\/sites\\\/6\\\/2021\\\/07\\\/MERS\u0130N\u2019de-1930\u2019lar\u0131n-sonunda-kurulan-\u015eehir-Mezarl\u0131\u011f\u0131.jpeg\",\"width\":1200,\"height\":800},{\"@type\":\"BreadcrumbList\",\"@id\":\"https:\\\/\\\/akunq.net\\\/tr\\\/?p=63935#breadcrumb\",\"itemListElement\":[{\"@type\":\"ListItem\",\"position\":1,\"name\":\"Home\",\"item\":\"https:\\\/\\\/akunq.net\\\/tr\"},{\"@type\":\"ListItem\",\"position\":2,\"name\":\"Katolik Lider, \u00fc\u00e7 semavi dinden vatanda\u015flar\u0131n defnedildi\u011fi mesazrl\u0131kta bayramla\u015ft\u0131\"}]},{\"@type\":\"WebSite\",\"@id\":\"https:\\\/\\\/akunq.net\\\/tr\\\/#website\",\"url\":\"https:\\\/\\\/akunq.net\\\/tr\\\/\",\"name\":\"Bati Ermenistan Ve Bati Ermenileri Sorunlari Ara\u015ftirmalar Merkezi\",\"description\":\"\",\"potentialAction\":[{\"@type\":\"SearchAction\",\"target\":{\"@type\":\"EntryPoint\",\"urlTemplate\":\"https:\\\/\\\/akunq.net\\\/tr\\\/?s={search_term_string}\"},\"query-input\":{\"@type\":\"PropertyValueSpecification\",\"valueRequired\":true,\"valueName\":\"search_term_string\"}}],\"inLanguage\":\"en-US\"},{\"@type\":\"Person\",\"@id\":\"https:\\\/\\\/akunq.net\\\/tr\\\/#\\\/schema\\\/person\\\/096f1d38a12cce57fb855b485ed24c9e\",\"name\":\"admin\",\"url\":\"https:\\\/\\\/akunq.net\\\/tr\\\/?author=7\"}]}<\/script>\n<!-- \/ Yoast SEO plugin. -->","yoast_head_json":{"title":"Katolik Lider, \u00fc\u00e7 semavi dinden vatanda\u015flar\u0131n defnedildi\u011fi mesazrl\u0131kta bayramla\u015ft\u0131 - Bati Ermenistan Ve Bati Ermenileri Sorunlari Ara\u015ftirmalar Merkezi","robots":{"index":"index","follow":"follow","max-snippet":"max-snippet:-1","max-image-preview":"max-image-preview:large","max-video-preview":"max-video-preview:-1"},"canonical":"https:\/\/akunq.net\/tr\/?p=63935","og_locale":"en_US","og_type":"article","og_title":"Katolik Lider, \u00fc\u00e7 semavi dinden vatanda\u015flar\u0131n defnedildi\u011fi mesazrl\u0131kta bayramla\u015ft\u0131 - Bati Ermenistan Ve Bati Ermenileri Sorunlari Ara\u015ftirmalar Merkezi","og_description":"MERS\u0130N\u2019de 1930\u2019lar\u0131n sonunda kurulan \u015eehir Mezarl\u0131\u011f\u0131, M\u00fcsl\u00fcman, Hristiyan ve Yahudi inanc\u0131na mensup vatanda\u015flar\u0131n yan yana defnedilmesi nedeniyle birliktelik k\u00fclt\u00fcr\u00fcn\u00fcn \u00f6nemli sembol\u00fc haline geldi. MERS\u0130N\u2019de 1930\u2019lar\u0131n sonunda kurulan \u015eehir Mezarl\u0131\u011f\u0131,\u00a0M\u00fcsl\u00fcman,\u00a0Hristiyan\u00a0ve\u00a0Yahudi\u00a0inanc\u0131na mensup vatanda\u015flar\u0131n yan yana defnedilmesi nedeniyle birliktelik k\u00fclt\u00fcr\u00fcn\u00fcn \u00f6nemli sembol\u00fc haline geldi.\u00a0Mersin\u00a0\u0130talyan Katolik Kilisesi Ruhani Lideri Roshan Cordeiro, Kurban Bayram\u0131\u2019nda kabir ziyareti i\u00e7in mezarl\u0131\u011fa gelen M\u00fcsl\u00fcmanlarla [&hellip;]","og_url":"https:\/\/akunq.net\/tr\/?p=63935","og_site_name":"Bati Ermenistan Ve Bati Ermenileri Sorunlari Ara\u015ftirmalar Merkezi","article_published_time":"2021-07-23T07:48:57+00:00","article_modified_time":"2021-07-23T07:49:15+00:00","og_image":[{"width":1200,"height":800,"url":"https:\/\/akunq.net\/tr\/wp-content\/uploads\/sites\/6\/2021\/07\/MERS\u0130N\u2019de-1930\u2019lar\u0131n-sonunda-kurulan-\u015eehir-Mezarl\u0131\u011f\u0131.jpeg","type":"image\/jpeg"}],"author":"admin","twitter_card":"summary_large_image","twitter_misc":{"Written by":"admin","Est. reading time":"2 minutes"},"schema":{"@context":"https:\/\/schema.org","@graph":[{"@type":"Article","@id":"https:\/\/akunq.net\/tr\/?p=63935#article","isPartOf":{"@id":"https:\/\/akunq.net\/tr\/?p=63935"},"author":{"name":"admin","@id":"https:\/\/akunq.net\/tr\/#\/schema\/person\/096f1d38a12cce57fb855b485ed24c9e"},"headline":"Katolik Lider, \u00fc\u00e7 semavi dinden vatanda\u015flar\u0131n defnedildi\u011fi mesazrl\u0131kta bayramla\u015ft\u0131","datePublished":"2021-07-23T07:48:57+00:00","dateModified":"2021-07-23T07:49:15+00:00","mainEntityOfPage":{"@id":"https:\/\/akunq.net\/tr\/?p=63935"},"wordCount":461,"commentCount":0,"image":{"@id":"https:\/\/akunq.net\/tr\/?p=63935#primaryimage"},"thumbnailUrl":"https:\/\/akunq.net\/tr\/wp-content\/uploads\/sites\/6\/2021\/07\/MERS\u0130N\u2019de-1930\u2019lar\u0131n-sonunda-kurulan-\u015eehir-Mezarl\u0131\u011f\u0131.jpeg","articleSection":["Haberler","T\u00fcrkiye\u2019de Az\u0131nl\u0131klar"],"inLanguage":"en-US","potentialAction":[{"@type":"CommentAction","name":"Comment","target":["https:\/\/akunq.net\/tr\/?p=63935#respond"]}]},{"@type":"WebPage","@id":"https:\/\/akunq.net\/tr\/?p=63935","url":"https:\/\/akunq.net\/tr\/?p=63935","name":"Katolik Lider, \u00fc\u00e7 semavi dinden vatanda\u015flar\u0131n defnedildi\u011fi mesazrl\u0131kta bayramla\u015ft\u0131 - Bati Ermenistan Ve Bati Ermenileri Sorunlari Ara\u015ftirmalar Merkezi","isPartOf":{"@id":"https:\/\/akunq.net\/tr\/#website"},"primaryImageOfPage":{"@id":"https:\/\/akunq.net\/tr\/?p=63935#primaryimage"},"image":{"@id":"https:\/\/akunq.net\/tr\/?p=63935#primaryimage"},"thumbnailUrl":"https:\/\/akunq.net\/tr\/wp-content\/uploads\/sites\/6\/2021\/07\/MERS\u0130N\u2019de-1930\u2019lar\u0131n-sonunda-kurulan-\u015eehir-Mezarl\u0131\u011f\u0131.jpeg","datePublished":"2021-07-23T07:48:57+00:00","dateModified":"2021-07-23T07:49:15+00:00","author":{"@id":"https:\/\/akunq.net\/tr\/#\/schema\/person\/096f1d38a12cce57fb855b485ed24c9e"},"breadcrumb":{"@id":"https:\/\/akunq.net\/tr\/?p=63935#breadcrumb"},"inLanguage":"en-US","potentialAction":[{"@type":"ReadAction","target":["https:\/\/akunq.net\/tr\/?p=63935"]}]},{"@type":"ImageObject","inLanguage":"en-US","@id":"https:\/\/akunq.net\/tr\/?p=63935#primaryimage","url":"https:\/\/akunq.net\/tr\/wp-content\/uploads\/sites\/6\/2021\/07\/MERS\u0130N\u2019de-1930\u2019lar\u0131n-sonunda-kurulan-\u015eehir-Mezarl\u0131\u011f\u0131.jpeg","contentUrl":"https:\/\/akunq.net\/tr\/wp-content\/uploads\/sites\/6\/2021\/07\/MERS\u0130N\u2019de-1930\u2019lar\u0131n-sonunda-kurulan-\u015eehir-Mezarl\u0131\u011f\u0131.jpeg","width":1200,"height":800},{"@type":"BreadcrumbList","@id":"https:\/\/akunq.net\/tr\/?p=63935#breadcrumb","itemListElement":[{"@type":"ListItem","position":1,"name":"Home","item":"https:\/\/akunq.net\/tr"},{"@type":"ListItem","position":2,"name":"Katolik Lider, \u00fc\u00e7 semavi dinden vatanda\u015flar\u0131n defnedildi\u011fi mesazrl\u0131kta bayramla\u015ft\u0131"}]},{"@type":"WebSite","@id":"https:\/\/akunq.net\/tr\/#website","url":"https:\/\/akunq.net\/tr\/","name":"Bati Ermenistan Ve Bati Ermenileri Sorunlari Ara\u015ftirmalar Merkezi","description":"","potentialAction":[{"@type":"SearchAction","target":{"@type":"EntryPoint","urlTemplate":"https:\/\/akunq.net\/tr\/?s={search_term_string}"},"query-input":{"@type":"PropertyValueSpecification","valueRequired":true,"valueName":"search_term_string"}}],"inLanguage":"en-US"},{"@type":"Person","@id":"https:\/\/akunq.net\/tr\/#\/schema\/person\/096f1d38a12cce57fb855b485ed24c9e","name":"admin","url":"https:\/\/akunq.net\/tr\/?author=7"}]}},"_links":{"self":[{"href":"https:\/\/akunq.net\/tr\/index.php?rest_route=\/wp\/v2\/posts\/63935","targetHints":{"allow":["GET"]}}],"collection":[{"href":"https:\/\/akunq.net\/tr\/index.php?rest_route=\/wp\/v2\/posts"}],"about":[{"href":"https:\/\/akunq.net\/tr\/index.php?rest_route=\/wp\/v2\/types\/post"}],"author":[{"embeddable":true,"href":"https:\/\/akunq.net\/tr\/index.php?rest_route=\/wp\/v2\/users\/7"}],"replies":[{"embeddable":true,"href":"https:\/\/akunq.net\/tr\/index.php?rest_route=%2Fwp%2Fv2%2Fcomments&post=63935"}],"version-history":[{"count":1,"href":"https:\/\/akunq.net\/tr\/index.php?rest_route=\/wp\/v2\/posts\/63935\/revisions"}],"predecessor-version":[{"id":63937,"href":"https:\/\/akunq.net\/tr\/index.php?rest_route=\/wp\/v2\/posts\/63935\/revisions\/63937"}],"wp:featuredmedia":[{"embeddable":true,"href":"https:\/\/akunq.net\/tr\/index.php?rest_route=\/wp\/v2\/media\/63936"}],"wp:attachment":[{"href":"https:\/\/akunq.net\/tr\/index.php?rest_route=%2Fwp%2Fv2%2Fmedia&parent=63935"}],"wp:term":[{"taxonomy":"category","embeddable":true,"href":"https:\/\/akunq.net\/tr\/index.php?rest_route=%2Fwp%2Fv2%2Fcategories&post=63935"},{"taxonomy":"post_tag","embeddable":true,"href":"https:\/\/akunq.net\/tr\/index.php?rest_route=%2Fwp%2Fv2%2Ftags&post=63935"}],"curies":[{"name":"wp","href":"https:\/\/api.w.org\/{rel}","templated":true}]}}