{"id":63932,"date":"2021-07-23T02:40:34","date_gmt":"2021-07-23T07:40:34","guid":{"rendered":"https:\/\/akunq.net\/tr\/?p=63932"},"modified":"2021-07-23T02:40:34","modified_gmt":"2021-07-23T07:40:34","slug":"fransanin-ermenistan-buyukelcisi-yeraskh-uyuyamadikca-yerevanin-gozlerine-de-uyku-girmez","status":"publish","type":"post","link":"https:\/\/akunq.net\/tr\/?p=63932","title":{"rendered":"Fransa\u2019n\u0131n Ermenistan B\u00fcy\u00fckel\u00e7isi: &#8221;Yeraskh uyuyamad\u0131k\u00e7a, Yerevan&#8217;\u0131n g\u00f6zlerine de uyku girmez&#8221;"},"content":{"rendered":"<div><img loading=\"lazy\" decoding=\"async\" class=\"aligncenter size-medium wp-image-63933\" src=\"https:\/\/akunq.net\/tr\/wp-content\/uploads\/2021\/07\/Jonathan-Lac\u00f4te-360x242.jpg\" alt=\"\" width=\"360\" height=\"242\" srcset=\"https:\/\/akunq.net\/tr\/wp-content\/uploads\/sites\/6\/2021\/07\/Jonathan-Lac\u00f4te-360x242.jpg 360w, https:\/\/akunq.net\/tr\/wp-content\/uploads\/sites\/6\/2021\/07\/Jonathan-Lac\u00f4te-560x376.jpg 560w, https:\/\/akunq.net\/tr\/wp-content\/uploads\/sites\/6\/2021\/07\/Jonathan-Lac\u00f4te-260x175.jpg 260w, https:\/\/akunq.net\/tr\/wp-content\/uploads\/sites\/6\/2021\/07\/Jonathan-Lac\u00f4te-160x107.jpg 160w, https:\/\/akunq.net\/tr\/wp-content\/uploads\/sites\/6\/2021\/07\/Jonathan-Lac\u00f4te.jpg 670w\" sizes=\"auto, (max-width: 360px) 100vw, 360px\" \/><\/div>\n<div><em><strong>Fransa\u2019n\u0131n Ermenistan B\u00fcy\u00fckel\u00e7isi Jonathan Lac\u00f4te Facebook sayfas\u0131 \u00fczerinden Ermenistan-Azerbaycan s\u0131n\u0131r\u0131n\u0131n Yeraskh b\u00f6lgesindeki gerginli\u011fi ile ilgili payla\u015f\u0131mda bulundu. Fransa B\u00fcy\u00fckel\u00e7isi, yapt\u0131\u011f\u0131 payla\u015f\u0131mda \u015fu ifadelere yer verdi:<\/strong><\/em><\/div>\n<div><\/div>\n<div>&#8221;Yeraskh uyuyamad\u0131k\u00e7a, Yerevan&#8217;\u0131n g\u00f6zlerine de uyku girmez.&#8221;<\/div>\n<div><\/div>\n<div>Ermenistan Savunma Bakanl\u0131\u011f\u0131&#8217;ndan edinilen bilgiye g\u00f6re 19 Temmuz ak\u015fam\u0131nda Azerbaycan Silahl\u0131 Kuvvetleri, saat 18:40 itibaren bir ka\u00e7 saat boyunca farkl\u0131 kalibreli ate\u015fli silahlardan Yerash k\u00f6y\u00fc yak\u0131nlar\u0131ndaki Ermeni mevzilerini ate\u015fe tuttu. rada havan toplar\u0131 da kullan\u0131ld\u0131.<\/div>\n<div><\/div>\n<div><em><strong>https:\/\/armenpress.am\/tur\/news\/1058559.html\u00a0<\/strong><\/em><\/div>\n<div><\/div>\n<div><\/div>\n","protected":false},"excerpt":{"rendered":"<p>Fransa\u2019n\u0131n Ermenistan B\u00fcy\u00fckel\u00e7isi Jonathan Lac\u00f4te Facebook sayfas\u0131 \u00fczerinden Ermenistan-Azerbaycan s\u0131n\u0131r\u0131n\u0131n Yeraskh b\u00f6lgesindeki gerginli\u011fi ile ilgili payla\u015f\u0131mda bulundu. Fransa B\u00fcy\u00fckel\u00e7isi, yapt\u0131\u011f\u0131 payla\u015f\u0131mda \u015fu ifadelere yer verdi: &#8221;Yeraskh uyuyamad\u0131k\u00e7a, Yerevan&#8217;\u0131n g\u00f6zlerine de uyku girmez.&#8221; Ermenistan Savunma Bakanl\u0131\u011f\u0131&#8217;ndan edinilen bilgiye g\u00f6re 19 Temmuz ak\u015fam\u0131nda Azerbaycan Silahl\u0131 Kuvvetleri, saat 18:40 itibaren bir ka\u00e7 saat boyunca farkl\u0131 kalibreli ate\u015fli silahlardan [&hellip;]<\/p>\n","protected":false},"author":7,"featured_media":63933,"comment_status":"open","ping_status":"open","sticky":false,"template":"","format":"standard","meta":{"footnotes":""},"categories":[1],"tags":[],"class_list":["post-63932","post","type-post","status-publish","format-standard","has-post-thumbnail","hentry","category-haberler"],"yoast_head":"<!-- This site is optimized with the Yoast SEO plugin v27.4 - https:\/\/yoast.com\/product\/yoast-seo-wordpress\/ -->\n<title>Fransa\u2019n\u0131n Ermenistan B\u00fcy\u00fckel\u00e7isi: &#039;&#039;Yeraskh uyuyamad\u0131k\u00e7a, Yerevan&#039;\u0131n g\u00f6zlerine de uyku girmez&#039;&#039; - Bati Ermenistan Ve Bati Ermenileri Sorunlari Ara\u015ftirmalar Merkezi<\/title>\n<meta name=\"robots\" content=\"index, follow, max-snippet:-1, max-image-preview:large, max-video-preview:-1\" \/>\n<link rel=\"canonical\" href=\"https:\/\/akunq.net\/tr\/?p=63932\" \/>\n<meta property=\"og:locale\" content=\"en_US\" \/>\n<meta property=\"og:type\" content=\"article\" \/>\n<meta property=\"og:title\" content=\"Fransa\u2019n\u0131n Ermenistan B\u00fcy\u00fckel\u00e7isi: &#039;&#039;Yeraskh uyuyamad\u0131k\u00e7a, Yerevan&#039;\u0131n g\u00f6zlerine de uyku girmez&#039;&#039; - Bati Ermenistan Ve Bati Ermenileri Sorunlari Ara\u015ftirmalar Merkezi\" \/>\n<meta property=\"og:description\" content=\"Fransa\u2019n\u0131n Ermenistan B\u00fcy\u00fckel\u00e7isi Jonathan Lac\u00f4te Facebook sayfas\u0131 \u00fczerinden Ermenistan-Azerbaycan s\u0131n\u0131r\u0131n\u0131n Yeraskh b\u00f6lgesindeki gerginli\u011fi ile ilgili payla\u015f\u0131mda bulundu. Fransa B\u00fcy\u00fckel\u00e7isi, yapt\u0131\u011f\u0131 payla\u015f\u0131mda \u015fu ifadelere yer verdi: &#8221;Yeraskh uyuyamad\u0131k\u00e7a, Yerevan&#8217;\u0131n g\u00f6zlerine de uyku girmez.&#8221; Ermenistan Savunma Bakanl\u0131\u011f\u0131&#8217;ndan edinilen bilgiye g\u00f6re 19 Temmuz ak\u015fam\u0131nda Azerbaycan Silahl\u0131 Kuvvetleri, saat 18:40 itibaren bir ka\u00e7 saat boyunca farkl\u0131 kalibreli ate\u015fli silahlardan [&hellip;]\" \/>\n<meta property=\"og:url\" content=\"https:\/\/akunq.net\/tr\/?p=63932\" \/>\n<meta property=\"og:site_name\" content=\"Bati Ermenistan Ve Bati Ermenileri Sorunlari Ara\u015ftirmalar Merkezi\" \/>\n<meta property=\"article:published_time\" content=\"2021-07-23T07:40:34+00:00\" \/>\n<meta property=\"og:image\" content=\"https:\/\/akunq.net\/tr\/wp-content\/uploads\/sites\/6\/2021\/07\/Jonathan-Lac\u00f4te.jpg\" \/>\n\t<meta property=\"og:image:width\" content=\"670\" \/>\n\t<meta property=\"og:image:height\" content=\"450\" \/>\n\t<meta property=\"og:image:type\" content=\"image\/jpeg\" \/>\n<meta name=\"author\" content=\"admin\" \/>\n<meta name=\"twitter:card\" content=\"summary_large_image\" \/>\n<meta name=\"twitter:label1\" content=\"Written by\" \/>\n\t<meta name=\"twitter:data1\" content=\"admin\" \/>\n\t<meta name=\"twitter:label2\" content=\"Est. reading time\" \/>\n\t<meta name=\"twitter:data2\" content=\"1 minute\" \/>\n<script type=\"application\/ld+json\" class=\"yoast-schema-graph\">{\"@context\":\"https:\\\/\\\/schema.org\",\"@graph\":[{\"@type\":\"Article\",\"@id\":\"https:\\\/\\\/akunq.net\\\/tr\\\/?p=63932#article\",\"isPartOf\":{\"@id\":\"https:\\\/\\\/akunq.net\\\/tr\\\/?p=63932\"},\"author\":{\"name\":\"admin\",\"@id\":\"https:\\\/\\\/akunq.net\\\/tr\\\/#\\\/schema\\\/person\\\/096f1d38a12cce57fb855b485ed24c9e\"},\"headline\":\"Fransa\u2019n\u0131n Ermenistan B\u00fcy\u00fckel\u00e7isi: &#8221;Yeraskh uyuyamad\u0131k\u00e7a, Yerevan&#8217;\u0131n g\u00f6zlerine de uyku girmez&#8221;\",\"datePublished\":\"2021-07-23T07:40:34+00:00\",\"mainEntityOfPage\":{\"@id\":\"https:\\\/\\\/akunq.net\\\/tr\\\/?p=63932\"},\"wordCount\":122,\"commentCount\":0,\"image\":{\"@id\":\"https:\\\/\\\/akunq.net\\\/tr\\\/?p=63932#primaryimage\"},\"thumbnailUrl\":\"https:\\\/\\\/akunq.net\\\/tr\\\/wp-content\\\/uploads\\\/sites\\\/6\\\/2021\\\/07\\\/Jonathan-Lac\u00f4te.jpg\",\"articleSection\":[\"Haberler\"],\"inLanguage\":\"en-US\",\"potentialAction\":[{\"@type\":\"CommentAction\",\"name\":\"Comment\",\"target\":[\"https:\\\/\\\/akunq.net\\\/tr\\\/?p=63932#respond\"]}]},{\"@type\":\"WebPage\",\"@id\":\"https:\\\/\\\/akunq.net\\\/tr\\\/?p=63932\",\"url\":\"https:\\\/\\\/akunq.net\\\/tr\\\/?p=63932\",\"name\":\"Fransa\u2019n\u0131n Ermenistan B\u00fcy\u00fckel\u00e7isi: ''Yeraskh uyuyamad\u0131k\u00e7a, Yerevan'\u0131n g\u00f6zlerine de uyku girmez'' - Bati Ermenistan Ve Bati Ermenileri Sorunlari Ara\u015ftirmalar Merkezi\",\"isPartOf\":{\"@id\":\"https:\\\/\\\/akunq.net\\\/tr\\\/#website\"},\"primaryImageOfPage\":{\"@id\":\"https:\\\/\\\/akunq.net\\\/tr\\\/?p=63932#primaryimage\"},\"image\":{\"@id\":\"https:\\\/\\\/akunq.net\\\/tr\\\/?p=63932#primaryimage\"},\"thumbnailUrl\":\"https:\\\/\\\/akunq.net\\\/tr\\\/wp-content\\\/uploads\\\/sites\\\/6\\\/2021\\\/07\\\/Jonathan-Lac\u00f4te.jpg\",\"datePublished\":\"2021-07-23T07:40:34+00:00\",\"author\":{\"@id\":\"https:\\\/\\\/akunq.net\\\/tr\\\/#\\\/schema\\\/person\\\/096f1d38a12cce57fb855b485ed24c9e\"},\"breadcrumb\":{\"@id\":\"https:\\\/\\\/akunq.net\\\/tr\\\/?p=63932#breadcrumb\"},\"inLanguage\":\"en-US\",\"potentialAction\":[{\"@type\":\"ReadAction\",\"target\":[\"https:\\\/\\\/akunq.net\\\/tr\\\/?p=63932\"]}]},{\"@type\":\"ImageObject\",\"inLanguage\":\"en-US\",\"@id\":\"https:\\\/\\\/akunq.net\\\/tr\\\/?p=63932#primaryimage\",\"url\":\"https:\\\/\\\/akunq.net\\\/tr\\\/wp-content\\\/uploads\\\/sites\\\/6\\\/2021\\\/07\\\/Jonathan-Lac\u00f4te.jpg\",\"contentUrl\":\"https:\\\/\\\/akunq.net\\\/tr\\\/wp-content\\\/uploads\\\/sites\\\/6\\\/2021\\\/07\\\/Jonathan-Lac\u00f4te.jpg\",\"width\":670,\"height\":450},{\"@type\":\"BreadcrumbList\",\"@id\":\"https:\\\/\\\/akunq.net\\\/tr\\\/?p=63932#breadcrumb\",\"itemListElement\":[{\"@type\":\"ListItem\",\"position\":1,\"name\":\"Home\",\"item\":\"https:\\\/\\\/akunq.net\\\/tr\"},{\"@type\":\"ListItem\",\"position\":2,\"name\":\"Fransa\u2019n\u0131n Ermenistan B\u00fcy\u00fckel\u00e7isi: &#8221;Yeraskh uyuyamad\u0131k\u00e7a, Yerevan&#8217;\u0131n g\u00f6zlerine de uyku girmez&#8221;\"}]},{\"@type\":\"WebSite\",\"@id\":\"https:\\\/\\\/akunq.net\\\/tr\\\/#website\",\"url\":\"https:\\\/\\\/akunq.net\\\/tr\\\/\",\"name\":\"Bati Ermenistan Ve Bati Ermenileri Sorunlari Ara\u015ftirmalar Merkezi\",\"description\":\"\",\"potentialAction\":[{\"@type\":\"SearchAction\",\"target\":{\"@type\":\"EntryPoint\",\"urlTemplate\":\"https:\\\/\\\/akunq.net\\\/tr\\\/?s={search_term_string}\"},\"query-input\":{\"@type\":\"PropertyValueSpecification\",\"valueRequired\":true,\"valueName\":\"search_term_string\"}}],\"inLanguage\":\"en-US\"},{\"@type\":\"Person\",\"@id\":\"https:\\\/\\\/akunq.net\\\/tr\\\/#\\\/schema\\\/person\\\/096f1d38a12cce57fb855b485ed24c9e\",\"name\":\"admin\",\"url\":\"https:\\\/\\\/akunq.net\\\/tr\\\/?author=7\"}]}<\/script>\n<!-- \/ Yoast SEO plugin. -->","yoast_head_json":{"title":"Fransa\u2019n\u0131n Ermenistan B\u00fcy\u00fckel\u00e7isi: ''Yeraskh uyuyamad\u0131k\u00e7a, Yerevan'\u0131n g\u00f6zlerine de uyku girmez'' - Bati Ermenistan Ve Bati Ermenileri Sorunlari Ara\u015ftirmalar Merkezi","robots":{"index":"index","follow":"follow","max-snippet":"max-snippet:-1","max-image-preview":"max-image-preview:large","max-video-preview":"max-video-preview:-1"},"canonical":"https:\/\/akunq.net\/tr\/?p=63932","og_locale":"en_US","og_type":"article","og_title":"Fransa\u2019n\u0131n Ermenistan B\u00fcy\u00fckel\u00e7isi: ''Yeraskh uyuyamad\u0131k\u00e7a, Yerevan'\u0131n g\u00f6zlerine de uyku girmez'' - Bati Ermenistan Ve Bati Ermenileri Sorunlari Ara\u015ftirmalar Merkezi","og_description":"Fransa\u2019n\u0131n Ermenistan B\u00fcy\u00fckel\u00e7isi Jonathan Lac\u00f4te Facebook sayfas\u0131 \u00fczerinden Ermenistan-Azerbaycan s\u0131n\u0131r\u0131n\u0131n Yeraskh b\u00f6lgesindeki gerginli\u011fi ile ilgili payla\u015f\u0131mda bulundu. Fransa B\u00fcy\u00fckel\u00e7isi, yapt\u0131\u011f\u0131 payla\u015f\u0131mda \u015fu ifadelere yer verdi: &#8221;Yeraskh uyuyamad\u0131k\u00e7a, Yerevan&#8217;\u0131n g\u00f6zlerine de uyku girmez.&#8221; Ermenistan Savunma Bakanl\u0131\u011f\u0131&#8217;ndan edinilen bilgiye g\u00f6re 19 Temmuz ak\u015fam\u0131nda Azerbaycan Silahl\u0131 Kuvvetleri, saat 18:40 itibaren bir ka\u00e7 saat boyunca farkl\u0131 kalibreli ate\u015fli silahlardan [&hellip;]","og_url":"https:\/\/akunq.net\/tr\/?p=63932","og_site_name":"Bati Ermenistan Ve Bati Ermenileri Sorunlari Ara\u015ftirmalar Merkezi","article_published_time":"2021-07-23T07:40:34+00:00","og_image":[{"width":670,"height":450,"url":"https:\/\/akunq.net\/tr\/wp-content\/uploads\/sites\/6\/2021\/07\/Jonathan-Lac\u00f4te.jpg","type":"image\/jpeg"}],"author":"admin","twitter_card":"summary_large_image","twitter_misc":{"Written by":"admin","Est. reading time":"1 minute"},"schema":{"@context":"https:\/\/schema.org","@graph":[{"@type":"Article","@id":"https:\/\/akunq.net\/tr\/?p=63932#article","isPartOf":{"@id":"https:\/\/akunq.net\/tr\/?p=63932"},"author":{"name":"admin","@id":"https:\/\/akunq.net\/tr\/#\/schema\/person\/096f1d38a12cce57fb855b485ed24c9e"},"headline":"Fransa\u2019n\u0131n Ermenistan B\u00fcy\u00fckel\u00e7isi: &#8221;Yeraskh uyuyamad\u0131k\u00e7a, Yerevan&#8217;\u0131n g\u00f6zlerine de uyku girmez&#8221;","datePublished":"2021-07-23T07:40:34+00:00","mainEntityOfPage":{"@id":"https:\/\/akunq.net\/tr\/?p=63932"},"wordCount":122,"commentCount":0,"image":{"@id":"https:\/\/akunq.net\/tr\/?p=63932#primaryimage"},"thumbnailUrl":"https:\/\/akunq.net\/tr\/wp-content\/uploads\/sites\/6\/2021\/07\/Jonathan-Lac\u00f4te.jpg","articleSection":["Haberler"],"inLanguage":"en-US","potentialAction":[{"@type":"CommentAction","name":"Comment","target":["https:\/\/akunq.net\/tr\/?p=63932#respond"]}]},{"@type":"WebPage","@id":"https:\/\/akunq.net\/tr\/?p=63932","url":"https:\/\/akunq.net\/tr\/?p=63932","name":"Fransa\u2019n\u0131n Ermenistan B\u00fcy\u00fckel\u00e7isi: ''Yeraskh uyuyamad\u0131k\u00e7a, Yerevan'\u0131n g\u00f6zlerine de uyku girmez'' - Bati Ermenistan Ve Bati Ermenileri Sorunlari Ara\u015ftirmalar Merkezi","isPartOf":{"@id":"https:\/\/akunq.net\/tr\/#website"},"primaryImageOfPage":{"@id":"https:\/\/akunq.net\/tr\/?p=63932#primaryimage"},"image":{"@id":"https:\/\/akunq.net\/tr\/?p=63932#primaryimage"},"thumbnailUrl":"https:\/\/akunq.net\/tr\/wp-content\/uploads\/sites\/6\/2021\/07\/Jonathan-Lac\u00f4te.jpg","datePublished":"2021-07-23T07:40:34+00:00","author":{"@id":"https:\/\/akunq.net\/tr\/#\/schema\/person\/096f1d38a12cce57fb855b485ed24c9e"},"breadcrumb":{"@id":"https:\/\/akunq.net\/tr\/?p=63932#breadcrumb"},"inLanguage":"en-US","potentialAction":[{"@type":"ReadAction","target":["https:\/\/akunq.net\/tr\/?p=63932"]}]},{"@type":"ImageObject","inLanguage":"en-US","@id":"https:\/\/akunq.net\/tr\/?p=63932#primaryimage","url":"https:\/\/akunq.net\/tr\/wp-content\/uploads\/sites\/6\/2021\/07\/Jonathan-Lac\u00f4te.jpg","contentUrl":"https:\/\/akunq.net\/tr\/wp-content\/uploads\/sites\/6\/2021\/07\/Jonathan-Lac\u00f4te.jpg","width":670,"height":450},{"@type":"BreadcrumbList","@id":"https:\/\/akunq.net\/tr\/?p=63932#breadcrumb","itemListElement":[{"@type":"ListItem","position":1,"name":"Home","item":"https:\/\/akunq.net\/tr"},{"@type":"ListItem","position":2,"name":"Fransa\u2019n\u0131n Ermenistan B\u00fcy\u00fckel\u00e7isi: &#8221;Yeraskh uyuyamad\u0131k\u00e7a, Yerevan&#8217;\u0131n g\u00f6zlerine de uyku girmez&#8221;"}]},{"@type":"WebSite","@id":"https:\/\/akunq.net\/tr\/#website","url":"https:\/\/akunq.net\/tr\/","name":"Bati Ermenistan Ve Bati Ermenileri Sorunlari Ara\u015ftirmalar Merkezi","description":"","potentialAction":[{"@type":"SearchAction","target":{"@type":"EntryPoint","urlTemplate":"https:\/\/akunq.net\/tr\/?s={search_term_string}"},"query-input":{"@type":"PropertyValueSpecification","valueRequired":true,"valueName":"search_term_string"}}],"inLanguage":"en-US"},{"@type":"Person","@id":"https:\/\/akunq.net\/tr\/#\/schema\/person\/096f1d38a12cce57fb855b485ed24c9e","name":"admin","url":"https:\/\/akunq.net\/tr\/?author=7"}]}},"_links":{"self":[{"href":"https:\/\/akunq.net\/tr\/index.php?rest_route=\/wp\/v2\/posts\/63932","targetHints":{"allow":["GET"]}}],"collection":[{"href":"https:\/\/akunq.net\/tr\/index.php?rest_route=\/wp\/v2\/posts"}],"about":[{"href":"https:\/\/akunq.net\/tr\/index.php?rest_route=\/wp\/v2\/types\/post"}],"author":[{"embeddable":true,"href":"https:\/\/akunq.net\/tr\/index.php?rest_route=\/wp\/v2\/users\/7"}],"replies":[{"embeddable":true,"href":"https:\/\/akunq.net\/tr\/index.php?rest_route=%2Fwp%2Fv2%2Fcomments&post=63932"}],"version-history":[{"count":1,"href":"https:\/\/akunq.net\/tr\/index.php?rest_route=\/wp\/v2\/posts\/63932\/revisions"}],"predecessor-version":[{"id":63934,"href":"https:\/\/akunq.net\/tr\/index.php?rest_route=\/wp\/v2\/posts\/63932\/revisions\/63934"}],"wp:featuredmedia":[{"embeddable":true,"href":"https:\/\/akunq.net\/tr\/index.php?rest_route=\/wp\/v2\/media\/63933"}],"wp:attachment":[{"href":"https:\/\/akunq.net\/tr\/index.php?rest_route=%2Fwp%2Fv2%2Fmedia&parent=63932"}],"wp:term":[{"taxonomy":"category","embeddable":true,"href":"https:\/\/akunq.net\/tr\/index.php?rest_route=%2Fwp%2Fv2%2Fcategories&post=63932"},{"taxonomy":"post_tag","embeddable":true,"href":"https:\/\/akunq.net\/tr\/index.php?rest_route=%2Fwp%2Fv2%2Ftags&post=63932"}],"curies":[{"name":"wp","href":"https:\/\/api.w.org\/{rel}","templated":true}]}}