{"id":63929,"date":"2021-07-23T02:29:20","date_gmt":"2021-07-23T07:29:20","guid":{"rendered":"https:\/\/akunq.net\/tr\/?p=63929"},"modified":"2021-07-23T02:29:20","modified_gmt":"2021-07-23T07:29:20","slug":"tarihi-camideki-bizans-sutunlarinin-sivandigi-ortaya-cikti","status":"publish","type":"post","link":"https:\/\/akunq.net\/tr\/?p=63929","title":{"rendered":"Tarihi camideki Bizans s\u00fctunlar\u0131n\u0131n s\u0131vand\u0131\u011f\u0131 ortaya \u00e7\u0131kt\u0131"},"content":{"rendered":"<p><img loading=\"lazy\" decoding=\"async\" class=\"aligncenter size-medium wp-image-63930\" src=\"https:\/\/akunq.net\/tr\/wp-content\/uploads\/2021\/07\/Ulu-Cami-360x213.jpg\" alt=\"\" width=\"360\" height=\"213\" srcset=\"https:\/\/akunq.net\/tr\/wp-content\/uploads\/sites\/6\/2021\/07\/Ulu-Cami-360x213.jpg 360w, https:\/\/akunq.net\/tr\/wp-content\/uploads\/sites\/6\/2021\/07\/Ulu-Cami-560x332.jpg 560w, https:\/\/akunq.net\/tr\/wp-content\/uploads\/sites\/6\/2021\/07\/Ulu-Cami-260x154.jpg 260w, https:\/\/akunq.net\/tr\/wp-content\/uploads\/sites\/6\/2021\/07\/Ulu-Cami-160x95.jpg 160w, https:\/\/akunq.net\/tr\/wp-content\/uploads\/sites\/6\/2021\/07\/Ulu-Cami.jpg 760w\" sizes=\"auto, (max-width: 360px) 100vw, 360px\" \/><\/p>\n<p><em><strong>Manisa\u2019da, Saruhano\u011fullar\u0131 Beyli\u011fi taraf\u0131ndan 1366 y\u0131l\u0131nda yap\u0131lan Ulu Cami\u2019deki restorasyon \u00e7al\u0131\u015fmas\u0131 s\u0131ras\u0131nda, kald\u0131r\u0131lan s\u0131van\u0131n alt\u0131ndan Bizans d\u00f6nemine ait s\u00fctunlar ortaya \u00e7\u0131kt\u0131.<\/strong><\/em><\/p>\n<p>Saruhano\u011fullar\u0131 Beyli\u011fi\u2019nin en \u00f6nemli yap\u0131lar\u0131ndan Manisa Ulu Cami, Muzafereddin \u0130shak Bey taraf\u0131ndan 1366 y\u0131l\u0131nda Mimar Emet Bin Osman\u2019a yapt\u0131r\u0131ld\u0131.<\/p>\n<p>Beylikler D\u00f6nemi\u2019nin en \u00f6nemli ve ilgi \u00e7ekici cami plan\u0131 olarak g\u00f6sterilen ve kentin simgelerinden olan Ulu Cami, izinsiz yap\u0131lan \u00e7e\u015fitli eklentiler ve yanl\u0131\u015f uygulamalar nedeniyle orijinalli\u011fini yitirdi. Camide, Vak\u0131flar Genel M\u00fcd\u00fcrl\u00fc\u011f\u00fc taraf\u0131ndan 2018 y\u0131l\u0131nda restorasyon \u00e7al\u0131\u015fmas\u0131 ba\u015flat\u0131ld\u0131. Restorasyon s\u0131ras\u0131nda, caminin yap\u0131m\u0131ndan 8 y\u0131l sonra iklim \u015fartlar\u0131 nedeniyle i\u00e7 tarafta \u00f6r\u00fclen duvarda s\u0131va raspas\u0131 \u00e7al\u0131\u015fmas\u0131 yap\u0131ld\u0131, s\u0131valar kaz\u0131nd\u0131. Ortaya 6 s\u00fctun \u00e7\u0131kt\u0131. S\u00fctunlar\u0131n Bizans d\u00f6nemine ait oldu\u011fu belirlendi. Duvarla birlikte ortaya \u00e7\u0131kan s\u00fctunlar tarihe \u0131\u015f\u0131k tuttu.<\/p>\n<p>\u0130zmir Vak\u0131flar B\u00f6lge M\u00fcd\u00fcr\u00fc Muzaffer Ataseven, caminin bu y\u0131l sonunda hizmete a\u00e7\u0131laca\u011f\u0131n\u0131 belirterek, \u201cCaminin 1366 y\u0131l\u0131nda yap\u0131ld\u0131\u011f\u0131n\u0131 biliyoruz. Kesin tarih bu. \u00c7\u00fcnk\u00fc caminin giri\u015finde kitabe var. Daha sonra bu caminin orta b\u00f6l\u00fcm\u00fcnde yakla\u015f\u0131k 8 y\u0131l sonra yap\u0131ld\u0131\u011f\u0131n\u0131 varsayd\u0131\u011f\u0131m\u0131z duvar var. Restorasyona ba\u015flay\u0131nca bu duvarda s\u0131va, raspa \u00e7al\u0131\u015fmas\u0131 yapt\u0131k. S\u0131valar soyulduktan sonra alttan \u00e7ok g\u00fczel bir i\u015flemeli duvarla kar\u015f\u0131la\u015ft\u0131k. \u015eu an Koruma Kurulunun verdi\u011fi karar gere\u011fi bunu derzli bir \u015fekilde b\u0131rakaca\u011f\u0131z. Duvarlar\u0131n aras\u0131nda 6 s\u00fctun \u00e7\u0131kt\u0131. Tabii bu s\u00fctun ve ba\u015fl\u0131klar\u0131n\u0131n d\u00f6nemsel olarak dev\u015firme malzemelerden kullan\u0131ld\u0131\u011f\u0131 g\u00f6r\u00fclmekte. Muhtemelen Bizans d\u00f6nemine ait oldu\u011fu g\u00f6r\u00fcl\u00fcyor. Bu caminin restorasyonu bittikten sonra hem ibadete hem ziyarete a\u00e7\u0131lacakt\u0131r\u201d diye konu\u015ftu.<\/p>\n<p><em><strong>https:\/\/www.cumhuriyet.com.tr\/haber\/tarihi-camideki-bizans-sutunlarinin-sivandigi-ortaya-cik-1854401\u00a0<\/strong><\/em><\/p>\n","protected":false},"excerpt":{"rendered":"<p>Manisa\u2019da, Saruhano\u011fullar\u0131 Beyli\u011fi taraf\u0131ndan 1366 y\u0131l\u0131nda yap\u0131lan Ulu Cami\u2019deki restorasyon \u00e7al\u0131\u015fmas\u0131 s\u0131ras\u0131nda, kald\u0131r\u0131lan s\u0131van\u0131n alt\u0131ndan Bizans d\u00f6nemine ait s\u00fctunlar ortaya \u00e7\u0131kt\u0131. Saruhano\u011fullar\u0131 Beyli\u011fi\u2019nin en \u00f6nemli yap\u0131lar\u0131ndan Manisa Ulu Cami, Muzafereddin \u0130shak Bey taraf\u0131ndan 1366 y\u0131l\u0131nda Mimar Emet Bin Osman\u2019a yapt\u0131r\u0131ld\u0131. Beylikler D\u00f6nemi\u2019nin en \u00f6nemli ve ilgi \u00e7ekici cami plan\u0131 olarak g\u00f6sterilen ve kentin simgelerinden olan [&hellip;]<\/p>\n","protected":false},"author":7,"featured_media":63930,"comment_status":"open","ping_status":"open","sticky":false,"template":"","format":"standard","meta":{"footnotes":""},"categories":[1],"tags":[],"class_list":["post-63929","post","type-post","status-publish","format-standard","has-post-thumbnail","hentry","category-haberler"],"yoast_head":"<!-- This site is optimized with the Yoast SEO plugin v27.4 - https:\/\/yoast.com\/product\/yoast-seo-wordpress\/ -->\n<title>Tarihi camideki Bizans s\u00fctunlar\u0131n\u0131n s\u0131vand\u0131\u011f\u0131 ortaya \u00e7\u0131kt\u0131 - Bati Ermenistan Ve Bati Ermenileri Sorunlari Ara\u015ftirmalar Merkezi<\/title>\n<meta name=\"robots\" content=\"index, follow, max-snippet:-1, max-image-preview:large, max-video-preview:-1\" \/>\n<link rel=\"canonical\" href=\"https:\/\/akunq.net\/tr\/?p=63929\" \/>\n<meta property=\"og:locale\" content=\"en_US\" \/>\n<meta property=\"og:type\" content=\"article\" \/>\n<meta property=\"og:title\" content=\"Tarihi camideki Bizans s\u00fctunlar\u0131n\u0131n s\u0131vand\u0131\u011f\u0131 ortaya \u00e7\u0131kt\u0131 - Bati Ermenistan Ve Bati Ermenileri Sorunlari Ara\u015ftirmalar Merkezi\" \/>\n<meta property=\"og:description\" content=\"Manisa\u2019da, Saruhano\u011fullar\u0131 Beyli\u011fi taraf\u0131ndan 1366 y\u0131l\u0131nda yap\u0131lan Ulu Cami\u2019deki restorasyon \u00e7al\u0131\u015fmas\u0131 s\u0131ras\u0131nda, kald\u0131r\u0131lan s\u0131van\u0131n alt\u0131ndan Bizans d\u00f6nemine ait s\u00fctunlar ortaya \u00e7\u0131kt\u0131. Saruhano\u011fullar\u0131 Beyli\u011fi\u2019nin en \u00f6nemli yap\u0131lar\u0131ndan Manisa Ulu Cami, Muzafereddin \u0130shak Bey taraf\u0131ndan 1366 y\u0131l\u0131nda Mimar Emet Bin Osman\u2019a yapt\u0131r\u0131ld\u0131. Beylikler D\u00f6nemi\u2019nin en \u00f6nemli ve ilgi \u00e7ekici cami plan\u0131 olarak g\u00f6sterilen ve kentin simgelerinden olan [&hellip;]\" \/>\n<meta property=\"og:url\" content=\"https:\/\/akunq.net\/tr\/?p=63929\" \/>\n<meta property=\"og:site_name\" content=\"Bati Ermenistan Ve Bati Ermenileri Sorunlari Ara\u015ftirmalar Merkezi\" \/>\n<meta property=\"article:published_time\" content=\"2021-07-23T07:29:20+00:00\" \/>\n<meta property=\"og:image\" content=\"https:\/\/akunq.net\/tr\/wp-content\/uploads\/sites\/6\/2021\/07\/Ulu-Cami.jpg\" \/>\n\t<meta property=\"og:image:width\" content=\"760\" \/>\n\t<meta property=\"og:image:height\" content=\"450\" \/>\n\t<meta property=\"og:image:type\" content=\"image\/jpeg\" \/>\n<meta name=\"author\" content=\"admin\" \/>\n<meta name=\"twitter:card\" content=\"summary_large_image\" \/>\n<meta name=\"twitter:label1\" content=\"Written by\" \/>\n\t<meta name=\"twitter:data1\" content=\"admin\" \/>\n\t<meta name=\"twitter:label2\" content=\"Est. reading time\" \/>\n\t<meta name=\"twitter:data2\" content=\"2 minutes\" \/>\n<script type=\"application\/ld+json\" class=\"yoast-schema-graph\">{\"@context\":\"https:\\\/\\\/schema.org\",\"@graph\":[{\"@type\":\"Article\",\"@id\":\"https:\\\/\\\/akunq.net\\\/tr\\\/?p=63929#article\",\"isPartOf\":{\"@id\":\"https:\\\/\\\/akunq.net\\\/tr\\\/?p=63929\"},\"author\":{\"name\":\"admin\",\"@id\":\"https:\\\/\\\/akunq.net\\\/tr\\\/#\\\/schema\\\/person\\\/096f1d38a12cce57fb855b485ed24c9e\"},\"headline\":\"Tarihi camideki Bizans s\u00fctunlar\u0131n\u0131n s\u0131vand\u0131\u011f\u0131 ortaya \u00e7\u0131kt\u0131\",\"datePublished\":\"2021-07-23T07:29:20+00:00\",\"mainEntityOfPage\":{\"@id\":\"https:\\\/\\\/akunq.net\\\/tr\\\/?p=63929\"},\"wordCount\":347,\"commentCount\":0,\"image\":{\"@id\":\"https:\\\/\\\/akunq.net\\\/tr\\\/?p=63929#primaryimage\"},\"thumbnailUrl\":\"https:\\\/\\\/akunq.net\\\/tr\\\/wp-content\\\/uploads\\\/sites\\\/6\\\/2021\\\/07\\\/Ulu-Cami.jpg\",\"articleSection\":[\"Haberler\"],\"inLanguage\":\"en-US\",\"potentialAction\":[{\"@type\":\"CommentAction\",\"name\":\"Comment\",\"target\":[\"https:\\\/\\\/akunq.net\\\/tr\\\/?p=63929#respond\"]}]},{\"@type\":\"WebPage\",\"@id\":\"https:\\\/\\\/akunq.net\\\/tr\\\/?p=63929\",\"url\":\"https:\\\/\\\/akunq.net\\\/tr\\\/?p=63929\",\"name\":\"Tarihi camideki Bizans s\u00fctunlar\u0131n\u0131n s\u0131vand\u0131\u011f\u0131 ortaya \u00e7\u0131kt\u0131 - Bati Ermenistan Ve Bati Ermenileri Sorunlari Ara\u015ftirmalar Merkezi\",\"isPartOf\":{\"@id\":\"https:\\\/\\\/akunq.net\\\/tr\\\/#website\"},\"primaryImageOfPage\":{\"@id\":\"https:\\\/\\\/akunq.net\\\/tr\\\/?p=63929#primaryimage\"},\"image\":{\"@id\":\"https:\\\/\\\/akunq.net\\\/tr\\\/?p=63929#primaryimage\"},\"thumbnailUrl\":\"https:\\\/\\\/akunq.net\\\/tr\\\/wp-content\\\/uploads\\\/sites\\\/6\\\/2021\\\/07\\\/Ulu-Cami.jpg\",\"datePublished\":\"2021-07-23T07:29:20+00:00\",\"author\":{\"@id\":\"https:\\\/\\\/akunq.net\\\/tr\\\/#\\\/schema\\\/person\\\/096f1d38a12cce57fb855b485ed24c9e\"},\"breadcrumb\":{\"@id\":\"https:\\\/\\\/akunq.net\\\/tr\\\/?p=63929#breadcrumb\"},\"inLanguage\":\"en-US\",\"potentialAction\":[{\"@type\":\"ReadAction\",\"target\":[\"https:\\\/\\\/akunq.net\\\/tr\\\/?p=63929\"]}]},{\"@type\":\"ImageObject\",\"inLanguage\":\"en-US\",\"@id\":\"https:\\\/\\\/akunq.net\\\/tr\\\/?p=63929#primaryimage\",\"url\":\"https:\\\/\\\/akunq.net\\\/tr\\\/wp-content\\\/uploads\\\/sites\\\/6\\\/2021\\\/07\\\/Ulu-Cami.jpg\",\"contentUrl\":\"https:\\\/\\\/akunq.net\\\/tr\\\/wp-content\\\/uploads\\\/sites\\\/6\\\/2021\\\/07\\\/Ulu-Cami.jpg\",\"width\":760,\"height\":450},{\"@type\":\"BreadcrumbList\",\"@id\":\"https:\\\/\\\/akunq.net\\\/tr\\\/?p=63929#breadcrumb\",\"itemListElement\":[{\"@type\":\"ListItem\",\"position\":1,\"name\":\"Home\",\"item\":\"https:\\\/\\\/akunq.net\\\/tr\"},{\"@type\":\"ListItem\",\"position\":2,\"name\":\"Tarihi camideki Bizans s\u00fctunlar\u0131n\u0131n s\u0131vand\u0131\u011f\u0131 ortaya \u00e7\u0131kt\u0131\"}]},{\"@type\":\"WebSite\",\"@id\":\"https:\\\/\\\/akunq.net\\\/tr\\\/#website\",\"url\":\"https:\\\/\\\/akunq.net\\\/tr\\\/\",\"name\":\"Bati Ermenistan Ve Bati Ermenileri Sorunlari Ara\u015ftirmalar Merkezi\",\"description\":\"\",\"potentialAction\":[{\"@type\":\"SearchAction\",\"target\":{\"@type\":\"EntryPoint\",\"urlTemplate\":\"https:\\\/\\\/akunq.net\\\/tr\\\/?s={search_term_string}\"},\"query-input\":{\"@type\":\"PropertyValueSpecification\",\"valueRequired\":true,\"valueName\":\"search_term_string\"}}],\"inLanguage\":\"en-US\"},{\"@type\":\"Person\",\"@id\":\"https:\\\/\\\/akunq.net\\\/tr\\\/#\\\/schema\\\/person\\\/096f1d38a12cce57fb855b485ed24c9e\",\"name\":\"admin\",\"url\":\"https:\\\/\\\/akunq.net\\\/tr\\\/?author=7\"}]}<\/script>\n<!-- \/ Yoast SEO plugin. -->","yoast_head_json":{"title":"Tarihi camideki Bizans s\u00fctunlar\u0131n\u0131n s\u0131vand\u0131\u011f\u0131 ortaya \u00e7\u0131kt\u0131 - Bati Ermenistan Ve Bati Ermenileri Sorunlari Ara\u015ftirmalar Merkezi","robots":{"index":"index","follow":"follow","max-snippet":"max-snippet:-1","max-image-preview":"max-image-preview:large","max-video-preview":"max-video-preview:-1"},"canonical":"https:\/\/akunq.net\/tr\/?p=63929","og_locale":"en_US","og_type":"article","og_title":"Tarihi camideki Bizans s\u00fctunlar\u0131n\u0131n s\u0131vand\u0131\u011f\u0131 ortaya \u00e7\u0131kt\u0131 - Bati Ermenistan Ve Bati Ermenileri Sorunlari Ara\u015ftirmalar Merkezi","og_description":"Manisa\u2019da, Saruhano\u011fullar\u0131 Beyli\u011fi taraf\u0131ndan 1366 y\u0131l\u0131nda yap\u0131lan Ulu Cami\u2019deki restorasyon \u00e7al\u0131\u015fmas\u0131 s\u0131ras\u0131nda, kald\u0131r\u0131lan s\u0131van\u0131n alt\u0131ndan Bizans d\u00f6nemine ait s\u00fctunlar ortaya \u00e7\u0131kt\u0131. Saruhano\u011fullar\u0131 Beyli\u011fi\u2019nin en \u00f6nemli yap\u0131lar\u0131ndan Manisa Ulu Cami, Muzafereddin \u0130shak Bey taraf\u0131ndan 1366 y\u0131l\u0131nda Mimar Emet Bin Osman\u2019a yapt\u0131r\u0131ld\u0131. Beylikler D\u00f6nemi\u2019nin en \u00f6nemli ve ilgi \u00e7ekici cami plan\u0131 olarak g\u00f6sterilen ve kentin simgelerinden olan [&hellip;]","og_url":"https:\/\/akunq.net\/tr\/?p=63929","og_site_name":"Bati Ermenistan Ve Bati Ermenileri Sorunlari Ara\u015ftirmalar Merkezi","article_published_time":"2021-07-23T07:29:20+00:00","og_image":[{"width":760,"height":450,"url":"https:\/\/akunq.net\/tr\/wp-content\/uploads\/sites\/6\/2021\/07\/Ulu-Cami.jpg","type":"image\/jpeg"}],"author":"admin","twitter_card":"summary_large_image","twitter_misc":{"Written by":"admin","Est. reading time":"2 minutes"},"schema":{"@context":"https:\/\/schema.org","@graph":[{"@type":"Article","@id":"https:\/\/akunq.net\/tr\/?p=63929#article","isPartOf":{"@id":"https:\/\/akunq.net\/tr\/?p=63929"},"author":{"name":"admin","@id":"https:\/\/akunq.net\/tr\/#\/schema\/person\/096f1d38a12cce57fb855b485ed24c9e"},"headline":"Tarihi camideki Bizans s\u00fctunlar\u0131n\u0131n s\u0131vand\u0131\u011f\u0131 ortaya \u00e7\u0131kt\u0131","datePublished":"2021-07-23T07:29:20+00:00","mainEntityOfPage":{"@id":"https:\/\/akunq.net\/tr\/?p=63929"},"wordCount":347,"commentCount":0,"image":{"@id":"https:\/\/akunq.net\/tr\/?p=63929#primaryimage"},"thumbnailUrl":"https:\/\/akunq.net\/tr\/wp-content\/uploads\/sites\/6\/2021\/07\/Ulu-Cami.jpg","articleSection":["Haberler"],"inLanguage":"en-US","potentialAction":[{"@type":"CommentAction","name":"Comment","target":["https:\/\/akunq.net\/tr\/?p=63929#respond"]}]},{"@type":"WebPage","@id":"https:\/\/akunq.net\/tr\/?p=63929","url":"https:\/\/akunq.net\/tr\/?p=63929","name":"Tarihi camideki Bizans s\u00fctunlar\u0131n\u0131n s\u0131vand\u0131\u011f\u0131 ortaya \u00e7\u0131kt\u0131 - Bati Ermenistan Ve Bati Ermenileri Sorunlari Ara\u015ftirmalar Merkezi","isPartOf":{"@id":"https:\/\/akunq.net\/tr\/#website"},"primaryImageOfPage":{"@id":"https:\/\/akunq.net\/tr\/?p=63929#primaryimage"},"image":{"@id":"https:\/\/akunq.net\/tr\/?p=63929#primaryimage"},"thumbnailUrl":"https:\/\/akunq.net\/tr\/wp-content\/uploads\/sites\/6\/2021\/07\/Ulu-Cami.jpg","datePublished":"2021-07-23T07:29:20+00:00","author":{"@id":"https:\/\/akunq.net\/tr\/#\/schema\/person\/096f1d38a12cce57fb855b485ed24c9e"},"breadcrumb":{"@id":"https:\/\/akunq.net\/tr\/?p=63929#breadcrumb"},"inLanguage":"en-US","potentialAction":[{"@type":"ReadAction","target":["https:\/\/akunq.net\/tr\/?p=63929"]}]},{"@type":"ImageObject","inLanguage":"en-US","@id":"https:\/\/akunq.net\/tr\/?p=63929#primaryimage","url":"https:\/\/akunq.net\/tr\/wp-content\/uploads\/sites\/6\/2021\/07\/Ulu-Cami.jpg","contentUrl":"https:\/\/akunq.net\/tr\/wp-content\/uploads\/sites\/6\/2021\/07\/Ulu-Cami.jpg","width":760,"height":450},{"@type":"BreadcrumbList","@id":"https:\/\/akunq.net\/tr\/?p=63929#breadcrumb","itemListElement":[{"@type":"ListItem","position":1,"name":"Home","item":"https:\/\/akunq.net\/tr"},{"@type":"ListItem","position":2,"name":"Tarihi camideki Bizans s\u00fctunlar\u0131n\u0131n s\u0131vand\u0131\u011f\u0131 ortaya \u00e7\u0131kt\u0131"}]},{"@type":"WebSite","@id":"https:\/\/akunq.net\/tr\/#website","url":"https:\/\/akunq.net\/tr\/","name":"Bati Ermenistan Ve Bati Ermenileri Sorunlari Ara\u015ftirmalar Merkezi","description":"","potentialAction":[{"@type":"SearchAction","target":{"@type":"EntryPoint","urlTemplate":"https:\/\/akunq.net\/tr\/?s={search_term_string}"},"query-input":{"@type":"PropertyValueSpecification","valueRequired":true,"valueName":"search_term_string"}}],"inLanguage":"en-US"},{"@type":"Person","@id":"https:\/\/akunq.net\/tr\/#\/schema\/person\/096f1d38a12cce57fb855b485ed24c9e","name":"admin","url":"https:\/\/akunq.net\/tr\/?author=7"}]}},"_links":{"self":[{"href":"https:\/\/akunq.net\/tr\/index.php?rest_route=\/wp\/v2\/posts\/63929","targetHints":{"allow":["GET"]}}],"collection":[{"href":"https:\/\/akunq.net\/tr\/index.php?rest_route=\/wp\/v2\/posts"}],"about":[{"href":"https:\/\/akunq.net\/tr\/index.php?rest_route=\/wp\/v2\/types\/post"}],"author":[{"embeddable":true,"href":"https:\/\/akunq.net\/tr\/index.php?rest_route=\/wp\/v2\/users\/7"}],"replies":[{"embeddable":true,"href":"https:\/\/akunq.net\/tr\/index.php?rest_route=%2Fwp%2Fv2%2Fcomments&post=63929"}],"version-history":[{"count":1,"href":"https:\/\/akunq.net\/tr\/index.php?rest_route=\/wp\/v2\/posts\/63929\/revisions"}],"predecessor-version":[{"id":63931,"href":"https:\/\/akunq.net\/tr\/index.php?rest_route=\/wp\/v2\/posts\/63929\/revisions\/63931"}],"wp:featuredmedia":[{"embeddable":true,"href":"https:\/\/akunq.net\/tr\/index.php?rest_route=\/wp\/v2\/media\/63930"}],"wp:attachment":[{"href":"https:\/\/akunq.net\/tr\/index.php?rest_route=%2Fwp%2Fv2%2Fmedia&parent=63929"}],"wp:term":[{"taxonomy":"category","embeddable":true,"href":"https:\/\/akunq.net\/tr\/index.php?rest_route=%2Fwp%2Fv2%2Fcategories&post=63929"},{"taxonomy":"post_tag","embeddable":true,"href":"https:\/\/akunq.net\/tr\/index.php?rest_route=%2Fwp%2Fv2%2Ftags&post=63929"}],"curies":[{"name":"wp","href":"https:\/\/api.w.org\/{rel}","templated":true}]}}