{"id":63923,"date":"2021-07-23T01:48:32","date_gmt":"2021-07-23T06:48:32","guid":{"rendered":"https:\/\/akunq.net\/tr\/?p=63923"},"modified":"2021-07-23T01:48:32","modified_gmt":"2021-07-23T06:48:32","slug":"selahattin-demirtasa-weimar-insan-haklari-odulu","status":"publish","type":"post","link":"https:\/\/akunq.net\/tr\/?p=63923","title":{"rendered":"Selahattin Demirta\u015f\u2019a Weimar \u0130nsan Haklar\u0131 \u00d6d\u00fcl\u00fc"},"content":{"rendered":"<p><img loading=\"lazy\" decoding=\"async\" class=\"aligncenter size-medium wp-image-63924\" src=\"https:\/\/akunq.net\/tr\/wp-content\/uploads\/2021\/07\/Selahattin-Demirta\u015f-360x203.jpg\" alt=\"\" width=\"360\" height=\"203\" srcset=\"https:\/\/akunq.net\/tr\/wp-content\/uploads\/sites\/6\/2021\/07\/Selahattin-Demirta\u015f-360x203.jpg 360w, https:\/\/akunq.net\/tr\/wp-content\/uploads\/sites\/6\/2021\/07\/Selahattin-Demirta\u015f-560x315.jpg 560w, https:\/\/akunq.net\/tr\/wp-content\/uploads\/sites\/6\/2021\/07\/Selahattin-Demirta\u015f-260x146.jpg 260w, https:\/\/akunq.net\/tr\/wp-content\/uploads\/sites\/6\/2021\/07\/Selahattin-Demirta\u015f-160x90.jpg 160w, https:\/\/akunq.net\/tr\/wp-content\/uploads\/sites\/6\/2021\/07\/Selahattin-Demirta\u015f.jpg 700w\" sizes=\"auto, (max-width: 360px) 100vw, 360px\" \/><\/p>\n<p><em><strong>Cezaevinde tutuklu bulunan eski HDP E\u015f Genel Ba\u015fkan\u0131 Selahattin Demirta\u015f 2021 Weimar \u0130nsan Haklar\u0131 \u00d6d\u00fcl\u00fc\u2019ne lay\u0131k g\u00f6r\u00fcld\u00fc. \u00d6d\u00fcl t\u00f6reni aral\u0131k ay\u0131nda d\u00fczenlenecek.<\/strong><\/em><\/p>\n<p>Cezaevinde tutuklu bulunan eski HDP E\u015f Genel Ba\u015fkan\u0131 Selahattin Demirta\u015f, 2021 Weimar \u0130nsan Haklar\u0131 \u00d6d\u00fcl\u00fc\u2019ne lay\u0131k g\u00f6r\u00fcld\u00fc.<\/p>\n<p>Az\u0131nl\u0131k haklar\u0131n\u0131 savunan G\u00f6ttingen merkezli Tehdit Alt\u0131ndaki Halklar Cemiyeti (GfbV), Weimar Belediye Meclisi\u2019nin \u00f6d\u00fcl komitesinin \u00f6nerisini d\u00fcn itibar\u0131 ile kabul etti\u011fini duyurdu. A\u00e7\u0131klamada Demirta\u015f\u2019\u0131n \u201cT\u00fcrkiye\u2019nin yak\u0131n tarihindeki en \u00f6nemli muhalif siyaset\u00e7ilerden biri\u201d oldu\u011fu belirtildi. Ayr\u0131ca Demirta\u015f\u2019\u0131n \u201cK\u00fcrt sorununa bar\u0131\u015f\u00e7\u0131l \u00e7\u00f6z\u00fcm\u00fc, demokratikle\u015fmeyi, Hristiyan, Alevi ve Ezidi inan\u00e7 gruplar\u0131n\u0131n inan\u00e7 \u00f6zg\u00fcrl\u00fc\u011f\u00fcn\u00fc\u201d, \u201cT\u00fcrkiye\u2019deki K\u00fcrt, Asuri, Ermeni ve Rum halk gruplar\u0131n\u0131n dil, siyaset ve k\u00fclt\u00fcr bak\u0131m\u0131ndan hak e\u015fitli\u011fini savundu\u011fu\u201d ifade edildi.<\/p>\n<p>\u00d6d\u00fcl t\u00f6reninin Aral\u0131k ay\u0131nda yap\u0131lmas\u0131 bekleniyor.<\/p>\n<p>Demirta\u015f 3 Kas\u0131m 2016 tarihinden beri tutuklu bulunuyor.<\/p>\n<p>Weimar Belediye Meclisi ge\u00e7en y\u0131l Hollandal\u0131 Katolik Rahip Jozef Jan Michel Kuppens ile Malavili Felicia K Monjeza\u2019y\u0131 insan haklar\u0131 \u00f6d\u00fcl\u00fcne lay\u0131k g\u00f6rm\u00fc\u015ft\u00fc. \u00d6d\u00fcl\u00fcn Malavi\u2019deki t\u00fct\u00fcn plantajlar\u0131ndaki modern k\u00f6leli\u011fin sona erdirilmesi i\u00e7in yapt\u0131klar\u0131 \u00e7al\u0131\u015fmalar nedeniyle verildi\u011fi a\u00e7\u0131klanm\u0131\u015ft\u0131. T\u00fcrkiye\u2019den 1998 y\u0131l\u0131nda da HDP Adana milletvekili ve hukuk\u00e7u Meral Dan\u0131\u015f Be\u015fta\u015f \u00f6d\u00fcle lay\u0131k g\u00f6r\u00fclm\u00fc\u015ft\u00fc.<\/p>\n<p><em><strong>https:\/\/www.dw.com\/tr\/selahattin-demirta%C5%9Fa-weimar-insan-haklar%C4%B1-%C3%B6d%C3%BCl%C3%BC\/a-58598067?maca=tur-rss-tur-all-1495-rdf\u00a0<\/strong><\/em><\/p>\n<p>&nbsp;<\/p>\n","protected":false},"excerpt":{"rendered":"<p>Cezaevinde tutuklu bulunan eski HDP E\u015f Genel Ba\u015fkan\u0131 Selahattin Demirta\u015f 2021 Weimar \u0130nsan Haklar\u0131 \u00d6d\u00fcl\u00fc\u2019ne lay\u0131k g\u00f6r\u00fcld\u00fc. \u00d6d\u00fcl t\u00f6reni aral\u0131k ay\u0131nda d\u00fczenlenecek. Cezaevinde tutuklu bulunan eski HDP E\u015f Genel Ba\u015fkan\u0131 Selahattin Demirta\u015f, 2021 Weimar \u0130nsan Haklar\u0131 \u00d6d\u00fcl\u00fc\u2019ne lay\u0131k g\u00f6r\u00fcld\u00fc. Az\u0131nl\u0131k haklar\u0131n\u0131 savunan G\u00f6ttingen merkezli Tehdit Alt\u0131ndaki Halklar Cemiyeti (GfbV), Weimar Belediye Meclisi\u2019nin \u00f6d\u00fcl komitesinin \u00f6nerisini [&hellip;]<\/p>\n","protected":false},"author":7,"featured_media":63924,"comment_status":"open","ping_status":"open","sticky":false,"template":"","format":"standard","meta":{"footnotes":""},"categories":[1],"tags":[],"class_list":["post-63923","post","type-post","status-publish","format-standard","has-post-thumbnail","hentry","category-haberler"],"yoast_head":"<!-- This site is optimized with the Yoast SEO plugin v27.4 - https:\/\/yoast.com\/product\/yoast-seo-wordpress\/ -->\n<title>Selahattin Demirta\u015f\u2019a Weimar \u0130nsan Haklar\u0131 \u00d6d\u00fcl\u00fc - Bati Ermenistan Ve Bati Ermenileri Sorunlari Ara\u015ftirmalar Merkezi<\/title>\n<meta name=\"robots\" content=\"index, follow, max-snippet:-1, max-image-preview:large, max-video-preview:-1\" \/>\n<link rel=\"canonical\" href=\"https:\/\/akunq.net\/tr\/?p=63923\" \/>\n<meta property=\"og:locale\" content=\"en_US\" \/>\n<meta property=\"og:type\" content=\"article\" \/>\n<meta property=\"og:title\" content=\"Selahattin Demirta\u015f\u2019a Weimar \u0130nsan Haklar\u0131 \u00d6d\u00fcl\u00fc - Bati Ermenistan Ve Bati Ermenileri Sorunlari Ara\u015ftirmalar Merkezi\" \/>\n<meta property=\"og:description\" content=\"Cezaevinde tutuklu bulunan eski HDP E\u015f Genel Ba\u015fkan\u0131 Selahattin Demirta\u015f 2021 Weimar \u0130nsan Haklar\u0131 \u00d6d\u00fcl\u00fc\u2019ne lay\u0131k g\u00f6r\u00fcld\u00fc. \u00d6d\u00fcl t\u00f6reni aral\u0131k ay\u0131nda d\u00fczenlenecek. Cezaevinde tutuklu bulunan eski HDP E\u015f Genel Ba\u015fkan\u0131 Selahattin Demirta\u015f, 2021 Weimar \u0130nsan Haklar\u0131 \u00d6d\u00fcl\u00fc\u2019ne lay\u0131k g\u00f6r\u00fcld\u00fc. Az\u0131nl\u0131k haklar\u0131n\u0131 savunan G\u00f6ttingen merkezli Tehdit Alt\u0131ndaki Halklar Cemiyeti (GfbV), Weimar Belediye Meclisi\u2019nin \u00f6d\u00fcl komitesinin \u00f6nerisini [&hellip;]\" \/>\n<meta property=\"og:url\" content=\"https:\/\/akunq.net\/tr\/?p=63923\" \/>\n<meta property=\"og:site_name\" content=\"Bati Ermenistan Ve Bati Ermenileri Sorunlari Ara\u015ftirmalar Merkezi\" \/>\n<meta property=\"article:published_time\" content=\"2021-07-23T06:48:32+00:00\" \/>\n<meta property=\"og:image\" content=\"https:\/\/akunq.net\/tr\/wp-content\/uploads\/sites\/6\/2021\/07\/Selahattin-Demirta\u015f.jpg\" \/>\n\t<meta property=\"og:image:width\" content=\"700\" \/>\n\t<meta property=\"og:image:height\" content=\"394\" \/>\n\t<meta property=\"og:image:type\" content=\"image\/jpeg\" \/>\n<meta name=\"author\" content=\"admin\" \/>\n<meta name=\"twitter:card\" content=\"summary_large_image\" \/>\n<meta name=\"twitter:label1\" content=\"Written by\" \/>\n\t<meta name=\"twitter:data1\" content=\"admin\" \/>\n\t<meta name=\"twitter:label2\" content=\"Est. reading time\" \/>\n\t<meta name=\"twitter:data2\" content=\"1 minute\" \/>\n<script type=\"application\/ld+json\" class=\"yoast-schema-graph\">{\"@context\":\"https:\\\/\\\/schema.org\",\"@graph\":[{\"@type\":\"Article\",\"@id\":\"https:\\\/\\\/akunq.net\\\/tr\\\/?p=63923#article\",\"isPartOf\":{\"@id\":\"https:\\\/\\\/akunq.net\\\/tr\\\/?p=63923\"},\"author\":{\"name\":\"admin\",\"@id\":\"https:\\\/\\\/akunq.net\\\/tr\\\/#\\\/schema\\\/person\\\/096f1d38a12cce57fb855b485ed24c9e\"},\"headline\":\"Selahattin Demirta\u015f\u2019a Weimar \u0130nsan Haklar\u0131 \u00d6d\u00fcl\u00fc\",\"datePublished\":\"2021-07-23T06:48:32+00:00\",\"mainEntityOfPage\":{\"@id\":\"https:\\\/\\\/akunq.net\\\/tr\\\/?p=63923\"},\"wordCount\":291,\"commentCount\":0,\"image\":{\"@id\":\"https:\\\/\\\/akunq.net\\\/tr\\\/?p=63923#primaryimage\"},\"thumbnailUrl\":\"https:\\\/\\\/akunq.net\\\/tr\\\/wp-content\\\/uploads\\\/sites\\\/6\\\/2021\\\/07\\\/Selahattin-Demirta\u015f.jpg\",\"articleSection\":[\"Haberler\"],\"inLanguage\":\"en-US\",\"potentialAction\":[{\"@type\":\"CommentAction\",\"name\":\"Comment\",\"target\":[\"https:\\\/\\\/akunq.net\\\/tr\\\/?p=63923#respond\"]}]},{\"@type\":\"WebPage\",\"@id\":\"https:\\\/\\\/akunq.net\\\/tr\\\/?p=63923\",\"url\":\"https:\\\/\\\/akunq.net\\\/tr\\\/?p=63923\",\"name\":\"Selahattin Demirta\u015f\u2019a Weimar \u0130nsan Haklar\u0131 \u00d6d\u00fcl\u00fc - Bati Ermenistan Ve Bati Ermenileri Sorunlari Ara\u015ftirmalar Merkezi\",\"isPartOf\":{\"@id\":\"https:\\\/\\\/akunq.net\\\/tr\\\/#website\"},\"primaryImageOfPage\":{\"@id\":\"https:\\\/\\\/akunq.net\\\/tr\\\/?p=63923#primaryimage\"},\"image\":{\"@id\":\"https:\\\/\\\/akunq.net\\\/tr\\\/?p=63923#primaryimage\"},\"thumbnailUrl\":\"https:\\\/\\\/akunq.net\\\/tr\\\/wp-content\\\/uploads\\\/sites\\\/6\\\/2021\\\/07\\\/Selahattin-Demirta\u015f.jpg\",\"datePublished\":\"2021-07-23T06:48:32+00:00\",\"author\":{\"@id\":\"https:\\\/\\\/akunq.net\\\/tr\\\/#\\\/schema\\\/person\\\/096f1d38a12cce57fb855b485ed24c9e\"},\"breadcrumb\":{\"@id\":\"https:\\\/\\\/akunq.net\\\/tr\\\/?p=63923#breadcrumb\"},\"inLanguage\":\"en-US\",\"potentialAction\":[{\"@type\":\"ReadAction\",\"target\":[\"https:\\\/\\\/akunq.net\\\/tr\\\/?p=63923\"]}]},{\"@type\":\"ImageObject\",\"inLanguage\":\"en-US\",\"@id\":\"https:\\\/\\\/akunq.net\\\/tr\\\/?p=63923#primaryimage\",\"url\":\"https:\\\/\\\/akunq.net\\\/tr\\\/wp-content\\\/uploads\\\/sites\\\/6\\\/2021\\\/07\\\/Selahattin-Demirta\u015f.jpg\",\"contentUrl\":\"https:\\\/\\\/akunq.net\\\/tr\\\/wp-content\\\/uploads\\\/sites\\\/6\\\/2021\\\/07\\\/Selahattin-Demirta\u015f.jpg\",\"width\":700,\"height\":394},{\"@type\":\"BreadcrumbList\",\"@id\":\"https:\\\/\\\/akunq.net\\\/tr\\\/?p=63923#breadcrumb\",\"itemListElement\":[{\"@type\":\"ListItem\",\"position\":1,\"name\":\"Home\",\"item\":\"https:\\\/\\\/akunq.net\\\/tr\"},{\"@type\":\"ListItem\",\"position\":2,\"name\":\"Selahattin Demirta\u015f\u2019a Weimar \u0130nsan Haklar\u0131 \u00d6d\u00fcl\u00fc\"}]},{\"@type\":\"WebSite\",\"@id\":\"https:\\\/\\\/akunq.net\\\/tr\\\/#website\",\"url\":\"https:\\\/\\\/akunq.net\\\/tr\\\/\",\"name\":\"Bati Ermenistan Ve Bati Ermenileri Sorunlari Ara\u015ftirmalar Merkezi\",\"description\":\"\",\"potentialAction\":[{\"@type\":\"SearchAction\",\"target\":{\"@type\":\"EntryPoint\",\"urlTemplate\":\"https:\\\/\\\/akunq.net\\\/tr\\\/?s={search_term_string}\"},\"query-input\":{\"@type\":\"PropertyValueSpecification\",\"valueRequired\":true,\"valueName\":\"search_term_string\"}}],\"inLanguage\":\"en-US\"},{\"@type\":\"Person\",\"@id\":\"https:\\\/\\\/akunq.net\\\/tr\\\/#\\\/schema\\\/person\\\/096f1d38a12cce57fb855b485ed24c9e\",\"name\":\"admin\",\"url\":\"https:\\\/\\\/akunq.net\\\/tr\\\/?author=7\"}]}<\/script>\n<!-- \/ Yoast SEO plugin. -->","yoast_head_json":{"title":"Selahattin Demirta\u015f\u2019a Weimar \u0130nsan Haklar\u0131 \u00d6d\u00fcl\u00fc - Bati Ermenistan Ve Bati Ermenileri Sorunlari Ara\u015ftirmalar Merkezi","robots":{"index":"index","follow":"follow","max-snippet":"max-snippet:-1","max-image-preview":"max-image-preview:large","max-video-preview":"max-video-preview:-1"},"canonical":"https:\/\/akunq.net\/tr\/?p=63923","og_locale":"en_US","og_type":"article","og_title":"Selahattin Demirta\u015f\u2019a Weimar \u0130nsan Haklar\u0131 \u00d6d\u00fcl\u00fc - Bati Ermenistan Ve Bati Ermenileri Sorunlari Ara\u015ftirmalar Merkezi","og_description":"Cezaevinde tutuklu bulunan eski HDP E\u015f Genel Ba\u015fkan\u0131 Selahattin Demirta\u015f 2021 Weimar \u0130nsan Haklar\u0131 \u00d6d\u00fcl\u00fc\u2019ne lay\u0131k g\u00f6r\u00fcld\u00fc. \u00d6d\u00fcl t\u00f6reni aral\u0131k ay\u0131nda d\u00fczenlenecek. Cezaevinde tutuklu bulunan eski HDP E\u015f Genel Ba\u015fkan\u0131 Selahattin Demirta\u015f, 2021 Weimar \u0130nsan Haklar\u0131 \u00d6d\u00fcl\u00fc\u2019ne lay\u0131k g\u00f6r\u00fcld\u00fc. Az\u0131nl\u0131k haklar\u0131n\u0131 savunan G\u00f6ttingen merkezli Tehdit Alt\u0131ndaki Halklar Cemiyeti (GfbV), Weimar Belediye Meclisi\u2019nin \u00f6d\u00fcl komitesinin \u00f6nerisini [&hellip;]","og_url":"https:\/\/akunq.net\/tr\/?p=63923","og_site_name":"Bati Ermenistan Ve Bati Ermenileri Sorunlari Ara\u015ftirmalar Merkezi","article_published_time":"2021-07-23T06:48:32+00:00","og_image":[{"width":700,"height":394,"url":"https:\/\/akunq.net\/tr\/wp-content\/uploads\/sites\/6\/2021\/07\/Selahattin-Demirta\u015f.jpg","type":"image\/jpeg"}],"author":"admin","twitter_card":"summary_large_image","twitter_misc":{"Written by":"admin","Est. reading time":"1 minute"},"schema":{"@context":"https:\/\/schema.org","@graph":[{"@type":"Article","@id":"https:\/\/akunq.net\/tr\/?p=63923#article","isPartOf":{"@id":"https:\/\/akunq.net\/tr\/?p=63923"},"author":{"name":"admin","@id":"https:\/\/akunq.net\/tr\/#\/schema\/person\/096f1d38a12cce57fb855b485ed24c9e"},"headline":"Selahattin Demirta\u015f\u2019a Weimar \u0130nsan Haklar\u0131 \u00d6d\u00fcl\u00fc","datePublished":"2021-07-23T06:48:32+00:00","mainEntityOfPage":{"@id":"https:\/\/akunq.net\/tr\/?p=63923"},"wordCount":291,"commentCount":0,"image":{"@id":"https:\/\/akunq.net\/tr\/?p=63923#primaryimage"},"thumbnailUrl":"https:\/\/akunq.net\/tr\/wp-content\/uploads\/sites\/6\/2021\/07\/Selahattin-Demirta\u015f.jpg","articleSection":["Haberler"],"inLanguage":"en-US","potentialAction":[{"@type":"CommentAction","name":"Comment","target":["https:\/\/akunq.net\/tr\/?p=63923#respond"]}]},{"@type":"WebPage","@id":"https:\/\/akunq.net\/tr\/?p=63923","url":"https:\/\/akunq.net\/tr\/?p=63923","name":"Selahattin Demirta\u015f\u2019a Weimar \u0130nsan Haklar\u0131 \u00d6d\u00fcl\u00fc - Bati Ermenistan Ve Bati Ermenileri Sorunlari Ara\u015ftirmalar Merkezi","isPartOf":{"@id":"https:\/\/akunq.net\/tr\/#website"},"primaryImageOfPage":{"@id":"https:\/\/akunq.net\/tr\/?p=63923#primaryimage"},"image":{"@id":"https:\/\/akunq.net\/tr\/?p=63923#primaryimage"},"thumbnailUrl":"https:\/\/akunq.net\/tr\/wp-content\/uploads\/sites\/6\/2021\/07\/Selahattin-Demirta\u015f.jpg","datePublished":"2021-07-23T06:48:32+00:00","author":{"@id":"https:\/\/akunq.net\/tr\/#\/schema\/person\/096f1d38a12cce57fb855b485ed24c9e"},"breadcrumb":{"@id":"https:\/\/akunq.net\/tr\/?p=63923#breadcrumb"},"inLanguage":"en-US","potentialAction":[{"@type":"ReadAction","target":["https:\/\/akunq.net\/tr\/?p=63923"]}]},{"@type":"ImageObject","inLanguage":"en-US","@id":"https:\/\/akunq.net\/tr\/?p=63923#primaryimage","url":"https:\/\/akunq.net\/tr\/wp-content\/uploads\/sites\/6\/2021\/07\/Selahattin-Demirta\u015f.jpg","contentUrl":"https:\/\/akunq.net\/tr\/wp-content\/uploads\/sites\/6\/2021\/07\/Selahattin-Demirta\u015f.jpg","width":700,"height":394},{"@type":"BreadcrumbList","@id":"https:\/\/akunq.net\/tr\/?p=63923#breadcrumb","itemListElement":[{"@type":"ListItem","position":1,"name":"Home","item":"https:\/\/akunq.net\/tr"},{"@type":"ListItem","position":2,"name":"Selahattin Demirta\u015f\u2019a Weimar \u0130nsan Haklar\u0131 \u00d6d\u00fcl\u00fc"}]},{"@type":"WebSite","@id":"https:\/\/akunq.net\/tr\/#website","url":"https:\/\/akunq.net\/tr\/","name":"Bati Ermenistan Ve Bati Ermenileri Sorunlari Ara\u015ftirmalar Merkezi","description":"","potentialAction":[{"@type":"SearchAction","target":{"@type":"EntryPoint","urlTemplate":"https:\/\/akunq.net\/tr\/?s={search_term_string}"},"query-input":{"@type":"PropertyValueSpecification","valueRequired":true,"valueName":"search_term_string"}}],"inLanguage":"en-US"},{"@type":"Person","@id":"https:\/\/akunq.net\/tr\/#\/schema\/person\/096f1d38a12cce57fb855b485ed24c9e","name":"admin","url":"https:\/\/akunq.net\/tr\/?author=7"}]}},"_links":{"self":[{"href":"https:\/\/akunq.net\/tr\/index.php?rest_route=\/wp\/v2\/posts\/63923","targetHints":{"allow":["GET"]}}],"collection":[{"href":"https:\/\/akunq.net\/tr\/index.php?rest_route=\/wp\/v2\/posts"}],"about":[{"href":"https:\/\/akunq.net\/tr\/index.php?rest_route=\/wp\/v2\/types\/post"}],"author":[{"embeddable":true,"href":"https:\/\/akunq.net\/tr\/index.php?rest_route=\/wp\/v2\/users\/7"}],"replies":[{"embeddable":true,"href":"https:\/\/akunq.net\/tr\/index.php?rest_route=%2Fwp%2Fv2%2Fcomments&post=63923"}],"version-history":[{"count":1,"href":"https:\/\/akunq.net\/tr\/index.php?rest_route=\/wp\/v2\/posts\/63923\/revisions"}],"predecessor-version":[{"id":63925,"href":"https:\/\/akunq.net\/tr\/index.php?rest_route=\/wp\/v2\/posts\/63923\/revisions\/63925"}],"wp:featuredmedia":[{"embeddable":true,"href":"https:\/\/akunq.net\/tr\/index.php?rest_route=\/wp\/v2\/media\/63924"}],"wp:attachment":[{"href":"https:\/\/akunq.net\/tr\/index.php?rest_route=%2Fwp%2Fv2%2Fmedia&parent=63923"}],"wp:term":[{"taxonomy":"category","embeddable":true,"href":"https:\/\/akunq.net\/tr\/index.php?rest_route=%2Fwp%2Fv2%2Fcategories&post=63923"},{"taxonomy":"post_tag","embeddable":true,"href":"https:\/\/akunq.net\/tr\/index.php?rest_route=%2Fwp%2Fv2%2Ftags&post=63923"}],"curies":[{"name":"wp","href":"https:\/\/api.w.org\/{rel}","templated":true}]}}