{"id":63920,"date":"2021-07-23T01:41:29","date_gmt":"2021-07-23T06:41:29","guid":{"rendered":"https:\/\/akunq.net\/tr\/?p=63920"},"modified":"2021-07-23T01:41:29","modified_gmt":"2021-07-23T06:41:29","slug":"taliban-hareketinin-sozcusu-turkiye-bizim-kardesimizdir","status":"publish","type":"post","link":"https:\/\/akunq.net\/tr\/?p=63920","title":{"rendered":"&#8220;Taliban&#8221; hareketinin s\u00f6zc\u00fcs\u00fc: &#8220;T\u00fcrkiye bizim karde\u015fimizdir&#8221;"},"content":{"rendered":"<div class=\"html-content\">\n<p><img loading=\"lazy\" decoding=\"async\" class=\"aligncenter size-medium wp-image-63921\" src=\"https:\/\/akunq.net\/tr\/wp-content\/uploads\/2021\/07\/Zabihullah-M\u00fccahid-360x242.jpg\" alt=\"\" width=\"360\" height=\"242\" srcset=\"https:\/\/akunq.net\/tr\/wp-content\/uploads\/sites\/6\/2021\/07\/Zabihullah-M\u00fccahid-360x242.jpg 360w, https:\/\/akunq.net\/tr\/wp-content\/uploads\/sites\/6\/2021\/07\/Zabihullah-M\u00fccahid-560x377.jpg 560w, https:\/\/akunq.net\/tr\/wp-content\/uploads\/sites\/6\/2021\/07\/Zabihullah-M\u00fccahid-260x175.jpg 260w, https:\/\/akunq.net\/tr\/wp-content\/uploads\/sites\/6\/2021\/07\/Zabihullah-M\u00fccahid-160x108.jpg 160w, https:\/\/akunq.net\/tr\/wp-content\/uploads\/sites\/6\/2021\/07\/Zabihullah-M\u00fccahid.jpg 750w\" sizes=\"auto, (max-width: 360px) 100vw, 360px\" \/><\/p>\n<p><em><strong>Taliban s\u00f6zc\u00fcs\u00fc Zabihullah M\u00fccahid, T\u00fcrkiye Cumhurba\u015fkan\u0131 Recep Tayyip Erdo\u011fan&#8217;\u0131n a\u00e7\u0131klamas\u0131na yan\u0131t verdi. Erdo\u011fan Afganistan&#8217;\u0131n ba\u015fkenti Kabil&#8217;deki havaalan\u0131n\u0131n korunmas\u0131n\u0131n T\u00fcrkiye&#8217;ye devredilmesiyle ilgili \u015fu ifadeleri dile getirmi\u015fti:<\/strong><\/em><\/p>\n<p>&#8220;T\u00fcrkiye\u2019nin Taliban\u2019\u0131n inanc\u0131yla alakal\u0131 ters bir yan\u0131 yok. Daha iyi anla\u015fabilece\u011fimize ihtimal veriyorum.\u201d<\/p>\n<p>Taliban s\u00f6zc\u00fcs\u00fc TRT Arabi&#8217;ye verdi\u011fi r\u00f6portajda, T\u00fcrkiye ile iyi kom\u015fuluk ili\u015fkileri istediklerini s\u00f6yledi.<\/p>\n<p>\u201cT\u00fcrkiye ile iyi ili\u015fkiler istiyoruz, T\u00fcrkiye bizim karde\u015fimiz, inanca dayal\u0131 pek \u00e7ok ortak noktam\u0131z var. T\u00fcrkiye\u2019nin ge\u00e7mi\u015fi b\u0131rak\u0131p bug\u00fcne ve gelece\u011fe d\u00f6nmesini istiyoruz. Ondan sonra diyalog isteyebiliriz\u201d<\/p>\n<p>Zabihullah M\u00fccahid ayr\u0131ca, Afganlar\u0131n sadece Kabil havaalan\u0131n\u0131n, diplomatik misyonlar\u0131n ve b\u00fcy\u00fckel\u00e7iliklerin g\u00fcvenli\u011finden sorumlu olduklar\u0131na dikkat \u00e7ekti. Bunn d\u0131\u015f\u0131nda herhangi ba\u015fka bir yakla\u015f\u0131m \u00fclkenin i\u00e7 i\u015flerine m\u00fcdahale olarak alg\u0131lanacak.<\/p>\n<p>Taliban\u00a0&#8211;\u00a01994&#8217;te Afganistan&#8217;da kurulan a\u015f\u0131r\u0131 \u0130slamc\u0131 bir hareket. 1996-2001 y\u0131llar\u0131nda Kuzey Pakistan&#8217;da Veziristan&#8217;\u0131 y\u00f6netti.<\/p>\n<p>Taliban m\u00fccadelesinin amac\u0131, Afganistan&#8217;\u0131 yabanc\u0131 g\u00fc\u00e7lerden kurtarmak ve \u015eeriat yasas\u0131n\u0131 tesis etmektir. BM G\u00fcvenlik Konseyi, 2003 y\u0131l\u0131nda Taliban&#8217;\u0131 ter\u00f6r \u00f6rg\u00fct\u00fc olarak tan\u0131d\u0131.<\/p>\n<p><strong><img decoding=\"async\" src=\"https:\/\/www.ermenihaber.am\/files\/images\/taliban-sozcusu-turkiye-i-570_2-41(1).jpg\" alt=\"\" \/><\/strong><\/p>\n<\/div>\n<div class=\"current-author fl cb\"><em><strong>Kaynak: <a class=\"a-none\" href=\"https:\/\/www.ermenihaber.am\/tr\/news\/2021\/07\/22\/Taliban-Afganistan-T%C3%BCrkiye\/212061\">Gazetekarinca.com<\/a><\/strong><\/em><\/div>\n<div><em><strong>https:\/\/www.ermenihaber.am\/tr\/news\/2021\/07\/22\/Taliban-Afganistan-T%C3%BCrkiye\/212061\u00a0<\/strong><\/em><\/div>\n<div class=\"cb\"><\/div>\n<div class=\"current-socials\">\n<div id=\"st-1\" class=\"sharethis-inline-share-buttons st-left  st-inline-share-buttons st-animated\">\n<div class=\"st-btn st-first\" data-network=\"facebook\"><\/div>\n<div class=\"st-btn\" data-network=\"twitter\"><\/div>\n<div class=\"st-btn\" data-network=\"pinterest\"><\/div>\n<div class=\"st-btn\" data-network=\"email\"><\/div>\n<div class=\"st-btn st-last\" data-network=\"sharethis\"><\/div>\n<\/div>\n<\/div>\n","protected":false},"excerpt":{"rendered":"<p>Taliban s\u00f6zc\u00fcs\u00fc Zabihullah M\u00fccahid, T\u00fcrkiye Cumhurba\u015fkan\u0131 Recep Tayyip Erdo\u011fan&#8217;\u0131n a\u00e7\u0131klamas\u0131na yan\u0131t verdi. Erdo\u011fan Afganistan&#8217;\u0131n ba\u015fkenti Kabil&#8217;deki havaalan\u0131n\u0131n korunmas\u0131n\u0131n T\u00fcrkiye&#8217;ye devredilmesiyle ilgili \u015fu ifadeleri dile getirmi\u015fti: &#8220;T\u00fcrkiye\u2019nin Taliban\u2019\u0131n inanc\u0131yla alakal\u0131 ters bir yan\u0131 yok. Daha iyi anla\u015fabilece\u011fimize ihtimal veriyorum.\u201d Taliban s\u00f6zc\u00fcs\u00fc TRT Arabi&#8217;ye verdi\u011fi r\u00f6portajda, T\u00fcrkiye ile iyi kom\u015fuluk ili\u015fkileri istediklerini s\u00f6yledi. \u201cT\u00fcrkiye ile iyi ili\u015fkiler [&hellip;]<\/p>\n","protected":false},"author":7,"featured_media":63921,"comment_status":"open","ping_status":"open","sticky":false,"template":"","format":"standard","meta":{"footnotes":""},"categories":[1],"tags":[],"class_list":["post-63920","post","type-post","status-publish","format-standard","has-post-thumbnail","hentry","category-haberler"],"yoast_head":"<!-- This site is optimized with the Yoast SEO plugin v27.4 - https:\/\/yoast.com\/product\/yoast-seo-wordpress\/ -->\n<title>&quot;Taliban&quot; hareketinin s\u00f6zc\u00fcs\u00fc: &quot;T\u00fcrkiye bizim karde\u015fimizdir&quot; - Bati Ermenistan Ve Bati Ermenileri Sorunlari Ara\u015ftirmalar Merkezi<\/title>\n<meta name=\"robots\" content=\"index, follow, max-snippet:-1, max-image-preview:large, max-video-preview:-1\" \/>\n<link rel=\"canonical\" href=\"https:\/\/akunq.net\/tr\/?p=63920\" \/>\n<meta property=\"og:locale\" content=\"en_US\" \/>\n<meta property=\"og:type\" content=\"article\" \/>\n<meta property=\"og:title\" content=\"&quot;Taliban&quot; hareketinin s\u00f6zc\u00fcs\u00fc: &quot;T\u00fcrkiye bizim karde\u015fimizdir&quot; - Bati Ermenistan Ve Bati Ermenileri Sorunlari Ara\u015ftirmalar Merkezi\" \/>\n<meta property=\"og:description\" content=\"Taliban s\u00f6zc\u00fcs\u00fc Zabihullah M\u00fccahid, T\u00fcrkiye Cumhurba\u015fkan\u0131 Recep Tayyip Erdo\u011fan&#8217;\u0131n a\u00e7\u0131klamas\u0131na yan\u0131t verdi. Erdo\u011fan Afganistan&#8217;\u0131n ba\u015fkenti Kabil&#8217;deki havaalan\u0131n\u0131n korunmas\u0131n\u0131n T\u00fcrkiye&#8217;ye devredilmesiyle ilgili \u015fu ifadeleri dile getirmi\u015fti: &#8220;T\u00fcrkiye\u2019nin Taliban\u2019\u0131n inanc\u0131yla alakal\u0131 ters bir yan\u0131 yok. Daha iyi anla\u015fabilece\u011fimize ihtimal veriyorum.\u201d Taliban s\u00f6zc\u00fcs\u00fc TRT Arabi&#8217;ye verdi\u011fi r\u00f6portajda, T\u00fcrkiye ile iyi kom\u015fuluk ili\u015fkileri istediklerini s\u00f6yledi. \u201cT\u00fcrkiye ile iyi ili\u015fkiler [&hellip;]\" \/>\n<meta property=\"og:url\" content=\"https:\/\/akunq.net\/tr\/?p=63920\" \/>\n<meta property=\"og:site_name\" content=\"Bati Ermenistan Ve Bati Ermenileri Sorunlari Ara\u015ftirmalar Merkezi\" \/>\n<meta property=\"article:published_time\" content=\"2021-07-23T06:41:29+00:00\" \/>\n<meta property=\"og:image\" content=\"https:\/\/akunq.net\/tr\/wp-content\/uploads\/sites\/6\/2021\/07\/Zabihullah-M\u00fccahid.jpg\" \/>\n\t<meta property=\"og:image:width\" content=\"750\" \/>\n\t<meta property=\"og:image:height\" content=\"505\" \/>\n\t<meta property=\"og:image:type\" content=\"image\/jpeg\" \/>\n<meta name=\"author\" content=\"admin\" \/>\n<meta name=\"twitter:card\" content=\"summary_large_image\" \/>\n<meta name=\"twitter:label1\" content=\"Written by\" \/>\n\t<meta name=\"twitter:data1\" content=\"admin\" \/>\n\t<meta name=\"twitter:label2\" content=\"Est. reading time\" \/>\n\t<meta name=\"twitter:data2\" content=\"1 minute\" \/>\n<script type=\"application\/ld+json\" class=\"yoast-schema-graph\">{\"@context\":\"https:\\\/\\\/schema.org\",\"@graph\":[{\"@type\":\"Article\",\"@id\":\"https:\\\/\\\/akunq.net\\\/tr\\\/?p=63920#article\",\"isPartOf\":{\"@id\":\"https:\\\/\\\/akunq.net\\\/tr\\\/?p=63920\"},\"author\":{\"name\":\"admin\",\"@id\":\"https:\\\/\\\/akunq.net\\\/tr\\\/#\\\/schema\\\/person\\\/096f1d38a12cce57fb855b485ed24c9e\"},\"headline\":\"&#8220;Taliban&#8221; hareketinin s\u00f6zc\u00fcs\u00fc: &#8220;T\u00fcrkiye bizim karde\u015fimizdir&#8221;\",\"datePublished\":\"2021-07-23T06:41:29+00:00\",\"mainEntityOfPage\":{\"@id\":\"https:\\\/\\\/akunq.net\\\/tr\\\/?p=63920\"},\"wordCount\":242,\"commentCount\":0,\"image\":{\"@id\":\"https:\\\/\\\/akunq.net\\\/tr\\\/?p=63920#primaryimage\"},\"thumbnailUrl\":\"https:\\\/\\\/akunq.net\\\/tr\\\/wp-content\\\/uploads\\\/sites\\\/6\\\/2021\\\/07\\\/Zabihullah-M\u00fccahid.jpg\",\"articleSection\":[\"Haberler\"],\"inLanguage\":\"en-US\",\"potentialAction\":[{\"@type\":\"CommentAction\",\"name\":\"Comment\",\"target\":[\"https:\\\/\\\/akunq.net\\\/tr\\\/?p=63920#respond\"]}]},{\"@type\":\"WebPage\",\"@id\":\"https:\\\/\\\/akunq.net\\\/tr\\\/?p=63920\",\"url\":\"https:\\\/\\\/akunq.net\\\/tr\\\/?p=63920\",\"name\":\"\\\"Taliban\\\" hareketinin s\u00f6zc\u00fcs\u00fc: \\\"T\u00fcrkiye bizim karde\u015fimizdir\\\" - Bati Ermenistan Ve Bati Ermenileri Sorunlari Ara\u015ftirmalar Merkezi\",\"isPartOf\":{\"@id\":\"https:\\\/\\\/akunq.net\\\/tr\\\/#website\"},\"primaryImageOfPage\":{\"@id\":\"https:\\\/\\\/akunq.net\\\/tr\\\/?p=63920#primaryimage\"},\"image\":{\"@id\":\"https:\\\/\\\/akunq.net\\\/tr\\\/?p=63920#primaryimage\"},\"thumbnailUrl\":\"https:\\\/\\\/akunq.net\\\/tr\\\/wp-content\\\/uploads\\\/sites\\\/6\\\/2021\\\/07\\\/Zabihullah-M\u00fccahid.jpg\",\"datePublished\":\"2021-07-23T06:41:29+00:00\",\"author\":{\"@id\":\"https:\\\/\\\/akunq.net\\\/tr\\\/#\\\/schema\\\/person\\\/096f1d38a12cce57fb855b485ed24c9e\"},\"breadcrumb\":{\"@id\":\"https:\\\/\\\/akunq.net\\\/tr\\\/?p=63920#breadcrumb\"},\"inLanguage\":\"en-US\",\"potentialAction\":[{\"@type\":\"ReadAction\",\"target\":[\"https:\\\/\\\/akunq.net\\\/tr\\\/?p=63920\"]}]},{\"@type\":\"ImageObject\",\"inLanguage\":\"en-US\",\"@id\":\"https:\\\/\\\/akunq.net\\\/tr\\\/?p=63920#primaryimage\",\"url\":\"https:\\\/\\\/akunq.net\\\/tr\\\/wp-content\\\/uploads\\\/sites\\\/6\\\/2021\\\/07\\\/Zabihullah-M\u00fccahid.jpg\",\"contentUrl\":\"https:\\\/\\\/akunq.net\\\/tr\\\/wp-content\\\/uploads\\\/sites\\\/6\\\/2021\\\/07\\\/Zabihullah-M\u00fccahid.jpg\",\"width\":750,\"height\":505},{\"@type\":\"BreadcrumbList\",\"@id\":\"https:\\\/\\\/akunq.net\\\/tr\\\/?p=63920#breadcrumb\",\"itemListElement\":[{\"@type\":\"ListItem\",\"position\":1,\"name\":\"Home\",\"item\":\"https:\\\/\\\/akunq.net\\\/tr\"},{\"@type\":\"ListItem\",\"position\":2,\"name\":\"&#8220;Taliban&#8221; hareketinin s\u00f6zc\u00fcs\u00fc: &#8220;T\u00fcrkiye bizim karde\u015fimizdir&#8221;\"}]},{\"@type\":\"WebSite\",\"@id\":\"https:\\\/\\\/akunq.net\\\/tr\\\/#website\",\"url\":\"https:\\\/\\\/akunq.net\\\/tr\\\/\",\"name\":\"Bati Ermenistan Ve Bati Ermenileri Sorunlari Ara\u015ftirmalar Merkezi\",\"description\":\"\",\"potentialAction\":[{\"@type\":\"SearchAction\",\"target\":{\"@type\":\"EntryPoint\",\"urlTemplate\":\"https:\\\/\\\/akunq.net\\\/tr\\\/?s={search_term_string}\"},\"query-input\":{\"@type\":\"PropertyValueSpecification\",\"valueRequired\":true,\"valueName\":\"search_term_string\"}}],\"inLanguage\":\"en-US\"},{\"@type\":\"Person\",\"@id\":\"https:\\\/\\\/akunq.net\\\/tr\\\/#\\\/schema\\\/person\\\/096f1d38a12cce57fb855b485ed24c9e\",\"name\":\"admin\",\"url\":\"https:\\\/\\\/akunq.net\\\/tr\\\/?author=7\"}]}<\/script>\n<!-- \/ Yoast SEO plugin. -->","yoast_head_json":{"title":"\"Taliban\" hareketinin s\u00f6zc\u00fcs\u00fc: \"T\u00fcrkiye bizim karde\u015fimizdir\" - Bati Ermenistan Ve Bati Ermenileri Sorunlari Ara\u015ftirmalar Merkezi","robots":{"index":"index","follow":"follow","max-snippet":"max-snippet:-1","max-image-preview":"max-image-preview:large","max-video-preview":"max-video-preview:-1"},"canonical":"https:\/\/akunq.net\/tr\/?p=63920","og_locale":"en_US","og_type":"article","og_title":"\"Taliban\" hareketinin s\u00f6zc\u00fcs\u00fc: \"T\u00fcrkiye bizim karde\u015fimizdir\" - Bati Ermenistan Ve Bati Ermenileri Sorunlari Ara\u015ftirmalar Merkezi","og_description":"Taliban s\u00f6zc\u00fcs\u00fc Zabihullah M\u00fccahid, T\u00fcrkiye Cumhurba\u015fkan\u0131 Recep Tayyip Erdo\u011fan&#8217;\u0131n a\u00e7\u0131klamas\u0131na yan\u0131t verdi. Erdo\u011fan Afganistan&#8217;\u0131n ba\u015fkenti Kabil&#8217;deki havaalan\u0131n\u0131n korunmas\u0131n\u0131n T\u00fcrkiye&#8217;ye devredilmesiyle ilgili \u015fu ifadeleri dile getirmi\u015fti: &#8220;T\u00fcrkiye\u2019nin Taliban\u2019\u0131n inanc\u0131yla alakal\u0131 ters bir yan\u0131 yok. Daha iyi anla\u015fabilece\u011fimize ihtimal veriyorum.\u201d Taliban s\u00f6zc\u00fcs\u00fc TRT Arabi&#8217;ye verdi\u011fi r\u00f6portajda, T\u00fcrkiye ile iyi kom\u015fuluk ili\u015fkileri istediklerini s\u00f6yledi. \u201cT\u00fcrkiye ile iyi ili\u015fkiler [&hellip;]","og_url":"https:\/\/akunq.net\/tr\/?p=63920","og_site_name":"Bati Ermenistan Ve Bati Ermenileri Sorunlari Ara\u015ftirmalar Merkezi","article_published_time":"2021-07-23T06:41:29+00:00","og_image":[{"width":750,"height":505,"url":"https:\/\/akunq.net\/tr\/wp-content\/uploads\/sites\/6\/2021\/07\/Zabihullah-M\u00fccahid.jpg","type":"image\/jpeg"}],"author":"admin","twitter_card":"summary_large_image","twitter_misc":{"Written by":"admin","Est. reading time":"1 minute"},"schema":{"@context":"https:\/\/schema.org","@graph":[{"@type":"Article","@id":"https:\/\/akunq.net\/tr\/?p=63920#article","isPartOf":{"@id":"https:\/\/akunq.net\/tr\/?p=63920"},"author":{"name":"admin","@id":"https:\/\/akunq.net\/tr\/#\/schema\/person\/096f1d38a12cce57fb855b485ed24c9e"},"headline":"&#8220;Taliban&#8221; hareketinin s\u00f6zc\u00fcs\u00fc: &#8220;T\u00fcrkiye bizim karde\u015fimizdir&#8221;","datePublished":"2021-07-23T06:41:29+00:00","mainEntityOfPage":{"@id":"https:\/\/akunq.net\/tr\/?p=63920"},"wordCount":242,"commentCount":0,"image":{"@id":"https:\/\/akunq.net\/tr\/?p=63920#primaryimage"},"thumbnailUrl":"https:\/\/akunq.net\/tr\/wp-content\/uploads\/sites\/6\/2021\/07\/Zabihullah-M\u00fccahid.jpg","articleSection":["Haberler"],"inLanguage":"en-US","potentialAction":[{"@type":"CommentAction","name":"Comment","target":["https:\/\/akunq.net\/tr\/?p=63920#respond"]}]},{"@type":"WebPage","@id":"https:\/\/akunq.net\/tr\/?p=63920","url":"https:\/\/akunq.net\/tr\/?p=63920","name":"\"Taliban\" hareketinin s\u00f6zc\u00fcs\u00fc: \"T\u00fcrkiye bizim karde\u015fimizdir\" - Bati Ermenistan Ve Bati Ermenileri Sorunlari Ara\u015ftirmalar Merkezi","isPartOf":{"@id":"https:\/\/akunq.net\/tr\/#website"},"primaryImageOfPage":{"@id":"https:\/\/akunq.net\/tr\/?p=63920#primaryimage"},"image":{"@id":"https:\/\/akunq.net\/tr\/?p=63920#primaryimage"},"thumbnailUrl":"https:\/\/akunq.net\/tr\/wp-content\/uploads\/sites\/6\/2021\/07\/Zabihullah-M\u00fccahid.jpg","datePublished":"2021-07-23T06:41:29+00:00","author":{"@id":"https:\/\/akunq.net\/tr\/#\/schema\/person\/096f1d38a12cce57fb855b485ed24c9e"},"breadcrumb":{"@id":"https:\/\/akunq.net\/tr\/?p=63920#breadcrumb"},"inLanguage":"en-US","potentialAction":[{"@type":"ReadAction","target":["https:\/\/akunq.net\/tr\/?p=63920"]}]},{"@type":"ImageObject","inLanguage":"en-US","@id":"https:\/\/akunq.net\/tr\/?p=63920#primaryimage","url":"https:\/\/akunq.net\/tr\/wp-content\/uploads\/sites\/6\/2021\/07\/Zabihullah-M\u00fccahid.jpg","contentUrl":"https:\/\/akunq.net\/tr\/wp-content\/uploads\/sites\/6\/2021\/07\/Zabihullah-M\u00fccahid.jpg","width":750,"height":505},{"@type":"BreadcrumbList","@id":"https:\/\/akunq.net\/tr\/?p=63920#breadcrumb","itemListElement":[{"@type":"ListItem","position":1,"name":"Home","item":"https:\/\/akunq.net\/tr"},{"@type":"ListItem","position":2,"name":"&#8220;Taliban&#8221; hareketinin s\u00f6zc\u00fcs\u00fc: &#8220;T\u00fcrkiye bizim karde\u015fimizdir&#8221;"}]},{"@type":"WebSite","@id":"https:\/\/akunq.net\/tr\/#website","url":"https:\/\/akunq.net\/tr\/","name":"Bati Ermenistan Ve Bati Ermenileri Sorunlari Ara\u015ftirmalar Merkezi","description":"","potentialAction":[{"@type":"SearchAction","target":{"@type":"EntryPoint","urlTemplate":"https:\/\/akunq.net\/tr\/?s={search_term_string}"},"query-input":{"@type":"PropertyValueSpecification","valueRequired":true,"valueName":"search_term_string"}}],"inLanguage":"en-US"},{"@type":"Person","@id":"https:\/\/akunq.net\/tr\/#\/schema\/person\/096f1d38a12cce57fb855b485ed24c9e","name":"admin","url":"https:\/\/akunq.net\/tr\/?author=7"}]}},"_links":{"self":[{"href":"https:\/\/akunq.net\/tr\/index.php?rest_route=\/wp\/v2\/posts\/63920","targetHints":{"allow":["GET"]}}],"collection":[{"href":"https:\/\/akunq.net\/tr\/index.php?rest_route=\/wp\/v2\/posts"}],"about":[{"href":"https:\/\/akunq.net\/tr\/index.php?rest_route=\/wp\/v2\/types\/post"}],"author":[{"embeddable":true,"href":"https:\/\/akunq.net\/tr\/index.php?rest_route=\/wp\/v2\/users\/7"}],"replies":[{"embeddable":true,"href":"https:\/\/akunq.net\/tr\/index.php?rest_route=%2Fwp%2Fv2%2Fcomments&post=63920"}],"version-history":[{"count":1,"href":"https:\/\/akunq.net\/tr\/index.php?rest_route=\/wp\/v2\/posts\/63920\/revisions"}],"predecessor-version":[{"id":63922,"href":"https:\/\/akunq.net\/tr\/index.php?rest_route=\/wp\/v2\/posts\/63920\/revisions\/63922"}],"wp:featuredmedia":[{"embeddable":true,"href":"https:\/\/akunq.net\/tr\/index.php?rest_route=\/wp\/v2\/media\/63921"}],"wp:attachment":[{"href":"https:\/\/akunq.net\/tr\/index.php?rest_route=%2Fwp%2Fv2%2Fmedia&parent=63920"}],"wp:term":[{"taxonomy":"category","embeddable":true,"href":"https:\/\/akunq.net\/tr\/index.php?rest_route=%2Fwp%2Fv2%2Fcategories&post=63920"},{"taxonomy":"post_tag","embeddable":true,"href":"https:\/\/akunq.net\/tr\/index.php?rest_route=%2Fwp%2Fv2%2Ftags&post=63920"}],"curies":[{"name":"wp","href":"https:\/\/api.w.org\/{rel}","templated":true}]}}