{"id":63916,"date":"2021-07-22T04:17:54","date_gmt":"2021-07-22T09:17:54","guid":{"rendered":"https:\/\/akunq.net\/tr\/?p=63916"},"modified":"2021-07-22T04:17:54","modified_gmt":"2021-07-22T09:17:54","slug":"konyada-kurt-aileye-yonelik-irkci-saldirida-yasamini-yitiren-hakim-dal-defnedildi","status":"publish","type":"post","link":"https:\/\/akunq.net\/tr\/?p=63916","title":{"rendered":"Konya\u2019da K\u00fcrt aileye y\u00f6nelik \u0131rk\u00e7\u0131 sald\u0131r\u0131da ya\u015fam\u0131n\u0131 yitiren Hakim Dal defnedildi"},"content":{"rendered":"<div class=\"spot\">\n<p><img loading=\"lazy\" decoding=\"async\" class=\"aligncenter size-medium wp-image-63917\" src=\"https:\/\/akunq.net\/tr\/wp-content\/uploads\/2021\/07\/Konya\u2019da-K\u00fcrt-aileye-y\u00f6nelik-\u0131rk\u00e7\u0131-sald\u0131r\u0131-360x240.jpg\" alt=\"\" width=\"360\" height=\"240\" srcset=\"https:\/\/akunq.net\/tr\/wp-content\/uploads\/sites\/6\/2021\/07\/Konya\u2019da-K\u00fcrt-aileye-y\u00f6nelik-\u0131rk\u00e7\u0131-sald\u0131r\u0131-360x240.jpg 360w, https:\/\/akunq.net\/tr\/wp-content\/uploads\/sites\/6\/2021\/07\/Konya\u2019da-K\u00fcrt-aileye-y\u00f6nelik-\u0131rk\u00e7\u0131-sald\u0131r\u0131-768x512.jpg 768w, https:\/\/akunq.net\/tr\/wp-content\/uploads\/sites\/6\/2021\/07\/Konya\u2019da-K\u00fcrt-aileye-y\u00f6nelik-\u0131rk\u00e7\u0131-sald\u0131r\u0131-560x373.jpg 560w, https:\/\/akunq.net\/tr\/wp-content\/uploads\/sites\/6\/2021\/07\/Konya\u2019da-K\u00fcrt-aileye-y\u00f6nelik-\u0131rk\u00e7\u0131-sald\u0131r\u0131-260x173.jpg 260w, https:\/\/akunq.net\/tr\/wp-content\/uploads\/sites\/6\/2021\/07\/Konya\u2019da-K\u00fcrt-aileye-y\u00f6nelik-\u0131rk\u00e7\u0131-sald\u0131r\u0131-160x107.jpg 160w, https:\/\/akunq.net\/tr\/wp-content\/uploads\/sites\/6\/2021\/07\/Konya\u2019da-K\u00fcrt-aileye-y\u00f6nelik-\u0131rk\u00e7\u0131-sald\u0131r\u0131.jpg 840w\" sizes=\"auto, (max-width: 360px) 100vw, 360px\" \/><\/p>\n<p><em><strong>Konya&#8217;n\u0131n Meram il\u00e7esinde yakla\u015f\u0131k 60 ki\u015filik \u0131rk\u00e7\u0131 bir grubun K\u00fcrt bir aileye sald\u0131r\u0131s\u0131nda Hakim Dal ya\u015fam\u0131n\u0131 yitirdi. Sald\u0131rgan grubun daha \u00f6nce de aileyi defalarca kez tehdit etti\u011fi \u00f6\u011frenildi.<\/strong><\/em><\/p>\n<\/div>\n<div class=\"article-header\">\n<div class=\"haber-gorsel\">\n<div class=\"btn btn-round btn-dark btn-sm card-blog-link\"><\/div>\n<\/div>\n<\/div>\n<div class=\"haber\">\n<div id=\"haber-reklam\" class=\"haber-metin\">\n<p>Konya\u2019n\u0131n Meram il\u00e7esine ba\u011fl\u0131 \u00c7ar\u0131kl\u0131k\u00f6y\u2019de 20 y\u0131ld\u0131r ikamet eden Diyarbak\u0131rl\u0131 aileye y\u00f6nelik \u0131rk\u00e7\u0131 bir sald\u0131r\u0131 ger\u00e7ekle\u015fti. Yakla\u015f\u0131k 60 ki\u015filik grup, K\u00fcrt aileye silahla sald\u0131rd\u0131. Sald\u0131r\u0131da aile fertlerinden Hakim Dal (43) \u00f6ld\u00fcr\u00fcld\u00fc. Karah\u00fcy\u00fck\u2019de ya\u015fayan sald\u0131rgan grubun daha \u00f6nce de aileyi defalarca kez tehdit etti\u011fi \u00f6\u011frenildi. Valilik ise olay\u0131n &#8220;etnik bir kavga&#8221; olmad\u0131\u011f\u0131n\u0131, &#8220;adli bir olay&#8221; oldu\u011funu savundu.<\/p>\n<p>Mezopotamya Ajans\u0131\u2019ndan (MA) Berna Ki\u015fin&#8217;e konu\u015fan, Hakim Dal&#8217;\u0131n karde\u015fi Hamdi Dal, K\u00fcrt olduklar\u0131 i\u00e7in sald\u0131r\u0131n\u0131n ger\u00e7ekle\u015fti\u011fini ifade etti. Dal, \u201cBiz K\u00fcrt oldu\u011fumuz i\u00e7in bizi istemiyorlard\u0131. Bize \u2018Buralar\u0131 sat\u0131p gideceksiniz\u2019 diyorlard\u0131. \u00c7evre k\u00f6ylerde ya\u015fayan insanlar da bize bask\u0131 yap\u0131yorlard\u0131, buradan gitmemizi istiyorlard\u0131. Daha \u00f6nce de zaman zaman bizi tehdit ettikleri oldu. Gece saatlerinde k\u00f6y\u00fcm\u00fczde bulunan bo\u015f arazide \u00e7obanlar hayvan otlat\u0131rken tart\u0131\u015fma ba\u015flad\u0131. Tart\u0131\u015fma sonras\u0131nda Karah\u00fcy\u00fck\u2019den en az 60 ki\u015filik bir grup silahlarla geldiler. \u00d6nce amcam\u0131n o\u011fluna sa\u00e7ma att\u0131lar. Biz \u00fc\u00e7 ki\u015fiydik ve \u00e7oban kavgas\u0131n\u0131 bahane ederek K\u00fcrt oldu\u011fumuz i\u00e7in keyfi olarak bize sald\u0131rd\u0131lar. A\u011fabeyim sald\u0131r\u0131da ya\u015fam\u0131n\u0131 yitirdi\u201d dedi.<\/p>\n<p>G\u00f6rg\u00fc tan\u0131klar\u0131ndan Mehmet Emin ise aileye y\u00f6nelik sald\u0131r\u0131lar\u0131n ilk olmad\u0131\u011f\u0131na dikkat \u00e7ekerek, \u201cAile hayvanc\u0131l\u0131kla ge\u00e7iniyor. Uzun zamand\u0131r bu k\u00f6yde ya\u015f\u0131yorlar. Daha \u00f6nce de aileye kar\u015f\u0131 en az 3 defa sald\u0131r\u0131 giri\u015fiminde bulunuldu. Olay\u0131n azmettiricisi de muhtard\u0131r. Muhtar k\u00f6yl\u00fcleri aileye kar\u015f\u0131 k\u0131\u015fk\u0131rt\u0131yordu. Muhtar g\u00f6zalt\u0131na al\u0131nd\u0131. Onun d\u0131\u015f\u0131nda g\u00f6zalt\u0131na al\u0131nan kimse yok\u201d \u015feklinde konu\u015ftu.<\/p>\n<h3>IRK\u00c7I SALDIRIDA KATLED\u0130LEN DAL DEFNED\u0130LD\u0130<\/h3>\n<p>Hakim Dal&#8217;\u0131n cenazesi, Konya \u015eehir Hastanesi&#8217;ndeki otopsi i\u015flemlerinin ard\u0131ndan yak\u0131nlar\u0131 taraf\u0131ndan al\u0131nd\u0131. Dal&#8217;\u0131n cenazesi, Tatl\u0131cak Mezarl\u0131\u011f\u0131&#8217;nda defnedildi. Halklar\u0131n Demokratik Partisi (HDP) Milletvekili Murat \u00c7epni ile \u00e7ok say\u0131da partili de cenaze t\u00f6renine kat\u0131ld\u0131.\u00a0T\u00f6ren s\u0131ras\u0131nda K\u00fcrt\u00e7e a\u011f\u0131tlar y\u00fckseldi.<\/p>\n<p>Konya\u2019n\u0131n Meram il\u00e7esinde bulunan Bah\u00e7e\u015fehir Mahallesi&#8217;nde ya\u015fayan bir K\u00fcrt aile de 12 Temmuz\u2019da ayn\u0131 mahallede ya\u015fayan \u0131rk\u00e7\u0131 grup sald\u0131rm\u0131\u015ft\u0131. \u201cBiz \u00fclk\u00fcc\u00fcy\u00fcz, sizi burada ya\u015fatmayaca\u011f\u0131z\u201d tehditleriyle sald\u0131r\u0131 ger\u00e7ekle\u015ftiren \u0131rk\u00e7\u0131 grup 4\u2019\u00fc kad\u0131n olan 7 ki\u015filik aileyi a\u011f\u0131r yaralam\u0131\u015ft\u0131.<\/p>\n<h3>KONYA VAL\u0130L\u0130\u011e\u0130NDEN A\u00c7IKLAMA<\/h3>\n<p>Olay ile ilgili a\u00e7\u0131klama yapan Konya Valili\u011fi ise, s\u00f6z konusu olay\u0131 &#8220;etnik bir kavga&#8221; olmad\u0131\u011f\u0131n\u0131 &#8220;adli bir olay&#8221; oldu\u011funu savundu.<\/p>\n<p>Valilikten yap\u0131lan a\u00e7\u0131klamada, \u015fu ifadelere yer verildi:<\/p>\n<p>&#8220;21.07.2021 tarihinde Konya Meram il\u00e7esi \u00c7ar\u0131klar Mahallesi&#8217;nde; 2012 y\u0131l\u0131ndan bu yana k\u00fc\u00e7\u00fckba\u015f hayvan yeti\u015ftiricili\u011fi yapan vatanda\u015flar\u0131m\u0131z\u0131n hayvanlar\u0131n\u0131n, bir ba\u015fka mahallede ikamet eden vatanda\u015flar\u0131m\u0131za ait tarlalara girmesi nedeniyle, iki mahalle sakinleri aras\u0131nda tart\u0131\u015fma \u00e7\u0131km\u0131\u015f, tart\u0131\u015fma b\u00fcy\u00fcyerek silahl\u0131, ta\u015fl\u0131-sopal\u0131 kavgaya d\u00f6n\u00fc\u015fm\u00fc\u015ft\u00fcr. B\u00f6lgeye gelen jandarma taraf\u0131ndan olay\u0131n yat\u0131\u015ft\u0131r\u0131ld\u0131\u011f\u0131 esnada, hayvan sahiplerinden Hakim Dal, kavga esnas\u0131nda ate\u015fli silahla yaralanm\u0131\u015f ve kald\u0131r\u0131ld\u0131\u011f\u0131 Konya \u015eehir Hastanesinde vefat etmi\u015ftir. Vefat eden vatanda\u015f\u0131m\u0131za Allah&#8217;tan rahmet diliyoruz. Olay, hayvanlar\u0131n mera ve tarlalara zarar vermesi \u00fczerine \u00e7\u0131kan husumetten kaynaklanmaktad\u0131r. Olayla ilgili \u00e7ok y\u00f6nl\u00fc adli soru\u015fturma devam etmektedir. S\u00f6z konusu olay, adli bir olay olup, belirli \u00e7evrelerce etnik bir kavga \u015feklinde yans\u0131t\u0131lmaya \u00e7al\u0131\u015fmakta, bu y\u00f6nde alg\u0131 olu\u015fturulmaktad\u0131r. Bu t\u00fcr provokatif payla\u015f\u0131mlara ve haberlere itibar edilmemelidir.&#8221;<\/p>\n<p><em><strong>https:\/\/www.evrensel.net\/haber\/438472\/konyada-kurt-aileye-yonelik-irkci-saldirida-yasamini-yitiren-hakim-dal-defnedildi\u00a0<\/strong><\/em><\/p>\n<\/div>\n<\/div>\n","protected":false},"excerpt":{"rendered":"<p>Konya&#8217;n\u0131n Meram il\u00e7esinde yakla\u015f\u0131k 60 ki\u015filik \u0131rk\u00e7\u0131 bir grubun K\u00fcrt bir aileye sald\u0131r\u0131s\u0131nda Hakim Dal ya\u015fam\u0131n\u0131 yitirdi. Sald\u0131rgan grubun daha \u00f6nce de aileyi defalarca kez tehdit etti\u011fi \u00f6\u011frenildi. Konya\u2019n\u0131n Meram il\u00e7esine ba\u011fl\u0131 \u00c7ar\u0131kl\u0131k\u00f6y\u2019de 20 y\u0131ld\u0131r ikamet eden Diyarbak\u0131rl\u0131 aileye y\u00f6nelik \u0131rk\u00e7\u0131 bir sald\u0131r\u0131 ger\u00e7ekle\u015fti. Yakla\u015f\u0131k 60 ki\u015filik grup, K\u00fcrt aileye silahla sald\u0131rd\u0131. Sald\u0131r\u0131da aile fertlerinden [&hellip;]<\/p>\n","protected":false},"author":7,"featured_media":63917,"comment_status":"open","ping_status":"open","sticky":false,"template":"","format":"standard","meta":{"footnotes":""},"categories":[1,53],"tags":[],"class_list":["post-63916","post","type-post","status-publish","format-standard","has-post-thumbnail","hentry","category-haberler","category-turkiyede-azinliklar"],"yoast_head":"<!-- This site is optimized with the Yoast SEO plugin v27.4 - https:\/\/yoast.com\/product\/yoast-seo-wordpress\/ -->\n<title>Konya\u2019da K\u00fcrt aileye y\u00f6nelik \u0131rk\u00e7\u0131 sald\u0131r\u0131da ya\u015fam\u0131n\u0131 yitiren Hakim Dal defnedildi - Bati Ermenistan Ve Bati Ermenileri Sorunlari Ara\u015ftirmalar Merkezi<\/title>\n<meta name=\"robots\" content=\"index, follow, max-snippet:-1, max-image-preview:large, max-video-preview:-1\" \/>\n<link rel=\"canonical\" href=\"https:\/\/akunq.net\/tr\/?p=63916\" \/>\n<meta property=\"og:locale\" content=\"en_US\" \/>\n<meta property=\"og:type\" content=\"article\" \/>\n<meta property=\"og:title\" content=\"Konya\u2019da K\u00fcrt aileye y\u00f6nelik \u0131rk\u00e7\u0131 sald\u0131r\u0131da ya\u015fam\u0131n\u0131 yitiren Hakim Dal defnedildi - Bati Ermenistan Ve Bati Ermenileri Sorunlari Ara\u015ftirmalar Merkezi\" \/>\n<meta property=\"og:description\" content=\"Konya&#8217;n\u0131n Meram il\u00e7esinde yakla\u015f\u0131k 60 ki\u015filik \u0131rk\u00e7\u0131 bir grubun K\u00fcrt bir aileye sald\u0131r\u0131s\u0131nda Hakim Dal ya\u015fam\u0131n\u0131 yitirdi. Sald\u0131rgan grubun daha \u00f6nce de aileyi defalarca kez tehdit etti\u011fi \u00f6\u011frenildi. Konya\u2019n\u0131n Meram il\u00e7esine ba\u011fl\u0131 \u00c7ar\u0131kl\u0131k\u00f6y\u2019de 20 y\u0131ld\u0131r ikamet eden Diyarbak\u0131rl\u0131 aileye y\u00f6nelik \u0131rk\u00e7\u0131 bir sald\u0131r\u0131 ger\u00e7ekle\u015fti. Yakla\u015f\u0131k 60 ki\u015filik grup, K\u00fcrt aileye silahla sald\u0131rd\u0131. Sald\u0131r\u0131da aile fertlerinden [&hellip;]\" \/>\n<meta property=\"og:url\" content=\"https:\/\/akunq.net\/tr\/?p=63916\" \/>\n<meta property=\"og:site_name\" content=\"Bati Ermenistan Ve Bati Ermenileri Sorunlari Ara\u015ftirmalar Merkezi\" \/>\n<meta property=\"article:published_time\" content=\"2021-07-22T09:17:54+00:00\" \/>\n<meta property=\"og:image\" content=\"https:\/\/akunq.net\/tr\/wp-content\/uploads\/sites\/6\/2021\/07\/Konya\u2019da-K\u00fcrt-aileye-y\u00f6nelik-\u0131rk\u00e7\u0131-sald\u0131r\u0131.jpg\" \/>\n\t<meta property=\"og:image:width\" content=\"840\" \/>\n\t<meta property=\"og:image:height\" content=\"560\" \/>\n\t<meta property=\"og:image:type\" content=\"image\/jpeg\" \/>\n<meta name=\"author\" content=\"admin\" \/>\n<meta name=\"twitter:card\" content=\"summary_large_image\" \/>\n<meta name=\"twitter:label1\" content=\"Written by\" \/>\n\t<meta name=\"twitter:data1\" content=\"admin\" \/>\n\t<meta name=\"twitter:label2\" content=\"Est. reading time\" \/>\n\t<meta name=\"twitter:data2\" content=\"3 minutes\" \/>\n<script type=\"application\/ld+json\" class=\"yoast-schema-graph\">{\"@context\":\"https:\\\/\\\/schema.org\",\"@graph\":[{\"@type\":\"Article\",\"@id\":\"https:\\\/\\\/akunq.net\\\/tr\\\/?p=63916#article\",\"isPartOf\":{\"@id\":\"https:\\\/\\\/akunq.net\\\/tr\\\/?p=63916\"},\"author\":{\"name\":\"admin\",\"@id\":\"https:\\\/\\\/akunq.net\\\/tr\\\/#\\\/schema\\\/person\\\/096f1d38a12cce57fb855b485ed24c9e\"},\"headline\":\"Konya\u2019da K\u00fcrt aileye y\u00f6nelik \u0131rk\u00e7\u0131 sald\u0131r\u0131da ya\u015fam\u0131n\u0131 yitiren Hakim Dal defnedildi\",\"datePublished\":\"2021-07-22T09:17:54+00:00\",\"mainEntityOfPage\":{\"@id\":\"https:\\\/\\\/akunq.net\\\/tr\\\/?p=63916\"},\"wordCount\":701,\"commentCount\":0,\"image\":{\"@id\":\"https:\\\/\\\/akunq.net\\\/tr\\\/?p=63916#primaryimage\"},\"thumbnailUrl\":\"https:\\\/\\\/akunq.net\\\/tr\\\/wp-content\\\/uploads\\\/sites\\\/6\\\/2021\\\/07\\\/Konya\u2019da-K\u00fcrt-aileye-y\u00f6nelik-\u0131rk\u00e7\u0131-sald\u0131r\u0131.jpg\",\"articleSection\":[\"Haberler\",\"T\u00fcrkiye\u2019de Az\u0131nl\u0131klar\"],\"inLanguage\":\"en-US\",\"potentialAction\":[{\"@type\":\"CommentAction\",\"name\":\"Comment\",\"target\":[\"https:\\\/\\\/akunq.net\\\/tr\\\/?p=63916#respond\"]}]},{\"@type\":\"WebPage\",\"@id\":\"https:\\\/\\\/akunq.net\\\/tr\\\/?p=63916\",\"url\":\"https:\\\/\\\/akunq.net\\\/tr\\\/?p=63916\",\"name\":\"Konya\u2019da K\u00fcrt aileye y\u00f6nelik \u0131rk\u00e7\u0131 sald\u0131r\u0131da ya\u015fam\u0131n\u0131 yitiren Hakim Dal defnedildi - Bati Ermenistan Ve Bati Ermenileri Sorunlari Ara\u015ftirmalar Merkezi\",\"isPartOf\":{\"@id\":\"https:\\\/\\\/akunq.net\\\/tr\\\/#website\"},\"primaryImageOfPage\":{\"@id\":\"https:\\\/\\\/akunq.net\\\/tr\\\/?p=63916#primaryimage\"},\"image\":{\"@id\":\"https:\\\/\\\/akunq.net\\\/tr\\\/?p=63916#primaryimage\"},\"thumbnailUrl\":\"https:\\\/\\\/akunq.net\\\/tr\\\/wp-content\\\/uploads\\\/sites\\\/6\\\/2021\\\/07\\\/Konya\u2019da-K\u00fcrt-aileye-y\u00f6nelik-\u0131rk\u00e7\u0131-sald\u0131r\u0131.jpg\",\"datePublished\":\"2021-07-22T09:17:54+00:00\",\"author\":{\"@id\":\"https:\\\/\\\/akunq.net\\\/tr\\\/#\\\/schema\\\/person\\\/096f1d38a12cce57fb855b485ed24c9e\"},\"breadcrumb\":{\"@id\":\"https:\\\/\\\/akunq.net\\\/tr\\\/?p=63916#breadcrumb\"},\"inLanguage\":\"en-US\",\"potentialAction\":[{\"@type\":\"ReadAction\",\"target\":[\"https:\\\/\\\/akunq.net\\\/tr\\\/?p=63916\"]}]},{\"@type\":\"ImageObject\",\"inLanguage\":\"en-US\",\"@id\":\"https:\\\/\\\/akunq.net\\\/tr\\\/?p=63916#primaryimage\",\"url\":\"https:\\\/\\\/akunq.net\\\/tr\\\/wp-content\\\/uploads\\\/sites\\\/6\\\/2021\\\/07\\\/Konya\u2019da-K\u00fcrt-aileye-y\u00f6nelik-\u0131rk\u00e7\u0131-sald\u0131r\u0131.jpg\",\"contentUrl\":\"https:\\\/\\\/akunq.net\\\/tr\\\/wp-content\\\/uploads\\\/sites\\\/6\\\/2021\\\/07\\\/Konya\u2019da-K\u00fcrt-aileye-y\u00f6nelik-\u0131rk\u00e7\u0131-sald\u0131r\u0131.jpg\",\"width\":840,\"height\":560},{\"@type\":\"BreadcrumbList\",\"@id\":\"https:\\\/\\\/akunq.net\\\/tr\\\/?p=63916#breadcrumb\",\"itemListElement\":[{\"@type\":\"ListItem\",\"position\":1,\"name\":\"Home\",\"item\":\"https:\\\/\\\/akunq.net\\\/tr\"},{\"@type\":\"ListItem\",\"position\":2,\"name\":\"Konya\u2019da K\u00fcrt aileye y\u00f6nelik \u0131rk\u00e7\u0131 sald\u0131r\u0131da ya\u015fam\u0131n\u0131 yitiren Hakim Dal defnedildi\"}]},{\"@type\":\"WebSite\",\"@id\":\"https:\\\/\\\/akunq.net\\\/tr\\\/#website\",\"url\":\"https:\\\/\\\/akunq.net\\\/tr\\\/\",\"name\":\"Bati Ermenistan Ve Bati Ermenileri Sorunlari Ara\u015ftirmalar Merkezi\",\"description\":\"\",\"potentialAction\":[{\"@type\":\"SearchAction\",\"target\":{\"@type\":\"EntryPoint\",\"urlTemplate\":\"https:\\\/\\\/akunq.net\\\/tr\\\/?s={search_term_string}\"},\"query-input\":{\"@type\":\"PropertyValueSpecification\",\"valueRequired\":true,\"valueName\":\"search_term_string\"}}],\"inLanguage\":\"en-US\"},{\"@type\":\"Person\",\"@id\":\"https:\\\/\\\/akunq.net\\\/tr\\\/#\\\/schema\\\/person\\\/096f1d38a12cce57fb855b485ed24c9e\",\"name\":\"admin\",\"url\":\"https:\\\/\\\/akunq.net\\\/tr\\\/?author=7\"}]}<\/script>\n<!-- \/ Yoast SEO plugin. -->","yoast_head_json":{"title":"Konya\u2019da K\u00fcrt aileye y\u00f6nelik \u0131rk\u00e7\u0131 sald\u0131r\u0131da ya\u015fam\u0131n\u0131 yitiren Hakim Dal defnedildi - Bati Ermenistan Ve Bati Ermenileri Sorunlari Ara\u015ftirmalar Merkezi","robots":{"index":"index","follow":"follow","max-snippet":"max-snippet:-1","max-image-preview":"max-image-preview:large","max-video-preview":"max-video-preview:-1"},"canonical":"https:\/\/akunq.net\/tr\/?p=63916","og_locale":"en_US","og_type":"article","og_title":"Konya\u2019da K\u00fcrt aileye y\u00f6nelik \u0131rk\u00e7\u0131 sald\u0131r\u0131da ya\u015fam\u0131n\u0131 yitiren Hakim Dal defnedildi - Bati Ermenistan Ve Bati Ermenileri Sorunlari Ara\u015ftirmalar Merkezi","og_description":"Konya&#8217;n\u0131n Meram il\u00e7esinde yakla\u015f\u0131k 60 ki\u015filik \u0131rk\u00e7\u0131 bir grubun K\u00fcrt bir aileye sald\u0131r\u0131s\u0131nda Hakim Dal ya\u015fam\u0131n\u0131 yitirdi. Sald\u0131rgan grubun daha \u00f6nce de aileyi defalarca kez tehdit etti\u011fi \u00f6\u011frenildi. Konya\u2019n\u0131n Meram il\u00e7esine ba\u011fl\u0131 \u00c7ar\u0131kl\u0131k\u00f6y\u2019de 20 y\u0131ld\u0131r ikamet eden Diyarbak\u0131rl\u0131 aileye y\u00f6nelik \u0131rk\u00e7\u0131 bir sald\u0131r\u0131 ger\u00e7ekle\u015fti. Yakla\u015f\u0131k 60 ki\u015filik grup, K\u00fcrt aileye silahla sald\u0131rd\u0131. Sald\u0131r\u0131da aile fertlerinden [&hellip;]","og_url":"https:\/\/akunq.net\/tr\/?p=63916","og_site_name":"Bati Ermenistan Ve Bati Ermenileri Sorunlari Ara\u015ftirmalar Merkezi","article_published_time":"2021-07-22T09:17:54+00:00","og_image":[{"width":840,"height":560,"url":"https:\/\/akunq.net\/tr\/wp-content\/uploads\/sites\/6\/2021\/07\/Konya\u2019da-K\u00fcrt-aileye-y\u00f6nelik-\u0131rk\u00e7\u0131-sald\u0131r\u0131.jpg","type":"image\/jpeg"}],"author":"admin","twitter_card":"summary_large_image","twitter_misc":{"Written by":"admin","Est. reading time":"3 minutes"},"schema":{"@context":"https:\/\/schema.org","@graph":[{"@type":"Article","@id":"https:\/\/akunq.net\/tr\/?p=63916#article","isPartOf":{"@id":"https:\/\/akunq.net\/tr\/?p=63916"},"author":{"name":"admin","@id":"https:\/\/akunq.net\/tr\/#\/schema\/person\/096f1d38a12cce57fb855b485ed24c9e"},"headline":"Konya\u2019da K\u00fcrt aileye y\u00f6nelik \u0131rk\u00e7\u0131 sald\u0131r\u0131da ya\u015fam\u0131n\u0131 yitiren Hakim Dal defnedildi","datePublished":"2021-07-22T09:17:54+00:00","mainEntityOfPage":{"@id":"https:\/\/akunq.net\/tr\/?p=63916"},"wordCount":701,"commentCount":0,"image":{"@id":"https:\/\/akunq.net\/tr\/?p=63916#primaryimage"},"thumbnailUrl":"https:\/\/akunq.net\/tr\/wp-content\/uploads\/sites\/6\/2021\/07\/Konya\u2019da-K\u00fcrt-aileye-y\u00f6nelik-\u0131rk\u00e7\u0131-sald\u0131r\u0131.jpg","articleSection":["Haberler","T\u00fcrkiye\u2019de Az\u0131nl\u0131klar"],"inLanguage":"en-US","potentialAction":[{"@type":"CommentAction","name":"Comment","target":["https:\/\/akunq.net\/tr\/?p=63916#respond"]}]},{"@type":"WebPage","@id":"https:\/\/akunq.net\/tr\/?p=63916","url":"https:\/\/akunq.net\/tr\/?p=63916","name":"Konya\u2019da K\u00fcrt aileye y\u00f6nelik \u0131rk\u00e7\u0131 sald\u0131r\u0131da ya\u015fam\u0131n\u0131 yitiren Hakim Dal defnedildi - Bati Ermenistan Ve Bati Ermenileri Sorunlari Ara\u015ftirmalar Merkezi","isPartOf":{"@id":"https:\/\/akunq.net\/tr\/#website"},"primaryImageOfPage":{"@id":"https:\/\/akunq.net\/tr\/?p=63916#primaryimage"},"image":{"@id":"https:\/\/akunq.net\/tr\/?p=63916#primaryimage"},"thumbnailUrl":"https:\/\/akunq.net\/tr\/wp-content\/uploads\/sites\/6\/2021\/07\/Konya\u2019da-K\u00fcrt-aileye-y\u00f6nelik-\u0131rk\u00e7\u0131-sald\u0131r\u0131.jpg","datePublished":"2021-07-22T09:17:54+00:00","author":{"@id":"https:\/\/akunq.net\/tr\/#\/schema\/person\/096f1d38a12cce57fb855b485ed24c9e"},"breadcrumb":{"@id":"https:\/\/akunq.net\/tr\/?p=63916#breadcrumb"},"inLanguage":"en-US","potentialAction":[{"@type":"ReadAction","target":["https:\/\/akunq.net\/tr\/?p=63916"]}]},{"@type":"ImageObject","inLanguage":"en-US","@id":"https:\/\/akunq.net\/tr\/?p=63916#primaryimage","url":"https:\/\/akunq.net\/tr\/wp-content\/uploads\/sites\/6\/2021\/07\/Konya\u2019da-K\u00fcrt-aileye-y\u00f6nelik-\u0131rk\u00e7\u0131-sald\u0131r\u0131.jpg","contentUrl":"https:\/\/akunq.net\/tr\/wp-content\/uploads\/sites\/6\/2021\/07\/Konya\u2019da-K\u00fcrt-aileye-y\u00f6nelik-\u0131rk\u00e7\u0131-sald\u0131r\u0131.jpg","width":840,"height":560},{"@type":"BreadcrumbList","@id":"https:\/\/akunq.net\/tr\/?p=63916#breadcrumb","itemListElement":[{"@type":"ListItem","position":1,"name":"Home","item":"https:\/\/akunq.net\/tr"},{"@type":"ListItem","position":2,"name":"Konya\u2019da K\u00fcrt aileye y\u00f6nelik \u0131rk\u00e7\u0131 sald\u0131r\u0131da ya\u015fam\u0131n\u0131 yitiren Hakim Dal defnedildi"}]},{"@type":"WebSite","@id":"https:\/\/akunq.net\/tr\/#website","url":"https:\/\/akunq.net\/tr\/","name":"Bati Ermenistan Ve Bati Ermenileri Sorunlari Ara\u015ftirmalar Merkezi","description":"","potentialAction":[{"@type":"SearchAction","target":{"@type":"EntryPoint","urlTemplate":"https:\/\/akunq.net\/tr\/?s={search_term_string}"},"query-input":{"@type":"PropertyValueSpecification","valueRequired":true,"valueName":"search_term_string"}}],"inLanguage":"en-US"},{"@type":"Person","@id":"https:\/\/akunq.net\/tr\/#\/schema\/person\/096f1d38a12cce57fb855b485ed24c9e","name":"admin","url":"https:\/\/akunq.net\/tr\/?author=7"}]}},"_links":{"self":[{"href":"https:\/\/akunq.net\/tr\/index.php?rest_route=\/wp\/v2\/posts\/63916","targetHints":{"allow":["GET"]}}],"collection":[{"href":"https:\/\/akunq.net\/tr\/index.php?rest_route=\/wp\/v2\/posts"}],"about":[{"href":"https:\/\/akunq.net\/tr\/index.php?rest_route=\/wp\/v2\/types\/post"}],"author":[{"embeddable":true,"href":"https:\/\/akunq.net\/tr\/index.php?rest_route=\/wp\/v2\/users\/7"}],"replies":[{"embeddable":true,"href":"https:\/\/akunq.net\/tr\/index.php?rest_route=%2Fwp%2Fv2%2Fcomments&post=63916"}],"version-history":[{"count":1,"href":"https:\/\/akunq.net\/tr\/index.php?rest_route=\/wp\/v2\/posts\/63916\/revisions"}],"predecessor-version":[{"id":63918,"href":"https:\/\/akunq.net\/tr\/index.php?rest_route=\/wp\/v2\/posts\/63916\/revisions\/63918"}],"wp:featuredmedia":[{"embeddable":true,"href":"https:\/\/akunq.net\/tr\/index.php?rest_route=\/wp\/v2\/media\/63917"}],"wp:attachment":[{"href":"https:\/\/akunq.net\/tr\/index.php?rest_route=%2Fwp%2Fv2%2Fmedia&parent=63916"}],"wp:term":[{"taxonomy":"category","embeddable":true,"href":"https:\/\/akunq.net\/tr\/index.php?rest_route=%2Fwp%2Fv2%2Fcategories&post=63916"},{"taxonomy":"post_tag","embeddable":true,"href":"https:\/\/akunq.net\/tr\/index.php?rest_route=%2Fwp%2Fv2%2Ftags&post=63916"}],"curies":[{"name":"wp","href":"https:\/\/api.w.org\/{rel}","templated":true}]}}