{"id":63910,"date":"2021-07-22T03:40:50","date_gmt":"2021-07-22T08:40:50","guid":{"rendered":"https:\/\/akunq.net\/tr\/?p=63910"},"modified":"2021-07-22T03:40:50","modified_gmt":"2021-07-22T08:40:50","slug":"marmara-gazetesi-emektarlarindan-garo-hamamciyan-hayatini-kaybetti","status":"publish","type":"post","link":"https:\/\/akunq.net\/tr\/?p=63910","title":{"rendered":"Marmara Gazetesi emektarlar\u0131ndan Garo Hamamc\u0131yan hayat\u0131n\u0131 kaybetti"},"content":{"rendered":"<p><img loading=\"lazy\" decoding=\"async\" class=\"aligncenter size-medium wp-image-63911\" src=\"https:\/\/akunq.net\/tr\/wp-content\/uploads\/2021\/07\/Garo-Hamamc\u0131yan-348x270.jpg\" alt=\"\" width=\"348\" height=\"270\" srcset=\"https:\/\/akunq.net\/tr\/wp-content\/uploads\/sites\/6\/2021\/07\/Garo-Hamamc\u0131yan-348x270.jpg 348w, https:\/\/akunq.net\/tr\/wp-content\/uploads\/sites\/6\/2021\/07\/Garo-Hamamc\u0131yan-768x596.jpg 768w, https:\/\/akunq.net\/tr\/wp-content\/uploads\/sites\/6\/2021\/07\/Garo-Hamamc\u0131yan-1536x1191.jpg 1536w, https:\/\/akunq.net\/tr\/wp-content\/uploads\/sites\/6\/2021\/07\/Garo-Hamamc\u0131yan-2048x1589.jpg 2048w, https:\/\/akunq.net\/tr\/wp-content\/uploads\/sites\/6\/2021\/07\/Garo-Hamamc\u0131yan-560x434.jpg 560w, https:\/\/akunq.net\/tr\/wp-content\/uploads\/sites\/6\/2021\/07\/Garo-Hamamc\u0131yan-260x202.jpg 260w, https:\/\/akunq.net\/tr\/wp-content\/uploads\/sites\/6\/2021\/07\/Garo-Hamamc\u0131yan-160x124.jpg 160w\" sizes=\"auto, (max-width: 348px) 100vw, 348px\" \/><\/p>\n<p><em><strong>Uzun y\u0131llar Nor Marmara Gazetesi&#8217;ne emek veren Garo Hamamc\u0131yan bir s\u00fcredir COV\u0130D-19 tedavisi g\u00f6r\u00fcyordu.<\/strong><\/em><\/p>\n<p>Hamamc\u0131yan&#8217;\u0131n COV\u0130D-19 tedavisi s\u00fcrecinde ge\u00e7irdi\u011fi kalp krizi nedeniyle hayat\u0131n\u0131 kaybetti\u011fi a\u00e7\u0131kland\u0131.<\/p>\n<p>1956 y\u0131l\u0131nda do\u011fan Garo Hamamc\u0131yan yakla\u015f\u0131k 40 y\u0131ld\u0131r Marmara Gazetesine muhabir ve foto muhabiri olarak emek vermi\u015fti.<\/p>\n<p>Hamamc\u0131yan ayn\u0131 zamanda Ferik\u00f6y Kilisesi Vakf\u0131 Y\u00f6netim Kurulu \u00fcyesi ve Hal\u0131c\u0131o\u011flu Ermeni Mezarl\u0131\u011f\u0131 y\u00f6neticisi olarak da toplum i\u00e7inde faaliyetler y\u00fcr\u00fct\u00fcyordu.<\/p>\n<p>Garo Hamamc\u0131yan i\u00e7in 24 Temmuz\u00a0 Cumartesi g\u00fcn\u00fc saat 11.00&#8217;de Hal\u0131c\u0131o\u011flu Ermeni Mezarl\u0131\u011f\u0131&#8217;nda cenaze t\u00f6reni d\u00fczenlenecek.<\/p>\n<p>Agos olarak Hamamc\u0131yan ve Nor Marmara ailesine ba\u015fsa\u011fl\u0131\u011f\u0131 dileriz.<\/p>\n<p><em><strong>http:\/\/www.agos.com.tr\/tr\/yazi\/25950\/marmara-gazetesi-emektarlarindan-garo-hamamciyan-hayatini-kaybetti\u00a0<\/strong><\/em><\/p>\n","protected":false},"excerpt":{"rendered":"<p>Uzun y\u0131llar Nor Marmara Gazetesi&#8217;ne emek veren Garo Hamamc\u0131yan bir s\u00fcredir COV\u0130D-19 tedavisi g\u00f6r\u00fcyordu. Hamamc\u0131yan&#8217;\u0131n COV\u0130D-19 tedavisi s\u00fcrecinde ge\u00e7irdi\u011fi kalp krizi nedeniyle hayat\u0131n\u0131 kaybetti\u011fi a\u00e7\u0131kland\u0131. 1956 y\u0131l\u0131nda do\u011fan Garo Hamamc\u0131yan yakla\u015f\u0131k 40 y\u0131ld\u0131r Marmara Gazetesine muhabir ve foto muhabiri olarak emek vermi\u015fti. Hamamc\u0131yan ayn\u0131 zamanda Ferik\u00f6y Kilisesi Vakf\u0131 Y\u00f6netim Kurulu \u00fcyesi ve Hal\u0131c\u0131o\u011flu Ermeni Mezarl\u0131\u011f\u0131 [&hellip;]<\/p>\n","protected":false},"author":7,"featured_media":63911,"comment_status":"open","ping_status":"open","sticky":false,"template":"","format":"standard","meta":{"footnotes":""},"categories":[1],"tags":[],"class_list":["post-63910","post","type-post","status-publish","format-standard","has-post-thumbnail","hentry","category-haberler"],"yoast_head":"<!-- This site is optimized with the Yoast SEO plugin v27.4 - https:\/\/yoast.com\/product\/yoast-seo-wordpress\/ -->\n<title>Marmara Gazetesi emektarlar\u0131ndan Garo Hamamc\u0131yan hayat\u0131n\u0131 kaybetti - Bati Ermenistan Ve Bati Ermenileri Sorunlari Ara\u015ftirmalar Merkezi<\/title>\n<meta name=\"robots\" content=\"index, follow, max-snippet:-1, max-image-preview:large, max-video-preview:-1\" \/>\n<link rel=\"canonical\" href=\"https:\/\/akunq.net\/tr\/?p=63910\" \/>\n<meta property=\"og:locale\" content=\"en_US\" \/>\n<meta property=\"og:type\" content=\"article\" \/>\n<meta property=\"og:title\" content=\"Marmara Gazetesi emektarlar\u0131ndan Garo Hamamc\u0131yan hayat\u0131n\u0131 kaybetti - Bati Ermenistan Ve Bati Ermenileri Sorunlari Ara\u015ftirmalar Merkezi\" \/>\n<meta property=\"og:description\" content=\"Uzun y\u0131llar Nor Marmara Gazetesi&#8217;ne emek veren Garo Hamamc\u0131yan bir s\u00fcredir COV\u0130D-19 tedavisi g\u00f6r\u00fcyordu. Hamamc\u0131yan&#8217;\u0131n COV\u0130D-19 tedavisi s\u00fcrecinde ge\u00e7irdi\u011fi kalp krizi nedeniyle hayat\u0131n\u0131 kaybetti\u011fi a\u00e7\u0131kland\u0131. 1956 y\u0131l\u0131nda do\u011fan Garo Hamamc\u0131yan yakla\u015f\u0131k 40 y\u0131ld\u0131r Marmara Gazetesine muhabir ve foto muhabiri olarak emek vermi\u015fti. Hamamc\u0131yan ayn\u0131 zamanda Ferik\u00f6y Kilisesi Vakf\u0131 Y\u00f6netim Kurulu \u00fcyesi ve Hal\u0131c\u0131o\u011flu Ermeni Mezarl\u0131\u011f\u0131 [&hellip;]\" \/>\n<meta property=\"og:url\" content=\"https:\/\/akunq.net\/tr\/?p=63910\" \/>\n<meta property=\"og:site_name\" content=\"Bati Ermenistan Ve Bati Ermenileri Sorunlari Ara\u015ftirmalar Merkezi\" \/>\n<meta property=\"article:published_time\" content=\"2021-07-22T08:40:50+00:00\" \/>\n<meta property=\"og:image\" content=\"https:\/\/akunq.net\/tr\/wp-content\/uploads\/sites\/6\/2021\/07\/Garo-Hamamc\u0131yan.jpg\" \/>\n\t<meta property=\"og:image:width\" content=\"2229\" \/>\n\t<meta property=\"og:image:height\" content=\"1729\" \/>\n\t<meta property=\"og:image:type\" content=\"image\/jpeg\" \/>\n<meta name=\"author\" content=\"admin\" \/>\n<meta name=\"twitter:card\" content=\"summary_large_image\" \/>\n<meta name=\"twitter:label1\" content=\"Written by\" \/>\n\t<meta name=\"twitter:data1\" content=\"admin\" \/>\n\t<meta name=\"twitter:label2\" content=\"Est. reading time\" \/>\n\t<meta name=\"twitter:data2\" content=\"1 minute\" \/>\n<script type=\"application\/ld+json\" class=\"yoast-schema-graph\">{\"@context\":\"https:\\\/\\\/schema.org\",\"@graph\":[{\"@type\":\"Article\",\"@id\":\"https:\\\/\\\/akunq.net\\\/tr\\\/?p=63910#article\",\"isPartOf\":{\"@id\":\"https:\\\/\\\/akunq.net\\\/tr\\\/?p=63910\"},\"author\":{\"name\":\"admin\",\"@id\":\"https:\\\/\\\/akunq.net\\\/tr\\\/#\\\/schema\\\/person\\\/096f1d38a12cce57fb855b485ed24c9e\"},\"headline\":\"Marmara Gazetesi emektarlar\u0131ndan Garo Hamamc\u0131yan hayat\u0131n\u0131 kaybetti\",\"datePublished\":\"2021-07-22T08:40:50+00:00\",\"mainEntityOfPage\":{\"@id\":\"https:\\\/\\\/akunq.net\\\/tr\\\/?p=63910\"},\"wordCount\":147,\"commentCount\":0,\"image\":{\"@id\":\"https:\\\/\\\/akunq.net\\\/tr\\\/?p=63910#primaryimage\"},\"thumbnailUrl\":\"https:\\\/\\\/akunq.net\\\/tr\\\/wp-content\\\/uploads\\\/sites\\\/6\\\/2021\\\/07\\\/Garo-Hamamc\u0131yan.jpg\",\"articleSection\":[\"Haberler\"],\"inLanguage\":\"en-US\",\"potentialAction\":[{\"@type\":\"CommentAction\",\"name\":\"Comment\",\"target\":[\"https:\\\/\\\/akunq.net\\\/tr\\\/?p=63910#respond\"]}]},{\"@type\":\"WebPage\",\"@id\":\"https:\\\/\\\/akunq.net\\\/tr\\\/?p=63910\",\"url\":\"https:\\\/\\\/akunq.net\\\/tr\\\/?p=63910\",\"name\":\"Marmara Gazetesi emektarlar\u0131ndan Garo Hamamc\u0131yan hayat\u0131n\u0131 kaybetti - Bati Ermenistan Ve Bati Ermenileri Sorunlari Ara\u015ftirmalar Merkezi\",\"isPartOf\":{\"@id\":\"https:\\\/\\\/akunq.net\\\/tr\\\/#website\"},\"primaryImageOfPage\":{\"@id\":\"https:\\\/\\\/akunq.net\\\/tr\\\/?p=63910#primaryimage\"},\"image\":{\"@id\":\"https:\\\/\\\/akunq.net\\\/tr\\\/?p=63910#primaryimage\"},\"thumbnailUrl\":\"https:\\\/\\\/akunq.net\\\/tr\\\/wp-content\\\/uploads\\\/sites\\\/6\\\/2021\\\/07\\\/Garo-Hamamc\u0131yan.jpg\",\"datePublished\":\"2021-07-22T08:40:50+00:00\",\"author\":{\"@id\":\"https:\\\/\\\/akunq.net\\\/tr\\\/#\\\/schema\\\/person\\\/096f1d38a12cce57fb855b485ed24c9e\"},\"breadcrumb\":{\"@id\":\"https:\\\/\\\/akunq.net\\\/tr\\\/?p=63910#breadcrumb\"},\"inLanguage\":\"en-US\",\"potentialAction\":[{\"@type\":\"ReadAction\",\"target\":[\"https:\\\/\\\/akunq.net\\\/tr\\\/?p=63910\"]}]},{\"@type\":\"ImageObject\",\"inLanguage\":\"en-US\",\"@id\":\"https:\\\/\\\/akunq.net\\\/tr\\\/?p=63910#primaryimage\",\"url\":\"https:\\\/\\\/akunq.net\\\/tr\\\/wp-content\\\/uploads\\\/sites\\\/6\\\/2021\\\/07\\\/Garo-Hamamc\u0131yan.jpg\",\"contentUrl\":\"https:\\\/\\\/akunq.net\\\/tr\\\/wp-content\\\/uploads\\\/sites\\\/6\\\/2021\\\/07\\\/Garo-Hamamc\u0131yan.jpg\",\"width\":2229,\"height\":1729},{\"@type\":\"BreadcrumbList\",\"@id\":\"https:\\\/\\\/akunq.net\\\/tr\\\/?p=63910#breadcrumb\",\"itemListElement\":[{\"@type\":\"ListItem\",\"position\":1,\"name\":\"Home\",\"item\":\"https:\\\/\\\/akunq.net\\\/tr\"},{\"@type\":\"ListItem\",\"position\":2,\"name\":\"Marmara Gazetesi emektarlar\u0131ndan Garo Hamamc\u0131yan hayat\u0131n\u0131 kaybetti\"}]},{\"@type\":\"WebSite\",\"@id\":\"https:\\\/\\\/akunq.net\\\/tr\\\/#website\",\"url\":\"https:\\\/\\\/akunq.net\\\/tr\\\/\",\"name\":\"Bati Ermenistan Ve Bati Ermenileri Sorunlari Ara\u015ftirmalar Merkezi\",\"description\":\"\",\"potentialAction\":[{\"@type\":\"SearchAction\",\"target\":{\"@type\":\"EntryPoint\",\"urlTemplate\":\"https:\\\/\\\/akunq.net\\\/tr\\\/?s={search_term_string}\"},\"query-input\":{\"@type\":\"PropertyValueSpecification\",\"valueRequired\":true,\"valueName\":\"search_term_string\"}}],\"inLanguage\":\"en-US\"},{\"@type\":\"Person\",\"@id\":\"https:\\\/\\\/akunq.net\\\/tr\\\/#\\\/schema\\\/person\\\/096f1d38a12cce57fb855b485ed24c9e\",\"name\":\"admin\",\"url\":\"https:\\\/\\\/akunq.net\\\/tr\\\/?author=7\"}]}<\/script>\n<!-- \/ Yoast SEO plugin. -->","yoast_head_json":{"title":"Marmara Gazetesi emektarlar\u0131ndan Garo Hamamc\u0131yan hayat\u0131n\u0131 kaybetti - Bati Ermenistan Ve Bati Ermenileri Sorunlari Ara\u015ftirmalar Merkezi","robots":{"index":"index","follow":"follow","max-snippet":"max-snippet:-1","max-image-preview":"max-image-preview:large","max-video-preview":"max-video-preview:-1"},"canonical":"https:\/\/akunq.net\/tr\/?p=63910","og_locale":"en_US","og_type":"article","og_title":"Marmara Gazetesi emektarlar\u0131ndan Garo Hamamc\u0131yan hayat\u0131n\u0131 kaybetti - Bati Ermenistan Ve Bati Ermenileri Sorunlari Ara\u015ftirmalar Merkezi","og_description":"Uzun y\u0131llar Nor Marmara Gazetesi&#8217;ne emek veren Garo Hamamc\u0131yan bir s\u00fcredir COV\u0130D-19 tedavisi g\u00f6r\u00fcyordu. Hamamc\u0131yan&#8217;\u0131n COV\u0130D-19 tedavisi s\u00fcrecinde ge\u00e7irdi\u011fi kalp krizi nedeniyle hayat\u0131n\u0131 kaybetti\u011fi a\u00e7\u0131kland\u0131. 1956 y\u0131l\u0131nda do\u011fan Garo Hamamc\u0131yan yakla\u015f\u0131k 40 y\u0131ld\u0131r Marmara Gazetesine muhabir ve foto muhabiri olarak emek vermi\u015fti. Hamamc\u0131yan ayn\u0131 zamanda Ferik\u00f6y Kilisesi Vakf\u0131 Y\u00f6netim Kurulu \u00fcyesi ve Hal\u0131c\u0131o\u011flu Ermeni Mezarl\u0131\u011f\u0131 [&hellip;]","og_url":"https:\/\/akunq.net\/tr\/?p=63910","og_site_name":"Bati Ermenistan Ve Bati Ermenileri Sorunlari Ara\u015ftirmalar Merkezi","article_published_time":"2021-07-22T08:40:50+00:00","og_image":[{"width":2229,"height":1729,"url":"https:\/\/akunq.net\/tr\/wp-content\/uploads\/sites\/6\/2021\/07\/Garo-Hamamc\u0131yan.jpg","type":"image\/jpeg"}],"author":"admin","twitter_card":"summary_large_image","twitter_misc":{"Written by":"admin","Est. reading time":"1 minute"},"schema":{"@context":"https:\/\/schema.org","@graph":[{"@type":"Article","@id":"https:\/\/akunq.net\/tr\/?p=63910#article","isPartOf":{"@id":"https:\/\/akunq.net\/tr\/?p=63910"},"author":{"name":"admin","@id":"https:\/\/akunq.net\/tr\/#\/schema\/person\/096f1d38a12cce57fb855b485ed24c9e"},"headline":"Marmara Gazetesi emektarlar\u0131ndan Garo Hamamc\u0131yan hayat\u0131n\u0131 kaybetti","datePublished":"2021-07-22T08:40:50+00:00","mainEntityOfPage":{"@id":"https:\/\/akunq.net\/tr\/?p=63910"},"wordCount":147,"commentCount":0,"image":{"@id":"https:\/\/akunq.net\/tr\/?p=63910#primaryimage"},"thumbnailUrl":"https:\/\/akunq.net\/tr\/wp-content\/uploads\/sites\/6\/2021\/07\/Garo-Hamamc\u0131yan.jpg","articleSection":["Haberler"],"inLanguage":"en-US","potentialAction":[{"@type":"CommentAction","name":"Comment","target":["https:\/\/akunq.net\/tr\/?p=63910#respond"]}]},{"@type":"WebPage","@id":"https:\/\/akunq.net\/tr\/?p=63910","url":"https:\/\/akunq.net\/tr\/?p=63910","name":"Marmara Gazetesi emektarlar\u0131ndan Garo Hamamc\u0131yan hayat\u0131n\u0131 kaybetti - Bati Ermenistan Ve Bati Ermenileri Sorunlari Ara\u015ftirmalar Merkezi","isPartOf":{"@id":"https:\/\/akunq.net\/tr\/#website"},"primaryImageOfPage":{"@id":"https:\/\/akunq.net\/tr\/?p=63910#primaryimage"},"image":{"@id":"https:\/\/akunq.net\/tr\/?p=63910#primaryimage"},"thumbnailUrl":"https:\/\/akunq.net\/tr\/wp-content\/uploads\/sites\/6\/2021\/07\/Garo-Hamamc\u0131yan.jpg","datePublished":"2021-07-22T08:40:50+00:00","author":{"@id":"https:\/\/akunq.net\/tr\/#\/schema\/person\/096f1d38a12cce57fb855b485ed24c9e"},"breadcrumb":{"@id":"https:\/\/akunq.net\/tr\/?p=63910#breadcrumb"},"inLanguage":"en-US","potentialAction":[{"@type":"ReadAction","target":["https:\/\/akunq.net\/tr\/?p=63910"]}]},{"@type":"ImageObject","inLanguage":"en-US","@id":"https:\/\/akunq.net\/tr\/?p=63910#primaryimage","url":"https:\/\/akunq.net\/tr\/wp-content\/uploads\/sites\/6\/2021\/07\/Garo-Hamamc\u0131yan.jpg","contentUrl":"https:\/\/akunq.net\/tr\/wp-content\/uploads\/sites\/6\/2021\/07\/Garo-Hamamc\u0131yan.jpg","width":2229,"height":1729},{"@type":"BreadcrumbList","@id":"https:\/\/akunq.net\/tr\/?p=63910#breadcrumb","itemListElement":[{"@type":"ListItem","position":1,"name":"Home","item":"https:\/\/akunq.net\/tr"},{"@type":"ListItem","position":2,"name":"Marmara Gazetesi emektarlar\u0131ndan Garo Hamamc\u0131yan hayat\u0131n\u0131 kaybetti"}]},{"@type":"WebSite","@id":"https:\/\/akunq.net\/tr\/#website","url":"https:\/\/akunq.net\/tr\/","name":"Bati Ermenistan Ve Bati Ermenileri Sorunlari Ara\u015ftirmalar Merkezi","description":"","potentialAction":[{"@type":"SearchAction","target":{"@type":"EntryPoint","urlTemplate":"https:\/\/akunq.net\/tr\/?s={search_term_string}"},"query-input":{"@type":"PropertyValueSpecification","valueRequired":true,"valueName":"search_term_string"}}],"inLanguage":"en-US"},{"@type":"Person","@id":"https:\/\/akunq.net\/tr\/#\/schema\/person\/096f1d38a12cce57fb855b485ed24c9e","name":"admin","url":"https:\/\/akunq.net\/tr\/?author=7"}]}},"_links":{"self":[{"href":"https:\/\/akunq.net\/tr\/index.php?rest_route=\/wp\/v2\/posts\/63910","targetHints":{"allow":["GET"]}}],"collection":[{"href":"https:\/\/akunq.net\/tr\/index.php?rest_route=\/wp\/v2\/posts"}],"about":[{"href":"https:\/\/akunq.net\/tr\/index.php?rest_route=\/wp\/v2\/types\/post"}],"author":[{"embeddable":true,"href":"https:\/\/akunq.net\/tr\/index.php?rest_route=\/wp\/v2\/users\/7"}],"replies":[{"embeddable":true,"href":"https:\/\/akunq.net\/tr\/index.php?rest_route=%2Fwp%2Fv2%2Fcomments&post=63910"}],"version-history":[{"count":1,"href":"https:\/\/akunq.net\/tr\/index.php?rest_route=\/wp\/v2\/posts\/63910\/revisions"}],"predecessor-version":[{"id":63912,"href":"https:\/\/akunq.net\/tr\/index.php?rest_route=\/wp\/v2\/posts\/63910\/revisions\/63912"}],"wp:featuredmedia":[{"embeddable":true,"href":"https:\/\/akunq.net\/tr\/index.php?rest_route=\/wp\/v2\/media\/63911"}],"wp:attachment":[{"href":"https:\/\/akunq.net\/tr\/index.php?rest_route=%2Fwp%2Fv2%2Fmedia&parent=63910"}],"wp:term":[{"taxonomy":"category","embeddable":true,"href":"https:\/\/akunq.net\/tr\/index.php?rest_route=%2Fwp%2Fv2%2Fcategories&post=63910"},{"taxonomy":"post_tag","embeddable":true,"href":"https:\/\/akunq.net\/tr\/index.php?rest_route=%2Fwp%2Fv2%2Ftags&post=63910"}],"curies":[{"name":"wp","href":"https:\/\/api.w.org\/{rel}","templated":true}]}}