{"id":63888,"date":"2021-07-21T03:01:20","date_gmt":"2021-07-21T08:01:20","guid":{"rendered":"https:\/\/akunq.net\/tr\/?p=63888"},"modified":"2021-07-21T03:01:20","modified_gmt":"2021-07-21T08:01:20","slug":"tarihi-nodar-han-ve-hana-ait-kemerli-kuyu-define-avcilari-tarafindan-talan-edildi","status":"publish","type":"post","link":"https:\/\/akunq.net\/tr\/?p=63888","title":{"rendered":"Tarihi Nodar Han ve hana ait kemerli kuyu define avc\u0131lar\u0131 taraf\u0131ndan talan edildi"},"content":{"rendered":"<p><img loading=\"lazy\" decoding=\"async\" class=\"aligncenter size-medium wp-image-63889\" src=\"https:\/\/akunq.net\/tr\/wp-content\/uploads\/2021\/07\/Tarihi-Nodar-Han-360x191.jpg\" alt=\"\" width=\"360\" height=\"191\" srcset=\"https:\/\/akunq.net\/tr\/wp-content\/uploads\/sites\/6\/2021\/07\/Tarihi-Nodar-Han-360x191.jpg 360w, https:\/\/akunq.net\/tr\/wp-content\/uploads\/sites\/6\/2021\/07\/Tarihi-Nodar-Han-560x298.jpg 560w, https:\/\/akunq.net\/tr\/wp-content\/uploads\/sites\/6\/2021\/07\/Tarihi-Nodar-Han-260x138.jpg 260w, https:\/\/akunq.net\/tr\/wp-content\/uploads\/sites\/6\/2021\/07\/Tarihi-Nodar-Han-160x85.jpg 160w, https:\/\/akunq.net\/tr\/wp-content\/uploads\/sites\/6\/2021\/07\/Tarihi-Nodar-Han.jpg 705w\" sizes=\"auto, (max-width: 360px) 100vw, 360px\" \/><\/p>\n<p><em><strong>Antalya\u2019n\u0131n Akseki il\u00e7esinde 17-18. y\u00fczy\u0131lda yap\u0131ld\u0131\u011f\u0131 tahmin edilen Nodar Han, kalan tek kemeriyle zamana direnmeye \u00e7al\u0131\u015f\u0131rken son 30 y\u0131lda define avc\u0131lar\u0131 taraf\u0131ndan talan edildi.<\/strong><\/em><\/p>\n<p>Antalya\u2019n\u0131n Akseki il\u00e7esinde iki da\u011f\u0131n aras\u0131ndaki vadide bulunan Nodar Han\u2019\u0131n tek kemeri ayakta kalabildi. Han\u0131n bir\u00e7ok b\u00f6l\u00fcm\u00fc kaz\u0131l\u0131p y\u0131k\u0131larak tahrip edildi. Sadece tarihi han de\u011fil, handa konaklayanlar\u0131n su ihtiya\u00e7lar\u0131n\u0131 kar\u015f\u0131lamak i\u00e7in ta\u015ftan yap\u0131lm\u0131\u015f kemerli kuyuda define avc\u0131lar\u0131 taraf\u0131ndan talan edildi.<\/p>\n<p>Alacabel civar\u0131nda hayvanlar\u0131n\u0131 otlatmak i\u00e7in yaylaya \u00e7\u0131kan Ramazan Topaca, \u201cBu han bizim \u00e7ocuklu\u011fumuzda dimdik ayaktayd\u0131. Burada tahminen 6-7 kemer vard\u0131. \u015eimdi ise sadece bir kemer ayakta kalm\u0131\u015f durumda. \u00c7ocuklu\u011fumuzda buran\u0131n muhte\u015fem bir g\u00f6r\u00fcn\u00fcm\u00fc vard\u0131. Bir otel gibiydi. Bu tarihi han zaman\u0131nda Antalya, Akseki, Bozk\u0131r ve Konya\u2019dan develerle y\u00fck \u00e7ekerlerken, bu han otel gibi u\u011frak yeriymi\u015f. Zaman i\u00e7erisinde ka\u00e7ak kaz\u0131 yapanlar bu han\u0131 tahrip etmi\u015fler ve bu hale getirmi\u015fler. Biz eskiden bu han\u0131n \u00f6nceki halini bildi\u011fimiz i\u00e7in \u015fimdi t\u00fcylerimiz diken diken oluyor\u201d dedi.<\/p>\n<p><strong>\u2018Nodar Han\u2019\u0131n \u00fczeri kapal\u0131 ve sa\u011flamd\u0131\u2019<\/strong><\/p>\n<p>Hana ait kemerle ta\u015f yap\u0131 kuyunun da bulundu\u011funu aktaran Topaca, kuyunun da bir b\u00f6l\u00fcm\u00fcn\u00fcn tahrip edildi\u011fini s\u00f6yledi.<\/p>\n<p>Hayvanlar\u0131n\u0131 otlatmak i\u00e7in yaylaya \u00e7\u0131kan Ali \u00d6z ise 1974 y\u0131l\u0131ndan bu yana Toroslar\u2019da bu b\u00f6lgede hayvanc\u0131l\u0131k yapt\u0131\u011f\u0131n\u0131 ve b\u00f6lgeyi iyi bildi\u011fini belirterek \u201cNodar Han\u2019\u0131n \u00fczeri kapal\u0131 ve sa\u011flamd\u0131. Defineciler buralara \u00e7ok geldi gitti. Ne yapt\u0131klar\u0131n\u0131 bilmiyorum. Han\u0131n etraf\u0131 ve i\u00e7erisi kaz\u0131lm\u0131\u015f. Biz ekim ay\u0131 sonlar\u0131nda g\u00f6\u00e7 ederiz. Biz gittikten sonra define avc\u0131lar\u0131 yine buralara gelerek ka\u00e7ak olarak kaz\u0131 yap\u0131yorlar. Eskiden Bozk\u0131r ve Konya\u2019dan y\u00fck \u00e7ekerlermi\u015f. Burada kardan k\u0131\u015ftan bu hana s\u0131\u011f\u0131n\u0131rlarm\u0131\u015f. \u015eimdi handan eser yok\u201d \u015feklinde konu\u015ftu.<\/p>\n<p>B\u00f6lgede ya\u015fayan emekli sanat tarihi \u00f6\u011fretmeni \u0130brahim Ekmek\u00e7i, han\u0131n tamamen kaba yontu ta\u015f malzeme kullan\u0131larak in\u015fa edildi\u011fini s\u00f6yledi.<\/p>\n<p>Ekmek\u00e7i, \u201cYap\u0131, mevcut durum itibar\u0131yla sadece bar\u0131nak k\u0131sm\u0131ndan olu\u015fan hanlar grubuna girmektedir. Akseki ve Bozk\u0131r t\u00fcccarlar\u0131n\u0131n mallar\u0131n\u0131 satmak i\u00e7in yola \u00e7\u0131kt\u0131klar\u0131nda hayvanlar\u0131n\u0131n ve kendilerinin dinlenebildikleri tek nokta olmal\u0131d\u0131r\u201d diye konu\u015ftu.<\/p>\n<p><em><strong>https:\/\/tr.sputniknews.com\/turkiye\/202107201045007370-tarihi-nodar-han-ve-hana-ait-kemerli-kuyu-define-avcilari-tarafindan-talan-edildi\/\u00a0<\/strong><\/em><\/p>\n","protected":false},"excerpt":{"rendered":"<p>Antalya\u2019n\u0131n Akseki il\u00e7esinde 17-18. y\u00fczy\u0131lda yap\u0131ld\u0131\u011f\u0131 tahmin edilen Nodar Han, kalan tek kemeriyle zamana direnmeye \u00e7al\u0131\u015f\u0131rken son 30 y\u0131lda define avc\u0131lar\u0131 taraf\u0131ndan talan edildi. Antalya\u2019n\u0131n Akseki il\u00e7esinde iki da\u011f\u0131n aras\u0131ndaki vadide bulunan Nodar Han\u2019\u0131n tek kemeri ayakta kalabildi. Han\u0131n bir\u00e7ok b\u00f6l\u00fcm\u00fc kaz\u0131l\u0131p y\u0131k\u0131larak tahrip edildi. Sadece tarihi han de\u011fil, handa konaklayanlar\u0131n su ihtiya\u00e7lar\u0131n\u0131 kar\u015f\u0131lamak i\u00e7in [&hellip;]<\/p>\n","protected":false},"author":7,"featured_media":63889,"comment_status":"open","ping_status":"open","sticky":false,"template":"","format":"standard","meta":{"footnotes":""},"categories":[1],"tags":[],"class_list":["post-63888","post","type-post","status-publish","format-standard","has-post-thumbnail","hentry","category-haberler"],"yoast_head":"<!-- This site is optimized with the Yoast SEO plugin v27.4 - https:\/\/yoast.com\/product\/yoast-seo-wordpress\/ -->\n<title>Tarihi Nodar Han ve hana ait kemerli kuyu define avc\u0131lar\u0131 taraf\u0131ndan talan edildi - Bati Ermenistan Ve Bati Ermenileri Sorunlari Ara\u015ftirmalar Merkezi<\/title>\n<meta name=\"robots\" content=\"index, follow, max-snippet:-1, max-image-preview:large, max-video-preview:-1\" \/>\n<link rel=\"canonical\" href=\"https:\/\/akunq.net\/tr\/?p=63888\" \/>\n<meta property=\"og:locale\" content=\"en_US\" \/>\n<meta property=\"og:type\" content=\"article\" \/>\n<meta property=\"og:title\" content=\"Tarihi Nodar Han ve hana ait kemerli kuyu define avc\u0131lar\u0131 taraf\u0131ndan talan edildi - Bati Ermenistan Ve Bati Ermenileri Sorunlari Ara\u015ftirmalar Merkezi\" \/>\n<meta property=\"og:description\" content=\"Antalya\u2019n\u0131n Akseki il\u00e7esinde 17-18. y\u00fczy\u0131lda yap\u0131ld\u0131\u011f\u0131 tahmin edilen Nodar Han, kalan tek kemeriyle zamana direnmeye \u00e7al\u0131\u015f\u0131rken son 30 y\u0131lda define avc\u0131lar\u0131 taraf\u0131ndan talan edildi. Antalya\u2019n\u0131n Akseki il\u00e7esinde iki da\u011f\u0131n aras\u0131ndaki vadide bulunan Nodar Han\u2019\u0131n tek kemeri ayakta kalabildi. Han\u0131n bir\u00e7ok b\u00f6l\u00fcm\u00fc kaz\u0131l\u0131p y\u0131k\u0131larak tahrip edildi. Sadece tarihi han de\u011fil, handa konaklayanlar\u0131n su ihtiya\u00e7lar\u0131n\u0131 kar\u015f\u0131lamak i\u00e7in [&hellip;]\" \/>\n<meta property=\"og:url\" content=\"https:\/\/akunq.net\/tr\/?p=63888\" \/>\n<meta property=\"og:site_name\" content=\"Bati Ermenistan Ve Bati Ermenileri Sorunlari Ara\u015ftirmalar Merkezi\" \/>\n<meta property=\"article:published_time\" content=\"2021-07-21T08:01:20+00:00\" \/>\n<meta property=\"og:image\" content=\"https:\/\/akunq.net\/tr\/wp-content\/uploads\/sites\/6\/2021\/07\/Tarihi-Nodar-Han.jpg\" \/>\n\t<meta property=\"og:image:width\" content=\"705\" \/>\n\t<meta property=\"og:image:height\" content=\"375\" \/>\n\t<meta property=\"og:image:type\" content=\"image\/jpeg\" \/>\n<meta name=\"author\" content=\"admin\" \/>\n<meta name=\"twitter:card\" content=\"summary_large_image\" \/>\n<meta name=\"twitter:label1\" content=\"Written by\" \/>\n\t<meta name=\"twitter:data1\" content=\"admin\" \/>\n\t<meta name=\"twitter:label2\" content=\"Est. reading time\" \/>\n\t<meta name=\"twitter:data2\" content=\"2 minutes\" \/>\n<script type=\"application\/ld+json\" class=\"yoast-schema-graph\">{\"@context\":\"https:\\\/\\\/schema.org\",\"@graph\":[{\"@type\":\"Article\",\"@id\":\"https:\\\/\\\/akunq.net\\\/tr\\\/?p=63888#article\",\"isPartOf\":{\"@id\":\"https:\\\/\\\/akunq.net\\\/tr\\\/?p=63888\"},\"author\":{\"name\":\"admin\",\"@id\":\"https:\\\/\\\/akunq.net\\\/tr\\\/#\\\/schema\\\/person\\\/096f1d38a12cce57fb855b485ed24c9e\"},\"headline\":\"Tarihi Nodar Han ve hana ait kemerli kuyu define avc\u0131lar\u0131 taraf\u0131ndan talan edildi\",\"datePublished\":\"2021-07-21T08:01:20+00:00\",\"mainEntityOfPage\":{\"@id\":\"https:\\\/\\\/akunq.net\\\/tr\\\/?p=63888\"},\"wordCount\":435,\"commentCount\":0,\"image\":{\"@id\":\"https:\\\/\\\/akunq.net\\\/tr\\\/?p=63888#primaryimage\"},\"thumbnailUrl\":\"https:\\\/\\\/akunq.net\\\/tr\\\/wp-content\\\/uploads\\\/sites\\\/6\\\/2021\\\/07\\\/Tarihi-Nodar-Han.jpg\",\"articleSection\":[\"Haberler\"],\"inLanguage\":\"en-US\",\"potentialAction\":[{\"@type\":\"CommentAction\",\"name\":\"Comment\",\"target\":[\"https:\\\/\\\/akunq.net\\\/tr\\\/?p=63888#respond\"]}]},{\"@type\":\"WebPage\",\"@id\":\"https:\\\/\\\/akunq.net\\\/tr\\\/?p=63888\",\"url\":\"https:\\\/\\\/akunq.net\\\/tr\\\/?p=63888\",\"name\":\"Tarihi Nodar Han ve hana ait kemerli kuyu define avc\u0131lar\u0131 taraf\u0131ndan talan edildi - Bati Ermenistan Ve Bati Ermenileri Sorunlari Ara\u015ftirmalar Merkezi\",\"isPartOf\":{\"@id\":\"https:\\\/\\\/akunq.net\\\/tr\\\/#website\"},\"primaryImageOfPage\":{\"@id\":\"https:\\\/\\\/akunq.net\\\/tr\\\/?p=63888#primaryimage\"},\"image\":{\"@id\":\"https:\\\/\\\/akunq.net\\\/tr\\\/?p=63888#primaryimage\"},\"thumbnailUrl\":\"https:\\\/\\\/akunq.net\\\/tr\\\/wp-content\\\/uploads\\\/sites\\\/6\\\/2021\\\/07\\\/Tarihi-Nodar-Han.jpg\",\"datePublished\":\"2021-07-21T08:01:20+00:00\",\"author\":{\"@id\":\"https:\\\/\\\/akunq.net\\\/tr\\\/#\\\/schema\\\/person\\\/096f1d38a12cce57fb855b485ed24c9e\"},\"breadcrumb\":{\"@id\":\"https:\\\/\\\/akunq.net\\\/tr\\\/?p=63888#breadcrumb\"},\"inLanguage\":\"en-US\",\"potentialAction\":[{\"@type\":\"ReadAction\",\"target\":[\"https:\\\/\\\/akunq.net\\\/tr\\\/?p=63888\"]}]},{\"@type\":\"ImageObject\",\"inLanguage\":\"en-US\",\"@id\":\"https:\\\/\\\/akunq.net\\\/tr\\\/?p=63888#primaryimage\",\"url\":\"https:\\\/\\\/akunq.net\\\/tr\\\/wp-content\\\/uploads\\\/sites\\\/6\\\/2021\\\/07\\\/Tarihi-Nodar-Han.jpg\",\"contentUrl\":\"https:\\\/\\\/akunq.net\\\/tr\\\/wp-content\\\/uploads\\\/sites\\\/6\\\/2021\\\/07\\\/Tarihi-Nodar-Han.jpg\",\"width\":705,\"height\":375},{\"@type\":\"BreadcrumbList\",\"@id\":\"https:\\\/\\\/akunq.net\\\/tr\\\/?p=63888#breadcrumb\",\"itemListElement\":[{\"@type\":\"ListItem\",\"position\":1,\"name\":\"Home\",\"item\":\"https:\\\/\\\/akunq.net\\\/tr\"},{\"@type\":\"ListItem\",\"position\":2,\"name\":\"Tarihi Nodar Han ve hana ait kemerli kuyu define avc\u0131lar\u0131 taraf\u0131ndan talan edildi\"}]},{\"@type\":\"WebSite\",\"@id\":\"https:\\\/\\\/akunq.net\\\/tr\\\/#website\",\"url\":\"https:\\\/\\\/akunq.net\\\/tr\\\/\",\"name\":\"Bati Ermenistan Ve Bati Ermenileri Sorunlari Ara\u015ftirmalar Merkezi\",\"description\":\"\",\"potentialAction\":[{\"@type\":\"SearchAction\",\"target\":{\"@type\":\"EntryPoint\",\"urlTemplate\":\"https:\\\/\\\/akunq.net\\\/tr\\\/?s={search_term_string}\"},\"query-input\":{\"@type\":\"PropertyValueSpecification\",\"valueRequired\":true,\"valueName\":\"search_term_string\"}}],\"inLanguage\":\"en-US\"},{\"@type\":\"Person\",\"@id\":\"https:\\\/\\\/akunq.net\\\/tr\\\/#\\\/schema\\\/person\\\/096f1d38a12cce57fb855b485ed24c9e\",\"name\":\"admin\",\"url\":\"https:\\\/\\\/akunq.net\\\/tr\\\/?author=7\"}]}<\/script>\n<!-- \/ Yoast SEO plugin. -->","yoast_head_json":{"title":"Tarihi Nodar Han ve hana ait kemerli kuyu define avc\u0131lar\u0131 taraf\u0131ndan talan edildi - Bati Ermenistan Ve Bati Ermenileri Sorunlari Ara\u015ftirmalar Merkezi","robots":{"index":"index","follow":"follow","max-snippet":"max-snippet:-1","max-image-preview":"max-image-preview:large","max-video-preview":"max-video-preview:-1"},"canonical":"https:\/\/akunq.net\/tr\/?p=63888","og_locale":"en_US","og_type":"article","og_title":"Tarihi Nodar Han ve hana ait kemerli kuyu define avc\u0131lar\u0131 taraf\u0131ndan talan edildi - Bati Ermenistan Ve Bati Ermenileri Sorunlari Ara\u015ftirmalar Merkezi","og_description":"Antalya\u2019n\u0131n Akseki il\u00e7esinde 17-18. y\u00fczy\u0131lda yap\u0131ld\u0131\u011f\u0131 tahmin edilen Nodar Han, kalan tek kemeriyle zamana direnmeye \u00e7al\u0131\u015f\u0131rken son 30 y\u0131lda define avc\u0131lar\u0131 taraf\u0131ndan talan edildi. Antalya\u2019n\u0131n Akseki il\u00e7esinde iki da\u011f\u0131n aras\u0131ndaki vadide bulunan Nodar Han\u2019\u0131n tek kemeri ayakta kalabildi. Han\u0131n bir\u00e7ok b\u00f6l\u00fcm\u00fc kaz\u0131l\u0131p y\u0131k\u0131larak tahrip edildi. Sadece tarihi han de\u011fil, handa konaklayanlar\u0131n su ihtiya\u00e7lar\u0131n\u0131 kar\u015f\u0131lamak i\u00e7in [&hellip;]","og_url":"https:\/\/akunq.net\/tr\/?p=63888","og_site_name":"Bati Ermenistan Ve Bati Ermenileri Sorunlari Ara\u015ftirmalar Merkezi","article_published_time":"2021-07-21T08:01:20+00:00","og_image":[{"width":705,"height":375,"url":"https:\/\/akunq.net\/tr\/wp-content\/uploads\/sites\/6\/2021\/07\/Tarihi-Nodar-Han.jpg","type":"image\/jpeg"}],"author":"admin","twitter_card":"summary_large_image","twitter_misc":{"Written by":"admin","Est. reading time":"2 minutes"},"schema":{"@context":"https:\/\/schema.org","@graph":[{"@type":"Article","@id":"https:\/\/akunq.net\/tr\/?p=63888#article","isPartOf":{"@id":"https:\/\/akunq.net\/tr\/?p=63888"},"author":{"name":"admin","@id":"https:\/\/akunq.net\/tr\/#\/schema\/person\/096f1d38a12cce57fb855b485ed24c9e"},"headline":"Tarihi Nodar Han ve hana ait kemerli kuyu define avc\u0131lar\u0131 taraf\u0131ndan talan edildi","datePublished":"2021-07-21T08:01:20+00:00","mainEntityOfPage":{"@id":"https:\/\/akunq.net\/tr\/?p=63888"},"wordCount":435,"commentCount":0,"image":{"@id":"https:\/\/akunq.net\/tr\/?p=63888#primaryimage"},"thumbnailUrl":"https:\/\/akunq.net\/tr\/wp-content\/uploads\/sites\/6\/2021\/07\/Tarihi-Nodar-Han.jpg","articleSection":["Haberler"],"inLanguage":"en-US","potentialAction":[{"@type":"CommentAction","name":"Comment","target":["https:\/\/akunq.net\/tr\/?p=63888#respond"]}]},{"@type":"WebPage","@id":"https:\/\/akunq.net\/tr\/?p=63888","url":"https:\/\/akunq.net\/tr\/?p=63888","name":"Tarihi Nodar Han ve hana ait kemerli kuyu define avc\u0131lar\u0131 taraf\u0131ndan talan edildi - Bati Ermenistan Ve Bati Ermenileri Sorunlari Ara\u015ftirmalar Merkezi","isPartOf":{"@id":"https:\/\/akunq.net\/tr\/#website"},"primaryImageOfPage":{"@id":"https:\/\/akunq.net\/tr\/?p=63888#primaryimage"},"image":{"@id":"https:\/\/akunq.net\/tr\/?p=63888#primaryimage"},"thumbnailUrl":"https:\/\/akunq.net\/tr\/wp-content\/uploads\/sites\/6\/2021\/07\/Tarihi-Nodar-Han.jpg","datePublished":"2021-07-21T08:01:20+00:00","author":{"@id":"https:\/\/akunq.net\/tr\/#\/schema\/person\/096f1d38a12cce57fb855b485ed24c9e"},"breadcrumb":{"@id":"https:\/\/akunq.net\/tr\/?p=63888#breadcrumb"},"inLanguage":"en-US","potentialAction":[{"@type":"ReadAction","target":["https:\/\/akunq.net\/tr\/?p=63888"]}]},{"@type":"ImageObject","inLanguage":"en-US","@id":"https:\/\/akunq.net\/tr\/?p=63888#primaryimage","url":"https:\/\/akunq.net\/tr\/wp-content\/uploads\/sites\/6\/2021\/07\/Tarihi-Nodar-Han.jpg","contentUrl":"https:\/\/akunq.net\/tr\/wp-content\/uploads\/sites\/6\/2021\/07\/Tarihi-Nodar-Han.jpg","width":705,"height":375},{"@type":"BreadcrumbList","@id":"https:\/\/akunq.net\/tr\/?p=63888#breadcrumb","itemListElement":[{"@type":"ListItem","position":1,"name":"Home","item":"https:\/\/akunq.net\/tr"},{"@type":"ListItem","position":2,"name":"Tarihi Nodar Han ve hana ait kemerli kuyu define avc\u0131lar\u0131 taraf\u0131ndan talan edildi"}]},{"@type":"WebSite","@id":"https:\/\/akunq.net\/tr\/#website","url":"https:\/\/akunq.net\/tr\/","name":"Bati Ermenistan Ve Bati Ermenileri Sorunlari Ara\u015ftirmalar Merkezi","description":"","potentialAction":[{"@type":"SearchAction","target":{"@type":"EntryPoint","urlTemplate":"https:\/\/akunq.net\/tr\/?s={search_term_string}"},"query-input":{"@type":"PropertyValueSpecification","valueRequired":true,"valueName":"search_term_string"}}],"inLanguage":"en-US"},{"@type":"Person","@id":"https:\/\/akunq.net\/tr\/#\/schema\/person\/096f1d38a12cce57fb855b485ed24c9e","name":"admin","url":"https:\/\/akunq.net\/tr\/?author=7"}]}},"_links":{"self":[{"href":"https:\/\/akunq.net\/tr\/index.php?rest_route=\/wp\/v2\/posts\/63888","targetHints":{"allow":["GET"]}}],"collection":[{"href":"https:\/\/akunq.net\/tr\/index.php?rest_route=\/wp\/v2\/posts"}],"about":[{"href":"https:\/\/akunq.net\/tr\/index.php?rest_route=\/wp\/v2\/types\/post"}],"author":[{"embeddable":true,"href":"https:\/\/akunq.net\/tr\/index.php?rest_route=\/wp\/v2\/users\/7"}],"replies":[{"embeddable":true,"href":"https:\/\/akunq.net\/tr\/index.php?rest_route=%2Fwp%2Fv2%2Fcomments&post=63888"}],"version-history":[{"count":1,"href":"https:\/\/akunq.net\/tr\/index.php?rest_route=\/wp\/v2\/posts\/63888\/revisions"}],"predecessor-version":[{"id":63890,"href":"https:\/\/akunq.net\/tr\/index.php?rest_route=\/wp\/v2\/posts\/63888\/revisions\/63890"}],"wp:featuredmedia":[{"embeddable":true,"href":"https:\/\/akunq.net\/tr\/index.php?rest_route=\/wp\/v2\/media\/63889"}],"wp:attachment":[{"href":"https:\/\/akunq.net\/tr\/index.php?rest_route=%2Fwp%2Fv2%2Fmedia&parent=63888"}],"wp:term":[{"taxonomy":"category","embeddable":true,"href":"https:\/\/akunq.net\/tr\/index.php?rest_route=%2Fwp%2Fv2%2Fcategories&post=63888"},{"taxonomy":"post_tag","embeddable":true,"href":"https:\/\/akunq.net\/tr\/index.php?rest_route=%2Fwp%2Fv2%2Ftags&post=63888"}],"curies":[{"name":"wp","href":"https:\/\/api.w.org\/{rel}","templated":true}]}}