{"id":63882,"date":"2021-07-21T02:39:00","date_gmt":"2021-07-21T07:39:00","guid":{"rendered":"https:\/\/akunq.net\/tr\/?p=63882"},"modified":"2021-07-21T02:39:00","modified_gmt":"2021-07-21T07:39:00","slug":"uc-yilda-29-bin-kisiye-erdogana-hakaretten-dava","status":"publish","type":"post","link":"https:\/\/akunq.net\/tr\/?p=63882","title":{"rendered":"\u00dc\u00e7 y\u0131lda 29 bin ki\u015fiye \u2018Erdo\u011fan\u2019a hakaret\u2019ten dava"},"content":{"rendered":"<p><img loading=\"lazy\" decoding=\"async\" class=\"aligncenter size-medium wp-image-63883\" src=\"https:\/\/akunq.net\/tr\/wp-content\/uploads\/2021\/07\/Erdogan-360x249.jpg\" alt=\"\" width=\"360\" height=\"249\" srcset=\"https:\/\/akunq.net\/tr\/wp-content\/uploads\/sites\/6\/2021\/07\/Erdogan-360x249.jpg 360w, https:\/\/akunq.net\/tr\/wp-content\/uploads\/sites\/6\/2021\/07\/Erdogan-560x387.jpg 560w, https:\/\/akunq.net\/tr\/wp-content\/uploads\/sites\/6\/2021\/07\/Erdogan-260x180.jpg 260w, https:\/\/akunq.net\/tr\/wp-content\/uploads\/sites\/6\/2021\/07\/Erdogan-160x110.jpg 160w, https:\/\/akunq.net\/tr\/wp-content\/uploads\/sites\/6\/2021\/07\/Erdogan.jpg 740w\" sizes=\"auto, (max-width: 360px) 100vw, 360px\" \/><\/p>\n<p><em><strong>Son \u00fc\u00e7 y\u0131lda, 29 bin 89 ki\u015fi hakk\u0131nda\u00a0\u2018Cumhurba\u015fkan\u0131 Tayyip Erdo\u011fan\u2019a hakaret\u2019ten dava a\u00e7\u0131ld\u0131.<\/strong><\/em><\/p>\n<p><a href=\"https:\/\/www.sozcu.com.tr\/2021\/gundem\/3-yilda-29-bin-kisiye-hakaret-davasi-acildi-6547620\/\" target=\"_blank\" rel=\"noreferrer noopener\">S\u00f6zc\u00fc\u2019den Asuman Aranca\u2019n\u0131n haberine g\u00f6re<\/a> Adalet Bakanl\u0131\u011f\u0131\u2019n\u0131n 2020 y\u0131l\u0131na ili\u015fkin adli istatistikleri yay\u0131nland\u0131.<\/p>\n<p>Buna g\u00f6re ge\u00e7en y\u0131l\u00a0<strong>\u2018cumhurba\u015fkan\u0131na hakaret\u2019<\/strong>\u00a0su\u00e7lamas\u0131 ile 152\u2019si yabanc\u0131 uyruklu 9 bin 773 ki\u015fi yarg\u0131 \u00f6n\u00fcne \u00e7\u0131kt\u0131. Bu ki\u015filerden 84\u2019\u00fc 12-15, 206\u2019s\u0131 da 15-18 ya\u015flar\u0131ndaki \u00e7ocuklard\u0131. 18 ya\u015f \u00fczerinde ise 8 bin 235\u2019i erkek, 1096\u2019s\u0131 kad\u0131n 9 bin 331 ki\u015fi yarg\u0131land\u0131.<\/p>\n<p>Bu ki\u015filerden 3 bin 655\u2019i mahkumiyetle cezaland\u0131r\u0131l\u0131rken 1519 ki\u015fi beraat etti. 3 bin 736 ki\u015fi hakk\u0131nda verilen h\u00fckm\u00fcn a\u00e7\u0131klanmas\u0131n\u0131n geri b\u0131rak\u0131lmas\u0131na, 1013 ki\u015fi hakk\u0131nda yetkisizlik, g\u00f6revsizlik, 706 ki\u015fi hakk\u0131nda ise davan\u0131n d\u00fc\u015fmesi, ceza verilmesine yer olmad\u0131\u011f\u0131, davan\u0131n reddi gibi kararlar al\u0131nd\u0131.<\/p>\n<p>A\u00e7\u0131lan davalar\u0131n y\u00fczde 34,4\u2019\u00fc mahkumiyet, y\u00fczde 35,1\u2019i h\u00fckm\u00fcn a\u00e7\u0131klanmas\u0131n\u0131n geri b\u0131rak\u0131lmas\u0131 ile sonu\u00e7land\u0131. Beraat edenlerin oran\u0131 14,3\u2019te kald\u0131.<\/p>\n<p>Cumhurba\u015fkanl\u0131\u011f\u0131 h\u00fck\u00fcmet sistemine ge\u00e7ilen 2018 y\u0131l\u0131nda 6 bin 326 dava a\u00e7\u0131l\u0131rken bu say\u0131 2019 sonunda 13 bin 990\u2019a \u00e7\u0131kt\u0131.<\/p>\n<p><strong><em>https:\/\/www.diken.com.tr\/uc-yilda-29-bin-kisiye-erdogana-hakaretten-dava\/\u00a0<\/em><\/strong><\/p>\n","protected":false},"excerpt":{"rendered":"<p>Son \u00fc\u00e7 y\u0131lda, 29 bin 89 ki\u015fi hakk\u0131nda\u00a0\u2018Cumhurba\u015fkan\u0131 Tayyip Erdo\u011fan\u2019a hakaret\u2019ten dava a\u00e7\u0131ld\u0131. S\u00f6zc\u00fc\u2019den Asuman Aranca\u2019n\u0131n haberine g\u00f6re Adalet Bakanl\u0131\u011f\u0131\u2019n\u0131n 2020 y\u0131l\u0131na ili\u015fkin adli istatistikleri yay\u0131nland\u0131. Buna g\u00f6re ge\u00e7en y\u0131l\u00a0\u2018cumhurba\u015fkan\u0131na hakaret\u2019\u00a0su\u00e7lamas\u0131 ile 152\u2019si yabanc\u0131 uyruklu 9 bin 773 ki\u015fi yarg\u0131 \u00f6n\u00fcne \u00e7\u0131kt\u0131. Bu ki\u015filerden 84\u2019\u00fc 12-15, 206\u2019s\u0131 da 15-18 ya\u015flar\u0131ndaki \u00e7ocuklard\u0131. 18 ya\u015f \u00fczerinde ise [&hellip;]<\/p>\n","protected":false},"author":7,"featured_media":63883,"comment_status":"open","ping_status":"open","sticky":false,"template":"","format":"standard","meta":{"footnotes":""},"categories":[1],"tags":[],"class_list":["post-63882","post","type-post","status-publish","format-standard","has-post-thumbnail","hentry","category-haberler"],"yoast_head":"<!-- This site is optimized with the Yoast SEO plugin v27.4 - https:\/\/yoast.com\/product\/yoast-seo-wordpress\/ -->\n<title>\u00dc\u00e7 y\u0131lda 29 bin ki\u015fiye \u2018Erdo\u011fan\u2019a hakaret\u2019ten dava - Bati Ermenistan Ve Bati Ermenileri Sorunlari Ara\u015ftirmalar Merkezi<\/title>\n<meta name=\"robots\" content=\"index, follow, max-snippet:-1, max-image-preview:large, max-video-preview:-1\" \/>\n<link rel=\"canonical\" href=\"https:\/\/akunq.net\/tr\/?p=63882\" \/>\n<meta property=\"og:locale\" content=\"en_US\" \/>\n<meta property=\"og:type\" content=\"article\" \/>\n<meta property=\"og:title\" content=\"\u00dc\u00e7 y\u0131lda 29 bin ki\u015fiye \u2018Erdo\u011fan\u2019a hakaret\u2019ten dava - Bati Ermenistan Ve Bati Ermenileri Sorunlari Ara\u015ftirmalar Merkezi\" \/>\n<meta property=\"og:description\" content=\"Son \u00fc\u00e7 y\u0131lda, 29 bin 89 ki\u015fi hakk\u0131nda\u00a0\u2018Cumhurba\u015fkan\u0131 Tayyip Erdo\u011fan\u2019a hakaret\u2019ten dava a\u00e7\u0131ld\u0131. S\u00f6zc\u00fc\u2019den Asuman Aranca\u2019n\u0131n haberine g\u00f6re Adalet Bakanl\u0131\u011f\u0131\u2019n\u0131n 2020 y\u0131l\u0131na ili\u015fkin adli istatistikleri yay\u0131nland\u0131. Buna g\u00f6re ge\u00e7en y\u0131l\u00a0\u2018cumhurba\u015fkan\u0131na hakaret\u2019\u00a0su\u00e7lamas\u0131 ile 152\u2019si yabanc\u0131 uyruklu 9 bin 773 ki\u015fi yarg\u0131 \u00f6n\u00fcne \u00e7\u0131kt\u0131. Bu ki\u015filerden 84\u2019\u00fc 12-15, 206\u2019s\u0131 da 15-18 ya\u015flar\u0131ndaki \u00e7ocuklard\u0131. 18 ya\u015f \u00fczerinde ise [&hellip;]\" \/>\n<meta property=\"og:url\" content=\"https:\/\/akunq.net\/tr\/?p=63882\" \/>\n<meta property=\"og:site_name\" content=\"Bati Ermenistan Ve Bati Ermenileri Sorunlari Ara\u015ftirmalar Merkezi\" \/>\n<meta property=\"article:published_time\" content=\"2021-07-21T07:39:00+00:00\" \/>\n<meta property=\"og:image\" content=\"https:\/\/akunq.net\/tr\/wp-content\/uploads\/sites\/6\/2021\/07\/Erdogan.jpg\" \/>\n\t<meta property=\"og:image:width\" content=\"740\" \/>\n\t<meta property=\"og:image:height\" content=\"511\" \/>\n\t<meta property=\"og:image:type\" content=\"image\/jpeg\" \/>\n<meta name=\"author\" content=\"admin\" \/>\n<meta name=\"twitter:card\" content=\"summary_large_image\" \/>\n<meta name=\"twitter:label1\" content=\"Written by\" \/>\n\t<meta name=\"twitter:data1\" content=\"admin\" \/>\n\t<meta name=\"twitter:label2\" content=\"Est. reading time\" \/>\n\t<meta name=\"twitter:data2\" content=\"1 minute\" \/>\n<script type=\"application\/ld+json\" class=\"yoast-schema-graph\">{\"@context\":\"https:\\\/\\\/schema.org\",\"@graph\":[{\"@type\":\"Article\",\"@id\":\"https:\\\/\\\/akunq.net\\\/tr\\\/?p=63882#article\",\"isPartOf\":{\"@id\":\"https:\\\/\\\/akunq.net\\\/tr\\\/?p=63882\"},\"author\":{\"name\":\"admin\",\"@id\":\"https:\\\/\\\/akunq.net\\\/tr\\\/#\\\/schema\\\/person\\\/096f1d38a12cce57fb855b485ed24c9e\"},\"headline\":\"\u00dc\u00e7 y\u0131lda 29 bin ki\u015fiye \u2018Erdo\u011fan\u2019a hakaret\u2019ten dava\",\"datePublished\":\"2021-07-21T07:39:00+00:00\",\"mainEntityOfPage\":{\"@id\":\"https:\\\/\\\/akunq.net\\\/tr\\\/?p=63882\"},\"wordCount\":219,\"commentCount\":0,\"image\":{\"@id\":\"https:\\\/\\\/akunq.net\\\/tr\\\/?p=63882#primaryimage\"},\"thumbnailUrl\":\"https:\\\/\\\/akunq.net\\\/tr\\\/wp-content\\\/uploads\\\/sites\\\/6\\\/2021\\\/07\\\/Erdogan.jpg\",\"articleSection\":[\"Haberler\"],\"inLanguage\":\"en-US\",\"potentialAction\":[{\"@type\":\"CommentAction\",\"name\":\"Comment\",\"target\":[\"https:\\\/\\\/akunq.net\\\/tr\\\/?p=63882#respond\"]}]},{\"@type\":\"WebPage\",\"@id\":\"https:\\\/\\\/akunq.net\\\/tr\\\/?p=63882\",\"url\":\"https:\\\/\\\/akunq.net\\\/tr\\\/?p=63882\",\"name\":\"\u00dc\u00e7 y\u0131lda 29 bin ki\u015fiye \u2018Erdo\u011fan\u2019a hakaret\u2019ten dava - Bati Ermenistan Ve Bati Ermenileri Sorunlari Ara\u015ftirmalar Merkezi\",\"isPartOf\":{\"@id\":\"https:\\\/\\\/akunq.net\\\/tr\\\/#website\"},\"primaryImageOfPage\":{\"@id\":\"https:\\\/\\\/akunq.net\\\/tr\\\/?p=63882#primaryimage\"},\"image\":{\"@id\":\"https:\\\/\\\/akunq.net\\\/tr\\\/?p=63882#primaryimage\"},\"thumbnailUrl\":\"https:\\\/\\\/akunq.net\\\/tr\\\/wp-content\\\/uploads\\\/sites\\\/6\\\/2021\\\/07\\\/Erdogan.jpg\",\"datePublished\":\"2021-07-21T07:39:00+00:00\",\"author\":{\"@id\":\"https:\\\/\\\/akunq.net\\\/tr\\\/#\\\/schema\\\/person\\\/096f1d38a12cce57fb855b485ed24c9e\"},\"breadcrumb\":{\"@id\":\"https:\\\/\\\/akunq.net\\\/tr\\\/?p=63882#breadcrumb\"},\"inLanguage\":\"en-US\",\"potentialAction\":[{\"@type\":\"ReadAction\",\"target\":[\"https:\\\/\\\/akunq.net\\\/tr\\\/?p=63882\"]}]},{\"@type\":\"ImageObject\",\"inLanguage\":\"en-US\",\"@id\":\"https:\\\/\\\/akunq.net\\\/tr\\\/?p=63882#primaryimage\",\"url\":\"https:\\\/\\\/akunq.net\\\/tr\\\/wp-content\\\/uploads\\\/sites\\\/6\\\/2021\\\/07\\\/Erdogan.jpg\",\"contentUrl\":\"https:\\\/\\\/akunq.net\\\/tr\\\/wp-content\\\/uploads\\\/sites\\\/6\\\/2021\\\/07\\\/Erdogan.jpg\",\"width\":740,\"height\":511},{\"@type\":\"BreadcrumbList\",\"@id\":\"https:\\\/\\\/akunq.net\\\/tr\\\/?p=63882#breadcrumb\",\"itemListElement\":[{\"@type\":\"ListItem\",\"position\":1,\"name\":\"Home\",\"item\":\"https:\\\/\\\/akunq.net\\\/tr\"},{\"@type\":\"ListItem\",\"position\":2,\"name\":\"\u00dc\u00e7 y\u0131lda 29 bin ki\u015fiye \u2018Erdo\u011fan\u2019a hakaret\u2019ten dava\"}]},{\"@type\":\"WebSite\",\"@id\":\"https:\\\/\\\/akunq.net\\\/tr\\\/#website\",\"url\":\"https:\\\/\\\/akunq.net\\\/tr\\\/\",\"name\":\"Bati Ermenistan Ve Bati Ermenileri Sorunlari Ara\u015ftirmalar Merkezi\",\"description\":\"\",\"potentialAction\":[{\"@type\":\"SearchAction\",\"target\":{\"@type\":\"EntryPoint\",\"urlTemplate\":\"https:\\\/\\\/akunq.net\\\/tr\\\/?s={search_term_string}\"},\"query-input\":{\"@type\":\"PropertyValueSpecification\",\"valueRequired\":true,\"valueName\":\"search_term_string\"}}],\"inLanguage\":\"en-US\"},{\"@type\":\"Person\",\"@id\":\"https:\\\/\\\/akunq.net\\\/tr\\\/#\\\/schema\\\/person\\\/096f1d38a12cce57fb855b485ed24c9e\",\"name\":\"admin\",\"url\":\"https:\\\/\\\/akunq.net\\\/tr\\\/?author=7\"}]}<\/script>\n<!-- \/ Yoast SEO plugin. -->","yoast_head_json":{"title":"\u00dc\u00e7 y\u0131lda 29 bin ki\u015fiye \u2018Erdo\u011fan\u2019a hakaret\u2019ten dava - Bati Ermenistan Ve Bati Ermenileri Sorunlari Ara\u015ftirmalar Merkezi","robots":{"index":"index","follow":"follow","max-snippet":"max-snippet:-1","max-image-preview":"max-image-preview:large","max-video-preview":"max-video-preview:-1"},"canonical":"https:\/\/akunq.net\/tr\/?p=63882","og_locale":"en_US","og_type":"article","og_title":"\u00dc\u00e7 y\u0131lda 29 bin ki\u015fiye \u2018Erdo\u011fan\u2019a hakaret\u2019ten dava - Bati Ermenistan Ve Bati Ermenileri Sorunlari Ara\u015ftirmalar Merkezi","og_description":"Son \u00fc\u00e7 y\u0131lda, 29 bin 89 ki\u015fi hakk\u0131nda\u00a0\u2018Cumhurba\u015fkan\u0131 Tayyip Erdo\u011fan\u2019a hakaret\u2019ten dava a\u00e7\u0131ld\u0131. S\u00f6zc\u00fc\u2019den Asuman Aranca\u2019n\u0131n haberine g\u00f6re Adalet Bakanl\u0131\u011f\u0131\u2019n\u0131n 2020 y\u0131l\u0131na ili\u015fkin adli istatistikleri yay\u0131nland\u0131. Buna g\u00f6re ge\u00e7en y\u0131l\u00a0\u2018cumhurba\u015fkan\u0131na hakaret\u2019\u00a0su\u00e7lamas\u0131 ile 152\u2019si yabanc\u0131 uyruklu 9 bin 773 ki\u015fi yarg\u0131 \u00f6n\u00fcne \u00e7\u0131kt\u0131. Bu ki\u015filerden 84\u2019\u00fc 12-15, 206\u2019s\u0131 da 15-18 ya\u015flar\u0131ndaki \u00e7ocuklard\u0131. 18 ya\u015f \u00fczerinde ise [&hellip;]","og_url":"https:\/\/akunq.net\/tr\/?p=63882","og_site_name":"Bati Ermenistan Ve Bati Ermenileri Sorunlari Ara\u015ftirmalar Merkezi","article_published_time":"2021-07-21T07:39:00+00:00","og_image":[{"width":740,"height":511,"url":"https:\/\/akunq.net\/tr\/wp-content\/uploads\/sites\/6\/2021\/07\/Erdogan.jpg","type":"image\/jpeg"}],"author":"admin","twitter_card":"summary_large_image","twitter_misc":{"Written by":"admin","Est. reading time":"1 minute"},"schema":{"@context":"https:\/\/schema.org","@graph":[{"@type":"Article","@id":"https:\/\/akunq.net\/tr\/?p=63882#article","isPartOf":{"@id":"https:\/\/akunq.net\/tr\/?p=63882"},"author":{"name":"admin","@id":"https:\/\/akunq.net\/tr\/#\/schema\/person\/096f1d38a12cce57fb855b485ed24c9e"},"headline":"\u00dc\u00e7 y\u0131lda 29 bin ki\u015fiye \u2018Erdo\u011fan\u2019a hakaret\u2019ten dava","datePublished":"2021-07-21T07:39:00+00:00","mainEntityOfPage":{"@id":"https:\/\/akunq.net\/tr\/?p=63882"},"wordCount":219,"commentCount":0,"image":{"@id":"https:\/\/akunq.net\/tr\/?p=63882#primaryimage"},"thumbnailUrl":"https:\/\/akunq.net\/tr\/wp-content\/uploads\/sites\/6\/2021\/07\/Erdogan.jpg","articleSection":["Haberler"],"inLanguage":"en-US","potentialAction":[{"@type":"CommentAction","name":"Comment","target":["https:\/\/akunq.net\/tr\/?p=63882#respond"]}]},{"@type":"WebPage","@id":"https:\/\/akunq.net\/tr\/?p=63882","url":"https:\/\/akunq.net\/tr\/?p=63882","name":"\u00dc\u00e7 y\u0131lda 29 bin ki\u015fiye \u2018Erdo\u011fan\u2019a hakaret\u2019ten dava - Bati Ermenistan Ve Bati Ermenileri Sorunlari Ara\u015ftirmalar Merkezi","isPartOf":{"@id":"https:\/\/akunq.net\/tr\/#website"},"primaryImageOfPage":{"@id":"https:\/\/akunq.net\/tr\/?p=63882#primaryimage"},"image":{"@id":"https:\/\/akunq.net\/tr\/?p=63882#primaryimage"},"thumbnailUrl":"https:\/\/akunq.net\/tr\/wp-content\/uploads\/sites\/6\/2021\/07\/Erdogan.jpg","datePublished":"2021-07-21T07:39:00+00:00","author":{"@id":"https:\/\/akunq.net\/tr\/#\/schema\/person\/096f1d38a12cce57fb855b485ed24c9e"},"breadcrumb":{"@id":"https:\/\/akunq.net\/tr\/?p=63882#breadcrumb"},"inLanguage":"en-US","potentialAction":[{"@type":"ReadAction","target":["https:\/\/akunq.net\/tr\/?p=63882"]}]},{"@type":"ImageObject","inLanguage":"en-US","@id":"https:\/\/akunq.net\/tr\/?p=63882#primaryimage","url":"https:\/\/akunq.net\/tr\/wp-content\/uploads\/sites\/6\/2021\/07\/Erdogan.jpg","contentUrl":"https:\/\/akunq.net\/tr\/wp-content\/uploads\/sites\/6\/2021\/07\/Erdogan.jpg","width":740,"height":511},{"@type":"BreadcrumbList","@id":"https:\/\/akunq.net\/tr\/?p=63882#breadcrumb","itemListElement":[{"@type":"ListItem","position":1,"name":"Home","item":"https:\/\/akunq.net\/tr"},{"@type":"ListItem","position":2,"name":"\u00dc\u00e7 y\u0131lda 29 bin ki\u015fiye \u2018Erdo\u011fan\u2019a hakaret\u2019ten dava"}]},{"@type":"WebSite","@id":"https:\/\/akunq.net\/tr\/#website","url":"https:\/\/akunq.net\/tr\/","name":"Bati Ermenistan Ve Bati Ermenileri Sorunlari Ara\u015ftirmalar Merkezi","description":"","potentialAction":[{"@type":"SearchAction","target":{"@type":"EntryPoint","urlTemplate":"https:\/\/akunq.net\/tr\/?s={search_term_string}"},"query-input":{"@type":"PropertyValueSpecification","valueRequired":true,"valueName":"search_term_string"}}],"inLanguage":"en-US"},{"@type":"Person","@id":"https:\/\/akunq.net\/tr\/#\/schema\/person\/096f1d38a12cce57fb855b485ed24c9e","name":"admin","url":"https:\/\/akunq.net\/tr\/?author=7"}]}},"_links":{"self":[{"href":"https:\/\/akunq.net\/tr\/index.php?rest_route=\/wp\/v2\/posts\/63882","targetHints":{"allow":["GET"]}}],"collection":[{"href":"https:\/\/akunq.net\/tr\/index.php?rest_route=\/wp\/v2\/posts"}],"about":[{"href":"https:\/\/akunq.net\/tr\/index.php?rest_route=\/wp\/v2\/types\/post"}],"author":[{"embeddable":true,"href":"https:\/\/akunq.net\/tr\/index.php?rest_route=\/wp\/v2\/users\/7"}],"replies":[{"embeddable":true,"href":"https:\/\/akunq.net\/tr\/index.php?rest_route=%2Fwp%2Fv2%2Fcomments&post=63882"}],"version-history":[{"count":1,"href":"https:\/\/akunq.net\/tr\/index.php?rest_route=\/wp\/v2\/posts\/63882\/revisions"}],"predecessor-version":[{"id":63884,"href":"https:\/\/akunq.net\/tr\/index.php?rest_route=\/wp\/v2\/posts\/63882\/revisions\/63884"}],"wp:featuredmedia":[{"embeddable":true,"href":"https:\/\/akunq.net\/tr\/index.php?rest_route=\/wp\/v2\/media\/63883"}],"wp:attachment":[{"href":"https:\/\/akunq.net\/tr\/index.php?rest_route=%2Fwp%2Fv2%2Fmedia&parent=63882"}],"wp:term":[{"taxonomy":"category","embeddable":true,"href":"https:\/\/akunq.net\/tr\/index.php?rest_route=%2Fwp%2Fv2%2Fcategories&post=63882"},{"taxonomy":"post_tag","embeddable":true,"href":"https:\/\/akunq.net\/tr\/index.php?rest_route=%2Fwp%2Fv2%2Ftags&post=63882"}],"curies":[{"name":"wp","href":"https:\/\/api.w.org\/{rel}","templated":true}]}}