{"id":63879,"date":"2021-07-21T02:26:41","date_gmt":"2021-07-21T07:26:41","guid":{"rendered":"https:\/\/akunq.net\/tr\/?p=63879"},"modified":"2021-07-21T02:26:41","modified_gmt":"2021-07-21T07:26:41","slug":"suruc-katliaminin-6-yili-hayatini-kaybedenler-aniliyor","status":"publish","type":"post","link":"https:\/\/akunq.net\/tr\/?p=63879","title":{"rendered":"Suru\u00e7 Katliam\u0131&#8217;n\u0131n 6. y\u0131l\u0131: Hayat\u0131n\u0131 kaybedenler an\u0131l\u0131yor"},"content":{"rendered":"<p><img loading=\"lazy\" decoding=\"async\" class=\"aligncenter size-medium wp-image-63880\" src=\"https:\/\/akunq.net\/tr\/wp-content\/uploads\/2021\/07\/Suru\u00e7-Katliam\u0131-360x203.jpg\" alt=\"\" width=\"360\" height=\"203\" srcset=\"https:\/\/akunq.net\/tr\/wp-content\/uploads\/sites\/6\/2021\/07\/Suru\u00e7-Katliam\u0131-360x203.jpg 360w, https:\/\/akunq.net\/tr\/wp-content\/uploads\/sites\/6\/2021\/07\/Suru\u00e7-Katliam\u0131-768x432.jpg 768w, https:\/\/akunq.net\/tr\/wp-content\/uploads\/sites\/6\/2021\/07\/Suru\u00e7-Katliam\u0131-1536x864.jpg 1536w, https:\/\/akunq.net\/tr\/wp-content\/uploads\/sites\/6\/2021\/07\/Suru\u00e7-Katliam\u0131-560x315.jpg 560w, https:\/\/akunq.net\/tr\/wp-content\/uploads\/sites\/6\/2021\/07\/Suru\u00e7-Katliam\u0131-260x146.jpg 260w, https:\/\/akunq.net\/tr\/wp-content\/uploads\/sites\/6\/2021\/07\/Suru\u00e7-Katliam\u0131-160x90.jpg 160w, https:\/\/akunq.net\/tr\/wp-content\/uploads\/sites\/6\/2021\/07\/Suru\u00e7-Katliam\u0131.jpg 1920w\" sizes=\"auto, (max-width: 360px) 100vw, 360px\" \/><\/p>\n<p><em><strong>20 Temmuz 2015&#8217;te Urfa&#8217;n\u0131n Suru\u00e7 il\u00e7esinde I\u015e\u0130D&#8217;in bombal\u0131 sald\u0131r\u0131s\u0131 sonucu hayat\u0131n\u0131 kaybeden 33 ki\u015fi an\u0131l\u0131yor.<\/strong><\/em><\/p>\n<p>Suru\u00e7 Aileleri \u0130nisiyatifi, sald\u0131r\u0131n\u0131n ger\u00e7ekle\u015fti\u011fi Suru\u00e7&#8217;taki Amara K\u00fclt\u00fcr Merkezi&#8217;nin bah\u00e7esinde\u00a0 bir anma t\u00f6reni ger\u00e7ekle\u015ftirdi.<\/p>\n<div id=\"photoholder1\" class=\"photoholder no-display appear\"><img loading=\"lazy\" decoding=\"async\" class=\"no-display appear\" src=\"http:\/\/admin.agos.com.tr\/Upload\/Agos\/Images\/suruc%20anma%20cicek.jpg\" alt=\"\" width=\"300\" height=\"200\" \/><\/div>\n<p>Kimi mezarl\u0131klara giri\u015f ise polis taraf\u0131ndan engellendi.<\/p>\n<p>Suru\u00e7 Aileleri \u0130nisiyatifi sosyal medya hesab\u0131ndan \u015fu a\u00e7\u0131klamay\u0131 yapt\u0131:<\/p>\n<p>&#8220;33&#8217;ler bundan tam 6 y\u0131l \u00f6nce y\u0131k\u0131lm\u0131\u015f bir kent olan Koban\u00ea&#8217;yi yeniden in\u015fa etmeye giderken katil I\u015e\u0130D \u00e7eteleri taraf\u0131ndan katledildi.<\/p>\n<p>Y\u0131k\u0131ma kar\u015f\u0131 d\u00fc\u015flerinde ki yeniyi in\u015fa etme parolas\u0131yd\u0131 33&#8217;leri devrime tan\u0131k olmak i\u00e7in yola d\u00fc\u015f\u00fcren.<\/p>\n<p>D\u00fc\u015fleri yar\u0131m kalmayacak!&#8221;<\/p>\n<p>Suriye&#8217;nin kuzeyinde I\u015e\u0130D i\u015fgali tehdidi alt\u0131ndaki Kobanili \u00e7ocuklara oyuncak g\u00f6t\u00fcrmek amac\u0131yla T\u00fcrkiye\u2019nin farkl\u0131 illerinden s\u0131n\u0131r\u0131 ge\u00e7mek amac\u0131yla Urfa&#8217;n\u0131n Suru\u00e7 il\u00e7esine giden 33 ki\u015fi 20 Temmuz 2015&#8217;te canl\u0131 bomba sald\u0131r\u0131s\u0131 sonucunu hayat\u0131n\u0131 kaybetmi\u015fti.<\/p>\n<p>HDP Merkez Y\u00fcr\u00fctme Kurulu imzas\u0131yla yap\u0131lan a\u00e7\u0131klamada da \u015fu ifadelere yer verildi.<\/p>\n<p>&#8220;\u0130ntikam duygusuyla, Urfa-Suru\u00e7\u2019a giden Sosyalist Gen\u00e7lik Dernekleri Federasyonu \u00fcyesi gen\u00e7lere kar\u015f\u0131 bir katliam ger\u00e7ekle\u015ftirildi. 20 Temmuz 2015 g\u00fcn\u00fc Amara K\u00fclt\u00fcr Merkezi\u2019nde canl\u0131 bomba sald\u0131r\u0131s\u0131 sonucu 33 sosyalist gen\u00e7, 33 d\u00fc\u015f yolcusu hayat\u0131n\u0131 kaybetti, 100\u2019\u00fc a\u015fk\u0131n gen\u00e7 ise yaraland\u0131. I\u015e\u0130D, bunun ard\u0131ndan Diyarbak\u0131r, Ankara ve \u0130stanbul\u2019da da elini kolunu sallayarak katliamlar yapmaya devam etti.<\/p>\n<p>Bu sald\u0131r\u0131 Koban\u00ee\u2019yi var eden de\u011ferlere kar\u015f\u0131 oldu\u011fu gibi, T\u00fcrkiye\u2019deki ilerici, demokrat ve sosyalist g\u00fc\u00e7lere kar\u015f\u0131 geli\u015ftirilen ilk sald\u0131r\u0131lardan biriydi ancak ne yaz\u0131k ki son olmad\u0131. Bu sald\u0131r\u0131da partimiz ve bile\u015fenlerimiz hedef al\u0131nd\u0131.<\/p>\n<p>Katliam\u0131n \u00fczerinden 6 y\u0131l ge\u00e7mesine ra\u011fmen, failler ve ba\u011flant\u0131lar\u0131 ortaya \u00e7\u0131kar\u0131lmad\u0131 ve yarg\u0131da hak ettikleri cezaya \u00e7arpt\u0131r\u0131lmad\u0131. Suru\u00e7 ile ba\u015flayan katliamlar\u0131n, herkes\u00e7e bilinen siyasi ve fiili sorumlular\u0131 hesap vermedi, bildiklerini anlatmad\u0131. Sald\u0131r\u0131y\u0131 \u00f6nlemeye y\u00f6nelik g\u00f6revlerini yapmayan kamu yetkilileri ve g\u00f6revlileri de aradan ge\u00e7en zamana ra\u011fmen hak ettikleri cezaya \u00e7arpt\u0131r\u0131lmad\u0131.<\/p>\n<p>33 cana mal olan sald\u0131r\u0131 nedeniyle 3 Emniyet mensubuna g\u00f6stermelik cezalar verildi ve bu cezalar da para cezas\u0131na \u00e7evrildi. Suru\u00e7 Aileleri\u2019nin siyasi ve fiili sorumluluk ta\u015f\u0131yanlar hakk\u0131nda yapt\u0131\u011f\u0131 \u015fikayetler i\u00e7in takipsizlik karar\u0131 verildi. Suru\u00e7 Aileleri\u2019nin t\u00fcm \u00e7abalar\u0131na ve m\u00fccadelelerine ra\u011fmen adalet beklentisi kar\u015f\u0131l\u0131k bulmad\u0131. Yarg\u0131 s\u00fcrecinde katliam\u0131n b\u00fct\u00fcn boyutlar\u0131yla ortaya \u00e7\u0131kar\u0131lmas\u0131 i\u00e7in gereken hassasiyet g\u00f6sterilmedi\u011fi gibi, cezas\u0131zl\u0131k politikas\u0131 da s\u00fcrd\u00fcr\u00fcld\u00fc.<\/p>\n<p>Cezas\u0131zl\u0131k politikalar\u0131 bir an \u00f6nce terk edilip, Suru\u00e7 Aileleri\u2019nin ve toplumun adalet beklentisi kar\u015f\u0131lanmal\u0131d\u0131r.<\/p>\n<p>&nbsp;<\/p>\n<p>Biz Suru\u00e7 katliam\u0131n\u0131 da, 5 Haziran Diyarbak\u0131r ve 10 Ekim Ankara Gar katliamlar\u0131n\u0131 da ve bunlar\u0131n arkas\u0131ndaki planlayan ve azmettiren g\u00fc\u00e7leri de biliyoruz. Katliam\u0131n ger\u00e7ek failleri, ba\u011flant\u0131lar\u0131 ve siyasi sorumlular\u0131n\u0131n yarg\u0131lanmas\u0131 i\u00e7in m\u00fccadele etmeye, Suru\u00e7 Aileleri\u2019nin yan\u0131nda olmaya devam edece\u011fiz. &#8217;33 d\u00fc\u015f yolcusu&#8217;nun an\u0131lar\u0131n\u0131 m\u00fccadelemizde ya\u015fatmay\u0131 s\u00fcrd\u00fcrece\u011fiz.&#8221;<\/p>\n<p><strong>Dava s\u00fcreci<\/strong><\/p>\n<p>Katliama ili\u015fkin a\u00e7\u0131lan dava dosyan\u0131n san\u0131k k\u00fcrs\u00fcs\u00fcnde yaln\u0131zca Yakup \u015eahin var.<\/p>\n<p>Dava avukatlar\u0131ndan Serd\u0131l \u0130zol, Mezopotamya Ajans\u0131\u2019na yapt\u0131\u011f\u0131 a\u00e7\u0131klamada,\u00a0 dava dosyas\u0131n\u0131n hem tan\u0131\u011f\u0131 hem de avukat\u0131 oldu\u011funu belirterek soru\u015fturma ve kovu\u015fturmalarda yol kat edemediklerini, taleplerinin s\u00fcrekli reddedildi\u011fini, yeni delillere ula\u015f\u0131lamad\u0131\u011f\u0131 gibi dosyaya ekledikleri delillerin de hi\u00e7bir \u015fekilde ara\u015ft\u0131r\u0131lmad\u0131\u011f\u0131n\u0131, dosyan\u0131n tek tutuklusu olan san\u0131k Yakup \u015eahin\u2019in duru\u015fmaya getirilmesi taleplerinin bile s\u00fcrekli reddedildi\u011fini s\u00f6yledi.<\/p>\n<p>Avukat \u0130zol, dosya i\u00e7erisindeki deliller g\u00f6z \u00f6n\u00fcnde olmas\u0131na ra\u011fmen, firari san\u0131klar \u0130lhami Bali ve Deniz B\u00fcy\u00fck\u00e7elebi ile san\u0131k \u015eahin\u2019in soru\u015fturma evresinden kovu\u015fturma evresine kadar patlamayla ilgili mahkemede tek bir beyanlar\u0131n\u0131n olmad\u0131\u011f\u0131n\u0131 belirtti. M\u00fctalaa verilen son celsede mahkemenin kendilerinden ara\u015ft\u0131r\u0131lmas\u0131n\u0131 istedikleri delilleri sunmalar\u0131n\u0131 istedi\u011fini, fakat bu y\u00f6ndeki hi\u00e7bir taleplerinin kabul edilmedi\u011fini ifade eden \u0130zol, yarg\u0131laman\u0131n dosyan\u0131n tutuklu tek san\u0131\u011f\u0131 ve iki firari san\u0131k \u00fczerinden g\u00f6t\u00fcr\u00fclmek istendi\u011fini s\u00f6yledi.<\/p>\n<p><em><strong>http:\/\/www.agos.com.tr\/tr\/yazi\/25946\/suruc-katliami-nin-6-yili-hayatini-kaybedenler-aniliyor\u00a0<\/strong><\/em><\/p>\n<div class=\"tagcloud\">\n<h4><\/h4>\n<\/div>\n","protected":false},"excerpt":{"rendered":"<p>20 Temmuz 2015&#8217;te Urfa&#8217;n\u0131n Suru\u00e7 il\u00e7esinde I\u015e\u0130D&#8217;in bombal\u0131 sald\u0131r\u0131s\u0131 sonucu hayat\u0131n\u0131 kaybeden 33 ki\u015fi an\u0131l\u0131yor. Suru\u00e7 Aileleri \u0130nisiyatifi, sald\u0131r\u0131n\u0131n ger\u00e7ekle\u015fti\u011fi Suru\u00e7&#8217;taki Amara K\u00fclt\u00fcr Merkezi&#8217;nin bah\u00e7esinde\u00a0 bir anma t\u00f6reni ger\u00e7ekle\u015ftirdi. Kimi mezarl\u0131klara giri\u015f ise polis taraf\u0131ndan engellendi. Suru\u00e7 Aileleri \u0130nisiyatifi sosyal medya hesab\u0131ndan \u015fu a\u00e7\u0131klamay\u0131 yapt\u0131: &#8220;33&#8217;ler bundan tam 6 y\u0131l \u00f6nce y\u0131k\u0131lm\u0131\u015f bir kent olan [&hellip;]<\/p>\n","protected":false},"author":7,"featured_media":63880,"comment_status":"open","ping_status":"open","sticky":false,"template":"","format":"standard","meta":{"footnotes":""},"categories":[1],"tags":[],"class_list":["post-63879","post","type-post","status-publish","format-standard","has-post-thumbnail","hentry","category-haberler"],"yoast_head":"<!-- This site is optimized with the Yoast SEO plugin v27.4 - https:\/\/yoast.com\/product\/yoast-seo-wordpress\/ -->\n<title>Suru\u00e7 Katliam\u0131&#039;n\u0131n 6. y\u0131l\u0131: Hayat\u0131n\u0131 kaybedenler an\u0131l\u0131yor - Bati Ermenistan Ve Bati Ermenileri Sorunlari Ara\u015ftirmalar Merkezi<\/title>\n<meta name=\"robots\" content=\"index, follow, max-snippet:-1, max-image-preview:large, max-video-preview:-1\" \/>\n<link rel=\"canonical\" href=\"https:\/\/akunq.net\/tr\/?p=63879\" \/>\n<meta property=\"og:locale\" content=\"en_US\" \/>\n<meta property=\"og:type\" content=\"article\" \/>\n<meta property=\"og:title\" content=\"Suru\u00e7 Katliam\u0131&#039;n\u0131n 6. y\u0131l\u0131: Hayat\u0131n\u0131 kaybedenler an\u0131l\u0131yor - Bati Ermenistan Ve Bati Ermenileri Sorunlari Ara\u015ftirmalar Merkezi\" \/>\n<meta property=\"og:description\" content=\"20 Temmuz 2015&#8217;te Urfa&#8217;n\u0131n Suru\u00e7 il\u00e7esinde I\u015e\u0130D&#8217;in bombal\u0131 sald\u0131r\u0131s\u0131 sonucu hayat\u0131n\u0131 kaybeden 33 ki\u015fi an\u0131l\u0131yor. Suru\u00e7 Aileleri \u0130nisiyatifi, sald\u0131r\u0131n\u0131n ger\u00e7ekle\u015fti\u011fi Suru\u00e7&#8217;taki Amara K\u00fclt\u00fcr Merkezi&#8217;nin bah\u00e7esinde\u00a0 bir anma t\u00f6reni ger\u00e7ekle\u015ftirdi. Kimi mezarl\u0131klara giri\u015f ise polis taraf\u0131ndan engellendi. Suru\u00e7 Aileleri \u0130nisiyatifi sosyal medya hesab\u0131ndan \u015fu a\u00e7\u0131klamay\u0131 yapt\u0131: &#8220;33&#8217;ler bundan tam 6 y\u0131l \u00f6nce y\u0131k\u0131lm\u0131\u015f bir kent olan [&hellip;]\" \/>\n<meta property=\"og:url\" content=\"https:\/\/akunq.net\/tr\/?p=63879\" \/>\n<meta property=\"og:site_name\" content=\"Bati Ermenistan Ve Bati Ermenileri Sorunlari Ara\u015ftirmalar Merkezi\" \/>\n<meta property=\"article:published_time\" content=\"2021-07-21T07:26:41+00:00\" \/>\n<meta property=\"og:image\" content=\"https:\/\/akunq.net\/tr\/wp-content\/uploads\/sites\/6\/2021\/07\/Suru\u00e7-Katliam\u0131.jpg\" \/>\n\t<meta property=\"og:image:width\" content=\"1920\" \/>\n\t<meta property=\"og:image:height\" content=\"1080\" \/>\n\t<meta property=\"og:image:type\" content=\"image\/jpeg\" \/>\n<meta name=\"author\" content=\"admin\" \/>\n<meta name=\"twitter:card\" content=\"summary_large_image\" \/>\n<meta name=\"twitter:label1\" content=\"Written by\" \/>\n\t<meta name=\"twitter:data1\" content=\"admin\" \/>\n\t<meta name=\"twitter:label2\" content=\"Est. reading time\" \/>\n\t<meta name=\"twitter:data2\" content=\"4 minutes\" \/>\n<script type=\"application\/ld+json\" class=\"yoast-schema-graph\">{\"@context\":\"https:\\\/\\\/schema.org\",\"@graph\":[{\"@type\":\"Article\",\"@id\":\"https:\\\/\\\/akunq.net\\\/tr\\\/?p=63879#article\",\"isPartOf\":{\"@id\":\"https:\\\/\\\/akunq.net\\\/tr\\\/?p=63879\"},\"author\":{\"name\":\"admin\",\"@id\":\"https:\\\/\\\/akunq.net\\\/tr\\\/#\\\/schema\\\/person\\\/096f1d38a12cce57fb855b485ed24c9e\"},\"headline\":\"Suru\u00e7 Katliam\u0131&#8217;n\u0131n 6. y\u0131l\u0131: Hayat\u0131n\u0131 kaybedenler an\u0131l\u0131yor\",\"datePublished\":\"2021-07-21T07:26:41+00:00\",\"mainEntityOfPage\":{\"@id\":\"https:\\\/\\\/akunq.net\\\/tr\\\/?p=63879\"},\"wordCount\":769,\"commentCount\":0,\"image\":{\"@id\":\"https:\\\/\\\/akunq.net\\\/tr\\\/?p=63879#primaryimage\"},\"thumbnailUrl\":\"https:\\\/\\\/akunq.net\\\/tr\\\/wp-content\\\/uploads\\\/sites\\\/6\\\/2021\\\/07\\\/Suru\u00e7-Katliam\u0131.jpg\",\"articleSection\":[\"Haberler\"],\"inLanguage\":\"en-US\",\"potentialAction\":[{\"@type\":\"CommentAction\",\"name\":\"Comment\",\"target\":[\"https:\\\/\\\/akunq.net\\\/tr\\\/?p=63879#respond\"]}]},{\"@type\":\"WebPage\",\"@id\":\"https:\\\/\\\/akunq.net\\\/tr\\\/?p=63879\",\"url\":\"https:\\\/\\\/akunq.net\\\/tr\\\/?p=63879\",\"name\":\"Suru\u00e7 Katliam\u0131'n\u0131n 6. y\u0131l\u0131: Hayat\u0131n\u0131 kaybedenler an\u0131l\u0131yor - Bati Ermenistan Ve Bati Ermenileri Sorunlari Ara\u015ftirmalar Merkezi\",\"isPartOf\":{\"@id\":\"https:\\\/\\\/akunq.net\\\/tr\\\/#website\"},\"primaryImageOfPage\":{\"@id\":\"https:\\\/\\\/akunq.net\\\/tr\\\/?p=63879#primaryimage\"},\"image\":{\"@id\":\"https:\\\/\\\/akunq.net\\\/tr\\\/?p=63879#primaryimage\"},\"thumbnailUrl\":\"https:\\\/\\\/akunq.net\\\/tr\\\/wp-content\\\/uploads\\\/sites\\\/6\\\/2021\\\/07\\\/Suru\u00e7-Katliam\u0131.jpg\",\"datePublished\":\"2021-07-21T07:26:41+00:00\",\"author\":{\"@id\":\"https:\\\/\\\/akunq.net\\\/tr\\\/#\\\/schema\\\/person\\\/096f1d38a12cce57fb855b485ed24c9e\"},\"breadcrumb\":{\"@id\":\"https:\\\/\\\/akunq.net\\\/tr\\\/?p=63879#breadcrumb\"},\"inLanguage\":\"en-US\",\"potentialAction\":[{\"@type\":\"ReadAction\",\"target\":[\"https:\\\/\\\/akunq.net\\\/tr\\\/?p=63879\"]}]},{\"@type\":\"ImageObject\",\"inLanguage\":\"en-US\",\"@id\":\"https:\\\/\\\/akunq.net\\\/tr\\\/?p=63879#primaryimage\",\"url\":\"https:\\\/\\\/akunq.net\\\/tr\\\/wp-content\\\/uploads\\\/sites\\\/6\\\/2021\\\/07\\\/Suru\u00e7-Katliam\u0131.jpg\",\"contentUrl\":\"https:\\\/\\\/akunq.net\\\/tr\\\/wp-content\\\/uploads\\\/sites\\\/6\\\/2021\\\/07\\\/Suru\u00e7-Katliam\u0131.jpg\",\"width\":1920,\"height\":1080},{\"@type\":\"BreadcrumbList\",\"@id\":\"https:\\\/\\\/akunq.net\\\/tr\\\/?p=63879#breadcrumb\",\"itemListElement\":[{\"@type\":\"ListItem\",\"position\":1,\"name\":\"Home\",\"item\":\"https:\\\/\\\/akunq.net\\\/tr\"},{\"@type\":\"ListItem\",\"position\":2,\"name\":\"Suru\u00e7 Katliam\u0131&#8217;n\u0131n 6. y\u0131l\u0131: Hayat\u0131n\u0131 kaybedenler an\u0131l\u0131yor\"}]},{\"@type\":\"WebSite\",\"@id\":\"https:\\\/\\\/akunq.net\\\/tr\\\/#website\",\"url\":\"https:\\\/\\\/akunq.net\\\/tr\\\/\",\"name\":\"Bati Ermenistan Ve Bati Ermenileri Sorunlari Ara\u015ftirmalar Merkezi\",\"description\":\"\",\"potentialAction\":[{\"@type\":\"SearchAction\",\"target\":{\"@type\":\"EntryPoint\",\"urlTemplate\":\"https:\\\/\\\/akunq.net\\\/tr\\\/?s={search_term_string}\"},\"query-input\":{\"@type\":\"PropertyValueSpecification\",\"valueRequired\":true,\"valueName\":\"search_term_string\"}}],\"inLanguage\":\"en-US\"},{\"@type\":\"Person\",\"@id\":\"https:\\\/\\\/akunq.net\\\/tr\\\/#\\\/schema\\\/person\\\/096f1d38a12cce57fb855b485ed24c9e\",\"name\":\"admin\",\"url\":\"https:\\\/\\\/akunq.net\\\/tr\\\/?author=7\"}]}<\/script>\n<!-- \/ Yoast SEO plugin. -->","yoast_head_json":{"title":"Suru\u00e7 Katliam\u0131'n\u0131n 6. y\u0131l\u0131: Hayat\u0131n\u0131 kaybedenler an\u0131l\u0131yor - Bati Ermenistan Ve Bati Ermenileri Sorunlari Ara\u015ftirmalar Merkezi","robots":{"index":"index","follow":"follow","max-snippet":"max-snippet:-1","max-image-preview":"max-image-preview:large","max-video-preview":"max-video-preview:-1"},"canonical":"https:\/\/akunq.net\/tr\/?p=63879","og_locale":"en_US","og_type":"article","og_title":"Suru\u00e7 Katliam\u0131'n\u0131n 6. y\u0131l\u0131: Hayat\u0131n\u0131 kaybedenler an\u0131l\u0131yor - Bati Ermenistan Ve Bati Ermenileri Sorunlari Ara\u015ftirmalar Merkezi","og_description":"20 Temmuz 2015&#8217;te Urfa&#8217;n\u0131n Suru\u00e7 il\u00e7esinde I\u015e\u0130D&#8217;in bombal\u0131 sald\u0131r\u0131s\u0131 sonucu hayat\u0131n\u0131 kaybeden 33 ki\u015fi an\u0131l\u0131yor. Suru\u00e7 Aileleri \u0130nisiyatifi, sald\u0131r\u0131n\u0131n ger\u00e7ekle\u015fti\u011fi Suru\u00e7&#8217;taki Amara K\u00fclt\u00fcr Merkezi&#8217;nin bah\u00e7esinde\u00a0 bir anma t\u00f6reni ger\u00e7ekle\u015ftirdi. Kimi mezarl\u0131klara giri\u015f ise polis taraf\u0131ndan engellendi. Suru\u00e7 Aileleri \u0130nisiyatifi sosyal medya hesab\u0131ndan \u015fu a\u00e7\u0131klamay\u0131 yapt\u0131: &#8220;33&#8217;ler bundan tam 6 y\u0131l \u00f6nce y\u0131k\u0131lm\u0131\u015f bir kent olan [&hellip;]","og_url":"https:\/\/akunq.net\/tr\/?p=63879","og_site_name":"Bati Ermenistan Ve Bati Ermenileri Sorunlari Ara\u015ftirmalar Merkezi","article_published_time":"2021-07-21T07:26:41+00:00","og_image":[{"width":1920,"height":1080,"url":"https:\/\/akunq.net\/tr\/wp-content\/uploads\/sites\/6\/2021\/07\/Suru\u00e7-Katliam\u0131.jpg","type":"image\/jpeg"}],"author":"admin","twitter_card":"summary_large_image","twitter_misc":{"Written by":"admin","Est. reading time":"4 minutes"},"schema":{"@context":"https:\/\/schema.org","@graph":[{"@type":"Article","@id":"https:\/\/akunq.net\/tr\/?p=63879#article","isPartOf":{"@id":"https:\/\/akunq.net\/tr\/?p=63879"},"author":{"name":"admin","@id":"https:\/\/akunq.net\/tr\/#\/schema\/person\/096f1d38a12cce57fb855b485ed24c9e"},"headline":"Suru\u00e7 Katliam\u0131&#8217;n\u0131n 6. y\u0131l\u0131: Hayat\u0131n\u0131 kaybedenler an\u0131l\u0131yor","datePublished":"2021-07-21T07:26:41+00:00","mainEntityOfPage":{"@id":"https:\/\/akunq.net\/tr\/?p=63879"},"wordCount":769,"commentCount":0,"image":{"@id":"https:\/\/akunq.net\/tr\/?p=63879#primaryimage"},"thumbnailUrl":"https:\/\/akunq.net\/tr\/wp-content\/uploads\/sites\/6\/2021\/07\/Suru\u00e7-Katliam\u0131.jpg","articleSection":["Haberler"],"inLanguage":"en-US","potentialAction":[{"@type":"CommentAction","name":"Comment","target":["https:\/\/akunq.net\/tr\/?p=63879#respond"]}]},{"@type":"WebPage","@id":"https:\/\/akunq.net\/tr\/?p=63879","url":"https:\/\/akunq.net\/tr\/?p=63879","name":"Suru\u00e7 Katliam\u0131'n\u0131n 6. y\u0131l\u0131: Hayat\u0131n\u0131 kaybedenler an\u0131l\u0131yor - Bati Ermenistan Ve Bati Ermenileri Sorunlari Ara\u015ftirmalar Merkezi","isPartOf":{"@id":"https:\/\/akunq.net\/tr\/#website"},"primaryImageOfPage":{"@id":"https:\/\/akunq.net\/tr\/?p=63879#primaryimage"},"image":{"@id":"https:\/\/akunq.net\/tr\/?p=63879#primaryimage"},"thumbnailUrl":"https:\/\/akunq.net\/tr\/wp-content\/uploads\/sites\/6\/2021\/07\/Suru\u00e7-Katliam\u0131.jpg","datePublished":"2021-07-21T07:26:41+00:00","author":{"@id":"https:\/\/akunq.net\/tr\/#\/schema\/person\/096f1d38a12cce57fb855b485ed24c9e"},"breadcrumb":{"@id":"https:\/\/akunq.net\/tr\/?p=63879#breadcrumb"},"inLanguage":"en-US","potentialAction":[{"@type":"ReadAction","target":["https:\/\/akunq.net\/tr\/?p=63879"]}]},{"@type":"ImageObject","inLanguage":"en-US","@id":"https:\/\/akunq.net\/tr\/?p=63879#primaryimage","url":"https:\/\/akunq.net\/tr\/wp-content\/uploads\/sites\/6\/2021\/07\/Suru\u00e7-Katliam\u0131.jpg","contentUrl":"https:\/\/akunq.net\/tr\/wp-content\/uploads\/sites\/6\/2021\/07\/Suru\u00e7-Katliam\u0131.jpg","width":1920,"height":1080},{"@type":"BreadcrumbList","@id":"https:\/\/akunq.net\/tr\/?p=63879#breadcrumb","itemListElement":[{"@type":"ListItem","position":1,"name":"Home","item":"https:\/\/akunq.net\/tr"},{"@type":"ListItem","position":2,"name":"Suru\u00e7 Katliam\u0131&#8217;n\u0131n 6. y\u0131l\u0131: Hayat\u0131n\u0131 kaybedenler an\u0131l\u0131yor"}]},{"@type":"WebSite","@id":"https:\/\/akunq.net\/tr\/#website","url":"https:\/\/akunq.net\/tr\/","name":"Bati Ermenistan Ve Bati Ermenileri Sorunlari Ara\u015ftirmalar Merkezi","description":"","potentialAction":[{"@type":"SearchAction","target":{"@type":"EntryPoint","urlTemplate":"https:\/\/akunq.net\/tr\/?s={search_term_string}"},"query-input":{"@type":"PropertyValueSpecification","valueRequired":true,"valueName":"search_term_string"}}],"inLanguage":"en-US"},{"@type":"Person","@id":"https:\/\/akunq.net\/tr\/#\/schema\/person\/096f1d38a12cce57fb855b485ed24c9e","name":"admin","url":"https:\/\/akunq.net\/tr\/?author=7"}]}},"_links":{"self":[{"href":"https:\/\/akunq.net\/tr\/index.php?rest_route=\/wp\/v2\/posts\/63879","targetHints":{"allow":["GET"]}}],"collection":[{"href":"https:\/\/akunq.net\/tr\/index.php?rest_route=\/wp\/v2\/posts"}],"about":[{"href":"https:\/\/akunq.net\/tr\/index.php?rest_route=\/wp\/v2\/types\/post"}],"author":[{"embeddable":true,"href":"https:\/\/akunq.net\/tr\/index.php?rest_route=\/wp\/v2\/users\/7"}],"replies":[{"embeddable":true,"href":"https:\/\/akunq.net\/tr\/index.php?rest_route=%2Fwp%2Fv2%2Fcomments&post=63879"}],"version-history":[{"count":1,"href":"https:\/\/akunq.net\/tr\/index.php?rest_route=\/wp\/v2\/posts\/63879\/revisions"}],"predecessor-version":[{"id":63881,"href":"https:\/\/akunq.net\/tr\/index.php?rest_route=\/wp\/v2\/posts\/63879\/revisions\/63881"}],"wp:featuredmedia":[{"embeddable":true,"href":"https:\/\/akunq.net\/tr\/index.php?rest_route=\/wp\/v2\/media\/63880"}],"wp:attachment":[{"href":"https:\/\/akunq.net\/tr\/index.php?rest_route=%2Fwp%2Fv2%2Fmedia&parent=63879"}],"wp:term":[{"taxonomy":"category","embeddable":true,"href":"https:\/\/akunq.net\/tr\/index.php?rest_route=%2Fwp%2Fv2%2Fcategories&post=63879"},{"taxonomy":"post_tag","embeddable":true,"href":"https:\/\/akunq.net\/tr\/index.php?rest_route=%2Fwp%2Fv2%2Ftags&post=63879"}],"curies":[{"name":"wp","href":"https:\/\/api.w.org\/{rel}","templated":true}]}}