{"id":63876,"date":"2021-07-21T02:09:47","date_gmt":"2021-07-21T07:09:47","guid":{"rendered":"https:\/\/akunq.net\/tr\/?p=63876"},"modified":"2021-07-21T02:09:47","modified_gmt":"2021-07-21T07:09:47","slug":"avrupa-parlamentosu-milletvekili-tum-dunya-ermeni-soykirimini-tanimali","status":"publish","type":"post","link":"https:\/\/akunq.net\/tr\/?p=63876","title":{"rendered":"Avrupa Parlamentosu Milletvekili: T\u00fcm d\u00fcnya Ermeni Soyk\u0131r\u0131m\u0131\u2019n\u0131 tan\u0131mal\u0131"},"content":{"rendered":"<p><img loading=\"lazy\" decoding=\"async\" class=\"aligncenter size-medium wp-image-63877\" src=\"https:\/\/akunq.net\/tr\/wp-content\/uploads\/2021\/07\/Ermeni-Soykirimi-360x242.jpg\" alt=\"\" width=\"360\" height=\"242\" srcset=\"https:\/\/akunq.net\/tr\/wp-content\/uploads\/sites\/6\/2021\/07\/Ermeni-Soykirimi-360x242.jpg 360w, https:\/\/akunq.net\/tr\/wp-content\/uploads\/sites\/6\/2021\/07\/Ermeni-Soykirimi-560x376.jpg 560w, https:\/\/akunq.net\/tr\/wp-content\/uploads\/sites\/6\/2021\/07\/Ermeni-Soykirimi-260x175.jpg 260w, https:\/\/akunq.net\/tr\/wp-content\/uploads\/sites\/6\/2021\/07\/Ermeni-Soykirimi-160x107.jpg 160w, https:\/\/akunq.net\/tr\/wp-content\/uploads\/sites\/6\/2021\/07\/Ermeni-Soykirimi.jpg 670w\" sizes=\"auto, (max-width: 360px) 100vw, 360px\" \/><\/p>\n<p><strong><em>Avrupa Parlamentosu\u2019nun Fransal\u0131 Milletvekili, D\u0131\u015f ili\u015fkiler Komisyonu, G\u00fcvenlik ve savunma alt komisyonu ba\u015fkan\u0131, Avrupa Parlamentosunda \u201cLa Republique en Marche\u201d Partisinin heyet ba\u015fkan\u0131 Nathalie Loiseau 20 Temmuz tarihinde Ermenistan ziyareti \u00e7er\u00e7evesinde Yerevan\u2019da bulunan Ermeni Soyk\u0131r\u0131m\u0131 an\u0131t\u0131n\u0131 ziyaret etti.<\/em><\/strong><\/p>\n<p>Onu Avrupa Konseyi Parlamenter Meclisi\u2019nde Ermenistan Parlamentosu heyeti ba\u015fkan\u0131, Ermenistan Ulusal Meclisi d\u0131\u015f ili\u015fkileri daimi komisyonu ba\u015fkan\u0131 Ruben Rubinyan e\u015flik etti.<\/p>\n<p>Nathalie Loiseau \u00a0Ermeni Soyk\u0131r\u0131m\u0131\u2019n\u0131n kurbanlar\u0131 an\u0131s\u0131na s\u00f6nmeyen ate\u015fin \u00f6n\u00fcnde \u00e7i\u00e7ek b\u0131rakt\u0131. Soyk\u0131r\u0131m M\u00fczesinden \u00e7ok etkilendi\u011fini dile getiren Ermeni Soyk\u0131r\u0131m\u0131n\u0131n uluslararas\u0131 tan\u0131nmas\u0131n\u0131 \u00f6nemsedi.<\/p>\n<p>Fransal\u0131 Milletvekili Onur misafiri not defterinde b\u0131rakt\u0131\u011f\u0131 yaz\u0131da \u201cB\u00fct\u00fcn d\u00fcnya Fransa\u2019n\u0131n yapt\u0131\u011f\u0131 gibi Ermeni Soyk\u0131r\u0131m\u0131n\u0131 tan\u0131mal\u0131\u201d ifadelerini kulland\u0131.<\/p>\n<p><em><strong>https:\/\/www.ermenihaber.am\/tr\/news\/2021\/07\/20\/Avrupa-Parlamentosu-Milletvekili-Ermeni-Soyk%C4%B1r%C4%B1m%C4%B1\/211939\u00a0<\/strong><\/em><\/p>\n","protected":false},"excerpt":{"rendered":"<p>Avrupa Parlamentosu\u2019nun Fransal\u0131 Milletvekili, D\u0131\u015f ili\u015fkiler Komisyonu, G\u00fcvenlik ve savunma alt komisyonu ba\u015fkan\u0131, Avrupa Parlamentosunda \u201cLa Republique en Marche\u201d Partisinin heyet ba\u015fkan\u0131 Nathalie Loiseau 20 Temmuz tarihinde Ermenistan ziyareti \u00e7er\u00e7evesinde Yerevan\u2019da bulunan Ermeni Soyk\u0131r\u0131m\u0131 an\u0131t\u0131n\u0131 ziyaret etti. Onu Avrupa Konseyi Parlamenter Meclisi\u2019nde Ermenistan Parlamentosu heyeti ba\u015fkan\u0131, Ermenistan Ulusal Meclisi d\u0131\u015f ili\u015fkileri daimi komisyonu ba\u015fkan\u0131 Ruben [&hellip;]<\/p>\n","protected":false},"author":7,"featured_media":63877,"comment_status":"open","ping_status":"open","sticky":false,"template":"","format":"standard","meta":{"footnotes":""},"categories":[44,1],"tags":[],"class_list":["post-63876","post","type-post","status-publish","format-standard","has-post-thumbnail","hentry","category-ermeni-soykirimi","category-haberler"],"yoast_head":"<!-- This site is optimized with the Yoast SEO plugin v26.6 - https:\/\/yoast.com\/wordpress\/plugins\/seo\/ -->\n<title>Avrupa Parlamentosu Milletvekili: T\u00fcm d\u00fcnya Ermeni Soyk\u0131r\u0131m\u0131\u2019n\u0131 tan\u0131mal\u0131 - Bati Ermenistan Ve Bati Ermenileri Sorunlari Ara\u015ftirmalar Merkezi<\/title>\n<meta name=\"robots\" content=\"index, follow, max-snippet:-1, max-image-preview:large, max-video-preview:-1\" \/>\n<link rel=\"canonical\" href=\"https:\/\/akunq.net\/tr\/?p=63876\" \/>\n<meta property=\"og:locale\" content=\"en_US\" \/>\n<meta property=\"og:type\" content=\"article\" \/>\n<meta property=\"og:title\" content=\"Avrupa Parlamentosu Milletvekili: T\u00fcm d\u00fcnya Ermeni Soyk\u0131r\u0131m\u0131\u2019n\u0131 tan\u0131mal\u0131 - Bati Ermenistan Ve Bati Ermenileri Sorunlari Ara\u015ftirmalar Merkezi\" \/>\n<meta property=\"og:description\" content=\"Avrupa Parlamentosu\u2019nun Fransal\u0131 Milletvekili, D\u0131\u015f ili\u015fkiler Komisyonu, G\u00fcvenlik ve savunma alt komisyonu ba\u015fkan\u0131, Avrupa Parlamentosunda \u201cLa Republique en Marche\u201d Partisinin heyet ba\u015fkan\u0131 Nathalie Loiseau 20 Temmuz tarihinde Ermenistan ziyareti \u00e7er\u00e7evesinde Yerevan\u2019da bulunan Ermeni Soyk\u0131r\u0131m\u0131 an\u0131t\u0131n\u0131 ziyaret etti. Onu Avrupa Konseyi Parlamenter Meclisi\u2019nde Ermenistan Parlamentosu heyeti ba\u015fkan\u0131, Ermenistan Ulusal Meclisi d\u0131\u015f ili\u015fkileri daimi komisyonu ba\u015fkan\u0131 Ruben [&hellip;]\" \/>\n<meta property=\"og:url\" content=\"https:\/\/akunq.net\/tr\/?p=63876\" \/>\n<meta property=\"og:site_name\" content=\"Bati Ermenistan Ve Bati Ermenileri Sorunlari Ara\u015ftirmalar Merkezi\" \/>\n<meta property=\"article:published_time\" content=\"2021-07-21T07:09:47+00:00\" \/>\n<meta property=\"og:image\" content=\"https:\/\/akunq.net\/tr\/wp-content\/uploads\/sites\/6\/2021\/07\/Ermeni-Soykirimi.jpg\" \/>\n\t<meta property=\"og:image:width\" content=\"670\" \/>\n\t<meta property=\"og:image:height\" content=\"450\" \/>\n\t<meta property=\"og:image:type\" content=\"image\/jpeg\" \/>\n<meta name=\"author\" content=\"admin\" \/>\n<meta name=\"twitter:card\" content=\"summary_large_image\" \/>\n<meta name=\"twitter:label1\" content=\"Written by\" \/>\n\t<meta name=\"twitter:data1\" content=\"admin\" \/>\n\t<meta name=\"twitter:label2\" content=\"Est. reading time\" \/>\n\t<meta name=\"twitter:data2\" content=\"1 minute\" \/>\n<script type=\"application\/ld+json\" class=\"yoast-schema-graph\">{\"@context\":\"https:\/\/schema.org\",\"@graph\":[{\"@type\":\"WebPage\",\"@id\":\"https:\/\/akunq.net\/tr\/?p=63876\",\"url\":\"https:\/\/akunq.net\/tr\/?p=63876\",\"name\":\"Avrupa Parlamentosu Milletvekili: T\u00fcm d\u00fcnya Ermeni Soyk\u0131r\u0131m\u0131\u2019n\u0131 tan\u0131mal\u0131 - Bati Ermenistan Ve Bati Ermenileri Sorunlari Ara\u015ftirmalar Merkezi\",\"isPartOf\":{\"@id\":\"https:\/\/akunq.net\/tr\/#website\"},\"primaryImageOfPage\":{\"@id\":\"https:\/\/akunq.net\/tr\/?p=63876#primaryimage\"},\"image\":{\"@id\":\"https:\/\/akunq.net\/tr\/?p=63876#primaryimage\"},\"thumbnailUrl\":\"https:\/\/akunq.net\/tr\/wp-content\/uploads\/sites\/6\/2021\/07\/Ermeni-Soykirimi.jpg\",\"datePublished\":\"2021-07-21T07:09:47+00:00\",\"author\":{\"@id\":\"https:\/\/akunq.net\/tr\/#\/schema\/person\/096f1d38a12cce57fb855b485ed24c9e\"},\"breadcrumb\":{\"@id\":\"https:\/\/akunq.net\/tr\/?p=63876#breadcrumb\"},\"inLanguage\":\"en-US\",\"potentialAction\":[{\"@type\":\"ReadAction\",\"target\":[\"https:\/\/akunq.net\/tr\/?p=63876\"]}]},{\"@type\":\"ImageObject\",\"inLanguage\":\"en-US\",\"@id\":\"https:\/\/akunq.net\/tr\/?p=63876#primaryimage\",\"url\":\"https:\/\/akunq.net\/tr\/wp-content\/uploads\/sites\/6\/2021\/07\/Ermeni-Soykirimi.jpg\",\"contentUrl\":\"https:\/\/akunq.net\/tr\/wp-content\/uploads\/sites\/6\/2021\/07\/Ermeni-Soykirimi.jpg\",\"width\":670,\"height\":450},{\"@type\":\"BreadcrumbList\",\"@id\":\"https:\/\/akunq.net\/tr\/?p=63876#breadcrumb\",\"itemListElement\":[{\"@type\":\"ListItem\",\"position\":1,\"name\":\"Home\",\"item\":\"https:\/\/akunq.net\/tr\"},{\"@type\":\"ListItem\",\"position\":2,\"name\":\"Avrupa Parlamentosu Milletvekili: T\u00fcm d\u00fcnya Ermeni Soyk\u0131r\u0131m\u0131\u2019n\u0131 tan\u0131mal\u0131\"}]},{\"@type\":\"WebSite\",\"@id\":\"https:\/\/akunq.net\/tr\/#website\",\"url\":\"https:\/\/akunq.net\/tr\/\",\"name\":\"Bati Ermenistan Ve Bati Ermenileri Sorunlari Ara\u015ftirmalar Merkezi\",\"description\":\"\",\"potentialAction\":[{\"@type\":\"SearchAction\",\"target\":{\"@type\":\"EntryPoint\",\"urlTemplate\":\"https:\/\/akunq.net\/tr\/?s={search_term_string}\"},\"query-input\":{\"@type\":\"PropertyValueSpecification\",\"valueRequired\":true,\"valueName\":\"search_term_string\"}}],\"inLanguage\":\"en-US\"},{\"@type\":\"Person\",\"@id\":\"https:\/\/akunq.net\/tr\/#\/schema\/person\/096f1d38a12cce57fb855b485ed24c9e\",\"name\":\"admin\",\"url\":\"https:\/\/akunq.net\/tr\/?author=7\"}]}<\/script>\n<!-- \/ Yoast SEO plugin. -->","yoast_head_json":{"title":"Avrupa Parlamentosu Milletvekili: T\u00fcm d\u00fcnya Ermeni Soyk\u0131r\u0131m\u0131\u2019n\u0131 tan\u0131mal\u0131 - Bati Ermenistan Ve Bati Ermenileri Sorunlari Ara\u015ftirmalar Merkezi","robots":{"index":"index","follow":"follow","max-snippet":"max-snippet:-1","max-image-preview":"max-image-preview:large","max-video-preview":"max-video-preview:-1"},"canonical":"https:\/\/akunq.net\/tr\/?p=63876","og_locale":"en_US","og_type":"article","og_title":"Avrupa Parlamentosu Milletvekili: T\u00fcm d\u00fcnya Ermeni Soyk\u0131r\u0131m\u0131\u2019n\u0131 tan\u0131mal\u0131 - Bati Ermenistan Ve Bati Ermenileri Sorunlari Ara\u015ftirmalar Merkezi","og_description":"Avrupa Parlamentosu\u2019nun Fransal\u0131 Milletvekili, D\u0131\u015f ili\u015fkiler Komisyonu, G\u00fcvenlik ve savunma alt komisyonu ba\u015fkan\u0131, Avrupa Parlamentosunda \u201cLa Republique en Marche\u201d Partisinin heyet ba\u015fkan\u0131 Nathalie Loiseau 20 Temmuz tarihinde Ermenistan ziyareti \u00e7er\u00e7evesinde Yerevan\u2019da bulunan Ermeni Soyk\u0131r\u0131m\u0131 an\u0131t\u0131n\u0131 ziyaret etti. Onu Avrupa Konseyi Parlamenter Meclisi\u2019nde Ermenistan Parlamentosu heyeti ba\u015fkan\u0131, Ermenistan Ulusal Meclisi d\u0131\u015f ili\u015fkileri daimi komisyonu ba\u015fkan\u0131 Ruben [&hellip;]","og_url":"https:\/\/akunq.net\/tr\/?p=63876","og_site_name":"Bati Ermenistan Ve Bati Ermenileri Sorunlari Ara\u015ftirmalar Merkezi","article_published_time":"2021-07-21T07:09:47+00:00","og_image":[{"width":670,"height":450,"url":"https:\/\/akunq.net\/tr\/wp-content\/uploads\/sites\/6\/2021\/07\/Ermeni-Soykirimi.jpg","type":"image\/jpeg"}],"author":"admin","twitter_card":"summary_large_image","twitter_misc":{"Written by":"admin","Est. reading time":"1 minute"},"schema":{"@context":"https:\/\/schema.org","@graph":[{"@type":"WebPage","@id":"https:\/\/akunq.net\/tr\/?p=63876","url":"https:\/\/akunq.net\/tr\/?p=63876","name":"Avrupa Parlamentosu Milletvekili: T\u00fcm d\u00fcnya Ermeni Soyk\u0131r\u0131m\u0131\u2019n\u0131 tan\u0131mal\u0131 - Bati Ermenistan Ve Bati Ermenileri Sorunlari Ara\u015ftirmalar Merkezi","isPartOf":{"@id":"https:\/\/akunq.net\/tr\/#website"},"primaryImageOfPage":{"@id":"https:\/\/akunq.net\/tr\/?p=63876#primaryimage"},"image":{"@id":"https:\/\/akunq.net\/tr\/?p=63876#primaryimage"},"thumbnailUrl":"https:\/\/akunq.net\/tr\/wp-content\/uploads\/sites\/6\/2021\/07\/Ermeni-Soykirimi.jpg","datePublished":"2021-07-21T07:09:47+00:00","author":{"@id":"https:\/\/akunq.net\/tr\/#\/schema\/person\/096f1d38a12cce57fb855b485ed24c9e"},"breadcrumb":{"@id":"https:\/\/akunq.net\/tr\/?p=63876#breadcrumb"},"inLanguage":"en-US","potentialAction":[{"@type":"ReadAction","target":["https:\/\/akunq.net\/tr\/?p=63876"]}]},{"@type":"ImageObject","inLanguage":"en-US","@id":"https:\/\/akunq.net\/tr\/?p=63876#primaryimage","url":"https:\/\/akunq.net\/tr\/wp-content\/uploads\/sites\/6\/2021\/07\/Ermeni-Soykirimi.jpg","contentUrl":"https:\/\/akunq.net\/tr\/wp-content\/uploads\/sites\/6\/2021\/07\/Ermeni-Soykirimi.jpg","width":670,"height":450},{"@type":"BreadcrumbList","@id":"https:\/\/akunq.net\/tr\/?p=63876#breadcrumb","itemListElement":[{"@type":"ListItem","position":1,"name":"Home","item":"https:\/\/akunq.net\/tr"},{"@type":"ListItem","position":2,"name":"Avrupa Parlamentosu Milletvekili: T\u00fcm d\u00fcnya Ermeni Soyk\u0131r\u0131m\u0131\u2019n\u0131 tan\u0131mal\u0131"}]},{"@type":"WebSite","@id":"https:\/\/akunq.net\/tr\/#website","url":"https:\/\/akunq.net\/tr\/","name":"Bati Ermenistan Ve Bati Ermenileri Sorunlari Ara\u015ftirmalar Merkezi","description":"","potentialAction":[{"@type":"SearchAction","target":{"@type":"EntryPoint","urlTemplate":"https:\/\/akunq.net\/tr\/?s={search_term_string}"},"query-input":{"@type":"PropertyValueSpecification","valueRequired":true,"valueName":"search_term_string"}}],"inLanguage":"en-US"},{"@type":"Person","@id":"https:\/\/akunq.net\/tr\/#\/schema\/person\/096f1d38a12cce57fb855b485ed24c9e","name":"admin","url":"https:\/\/akunq.net\/tr\/?author=7"}]}},"_links":{"self":[{"href":"https:\/\/akunq.net\/tr\/index.php?rest_route=\/wp\/v2\/posts\/63876","targetHints":{"allow":["GET"]}}],"collection":[{"href":"https:\/\/akunq.net\/tr\/index.php?rest_route=\/wp\/v2\/posts"}],"about":[{"href":"https:\/\/akunq.net\/tr\/index.php?rest_route=\/wp\/v2\/types\/post"}],"author":[{"embeddable":true,"href":"https:\/\/akunq.net\/tr\/index.php?rest_route=\/wp\/v2\/users\/7"}],"replies":[{"embeddable":true,"href":"https:\/\/akunq.net\/tr\/index.php?rest_route=%2Fwp%2Fv2%2Fcomments&post=63876"}],"version-history":[{"count":1,"href":"https:\/\/akunq.net\/tr\/index.php?rest_route=\/wp\/v2\/posts\/63876\/revisions"}],"predecessor-version":[{"id":63878,"href":"https:\/\/akunq.net\/tr\/index.php?rest_route=\/wp\/v2\/posts\/63876\/revisions\/63878"}],"wp:featuredmedia":[{"embeddable":true,"href":"https:\/\/akunq.net\/tr\/index.php?rest_route=\/wp\/v2\/media\/63877"}],"wp:attachment":[{"href":"https:\/\/akunq.net\/tr\/index.php?rest_route=%2Fwp%2Fv2%2Fmedia&parent=63876"}],"wp:term":[{"taxonomy":"category","embeddable":true,"href":"https:\/\/akunq.net\/tr\/index.php?rest_route=%2Fwp%2Fv2%2Fcategories&post=63876"},{"taxonomy":"post_tag","embeddable":true,"href":"https:\/\/akunq.net\/tr\/index.php?rest_route=%2Fwp%2Fv2%2Ftags&post=63876"}],"curies":[{"name":"wp","href":"https:\/\/api.w.org\/{rel}","templated":true}]}}