{"id":63869,"date":"2021-07-20T03:32:45","date_gmt":"2021-07-20T08:32:45","guid":{"rendered":"https:\/\/akunq.net\/tr\/?p=63869"},"modified":"2021-07-20T03:32:45","modified_gmt":"2021-07-20T08:32:45","slug":"suryanilerin-2-bin-yillik-coregi-matiasin-elinde-lezzet-buluyor","status":"publish","type":"post","link":"https:\/\/akunq.net\/tr\/?p=63869","title":{"rendered":"S\u00fcryanilerin 2 bin y\u0131ll\u0131k \u00e7\u00f6re\u011fi Matias\u2019\u0131n elinde lezzet buluyor"},"content":{"rendered":"<p><img loading=\"lazy\" decoding=\"async\" class=\"aligncenter size-medium wp-image-63870\" src=\"https:\/\/akunq.net\/tr\/wp-content\/uploads\/2021\/07\/S\u00fcryanilerin-2-bin-y\u0131ll\u0131k-\u00e7\u00f6re\u011fi-360x203.jpg\" alt=\"\" width=\"360\" height=\"203\" srcset=\"https:\/\/akunq.net\/tr\/wp-content\/uploads\/sites\/6\/2021\/07\/S\u00fcryanilerin-2-bin-y\u0131ll\u0131k-\u00e7\u00f6re\u011fi-360x203.jpg 360w, https:\/\/akunq.net\/tr\/wp-content\/uploads\/sites\/6\/2021\/07\/S\u00fcryanilerin-2-bin-y\u0131ll\u0131k-\u00e7\u00f6re\u011fi-560x317.jpg 560w, https:\/\/akunq.net\/tr\/wp-content\/uploads\/sites\/6\/2021\/07\/S\u00fcryanilerin-2-bin-y\u0131ll\u0131k-\u00e7\u00f6re\u011fi-260x147.jpg 260w, https:\/\/akunq.net\/tr\/wp-content\/uploads\/sites\/6\/2021\/07\/S\u00fcryanilerin-2-bin-y\u0131ll\u0131k-\u00e7\u00f6re\u011fi-160x90.jpg 160w, https:\/\/akunq.net\/tr\/wp-content\/uploads\/sites\/6\/2021\/07\/S\u00fcryanilerin-2-bin-y\u0131ll\u0131k-\u00e7\u00f6re\u011fi.jpg 690w\" sizes=\"auto, (max-width: 360px) 100vw, 360px\" \/><\/p>\n<p><em><strong>S\u00fcryaniler aras\u0131nda bir s\u00f6zle\u015fme gelene\u011fine dayanan ve son zamanlarda Mardin\u2019de ra\u011fbet g\u00f6ren \u00e7\u00f6re\u011fin hikayesini anlatan Matias Balc\u0131, i\u015fini sevgiyle yapt\u0131\u011f\u0131n\u0131 s\u00f6yledi.<\/strong><\/em><\/p>\n<p>Mardin\u2019de son y\u0131llarda yeniden ra\u011fbet g\u00f6ren S\u00fcryani \u00c7\u00f6re\u011fi, hemen hemen her k\u00f6\u015fe ba\u015f\u0131nda ula\u015f\u0131labilen bir lezzet halini ald\u0131. S\u00fcryanilerin 2 bin y\u0131ll\u0131k gelene\u011finin bir par\u00e7as\u0131 olan \u00e7\u00f6re\u011fin e\u015fsiz lezzeti kente ilk gelenlerin tercihleri aras\u0131nda yer al\u0131yor. Ayn\u0131 zamanda S\u00fcryanilerin birbirleri aras\u0131ndaki ili\u015fkilere dair k\u00fclt\u00fcr\u00fcn de aktarc\u0131s\u0131 oluyor. Kent merkezde S\u00fcryani \u00c7\u00f6re\u011fi yapan tek usta olan Matias Balc\u0131, ailesinden devrald\u0131\u011f\u0131 tarife yeni eklemeler yaparak, yeni tatlar elde ediyor.<\/p>\n<p>1980\u2019li y\u0131llarda kimi nedenlerle ailesinin \u0130stanbul\u2019a g\u00f6\u00e7 etmek zorunda kald\u0131\u011f\u0131n\u0131 ve 2009 y\u0131l\u0131nda geri d\u00f6nd\u00fcklerini anlatan Balc\u0131, kente S\u00fcryani \u00c7\u00f6re\u011fi, kahvesi ve \u00e7ay\u0131 gibi \u00fcr\u00fcnlerin sat\u0131\u015f\u0131n\u0131 ger\u00e7ekle\u015ftirdiklerini ifade etti. Ge\u00e7imlerini sa\u011flarken, S\u00fcryani k\u00fclt\u00fcr\u00fcnden bir par\u00e7ay\u0131 da tan\u0131tt\u0131klar\u0131n\u0131 belirten Balc\u0131, \u00e7\u00f6re\u011fin hikayesini \u015f\u00f6yle dile getirdi: \u201c2 bin y\u0131ll\u0131k bir k\u00fclt\u00fcr\u00fcm\u00fcz. Halka \u015feklinde yap\u0131l\u0131yor. \u015eimdi onun ad\u0131na kahke diyorlar. Sonras\u0131nda ald\u0131\u011f\u0131 evre i\u00e7inde hurma ezmesi var. \u00dcst\u00fcnde badem var. 32 \u00e7e\u015fit baharat var. Tarihsel geli\u015fimi daha \u00f6nceye dayan\u0131yor. \u0130ki aile aras\u0131nda bir ni\u015fan, bir s\u00f6z, bir evlilik olaca\u011f\u0131 zaman insanlar ekmek yapard\u0131. Bu ekme\u011fi k\u0131rarlard\u0131, toplulukta kim varsa bu ekme\u011fi yer, insanlar aras\u0131nda ba\u011f olu\u015ftururdu. Bir nevi s\u00f6z \u015feklinde. Bu i\u015f ilerledi, insanlar i\u00e7ine baharat katt\u0131, biraz a\u011f\u0131z tatland\u0131r\u0131c\u0131 ve \u015feker katt\u0131. Hem ne\u015femiz olsun, hem a\u011fz\u0131m\u0131z tatlans\u0131n laf\u0131na geldiler. En sonunda tatl\u0131ya d\u00f6n\u00fc\u015ft\u00fc. Onun ad\u0131na da k\u00fcl\u00fcnce dediler. Sonras\u0131nda yine evreler ge\u00e7irdi, halka sade tatl\u0131 oldu. O da \u00e7\u00f6rek. Yine insanlar kendinden bir \u015feyler kata kata hurmal\u0131 S\u00fcryani \u00e7\u00f6re\u011finde son buldu.\u201d<\/p>\n<p>S\u00fcryani \u00e7\u00f6re\u011fine \u00e7ok fazla ra\u011fbet oldu\u011funa dikkati \u00e7eken Balc\u0131, insanlar\u0131n sadece tatmak i\u00e7in bile geldi\u011fini s\u00f6yledi. Kendisinin ekstra olarak tereya\u011f\u0131 kulland\u0131\u011f\u0131n\u0131 kaydeden Balc\u0131, yapt\u0131\u011f\u0131 \u00e7\u00f6re\u011fin tarifinin sadece annesinde oldu\u011funu belirterek, kentte herkesin kendisine g\u00f6re bir tarifle \u00fcretim yapt\u0131\u011f\u0131n\u0131 vurgulad\u0131. Bu i\u015fi sevgiyle yapt\u0131klar\u0131n\u0131 s\u00f6zlerine ekleyen Balc\u0131, S\u00fcryani olmalar\u0131ndan dolay\u0131 Mardin\u2019de daha fazla sevildiklerini hissetti\u011fini s\u00f6yledi.<\/p>\n<p>Balc\u0131, \u201cD\u0131\u015far\u0131dan gelen insanlar, \u2018S\u00fcryani misiniz\u2019 diye soruyorlar. Metropol \u015fehirde hi\u00e7 denk gelmemi\u015fler. Merak ediyorlar. Mesela benim ad\u0131m Matias diye \u2018\u0130ngilizce biliyor musunuz\u2019 diye soruyorlar. Halbuki; ben Mardinliyim. 12 y\u0131ld\u0131r b\u00f6yle bir ra\u011fbet var. Dolay\u0131s\u0131yla inan\u0131yoruz ki; insanlar buradaki toplumlar\u0131n fark\u0131na varacak. \u0130zmir\u2019den buraya kimin oldu\u011funu bilerek gelecekler. S\u00fcryani\u2019nin, K\u00fcrt veya \u00cazid\u00eelerin nas\u0131l bir toplum oldu\u011funu bilerek gelecek. Burada g\u00f6r\u00fclmeye de\u011fer \u00e7ok \u015fey var. \u00d6nyarg\u0131 ile buraya gelen \u00e7ok insan tan\u0131d\u0131m. D\u0131\u015far\u0131da \u00e7ok yanl\u0131\u015f anlat\u0131ld\u0131. Burada \u00e7ekilen diziler, filmler veya yap\u0131lan haberler sonucunda. Bu can\u0131m\u0131z\u0131 da yakt\u0131. Ama \u015fu anda inan\u0131yoruz ki gelecek g\u00fcnler i\u00e7in \u00e7ok daha g\u00fczel \u015feyler olacak\u201d diye konu\u015ftu.<\/p>\n<p><em><strong>http:\/\/www.hakkariobjektifhaber.com\/suryanilerin-2-bin-yillik-coregi-matiasin-elinde-lezzet-buluyor-32503h.htm\u00a0<\/strong><\/em><\/p>\n","protected":false},"excerpt":{"rendered":"<p>S\u00fcryaniler aras\u0131nda bir s\u00f6zle\u015fme gelene\u011fine dayanan ve son zamanlarda Mardin\u2019de ra\u011fbet g\u00f6ren \u00e7\u00f6re\u011fin hikayesini anlatan Matias Balc\u0131, i\u015fini sevgiyle yapt\u0131\u011f\u0131n\u0131 s\u00f6yledi. Mardin\u2019de son y\u0131llarda yeniden ra\u011fbet g\u00f6ren S\u00fcryani \u00c7\u00f6re\u011fi, hemen hemen her k\u00f6\u015fe ba\u015f\u0131nda ula\u015f\u0131labilen bir lezzet halini ald\u0131. S\u00fcryanilerin 2 bin y\u0131ll\u0131k gelene\u011finin bir par\u00e7as\u0131 olan \u00e7\u00f6re\u011fin e\u015fsiz lezzeti kente ilk gelenlerin tercihleri aras\u0131nda [&hellip;]<\/p>\n","protected":false},"author":7,"featured_media":63870,"comment_status":"open","ping_status":"open","sticky":false,"template":"","format":"standard","meta":{"footnotes":""},"categories":[1,53],"tags":[],"class_list":["post-63869","post","type-post","status-publish","format-standard","has-post-thumbnail","hentry","category-haberler","category-turkiyede-azinliklar"],"yoast_head":"<!-- This site is optimized with the Yoast SEO plugin v27.4 - https:\/\/yoast.com\/product\/yoast-seo-wordpress\/ -->\n<title>S\u00fcryanilerin 2 bin y\u0131ll\u0131k \u00e7\u00f6re\u011fi Matias\u2019\u0131n elinde lezzet buluyor - Bati Ermenistan Ve Bati Ermenileri Sorunlari Ara\u015ftirmalar Merkezi<\/title>\n<meta name=\"robots\" content=\"index, follow, max-snippet:-1, max-image-preview:large, max-video-preview:-1\" \/>\n<link rel=\"canonical\" href=\"https:\/\/akunq.net\/tr\/?p=63869\" \/>\n<meta property=\"og:locale\" content=\"en_US\" \/>\n<meta property=\"og:type\" content=\"article\" \/>\n<meta property=\"og:title\" content=\"S\u00fcryanilerin 2 bin y\u0131ll\u0131k \u00e7\u00f6re\u011fi Matias\u2019\u0131n elinde lezzet buluyor - Bati Ermenistan Ve Bati Ermenileri Sorunlari Ara\u015ftirmalar Merkezi\" \/>\n<meta property=\"og:description\" content=\"S\u00fcryaniler aras\u0131nda bir s\u00f6zle\u015fme gelene\u011fine dayanan ve son zamanlarda Mardin\u2019de ra\u011fbet g\u00f6ren \u00e7\u00f6re\u011fin hikayesini anlatan Matias Balc\u0131, i\u015fini sevgiyle yapt\u0131\u011f\u0131n\u0131 s\u00f6yledi. Mardin\u2019de son y\u0131llarda yeniden ra\u011fbet g\u00f6ren S\u00fcryani \u00c7\u00f6re\u011fi, hemen hemen her k\u00f6\u015fe ba\u015f\u0131nda ula\u015f\u0131labilen bir lezzet halini ald\u0131. S\u00fcryanilerin 2 bin y\u0131ll\u0131k gelene\u011finin bir par\u00e7as\u0131 olan \u00e7\u00f6re\u011fin e\u015fsiz lezzeti kente ilk gelenlerin tercihleri aras\u0131nda [&hellip;]\" \/>\n<meta property=\"og:url\" content=\"https:\/\/akunq.net\/tr\/?p=63869\" \/>\n<meta property=\"og:site_name\" content=\"Bati Ermenistan Ve Bati Ermenileri Sorunlari Ara\u015ftirmalar Merkezi\" \/>\n<meta property=\"article:published_time\" content=\"2021-07-20T08:32:45+00:00\" \/>\n<meta property=\"og:image\" content=\"https:\/\/akunq.net\/tr\/wp-content\/uploads\/sites\/6\/2021\/07\/S\u00fcryanilerin-2-bin-y\u0131ll\u0131k-\u00e7\u00f6re\u011fi.jpg\" \/>\n\t<meta property=\"og:image:width\" content=\"690\" \/>\n\t<meta property=\"og:image:height\" content=\"390\" \/>\n\t<meta property=\"og:image:type\" content=\"image\/jpeg\" \/>\n<meta name=\"author\" content=\"admin\" \/>\n<meta name=\"twitter:card\" content=\"summary_large_image\" \/>\n<meta name=\"twitter:label1\" content=\"Written by\" \/>\n\t<meta name=\"twitter:data1\" content=\"admin\" \/>\n\t<meta name=\"twitter:label2\" content=\"Est. reading time\" \/>\n\t<meta name=\"twitter:data2\" content=\"3 minutes\" \/>\n<script type=\"application\/ld+json\" class=\"yoast-schema-graph\">{\"@context\":\"https:\\\/\\\/schema.org\",\"@graph\":[{\"@type\":\"Article\",\"@id\":\"https:\\\/\\\/akunq.net\\\/tr\\\/?p=63869#article\",\"isPartOf\":{\"@id\":\"https:\\\/\\\/akunq.net\\\/tr\\\/?p=63869\"},\"author\":{\"name\":\"admin\",\"@id\":\"https:\\\/\\\/akunq.net\\\/tr\\\/#\\\/schema\\\/person\\\/096f1d38a12cce57fb855b485ed24c9e\"},\"headline\":\"S\u00fcryanilerin 2 bin y\u0131ll\u0131k \u00e7\u00f6re\u011fi Matias\u2019\u0131n elinde lezzet buluyor\",\"datePublished\":\"2021-07-20T08:32:45+00:00\",\"mainEntityOfPage\":{\"@id\":\"https:\\\/\\\/akunq.net\\\/tr\\\/?p=63869\"},\"wordCount\":588,\"commentCount\":0,\"image\":{\"@id\":\"https:\\\/\\\/akunq.net\\\/tr\\\/?p=63869#primaryimage\"},\"thumbnailUrl\":\"https:\\\/\\\/akunq.net\\\/tr\\\/wp-content\\\/uploads\\\/sites\\\/6\\\/2021\\\/07\\\/S\u00fcryanilerin-2-bin-y\u0131ll\u0131k-\u00e7\u00f6re\u011fi.jpg\",\"articleSection\":[\"Haberler\",\"T\u00fcrkiye\u2019de Az\u0131nl\u0131klar\"],\"inLanguage\":\"en-US\",\"potentialAction\":[{\"@type\":\"CommentAction\",\"name\":\"Comment\",\"target\":[\"https:\\\/\\\/akunq.net\\\/tr\\\/?p=63869#respond\"]}]},{\"@type\":\"WebPage\",\"@id\":\"https:\\\/\\\/akunq.net\\\/tr\\\/?p=63869\",\"url\":\"https:\\\/\\\/akunq.net\\\/tr\\\/?p=63869\",\"name\":\"S\u00fcryanilerin 2 bin y\u0131ll\u0131k \u00e7\u00f6re\u011fi Matias\u2019\u0131n elinde lezzet buluyor - Bati Ermenistan Ve Bati Ermenileri Sorunlari Ara\u015ftirmalar Merkezi\",\"isPartOf\":{\"@id\":\"https:\\\/\\\/akunq.net\\\/tr\\\/#website\"},\"primaryImageOfPage\":{\"@id\":\"https:\\\/\\\/akunq.net\\\/tr\\\/?p=63869#primaryimage\"},\"image\":{\"@id\":\"https:\\\/\\\/akunq.net\\\/tr\\\/?p=63869#primaryimage\"},\"thumbnailUrl\":\"https:\\\/\\\/akunq.net\\\/tr\\\/wp-content\\\/uploads\\\/sites\\\/6\\\/2021\\\/07\\\/S\u00fcryanilerin-2-bin-y\u0131ll\u0131k-\u00e7\u00f6re\u011fi.jpg\",\"datePublished\":\"2021-07-20T08:32:45+00:00\",\"author\":{\"@id\":\"https:\\\/\\\/akunq.net\\\/tr\\\/#\\\/schema\\\/person\\\/096f1d38a12cce57fb855b485ed24c9e\"},\"breadcrumb\":{\"@id\":\"https:\\\/\\\/akunq.net\\\/tr\\\/?p=63869#breadcrumb\"},\"inLanguage\":\"en-US\",\"potentialAction\":[{\"@type\":\"ReadAction\",\"target\":[\"https:\\\/\\\/akunq.net\\\/tr\\\/?p=63869\"]}]},{\"@type\":\"ImageObject\",\"inLanguage\":\"en-US\",\"@id\":\"https:\\\/\\\/akunq.net\\\/tr\\\/?p=63869#primaryimage\",\"url\":\"https:\\\/\\\/akunq.net\\\/tr\\\/wp-content\\\/uploads\\\/sites\\\/6\\\/2021\\\/07\\\/S\u00fcryanilerin-2-bin-y\u0131ll\u0131k-\u00e7\u00f6re\u011fi.jpg\",\"contentUrl\":\"https:\\\/\\\/akunq.net\\\/tr\\\/wp-content\\\/uploads\\\/sites\\\/6\\\/2021\\\/07\\\/S\u00fcryanilerin-2-bin-y\u0131ll\u0131k-\u00e7\u00f6re\u011fi.jpg\",\"width\":690,\"height\":390},{\"@type\":\"BreadcrumbList\",\"@id\":\"https:\\\/\\\/akunq.net\\\/tr\\\/?p=63869#breadcrumb\",\"itemListElement\":[{\"@type\":\"ListItem\",\"position\":1,\"name\":\"Home\",\"item\":\"https:\\\/\\\/akunq.net\\\/tr\"},{\"@type\":\"ListItem\",\"position\":2,\"name\":\"S\u00fcryanilerin 2 bin y\u0131ll\u0131k \u00e7\u00f6re\u011fi Matias\u2019\u0131n elinde lezzet buluyor\"}]},{\"@type\":\"WebSite\",\"@id\":\"https:\\\/\\\/akunq.net\\\/tr\\\/#website\",\"url\":\"https:\\\/\\\/akunq.net\\\/tr\\\/\",\"name\":\"Bati Ermenistan Ve Bati Ermenileri Sorunlari Ara\u015ftirmalar Merkezi\",\"description\":\"\",\"potentialAction\":[{\"@type\":\"SearchAction\",\"target\":{\"@type\":\"EntryPoint\",\"urlTemplate\":\"https:\\\/\\\/akunq.net\\\/tr\\\/?s={search_term_string}\"},\"query-input\":{\"@type\":\"PropertyValueSpecification\",\"valueRequired\":true,\"valueName\":\"search_term_string\"}}],\"inLanguage\":\"en-US\"},{\"@type\":\"Person\",\"@id\":\"https:\\\/\\\/akunq.net\\\/tr\\\/#\\\/schema\\\/person\\\/096f1d38a12cce57fb855b485ed24c9e\",\"name\":\"admin\",\"url\":\"https:\\\/\\\/akunq.net\\\/tr\\\/?author=7\"}]}<\/script>\n<!-- \/ Yoast SEO plugin. -->","yoast_head_json":{"title":"S\u00fcryanilerin 2 bin y\u0131ll\u0131k \u00e7\u00f6re\u011fi Matias\u2019\u0131n elinde lezzet buluyor - Bati Ermenistan Ve Bati Ermenileri Sorunlari Ara\u015ftirmalar Merkezi","robots":{"index":"index","follow":"follow","max-snippet":"max-snippet:-1","max-image-preview":"max-image-preview:large","max-video-preview":"max-video-preview:-1"},"canonical":"https:\/\/akunq.net\/tr\/?p=63869","og_locale":"en_US","og_type":"article","og_title":"S\u00fcryanilerin 2 bin y\u0131ll\u0131k \u00e7\u00f6re\u011fi Matias\u2019\u0131n elinde lezzet buluyor - Bati Ermenistan Ve Bati Ermenileri Sorunlari Ara\u015ftirmalar Merkezi","og_description":"S\u00fcryaniler aras\u0131nda bir s\u00f6zle\u015fme gelene\u011fine dayanan ve son zamanlarda Mardin\u2019de ra\u011fbet g\u00f6ren \u00e7\u00f6re\u011fin hikayesini anlatan Matias Balc\u0131, i\u015fini sevgiyle yapt\u0131\u011f\u0131n\u0131 s\u00f6yledi. Mardin\u2019de son y\u0131llarda yeniden ra\u011fbet g\u00f6ren S\u00fcryani \u00c7\u00f6re\u011fi, hemen hemen her k\u00f6\u015fe ba\u015f\u0131nda ula\u015f\u0131labilen bir lezzet halini ald\u0131. S\u00fcryanilerin 2 bin y\u0131ll\u0131k gelene\u011finin bir par\u00e7as\u0131 olan \u00e7\u00f6re\u011fin e\u015fsiz lezzeti kente ilk gelenlerin tercihleri aras\u0131nda [&hellip;]","og_url":"https:\/\/akunq.net\/tr\/?p=63869","og_site_name":"Bati Ermenistan Ve Bati Ermenileri Sorunlari Ara\u015ftirmalar Merkezi","article_published_time":"2021-07-20T08:32:45+00:00","og_image":[{"width":690,"height":390,"url":"https:\/\/akunq.net\/tr\/wp-content\/uploads\/sites\/6\/2021\/07\/S\u00fcryanilerin-2-bin-y\u0131ll\u0131k-\u00e7\u00f6re\u011fi.jpg","type":"image\/jpeg"}],"author":"admin","twitter_card":"summary_large_image","twitter_misc":{"Written by":"admin","Est. reading time":"3 minutes"},"schema":{"@context":"https:\/\/schema.org","@graph":[{"@type":"Article","@id":"https:\/\/akunq.net\/tr\/?p=63869#article","isPartOf":{"@id":"https:\/\/akunq.net\/tr\/?p=63869"},"author":{"name":"admin","@id":"https:\/\/akunq.net\/tr\/#\/schema\/person\/096f1d38a12cce57fb855b485ed24c9e"},"headline":"S\u00fcryanilerin 2 bin y\u0131ll\u0131k \u00e7\u00f6re\u011fi Matias\u2019\u0131n elinde lezzet buluyor","datePublished":"2021-07-20T08:32:45+00:00","mainEntityOfPage":{"@id":"https:\/\/akunq.net\/tr\/?p=63869"},"wordCount":588,"commentCount":0,"image":{"@id":"https:\/\/akunq.net\/tr\/?p=63869#primaryimage"},"thumbnailUrl":"https:\/\/akunq.net\/tr\/wp-content\/uploads\/sites\/6\/2021\/07\/S\u00fcryanilerin-2-bin-y\u0131ll\u0131k-\u00e7\u00f6re\u011fi.jpg","articleSection":["Haberler","T\u00fcrkiye\u2019de Az\u0131nl\u0131klar"],"inLanguage":"en-US","potentialAction":[{"@type":"CommentAction","name":"Comment","target":["https:\/\/akunq.net\/tr\/?p=63869#respond"]}]},{"@type":"WebPage","@id":"https:\/\/akunq.net\/tr\/?p=63869","url":"https:\/\/akunq.net\/tr\/?p=63869","name":"S\u00fcryanilerin 2 bin y\u0131ll\u0131k \u00e7\u00f6re\u011fi Matias\u2019\u0131n elinde lezzet buluyor - Bati Ermenistan Ve Bati Ermenileri Sorunlari Ara\u015ftirmalar Merkezi","isPartOf":{"@id":"https:\/\/akunq.net\/tr\/#website"},"primaryImageOfPage":{"@id":"https:\/\/akunq.net\/tr\/?p=63869#primaryimage"},"image":{"@id":"https:\/\/akunq.net\/tr\/?p=63869#primaryimage"},"thumbnailUrl":"https:\/\/akunq.net\/tr\/wp-content\/uploads\/sites\/6\/2021\/07\/S\u00fcryanilerin-2-bin-y\u0131ll\u0131k-\u00e7\u00f6re\u011fi.jpg","datePublished":"2021-07-20T08:32:45+00:00","author":{"@id":"https:\/\/akunq.net\/tr\/#\/schema\/person\/096f1d38a12cce57fb855b485ed24c9e"},"breadcrumb":{"@id":"https:\/\/akunq.net\/tr\/?p=63869#breadcrumb"},"inLanguage":"en-US","potentialAction":[{"@type":"ReadAction","target":["https:\/\/akunq.net\/tr\/?p=63869"]}]},{"@type":"ImageObject","inLanguage":"en-US","@id":"https:\/\/akunq.net\/tr\/?p=63869#primaryimage","url":"https:\/\/akunq.net\/tr\/wp-content\/uploads\/sites\/6\/2021\/07\/S\u00fcryanilerin-2-bin-y\u0131ll\u0131k-\u00e7\u00f6re\u011fi.jpg","contentUrl":"https:\/\/akunq.net\/tr\/wp-content\/uploads\/sites\/6\/2021\/07\/S\u00fcryanilerin-2-bin-y\u0131ll\u0131k-\u00e7\u00f6re\u011fi.jpg","width":690,"height":390},{"@type":"BreadcrumbList","@id":"https:\/\/akunq.net\/tr\/?p=63869#breadcrumb","itemListElement":[{"@type":"ListItem","position":1,"name":"Home","item":"https:\/\/akunq.net\/tr"},{"@type":"ListItem","position":2,"name":"S\u00fcryanilerin 2 bin y\u0131ll\u0131k \u00e7\u00f6re\u011fi Matias\u2019\u0131n elinde lezzet buluyor"}]},{"@type":"WebSite","@id":"https:\/\/akunq.net\/tr\/#website","url":"https:\/\/akunq.net\/tr\/","name":"Bati Ermenistan Ve Bati Ermenileri Sorunlari Ara\u015ftirmalar Merkezi","description":"","potentialAction":[{"@type":"SearchAction","target":{"@type":"EntryPoint","urlTemplate":"https:\/\/akunq.net\/tr\/?s={search_term_string}"},"query-input":{"@type":"PropertyValueSpecification","valueRequired":true,"valueName":"search_term_string"}}],"inLanguage":"en-US"},{"@type":"Person","@id":"https:\/\/akunq.net\/tr\/#\/schema\/person\/096f1d38a12cce57fb855b485ed24c9e","name":"admin","url":"https:\/\/akunq.net\/tr\/?author=7"}]}},"_links":{"self":[{"href":"https:\/\/akunq.net\/tr\/index.php?rest_route=\/wp\/v2\/posts\/63869","targetHints":{"allow":["GET"]}}],"collection":[{"href":"https:\/\/akunq.net\/tr\/index.php?rest_route=\/wp\/v2\/posts"}],"about":[{"href":"https:\/\/akunq.net\/tr\/index.php?rest_route=\/wp\/v2\/types\/post"}],"author":[{"embeddable":true,"href":"https:\/\/akunq.net\/tr\/index.php?rest_route=\/wp\/v2\/users\/7"}],"replies":[{"embeddable":true,"href":"https:\/\/akunq.net\/tr\/index.php?rest_route=%2Fwp%2Fv2%2Fcomments&post=63869"}],"version-history":[{"count":1,"href":"https:\/\/akunq.net\/tr\/index.php?rest_route=\/wp\/v2\/posts\/63869\/revisions"}],"predecessor-version":[{"id":63871,"href":"https:\/\/akunq.net\/tr\/index.php?rest_route=\/wp\/v2\/posts\/63869\/revisions\/63871"}],"wp:featuredmedia":[{"embeddable":true,"href":"https:\/\/akunq.net\/tr\/index.php?rest_route=\/wp\/v2\/media\/63870"}],"wp:attachment":[{"href":"https:\/\/akunq.net\/tr\/index.php?rest_route=%2Fwp%2Fv2%2Fmedia&parent=63869"}],"wp:term":[{"taxonomy":"category","embeddable":true,"href":"https:\/\/akunq.net\/tr\/index.php?rest_route=%2Fwp%2Fv2%2Fcategories&post=63869"},{"taxonomy":"post_tag","embeddable":true,"href":"https:\/\/akunq.net\/tr\/index.php?rest_route=%2Fwp%2Fv2%2Ftags&post=63869"}],"curies":[{"name":"wp","href":"https:\/\/api.w.org\/{rel}","templated":true}]}}