{"id":63866,"date":"2021-07-20T03:16:52","date_gmt":"2021-07-20T08:16:52","guid":{"rendered":"https:\/\/akunq.net\/tr\/?p=63866"},"modified":"2021-07-20T03:16:52","modified_gmt":"2021-07-20T08:16:52","slug":"bizanstan-osmanliya-ve-modern-zamanlara-gecisin-adresi-iznik","status":"publish","type":"post","link":"https:\/\/akunq.net\/tr\/?p=63866","title":{"rendered":"Bizans\u2019tan Osmanl\u0131\u2019ya ve modern zamanlara ge\u00e7i\u015fin adresi \u0130znik"},"content":{"rendered":"<p><img loading=\"lazy\" decoding=\"async\" class=\"aligncenter size-medium wp-image-63867\" src=\"https:\/\/akunq.net\/tr\/wp-content\/uploads\/2021\/07\/\u0130znik-360x218.jpg\" alt=\"\" width=\"360\" height=\"218\" srcset=\"https:\/\/akunq.net\/tr\/wp-content\/uploads\/sites\/6\/2021\/07\/\u0130znik-360x218.jpg 360w, https:\/\/akunq.net\/tr\/wp-content\/uploads\/sites\/6\/2021\/07\/\u0130znik-560x339.jpg 560w, https:\/\/akunq.net\/tr\/wp-content\/uploads\/sites\/6\/2021\/07\/\u0130znik-260x158.jpg 260w, https:\/\/akunq.net\/tr\/wp-content\/uploads\/sites\/6\/2021\/07\/\u0130znik-160x97.jpg 160w, https:\/\/akunq.net\/tr\/wp-content\/uploads\/sites\/6\/2021\/07\/\u0130znik.jpg 660w\" sizes=\"auto, (max-width: 360px) 100vw, 360px\" \/><\/p>\n<p><strong>\u0130lber Ortayl\u0131<\/strong><\/p>\n<p><em><strong>\u015eehrin T\u00fcrklerin eline tam ge\u00e7i\u015fi, yeniden d\u00f6n\u00fc\u015f\u00fc, Osman Gazi d\u00f6nemini bekleyecektir. Osmanl\u0131 \u00e7ini sanat\u0131n\u0131n da parlak merkeziydi. T\u00fcrkler burada Akdeniz halk\u0131 oldular\u2026<\/strong><\/em><\/p>\n<p>\u0130ZN\u0130K il\u00e7esi Bursa vilayetine ba\u011fl\u0131d\u0131r ve ye\u015fil Bursa denen vilayetin hi\u00e7 \u015f\u00fcphesiz zeytinlik ve meyveliklerle s\u00fcsl\u00fc ye\u015fili, s\u00fcsl\u00fc ne kelime, topraktan f\u0131\u015fk\u0131ran bir b\u00fct\u00fcn halinde her yeri kaplad\u0131\u011f\u0131 bereketli b\u00f6lgedir. Tarih bereketi sever. \u0130ki da\u011f\u0131n aras\u0131ndaki bu geni\u015f g\u00f6l\u00fcn etraf\u0131ndaki verimlilik ve g\u00fczellik \u00f6nce B\u00fcy\u00fck \u0130skender\u2019in haleflerinden Lysimakhos taraf\u0131ndan \u00f6b\u00fcr adaylar bertaraf edilerek al\u0131nd\u0131 ve kar\u0131s\u0131n\u0131n ad\u0131n\u0131 (Nikeia) \u015fehre verdi.<\/p>\n<p>Bizans\u2019tan Osmanl\u0131\u2019ya ve modern zamanlara ge\u00e7i\u015fin adresi \u0130znik<\/p>\n<p><strong>KONSTANT\u0130N\u2019\u0130N D\u0130N\u0130 MERKEZ\u0130<\/strong><\/p>\n<p>Roma\u2019n\u0131n zengin bir b\u00f6lgesiydi. Zenginlik e\u015fitsizlik ve hareket de getirir. H\u0131ristiyanl\u0131k Roma d\u00fcnyas\u0131n\u0131 kaplad\u0131\u011f\u0131nda b\u00fcy\u00fck Konstantin\u2019in adeta dini merkez olarak se\u00e7ti\u011fi yerdi. Daha do\u011fdu\u011fu g\u00fcnden kilise babalar\u0131 ve filozoflar aras\u0131nda kavga konusu olan bu dinin te\u015fkilat ve akide prensiplerinin \u00e7\u00f6z\u00fcm\u00fc i\u00e7in 325\u2019te b\u00fcy\u00fck kons\u00fcl topland\u0131. Tarih\u00e7ilerin rivayetine g\u00f6re B\u00fcy\u00fck Konstantin\u2019in sempati duydu\u011fu Aryanizm (yani \u0130sa\u2019y\u0131 tanr\u0131n\u0131n de\u011fil Meryem\u2019in o\u011flu olarak g\u00f6ren, bu y\u00fczden imparatorluk aras\u0131nda askerlerin ve barbar halklar\u0131n \u00e7ok tuttu\u011fu inan\u0131\u015f) burada tel\u2019in edildi, yani lanetlendi.<\/p>\n<p>Ha\u00e7l\u0131 Seferleri s\u0131ras\u0131nda ise \u015fehri savunanlar Sel\u00e7uklular\u2019d\u0131. Kutalm\u0131\u015fo\u011flu S\u00fcleyman Bey 1075\u2019te \u0130sfahan\u2019daki B\u00fcy\u00fck Sel\u00e7uklu \u0130mparatorlu\u011fu\u2019ndan olduk\u00e7a ba\u011f\u0131ms\u0131z bir bi\u00e7imde Anadolu\u2019nun bu k\u0131sm\u0131n\u0131 fethetmi\u015f ve \u0130znik\u2019i ba\u015fkent yapm\u0131\u015ft\u0131. Ha\u00e7l\u0131 sald\u0131r\u0131lar\u0131 d\u0131\u015f\u0131nda K\u0131l\u0131\u00e7 Arslan\u2019\u0131n uzun sava\u015f\u0131 \u015fehrin teslimini gerektirdi ama Ha\u00e7l\u0131lara de\u011fil Bizansl\u0131lara geri verdi. Bu isabetli kararla da \u015fehir ya\u011fmadan ve barbarlar\u0131n istilas\u0131ndan kurtuldu. \u00d6yle ki 1204\u2019te \u0130stanbul, Ha\u00e7l\u0131lar\u0131n eline d\u00fc\u015f\u00fcnce Bizans\u2019\u0131n zenginli\u011fi ve medeniyeti burada inki\u015faf etti. Laskaris hanedan\u0131 \u015fehre yerle\u015fmi\u015fti. Elli sene sonra onlar\u0131n g\u00f6revlendirdi\u011fi komutan Paleologos \u0130stanbul\u2019u geri ald\u0131.<\/p>\n<p><strong>OSMAN GAZ\u0130 D\u00d6NEM\u0130NDE\u2026<\/strong><\/p>\n<p>\u015eehrin T\u00fcrklerin eline tam ge\u00e7i\u015fi, yeniden d\u00f6n\u00fc\u015f\u00fc, Osman Gazi d\u00f6nemini bekleyecektir. \u0130znik, Osmanl\u0131 \u00e7ini sanat\u0131n\u0131n parlak merkeziydi. Bug\u00fcn dahi o i\u015fin s\u0131rr\u0131na ve porselenini s\u0131rlama tekniklerine tam manas\u0131yla vak\u0131f de\u011filiz. Medreseleri ve mimarisiyle hele Ye\u015fil Camii ve Nil\u00fcfer Hatun K\u00fclliyesi\u2019ne bakt\u0131\u011f\u0131m\u0131zda hem kubbenin kullan\u0131l\u0131\u015f\u0131 hem mimari zevk ve teknikler hem de etraftaki bitki \u00f6rt\u00fcs\u00fcyle b\u00fct\u00fcnle\u015fmesi bile Osmanl\u0131\u2019n\u0131n art\u0131k bir Akdeniz medeniyeti olarak ortaya \u00e7\u0131kt\u0131\u011f\u0131n\u0131 g\u00f6sterir. T\u00fcrkler burada Akdeniz halk\u0131 oldular.<\/p>\n<p><strong>KONTROL GEREK\u0130YOR<\/strong><\/p>\n<p>Bug\u00fcn \u015fehir zengin, di\u011fer Anadolu \u015fehirlerinde g\u00f6r\u00fclen zevksiz yap\u0131la\u015fma ve imar sa\u00e7mal\u0131\u011f\u0131 pek g\u00f6ze \u00e7arpm\u0131yor. Etraf\u0131ndaki ho\u015f yerle\u015fmeler i\u00e7in ayn\u0131 \u015feyi s\u00f6yleyemeyiz. Kontrol gerekti\u011fi a\u00e7\u0131k! Tar\u0131m devam ediyor ama b\u00f6lgedeki tar\u0131msal \u00e7\u00f6k\u00fcnt\u00fcn\u00fcn buran\u0131n da kap\u0131lar\u0131n \u00e7almas\u0131 m\u00fcmk\u00fcnd\u00fcr.<\/p>\n<p>\u0130stanbul\u2019dan gelip yerle\u015fenler var ama bence \u0130stanbul\u2019un havas\u0131ndan bunalanlar\u0131n yaz k\u0131\u015f gelip k\u00fc\u00e7\u00fck s\u00fcrelerle bar\u0131nacaklar\u0131 hem temiz havas\u0131n\u0131 hem de tarihi atmosferini i\u00e7lerine \u00e7ekerek tazelenecekleri bir b\u00f6lge. Klasik Bitinya, Osmanl\u0131\u2019n\u0131n H\u00fcdavendigar vilayetinin Bursa\u2019yla birlikte en sempatik yeri. E\u011fer civardaki Yeni\u015fehir kazas\u0131n\u0131 da hesaba katarsak her zaman i\u00e7in bir tur at\u0131lacak yer.<\/p>\n<p><strong>GE\u00c7M\u0130\u015eLE BA\u011eIN \u00d6RNE\u011e\u0130<\/strong><\/p>\n<p>G\u00f6l sodal\u0131 sudan olu\u015fur. Yeni \u00e7evre problemleri ortaya \u00e7\u0131k\u0131yor. Bunlara dikkat etmemiz gerekecek. \u015eehirde \u00e7ini sanat\u0131 davam ediyor. \u00d6zellikle Adil Can G\u00fcven ve Nursan Han\u0131m\u2019\u0131n at\u00f6lyesini ziyaret edince g\u00f6recekleriniz insan\u0131 her zaman ektiler. Bizans\u2019tan Osmanl\u0131\u2019ya ve modern zamanlara bir ge\u00e7i\u015fi temsil ediyor. Tavasl\u0131 merhum Necip Usta\u2019n\u0131n seramik at\u00f6lyesinden sonra T\u00fcrkiye sanat\u00e7\u0131lar\u0131n\u0131n ge\u00e7mi\u015fle ba\u011f kurabildiklerinin canl\u0131 bir \u00f6rne\u011fi.<\/p>\n<p>Bizans\u2019tan Osmanl\u0131\u2019ya ve modern zamanlara ge\u00e7i\u015fin adresi \u0130znik<\/p>\n<p>\u015eehirdeki fas\u0131lamda rastlad\u0131\u011f\u0131m Bo\u011fazi\u00e7i mezunu tarih\u00e7ilerden Bekir Cantemir bana baz\u0131 yerleri g\u00f6sterdi. Do\u011fu Roma \u0130mparatorlu\u011fu ve H\u0131ristiyanl\u0131ktan kalan binalarla fazla \u00e7evirmeler yapman\u0131n tarihi mirasa canl\u0131l\u0131k getirdi\u011fi kan\u0131s\u0131nda de\u011filim ama \u015fehir halk\u0131 i\u00e7in Bekir Cantemir Bey\u2019in dedi\u011fi gibi tarih galiba \u00e7ok me\u015fgul olduklar\u0131 ilahiyattan sonraki ikinci konu. Hafta sonlar\u0131nda Marmara B\u00f6lgesi\u2019nin tarihi g\u00fczel yerlerini \u00e7evreye ve sa\u011fl\u0131\u011fa dikkat ederek gezmek laz\u0131m.<\/p>\n<p><strong>\u015eEH\u0130T M\u0130RALAY N\u00c2ZIM BEY<\/strong><\/p>\n<p>15 TEMMUZ 1921 tarihinde \u0130stiklal Harbimizin en parlak komutanlar\u0131ndan Miralay N\u00e2z\u0131m Bey\u2019in \u015fehit oldu\u011fu yer \u00c7\u00f6\u011f\u00fcrler K\u00f6y\u00fc\u2019d\u00fcr. Yunan askeriyle girdi\u011fi \u00e7arp\u0131\u015fmada yaraland\u0131ktan sonra nakledilen bu k\u00f6y\u00fcn istasyonunda \u015fehadet mertebesine ula\u015ft\u0131. B\u00f6lge tarihini bilen ayd\u0131nlar, en \u00f6nemlisi \u00c7\u00f6\u011f\u00fcrler K\u00f6y\u00fc\u2019n\u00fcn halk\u0131 ve muhtar\u0131 ile Ege B\u00f6lgesindeki tarih\u00e7iler istasyonun ad\u0131n\u0131 Miralay N\u00e2z\u0131m Bey\u2019in ta\u015f\u0131mas\u0131 i\u00e7in m\u00fcracaat ettiler.<\/p>\n<p>Bizans\u2019tan Osmanl\u0131\u2019ya ve modern zamanlara ge\u00e7i\u015fin adresi \u0130znik<\/p>\n<p><strong>TAR\u0130H\u00c7\u0130LER DESTEKL\u0130YOR<\/strong><\/p>\n<p>TCDD idaresi ismin telaffuzunun harek\u00e2t planlar\u0131ndaki g\u00fc\u00e7l\u00fck \u00e7\u0131karacak kadar uzun oldu\u011fu gibi g\u00fcl\u00fcn\u00e7 bir sebep ileri s\u00fcrm\u00fc\u015f. Demiryolu mesajlar\u0131 ile hava meydanlar\u0131ndaki mesajlar\u0131n ayn\u0131 dakiklikte olmayaca\u011f\u0131n\u0131 herkes bilir. \u00dcstelik \u201c\u00c7\u00f6\u011f\u00fcrler\u201d \u00e7ok fazla harek\u00e2ta dahil olan bir b\u00f6lge de\u011fil. Bu memlekette yer isimlerine sadece \u0130\u00e7i\u015fleri Bakanl\u0131\u011f\u0131\u2019n\u0131n bir odas\u0131na kapal\u0131 birka\u00e7 kaymakam m\u0131 de\u011fi\u015ftirecek veya belediye meclisinde g\u00fcr\u00fclt\u00fcy\u00fc en \u00e7ok koparanlar m\u0131?<\/p>\n<p><strong>H\u0130\u00c7B\u0130R ANMA YAPILMIYOR<\/strong><\/p>\n<p>\u201c\u00c7ukurh\u00fcseyin\u201d, \u201cM\u00fcsellimk\u00f6y\u201d, \u201cAlifuatpa\u015fa\u201d gibi ba\u015fka tren istasyon adlar\u0131 \u00e7ok mu kolay telaffuz ediliyor? \u015eehit \u201cMiralay N\u00e2z\u0131m\u201d Bey istasyonu, desek ne olmu\u015f? Sekene-i k\u00f6y buna raz\u0131. Etraftaki tarih\u00e7iler candan destekliyor. Daha ne yap\u0131lmas\u0131 gerekiyor ki? \u0130stiklal Harbi\u2019nin komutanlar\u0131n\u0131 anmak ve isimlerini ebedile\u015ftirmek herkesin vazifesidir.<\/p>\n<p>N\u00e2z\u0131m Bey\u2019e \u201cMiralay\u201d r\u00fctbesi TBMM taraf\u0131ndan \u015fehadetinden bir g\u00fcn sonra al\u0131nan bir kararla verildi. Cihan Harbi ve ondan evvelinden hep cephedeydi. K\u00fctahya b\u00f6lgesindeki \u00e7etin \u015fartlarda cephede \u00e7arp\u0131\u015farak vurulan komutanlar\u0131m\u0131zdand\u0131r. TCDD\u2019nin \u00f6ne s\u00fcrd\u00fc\u011f\u00fc gibi istasyona b\u00fcst dikmekle anma i\u015fi halledilmi\u015f say\u0131lm\u0131yor.<\/p>\n<p>K\u00fctahya-Eski\u015fehir Muharebeleri\u2019nin 100. y\u0131l\u0131n\u0131 idrak ediyoruz. \u0130stiklal Harbimizin en \u00f6nemli \u00f6zelli\u011fi h\u00fccumlar kadar ricat tekniklerinin de iyi uygulanarak stratejinin bir par\u00e7as\u0131 olmas\u0131d\u0131r. Her safhada \u00e7arp\u0131\u015fanlar ve \u015fehit d\u00fc\u015fenler an\u0131tla\u015ft\u0131r\u0131lmal\u0131d\u0131r. Bu b\u00f6lgelerde ricat muharebelerimiz i\u00e7in hi\u00e7bir anma yap\u0131lm\u0131yor. Halbuki buralardaki tarih de di\u011fer yerler kadar \u00f6nemlidir.<\/p>\n<p><em><strong>https:\/\/www.hurriyet.com.tr\/yazarlar\/ilber-ortayli\/bizanstan-osmanliya-ve-modern-zamanlara-gecisin-adresi-iznik-41855613\u00a0<\/strong><\/em><\/p>\n","protected":false},"excerpt":{"rendered":"<p>\u0130lber Ortayl\u0131 \u015eehrin T\u00fcrklerin eline tam ge\u00e7i\u015fi, yeniden d\u00f6n\u00fc\u015f\u00fc, Osman Gazi d\u00f6nemini bekleyecektir. Osmanl\u0131 \u00e7ini sanat\u0131n\u0131n da parlak merkeziydi. T\u00fcrkler burada Akdeniz halk\u0131 oldular\u2026 \u0130ZN\u0130K il\u00e7esi Bursa vilayetine ba\u011fl\u0131d\u0131r ve ye\u015fil Bursa denen vilayetin hi\u00e7 \u015f\u00fcphesiz zeytinlik ve meyveliklerle s\u00fcsl\u00fc ye\u015fili, s\u00fcsl\u00fc ne kelime, topraktan f\u0131\u015fk\u0131ran bir b\u00fct\u00fcn halinde her yeri kaplad\u0131\u011f\u0131 bereketli b\u00f6lgedir. Tarih [&hellip;]<\/p>\n","protected":false},"author":7,"featured_media":63867,"comment_status":"open","ping_status":"open","sticky":false,"template":"","format":"standard","meta":{"footnotes":""},"categories":[1,20],"tags":[],"class_list":["post-63866","post","type-post","status-publish","format-standard","has-post-thumbnail","hentry","category-haberler","category-tarih-sayfalari"],"yoast_head":"<!-- This site is optimized with the Yoast SEO plugin v26.6 - https:\/\/yoast.com\/wordpress\/plugins\/seo\/ -->\n<title>Bizans\u2019tan Osmanl\u0131\u2019ya ve modern zamanlara ge\u00e7i\u015fin adresi \u0130znik - Bati Ermenistan Ve Bati Ermenileri Sorunlari Ara\u015ftirmalar Merkezi<\/title>\n<meta name=\"robots\" content=\"index, follow, max-snippet:-1, max-image-preview:large, max-video-preview:-1\" \/>\n<link rel=\"canonical\" href=\"https:\/\/akunq.net\/tr\/?p=63866\" \/>\n<meta property=\"og:locale\" content=\"en_US\" \/>\n<meta property=\"og:type\" content=\"article\" \/>\n<meta property=\"og:title\" content=\"Bizans\u2019tan Osmanl\u0131\u2019ya ve modern zamanlara ge\u00e7i\u015fin adresi \u0130znik - Bati Ermenistan Ve Bati Ermenileri Sorunlari Ara\u015ftirmalar Merkezi\" \/>\n<meta property=\"og:description\" content=\"\u0130lber Ortayl\u0131 \u015eehrin T\u00fcrklerin eline tam ge\u00e7i\u015fi, yeniden d\u00f6n\u00fc\u015f\u00fc, Osman Gazi d\u00f6nemini bekleyecektir. Osmanl\u0131 \u00e7ini sanat\u0131n\u0131n da parlak merkeziydi. T\u00fcrkler burada Akdeniz halk\u0131 oldular\u2026 \u0130ZN\u0130K il\u00e7esi Bursa vilayetine ba\u011fl\u0131d\u0131r ve ye\u015fil Bursa denen vilayetin hi\u00e7 \u015f\u00fcphesiz zeytinlik ve meyveliklerle s\u00fcsl\u00fc ye\u015fili, s\u00fcsl\u00fc ne kelime, topraktan f\u0131\u015fk\u0131ran bir b\u00fct\u00fcn halinde her yeri kaplad\u0131\u011f\u0131 bereketli b\u00f6lgedir. Tarih [&hellip;]\" \/>\n<meta property=\"og:url\" content=\"https:\/\/akunq.net\/tr\/?p=63866\" \/>\n<meta property=\"og:site_name\" content=\"Bati Ermenistan Ve Bati Ermenileri Sorunlari Ara\u015ftirmalar Merkezi\" \/>\n<meta property=\"article:published_time\" content=\"2021-07-20T08:16:52+00:00\" \/>\n<meta property=\"og:image\" content=\"https:\/\/akunq.net\/tr\/wp-content\/uploads\/sites\/6\/2021\/07\/\u0130znik.jpg\" \/>\n\t<meta property=\"og:image:width\" content=\"660\" \/>\n\t<meta property=\"og:image:height\" content=\"400\" \/>\n\t<meta property=\"og:image:type\" content=\"image\/jpeg\" \/>\n<meta name=\"author\" content=\"admin\" \/>\n<meta name=\"twitter:card\" content=\"summary_large_image\" \/>\n<meta name=\"twitter:label1\" content=\"Written by\" \/>\n\t<meta name=\"twitter:data1\" content=\"admin\" \/>\n\t<meta name=\"twitter:label2\" content=\"Est. reading time\" \/>\n\t<meta name=\"twitter:data2\" content=\"6 minutes\" \/>\n<script type=\"application\/ld+json\" class=\"yoast-schema-graph\">{\"@context\":\"https:\/\/schema.org\",\"@graph\":[{\"@type\":\"WebPage\",\"@id\":\"https:\/\/akunq.net\/tr\/?p=63866\",\"url\":\"https:\/\/akunq.net\/tr\/?p=63866\",\"name\":\"Bizans\u2019tan Osmanl\u0131\u2019ya ve modern zamanlara ge\u00e7i\u015fin adresi \u0130znik - Bati Ermenistan Ve Bati Ermenileri Sorunlari Ara\u015ftirmalar Merkezi\",\"isPartOf\":{\"@id\":\"https:\/\/akunq.net\/tr\/#website\"},\"primaryImageOfPage\":{\"@id\":\"https:\/\/akunq.net\/tr\/?p=63866#primaryimage\"},\"image\":{\"@id\":\"https:\/\/akunq.net\/tr\/?p=63866#primaryimage\"},\"thumbnailUrl\":\"https:\/\/akunq.net\/tr\/wp-content\/uploads\/sites\/6\/2021\/07\/\u0130znik.jpg\",\"datePublished\":\"2021-07-20T08:16:52+00:00\",\"author\":{\"@id\":\"https:\/\/akunq.net\/tr\/#\/schema\/person\/096f1d38a12cce57fb855b485ed24c9e\"},\"breadcrumb\":{\"@id\":\"https:\/\/akunq.net\/tr\/?p=63866#breadcrumb\"},\"inLanguage\":\"en-US\",\"potentialAction\":[{\"@type\":\"ReadAction\",\"target\":[\"https:\/\/akunq.net\/tr\/?p=63866\"]}]},{\"@type\":\"ImageObject\",\"inLanguage\":\"en-US\",\"@id\":\"https:\/\/akunq.net\/tr\/?p=63866#primaryimage\",\"url\":\"https:\/\/akunq.net\/tr\/wp-content\/uploads\/sites\/6\/2021\/07\/\u0130znik.jpg\",\"contentUrl\":\"https:\/\/akunq.net\/tr\/wp-content\/uploads\/sites\/6\/2021\/07\/\u0130znik.jpg\",\"width\":660,\"height\":400},{\"@type\":\"BreadcrumbList\",\"@id\":\"https:\/\/akunq.net\/tr\/?p=63866#breadcrumb\",\"itemListElement\":[{\"@type\":\"ListItem\",\"position\":1,\"name\":\"Home\",\"item\":\"https:\/\/akunq.net\/tr\"},{\"@type\":\"ListItem\",\"position\":2,\"name\":\"Bizans\u2019tan Osmanl\u0131\u2019ya ve modern zamanlara ge\u00e7i\u015fin adresi \u0130znik\"}]},{\"@type\":\"WebSite\",\"@id\":\"https:\/\/akunq.net\/tr\/#website\",\"url\":\"https:\/\/akunq.net\/tr\/\",\"name\":\"Bati Ermenistan Ve Bati Ermenileri Sorunlari Ara\u015ftirmalar Merkezi\",\"description\":\"\",\"potentialAction\":[{\"@type\":\"SearchAction\",\"target\":{\"@type\":\"EntryPoint\",\"urlTemplate\":\"https:\/\/akunq.net\/tr\/?s={search_term_string}\"},\"query-input\":{\"@type\":\"PropertyValueSpecification\",\"valueRequired\":true,\"valueName\":\"search_term_string\"}}],\"inLanguage\":\"en-US\"},{\"@type\":\"Person\",\"@id\":\"https:\/\/akunq.net\/tr\/#\/schema\/person\/096f1d38a12cce57fb855b485ed24c9e\",\"name\":\"admin\",\"url\":\"https:\/\/akunq.net\/tr\/?author=7\"}]}<\/script>\n<!-- \/ Yoast SEO plugin. -->","yoast_head_json":{"title":"Bizans\u2019tan Osmanl\u0131\u2019ya ve modern zamanlara ge\u00e7i\u015fin adresi \u0130znik - Bati Ermenistan Ve Bati Ermenileri Sorunlari Ara\u015ftirmalar Merkezi","robots":{"index":"index","follow":"follow","max-snippet":"max-snippet:-1","max-image-preview":"max-image-preview:large","max-video-preview":"max-video-preview:-1"},"canonical":"https:\/\/akunq.net\/tr\/?p=63866","og_locale":"en_US","og_type":"article","og_title":"Bizans\u2019tan Osmanl\u0131\u2019ya ve modern zamanlara ge\u00e7i\u015fin adresi \u0130znik - Bati Ermenistan Ve Bati Ermenileri Sorunlari Ara\u015ftirmalar Merkezi","og_description":"\u0130lber Ortayl\u0131 \u015eehrin T\u00fcrklerin eline tam ge\u00e7i\u015fi, yeniden d\u00f6n\u00fc\u015f\u00fc, Osman Gazi d\u00f6nemini bekleyecektir. Osmanl\u0131 \u00e7ini sanat\u0131n\u0131n da parlak merkeziydi. T\u00fcrkler burada Akdeniz halk\u0131 oldular\u2026 \u0130ZN\u0130K il\u00e7esi Bursa vilayetine ba\u011fl\u0131d\u0131r ve ye\u015fil Bursa denen vilayetin hi\u00e7 \u015f\u00fcphesiz zeytinlik ve meyveliklerle s\u00fcsl\u00fc ye\u015fili, s\u00fcsl\u00fc ne kelime, topraktan f\u0131\u015fk\u0131ran bir b\u00fct\u00fcn halinde her yeri kaplad\u0131\u011f\u0131 bereketli b\u00f6lgedir. Tarih [&hellip;]","og_url":"https:\/\/akunq.net\/tr\/?p=63866","og_site_name":"Bati Ermenistan Ve Bati Ermenileri Sorunlari Ara\u015ftirmalar Merkezi","article_published_time":"2021-07-20T08:16:52+00:00","og_image":[{"width":660,"height":400,"url":"https:\/\/akunq.net\/tr\/wp-content\/uploads\/sites\/6\/2021\/07\/\u0130znik.jpg","type":"image\/jpeg"}],"author":"admin","twitter_card":"summary_large_image","twitter_misc":{"Written by":"admin","Est. reading time":"6 minutes"},"schema":{"@context":"https:\/\/schema.org","@graph":[{"@type":"WebPage","@id":"https:\/\/akunq.net\/tr\/?p=63866","url":"https:\/\/akunq.net\/tr\/?p=63866","name":"Bizans\u2019tan Osmanl\u0131\u2019ya ve modern zamanlara ge\u00e7i\u015fin adresi \u0130znik - Bati Ermenistan Ve Bati Ermenileri Sorunlari Ara\u015ftirmalar Merkezi","isPartOf":{"@id":"https:\/\/akunq.net\/tr\/#website"},"primaryImageOfPage":{"@id":"https:\/\/akunq.net\/tr\/?p=63866#primaryimage"},"image":{"@id":"https:\/\/akunq.net\/tr\/?p=63866#primaryimage"},"thumbnailUrl":"https:\/\/akunq.net\/tr\/wp-content\/uploads\/sites\/6\/2021\/07\/\u0130znik.jpg","datePublished":"2021-07-20T08:16:52+00:00","author":{"@id":"https:\/\/akunq.net\/tr\/#\/schema\/person\/096f1d38a12cce57fb855b485ed24c9e"},"breadcrumb":{"@id":"https:\/\/akunq.net\/tr\/?p=63866#breadcrumb"},"inLanguage":"en-US","potentialAction":[{"@type":"ReadAction","target":["https:\/\/akunq.net\/tr\/?p=63866"]}]},{"@type":"ImageObject","inLanguage":"en-US","@id":"https:\/\/akunq.net\/tr\/?p=63866#primaryimage","url":"https:\/\/akunq.net\/tr\/wp-content\/uploads\/sites\/6\/2021\/07\/\u0130znik.jpg","contentUrl":"https:\/\/akunq.net\/tr\/wp-content\/uploads\/sites\/6\/2021\/07\/\u0130znik.jpg","width":660,"height":400},{"@type":"BreadcrumbList","@id":"https:\/\/akunq.net\/tr\/?p=63866#breadcrumb","itemListElement":[{"@type":"ListItem","position":1,"name":"Home","item":"https:\/\/akunq.net\/tr"},{"@type":"ListItem","position":2,"name":"Bizans\u2019tan Osmanl\u0131\u2019ya ve modern zamanlara ge\u00e7i\u015fin adresi \u0130znik"}]},{"@type":"WebSite","@id":"https:\/\/akunq.net\/tr\/#website","url":"https:\/\/akunq.net\/tr\/","name":"Bati Ermenistan Ve Bati Ermenileri Sorunlari Ara\u015ftirmalar Merkezi","description":"","potentialAction":[{"@type":"SearchAction","target":{"@type":"EntryPoint","urlTemplate":"https:\/\/akunq.net\/tr\/?s={search_term_string}"},"query-input":{"@type":"PropertyValueSpecification","valueRequired":true,"valueName":"search_term_string"}}],"inLanguage":"en-US"},{"@type":"Person","@id":"https:\/\/akunq.net\/tr\/#\/schema\/person\/096f1d38a12cce57fb855b485ed24c9e","name":"admin","url":"https:\/\/akunq.net\/tr\/?author=7"}]}},"_links":{"self":[{"href":"https:\/\/akunq.net\/tr\/index.php?rest_route=\/wp\/v2\/posts\/63866","targetHints":{"allow":["GET"]}}],"collection":[{"href":"https:\/\/akunq.net\/tr\/index.php?rest_route=\/wp\/v2\/posts"}],"about":[{"href":"https:\/\/akunq.net\/tr\/index.php?rest_route=\/wp\/v2\/types\/post"}],"author":[{"embeddable":true,"href":"https:\/\/akunq.net\/tr\/index.php?rest_route=\/wp\/v2\/users\/7"}],"replies":[{"embeddable":true,"href":"https:\/\/akunq.net\/tr\/index.php?rest_route=%2Fwp%2Fv2%2Fcomments&post=63866"}],"version-history":[{"count":1,"href":"https:\/\/akunq.net\/tr\/index.php?rest_route=\/wp\/v2\/posts\/63866\/revisions"}],"predecessor-version":[{"id":63868,"href":"https:\/\/akunq.net\/tr\/index.php?rest_route=\/wp\/v2\/posts\/63866\/revisions\/63868"}],"wp:featuredmedia":[{"embeddable":true,"href":"https:\/\/akunq.net\/tr\/index.php?rest_route=\/wp\/v2\/media\/63867"}],"wp:attachment":[{"href":"https:\/\/akunq.net\/tr\/index.php?rest_route=%2Fwp%2Fv2%2Fmedia&parent=63866"}],"wp:term":[{"taxonomy":"category","embeddable":true,"href":"https:\/\/akunq.net\/tr\/index.php?rest_route=%2Fwp%2Fv2%2Fcategories&post=63866"},{"taxonomy":"post_tag","embeddable":true,"href":"https:\/\/akunq.net\/tr\/index.php?rest_route=%2Fwp%2Fv2%2Ftags&post=63866"}],"curies":[{"name":"wp","href":"https:\/\/api.w.org\/{rel}","templated":true}]}}