{"id":63863,"date":"2021-07-20T03:01:26","date_gmt":"2021-07-20T08:01:26","guid":{"rendered":"https:\/\/akunq.net\/tr\/?p=63863"},"modified":"2021-07-20T03:01:26","modified_gmt":"2021-07-20T08:01:26","slug":"tarihi-kilisede-cello-konseri","status":"publish","type":"post","link":"https:\/\/akunq.net\/tr\/?p=63863","title":{"rendered":"Tarihi kilisede \u00e7ello konseri"},"content":{"rendered":"<p><img loading=\"lazy\" decoding=\"async\" class=\"aligncenter size-medium wp-image-63864\" src=\"https:\/\/akunq.net\/tr\/wp-content\/uploads\/2021\/07\/\u00c7ELLO-KONSER\u0130-360x229.jpg\" alt=\"\" width=\"360\" height=\"229\" srcset=\"https:\/\/akunq.net\/tr\/wp-content\/uploads\/sites\/6\/2021\/07\/\u00c7ELLO-KONSER\u0130-360x229.jpg 360w, https:\/\/akunq.net\/tr\/wp-content\/uploads\/sites\/6\/2021\/07\/\u00c7ELLO-KONSER\u0130-560x356.jpg 560w, https:\/\/akunq.net\/tr\/wp-content\/uploads\/sites\/6\/2021\/07\/\u00c7ELLO-KONSER\u0130-260x165.jpg 260w, https:\/\/akunq.net\/tr\/wp-content\/uploads\/sites\/6\/2021\/07\/\u00c7ELLO-KONSER\u0130-160x102.jpg 160w, https:\/\/akunq.net\/tr\/wp-content\/uploads\/sites\/6\/2021\/07\/\u00c7ELLO-KONSER\u0130.jpg 600w\" sizes=\"auto, (max-width: 360px) 100vw, 360px\" \/><\/p>\n<p><em><strong>MU\u011eLA\u2019n\u0131n Dat\u00e7a il\u00e7esinde 4 y\u0131ld\u0131r H\u0131z\u0131r\u015fah K\u00fclt\u00fcr Evi olarak hizmet veren tarihi kilise, \u00e7ello konserine ev sahipli\u011fi yapt\u0131.<\/strong><\/em><\/p>\n<p>MU\u011eLA\u2019n\u0131n Dat\u00e7a il\u00e7esinde 4 y\u0131ld\u0131r H\u0131z\u0131r\u015fah K\u00fclt\u00fcr Evi olarak hizmet veren tarihi kilise, \u00e7ello konserine ev sahipli\u011fi yapt\u0131.<\/p>\n<p>Amerika Birle\u015fik Devletleri\u2019nin Marshall \u00dcniversitesi\u2019nde \u00e7ello \u00f6\u011fretmeni olan Prof. Dr.\u00a0<a href=\"https:\/\/www.haberler.com\/solen\/\"><strong>\u015e\u00f6len<\/strong><\/a>\u00a0Dikener (60) ve Rider \u00dcniversitesi\u2019nde piyano \u00f6\u011fretmeni e\u015fi Prof. Dr. Ye\u015fim Dikener (60), Dat\u00e7a Yaz\u00a0<a href=\"https:\/\/www.haberler.com\/muzik\/\"><strong>M\u00fczik<\/strong><\/a>\u00a0Akademisi e\u011fitimleri kapsam\u0131nda konser d\u00fczenledi. \u0130zmir Dokuz Eyl\u00fcl \u00dcniversitesi\u2019nden Su Okan (15),\u00a0<a href=\"https:\/\/www.haberler.com\/akdeniz-universitesi\/\"><strong>Akdeniz \u00dcniversitesi<\/strong><\/a>\u2018nden Ada \u00d6zg\u00fcl (15) ve Uluda\u011f \u00dcniversitesi\u2019nden Efe O\u011ful \u00c7akal\u2019\u0131n (16) sahne ald\u0131\u011f\u0131 konser, yakla\u015f\u0131k 1 saat s\u00fcrd\u00fc. Antonio Vivaldi ve Johann Sebastian Bach gibi 9 \u00fcnl\u00fc bestecinin 9 ayr\u0131 eserinin seslendirildi\u011fi konser, m\u00fczikseverlerden tam not ald\u0131. 19\u2019uncu y\u00fczy\u0131ldan kalma tarihi Taksiarhon Rum Ortodoks Kilisesi\u2019ndeki konseri, 100 ki\u015fi izledi.<\/p>\n<p>Dat\u00e7a Yaz M\u00fczik Akademisi Sanat Y\u00f6netmeni Prof. Dr. \u015e\u00f6len Dikener, 2006 y\u0131l\u0131ndan bu yana Dat\u00e7a\u2019da her yaz m\u00fczik aktiviteleri ger\u00e7ekle\u015ftirdiklerini s\u00f6yledi. Uzun y\u0131llardan beri ABD\u2019de ya\u015fad\u0131klar\u0131n\u0131 ve tatillerini Dat\u00e7a\u2019da ge\u00e7irdiklerini belirten Dikener, \u201cDat\u00e7a\u2019da 15 y\u0131l \u00f6nce yaz m\u00fczik akademisini kurduk. Her y\u0131l az aylar\u0131nda burada tatilde iken, gen\u00e7 yeteneklere m\u00fczik e\u011fitimi vermek onlara bir \u015feyler kazand\u0131rmak, \u00fclkemize katk\u0131da bulunmak istiyoruz\u201d dedi.<\/p>\n<p>Dikener, \u201cDat\u00e7a Belediyesi\u2019nin katk\u0131lar\u0131 ile \u00e7al\u0131\u015fmalar\u0131m\u0131z s\u00fcr\u00fcyor. Bu y\u0131l ikinci kez tarihi kilisede konser veriyoruz. \u0130lkini 2019 y\u0131l\u0131nda burada yapm\u0131\u015ft\u0131k. Ge\u00e7en y\u0131l pandemi nedeniyle ara verdi\u011fimiz konserlerimizin bu y\u0131l devam\u0131n\u0131 getiriyoruz. Bu \u00e7al\u0131\u015fmalar\u0131m\u0131za, T\u00fcrkiye\u2019nin \u00e7e\u015fitli yerlerinden gen\u00e7 m\u00fczisyenler kat\u0131l\u0131yor. Onlara, aileleriyle beraber hem Dat\u00e7a\u2019y\u0131 tan\u0131tm\u0131\u015f oluyor hem de yeni repertuarlarla onlar\u0131 konserlere haz\u0131rl\u0131yoruz. H\u0131z\u0131r\u015fah K\u00fclt\u00fcr Evi\u2019nin bu g\u00fczel akusti\u011finde m\u00fczikseverlerin huzurunda olmak onlar\u0131 mutlu ediyor\u201d dedi.<\/p>\n<figure class=\"wp-block-image\"><img decoding=\"async\" title=\"TAR\u0130H\u0130 K\u0130L\u0130SEDE \u00c7ELLO KONSER\u0130\" src=\"https:\/\/i2.wp.com\/foto.haberler.com\/haber\/2021\/07\/18\/tarihi-kilisede-cello-konseri-14275876_o.jpg?ssl=1\" alt=\"TAR\u0130H\u0130 K\u0130L\u0130SEDE \u00c7ELLO KONSER\u0130\" data-recalc-dims=\"1\" \/><\/figure>\n<figure class=\"wp-block-image\"><img decoding=\"async\" src=\"https:\/\/i2.wp.com\/foto.haberler.com\/haber\/2021\/07\/18\/tarihi-kilisede-cello-konseri-2-14275876_o.jpg?ssl=1\" alt=\"TAR\u0130H\u0130 K\u0130L\u0130SEDE \u00c7ELLO KONSER\u0130\" data-recalc-dims=\"1\" \/><\/figure>\n<figure class=\"wp-block-image\"><img decoding=\"async\" src=\"https:\/\/i1.wp.com\/foto.haberler.com\/haber\/2021\/07\/18\/tarihi-kilisede-cello-konseri-3-14275876_o.jpg?ssl=1\" alt=\"TAR\u0130H\u0130 K\u0130L\u0130SEDE \u00c7ELLO KONSER\u0130\" data-recalc-dims=\"1\" \/><\/figure>\n<figure class=\"wp-block-image\"><img decoding=\"async\" src=\"https:\/\/i0.wp.com\/foto.haberler.com\/haber\/2021\/07\/18\/tarihi-kilisede-cello-konseri-4-14275876_o.jpg?ssl=1\" alt=\"TAR\u0130H\u0130 K\u0130L\u0130SEDE \u00c7ELLO KONSER\u0130\" data-recalc-dims=\"1\" \/><\/figure>\n<figure class=\"wp-block-image\"><img decoding=\"async\" src=\"https:\/\/i2.wp.com\/foto.haberler.com\/haber\/2021\/07\/18\/tarihi-kilisede-cello-konseri-5-14275876_o.jpg?ssl=1\" alt=\"TAR\u0130H\u0130 K\u0130L\u0130SEDE \u00c7ELLO KONSER\u0130\" data-recalc-dims=\"1\" \/><\/figure>\n<p><em><strong>Kaynak: Demir\u00f6ren Haber Ajans\u0131<\/strong><\/em><\/p>\n<p><em><strong><a href=\"https:\/\/www.haberler.com\/tarihi-kilisede-cello-konseri-14275876-haberi\/\">https:\/\/www.haberler.com\/tarihi-kilisede-cello-konseri-14275876-haberi\/<\/a><\/strong><\/em><\/p>\n","protected":false},"excerpt":{"rendered":"<p>MU\u011eLA\u2019n\u0131n Dat\u00e7a il\u00e7esinde 4 y\u0131ld\u0131r H\u0131z\u0131r\u015fah K\u00fclt\u00fcr Evi olarak hizmet veren tarihi kilise, \u00e7ello konserine ev sahipli\u011fi yapt\u0131. MU\u011eLA\u2019n\u0131n Dat\u00e7a il\u00e7esinde 4 y\u0131ld\u0131r H\u0131z\u0131r\u015fah K\u00fclt\u00fcr Evi olarak hizmet veren tarihi kilise, \u00e7ello konserine ev sahipli\u011fi yapt\u0131. Amerika Birle\u015fik Devletleri\u2019nin Marshall \u00dcniversitesi\u2019nde \u00e7ello \u00f6\u011fretmeni olan Prof. Dr.\u00a0\u015e\u00f6len\u00a0Dikener (60) ve Rider \u00dcniversitesi\u2019nde piyano \u00f6\u011fretmeni e\u015fi Prof. Dr. [&hellip;]<\/p>\n","protected":false},"author":7,"featured_media":63864,"comment_status":"open","ping_status":"open","sticky":false,"template":"","format":"standard","meta":{"footnotes":""},"categories":[1],"tags":[],"class_list":["post-63863","post","type-post","status-publish","format-standard","has-post-thumbnail","hentry","category-haberler"],"yoast_head":"<!-- This site is optimized with the Yoast SEO plugin v27.4 - https:\/\/yoast.com\/product\/yoast-seo-wordpress\/ -->\n<title>Tarihi kilisede \u00e7ello konseri - Bati Ermenistan Ve Bati Ermenileri Sorunlari Ara\u015ftirmalar Merkezi<\/title>\n<meta name=\"robots\" content=\"index, follow, max-snippet:-1, max-image-preview:large, max-video-preview:-1\" \/>\n<link rel=\"canonical\" href=\"https:\/\/akunq.net\/tr\/?p=63863\" \/>\n<meta property=\"og:locale\" content=\"en_US\" \/>\n<meta property=\"og:type\" content=\"article\" \/>\n<meta property=\"og:title\" content=\"Tarihi kilisede \u00e7ello konseri - Bati Ermenistan Ve Bati Ermenileri Sorunlari Ara\u015ftirmalar Merkezi\" \/>\n<meta property=\"og:description\" content=\"MU\u011eLA\u2019n\u0131n Dat\u00e7a il\u00e7esinde 4 y\u0131ld\u0131r H\u0131z\u0131r\u015fah K\u00fclt\u00fcr Evi olarak hizmet veren tarihi kilise, \u00e7ello konserine ev sahipli\u011fi yapt\u0131. MU\u011eLA\u2019n\u0131n Dat\u00e7a il\u00e7esinde 4 y\u0131ld\u0131r H\u0131z\u0131r\u015fah K\u00fclt\u00fcr Evi olarak hizmet veren tarihi kilise, \u00e7ello konserine ev sahipli\u011fi yapt\u0131. Amerika Birle\u015fik Devletleri\u2019nin Marshall \u00dcniversitesi\u2019nde \u00e7ello \u00f6\u011fretmeni olan Prof. Dr.\u00a0\u015e\u00f6len\u00a0Dikener (60) ve Rider \u00dcniversitesi\u2019nde piyano \u00f6\u011fretmeni e\u015fi Prof. Dr. [&hellip;]\" \/>\n<meta property=\"og:url\" content=\"https:\/\/akunq.net\/tr\/?p=63863\" \/>\n<meta property=\"og:site_name\" content=\"Bati Ermenistan Ve Bati Ermenileri Sorunlari Ara\u015ftirmalar Merkezi\" \/>\n<meta property=\"article:published_time\" content=\"2021-07-20T08:01:26+00:00\" \/>\n<meta property=\"og:image\" content=\"https:\/\/akunq.net\/tr\/wp-content\/uploads\/sites\/6\/2021\/07\/\u00c7ELLO-KONSER\u0130.jpg\" \/>\n\t<meta property=\"og:image:width\" content=\"600\" \/>\n\t<meta property=\"og:image:height\" content=\"381\" \/>\n\t<meta property=\"og:image:type\" content=\"image\/jpeg\" \/>\n<meta name=\"author\" content=\"admin\" \/>\n<meta name=\"twitter:card\" content=\"summary_large_image\" \/>\n<meta name=\"twitter:label1\" content=\"Written by\" \/>\n\t<meta name=\"twitter:data1\" content=\"admin\" \/>\n\t<meta name=\"twitter:label2\" content=\"Est. reading time\" \/>\n\t<meta name=\"twitter:data2\" content=\"2 minutes\" \/>\n<script type=\"application\/ld+json\" class=\"yoast-schema-graph\">{\"@context\":\"https:\\\/\\\/schema.org\",\"@graph\":[{\"@type\":\"Article\",\"@id\":\"https:\\\/\\\/akunq.net\\\/tr\\\/?p=63863#article\",\"isPartOf\":{\"@id\":\"https:\\\/\\\/akunq.net\\\/tr\\\/?p=63863\"},\"author\":{\"name\":\"admin\",\"@id\":\"https:\\\/\\\/akunq.net\\\/tr\\\/#\\\/schema\\\/person\\\/096f1d38a12cce57fb855b485ed24c9e\"},\"headline\":\"Tarihi kilisede \u00e7ello konseri\",\"datePublished\":\"2021-07-20T08:01:26+00:00\",\"mainEntityOfPage\":{\"@id\":\"https:\\\/\\\/akunq.net\\\/tr\\\/?p=63863\"},\"wordCount\":375,\"commentCount\":0,\"image\":{\"@id\":\"https:\\\/\\\/akunq.net\\\/tr\\\/?p=63863#primaryimage\"},\"thumbnailUrl\":\"https:\\\/\\\/akunq.net\\\/tr\\\/wp-content\\\/uploads\\\/sites\\\/6\\\/2021\\\/07\\\/\u00c7ELLO-KONSER\u0130.jpg\",\"articleSection\":[\"Haberler\"],\"inLanguage\":\"en-US\",\"potentialAction\":[{\"@type\":\"CommentAction\",\"name\":\"Comment\",\"target\":[\"https:\\\/\\\/akunq.net\\\/tr\\\/?p=63863#respond\"]}]},{\"@type\":\"WebPage\",\"@id\":\"https:\\\/\\\/akunq.net\\\/tr\\\/?p=63863\",\"url\":\"https:\\\/\\\/akunq.net\\\/tr\\\/?p=63863\",\"name\":\"Tarihi kilisede \u00e7ello konseri - Bati Ermenistan Ve Bati Ermenileri Sorunlari Ara\u015ftirmalar Merkezi\",\"isPartOf\":{\"@id\":\"https:\\\/\\\/akunq.net\\\/tr\\\/#website\"},\"primaryImageOfPage\":{\"@id\":\"https:\\\/\\\/akunq.net\\\/tr\\\/?p=63863#primaryimage\"},\"image\":{\"@id\":\"https:\\\/\\\/akunq.net\\\/tr\\\/?p=63863#primaryimage\"},\"thumbnailUrl\":\"https:\\\/\\\/akunq.net\\\/tr\\\/wp-content\\\/uploads\\\/sites\\\/6\\\/2021\\\/07\\\/\u00c7ELLO-KONSER\u0130.jpg\",\"datePublished\":\"2021-07-20T08:01:26+00:00\",\"author\":{\"@id\":\"https:\\\/\\\/akunq.net\\\/tr\\\/#\\\/schema\\\/person\\\/096f1d38a12cce57fb855b485ed24c9e\"},\"breadcrumb\":{\"@id\":\"https:\\\/\\\/akunq.net\\\/tr\\\/?p=63863#breadcrumb\"},\"inLanguage\":\"en-US\",\"potentialAction\":[{\"@type\":\"ReadAction\",\"target\":[\"https:\\\/\\\/akunq.net\\\/tr\\\/?p=63863\"]}]},{\"@type\":\"ImageObject\",\"inLanguage\":\"en-US\",\"@id\":\"https:\\\/\\\/akunq.net\\\/tr\\\/?p=63863#primaryimage\",\"url\":\"https:\\\/\\\/akunq.net\\\/tr\\\/wp-content\\\/uploads\\\/sites\\\/6\\\/2021\\\/07\\\/\u00c7ELLO-KONSER\u0130.jpg\",\"contentUrl\":\"https:\\\/\\\/akunq.net\\\/tr\\\/wp-content\\\/uploads\\\/sites\\\/6\\\/2021\\\/07\\\/\u00c7ELLO-KONSER\u0130.jpg\",\"width\":600,\"height\":381},{\"@type\":\"BreadcrumbList\",\"@id\":\"https:\\\/\\\/akunq.net\\\/tr\\\/?p=63863#breadcrumb\",\"itemListElement\":[{\"@type\":\"ListItem\",\"position\":1,\"name\":\"Home\",\"item\":\"https:\\\/\\\/akunq.net\\\/tr\"},{\"@type\":\"ListItem\",\"position\":2,\"name\":\"Tarihi kilisede \u00e7ello konseri\"}]},{\"@type\":\"WebSite\",\"@id\":\"https:\\\/\\\/akunq.net\\\/tr\\\/#website\",\"url\":\"https:\\\/\\\/akunq.net\\\/tr\\\/\",\"name\":\"Bati Ermenistan Ve Bati Ermenileri Sorunlari Ara\u015ftirmalar Merkezi\",\"description\":\"\",\"potentialAction\":[{\"@type\":\"SearchAction\",\"target\":{\"@type\":\"EntryPoint\",\"urlTemplate\":\"https:\\\/\\\/akunq.net\\\/tr\\\/?s={search_term_string}\"},\"query-input\":{\"@type\":\"PropertyValueSpecification\",\"valueRequired\":true,\"valueName\":\"search_term_string\"}}],\"inLanguage\":\"en-US\"},{\"@type\":\"Person\",\"@id\":\"https:\\\/\\\/akunq.net\\\/tr\\\/#\\\/schema\\\/person\\\/096f1d38a12cce57fb855b485ed24c9e\",\"name\":\"admin\",\"url\":\"https:\\\/\\\/akunq.net\\\/tr\\\/?author=7\"}]}<\/script>\n<!-- \/ Yoast SEO plugin. -->","yoast_head_json":{"title":"Tarihi kilisede \u00e7ello konseri - Bati Ermenistan Ve Bati Ermenileri Sorunlari Ara\u015ftirmalar Merkezi","robots":{"index":"index","follow":"follow","max-snippet":"max-snippet:-1","max-image-preview":"max-image-preview:large","max-video-preview":"max-video-preview:-1"},"canonical":"https:\/\/akunq.net\/tr\/?p=63863","og_locale":"en_US","og_type":"article","og_title":"Tarihi kilisede \u00e7ello konseri - Bati Ermenistan Ve Bati Ermenileri Sorunlari Ara\u015ftirmalar Merkezi","og_description":"MU\u011eLA\u2019n\u0131n Dat\u00e7a il\u00e7esinde 4 y\u0131ld\u0131r H\u0131z\u0131r\u015fah K\u00fclt\u00fcr Evi olarak hizmet veren tarihi kilise, \u00e7ello konserine ev sahipli\u011fi yapt\u0131. MU\u011eLA\u2019n\u0131n Dat\u00e7a il\u00e7esinde 4 y\u0131ld\u0131r H\u0131z\u0131r\u015fah K\u00fclt\u00fcr Evi olarak hizmet veren tarihi kilise, \u00e7ello konserine ev sahipli\u011fi yapt\u0131. Amerika Birle\u015fik Devletleri\u2019nin Marshall \u00dcniversitesi\u2019nde \u00e7ello \u00f6\u011fretmeni olan Prof. Dr.\u00a0\u015e\u00f6len\u00a0Dikener (60) ve Rider \u00dcniversitesi\u2019nde piyano \u00f6\u011fretmeni e\u015fi Prof. Dr. [&hellip;]","og_url":"https:\/\/akunq.net\/tr\/?p=63863","og_site_name":"Bati Ermenistan Ve Bati Ermenileri Sorunlari Ara\u015ftirmalar Merkezi","article_published_time":"2021-07-20T08:01:26+00:00","og_image":[{"width":600,"height":381,"url":"https:\/\/akunq.net\/tr\/wp-content\/uploads\/sites\/6\/2021\/07\/\u00c7ELLO-KONSER\u0130.jpg","type":"image\/jpeg"}],"author":"admin","twitter_card":"summary_large_image","twitter_misc":{"Written by":"admin","Est. reading time":"2 minutes"},"schema":{"@context":"https:\/\/schema.org","@graph":[{"@type":"Article","@id":"https:\/\/akunq.net\/tr\/?p=63863#article","isPartOf":{"@id":"https:\/\/akunq.net\/tr\/?p=63863"},"author":{"name":"admin","@id":"https:\/\/akunq.net\/tr\/#\/schema\/person\/096f1d38a12cce57fb855b485ed24c9e"},"headline":"Tarihi kilisede \u00e7ello konseri","datePublished":"2021-07-20T08:01:26+00:00","mainEntityOfPage":{"@id":"https:\/\/akunq.net\/tr\/?p=63863"},"wordCount":375,"commentCount":0,"image":{"@id":"https:\/\/akunq.net\/tr\/?p=63863#primaryimage"},"thumbnailUrl":"https:\/\/akunq.net\/tr\/wp-content\/uploads\/sites\/6\/2021\/07\/\u00c7ELLO-KONSER\u0130.jpg","articleSection":["Haberler"],"inLanguage":"en-US","potentialAction":[{"@type":"CommentAction","name":"Comment","target":["https:\/\/akunq.net\/tr\/?p=63863#respond"]}]},{"@type":"WebPage","@id":"https:\/\/akunq.net\/tr\/?p=63863","url":"https:\/\/akunq.net\/tr\/?p=63863","name":"Tarihi kilisede \u00e7ello konseri - Bati Ermenistan Ve Bati Ermenileri Sorunlari Ara\u015ftirmalar Merkezi","isPartOf":{"@id":"https:\/\/akunq.net\/tr\/#website"},"primaryImageOfPage":{"@id":"https:\/\/akunq.net\/tr\/?p=63863#primaryimage"},"image":{"@id":"https:\/\/akunq.net\/tr\/?p=63863#primaryimage"},"thumbnailUrl":"https:\/\/akunq.net\/tr\/wp-content\/uploads\/sites\/6\/2021\/07\/\u00c7ELLO-KONSER\u0130.jpg","datePublished":"2021-07-20T08:01:26+00:00","author":{"@id":"https:\/\/akunq.net\/tr\/#\/schema\/person\/096f1d38a12cce57fb855b485ed24c9e"},"breadcrumb":{"@id":"https:\/\/akunq.net\/tr\/?p=63863#breadcrumb"},"inLanguage":"en-US","potentialAction":[{"@type":"ReadAction","target":["https:\/\/akunq.net\/tr\/?p=63863"]}]},{"@type":"ImageObject","inLanguage":"en-US","@id":"https:\/\/akunq.net\/tr\/?p=63863#primaryimage","url":"https:\/\/akunq.net\/tr\/wp-content\/uploads\/sites\/6\/2021\/07\/\u00c7ELLO-KONSER\u0130.jpg","contentUrl":"https:\/\/akunq.net\/tr\/wp-content\/uploads\/sites\/6\/2021\/07\/\u00c7ELLO-KONSER\u0130.jpg","width":600,"height":381},{"@type":"BreadcrumbList","@id":"https:\/\/akunq.net\/tr\/?p=63863#breadcrumb","itemListElement":[{"@type":"ListItem","position":1,"name":"Home","item":"https:\/\/akunq.net\/tr"},{"@type":"ListItem","position":2,"name":"Tarihi kilisede \u00e7ello konseri"}]},{"@type":"WebSite","@id":"https:\/\/akunq.net\/tr\/#website","url":"https:\/\/akunq.net\/tr\/","name":"Bati Ermenistan Ve Bati Ermenileri Sorunlari Ara\u015ftirmalar Merkezi","description":"","potentialAction":[{"@type":"SearchAction","target":{"@type":"EntryPoint","urlTemplate":"https:\/\/akunq.net\/tr\/?s={search_term_string}"},"query-input":{"@type":"PropertyValueSpecification","valueRequired":true,"valueName":"search_term_string"}}],"inLanguage":"en-US"},{"@type":"Person","@id":"https:\/\/akunq.net\/tr\/#\/schema\/person\/096f1d38a12cce57fb855b485ed24c9e","name":"admin","url":"https:\/\/akunq.net\/tr\/?author=7"}]}},"_links":{"self":[{"href":"https:\/\/akunq.net\/tr\/index.php?rest_route=\/wp\/v2\/posts\/63863","targetHints":{"allow":["GET"]}}],"collection":[{"href":"https:\/\/akunq.net\/tr\/index.php?rest_route=\/wp\/v2\/posts"}],"about":[{"href":"https:\/\/akunq.net\/tr\/index.php?rest_route=\/wp\/v2\/types\/post"}],"author":[{"embeddable":true,"href":"https:\/\/akunq.net\/tr\/index.php?rest_route=\/wp\/v2\/users\/7"}],"replies":[{"embeddable":true,"href":"https:\/\/akunq.net\/tr\/index.php?rest_route=%2Fwp%2Fv2%2Fcomments&post=63863"}],"version-history":[{"count":1,"href":"https:\/\/akunq.net\/tr\/index.php?rest_route=\/wp\/v2\/posts\/63863\/revisions"}],"predecessor-version":[{"id":63865,"href":"https:\/\/akunq.net\/tr\/index.php?rest_route=\/wp\/v2\/posts\/63863\/revisions\/63865"}],"wp:featuredmedia":[{"embeddable":true,"href":"https:\/\/akunq.net\/tr\/index.php?rest_route=\/wp\/v2\/media\/63864"}],"wp:attachment":[{"href":"https:\/\/akunq.net\/tr\/index.php?rest_route=%2Fwp%2Fv2%2Fmedia&parent=63863"}],"wp:term":[{"taxonomy":"category","embeddable":true,"href":"https:\/\/akunq.net\/tr\/index.php?rest_route=%2Fwp%2Fv2%2Fcategories&post=63863"},{"taxonomy":"post_tag","embeddable":true,"href":"https:\/\/akunq.net\/tr\/index.php?rest_route=%2Fwp%2Fv2%2Ftags&post=63863"}],"curies":[{"name":"wp","href":"https:\/\/api.w.org\/{rel}","templated":true}]}}