{"id":63824,"date":"2021-07-16T02:29:14","date_gmt":"2021-07-16T07:29:14","guid":{"rendered":"https:\/\/akunq.net\/tr\/?p=63824"},"modified":"2021-07-16T02:29:14","modified_gmt":"2021-07-16T07:29:14","slug":"belki-de-kilisenin-uzerindekiler-de-z-kusagidir","status":"publish","type":"post","link":"https:\/\/akunq.net\/tr\/?p=63824","title":{"rendered":"Belki de kilisenin \u00fczerindekiler de Z ku\u015fa\u011f\u0131d\u0131r\u2026"},"content":{"rendered":"<p><img loading=\"lazy\" decoding=\"async\" class=\"aligncenter size-medium wp-image-63825\" src=\"https:\/\/akunq.net\/tr\/wp-content\/uploads\/2021\/07\/Y\u0131ld\u0131ray-O\u011fur-360x180.jpg\" alt=\"\" width=\"360\" height=\"180\" srcset=\"https:\/\/akunq.net\/tr\/wp-content\/uploads\/sites\/6\/2021\/07\/Y\u0131ld\u0131ray-O\u011fur-360x180.jpg 360w, https:\/\/akunq.net\/tr\/wp-content\/uploads\/sites\/6\/2021\/07\/Y\u0131ld\u0131ray-O\u011fur-560x280.jpg 560w, https:\/\/akunq.net\/tr\/wp-content\/uploads\/sites\/6\/2021\/07\/Y\u0131ld\u0131ray-O\u011fur-260x130.jpg 260w, https:\/\/akunq.net\/tr\/wp-content\/uploads\/sites\/6\/2021\/07\/Y\u0131ld\u0131ray-O\u011fur-160x80.jpg 160w, https:\/\/akunq.net\/tr\/wp-content\/uploads\/sites\/6\/2021\/07\/Y\u0131ld\u0131ray-O\u011fur.jpg 620w\" sizes=\"auto, (max-width: 360px) 100vw, 360px\" \/><\/p>\n<p><em><strong>Yasak\u00e7\u0131l\u0131k ve komplo teorileri aras\u0131ndan pek az insan\u0131n akl\u0131na bu gen\u00e7lerin profiline bakmak geldi. Eskiden \u0130stanbul\u2019un kenar semtlerinde ya\u015fayan alt s\u0131n\u0131fa mensup gen\u00e7ler i\u00e7in a\u015fa\u011f\u0131lay\u0131c\u0131 bir tonda \u201cVaro\u015f\u201d, \u201cmaganda\u201d, \u201capa\u00e7i\u201d gibi kavramlar kullan\u0131l\u0131rd\u0131. Ama bu yeni nesli o tarifler tan\u0131mlam\u0131yor. Daha \u015fehirli, modern bir ya\u015fam tarz\u0131na sahip, din, geleneksel k\u00fclt\u00fcr ve kimliklerle ba\u011flar\u0131 \u00e7ok zay\u0131flam\u0131\u015f hedonist, bireyci bir nesil bu.<\/strong><\/em><\/p>\n<p><strong>Y\u0131ld\u0131ray O\u011fur<\/strong><\/p>\n<p>Olay\u0131 Anadolu Cumhuriyet Ba\u015fsavc\u0131l\u0131\u011f\u0131\u2019n\u0131n a\u00e7\u0131klamas\u0131ndan okuyal\u0131m:<\/p>\n<p>\u201c12 Temmuz 2021 g\u00fcn\u00fc saat 01.30 civar\u0131nda Kad\u0131k\u00f6y\u2019de bulunan Surp Takavor Ermeni Kilisesi\u2019nin \u00f6n\u00fcne ara\u00e7la gelen \u015f\u00fcphelilerden O.Y.\u2019nin m\u00fczik yay\u0131n\u0131 yapmak ve onunla beraber olan \u015f\u00fcpheliler Y.E.U. ile \u00d6.F.A.\u2019n\u0131n da kilisenin \u00f6n duvar\u0131na \u00e7\u0131k\u0131p oynamak suretiyle su\u00e7 i\u015flediklerinin ihbar\u0131 \u00fczerine Cumhuriyet Ba\u015fsavc\u0131l\u0131\u011f\u0131m\u0131zca derhal soru\u015fturma ba\u015flat\u0131lm\u0131\u015f ve kimlikleri belirlenen \u015f\u00fcpheliler ayn\u0131 g\u00fcn yakalan\u0131p g\u00f6zalt\u0131na al\u0131nm\u0131\u015ft\u0131r. \u0130\u015flemlerin tamamlanmas\u0131n\u0131 m\u00fcteakip Cumhuriyet Ba\u015fsavc\u0131l\u0131\u011f\u0131m\u0131zda haz\u0131r edilen \u015f\u00fcpheliler, \u00fczerlerine at\u0131l\u0131 olup kanunda tutuklama yasa\u011f\u0131 \u00f6ng\u00f6r\u00fclen \u2018Halk\u0131n bir kesiminin benimsedi\u011fi dini de\u011ferleri a\u015fa\u011f\u0131lama\u2019 su\u00e7undan \u2018konutlar\u0131n\u0131 terk etmemek suretiyle\u2019 adli kontrol alt\u0131na al\u0131nmalar\u0131 talebiyle \u0130stanbul Anadolu N\u00f6bet\u00e7i Sulh Ceza H\u00e2kimli\u011fine sevk edilmi\u015ftir.\u201d<\/p>\n<p>Mahkeme, 20\u2019li ya\u015flardaki gen\u00e7lerden birini serbest b\u0131rakt\u0131, di\u011fer ikisine ev hapsi cezas\u0131 verdi.<\/p>\n<p>Olay\u0131n ge\u00e7ti\u011fi kilise Kad\u0131k\u00f6y \u00e7ar\u015f\u0131n\u0131n meydan\u0131nda bulunuyor.<\/p>\n<p>Yani do\u011frudan Kilise\u2019ye kar\u015f\u0131 bir sald\u0131r\u0131 de\u011fil, e\u011flencenin dozunu ka\u00e7\u0131rm\u0131\u015f bir grup gencin sayg\u0131s\u0131zl\u0131\u011f\u0131na benziyor.<\/p>\n<p>Beklenenin aksine bu g\u00f6r\u00fcnt\u00fcye hem iktidar hem de muhalefetten tepki ya\u011fd\u0131. K\u0131sa s\u00fcrede o gece kilisenin giri\u015f kap\u0131s\u0131nda oynayan gen\u00e7ler yakaland\u0131.<\/p>\n<p>Tart\u0131\u015fma ise k\u00fclt\u00fcr sava\u015flar\u0131n\u0131n i\u00e7ine do\u011fru yuvarland\u0131.<\/p>\n<p>Kad\u0131k\u00f6y\u2019\u00fcn art\u0131k orada ya\u015fayanlar\u0131 rahats\u0131z eden bir e\u011flence merkezi haline gelmesinden, sokakta i\u00e7ki i\u00e7menin yasaklanmas\u0131na kadar fikirler dillendirildi.<\/p>\n<p>Buna itiraz edenler Gezi\u2019den sonra e\u011flence hayat\u0131n\u0131n Beyo\u011flu\u2019ndan Be\u015fikta\u015f ve Kad\u0131k\u00f6y\u2019e do\u011fru kayd\u0131\u011f\u0131n\u0131, \u0130stanbul\u2019un ba\u015fka semtlerinde i\u00e7ki ruhsat\u0131n\u0131n zor verilmesi nedeniyle gen\u00e7lerin e\u011flenmek i\u00e7in meskun mahal bu iki semtte topland\u0131\u011f\u0131n\u0131 s\u00f6ylediler.<\/p>\n<p>\u0130ktidar \u00e7evresi bunu yeni yasaklar i\u00e7in bir mazeret olarak kullanmaya ba\u015flay\u0131nca, sek\u00fcler kesim de \u201cbirilerinin bu gen\u00e7leri oraya ta\u015f\u0131d\u0131\u011f\u0131\u201d gibi komplo teorilerine sar\u0131ld\u0131.<\/p>\n<p>Yasak\u00e7\u0131l\u0131k ve komplo teorileri aras\u0131ndan pek az insan\u0131n akl\u0131na bu gen\u00e7lerin profiline bakmak geldi.<\/p>\n<p>Eskiden \u0130stanbul\u2019un kenar semtlerinde ya\u015fayan alt s\u0131n\u0131fa mensup gen\u00e7ler i\u00e7in a\u015fa\u011f\u0131lay\u0131c\u0131 bir tonda \u201cVaro\u015f\u201d, \u201cmaganda\u201d, \u201capa\u00e7i\u201d gibi kavramlar kullan\u0131l\u0131rd\u0131.<\/p>\n<p>Ama bu yeni nesli o tarifler tan\u0131mlam\u0131yor.<\/p>\n<p>Daha \u015fehirli, modern bir ya\u015fam tarz\u0131na sahip, din, geleneksel k\u00fclt\u00fcr ve kimliklerle ba\u011flar\u0131 \u00e7ok zay\u0131flam\u0131\u015f hedonist, bireyci bir nesil bu.<\/p>\n<p>Dinledikleri m\u00fcziklerden, giyim tarzlar\u0131na, d\u00f6vmelerine kadar orta \u00fcst s\u0131n\u0131f gen\u00e7lerle daha fazla ortak bir hayat tarz\u0131n\u0131 payla\u015f\u0131yorlar, onlara benziyorlar.<\/p>\n<p>Sadece \u0130stanbul\u2019da son 10 y\u0131lda artan ve en ucra semtlere bile yay\u0131lan d\u00f6vmeci say\u0131s\u0131 bile bu yeni k\u00fclt\u00fcr hakk\u0131nda bir fikir veriyor.<\/p>\n<p>Do\u011fal olarak da ya\u015fad\u0131klar\u0131 semtlere s\u0131\u011fm\u0131yorlar ve gen\u00e7lerin \u2018tak\u0131ld\u0131\u011f\u0131\u2019, e\u011flenceye izin verilen semtlere do\u011fru \u2018ak\u0131yorlar\u2019.<\/p>\n<p>\u0130stanbul gibi bir il\u00e7e s\u0131n\u0131rlar\u0131 i\u00e7inde bile kast sistemini and\u0131ran hayatlar\u0131n yan yana semtlerde ya\u015fand\u0131\u011f\u0131 bir \u015fehirde gen\u00e7leri durdurmak, sadece kendi semtlerine hapsetmek m\u00fcmk\u00fcn de\u011fil.<\/p>\n<p>Amerika\u2019da yine bir miktar \u0131rk\u00e7\u0131 ve a\u015fa\u011f\u0131lay\u0131c\u0131 anlamda kullan\u0131lan \u201cwhite trash\u201d, \u0130ngiltere\u2019de \u201cChav\u201d denilen \u015fehir hayat\u0131n\u0131n yoksul modern, kopuk, ana ak\u0131m k\u00fclt\u00fcrel ve dini ortak referanslardan uzak, \u015fehirli insan tipine benzeyen bir toplumsal kesim bu.<\/p>\n<p>T\u00fcrkiye\u2019nin \u201cwhite trashlar\u0131\u201d da art\u0131k daha fazla g\u00f6r\u00fcn\u00fcr oluyor. Kad\u0131k\u00f6y meydan\u0131nda e\u011fleniyor, bunu yaparken kiliseye t\u0131rmanmakta da bir ahlaki sorun g\u00f6rm\u00fcyorlar.<\/p>\n<p>Bu ku\u015fa\u011f\u0131n \u00f6nemli bir k\u0131sm\u0131 da herkesin b\u00fcy\u00fck \u00fcmitler ba\u011flad\u0131\u011f\u0131 Z ku\u015fa\u011f\u0131 mensubu.<\/p>\n<p>T\u00fcrkiye\u2019de gruplara aidiyet hisleri azald\u0131k\u00e7a, yoksulla\u015fma ve i\u015fsizlik art\u0131k\u00e7a, \u015fehirdeki gelir adaletsizlikleri, gettola\u015fmalar derinle\u015ftik\u00e7e, e\u011fitim sistemi gen\u00e7ler i\u00e7in bir \u015fey ifade etmemeye devam ettik\u00e7e geni\u015fleyecek bir profil bu.<\/p>\n<p>Irk\u00e7\u0131, radikal fikirlere a\u00e7\u0131k, su\u00e7a meyilli bir \u015fehirli insan profili bu.<\/p>\n<p>Yani gece yar\u0131s\u0131 alkol al\u0131p Kad\u0131k\u00f6y meydan\u0131nda kilise kap\u0131s\u0131na t\u0131rman\u0131p oynayan gen\u00e7leri polise ve savc\u0131lara havale etmek \u00e7are de\u011fil.<\/p>\n<p>K\u00fcba\u2019da \u00e7evik kuvvet taraf\u0131na ge\u00e7enler\u2026<\/p>\n<p>Bir ara iktidar yanl\u0131lar\u0131 Fransa\u2019daki sar\u0131 yelekliler protestolar\u0131n\u0131, Macron\u2019un Suriye\u2019de T\u00fcrkiye\u2019ye verdi\u011fi destek y\u00fcz\u00fcnden cezaland\u0131r\u0131lmas\u0131na yormu\u015ftu. Trump\u2019a kar\u015f\u0131 protestolar\u0131n arkas\u0131nda ise Soros bulunmu\u015ftu.<\/p>\n<p>Bug\u00fcnlerde benzer bir s\u0131nanmay\u0131 baz\u0131 sol muhalifler K\u00fcba\u2019da ya\u015f\u0131yor.<\/p>\n<p>Ge\u00e7im s\u0131k\u0131nt\u0131s\u0131, elektrik kesintileri, yoksulluktan sokaklara \u00e7\u0131km\u0131\u015f K\u00fcbal\u0131 gen\u00e7lerin protestolar\u0131 kar\u015f\u0131s\u0131nda, T\u00fcrkiye\u2019deki protesto hakk\u0131na kar\u015f\u0131 polis \u015fiddetinden \u015fikayet\u00e7i olanlar\u0131n baz\u0131lar\u0131, g\u00f6stericilere gaz atan, birini \u00f6ld\u00fcren, y\u00fczlercesini g\u00f6zalt\u0131na alan K\u00fcba polis amirli\u011finin saflar\u0131ndan bildiriyor.<\/p>\n<p>Gezi\u2019de iktidar medyas\u0131nda yer alan Otporlu Soroslu komplo teorilerinin benzerleriyle sosyalist bir iktidara kar\u015f\u0131 yoksulluktan \u015fikayet ederek sokaklara \u00e7\u0131kan insanlar ger\u00e7e\u011fini reddetmeye \u00e7al\u0131\u015f\u0131yorlar.<\/p>\n<p>Bir sosyalist iktidar\u0131 sokaklara \u00e7\u0131k\u0131p protesto etmeyi nank\u00f6rl\u00fck, d\u0131\u015f g\u00fc\u00e7lerin adam\u0131 olmak olarak g\u00f6renlerin protesto hakk\u0131yla ilgili fikirleri Beyo\u011flu \u00e7evik kuvvet amirli\u011finden farkl\u0131 g\u00f6r\u00fcnm\u00fcyor.<\/p>\n<p>Bo\u011fazi\u00e7i protestolar\u0131nda tek slogandan, birka\u00e7 g\u00f6kku\u015fa\u011f\u0131 bayra\u011f\u0131ndan b\u00fct\u00fcn g\u00f6stericiler hakk\u0131nda sonu\u00e7lara varanlar gibi, K\u00fcba\u2019daki g\u00f6sterilerde de a\u00e7\u0131lan bir ka\u00e7 Amerikan bayra\u011f\u0131ndan konu h\u0131zl\u0131ca CIA\u2019ye ba\u011flanm\u0131\u015f durumda.<\/p>\n<p>D\u00fcn Birg\u00fcn gazetesinin birinci sayfas\u0131nda K\u00fcba protestolar\u0131 haberi Takvim gazetesinin Gezi haberlerinden farks\u0131zd\u0131:<\/p>\n<p>\u201cYar\u0131m asr\u0131 a\u015fk\u0131n s\u00fcredir Amerikan emperyalizmin ku\u015fatmas\u0131 alt\u0131ndaki K\u00fcba\u2019da Washington destekli gruplar sokaklara d\u00f6k\u00fcld\u00fc, ABD bayraklar\u0131 a\u00e7t\u0131. Devlet Ba\u015fkan\u0131 Canel, \u201cAmerikan imparatorlu\u011funa ba\u011fl\u0131 devrim kar\u015f\u0131t\u0131 paral\u0131 askerlerin istikrars\u0131zl\u0131k yaratmas\u0131na izin vermeyece\u011fiz\u201d dedi. Sokaklara \u00e7\u0131kan K\u00fcbal\u0131lar devrime sahip \u00e7\u0131kt\u0131.\u201d<\/p>\n<p>Gezi olaylar\u0131nda Erdo\u011fan\u2019\u0131n y\u00fczde 50\u2019yi evde tutam\u0131yoruz s\u00f6zleriyle dalga ge\u00e7tikten sonra bu a\u00e7\u0131klamadan heyecana kap\u0131lmak da tarihin bir ironisi olsa gerek.<\/p>\n<p>Sosyal medyada baz\u0131 sosyalist profillerin K\u00fcba\u2019daki protestolara verdi\u011fi tepkiler, geli\u015ftirdikleri arg\u00fcmanlar, bizdeki sokak r\u00f6portajlar\u0131nda \u201cT\u00fcrkiyemiz \u00e7ok g\u00fczel, \u015fikayet eden nank\u00f6rd\u00fcr\u201d diyen Almanya\u2019da ya\u015fayan T\u00fcrklerin arg\u00fcmanlar\u0131ndan farks\u0131z.<\/p>\n<p>Her soka\u011fa \u00e7\u0131kan K\u00fcbal\u0131n\u0131n kar\u015f\u0131s\u0131na Amerika\u2019n\u0131n K\u00fcba\u2019ya m\u00fcdahalesinin tarihini koyacaks\u0131n\u0131z, o zaman T\u00fcrkiye\u2019de soka\u011fa \u00e7\u0131kanlar\u0131n kar\u015f\u0131s\u0131na 15 Temmuz, d\u0131\u015f g\u00fc\u00e7ler, beka, ter\u00f6r \u00f6rg\u00fctleri bahanelerinin \u00e7\u0131kar\u0131lmas\u0131na da ses etmemeniz gerekir.<\/p>\n<p>Ya da daha iyi bir se\u00e7enek var: \u0130nsanlar\u0131n kendi \u00fclkelerindeki iktidarlar\u0131 protesto etmek, k\u00f6t\u00fc y\u00f6netime isyan etmek, daha iyi ya\u015fam ko\u015fullar\u0131 talep etmek i\u00e7in soka\u011fa \u00e7\u0131kma hakk\u0131na sayg\u0131 duyacaks\u0131n\u0131z.<\/p>\n<p>Daha iyi bir ya\u015fam i\u00e7in soka\u011fa \u00e7\u0131km\u0131\u015f yoksul halk kitlelerinin kar\u015f\u0131s\u0131nda kendini polis panzerinin, toman\u0131n \u00fcst\u00fcnde bulmak demek bu kadar kolaym\u0131\u015f\u2026<\/p>\n<p><em><strong>https:\/\/serbestiyet.com\/featured\/belki-de-kilisenin-uzerindekiler-de-z-kusagidir-65297\/\u00a0<\/strong><\/em><\/p>\n","protected":false},"excerpt":{"rendered":"<p>Yasak\u00e7\u0131l\u0131k ve komplo teorileri aras\u0131ndan pek az insan\u0131n akl\u0131na bu gen\u00e7lerin profiline bakmak geldi. Eskiden \u0130stanbul\u2019un kenar semtlerinde ya\u015fayan alt s\u0131n\u0131fa mensup gen\u00e7ler i\u00e7in a\u015fa\u011f\u0131lay\u0131c\u0131 bir tonda \u201cVaro\u015f\u201d, \u201cmaganda\u201d, \u201capa\u00e7i\u201d gibi kavramlar kullan\u0131l\u0131rd\u0131. Ama bu yeni nesli o tarifler tan\u0131mlam\u0131yor. Daha \u015fehirli, modern bir ya\u015fam tarz\u0131na sahip, din, geleneksel k\u00fclt\u00fcr ve kimliklerle ba\u011flar\u0131 \u00e7ok zay\u0131flam\u0131\u015f [&hellip;]<\/p>\n","protected":false},"author":7,"featured_media":63825,"comment_status":"open","ping_status":"open","sticky":false,"template":"","format":"standard","meta":{"footnotes":""},"categories":[1,70],"tags":[],"class_list":["post-63824","post","type-post","status-publish","format-standard","has-post-thumbnail","hentry","category-haberler","category-makaleler"],"yoast_head":"<!-- This site is optimized with the Yoast SEO plugin v26.6 - https:\/\/yoast.com\/wordpress\/plugins\/seo\/ -->\n<title>Belki de kilisenin \u00fczerindekiler de Z ku\u015fa\u011f\u0131d\u0131r\u2026 - Bati Ermenistan Ve Bati Ermenileri Sorunlari Ara\u015ftirmalar Merkezi<\/title>\n<meta name=\"robots\" content=\"index, follow, max-snippet:-1, max-image-preview:large, max-video-preview:-1\" \/>\n<link rel=\"canonical\" href=\"https:\/\/akunq.net\/tr\/?p=63824\" \/>\n<meta property=\"og:locale\" content=\"en_US\" \/>\n<meta property=\"og:type\" content=\"article\" \/>\n<meta property=\"og:title\" content=\"Belki de kilisenin \u00fczerindekiler de Z ku\u015fa\u011f\u0131d\u0131r\u2026 - Bati Ermenistan Ve Bati Ermenileri Sorunlari Ara\u015ftirmalar Merkezi\" \/>\n<meta property=\"og:description\" content=\"Yasak\u00e7\u0131l\u0131k ve komplo teorileri aras\u0131ndan pek az insan\u0131n akl\u0131na bu gen\u00e7lerin profiline bakmak geldi. Eskiden \u0130stanbul\u2019un kenar semtlerinde ya\u015fayan alt s\u0131n\u0131fa mensup gen\u00e7ler i\u00e7in a\u015fa\u011f\u0131lay\u0131c\u0131 bir tonda \u201cVaro\u015f\u201d, \u201cmaganda\u201d, \u201capa\u00e7i\u201d gibi kavramlar kullan\u0131l\u0131rd\u0131. Ama bu yeni nesli o tarifler tan\u0131mlam\u0131yor. Daha \u015fehirli, modern bir ya\u015fam tarz\u0131na sahip, din, geleneksel k\u00fclt\u00fcr ve kimliklerle ba\u011flar\u0131 \u00e7ok zay\u0131flam\u0131\u015f [&hellip;]\" \/>\n<meta property=\"og:url\" content=\"https:\/\/akunq.net\/tr\/?p=63824\" \/>\n<meta property=\"og:site_name\" content=\"Bati Ermenistan Ve Bati Ermenileri Sorunlari Ara\u015ftirmalar Merkezi\" \/>\n<meta property=\"article:published_time\" content=\"2021-07-16T07:29:14+00:00\" \/>\n<meta property=\"og:image\" content=\"https:\/\/akunq.net\/tr\/wp-content\/uploads\/sites\/6\/2021\/07\/Y\u0131ld\u0131ray-O\u011fur.jpg\" \/>\n\t<meta property=\"og:image:width\" content=\"620\" \/>\n\t<meta property=\"og:image:height\" content=\"310\" \/>\n\t<meta property=\"og:image:type\" content=\"image\/jpeg\" \/>\n<meta name=\"author\" content=\"admin\" \/>\n<meta name=\"twitter:card\" content=\"summary_large_image\" \/>\n<meta name=\"twitter:label1\" content=\"Written by\" \/>\n\t<meta name=\"twitter:data1\" content=\"admin\" \/>\n\t<meta name=\"twitter:label2\" content=\"Est. reading time\" \/>\n\t<meta name=\"twitter:data2\" content=\"7 minutes\" \/>\n<script type=\"application\/ld+json\" class=\"yoast-schema-graph\">{\"@context\":\"https:\/\/schema.org\",\"@graph\":[{\"@type\":\"WebPage\",\"@id\":\"https:\/\/akunq.net\/tr\/?p=63824\",\"url\":\"https:\/\/akunq.net\/tr\/?p=63824\",\"name\":\"Belki de kilisenin \u00fczerindekiler de Z ku\u015fa\u011f\u0131d\u0131r\u2026 - Bati Ermenistan Ve Bati Ermenileri Sorunlari Ara\u015ftirmalar Merkezi\",\"isPartOf\":{\"@id\":\"https:\/\/akunq.net\/tr\/#website\"},\"primaryImageOfPage\":{\"@id\":\"https:\/\/akunq.net\/tr\/?p=63824#primaryimage\"},\"image\":{\"@id\":\"https:\/\/akunq.net\/tr\/?p=63824#primaryimage\"},\"thumbnailUrl\":\"https:\/\/akunq.net\/tr\/wp-content\/uploads\/sites\/6\/2021\/07\/Y\u0131ld\u0131ray-O\u011fur.jpg\",\"datePublished\":\"2021-07-16T07:29:14+00:00\",\"author\":{\"@id\":\"https:\/\/akunq.net\/tr\/#\/schema\/person\/096f1d38a12cce57fb855b485ed24c9e\"},\"breadcrumb\":{\"@id\":\"https:\/\/akunq.net\/tr\/?p=63824#breadcrumb\"},\"inLanguage\":\"en-US\",\"potentialAction\":[{\"@type\":\"ReadAction\",\"target\":[\"https:\/\/akunq.net\/tr\/?p=63824\"]}]},{\"@type\":\"ImageObject\",\"inLanguage\":\"en-US\",\"@id\":\"https:\/\/akunq.net\/tr\/?p=63824#primaryimage\",\"url\":\"https:\/\/akunq.net\/tr\/wp-content\/uploads\/sites\/6\/2021\/07\/Y\u0131ld\u0131ray-O\u011fur.jpg\",\"contentUrl\":\"https:\/\/akunq.net\/tr\/wp-content\/uploads\/sites\/6\/2021\/07\/Y\u0131ld\u0131ray-O\u011fur.jpg\",\"width\":620,\"height\":310},{\"@type\":\"BreadcrumbList\",\"@id\":\"https:\/\/akunq.net\/tr\/?p=63824#breadcrumb\",\"itemListElement\":[{\"@type\":\"ListItem\",\"position\":1,\"name\":\"Home\",\"item\":\"https:\/\/akunq.net\/tr\"},{\"@type\":\"ListItem\",\"position\":2,\"name\":\"Belki de kilisenin \u00fczerindekiler de Z ku\u015fa\u011f\u0131d\u0131r\u2026\"}]},{\"@type\":\"WebSite\",\"@id\":\"https:\/\/akunq.net\/tr\/#website\",\"url\":\"https:\/\/akunq.net\/tr\/\",\"name\":\"Bati Ermenistan Ve Bati Ermenileri Sorunlari Ara\u015ftirmalar Merkezi\",\"description\":\"\",\"potentialAction\":[{\"@type\":\"SearchAction\",\"target\":{\"@type\":\"EntryPoint\",\"urlTemplate\":\"https:\/\/akunq.net\/tr\/?s={search_term_string}\"},\"query-input\":{\"@type\":\"PropertyValueSpecification\",\"valueRequired\":true,\"valueName\":\"search_term_string\"}}],\"inLanguage\":\"en-US\"},{\"@type\":\"Person\",\"@id\":\"https:\/\/akunq.net\/tr\/#\/schema\/person\/096f1d38a12cce57fb855b485ed24c9e\",\"name\":\"admin\",\"url\":\"https:\/\/akunq.net\/tr\/?author=7\"}]}<\/script>\n<!-- \/ Yoast SEO plugin. -->","yoast_head_json":{"title":"Belki de kilisenin \u00fczerindekiler de Z ku\u015fa\u011f\u0131d\u0131r\u2026 - Bati Ermenistan Ve Bati Ermenileri Sorunlari Ara\u015ftirmalar Merkezi","robots":{"index":"index","follow":"follow","max-snippet":"max-snippet:-1","max-image-preview":"max-image-preview:large","max-video-preview":"max-video-preview:-1"},"canonical":"https:\/\/akunq.net\/tr\/?p=63824","og_locale":"en_US","og_type":"article","og_title":"Belki de kilisenin \u00fczerindekiler de Z ku\u015fa\u011f\u0131d\u0131r\u2026 - Bati Ermenistan Ve Bati Ermenileri Sorunlari Ara\u015ftirmalar Merkezi","og_description":"Yasak\u00e7\u0131l\u0131k ve komplo teorileri aras\u0131ndan pek az insan\u0131n akl\u0131na bu gen\u00e7lerin profiline bakmak geldi. Eskiden \u0130stanbul\u2019un kenar semtlerinde ya\u015fayan alt s\u0131n\u0131fa mensup gen\u00e7ler i\u00e7in a\u015fa\u011f\u0131lay\u0131c\u0131 bir tonda \u201cVaro\u015f\u201d, \u201cmaganda\u201d, \u201capa\u00e7i\u201d gibi kavramlar kullan\u0131l\u0131rd\u0131. Ama bu yeni nesli o tarifler tan\u0131mlam\u0131yor. Daha \u015fehirli, modern bir ya\u015fam tarz\u0131na sahip, din, geleneksel k\u00fclt\u00fcr ve kimliklerle ba\u011flar\u0131 \u00e7ok zay\u0131flam\u0131\u015f [&hellip;]","og_url":"https:\/\/akunq.net\/tr\/?p=63824","og_site_name":"Bati Ermenistan Ve Bati Ermenileri Sorunlari Ara\u015ftirmalar Merkezi","article_published_time":"2021-07-16T07:29:14+00:00","og_image":[{"width":620,"height":310,"url":"https:\/\/akunq.net\/tr\/wp-content\/uploads\/sites\/6\/2021\/07\/Y\u0131ld\u0131ray-O\u011fur.jpg","type":"image\/jpeg"}],"author":"admin","twitter_card":"summary_large_image","twitter_misc":{"Written by":"admin","Est. reading time":"7 minutes"},"schema":{"@context":"https:\/\/schema.org","@graph":[{"@type":"WebPage","@id":"https:\/\/akunq.net\/tr\/?p=63824","url":"https:\/\/akunq.net\/tr\/?p=63824","name":"Belki de kilisenin \u00fczerindekiler de Z ku\u015fa\u011f\u0131d\u0131r\u2026 - Bati Ermenistan Ve Bati Ermenileri Sorunlari Ara\u015ftirmalar Merkezi","isPartOf":{"@id":"https:\/\/akunq.net\/tr\/#website"},"primaryImageOfPage":{"@id":"https:\/\/akunq.net\/tr\/?p=63824#primaryimage"},"image":{"@id":"https:\/\/akunq.net\/tr\/?p=63824#primaryimage"},"thumbnailUrl":"https:\/\/akunq.net\/tr\/wp-content\/uploads\/sites\/6\/2021\/07\/Y\u0131ld\u0131ray-O\u011fur.jpg","datePublished":"2021-07-16T07:29:14+00:00","author":{"@id":"https:\/\/akunq.net\/tr\/#\/schema\/person\/096f1d38a12cce57fb855b485ed24c9e"},"breadcrumb":{"@id":"https:\/\/akunq.net\/tr\/?p=63824#breadcrumb"},"inLanguage":"en-US","potentialAction":[{"@type":"ReadAction","target":["https:\/\/akunq.net\/tr\/?p=63824"]}]},{"@type":"ImageObject","inLanguage":"en-US","@id":"https:\/\/akunq.net\/tr\/?p=63824#primaryimage","url":"https:\/\/akunq.net\/tr\/wp-content\/uploads\/sites\/6\/2021\/07\/Y\u0131ld\u0131ray-O\u011fur.jpg","contentUrl":"https:\/\/akunq.net\/tr\/wp-content\/uploads\/sites\/6\/2021\/07\/Y\u0131ld\u0131ray-O\u011fur.jpg","width":620,"height":310},{"@type":"BreadcrumbList","@id":"https:\/\/akunq.net\/tr\/?p=63824#breadcrumb","itemListElement":[{"@type":"ListItem","position":1,"name":"Home","item":"https:\/\/akunq.net\/tr"},{"@type":"ListItem","position":2,"name":"Belki de kilisenin \u00fczerindekiler de Z ku\u015fa\u011f\u0131d\u0131r\u2026"}]},{"@type":"WebSite","@id":"https:\/\/akunq.net\/tr\/#website","url":"https:\/\/akunq.net\/tr\/","name":"Bati Ermenistan Ve Bati Ermenileri Sorunlari Ara\u015ftirmalar Merkezi","description":"","potentialAction":[{"@type":"SearchAction","target":{"@type":"EntryPoint","urlTemplate":"https:\/\/akunq.net\/tr\/?s={search_term_string}"},"query-input":{"@type":"PropertyValueSpecification","valueRequired":true,"valueName":"search_term_string"}}],"inLanguage":"en-US"},{"@type":"Person","@id":"https:\/\/akunq.net\/tr\/#\/schema\/person\/096f1d38a12cce57fb855b485ed24c9e","name":"admin","url":"https:\/\/akunq.net\/tr\/?author=7"}]}},"_links":{"self":[{"href":"https:\/\/akunq.net\/tr\/index.php?rest_route=\/wp\/v2\/posts\/63824","targetHints":{"allow":["GET"]}}],"collection":[{"href":"https:\/\/akunq.net\/tr\/index.php?rest_route=\/wp\/v2\/posts"}],"about":[{"href":"https:\/\/akunq.net\/tr\/index.php?rest_route=\/wp\/v2\/types\/post"}],"author":[{"embeddable":true,"href":"https:\/\/akunq.net\/tr\/index.php?rest_route=\/wp\/v2\/users\/7"}],"replies":[{"embeddable":true,"href":"https:\/\/akunq.net\/tr\/index.php?rest_route=%2Fwp%2Fv2%2Fcomments&post=63824"}],"version-history":[{"count":1,"href":"https:\/\/akunq.net\/tr\/index.php?rest_route=\/wp\/v2\/posts\/63824\/revisions"}],"predecessor-version":[{"id":63826,"href":"https:\/\/akunq.net\/tr\/index.php?rest_route=\/wp\/v2\/posts\/63824\/revisions\/63826"}],"wp:featuredmedia":[{"embeddable":true,"href":"https:\/\/akunq.net\/tr\/index.php?rest_route=\/wp\/v2\/media\/63825"}],"wp:attachment":[{"href":"https:\/\/akunq.net\/tr\/index.php?rest_route=%2Fwp%2Fv2%2Fmedia&parent=63824"}],"wp:term":[{"taxonomy":"category","embeddable":true,"href":"https:\/\/akunq.net\/tr\/index.php?rest_route=%2Fwp%2Fv2%2Fcategories&post=63824"},{"taxonomy":"post_tag","embeddable":true,"href":"https:\/\/akunq.net\/tr\/index.php?rest_route=%2Fwp%2Fv2%2Ftags&post=63824"}],"curies":[{"name":"wp","href":"https:\/\/api.w.org\/{rel}","templated":true}]}}