{"id":63811,"date":"2021-07-15T04:19:04","date_gmt":"2021-07-15T09:19:04","guid":{"rendered":"https:\/\/akunq.net\/tr\/?p=63811"},"modified":"2021-07-15T04:19:04","modified_gmt":"2021-07-15T09:19:04","slug":"iuye-bagli-olarak-uluslararasi-soykirim-ve-insanliga-karsi-islenen-suclar-enstitusu-kurulacak","status":"publish","type":"post","link":"https:\/\/akunq.net\/tr\/?p=63811","title":{"rendered":"\u0130\u00dc\u2019ye ba\u011fl\u0131 olarak Uluslararas\u0131 Soyk\u0131r\u0131m ve \u0130nsanl\u0131\u011fa Kar\u015f\u0131 \u0130\u015flenen Su\u00e7lar Enstit\u00fcs\u00fc kurulacak"},"content":{"rendered":"<p><img loading=\"lazy\" decoding=\"async\" class=\"aligncenter size-medium wp-image-63812\" src=\"https:\/\/akunq.net\/tr\/wp-content\/uploads\/2021\/07\/Uluslararas\u0131-Soyk\u0131r\u0131m-ve-\u0130nsanl\u0131\u011fa-Kar\u015f\u0131-\u0130\u015flenen-Su\u00e7lar-Enstit\u00fcs\u00fc-360x203.jpg\" alt=\"\" width=\"360\" height=\"203\" srcset=\"https:\/\/akunq.net\/tr\/wp-content\/uploads\/sites\/6\/2021\/07\/Uluslararas\u0131-Soyk\u0131r\u0131m-ve-\u0130nsanl\u0131\u011fa-Kar\u015f\u0131-\u0130\u015flenen-Su\u00e7lar-Enstit\u00fcs\u00fc-360x203.jpg 360w, https:\/\/akunq.net\/tr\/wp-content\/uploads\/sites\/6\/2021\/07\/Uluslararas\u0131-Soyk\u0131r\u0131m-ve-\u0130nsanl\u0131\u011fa-Kar\u015f\u0131-\u0130\u015flenen-Su\u00e7lar-Enstit\u00fcs\u00fc-768x432.jpg 768w, https:\/\/akunq.net\/tr\/wp-content\/uploads\/sites\/6\/2021\/07\/Uluslararas\u0131-Soyk\u0131r\u0131m-ve-\u0130nsanl\u0131\u011fa-Kar\u015f\u0131-\u0130\u015flenen-Su\u00e7lar-Enstit\u00fcs\u00fc-560x315.jpg 560w, https:\/\/akunq.net\/tr\/wp-content\/uploads\/sites\/6\/2021\/07\/Uluslararas\u0131-Soyk\u0131r\u0131m-ve-\u0130nsanl\u0131\u011fa-Kar\u015f\u0131-\u0130\u015flenen-Su\u00e7lar-Enstit\u00fcs\u00fc-260x146.jpg 260w, https:\/\/akunq.net\/tr\/wp-content\/uploads\/sites\/6\/2021\/07\/Uluslararas\u0131-Soyk\u0131r\u0131m-ve-\u0130nsanl\u0131\u011fa-Kar\u015f\u0131-\u0130\u015flenen-Su\u00e7lar-Enstit\u00fcs\u00fc-160x90.jpg 160w, https:\/\/akunq.net\/tr\/wp-content\/uploads\/sites\/6\/2021\/07\/Uluslararas\u0131-Soyk\u0131r\u0131m-ve-\u0130nsanl\u0131\u011fa-Kar\u015f\u0131-\u0130\u015flenen-Su\u00e7lar-Enstit\u00fcs\u00fc.jpg 864w\" sizes=\"auto, (max-width: 360px) 100vw, 360px\" \/><\/p>\n<p><em><strong>\u0130stanbul \u00dcniversitesi Rekt\u00f6rl\u00fc\u011f\u00fcne ba\u011fl\u0131 olarak Uluslararas\u0131 Soyk\u0131r\u0131m ve \u0130nsanl\u0131\u011fa Kar\u015f\u0131 \u0130\u015flenen Su\u00e7lar Enstit\u00fcs\u00fc kurulmas\u0131na ili\u015fkin Cumhurba\u015fkan\u0131 karar\u0131, Resmi Gazete\u2019de yay\u0131mland\u0131.<\/strong><\/em><\/p>\n<p>Buna g\u00f6re, \u0130stanbul \u00dcniversitesi Rekt\u00f6rl\u00fc\u011f\u00fcne ba\u011fl\u0131 olarak Uluslararas\u0131 Soyk\u0131r\u0131m ve \u0130nsanl\u0131\u011fa Kar\u015f\u0131 \u0130\u015flenen Su\u00e7lar Enstit\u00fcs\u00fc kurulacak.<\/p>\n<p>S\u00f6z konusu karar, Y\u00fcksek\u00f6\u011fretim Kurumlar\u0131 Te\u015fkilat\u0131 Kanununun ek 30\u2019uncu maddesi gere\u011fince verildi.<\/p>\n<p><em><strong>Muhammed Nuri Erdo\u011fan<\/strong><\/em><\/p>\n<p><em><strong>https:\/\/www.aa.com.tr\/tr\/egitim\/iuye-bagli-olarak-uluslararasi-soykirim-ve-insanliga-karsi-islenen-suclar-enstitusu-kurulacak\/2304858\u00a0<\/strong><\/em><\/p>\n","protected":false},"excerpt":{"rendered":"<p>\u0130stanbul \u00dcniversitesi Rekt\u00f6rl\u00fc\u011f\u00fcne ba\u011fl\u0131 olarak Uluslararas\u0131 Soyk\u0131r\u0131m ve \u0130nsanl\u0131\u011fa Kar\u015f\u0131 \u0130\u015flenen Su\u00e7lar Enstit\u00fcs\u00fc kurulmas\u0131na ili\u015fkin Cumhurba\u015fkan\u0131 karar\u0131, Resmi Gazete\u2019de yay\u0131mland\u0131. Buna g\u00f6re, \u0130stanbul \u00dcniversitesi Rekt\u00f6rl\u00fc\u011f\u00fcne ba\u011fl\u0131 olarak Uluslararas\u0131 Soyk\u0131r\u0131m ve \u0130nsanl\u0131\u011fa Kar\u015f\u0131 \u0130\u015flenen Su\u00e7lar Enstit\u00fcs\u00fc kurulacak. S\u00f6z konusu karar, Y\u00fcksek\u00f6\u011fretim Kurumlar\u0131 Te\u015fkilat\u0131 Kanununun ek 30\u2019uncu maddesi gere\u011fince verildi. Muhammed Nuri Erdo\u011fan https:\/\/www.aa.com.tr\/tr\/egitim\/iuye-bagli-olarak-uluslararasi-soykirim-ve-insanliga-karsi-islenen-suclar-enstitusu-kurulacak\/2304858\u00a0<\/p>\n","protected":false},"author":7,"featured_media":63812,"comment_status":"open","ping_status":"open","sticky":false,"template":"","format":"standard","meta":{"footnotes":""},"categories":[1],"tags":[],"class_list":["post-63811","post","type-post","status-publish","format-standard","has-post-thumbnail","hentry","category-haberler"],"yoast_head":"<!-- This site is optimized with the Yoast SEO plugin v27.4 - https:\/\/yoast.com\/product\/yoast-seo-wordpress\/ -->\n<title>\u0130\u00dc\u2019ye ba\u011fl\u0131 olarak Uluslararas\u0131 Soyk\u0131r\u0131m ve \u0130nsanl\u0131\u011fa Kar\u015f\u0131 \u0130\u015flenen Su\u00e7lar Enstit\u00fcs\u00fc kurulacak - Bati Ermenistan Ve Bati Ermenileri Sorunlari Ara\u015ftirmalar Merkezi<\/title>\n<meta name=\"robots\" content=\"index, follow, max-snippet:-1, max-image-preview:large, max-video-preview:-1\" \/>\n<link rel=\"canonical\" href=\"https:\/\/akunq.net\/tr\/?p=63811\" \/>\n<meta property=\"og:locale\" content=\"en_US\" \/>\n<meta property=\"og:type\" content=\"article\" \/>\n<meta property=\"og:title\" content=\"\u0130\u00dc\u2019ye ba\u011fl\u0131 olarak Uluslararas\u0131 Soyk\u0131r\u0131m ve \u0130nsanl\u0131\u011fa Kar\u015f\u0131 \u0130\u015flenen Su\u00e7lar Enstit\u00fcs\u00fc kurulacak - Bati Ermenistan Ve Bati Ermenileri Sorunlari Ara\u015ftirmalar Merkezi\" \/>\n<meta property=\"og:description\" content=\"\u0130stanbul \u00dcniversitesi Rekt\u00f6rl\u00fc\u011f\u00fcne ba\u011fl\u0131 olarak Uluslararas\u0131 Soyk\u0131r\u0131m ve \u0130nsanl\u0131\u011fa Kar\u015f\u0131 \u0130\u015flenen Su\u00e7lar Enstit\u00fcs\u00fc kurulmas\u0131na ili\u015fkin Cumhurba\u015fkan\u0131 karar\u0131, Resmi Gazete\u2019de yay\u0131mland\u0131. Buna g\u00f6re, \u0130stanbul \u00dcniversitesi Rekt\u00f6rl\u00fc\u011f\u00fcne ba\u011fl\u0131 olarak Uluslararas\u0131 Soyk\u0131r\u0131m ve \u0130nsanl\u0131\u011fa Kar\u015f\u0131 \u0130\u015flenen Su\u00e7lar Enstit\u00fcs\u00fc kurulacak. S\u00f6z konusu karar, Y\u00fcksek\u00f6\u011fretim Kurumlar\u0131 Te\u015fkilat\u0131 Kanununun ek 30\u2019uncu maddesi gere\u011fince verildi. Muhammed Nuri Erdo\u011fan https:\/\/www.aa.com.tr\/tr\/egitim\/iuye-bagli-olarak-uluslararasi-soykirim-ve-insanliga-karsi-islenen-suclar-enstitusu-kurulacak\/2304858\u00a0\" \/>\n<meta property=\"og:url\" content=\"https:\/\/akunq.net\/tr\/?p=63811\" \/>\n<meta property=\"og:site_name\" content=\"Bati Ermenistan Ve Bati Ermenileri Sorunlari Ara\u015ftirmalar Merkezi\" \/>\n<meta property=\"article:published_time\" content=\"2021-07-15T09:19:04+00:00\" \/>\n<meta property=\"og:image\" content=\"https:\/\/akunq.net\/tr\/wp-content\/uploads\/sites\/6\/2021\/07\/Uluslararas\u0131-Soyk\u0131r\u0131m-ve-\u0130nsanl\u0131\u011fa-Kar\u015f\u0131-\u0130\u015flenen-Su\u00e7lar-Enstit\u00fcs\u00fc.jpg\" \/>\n\t<meta property=\"og:image:width\" content=\"864\" \/>\n\t<meta property=\"og:image:height\" content=\"486\" \/>\n\t<meta property=\"og:image:type\" content=\"image\/jpeg\" \/>\n<meta name=\"author\" content=\"admin\" \/>\n<meta name=\"twitter:card\" content=\"summary_large_image\" \/>\n<meta name=\"twitter:label1\" content=\"Written by\" \/>\n\t<meta name=\"twitter:data1\" content=\"admin\" \/>\n<script type=\"application\/ld+json\" class=\"yoast-schema-graph\">{\"@context\":\"https:\\\/\\\/schema.org\",\"@graph\":[{\"@type\":\"Article\",\"@id\":\"https:\\\/\\\/akunq.net\\\/tr\\\/?p=63811#article\",\"isPartOf\":{\"@id\":\"https:\\\/\\\/akunq.net\\\/tr\\\/?p=63811\"},\"author\":{\"name\":\"admin\",\"@id\":\"https:\\\/\\\/akunq.net\\\/tr\\\/#\\\/schema\\\/person\\\/096f1d38a12cce57fb855b485ed24c9e\"},\"headline\":\"\u0130\u00dc\u2019ye ba\u011fl\u0131 olarak Uluslararas\u0131 Soyk\u0131r\u0131m ve \u0130nsanl\u0131\u011fa Kar\u015f\u0131 \u0130\u015flenen Su\u00e7lar Enstit\u00fcs\u00fc kurulacak\",\"datePublished\":\"2021-07-15T09:19:04+00:00\",\"mainEntityOfPage\":{\"@id\":\"https:\\\/\\\/akunq.net\\\/tr\\\/?p=63811\"},\"wordCount\":105,\"commentCount\":0,\"image\":{\"@id\":\"https:\\\/\\\/akunq.net\\\/tr\\\/?p=63811#primaryimage\"},\"thumbnailUrl\":\"https:\\\/\\\/akunq.net\\\/tr\\\/wp-content\\\/uploads\\\/sites\\\/6\\\/2021\\\/07\\\/Uluslararas\u0131-Soyk\u0131r\u0131m-ve-\u0130nsanl\u0131\u011fa-Kar\u015f\u0131-\u0130\u015flenen-Su\u00e7lar-Enstit\u00fcs\u00fc.jpg\",\"articleSection\":[\"Haberler\"],\"inLanguage\":\"en-US\",\"potentialAction\":[{\"@type\":\"CommentAction\",\"name\":\"Comment\",\"target\":[\"https:\\\/\\\/akunq.net\\\/tr\\\/?p=63811#respond\"]}]},{\"@type\":\"WebPage\",\"@id\":\"https:\\\/\\\/akunq.net\\\/tr\\\/?p=63811\",\"url\":\"https:\\\/\\\/akunq.net\\\/tr\\\/?p=63811\",\"name\":\"\u0130\u00dc\u2019ye ba\u011fl\u0131 olarak Uluslararas\u0131 Soyk\u0131r\u0131m ve \u0130nsanl\u0131\u011fa Kar\u015f\u0131 \u0130\u015flenen Su\u00e7lar Enstit\u00fcs\u00fc kurulacak - Bati Ermenistan Ve Bati Ermenileri Sorunlari Ara\u015ftirmalar Merkezi\",\"isPartOf\":{\"@id\":\"https:\\\/\\\/akunq.net\\\/tr\\\/#website\"},\"primaryImageOfPage\":{\"@id\":\"https:\\\/\\\/akunq.net\\\/tr\\\/?p=63811#primaryimage\"},\"image\":{\"@id\":\"https:\\\/\\\/akunq.net\\\/tr\\\/?p=63811#primaryimage\"},\"thumbnailUrl\":\"https:\\\/\\\/akunq.net\\\/tr\\\/wp-content\\\/uploads\\\/sites\\\/6\\\/2021\\\/07\\\/Uluslararas\u0131-Soyk\u0131r\u0131m-ve-\u0130nsanl\u0131\u011fa-Kar\u015f\u0131-\u0130\u015flenen-Su\u00e7lar-Enstit\u00fcs\u00fc.jpg\",\"datePublished\":\"2021-07-15T09:19:04+00:00\",\"author\":{\"@id\":\"https:\\\/\\\/akunq.net\\\/tr\\\/#\\\/schema\\\/person\\\/096f1d38a12cce57fb855b485ed24c9e\"},\"breadcrumb\":{\"@id\":\"https:\\\/\\\/akunq.net\\\/tr\\\/?p=63811#breadcrumb\"},\"inLanguage\":\"en-US\",\"potentialAction\":[{\"@type\":\"ReadAction\",\"target\":[\"https:\\\/\\\/akunq.net\\\/tr\\\/?p=63811\"]}]},{\"@type\":\"ImageObject\",\"inLanguage\":\"en-US\",\"@id\":\"https:\\\/\\\/akunq.net\\\/tr\\\/?p=63811#primaryimage\",\"url\":\"https:\\\/\\\/akunq.net\\\/tr\\\/wp-content\\\/uploads\\\/sites\\\/6\\\/2021\\\/07\\\/Uluslararas\u0131-Soyk\u0131r\u0131m-ve-\u0130nsanl\u0131\u011fa-Kar\u015f\u0131-\u0130\u015flenen-Su\u00e7lar-Enstit\u00fcs\u00fc.jpg\",\"contentUrl\":\"https:\\\/\\\/akunq.net\\\/tr\\\/wp-content\\\/uploads\\\/sites\\\/6\\\/2021\\\/07\\\/Uluslararas\u0131-Soyk\u0131r\u0131m-ve-\u0130nsanl\u0131\u011fa-Kar\u015f\u0131-\u0130\u015flenen-Su\u00e7lar-Enstit\u00fcs\u00fc.jpg\",\"width\":864,\"height\":486},{\"@type\":\"BreadcrumbList\",\"@id\":\"https:\\\/\\\/akunq.net\\\/tr\\\/?p=63811#breadcrumb\",\"itemListElement\":[{\"@type\":\"ListItem\",\"position\":1,\"name\":\"Home\",\"item\":\"https:\\\/\\\/akunq.net\\\/tr\"},{\"@type\":\"ListItem\",\"position\":2,\"name\":\"\u0130\u00dc\u2019ye ba\u011fl\u0131 olarak Uluslararas\u0131 Soyk\u0131r\u0131m ve \u0130nsanl\u0131\u011fa Kar\u015f\u0131 \u0130\u015flenen Su\u00e7lar Enstit\u00fcs\u00fc kurulacak\"}]},{\"@type\":\"WebSite\",\"@id\":\"https:\\\/\\\/akunq.net\\\/tr\\\/#website\",\"url\":\"https:\\\/\\\/akunq.net\\\/tr\\\/\",\"name\":\"Bati Ermenistan Ve Bati Ermenileri Sorunlari Ara\u015ftirmalar Merkezi\",\"description\":\"\",\"potentialAction\":[{\"@type\":\"SearchAction\",\"target\":{\"@type\":\"EntryPoint\",\"urlTemplate\":\"https:\\\/\\\/akunq.net\\\/tr\\\/?s={search_term_string}\"},\"query-input\":{\"@type\":\"PropertyValueSpecification\",\"valueRequired\":true,\"valueName\":\"search_term_string\"}}],\"inLanguage\":\"en-US\"},{\"@type\":\"Person\",\"@id\":\"https:\\\/\\\/akunq.net\\\/tr\\\/#\\\/schema\\\/person\\\/096f1d38a12cce57fb855b485ed24c9e\",\"name\":\"admin\",\"url\":\"https:\\\/\\\/akunq.net\\\/tr\\\/?author=7\"}]}<\/script>\n<!-- \/ Yoast SEO plugin. -->","yoast_head_json":{"title":"\u0130\u00dc\u2019ye ba\u011fl\u0131 olarak Uluslararas\u0131 Soyk\u0131r\u0131m ve \u0130nsanl\u0131\u011fa Kar\u015f\u0131 \u0130\u015flenen Su\u00e7lar Enstit\u00fcs\u00fc kurulacak - Bati Ermenistan Ve Bati Ermenileri Sorunlari Ara\u015ftirmalar Merkezi","robots":{"index":"index","follow":"follow","max-snippet":"max-snippet:-1","max-image-preview":"max-image-preview:large","max-video-preview":"max-video-preview:-1"},"canonical":"https:\/\/akunq.net\/tr\/?p=63811","og_locale":"en_US","og_type":"article","og_title":"\u0130\u00dc\u2019ye ba\u011fl\u0131 olarak Uluslararas\u0131 Soyk\u0131r\u0131m ve \u0130nsanl\u0131\u011fa Kar\u015f\u0131 \u0130\u015flenen Su\u00e7lar Enstit\u00fcs\u00fc kurulacak - Bati Ermenistan Ve Bati Ermenileri Sorunlari Ara\u015ftirmalar Merkezi","og_description":"\u0130stanbul \u00dcniversitesi Rekt\u00f6rl\u00fc\u011f\u00fcne ba\u011fl\u0131 olarak Uluslararas\u0131 Soyk\u0131r\u0131m ve \u0130nsanl\u0131\u011fa Kar\u015f\u0131 \u0130\u015flenen Su\u00e7lar Enstit\u00fcs\u00fc kurulmas\u0131na ili\u015fkin Cumhurba\u015fkan\u0131 karar\u0131, Resmi Gazete\u2019de yay\u0131mland\u0131. Buna g\u00f6re, \u0130stanbul \u00dcniversitesi Rekt\u00f6rl\u00fc\u011f\u00fcne ba\u011fl\u0131 olarak Uluslararas\u0131 Soyk\u0131r\u0131m ve \u0130nsanl\u0131\u011fa Kar\u015f\u0131 \u0130\u015flenen Su\u00e7lar Enstit\u00fcs\u00fc kurulacak. S\u00f6z konusu karar, Y\u00fcksek\u00f6\u011fretim Kurumlar\u0131 Te\u015fkilat\u0131 Kanununun ek 30\u2019uncu maddesi gere\u011fince verildi. Muhammed Nuri Erdo\u011fan https:\/\/www.aa.com.tr\/tr\/egitim\/iuye-bagli-olarak-uluslararasi-soykirim-ve-insanliga-karsi-islenen-suclar-enstitusu-kurulacak\/2304858\u00a0","og_url":"https:\/\/akunq.net\/tr\/?p=63811","og_site_name":"Bati Ermenistan Ve Bati Ermenileri Sorunlari Ara\u015ftirmalar Merkezi","article_published_time":"2021-07-15T09:19:04+00:00","og_image":[{"width":864,"height":486,"url":"https:\/\/akunq.net\/tr\/wp-content\/uploads\/sites\/6\/2021\/07\/Uluslararas\u0131-Soyk\u0131r\u0131m-ve-\u0130nsanl\u0131\u011fa-Kar\u015f\u0131-\u0130\u015flenen-Su\u00e7lar-Enstit\u00fcs\u00fc.jpg","type":"image\/jpeg"}],"author":"admin","twitter_card":"summary_large_image","twitter_misc":{"Written by":"admin"},"schema":{"@context":"https:\/\/schema.org","@graph":[{"@type":"Article","@id":"https:\/\/akunq.net\/tr\/?p=63811#article","isPartOf":{"@id":"https:\/\/akunq.net\/tr\/?p=63811"},"author":{"name":"admin","@id":"https:\/\/akunq.net\/tr\/#\/schema\/person\/096f1d38a12cce57fb855b485ed24c9e"},"headline":"\u0130\u00dc\u2019ye ba\u011fl\u0131 olarak Uluslararas\u0131 Soyk\u0131r\u0131m ve \u0130nsanl\u0131\u011fa Kar\u015f\u0131 \u0130\u015flenen Su\u00e7lar Enstit\u00fcs\u00fc kurulacak","datePublished":"2021-07-15T09:19:04+00:00","mainEntityOfPage":{"@id":"https:\/\/akunq.net\/tr\/?p=63811"},"wordCount":105,"commentCount":0,"image":{"@id":"https:\/\/akunq.net\/tr\/?p=63811#primaryimage"},"thumbnailUrl":"https:\/\/akunq.net\/tr\/wp-content\/uploads\/sites\/6\/2021\/07\/Uluslararas\u0131-Soyk\u0131r\u0131m-ve-\u0130nsanl\u0131\u011fa-Kar\u015f\u0131-\u0130\u015flenen-Su\u00e7lar-Enstit\u00fcs\u00fc.jpg","articleSection":["Haberler"],"inLanguage":"en-US","potentialAction":[{"@type":"CommentAction","name":"Comment","target":["https:\/\/akunq.net\/tr\/?p=63811#respond"]}]},{"@type":"WebPage","@id":"https:\/\/akunq.net\/tr\/?p=63811","url":"https:\/\/akunq.net\/tr\/?p=63811","name":"\u0130\u00dc\u2019ye ba\u011fl\u0131 olarak Uluslararas\u0131 Soyk\u0131r\u0131m ve \u0130nsanl\u0131\u011fa Kar\u015f\u0131 \u0130\u015flenen Su\u00e7lar Enstit\u00fcs\u00fc kurulacak - Bati Ermenistan Ve Bati Ermenileri Sorunlari Ara\u015ftirmalar Merkezi","isPartOf":{"@id":"https:\/\/akunq.net\/tr\/#website"},"primaryImageOfPage":{"@id":"https:\/\/akunq.net\/tr\/?p=63811#primaryimage"},"image":{"@id":"https:\/\/akunq.net\/tr\/?p=63811#primaryimage"},"thumbnailUrl":"https:\/\/akunq.net\/tr\/wp-content\/uploads\/sites\/6\/2021\/07\/Uluslararas\u0131-Soyk\u0131r\u0131m-ve-\u0130nsanl\u0131\u011fa-Kar\u015f\u0131-\u0130\u015flenen-Su\u00e7lar-Enstit\u00fcs\u00fc.jpg","datePublished":"2021-07-15T09:19:04+00:00","author":{"@id":"https:\/\/akunq.net\/tr\/#\/schema\/person\/096f1d38a12cce57fb855b485ed24c9e"},"breadcrumb":{"@id":"https:\/\/akunq.net\/tr\/?p=63811#breadcrumb"},"inLanguage":"en-US","potentialAction":[{"@type":"ReadAction","target":["https:\/\/akunq.net\/tr\/?p=63811"]}]},{"@type":"ImageObject","inLanguage":"en-US","@id":"https:\/\/akunq.net\/tr\/?p=63811#primaryimage","url":"https:\/\/akunq.net\/tr\/wp-content\/uploads\/sites\/6\/2021\/07\/Uluslararas\u0131-Soyk\u0131r\u0131m-ve-\u0130nsanl\u0131\u011fa-Kar\u015f\u0131-\u0130\u015flenen-Su\u00e7lar-Enstit\u00fcs\u00fc.jpg","contentUrl":"https:\/\/akunq.net\/tr\/wp-content\/uploads\/sites\/6\/2021\/07\/Uluslararas\u0131-Soyk\u0131r\u0131m-ve-\u0130nsanl\u0131\u011fa-Kar\u015f\u0131-\u0130\u015flenen-Su\u00e7lar-Enstit\u00fcs\u00fc.jpg","width":864,"height":486},{"@type":"BreadcrumbList","@id":"https:\/\/akunq.net\/tr\/?p=63811#breadcrumb","itemListElement":[{"@type":"ListItem","position":1,"name":"Home","item":"https:\/\/akunq.net\/tr"},{"@type":"ListItem","position":2,"name":"\u0130\u00dc\u2019ye ba\u011fl\u0131 olarak Uluslararas\u0131 Soyk\u0131r\u0131m ve \u0130nsanl\u0131\u011fa Kar\u015f\u0131 \u0130\u015flenen Su\u00e7lar Enstit\u00fcs\u00fc kurulacak"}]},{"@type":"WebSite","@id":"https:\/\/akunq.net\/tr\/#website","url":"https:\/\/akunq.net\/tr\/","name":"Bati Ermenistan Ve Bati Ermenileri Sorunlari Ara\u015ftirmalar Merkezi","description":"","potentialAction":[{"@type":"SearchAction","target":{"@type":"EntryPoint","urlTemplate":"https:\/\/akunq.net\/tr\/?s={search_term_string}"},"query-input":{"@type":"PropertyValueSpecification","valueRequired":true,"valueName":"search_term_string"}}],"inLanguage":"en-US"},{"@type":"Person","@id":"https:\/\/akunq.net\/tr\/#\/schema\/person\/096f1d38a12cce57fb855b485ed24c9e","name":"admin","url":"https:\/\/akunq.net\/tr\/?author=7"}]}},"_links":{"self":[{"href":"https:\/\/akunq.net\/tr\/index.php?rest_route=\/wp\/v2\/posts\/63811","targetHints":{"allow":["GET"]}}],"collection":[{"href":"https:\/\/akunq.net\/tr\/index.php?rest_route=\/wp\/v2\/posts"}],"about":[{"href":"https:\/\/akunq.net\/tr\/index.php?rest_route=\/wp\/v2\/types\/post"}],"author":[{"embeddable":true,"href":"https:\/\/akunq.net\/tr\/index.php?rest_route=\/wp\/v2\/users\/7"}],"replies":[{"embeddable":true,"href":"https:\/\/akunq.net\/tr\/index.php?rest_route=%2Fwp%2Fv2%2Fcomments&post=63811"}],"version-history":[{"count":1,"href":"https:\/\/akunq.net\/tr\/index.php?rest_route=\/wp\/v2\/posts\/63811\/revisions"}],"predecessor-version":[{"id":63813,"href":"https:\/\/akunq.net\/tr\/index.php?rest_route=\/wp\/v2\/posts\/63811\/revisions\/63813"}],"wp:featuredmedia":[{"embeddable":true,"href":"https:\/\/akunq.net\/tr\/index.php?rest_route=\/wp\/v2\/media\/63812"}],"wp:attachment":[{"href":"https:\/\/akunq.net\/tr\/index.php?rest_route=%2Fwp%2Fv2%2Fmedia&parent=63811"}],"wp:term":[{"taxonomy":"category","embeddable":true,"href":"https:\/\/akunq.net\/tr\/index.php?rest_route=%2Fwp%2Fv2%2Fcategories&post=63811"},{"taxonomy":"post_tag","embeddable":true,"href":"https:\/\/akunq.net\/tr\/index.php?rest_route=%2Fwp%2Fv2%2Ftags&post=63811"}],"curies":[{"name":"wp","href":"https:\/\/api.w.org\/{rel}","templated":true}]}}