{"id":63804,"date":"2021-07-15T03:05:53","date_gmt":"2021-07-15T08:05:53","guid":{"rendered":"https:\/\/akunq.net\/tr\/?p=63804"},"modified":"2021-07-15T03:05:53","modified_gmt":"2021-07-15T08:05:53","slug":"ermeni-kilisesine-saygisizlik-munferit-mi-sistematik-mi","status":"publish","type":"post","link":"https:\/\/akunq.net\/tr\/?p=63804","title":{"rendered":"Ermeni kilisesine sayg\u0131s\u0131zl\u0131k: M\u00fcnferit mi sistematik mi?"},"content":{"rendered":"<p><img loading=\"lazy\" decoding=\"async\" class=\"aligncenter size-medium wp-image-63805\" src=\"https:\/\/akunq.net\/tr\/wp-content\/uploads\/2021\/07\/Ermeni-kilisesine-sayg\u0131s\u0131zl\u0131k-360x242.jpeg\" alt=\"\" width=\"360\" height=\"242\" srcset=\"https:\/\/akunq.net\/tr\/wp-content\/uploads\/sites\/6\/2021\/07\/Ermeni-kilisesine-sayg\u0131s\u0131zl\u0131k-360x242.jpeg 360w, https:\/\/akunq.net\/tr\/wp-content\/uploads\/sites\/6\/2021\/07\/Ermeni-kilisesine-sayg\u0131s\u0131zl\u0131k-560x377.jpeg 560w, https:\/\/akunq.net\/tr\/wp-content\/uploads\/sites\/6\/2021\/07\/Ermeni-kilisesine-sayg\u0131s\u0131zl\u0131k-260x175.jpeg 260w, https:\/\/akunq.net\/tr\/wp-content\/uploads\/sites\/6\/2021\/07\/Ermeni-kilisesine-sayg\u0131s\u0131zl\u0131k-160x108.jpeg 160w, https:\/\/akunq.net\/tr\/wp-content\/uploads\/sites\/6\/2021\/07\/Ermeni-kilisesine-sayg\u0131s\u0131zl\u0131k.jpeg 750w\" sizes=\"auto, (max-width: 360px) 100vw, 360px\" \/><\/p>\n<p><strong><em>\u0130stanbul Kad\u0131k\u00f6y\u2019de ge\u00e7ti\u011fimiz gece \u00fc\u00e7 ki\u015finin, Surp Takavor Ermeni Kilisesi\u2019nin duvar\u0131n\u0131n \u00fcst\u00fcne \u00e7\u0131k\u0131p oyun oynamas\u0131na ili\u015fkin tepkiler gelmeye devam ediyor.<\/em><\/strong><\/p>\n<p>Ermeniler ba\u015fta olmak \u00fczere pek \u00e7ok \u00e7evreden gelen a\u00e7\u0131klamalar\u0131n ard\u0131ndan g\u00f6zalt\u0131na al\u0131nan \u00fc\u00e7 ki\u015fi serbest b\u0131rak\u0131ld\u0131.<\/p>\n<p>Ermeniler ve hak savunucular\u0131, meselenin bu sayg\u0131s\u0131zl\u0131ktan \u00f6te bir anlama geldi\u011fini, bunun bir zihniyet sorunu oldu\u011funu s\u00f6yl\u00fcyor.<\/p>\n<p>Gazeteci ve yazar Pakrat Estukyan da \u201c\u0130nsanlar nas\u0131l ki cami duvar\u0131na \u00e7\u0131k\u0131p b\u00f6yle bir \u015fey yapamazsa, burada da yapamayaca\u011f\u0131n\u0131 bilmeli\u201d diyor.<\/p>\n<p>Gazetemize konu\u015fan Estukyan, Ermenilere ve Hristiyanlara y\u00f6nelik hak ihlallerinin temelini ve bug\u00fcn\u00fcn\u00fc anlatt\u0131.<\/p>\n<figure class=\"wp-block-embed is-type-video is-provider-youtube wp-block-embed-youtube wp-embed-aspect-16-9 wp-has-aspect-ratio\">\n<div class=\"wp-block-embed__wrapper\">\n<div class=\"fluid-width-video-wrapper\"><iframe id=\"fitvid90044\" title=\"Ermeni kilisesine sayg\u0131s\u0131zl\u0131k: M\u00fcnferit mi sistematik mi?\" src=\"https:\/\/www.youtube.com\/embed\/aRW_XywBnDY?feature=oembed\" frameborder=\"0\" allowfullscreen=\"allowfullscreen\" data-mce-fragment=\"1\"><\/iframe><\/div>\n<div><em><strong>Haber:<\/strong>\u00a0<strong>Pelin \u00d6zkaptan\u00a0<\/strong><\/em><\/div>\n<\/div>\n<\/figure>\n<p><em><strong><a href=\"https:\/\/gazetekarinca.com\/2021\/07\/ermeni-kilisesine-saygisizlik-munferit-mi-sistematik-mi\/\">https:\/\/gazetekarinca.com\/2021\/07\/ermeni-kilisesine-saygisizlik-munferit-mi-sistematik-mi\/<\/a>\u00a0<\/strong><\/em><\/p>\n","protected":false},"excerpt":{"rendered":"<p>\u0130stanbul Kad\u0131k\u00f6y\u2019de ge\u00e7ti\u011fimiz gece \u00fc\u00e7 ki\u015finin, Surp Takavor Ermeni Kilisesi\u2019nin duvar\u0131n\u0131n \u00fcst\u00fcne \u00e7\u0131k\u0131p oyun oynamas\u0131na ili\u015fkin tepkiler gelmeye devam ediyor. Ermeniler ba\u015fta olmak \u00fczere pek \u00e7ok \u00e7evreden gelen a\u00e7\u0131klamalar\u0131n ard\u0131ndan g\u00f6zalt\u0131na al\u0131nan \u00fc\u00e7 ki\u015fi serbest b\u0131rak\u0131ld\u0131. Ermeniler ve hak savunucular\u0131, meselenin bu sayg\u0131s\u0131zl\u0131ktan \u00f6te bir anlama geldi\u011fini, bunun bir zihniyet sorunu oldu\u011funu s\u00f6yl\u00fcyor. Gazeteci ve [&hellip;]<\/p>\n","protected":false},"author":7,"featured_media":63805,"comment_status":"open","ping_status":"open","sticky":false,"template":"","format":"standard","meta":{"footnotes":""},"categories":[1],"tags":[],"class_list":["post-63804","post","type-post","status-publish","format-standard","has-post-thumbnail","hentry","category-haberler"],"yoast_head":"<!-- This site is optimized with the Yoast SEO plugin v27.4 - https:\/\/yoast.com\/product\/yoast-seo-wordpress\/ -->\n<title>Ermeni kilisesine sayg\u0131s\u0131zl\u0131k: M\u00fcnferit mi sistematik mi? - Bati Ermenistan Ve Bati Ermenileri Sorunlari Ara\u015ftirmalar Merkezi<\/title>\n<meta name=\"robots\" content=\"index, follow, max-snippet:-1, max-image-preview:large, max-video-preview:-1\" \/>\n<link rel=\"canonical\" href=\"https:\/\/akunq.net\/tr\/?p=63804\" \/>\n<meta property=\"og:locale\" content=\"en_US\" \/>\n<meta property=\"og:type\" content=\"article\" \/>\n<meta property=\"og:title\" content=\"Ermeni kilisesine sayg\u0131s\u0131zl\u0131k: M\u00fcnferit mi sistematik mi? - Bati Ermenistan Ve Bati Ermenileri Sorunlari Ara\u015ftirmalar Merkezi\" \/>\n<meta property=\"og:description\" content=\"\u0130stanbul Kad\u0131k\u00f6y\u2019de ge\u00e7ti\u011fimiz gece \u00fc\u00e7 ki\u015finin, Surp Takavor Ermeni Kilisesi\u2019nin duvar\u0131n\u0131n \u00fcst\u00fcne \u00e7\u0131k\u0131p oyun oynamas\u0131na ili\u015fkin tepkiler gelmeye devam ediyor. Ermeniler ba\u015fta olmak \u00fczere pek \u00e7ok \u00e7evreden gelen a\u00e7\u0131klamalar\u0131n ard\u0131ndan g\u00f6zalt\u0131na al\u0131nan \u00fc\u00e7 ki\u015fi serbest b\u0131rak\u0131ld\u0131. Ermeniler ve hak savunucular\u0131, meselenin bu sayg\u0131s\u0131zl\u0131ktan \u00f6te bir anlama geldi\u011fini, bunun bir zihniyet sorunu oldu\u011funu s\u00f6yl\u00fcyor. Gazeteci ve [&hellip;]\" \/>\n<meta property=\"og:url\" content=\"https:\/\/akunq.net\/tr\/?p=63804\" \/>\n<meta property=\"og:site_name\" content=\"Bati Ermenistan Ve Bati Ermenileri Sorunlari Ara\u015ftirmalar Merkezi\" \/>\n<meta property=\"article:published_time\" content=\"2021-07-15T08:05:53+00:00\" \/>\n<meta property=\"og:image\" content=\"https:\/\/akunq.net\/tr\/wp-content\/uploads\/sites\/6\/2021\/07\/Ermeni-kilisesine-sayg\u0131s\u0131zl\u0131k.jpeg\" \/>\n\t<meta property=\"og:image:width\" content=\"750\" \/>\n\t<meta property=\"og:image:height\" content=\"505\" \/>\n\t<meta property=\"og:image:type\" content=\"image\/jpeg\" \/>\n<meta name=\"author\" content=\"admin\" \/>\n<meta name=\"twitter:card\" content=\"summary_large_image\" \/>\n<meta name=\"twitter:label1\" content=\"Written by\" \/>\n\t<meta name=\"twitter:data1\" content=\"admin\" \/>\n\t<meta name=\"twitter:label2\" content=\"Est. reading time\" \/>\n\t<meta name=\"twitter:data2\" content=\"1 minute\" \/>\n<script type=\"application\/ld+json\" class=\"yoast-schema-graph\">{\"@context\":\"https:\\\/\\\/schema.org\",\"@graph\":[{\"@type\":\"Article\",\"@id\":\"https:\\\/\\\/akunq.net\\\/tr\\\/?p=63804#article\",\"isPartOf\":{\"@id\":\"https:\\\/\\\/akunq.net\\\/tr\\\/?p=63804\"},\"author\":{\"name\":\"admin\",\"@id\":\"https:\\\/\\\/akunq.net\\\/tr\\\/#\\\/schema\\\/person\\\/096f1d38a12cce57fb855b485ed24c9e\"},\"headline\":\"Ermeni kilisesine sayg\u0131s\u0131zl\u0131k: M\u00fcnferit mi sistematik mi?\",\"datePublished\":\"2021-07-15T08:05:53+00:00\",\"mainEntityOfPage\":{\"@id\":\"https:\\\/\\\/akunq.net\\\/tr\\\/?p=63804\"},\"wordCount\":142,\"commentCount\":0,\"image\":{\"@id\":\"https:\\\/\\\/akunq.net\\\/tr\\\/?p=63804#primaryimage\"},\"thumbnailUrl\":\"https:\\\/\\\/akunq.net\\\/tr\\\/wp-content\\\/uploads\\\/sites\\\/6\\\/2021\\\/07\\\/Ermeni-kilisesine-sayg\u0131s\u0131zl\u0131k.jpeg\",\"articleSection\":[\"Haberler\"],\"inLanguage\":\"en-US\",\"potentialAction\":[{\"@type\":\"CommentAction\",\"name\":\"Comment\",\"target\":[\"https:\\\/\\\/akunq.net\\\/tr\\\/?p=63804#respond\"]}]},{\"@type\":\"WebPage\",\"@id\":\"https:\\\/\\\/akunq.net\\\/tr\\\/?p=63804\",\"url\":\"https:\\\/\\\/akunq.net\\\/tr\\\/?p=63804\",\"name\":\"Ermeni kilisesine sayg\u0131s\u0131zl\u0131k: M\u00fcnferit mi sistematik mi? - Bati Ermenistan Ve Bati Ermenileri Sorunlari Ara\u015ftirmalar Merkezi\",\"isPartOf\":{\"@id\":\"https:\\\/\\\/akunq.net\\\/tr\\\/#website\"},\"primaryImageOfPage\":{\"@id\":\"https:\\\/\\\/akunq.net\\\/tr\\\/?p=63804#primaryimage\"},\"image\":{\"@id\":\"https:\\\/\\\/akunq.net\\\/tr\\\/?p=63804#primaryimage\"},\"thumbnailUrl\":\"https:\\\/\\\/akunq.net\\\/tr\\\/wp-content\\\/uploads\\\/sites\\\/6\\\/2021\\\/07\\\/Ermeni-kilisesine-sayg\u0131s\u0131zl\u0131k.jpeg\",\"datePublished\":\"2021-07-15T08:05:53+00:00\",\"author\":{\"@id\":\"https:\\\/\\\/akunq.net\\\/tr\\\/#\\\/schema\\\/person\\\/096f1d38a12cce57fb855b485ed24c9e\"},\"breadcrumb\":{\"@id\":\"https:\\\/\\\/akunq.net\\\/tr\\\/?p=63804#breadcrumb\"},\"inLanguage\":\"en-US\",\"potentialAction\":[{\"@type\":\"ReadAction\",\"target\":[\"https:\\\/\\\/akunq.net\\\/tr\\\/?p=63804\"]}]},{\"@type\":\"ImageObject\",\"inLanguage\":\"en-US\",\"@id\":\"https:\\\/\\\/akunq.net\\\/tr\\\/?p=63804#primaryimage\",\"url\":\"https:\\\/\\\/akunq.net\\\/tr\\\/wp-content\\\/uploads\\\/sites\\\/6\\\/2021\\\/07\\\/Ermeni-kilisesine-sayg\u0131s\u0131zl\u0131k.jpeg\",\"contentUrl\":\"https:\\\/\\\/akunq.net\\\/tr\\\/wp-content\\\/uploads\\\/sites\\\/6\\\/2021\\\/07\\\/Ermeni-kilisesine-sayg\u0131s\u0131zl\u0131k.jpeg\",\"width\":750,\"height\":505},{\"@type\":\"BreadcrumbList\",\"@id\":\"https:\\\/\\\/akunq.net\\\/tr\\\/?p=63804#breadcrumb\",\"itemListElement\":[{\"@type\":\"ListItem\",\"position\":1,\"name\":\"Home\",\"item\":\"https:\\\/\\\/akunq.net\\\/tr\"},{\"@type\":\"ListItem\",\"position\":2,\"name\":\"Ermeni kilisesine sayg\u0131s\u0131zl\u0131k: M\u00fcnferit mi sistematik mi?\"}]},{\"@type\":\"WebSite\",\"@id\":\"https:\\\/\\\/akunq.net\\\/tr\\\/#website\",\"url\":\"https:\\\/\\\/akunq.net\\\/tr\\\/\",\"name\":\"Bati Ermenistan Ve Bati Ermenileri Sorunlari Ara\u015ftirmalar Merkezi\",\"description\":\"\",\"potentialAction\":[{\"@type\":\"SearchAction\",\"target\":{\"@type\":\"EntryPoint\",\"urlTemplate\":\"https:\\\/\\\/akunq.net\\\/tr\\\/?s={search_term_string}\"},\"query-input\":{\"@type\":\"PropertyValueSpecification\",\"valueRequired\":true,\"valueName\":\"search_term_string\"}}],\"inLanguage\":\"en-US\"},{\"@type\":\"Person\",\"@id\":\"https:\\\/\\\/akunq.net\\\/tr\\\/#\\\/schema\\\/person\\\/096f1d38a12cce57fb855b485ed24c9e\",\"name\":\"admin\",\"url\":\"https:\\\/\\\/akunq.net\\\/tr\\\/?author=7\"}]}<\/script>\n<!-- \/ Yoast SEO plugin. -->","yoast_head_json":{"title":"Ermeni kilisesine sayg\u0131s\u0131zl\u0131k: M\u00fcnferit mi sistematik mi? - Bati Ermenistan Ve Bati Ermenileri Sorunlari Ara\u015ftirmalar Merkezi","robots":{"index":"index","follow":"follow","max-snippet":"max-snippet:-1","max-image-preview":"max-image-preview:large","max-video-preview":"max-video-preview:-1"},"canonical":"https:\/\/akunq.net\/tr\/?p=63804","og_locale":"en_US","og_type":"article","og_title":"Ermeni kilisesine sayg\u0131s\u0131zl\u0131k: M\u00fcnferit mi sistematik mi? - Bati Ermenistan Ve Bati Ermenileri Sorunlari Ara\u015ftirmalar Merkezi","og_description":"\u0130stanbul Kad\u0131k\u00f6y\u2019de ge\u00e7ti\u011fimiz gece \u00fc\u00e7 ki\u015finin, Surp Takavor Ermeni Kilisesi\u2019nin duvar\u0131n\u0131n \u00fcst\u00fcne \u00e7\u0131k\u0131p oyun oynamas\u0131na ili\u015fkin tepkiler gelmeye devam ediyor. Ermeniler ba\u015fta olmak \u00fczere pek \u00e7ok \u00e7evreden gelen a\u00e7\u0131klamalar\u0131n ard\u0131ndan g\u00f6zalt\u0131na al\u0131nan \u00fc\u00e7 ki\u015fi serbest b\u0131rak\u0131ld\u0131. Ermeniler ve hak savunucular\u0131, meselenin bu sayg\u0131s\u0131zl\u0131ktan \u00f6te bir anlama geldi\u011fini, bunun bir zihniyet sorunu oldu\u011funu s\u00f6yl\u00fcyor. Gazeteci ve [&hellip;]","og_url":"https:\/\/akunq.net\/tr\/?p=63804","og_site_name":"Bati Ermenistan Ve Bati Ermenileri Sorunlari Ara\u015ftirmalar Merkezi","article_published_time":"2021-07-15T08:05:53+00:00","og_image":[{"width":750,"height":505,"url":"https:\/\/akunq.net\/tr\/wp-content\/uploads\/sites\/6\/2021\/07\/Ermeni-kilisesine-sayg\u0131s\u0131zl\u0131k.jpeg","type":"image\/jpeg"}],"author":"admin","twitter_card":"summary_large_image","twitter_misc":{"Written by":"admin","Est. reading time":"1 minute"},"schema":{"@context":"https:\/\/schema.org","@graph":[{"@type":"Article","@id":"https:\/\/akunq.net\/tr\/?p=63804#article","isPartOf":{"@id":"https:\/\/akunq.net\/tr\/?p=63804"},"author":{"name":"admin","@id":"https:\/\/akunq.net\/tr\/#\/schema\/person\/096f1d38a12cce57fb855b485ed24c9e"},"headline":"Ermeni kilisesine sayg\u0131s\u0131zl\u0131k: M\u00fcnferit mi sistematik mi?","datePublished":"2021-07-15T08:05:53+00:00","mainEntityOfPage":{"@id":"https:\/\/akunq.net\/tr\/?p=63804"},"wordCount":142,"commentCount":0,"image":{"@id":"https:\/\/akunq.net\/tr\/?p=63804#primaryimage"},"thumbnailUrl":"https:\/\/akunq.net\/tr\/wp-content\/uploads\/sites\/6\/2021\/07\/Ermeni-kilisesine-sayg\u0131s\u0131zl\u0131k.jpeg","articleSection":["Haberler"],"inLanguage":"en-US","potentialAction":[{"@type":"CommentAction","name":"Comment","target":["https:\/\/akunq.net\/tr\/?p=63804#respond"]}]},{"@type":"WebPage","@id":"https:\/\/akunq.net\/tr\/?p=63804","url":"https:\/\/akunq.net\/tr\/?p=63804","name":"Ermeni kilisesine sayg\u0131s\u0131zl\u0131k: M\u00fcnferit mi sistematik mi? - Bati Ermenistan Ve Bati Ermenileri Sorunlari Ara\u015ftirmalar Merkezi","isPartOf":{"@id":"https:\/\/akunq.net\/tr\/#website"},"primaryImageOfPage":{"@id":"https:\/\/akunq.net\/tr\/?p=63804#primaryimage"},"image":{"@id":"https:\/\/akunq.net\/tr\/?p=63804#primaryimage"},"thumbnailUrl":"https:\/\/akunq.net\/tr\/wp-content\/uploads\/sites\/6\/2021\/07\/Ermeni-kilisesine-sayg\u0131s\u0131zl\u0131k.jpeg","datePublished":"2021-07-15T08:05:53+00:00","author":{"@id":"https:\/\/akunq.net\/tr\/#\/schema\/person\/096f1d38a12cce57fb855b485ed24c9e"},"breadcrumb":{"@id":"https:\/\/akunq.net\/tr\/?p=63804#breadcrumb"},"inLanguage":"en-US","potentialAction":[{"@type":"ReadAction","target":["https:\/\/akunq.net\/tr\/?p=63804"]}]},{"@type":"ImageObject","inLanguage":"en-US","@id":"https:\/\/akunq.net\/tr\/?p=63804#primaryimage","url":"https:\/\/akunq.net\/tr\/wp-content\/uploads\/sites\/6\/2021\/07\/Ermeni-kilisesine-sayg\u0131s\u0131zl\u0131k.jpeg","contentUrl":"https:\/\/akunq.net\/tr\/wp-content\/uploads\/sites\/6\/2021\/07\/Ermeni-kilisesine-sayg\u0131s\u0131zl\u0131k.jpeg","width":750,"height":505},{"@type":"BreadcrumbList","@id":"https:\/\/akunq.net\/tr\/?p=63804#breadcrumb","itemListElement":[{"@type":"ListItem","position":1,"name":"Home","item":"https:\/\/akunq.net\/tr"},{"@type":"ListItem","position":2,"name":"Ermeni kilisesine sayg\u0131s\u0131zl\u0131k: M\u00fcnferit mi sistematik mi?"}]},{"@type":"WebSite","@id":"https:\/\/akunq.net\/tr\/#website","url":"https:\/\/akunq.net\/tr\/","name":"Bati Ermenistan Ve Bati Ermenileri Sorunlari Ara\u015ftirmalar Merkezi","description":"","potentialAction":[{"@type":"SearchAction","target":{"@type":"EntryPoint","urlTemplate":"https:\/\/akunq.net\/tr\/?s={search_term_string}"},"query-input":{"@type":"PropertyValueSpecification","valueRequired":true,"valueName":"search_term_string"}}],"inLanguage":"en-US"},{"@type":"Person","@id":"https:\/\/akunq.net\/tr\/#\/schema\/person\/096f1d38a12cce57fb855b485ed24c9e","name":"admin","url":"https:\/\/akunq.net\/tr\/?author=7"}]}},"_links":{"self":[{"href":"https:\/\/akunq.net\/tr\/index.php?rest_route=\/wp\/v2\/posts\/63804","targetHints":{"allow":["GET"]}}],"collection":[{"href":"https:\/\/akunq.net\/tr\/index.php?rest_route=\/wp\/v2\/posts"}],"about":[{"href":"https:\/\/akunq.net\/tr\/index.php?rest_route=\/wp\/v2\/types\/post"}],"author":[{"embeddable":true,"href":"https:\/\/akunq.net\/tr\/index.php?rest_route=\/wp\/v2\/users\/7"}],"replies":[{"embeddable":true,"href":"https:\/\/akunq.net\/tr\/index.php?rest_route=%2Fwp%2Fv2%2Fcomments&post=63804"}],"version-history":[{"count":1,"href":"https:\/\/akunq.net\/tr\/index.php?rest_route=\/wp\/v2\/posts\/63804\/revisions"}],"predecessor-version":[{"id":63806,"href":"https:\/\/akunq.net\/tr\/index.php?rest_route=\/wp\/v2\/posts\/63804\/revisions\/63806"}],"wp:featuredmedia":[{"embeddable":true,"href":"https:\/\/akunq.net\/tr\/index.php?rest_route=\/wp\/v2\/media\/63805"}],"wp:attachment":[{"href":"https:\/\/akunq.net\/tr\/index.php?rest_route=%2Fwp%2Fv2%2Fmedia&parent=63804"}],"wp:term":[{"taxonomy":"category","embeddable":true,"href":"https:\/\/akunq.net\/tr\/index.php?rest_route=%2Fwp%2Fv2%2Fcategories&post=63804"},{"taxonomy":"post_tag","embeddable":true,"href":"https:\/\/akunq.net\/tr\/index.php?rest_route=%2Fwp%2Fv2%2Ftags&post=63804"}],"curies":[{"name":"wp","href":"https:\/\/api.w.org\/{rel}","templated":true}]}}