{"id":63800,"date":"2021-07-15T02:39:24","date_gmt":"2021-07-15T07:39:24","guid":{"rendered":"https:\/\/akunq.net\/tr\/?p=63800"},"modified":"2021-07-15T02:39:24","modified_gmt":"2021-07-15T07:39:24","slug":"hrant-dink-davasinda-firari-saniklarin-mal-varliklarina-el-konuldu","status":"publish","type":"post","link":"https:\/\/akunq.net\/tr\/?p=63800","title":{"rendered":"Hrant Dink davas\u0131nda firari san\u0131klar\u0131n mal varl\u0131klar\u0131na el konuldu"},"content":{"rendered":"<p><img loading=\"lazy\" decoding=\"async\" class=\"aligncenter size-medium wp-image-63801\" src=\"https:\/\/akunq.net\/tr\/wp-content\/uploads\/2021\/07\/Hrant-Dink-1-360x203.jpg\" alt=\"\" width=\"360\" height=\"203\" srcset=\"https:\/\/akunq.net\/tr\/wp-content\/uploads\/sites\/6\/2021\/07\/Hrant-Dink-1-360x203.jpg 360w, https:\/\/akunq.net\/tr\/wp-content\/uploads\/sites\/6\/2021\/07\/Hrant-Dink-1-768x432.jpg 768w, https:\/\/akunq.net\/tr\/wp-content\/uploads\/sites\/6\/2021\/07\/Hrant-Dink-1-560x315.jpg 560w, https:\/\/akunq.net\/tr\/wp-content\/uploads\/sites\/6\/2021\/07\/Hrant-Dink-1-260x146.jpg 260w, https:\/\/akunq.net\/tr\/wp-content\/uploads\/sites\/6\/2021\/07\/Hrant-Dink-1-160x90.jpg 160w, https:\/\/akunq.net\/tr\/wp-content\/uploads\/sites\/6\/2021\/07\/Hrant-Dink-1.jpg 1280w\" sizes=\"auto, (max-width: 360px) 100vw, 360px\" \/><\/p>\n<p><em><strong>DUVAR \u2013 AGOS Gazetesi Genel Yay\u0131n Y\u00f6netmeni Hrant Dink\u2019in \u00f6ld\u00fcr\u00fclmesine ili\u015fkin davadan dosyas\u0131 ayr\u0131lan firari san\u0131klara ili\u015fkin davada, FET\u00d6 eleba\u015f\u0131 Fetullah G\u00fclen\u2019in aras\u0131nda bulundu\u011fu 11 firari san\u0131\u011f\u0131n ka\u00e7ak say\u0131larak mal varl\u0131klar\u0131na el konulmas\u0131na karar verildi.<\/strong><\/em><\/p>\n<p>\u0130stanbul 14. A\u011f\u0131r Ceza Mahkemesi\u2019ndeki duru\u015fmaya, baz\u0131 san\u0131klar\u0131n barodan atanm\u0131\u015f avukatlar\u0131 kat\u0131ld\u0131. Ka\u00e7akl\u0131k ilan\u0131n\u0131n eski savc\u0131 Zekeriya \u00d6z\u2019\u00fcn ikametinin kap\u0131s\u0131na yap\u0131\u015ft\u0131r\u0131lmas\u0131 i\u00e7in \u00dcnalan Mahallesi Muhtarl\u0131\u011f\u0131\u2019na yaz\u0131lan yaz\u0131ya cevap gelmedi\u011fi kaydedildi.<\/p>\n<p><strong>11 SANIK KA\u00c7AK SAYILDI<\/strong><\/p>\n<p>Mahkeme heyeti, usul\u00fcne uygun yap\u0131lan ilana ra\u011fmen mahkemeye veya T\u00fcrkiye s\u0131n\u0131rlar\u0131ndaki herhangi bir adliye veya kolluk kuvvetine gelip teslim olmayan san\u0131klar Adem Yavuz Arslan, Co\u015fgun \u00c7akar, Fetullah G\u00fclen, Halil \u0130brahim Koca, Mehmet Akif Y\u0131lmaz, Mehmet Faruk Mercan, Metin Canbay, \u00d6mer Faruk Kart\u0131n, Serkan \u015eahan, Y\u0131lmaz Ang\u0131n ve Yunus Yazar\u2019\u0131n ka\u00e7ak say\u0131lmalar\u0131na ve ka\u00e7ak say\u0131lan san\u0131klar\u0131n menkul ve gayri menkullerine el konulmas\u0131na karar verildi.<\/p>\n<p><strong>KAYYIM ATANACAK<\/strong><\/p>\n<p>Heyet, yap\u0131lacak TAKB\u0130S mal varl\u0131\u011f\u0131 sorgusunda san\u0131klara ait ara ve ta\u015f\u0131nmaz tespit edildi\u011fi takdirde ilgili trafik tescil ve tapu m\u00fcd\u00fcrl\u00fcklerine m\u00fczekkere yaz\u0131larak tedbir \u015ferhlerinin i\u015flenmesinin istenilmesine h\u00fckmedildi. T\u00fcrkiye Bankalar Birli\u011fine m\u00fczekkere yaz\u0131larak san\u0131klara ait vadeli-vadesiz t\u00fcm hesaplar\u0131 ile kiral\u0131k kasa mevcutlar\u0131n\u0131n tespit edilerek el koyma karar\u0131n\u0131n uygulanmas\u0131n\u0131n istenilmesine, el konulmas\u0131 karar\u0131 \u00fczerine tedbir \u015ferhi i\u015flenecek mevduat ile ta\u015f\u0131n\u0131r ve ta\u015f\u0131nmaz mallar\u0131n y\u00f6netimi amac\u0131yla TMSF\u2019nin kayyum olarak atanmas\u0131na da karar verildi.<\/p>\n<p><strong>ZEKER\u0130YA \u00d6Z VE EKREM DUMANLI \u0130LE \u0130LG\u0130L\u0130 KARAR B\u0130R SONRAK\u0130 CELSE ALINACAK<\/strong><\/p>\n<p>Heyet karar\u0131nda, firari eski savc\u0131 Zekeriya \u00d6z hakk\u0131nda muhtarl\u0131k\u00e7a yap\u0131lan ilana ili\u015fkin evrak\u0131n mahkemeye d\u00f6nmedi\u011fi dikkate al\u0131narak evrak geldikten sonra ka\u00e7ak say\u0131lma ve el koyma karar\u0131n\u0131n bir sonraki celse karar ba\u011flanaca\u011f\u0131n\u0131 belirtti. San\u0131klardan eski Zaman gazetesi Genel yay\u0131n Y\u00f6netmeni Ekrem Dumanl\u0131\u2019n\u0131n avukat\u0131n\u0131n olmad\u0131\u011f\u0131 duru\u015fmada mahkeme, 15 g\u00fcn i\u00e7erisinde teslim olmamas\u0131 halinde duru\u015fma aras\u0131nda ka\u00e7ak say\u0131lmas\u0131na ve mal varl\u0131\u011f\u0131na el konulmas\u0131na karar verecek.<\/p>\n<p><strong>NE OLMU\u015eTU?<\/strong><\/p>\n<p>Agos Gazetesi Genel Yay\u0131n Y\u00f6netmeni Hrant Dink\u2019in 19 Ocak 2007 tarihinde gazetenin \u00f6n\u00fcnde vurularak \u00f6ld\u00fcr\u00fclmesine ili\u015fkin \u0130stanbul 14. A\u011f\u0131r Ceza Mahkemesinde g\u00f6r\u00fclen dava, 26 Mart tarihinde karara ba\u011flanm\u0131\u015ft\u0131. Aralar\u0131nda Fethullah G\u00fclen ile Zekeriya \u00d6z\u2019\u00fcn de bulundu\u011fu 13 firari san\u0131\u011f\u0131n dosyas\u0131 ayr\u0131lm\u0131\u015ft\u0131. Bir \u00f6nceki duru\u015fmada, cumhuriyet savc\u0131s\u0131, firari san\u0131klar\u0131n 15 g\u00fcn i\u00e7erisinde teslim olmamalar\u0131 durumunda mal varl\u0131klar\u0131na el konulmas\u0131n\u0131 talep etmi\u015fti.<\/p>\n<p><em><strong>https:\/\/www.gazeteduvar.com.tr\/hrant-dink-davasinda-firari-saniklarin-mal-varliklarina-el-konuldu-haber-1528523\u00a0<\/strong><\/em><\/p>\n","protected":false},"excerpt":{"rendered":"<p>DUVAR \u2013 AGOS Gazetesi Genel Yay\u0131n Y\u00f6netmeni Hrant Dink\u2019in \u00f6ld\u00fcr\u00fclmesine ili\u015fkin davadan dosyas\u0131 ayr\u0131lan firari san\u0131klara ili\u015fkin davada, FET\u00d6 eleba\u015f\u0131 Fetullah G\u00fclen\u2019in aras\u0131nda bulundu\u011fu 11 firari san\u0131\u011f\u0131n ka\u00e7ak say\u0131larak mal varl\u0131klar\u0131na el konulmas\u0131na karar verildi. \u0130stanbul 14. A\u011f\u0131r Ceza Mahkemesi\u2019ndeki duru\u015fmaya, baz\u0131 san\u0131klar\u0131n barodan atanm\u0131\u015f avukatlar\u0131 kat\u0131ld\u0131. Ka\u00e7akl\u0131k ilan\u0131n\u0131n eski savc\u0131 Zekeriya \u00d6z\u2019\u00fcn ikametinin kap\u0131s\u0131na [&hellip;]<\/p>\n","protected":false},"author":7,"featured_media":63801,"comment_status":"open","ping_status":"open","sticky":false,"template":"","format":"standard","meta":{"footnotes":""},"categories":[1],"tags":[],"class_list":["post-63800","post","type-post","status-publish","format-standard","has-post-thumbnail","hentry","category-haberler"],"yoast_head":"<!-- This site is optimized with the Yoast SEO plugin v27.4 - https:\/\/yoast.com\/product\/yoast-seo-wordpress\/ -->\n<title>Hrant Dink davas\u0131nda firari san\u0131klar\u0131n mal varl\u0131klar\u0131na el konuldu - Bati Ermenistan Ve Bati Ermenileri Sorunlari Ara\u015ftirmalar Merkezi<\/title>\n<meta name=\"robots\" content=\"index, follow, max-snippet:-1, max-image-preview:large, max-video-preview:-1\" \/>\n<link rel=\"canonical\" href=\"https:\/\/akunq.net\/tr\/?p=63800\" \/>\n<meta property=\"og:locale\" content=\"en_US\" \/>\n<meta property=\"og:type\" content=\"article\" \/>\n<meta property=\"og:title\" content=\"Hrant Dink davas\u0131nda firari san\u0131klar\u0131n mal varl\u0131klar\u0131na el konuldu - Bati Ermenistan Ve Bati Ermenileri Sorunlari Ara\u015ftirmalar Merkezi\" \/>\n<meta property=\"og:description\" content=\"DUVAR \u2013 AGOS Gazetesi Genel Yay\u0131n Y\u00f6netmeni Hrant Dink\u2019in \u00f6ld\u00fcr\u00fclmesine ili\u015fkin davadan dosyas\u0131 ayr\u0131lan firari san\u0131klara ili\u015fkin davada, FET\u00d6 eleba\u015f\u0131 Fetullah G\u00fclen\u2019in aras\u0131nda bulundu\u011fu 11 firari san\u0131\u011f\u0131n ka\u00e7ak say\u0131larak mal varl\u0131klar\u0131na el konulmas\u0131na karar verildi. \u0130stanbul 14. A\u011f\u0131r Ceza Mahkemesi\u2019ndeki duru\u015fmaya, baz\u0131 san\u0131klar\u0131n barodan atanm\u0131\u015f avukatlar\u0131 kat\u0131ld\u0131. Ka\u00e7akl\u0131k ilan\u0131n\u0131n eski savc\u0131 Zekeriya \u00d6z\u2019\u00fcn ikametinin kap\u0131s\u0131na [&hellip;]\" \/>\n<meta property=\"og:url\" content=\"https:\/\/akunq.net\/tr\/?p=63800\" \/>\n<meta property=\"og:site_name\" content=\"Bati Ermenistan Ve Bati Ermenileri Sorunlari Ara\u015ftirmalar Merkezi\" \/>\n<meta property=\"article:published_time\" content=\"2021-07-15T07:39:24+00:00\" \/>\n<meta property=\"og:image\" content=\"https:\/\/akunq.net\/tr\/wp-content\/uploads\/sites\/6\/2021\/07\/Hrant-Dink-1.jpg\" \/>\n\t<meta property=\"og:image:width\" content=\"1280\" \/>\n\t<meta property=\"og:image:height\" content=\"720\" \/>\n\t<meta property=\"og:image:type\" content=\"image\/jpeg\" \/>\n<meta name=\"author\" content=\"admin\" \/>\n<meta name=\"twitter:card\" content=\"summary_large_image\" \/>\n<meta name=\"twitter:label1\" content=\"Written by\" \/>\n\t<meta name=\"twitter:data1\" content=\"admin\" \/>\n\t<meta name=\"twitter:label2\" content=\"Est. reading time\" \/>\n\t<meta name=\"twitter:data2\" content=\"2 minutes\" \/>\n<script type=\"application\/ld+json\" class=\"yoast-schema-graph\">{\"@context\":\"https:\\\/\\\/schema.org\",\"@graph\":[{\"@type\":\"Article\",\"@id\":\"https:\\\/\\\/akunq.net\\\/tr\\\/?p=63800#article\",\"isPartOf\":{\"@id\":\"https:\\\/\\\/akunq.net\\\/tr\\\/?p=63800\"},\"author\":{\"name\":\"admin\",\"@id\":\"https:\\\/\\\/akunq.net\\\/tr\\\/#\\\/schema\\\/person\\\/096f1d38a12cce57fb855b485ed24c9e\"},\"headline\":\"Hrant Dink davas\u0131nda firari san\u0131klar\u0131n mal varl\u0131klar\u0131na el konuldu\",\"datePublished\":\"2021-07-15T07:39:24+00:00\",\"mainEntityOfPage\":{\"@id\":\"https:\\\/\\\/akunq.net\\\/tr\\\/?p=63800\"},\"wordCount\":513,\"commentCount\":0,\"image\":{\"@id\":\"https:\\\/\\\/akunq.net\\\/tr\\\/?p=63800#primaryimage\"},\"thumbnailUrl\":\"https:\\\/\\\/akunq.net\\\/tr\\\/wp-content\\\/uploads\\\/sites\\\/6\\\/2021\\\/07\\\/Hrant-Dink-1.jpg\",\"articleSection\":[\"Haberler\"],\"inLanguage\":\"en-US\",\"potentialAction\":[{\"@type\":\"CommentAction\",\"name\":\"Comment\",\"target\":[\"https:\\\/\\\/akunq.net\\\/tr\\\/?p=63800#respond\"]}]},{\"@type\":\"WebPage\",\"@id\":\"https:\\\/\\\/akunq.net\\\/tr\\\/?p=63800\",\"url\":\"https:\\\/\\\/akunq.net\\\/tr\\\/?p=63800\",\"name\":\"Hrant Dink davas\u0131nda firari san\u0131klar\u0131n mal varl\u0131klar\u0131na el konuldu - Bati Ermenistan Ve Bati Ermenileri Sorunlari Ara\u015ftirmalar Merkezi\",\"isPartOf\":{\"@id\":\"https:\\\/\\\/akunq.net\\\/tr\\\/#website\"},\"primaryImageOfPage\":{\"@id\":\"https:\\\/\\\/akunq.net\\\/tr\\\/?p=63800#primaryimage\"},\"image\":{\"@id\":\"https:\\\/\\\/akunq.net\\\/tr\\\/?p=63800#primaryimage\"},\"thumbnailUrl\":\"https:\\\/\\\/akunq.net\\\/tr\\\/wp-content\\\/uploads\\\/sites\\\/6\\\/2021\\\/07\\\/Hrant-Dink-1.jpg\",\"datePublished\":\"2021-07-15T07:39:24+00:00\",\"author\":{\"@id\":\"https:\\\/\\\/akunq.net\\\/tr\\\/#\\\/schema\\\/person\\\/096f1d38a12cce57fb855b485ed24c9e\"},\"breadcrumb\":{\"@id\":\"https:\\\/\\\/akunq.net\\\/tr\\\/?p=63800#breadcrumb\"},\"inLanguage\":\"en-US\",\"potentialAction\":[{\"@type\":\"ReadAction\",\"target\":[\"https:\\\/\\\/akunq.net\\\/tr\\\/?p=63800\"]}]},{\"@type\":\"ImageObject\",\"inLanguage\":\"en-US\",\"@id\":\"https:\\\/\\\/akunq.net\\\/tr\\\/?p=63800#primaryimage\",\"url\":\"https:\\\/\\\/akunq.net\\\/tr\\\/wp-content\\\/uploads\\\/sites\\\/6\\\/2021\\\/07\\\/Hrant-Dink-1.jpg\",\"contentUrl\":\"https:\\\/\\\/akunq.net\\\/tr\\\/wp-content\\\/uploads\\\/sites\\\/6\\\/2021\\\/07\\\/Hrant-Dink-1.jpg\",\"width\":1280,\"height\":720},{\"@type\":\"BreadcrumbList\",\"@id\":\"https:\\\/\\\/akunq.net\\\/tr\\\/?p=63800#breadcrumb\",\"itemListElement\":[{\"@type\":\"ListItem\",\"position\":1,\"name\":\"Home\",\"item\":\"https:\\\/\\\/akunq.net\\\/tr\"},{\"@type\":\"ListItem\",\"position\":2,\"name\":\"Hrant Dink davas\u0131nda firari san\u0131klar\u0131n mal varl\u0131klar\u0131na el konuldu\"}]},{\"@type\":\"WebSite\",\"@id\":\"https:\\\/\\\/akunq.net\\\/tr\\\/#website\",\"url\":\"https:\\\/\\\/akunq.net\\\/tr\\\/\",\"name\":\"Bati Ermenistan Ve Bati Ermenileri Sorunlari Ara\u015ftirmalar Merkezi\",\"description\":\"\",\"potentialAction\":[{\"@type\":\"SearchAction\",\"target\":{\"@type\":\"EntryPoint\",\"urlTemplate\":\"https:\\\/\\\/akunq.net\\\/tr\\\/?s={search_term_string}\"},\"query-input\":{\"@type\":\"PropertyValueSpecification\",\"valueRequired\":true,\"valueName\":\"search_term_string\"}}],\"inLanguage\":\"en-US\"},{\"@type\":\"Person\",\"@id\":\"https:\\\/\\\/akunq.net\\\/tr\\\/#\\\/schema\\\/person\\\/096f1d38a12cce57fb855b485ed24c9e\",\"name\":\"admin\",\"url\":\"https:\\\/\\\/akunq.net\\\/tr\\\/?author=7\"}]}<\/script>\n<!-- \/ Yoast SEO plugin. -->","yoast_head_json":{"title":"Hrant Dink davas\u0131nda firari san\u0131klar\u0131n mal varl\u0131klar\u0131na el konuldu - Bati Ermenistan Ve Bati Ermenileri Sorunlari Ara\u015ftirmalar Merkezi","robots":{"index":"index","follow":"follow","max-snippet":"max-snippet:-1","max-image-preview":"max-image-preview:large","max-video-preview":"max-video-preview:-1"},"canonical":"https:\/\/akunq.net\/tr\/?p=63800","og_locale":"en_US","og_type":"article","og_title":"Hrant Dink davas\u0131nda firari san\u0131klar\u0131n mal varl\u0131klar\u0131na el konuldu - Bati Ermenistan Ve Bati Ermenileri Sorunlari Ara\u015ftirmalar Merkezi","og_description":"DUVAR \u2013 AGOS Gazetesi Genel Yay\u0131n Y\u00f6netmeni Hrant Dink\u2019in \u00f6ld\u00fcr\u00fclmesine ili\u015fkin davadan dosyas\u0131 ayr\u0131lan firari san\u0131klara ili\u015fkin davada, FET\u00d6 eleba\u015f\u0131 Fetullah G\u00fclen\u2019in aras\u0131nda bulundu\u011fu 11 firari san\u0131\u011f\u0131n ka\u00e7ak say\u0131larak mal varl\u0131klar\u0131na el konulmas\u0131na karar verildi. \u0130stanbul 14. A\u011f\u0131r Ceza Mahkemesi\u2019ndeki duru\u015fmaya, baz\u0131 san\u0131klar\u0131n barodan atanm\u0131\u015f avukatlar\u0131 kat\u0131ld\u0131. Ka\u00e7akl\u0131k ilan\u0131n\u0131n eski savc\u0131 Zekeriya \u00d6z\u2019\u00fcn ikametinin kap\u0131s\u0131na [&hellip;]","og_url":"https:\/\/akunq.net\/tr\/?p=63800","og_site_name":"Bati Ermenistan Ve Bati Ermenileri Sorunlari Ara\u015ftirmalar Merkezi","article_published_time":"2021-07-15T07:39:24+00:00","og_image":[{"width":1280,"height":720,"url":"https:\/\/akunq.net\/tr\/wp-content\/uploads\/sites\/6\/2021\/07\/Hrant-Dink-1.jpg","type":"image\/jpeg"}],"author":"admin","twitter_card":"summary_large_image","twitter_misc":{"Written by":"admin","Est. reading time":"2 minutes"},"schema":{"@context":"https:\/\/schema.org","@graph":[{"@type":"Article","@id":"https:\/\/akunq.net\/tr\/?p=63800#article","isPartOf":{"@id":"https:\/\/akunq.net\/tr\/?p=63800"},"author":{"name":"admin","@id":"https:\/\/akunq.net\/tr\/#\/schema\/person\/096f1d38a12cce57fb855b485ed24c9e"},"headline":"Hrant Dink davas\u0131nda firari san\u0131klar\u0131n mal varl\u0131klar\u0131na el konuldu","datePublished":"2021-07-15T07:39:24+00:00","mainEntityOfPage":{"@id":"https:\/\/akunq.net\/tr\/?p=63800"},"wordCount":513,"commentCount":0,"image":{"@id":"https:\/\/akunq.net\/tr\/?p=63800#primaryimage"},"thumbnailUrl":"https:\/\/akunq.net\/tr\/wp-content\/uploads\/sites\/6\/2021\/07\/Hrant-Dink-1.jpg","articleSection":["Haberler"],"inLanguage":"en-US","potentialAction":[{"@type":"CommentAction","name":"Comment","target":["https:\/\/akunq.net\/tr\/?p=63800#respond"]}]},{"@type":"WebPage","@id":"https:\/\/akunq.net\/tr\/?p=63800","url":"https:\/\/akunq.net\/tr\/?p=63800","name":"Hrant Dink davas\u0131nda firari san\u0131klar\u0131n mal varl\u0131klar\u0131na el konuldu - Bati Ermenistan Ve Bati Ermenileri Sorunlari Ara\u015ftirmalar Merkezi","isPartOf":{"@id":"https:\/\/akunq.net\/tr\/#website"},"primaryImageOfPage":{"@id":"https:\/\/akunq.net\/tr\/?p=63800#primaryimage"},"image":{"@id":"https:\/\/akunq.net\/tr\/?p=63800#primaryimage"},"thumbnailUrl":"https:\/\/akunq.net\/tr\/wp-content\/uploads\/sites\/6\/2021\/07\/Hrant-Dink-1.jpg","datePublished":"2021-07-15T07:39:24+00:00","author":{"@id":"https:\/\/akunq.net\/tr\/#\/schema\/person\/096f1d38a12cce57fb855b485ed24c9e"},"breadcrumb":{"@id":"https:\/\/akunq.net\/tr\/?p=63800#breadcrumb"},"inLanguage":"en-US","potentialAction":[{"@type":"ReadAction","target":["https:\/\/akunq.net\/tr\/?p=63800"]}]},{"@type":"ImageObject","inLanguage":"en-US","@id":"https:\/\/akunq.net\/tr\/?p=63800#primaryimage","url":"https:\/\/akunq.net\/tr\/wp-content\/uploads\/sites\/6\/2021\/07\/Hrant-Dink-1.jpg","contentUrl":"https:\/\/akunq.net\/tr\/wp-content\/uploads\/sites\/6\/2021\/07\/Hrant-Dink-1.jpg","width":1280,"height":720},{"@type":"BreadcrumbList","@id":"https:\/\/akunq.net\/tr\/?p=63800#breadcrumb","itemListElement":[{"@type":"ListItem","position":1,"name":"Home","item":"https:\/\/akunq.net\/tr"},{"@type":"ListItem","position":2,"name":"Hrant Dink davas\u0131nda firari san\u0131klar\u0131n mal varl\u0131klar\u0131na el konuldu"}]},{"@type":"WebSite","@id":"https:\/\/akunq.net\/tr\/#website","url":"https:\/\/akunq.net\/tr\/","name":"Bati Ermenistan Ve Bati Ermenileri Sorunlari Ara\u015ftirmalar Merkezi","description":"","potentialAction":[{"@type":"SearchAction","target":{"@type":"EntryPoint","urlTemplate":"https:\/\/akunq.net\/tr\/?s={search_term_string}"},"query-input":{"@type":"PropertyValueSpecification","valueRequired":true,"valueName":"search_term_string"}}],"inLanguage":"en-US"},{"@type":"Person","@id":"https:\/\/akunq.net\/tr\/#\/schema\/person\/096f1d38a12cce57fb855b485ed24c9e","name":"admin","url":"https:\/\/akunq.net\/tr\/?author=7"}]}},"_links":{"self":[{"href":"https:\/\/akunq.net\/tr\/index.php?rest_route=\/wp\/v2\/posts\/63800","targetHints":{"allow":["GET"]}}],"collection":[{"href":"https:\/\/akunq.net\/tr\/index.php?rest_route=\/wp\/v2\/posts"}],"about":[{"href":"https:\/\/akunq.net\/tr\/index.php?rest_route=\/wp\/v2\/types\/post"}],"author":[{"embeddable":true,"href":"https:\/\/akunq.net\/tr\/index.php?rest_route=\/wp\/v2\/users\/7"}],"replies":[{"embeddable":true,"href":"https:\/\/akunq.net\/tr\/index.php?rest_route=%2Fwp%2Fv2%2Fcomments&post=63800"}],"version-history":[{"count":1,"href":"https:\/\/akunq.net\/tr\/index.php?rest_route=\/wp\/v2\/posts\/63800\/revisions"}],"predecessor-version":[{"id":63802,"href":"https:\/\/akunq.net\/tr\/index.php?rest_route=\/wp\/v2\/posts\/63800\/revisions\/63802"}],"wp:featuredmedia":[{"embeddable":true,"href":"https:\/\/akunq.net\/tr\/index.php?rest_route=\/wp\/v2\/media\/63801"}],"wp:attachment":[{"href":"https:\/\/akunq.net\/tr\/index.php?rest_route=%2Fwp%2Fv2%2Fmedia&parent=63800"}],"wp:term":[{"taxonomy":"category","embeddable":true,"href":"https:\/\/akunq.net\/tr\/index.php?rest_route=%2Fwp%2Fv2%2Fcategories&post=63800"},{"taxonomy":"post_tag","embeddable":true,"href":"https:\/\/akunq.net\/tr\/index.php?rest_route=%2Fwp%2Fv2%2Ftags&post=63800"}],"curies":[{"name":"wp","href":"https:\/\/api.w.org\/{rel}","templated":true}]}}