{"id":63797,"date":"2021-07-15T02:09:32","date_gmt":"2021-07-15T07:09:32","guid":{"rendered":"https:\/\/akunq.net\/tr\/?p=63797"},"modified":"2021-07-15T02:09:32","modified_gmt":"2021-07-15T07:09:32","slug":"yargitay-sevag-balikci-davasinda-karari-onadi","status":"publish","type":"post","link":"https:\/\/akunq.net\/tr\/?p=63797","title":{"rendered":"Yarg\u0131tay Sevag Bal\u0131k\u00e7\u0131 davas\u0131nda karar\u0131 onad\u0131"},"content":{"rendered":"<p><img loading=\"lazy\" decoding=\"async\" class=\"aligncenter size-medium wp-image-63798\" src=\"https:\/\/akunq.net\/tr\/wp-content\/uploads\/2021\/07\/Sevag-Bal\u0131k\u00e7\u0131-360x202.jpg\" alt=\"\" width=\"360\" height=\"202\" srcset=\"https:\/\/akunq.net\/tr\/wp-content\/uploads\/sites\/6\/2021\/07\/Sevag-Bal\u0131k\u00e7\u0131-360x202.jpg 360w, https:\/\/akunq.net\/tr\/wp-content\/uploads\/sites\/6\/2021\/07\/Sevag-Bal\u0131k\u00e7\u0131-560x314.jpg 560w, https:\/\/akunq.net\/tr\/wp-content\/uploads\/sites\/6\/2021\/07\/Sevag-Bal\u0131k\u00e7\u0131-260x146.jpg 260w, https:\/\/akunq.net\/tr\/wp-content\/uploads\/sites\/6\/2021\/07\/Sevag-Bal\u0131k\u00e7\u0131-160x90.jpg 160w, https:\/\/akunq.net\/tr\/wp-content\/uploads\/sites\/6\/2021\/07\/Sevag-Bal\u0131k\u00e7\u0131.jpg 731w\" sizes=\"auto, (max-width: 360px) 100vw, 360px\" \/><\/p>\n<p><em><strong>Yarg\u0131tay 1. Ceza Dairesi, askerlik yaparken ayn\u0131 birlikteki K\u0131van\u00e7 A\u011fao\u011flu\u2019nun silah\u0131ndan \u00e7\u0131kan mermiyle hayat\u0131n\u0131 kaybeden Sevag Bal\u0131k\u00e7\u0131 Davas\u0131\u2019nda, san\u0131k A\u011fao\u011flu hakk\u0131nda Batman 1. A\u011f\u0131r Ceza Mahkemesi\u2019nin olas\u0131 kastla \u00f6ld\u00fcrme su\u00e7undan verdi\u011fi 16 y\u0131l 8 ay hapis cezas\u0131n\u0131 onad\u0131.<\/strong><\/em><\/p>\n<p>Yarg\u0131tay b\u00f6ylece Bal\u0131k\u00e7\u0131\u2019n\u0131n kazaen de\u011fil kas\u0131tla \u00f6ld\u00fcr\u00fcld\u00fc\u011f\u00fcn\u00fc h\u00fckme ba\u011flam\u0131\u015f oldu. Bal\u0131k\u00e7\u0131 ailesinin avukatlar\u0131ndan \u0130smail Cem Halavurt, karar\u0131 olumlu bulduklar\u0131n\u0131, ge\u00e7 gelse de adaletin sa\u011fland\u0131\u011f\u0131n\u0131 s\u00f6yledi.<\/p>\n<p>Karar oy \u00e7oklu\u011fu ile al\u0131nd\u0131. Hakim \u00fcye Turgay Ate\u015f, karara kar\u015f\u0131 oy kulland\u0131 ve eyleminin TCK 81. madde ile cezaland\u0131r\u0131lmas\u0131 y\u00f6n\u00fcnde g\u00f6r\u00fc\u015f bildirdi.<\/p>\n<p>Batman&#8217;\u0131n Kozluk il\u00e7esinde askerli\u011fini yaparken 24 Nisan 2011 tarihinde, K\u0131van\u00e7 A\u011fao\u011flu\u2019nun silah\u0131ndan \u00e7\u0131kan kur\u015funla hayat\u0131n\u0131 kaybeden Bal\u0131k\u00e7\u0131\u2019ya ili\u015fkin 2013&#8217;de askeri mahkemede yap\u0131lan ilk yarg\u0131lamada, A\u011fao\u011flu 4 y\u0131l 5 ay hapis cezas\u0131 alm\u0131\u015ft\u0131. Dava ailenin karara itiraz\u0131 sonucunda, 8 \u015eubat 2018\u2019de sivil mahkemede yeniden g\u00f6r\u00fclmeye ba\u015flanm\u0131\u015ft\u0131. Yeniden yarg\u0131lama devam ederken, 15 Temmuz 2016\u2019daki darbe giri\u015fiminden sonra \u00e7\u0131kar\u0131lan 668 say\u0131l\u0131 Kanun H\u00fckm\u00fcnde Kararname ile askeri yarg\u0131 kald\u0131r\u0131ld\u0131. Bu karar\u0131n ard\u0131ndan dosya Bal\u0131k\u00e7\u0131\u2019n\u0131n \u00f6ld\u00fcr\u00fcld\u00fc\u011f\u00fc yer olan Batman\u2019\u0131n Kozluk il\u00e7esine g\u00f6nderildi ve Kozluk Asliye Ceza Mahkemesi\u2019nde 8 \u015eubat\u2019ta yeniden g\u00f6r\u00fclmeye ba\u015fland\u0131.<\/p>\n<p>Bal\u0131k\u00e7\u0131\u2019n\u0131n \u00f6ld\u00fcr\u00fclmesinin ard\u0131ndan, karakolda g\u00f6revli olan di\u011fer askerlerin tan\u0131kl\u0131klar\u0131na da ba\u015fvurulmu\u015ftu. Davada olay\u0131n tan\u0131klar\u0131ndan Halil Ek\u015fi, ilk ifadesinde A\u011fao\u011flu\u2019nun Sevag Bal\u0131k\u00e7\u0131\u2019y\u0131 kasten \u00f6ld\u00fcrd\u00fc\u011f\u00fcn\u00fc s\u00f6ylemi\u015f ancak daha sonra ifadesini de\u011fi\u015ftirmi\u015fti. De\u011fi\u015ftirdi\u011fi ifadesinde, \u201cTart\u0131\u015fma ya da kavga olmad\u0131\u011f\u0131n\u0131, olay\u0131n \u015fakala\u015fmadan sonra meydana geldi\u011fini\u201d s\u00f6ylemi\u015fti.<br \/>\nAncak Bal\u0131k\u00e7\u0131 Ailesi\u2019nin itiraz\u0131 \u00fczerine, Ek\u015fi yeniden ifade vermi\u015f ve bask\u0131 alt\u0131nda ifadesini de\u011fi\u015ftirdi\u011fini s\u00f6ylemi\u015fti. Ek\u015fi hakk\u0131nda \u2018yalanc\u0131 tan\u0131kl\u0131k\u2019 yapmak su\u00e7undan Ayd\u0131n\u2019da dava a\u00e7\u0131lm\u0131\u015ft\u0131. Ayd\u0131n 3. Asliye Ceza Mahkemesi\u2019nde 16 Aral\u0131k 2015\u2019te g\u00f6r\u00fclen duru\u015fmas\u0131nda karar \u00e7\u0131km\u0131\u015ft\u0131. Mahkeme, Halil Ek\u015fi\u2019yi \u2018yalanc\u0131 tan\u0131kl\u0131k\u2019 yapmaktan 2 y\u0131l 1 ay hapis cezas\u0131na \u00e7arpt\u0131rm\u0131\u015ft\u0131.<\/p>\n<p><em><strong>http:\/\/www.agos.com.tr\/tr\/yazi\/25916\/yargitay-sevag-balikci-davasinda-karari-onadi\u00a0<\/strong><\/em><\/p>\n","protected":false},"excerpt":{"rendered":"<p>Yarg\u0131tay 1. Ceza Dairesi, askerlik yaparken ayn\u0131 birlikteki K\u0131van\u00e7 A\u011fao\u011flu\u2019nun silah\u0131ndan \u00e7\u0131kan mermiyle hayat\u0131n\u0131 kaybeden Sevag Bal\u0131k\u00e7\u0131 Davas\u0131\u2019nda, san\u0131k A\u011fao\u011flu hakk\u0131nda Batman 1. A\u011f\u0131r Ceza Mahkemesi\u2019nin olas\u0131 kastla \u00f6ld\u00fcrme su\u00e7undan verdi\u011fi 16 y\u0131l 8 ay hapis cezas\u0131n\u0131 onad\u0131. Yarg\u0131tay b\u00f6ylece Bal\u0131k\u00e7\u0131\u2019n\u0131n kazaen de\u011fil kas\u0131tla \u00f6ld\u00fcr\u00fcld\u00fc\u011f\u00fcn\u00fc h\u00fckme ba\u011flam\u0131\u015f oldu. Bal\u0131k\u00e7\u0131 ailesinin avukatlar\u0131ndan \u0130smail Cem Halavurt, karar\u0131 [&hellip;]<\/p>\n","protected":false},"author":7,"featured_media":63798,"comment_status":"open","ping_status":"open","sticky":false,"template":"","format":"standard","meta":{"footnotes":""},"categories":[1],"tags":[],"class_list":["post-63797","post","type-post","status-publish","format-standard","has-post-thumbnail","hentry","category-haberler"],"yoast_head":"<!-- This site is optimized with the Yoast SEO plugin v27.4 - https:\/\/yoast.com\/product\/yoast-seo-wordpress\/ -->\n<title>Yarg\u0131tay Sevag Bal\u0131k\u00e7\u0131 davas\u0131nda karar\u0131 onad\u0131 - Bati Ermenistan Ve Bati Ermenileri Sorunlari Ara\u015ftirmalar Merkezi<\/title>\n<meta name=\"robots\" content=\"index, follow, max-snippet:-1, max-image-preview:large, max-video-preview:-1\" \/>\n<link rel=\"canonical\" href=\"https:\/\/akunq.net\/tr\/?p=63797\" \/>\n<meta property=\"og:locale\" content=\"en_US\" \/>\n<meta property=\"og:type\" content=\"article\" \/>\n<meta property=\"og:title\" content=\"Yarg\u0131tay Sevag Bal\u0131k\u00e7\u0131 davas\u0131nda karar\u0131 onad\u0131 - Bati Ermenistan Ve Bati Ermenileri Sorunlari Ara\u015ftirmalar Merkezi\" \/>\n<meta property=\"og:description\" content=\"Yarg\u0131tay 1. Ceza Dairesi, askerlik yaparken ayn\u0131 birlikteki K\u0131van\u00e7 A\u011fao\u011flu\u2019nun silah\u0131ndan \u00e7\u0131kan mermiyle hayat\u0131n\u0131 kaybeden Sevag Bal\u0131k\u00e7\u0131 Davas\u0131\u2019nda, san\u0131k A\u011fao\u011flu hakk\u0131nda Batman 1. A\u011f\u0131r Ceza Mahkemesi\u2019nin olas\u0131 kastla \u00f6ld\u00fcrme su\u00e7undan verdi\u011fi 16 y\u0131l 8 ay hapis cezas\u0131n\u0131 onad\u0131. Yarg\u0131tay b\u00f6ylece Bal\u0131k\u00e7\u0131\u2019n\u0131n kazaen de\u011fil kas\u0131tla \u00f6ld\u00fcr\u00fcld\u00fc\u011f\u00fcn\u00fc h\u00fckme ba\u011flam\u0131\u015f oldu. Bal\u0131k\u00e7\u0131 ailesinin avukatlar\u0131ndan \u0130smail Cem Halavurt, karar\u0131 [&hellip;]\" \/>\n<meta property=\"og:url\" content=\"https:\/\/akunq.net\/tr\/?p=63797\" \/>\n<meta property=\"og:site_name\" content=\"Bati Ermenistan Ve Bati Ermenileri Sorunlari Ara\u015ftirmalar Merkezi\" \/>\n<meta property=\"article:published_time\" content=\"2021-07-15T07:09:32+00:00\" \/>\n<meta property=\"og:image\" content=\"https:\/\/akunq.net\/tr\/wp-content\/uploads\/sites\/6\/2021\/07\/Sevag-Bal\u0131k\u00e7\u0131.jpg\" \/>\n\t<meta property=\"og:image:width\" content=\"731\" \/>\n\t<meta property=\"og:image:height\" content=\"410\" \/>\n\t<meta property=\"og:image:type\" content=\"image\/jpeg\" \/>\n<meta name=\"author\" content=\"admin\" \/>\n<meta name=\"twitter:card\" content=\"summary_large_image\" \/>\n<meta name=\"twitter:label1\" content=\"Written by\" \/>\n\t<meta name=\"twitter:data1\" content=\"admin\" \/>\n\t<meta name=\"twitter:label2\" content=\"Est. reading time\" \/>\n\t<meta name=\"twitter:data2\" content=\"2 minutes\" \/>\n<script type=\"application\/ld+json\" class=\"yoast-schema-graph\">{\"@context\":\"https:\\\/\\\/schema.org\",\"@graph\":[{\"@type\":\"Article\",\"@id\":\"https:\\\/\\\/akunq.net\\\/tr\\\/?p=63797#article\",\"isPartOf\":{\"@id\":\"https:\\\/\\\/akunq.net\\\/tr\\\/?p=63797\"},\"author\":{\"name\":\"admin\",\"@id\":\"https:\\\/\\\/akunq.net\\\/tr\\\/#\\\/schema\\\/person\\\/096f1d38a12cce57fb855b485ed24c9e\"},\"headline\":\"Yarg\u0131tay Sevag Bal\u0131k\u00e7\u0131 davas\u0131nda karar\u0131 onad\u0131\",\"datePublished\":\"2021-07-15T07:09:32+00:00\",\"mainEntityOfPage\":{\"@id\":\"https:\\\/\\\/akunq.net\\\/tr\\\/?p=63797\"},\"wordCount\":427,\"commentCount\":0,\"image\":{\"@id\":\"https:\\\/\\\/akunq.net\\\/tr\\\/?p=63797#primaryimage\"},\"thumbnailUrl\":\"https:\\\/\\\/akunq.net\\\/tr\\\/wp-content\\\/uploads\\\/sites\\\/6\\\/2021\\\/07\\\/Sevag-Bal\u0131k\u00e7\u0131.jpg\",\"articleSection\":[\"Haberler\"],\"inLanguage\":\"en-US\",\"potentialAction\":[{\"@type\":\"CommentAction\",\"name\":\"Comment\",\"target\":[\"https:\\\/\\\/akunq.net\\\/tr\\\/?p=63797#respond\"]}]},{\"@type\":\"WebPage\",\"@id\":\"https:\\\/\\\/akunq.net\\\/tr\\\/?p=63797\",\"url\":\"https:\\\/\\\/akunq.net\\\/tr\\\/?p=63797\",\"name\":\"Yarg\u0131tay Sevag Bal\u0131k\u00e7\u0131 davas\u0131nda karar\u0131 onad\u0131 - Bati Ermenistan Ve Bati Ermenileri Sorunlari Ara\u015ftirmalar Merkezi\",\"isPartOf\":{\"@id\":\"https:\\\/\\\/akunq.net\\\/tr\\\/#website\"},\"primaryImageOfPage\":{\"@id\":\"https:\\\/\\\/akunq.net\\\/tr\\\/?p=63797#primaryimage\"},\"image\":{\"@id\":\"https:\\\/\\\/akunq.net\\\/tr\\\/?p=63797#primaryimage\"},\"thumbnailUrl\":\"https:\\\/\\\/akunq.net\\\/tr\\\/wp-content\\\/uploads\\\/sites\\\/6\\\/2021\\\/07\\\/Sevag-Bal\u0131k\u00e7\u0131.jpg\",\"datePublished\":\"2021-07-15T07:09:32+00:00\",\"author\":{\"@id\":\"https:\\\/\\\/akunq.net\\\/tr\\\/#\\\/schema\\\/person\\\/096f1d38a12cce57fb855b485ed24c9e\"},\"breadcrumb\":{\"@id\":\"https:\\\/\\\/akunq.net\\\/tr\\\/?p=63797#breadcrumb\"},\"inLanguage\":\"en-US\",\"potentialAction\":[{\"@type\":\"ReadAction\",\"target\":[\"https:\\\/\\\/akunq.net\\\/tr\\\/?p=63797\"]}]},{\"@type\":\"ImageObject\",\"inLanguage\":\"en-US\",\"@id\":\"https:\\\/\\\/akunq.net\\\/tr\\\/?p=63797#primaryimage\",\"url\":\"https:\\\/\\\/akunq.net\\\/tr\\\/wp-content\\\/uploads\\\/sites\\\/6\\\/2021\\\/07\\\/Sevag-Bal\u0131k\u00e7\u0131.jpg\",\"contentUrl\":\"https:\\\/\\\/akunq.net\\\/tr\\\/wp-content\\\/uploads\\\/sites\\\/6\\\/2021\\\/07\\\/Sevag-Bal\u0131k\u00e7\u0131.jpg\",\"width\":731,\"height\":410},{\"@type\":\"BreadcrumbList\",\"@id\":\"https:\\\/\\\/akunq.net\\\/tr\\\/?p=63797#breadcrumb\",\"itemListElement\":[{\"@type\":\"ListItem\",\"position\":1,\"name\":\"Home\",\"item\":\"https:\\\/\\\/akunq.net\\\/tr\"},{\"@type\":\"ListItem\",\"position\":2,\"name\":\"Yarg\u0131tay Sevag Bal\u0131k\u00e7\u0131 davas\u0131nda karar\u0131 onad\u0131\"}]},{\"@type\":\"WebSite\",\"@id\":\"https:\\\/\\\/akunq.net\\\/tr\\\/#website\",\"url\":\"https:\\\/\\\/akunq.net\\\/tr\\\/\",\"name\":\"Bati Ermenistan Ve Bati Ermenileri Sorunlari Ara\u015ftirmalar Merkezi\",\"description\":\"\",\"potentialAction\":[{\"@type\":\"SearchAction\",\"target\":{\"@type\":\"EntryPoint\",\"urlTemplate\":\"https:\\\/\\\/akunq.net\\\/tr\\\/?s={search_term_string}\"},\"query-input\":{\"@type\":\"PropertyValueSpecification\",\"valueRequired\":true,\"valueName\":\"search_term_string\"}}],\"inLanguage\":\"en-US\"},{\"@type\":\"Person\",\"@id\":\"https:\\\/\\\/akunq.net\\\/tr\\\/#\\\/schema\\\/person\\\/096f1d38a12cce57fb855b485ed24c9e\",\"name\":\"admin\",\"url\":\"https:\\\/\\\/akunq.net\\\/tr\\\/?author=7\"}]}<\/script>\n<!-- \/ Yoast SEO plugin. -->","yoast_head_json":{"title":"Yarg\u0131tay Sevag Bal\u0131k\u00e7\u0131 davas\u0131nda karar\u0131 onad\u0131 - Bati Ermenistan Ve Bati Ermenileri Sorunlari Ara\u015ftirmalar Merkezi","robots":{"index":"index","follow":"follow","max-snippet":"max-snippet:-1","max-image-preview":"max-image-preview:large","max-video-preview":"max-video-preview:-1"},"canonical":"https:\/\/akunq.net\/tr\/?p=63797","og_locale":"en_US","og_type":"article","og_title":"Yarg\u0131tay Sevag Bal\u0131k\u00e7\u0131 davas\u0131nda karar\u0131 onad\u0131 - Bati Ermenistan Ve Bati Ermenileri Sorunlari Ara\u015ftirmalar Merkezi","og_description":"Yarg\u0131tay 1. Ceza Dairesi, askerlik yaparken ayn\u0131 birlikteki K\u0131van\u00e7 A\u011fao\u011flu\u2019nun silah\u0131ndan \u00e7\u0131kan mermiyle hayat\u0131n\u0131 kaybeden Sevag Bal\u0131k\u00e7\u0131 Davas\u0131\u2019nda, san\u0131k A\u011fao\u011flu hakk\u0131nda Batman 1. A\u011f\u0131r Ceza Mahkemesi\u2019nin olas\u0131 kastla \u00f6ld\u00fcrme su\u00e7undan verdi\u011fi 16 y\u0131l 8 ay hapis cezas\u0131n\u0131 onad\u0131. Yarg\u0131tay b\u00f6ylece Bal\u0131k\u00e7\u0131\u2019n\u0131n kazaen de\u011fil kas\u0131tla \u00f6ld\u00fcr\u00fcld\u00fc\u011f\u00fcn\u00fc h\u00fckme ba\u011flam\u0131\u015f oldu. Bal\u0131k\u00e7\u0131 ailesinin avukatlar\u0131ndan \u0130smail Cem Halavurt, karar\u0131 [&hellip;]","og_url":"https:\/\/akunq.net\/tr\/?p=63797","og_site_name":"Bati Ermenistan Ve Bati Ermenileri Sorunlari Ara\u015ftirmalar Merkezi","article_published_time":"2021-07-15T07:09:32+00:00","og_image":[{"width":731,"height":410,"url":"https:\/\/akunq.net\/tr\/wp-content\/uploads\/sites\/6\/2021\/07\/Sevag-Bal\u0131k\u00e7\u0131.jpg","type":"image\/jpeg"}],"author":"admin","twitter_card":"summary_large_image","twitter_misc":{"Written by":"admin","Est. reading time":"2 minutes"},"schema":{"@context":"https:\/\/schema.org","@graph":[{"@type":"Article","@id":"https:\/\/akunq.net\/tr\/?p=63797#article","isPartOf":{"@id":"https:\/\/akunq.net\/tr\/?p=63797"},"author":{"name":"admin","@id":"https:\/\/akunq.net\/tr\/#\/schema\/person\/096f1d38a12cce57fb855b485ed24c9e"},"headline":"Yarg\u0131tay Sevag Bal\u0131k\u00e7\u0131 davas\u0131nda karar\u0131 onad\u0131","datePublished":"2021-07-15T07:09:32+00:00","mainEntityOfPage":{"@id":"https:\/\/akunq.net\/tr\/?p=63797"},"wordCount":427,"commentCount":0,"image":{"@id":"https:\/\/akunq.net\/tr\/?p=63797#primaryimage"},"thumbnailUrl":"https:\/\/akunq.net\/tr\/wp-content\/uploads\/sites\/6\/2021\/07\/Sevag-Bal\u0131k\u00e7\u0131.jpg","articleSection":["Haberler"],"inLanguage":"en-US","potentialAction":[{"@type":"CommentAction","name":"Comment","target":["https:\/\/akunq.net\/tr\/?p=63797#respond"]}]},{"@type":"WebPage","@id":"https:\/\/akunq.net\/tr\/?p=63797","url":"https:\/\/akunq.net\/tr\/?p=63797","name":"Yarg\u0131tay Sevag Bal\u0131k\u00e7\u0131 davas\u0131nda karar\u0131 onad\u0131 - Bati Ermenistan Ve Bati Ermenileri Sorunlari Ara\u015ftirmalar Merkezi","isPartOf":{"@id":"https:\/\/akunq.net\/tr\/#website"},"primaryImageOfPage":{"@id":"https:\/\/akunq.net\/tr\/?p=63797#primaryimage"},"image":{"@id":"https:\/\/akunq.net\/tr\/?p=63797#primaryimage"},"thumbnailUrl":"https:\/\/akunq.net\/tr\/wp-content\/uploads\/sites\/6\/2021\/07\/Sevag-Bal\u0131k\u00e7\u0131.jpg","datePublished":"2021-07-15T07:09:32+00:00","author":{"@id":"https:\/\/akunq.net\/tr\/#\/schema\/person\/096f1d38a12cce57fb855b485ed24c9e"},"breadcrumb":{"@id":"https:\/\/akunq.net\/tr\/?p=63797#breadcrumb"},"inLanguage":"en-US","potentialAction":[{"@type":"ReadAction","target":["https:\/\/akunq.net\/tr\/?p=63797"]}]},{"@type":"ImageObject","inLanguage":"en-US","@id":"https:\/\/akunq.net\/tr\/?p=63797#primaryimage","url":"https:\/\/akunq.net\/tr\/wp-content\/uploads\/sites\/6\/2021\/07\/Sevag-Bal\u0131k\u00e7\u0131.jpg","contentUrl":"https:\/\/akunq.net\/tr\/wp-content\/uploads\/sites\/6\/2021\/07\/Sevag-Bal\u0131k\u00e7\u0131.jpg","width":731,"height":410},{"@type":"BreadcrumbList","@id":"https:\/\/akunq.net\/tr\/?p=63797#breadcrumb","itemListElement":[{"@type":"ListItem","position":1,"name":"Home","item":"https:\/\/akunq.net\/tr"},{"@type":"ListItem","position":2,"name":"Yarg\u0131tay Sevag Bal\u0131k\u00e7\u0131 davas\u0131nda karar\u0131 onad\u0131"}]},{"@type":"WebSite","@id":"https:\/\/akunq.net\/tr\/#website","url":"https:\/\/akunq.net\/tr\/","name":"Bati Ermenistan Ve Bati Ermenileri Sorunlari Ara\u015ftirmalar Merkezi","description":"","potentialAction":[{"@type":"SearchAction","target":{"@type":"EntryPoint","urlTemplate":"https:\/\/akunq.net\/tr\/?s={search_term_string}"},"query-input":{"@type":"PropertyValueSpecification","valueRequired":true,"valueName":"search_term_string"}}],"inLanguage":"en-US"},{"@type":"Person","@id":"https:\/\/akunq.net\/tr\/#\/schema\/person\/096f1d38a12cce57fb855b485ed24c9e","name":"admin","url":"https:\/\/akunq.net\/tr\/?author=7"}]}},"_links":{"self":[{"href":"https:\/\/akunq.net\/tr\/index.php?rest_route=\/wp\/v2\/posts\/63797","targetHints":{"allow":["GET"]}}],"collection":[{"href":"https:\/\/akunq.net\/tr\/index.php?rest_route=\/wp\/v2\/posts"}],"about":[{"href":"https:\/\/akunq.net\/tr\/index.php?rest_route=\/wp\/v2\/types\/post"}],"author":[{"embeddable":true,"href":"https:\/\/akunq.net\/tr\/index.php?rest_route=\/wp\/v2\/users\/7"}],"replies":[{"embeddable":true,"href":"https:\/\/akunq.net\/tr\/index.php?rest_route=%2Fwp%2Fv2%2Fcomments&post=63797"}],"version-history":[{"count":1,"href":"https:\/\/akunq.net\/tr\/index.php?rest_route=\/wp\/v2\/posts\/63797\/revisions"}],"predecessor-version":[{"id":63799,"href":"https:\/\/akunq.net\/tr\/index.php?rest_route=\/wp\/v2\/posts\/63797\/revisions\/63799"}],"wp:featuredmedia":[{"embeddable":true,"href":"https:\/\/akunq.net\/tr\/index.php?rest_route=\/wp\/v2\/media\/63798"}],"wp:attachment":[{"href":"https:\/\/akunq.net\/tr\/index.php?rest_route=%2Fwp%2Fv2%2Fmedia&parent=63797"}],"wp:term":[{"taxonomy":"category","embeddable":true,"href":"https:\/\/akunq.net\/tr\/index.php?rest_route=%2Fwp%2Fv2%2Fcategories&post=63797"},{"taxonomy":"post_tag","embeddable":true,"href":"https:\/\/akunq.net\/tr\/index.php?rest_route=%2Fwp%2Fv2%2Ftags&post=63797"}],"curies":[{"name":"wp","href":"https:\/\/api.w.org\/{rel}","templated":true}]}}