{"id":63732,"date":"2021-07-12T06:49:33","date_gmt":"2021-07-12T11:49:33","guid":{"rendered":"https:\/\/akunq.net\/tr\/?p=63732"},"modified":"2021-07-12T06:49:33","modified_gmt":"2021-07-12T11:49:33","slug":"vartavar-vartevor-kutlu-olsun","status":"publish","type":"post","link":"https:\/\/akunq.net\/tr\/?p=63732","title":{"rendered":"Vartavar\/Vartevor kutlu olsun!"},"content":{"rendered":"<p><img loading=\"lazy\" decoding=\"async\" class=\"aligncenter size-medium wp-image-63733\" src=\"https:\/\/akunq.net\/tr\/wp-content\/uploads\/2021\/07\/Vartavar-1-360x233.jpg\" alt=\"\" width=\"360\" height=\"233\" srcset=\"https:\/\/akunq.net\/tr\/wp-content\/uploads\/sites\/6\/2021\/07\/Vartavar-1-360x233.jpg 360w, https:\/\/akunq.net\/tr\/wp-content\/uploads\/sites\/6\/2021\/07\/Vartavar-1-768x497.jpg 768w, https:\/\/akunq.net\/tr\/wp-content\/uploads\/sites\/6\/2021\/07\/Vartavar-1-560x362.jpg 560w, https:\/\/akunq.net\/tr\/wp-content\/uploads\/sites\/6\/2021\/07\/Vartavar-1-260x168.jpg 260w, https:\/\/akunq.net\/tr\/wp-content\/uploads\/sites\/6\/2021\/07\/Vartavar-1-160x104.jpg 160w, https:\/\/akunq.net\/tr\/wp-content\/uploads\/sites\/6\/2021\/07\/Vartavar-1.jpg 1020w\" sizes=\"auto, (max-width: 360px) 100vw, 360px\" \/><\/p>\n<p><strong>Sarkis Seropyan \u2013 Adnan Gen\u00e7<\/strong><\/p>\n<p><em><strong>Ermeni ve Hem\u015fin halklar\u0131n\u0131n vartevor, vartavar bayram\u0131n\u0131 kutluyoruz.<\/strong><\/em><\/p>\n<p>Bug\u00fcn, Ermeni ve Hem\u015fin halklar\u0131 vartevor bayram\u0131n\u0131 kutluyor. Bu bayram\u0131n nereden geldi\u011fi ve nas\u0131l ortaya \u00e7\u0131kt\u0131\u011f\u0131n\u0131 Agos\u2019a Adnan Gen\u00e7 ve Sarkis Seropyan yazm\u0131\u015ft\u0131.<\/p>\n<p>Gen\u00e7 ve Seropyan\u2019\u0131n an\u0131lar\u0131n\u0131 da sayg\u0131 g\u00f6ndererek, yaz\u0131y\u0131 payla\u015f\u0131yoruz\u2026<\/p>\n<p><strong>Temmuz s\u0131ca\u011f\u0131nda Vartavar serinli\u011fi<\/strong><\/p>\n<p>Ermeni halk\u0131n\u0131n binlerce y\u0131ld\u0131r b\u00fcy\u00fck \u015fenliklerle kutlad\u0131\u011f\u0131 en \u00f6zg\u00fcn ve belki de en eski bayram\u0131 olan Vartavar\u2019\u0131n k\u00f6keninde B\u00fcy\u00fck Tufan yer al\u0131yor, ancak o g\u00fcn her yer, \u00f6zellikle de ibadethaneler renk renk \u00e7i\u00e7ekler, \u00f6zellikle de g\u00fcllerle s\u00fcslenip donat\u0131ld\u0131\u011f\u0131ndan, Ermenicede g\u00fcl anlam\u0131na gelen \u2018vart\u2019 kelimsesinden hareketle, \u2018Vartavar\u2019 denmi\u015f bayram\u0131n ad\u0131na.<\/p>\n<p>Nuh Peygamber\u2019in Tufan\u2019dan kendisini ve ailesini kurtaran Tanr\u0131\u2019ya \u015f\u00fckranlar\u0131n\u0131 sunmak \u00fczere kurban kesip g\u00fcvercin u\u00e7urdu\u011fu o mutlu g\u00fcn\u00fcn y\u0131ld\u00f6n\u00fcm\u00fcnde, Ermeniler ya\u011fmuru an\u0131msamak i\u00e7in birbirlerinin \u00fczerine su atar, dahas\u0131, g\u00f6l ya da akarsulara iterlerdi birbirlerini. Vartavar g\u00fcn\u00fc, kadim Ermeniler b\u00fcy\u00fck \u015fenlikler de d\u00fczenlerdi. Hristiyanl\u0131\u011f\u0131n kabul\u00fcn\u00fcn ard\u0131ndan, dini liderlerin, halk\u0131n al\u0131\u015fkanl\u0131klar\u0131n\u0131 g\u00f6z \u00f6n\u00fcnde bulundurarak, yortular\u0131, pagan d\u00f6nemin Ermeni bayramlar\u0131na ve kutlamalar\u0131na denk getirdiklerini belirtmek gerek.<\/p>\n<p>B\u00f6ylece, Pagan d\u00f6nemin en \u00f6nemli g\u00fcn\u00fc olan Navasart (Y\u0131lba\u015f\u0131), H\u0131ristiyanl\u0131\u011f\u0131n kabul edilmesinden sonra Asdvadzadzin\u2019in (Azize Meryem Ana) vefat\u0131n\u0131n ard\u0131ndan g\u00f6\u011fe al\u0131n\u0131\u015f\u0131, yani Verapokhum ile \u00e7ak\u0131\u015ft\u0131r\u0131lm\u0131\u015f. Her y\u0131l A\u011fustos ortalar\u0131nda yeni y\u0131l\u0131n \u015f\u00fckran duas\u0131na \u00e7\u0131kan insanlar bu kez de \u00fcz\u00fcm\u00fcn kutsanmas\u0131 i\u00e7in kiliselerde dua etmeyi \u00e2det edinmi\u015fler ve Vartavar, H\u0131ristiyanl\u0131\u011f\u0131 Ermenilere resmen kabul ettiren Aziz Krikor Lusavori\u00e7\u2019in (Ayd\u0131nlat\u0131c\u0131) o tarihte Aziz Karapet\u2019in mezar\u0131n\u0131 Kayseri\u2019den Mu\u015f\u2019a nakletmesi \u00fczerine Surp Karapet yortusuyla, ve ayn\u0131 zamanda \u0130sa Mesih\u2019in suret de\u011fi\u015ftirmesi ile de \u00f6rt\u00fc\u015ft\u00fcr\u00fcl\u00fcp kutlanmaya ba\u015flam\u0131\u015f. Her \u015feye ra\u011fmen, pagan gelenek ve g\u00f6renekleri tamamen yok olmam\u0131\u015f; g\u00fcn\u00fcm\u00fczde insanlar Vartavar\u2019da birbirlerini \u0131slatmay\u0131 ve baz\u0131 yerlerde g\u00fcvercin u\u00e7urmay\u0131 s\u00fcrd\u00fcr\u00fcyor.<\/p>\n<p>Ermeni halk\u0131na \u00f6zg\u00fc bu belki de en eski bayram\u0131 Ermeniler d\u0131\u015f\u0131nda kutlayan tek topluluk, Do\u011fu Karadeniz yaylalar\u0131n\u0131 yurt edinmi\u015f olan Hem\u015finliler.<\/p>\n<p>Vartavar\u2019\u0131n \u2018Vartevor\u2019a d\u00f6n\u00fc\u015ft\u00fc\u011f\u00fc bu \u015fenli\u011fin Ba\u015f Hem\u015fin ve \u00c7aml\u0131 Hem\u015fin yaylalar\u0131ndan g\u00f6r\u00fcn\u00fc\u015f\u00fcn\u00fc, bir Hem\u015finlinin kaleminden okuyal\u0131m istedik\u2026<\/p>\n<p><strong>Hem\u015finli\u2019nin Vartevor\u2019u<\/strong><\/p>\n<p>Bizim Vartevor da uzun y\u0131llar \u00f6ncesinin, ge\u00e7mi\u015f hayatlar\u0131m\u0131z\u0131n izlerinin en renkli g\u00fcnlerinden biri. Birka\u00e7 g\u00fcn s\u00fcrmesine kimse engel olmad\u0131\u011f\u0131 gibi, \u015fimdilerde de ya\u015fatmak i\u00e7in \u015fenlikler, festivaller d\u00fczenlenen bir etkinlikler toplam\u0131\u2026 En g\u00f6zde g\u00fcnlerimizden biri ama, hen\u00fcz unutulmasa da, pek \u00e7ok gelenek ve g\u00f6renek gibi, bir bilene sorulmas\u0131 gereken g\u00fcnl\u00fck hayat rit\u00fcellerimizden biri\u2026 Ad\u0131 ve an\u0131s\u0131 ya\u015fat\u0131ls\u0131n diye u\u011fra\u015f\u0131l\u0131r ama ger\u00e7ekte nedir, ne kadar bizimdir ve gelece\u011fe ta\u015f\u0131nmal\u0131d\u0131r sorular\u0131 bi\u2019miktar ortadad\u0131r. Pek \u00e7ok ba\u015fka Hem\u015fin rit\u00fcelinin h\u0131zla geride kal\u0131yor olmas\u0131 gibi\u2026 Teknoloji, televizyon ve hayattan beklentiler art\u0131p de\u011fi\u015fince, herhangi bir uluslararas\u0131 \u015fampiyonay\u0131 izlemek, onun \u00fczerine konu\u015fmak, daha \u00e7ok beklenen ve heyecanla \u00f6zlenen \u015feyler olabiliyor. Oldu da.<\/p>\n<p>\u2018Vartevor\u2019 genel bir isimdir ama Hem\u015finlilik k\u00fclt\u00fcr\u00fcn\u00fcn ba\u015flad\u0131\u011f\u0131 co\u011frafyam\u0131z\u0131n en bat\u0131s\u0131ndaki \u00c7ayeli\/Senoz\u2019da \u2018behur\u2019 derler. Ot bi\u00e7me ile hasat toplama g\u00fcnleri aras\u0131nda ayn\u0131 yaylaya giden k\u00f6yler, kararla\u015ft\u0131r\u0131lm\u0131\u015f bir g\u00fcnde ve herkese uygun ortak bir noktada bulu\u015furlard\u0131. En g\u00fczel elbiseler giyilirdi. Kat\u0131rlar g\u00fczelce s\u00fcslenir, taylar\u0131n alt\u0131na \u00e7\u0131rnaklar tak\u0131l\u0131r, al\u0131nlar\u0131na aynal\u0131 al\u0131nl\u0131klar, boyunlar\u0131na p\u00fcsk\u00fcll\u00fc boyunluklar tak\u0131l\u0131rd\u0131. Hava g\u00fcne\u015fliyse renkli \u015femsiyeler a\u00e7\u0131l\u0131r, g\u00fcle oynaya gidilirdi yaylaya. Yol boyunca tulumcu e\u015fli\u011finde horonlar oynan\u0131r, t\u00fcrk\u00fcler s\u00f6ylenirdi.<\/p>\n<p>Yayladan g\u00f6r\u00fcnmeyen bir toplanma yerinde herkes birbirini beklerdi ve tulum e\u015fli\u011finde yaylaya do\u011fru y\u00fcr\u00fcn\u00fcrd\u00fc. Her k\u00f6y\u00fcn paglar\u0131 farkl\u0131 yerlerdeydi; ayr\u0131m yerinden \u00f6nce yayladakiler, a\u015fa\u011f\u0131dan gelenler yukar\u0131dan mermi yakard\u0131 ama ayr\u0131m yerinden sonra bu kez de gelenler birbirleriyle mermi rekabetine girerlerdi. Behurlar gen\u00e7lerin birbirini tan\u0131d\u0131\u011f\u0131, sevdal\u0131k etti\u011fi, \u00f6zel zamanlard\u0131. Belli yerlerde toplan\u0131l\u0131p e\u011flenilir, \u00f6k\u00fcz d\u00f6v\u00fc\u015fleri d\u00fczenlenirdi \u2013 hem kendi aralar\u0131nda, hem de kom\u015fu yaylalarla.<\/p>\n<p>Bunu eskiden Vartevor \u015fenlikleri ba\u011flam\u0131nda yapard\u0131k ama pek \u00e7ok nedenle benzer etkinlikler h\u00e2l\u00e2 yap\u0131l\u0131r. D\u00fc\u011f\u00fcn dernek i\u015fleri de buna benzer.<\/p>\n<p>Bizlerde, Ermeni karde\u015flerimizde oldu\u011fu gibi \u2018su\u2019lu \u015fakalar olmaz, yoktur. Ama Vartevor\u2019un bereketi temsil eden bir g\u00fcn oldu\u011fu bilinir ve bu g\u00fcne bu ba\u011flamda sahip \u00e7\u0131k\u0131l\u0131r.<\/p>\n<p><em><strong>https:\/\/bianet.org\/bianet\/insan-haklari\/247085-vartavar-vartevor-kutlu-olsun?bia_source=rss\u00a0<\/strong><\/em><\/p>\n","protected":false},"excerpt":{"rendered":"<p>Sarkis Seropyan \u2013 Adnan Gen\u00e7 Ermeni ve Hem\u015fin halklar\u0131n\u0131n vartevor, vartavar bayram\u0131n\u0131 kutluyoruz. Bug\u00fcn, Ermeni ve Hem\u015fin halklar\u0131 vartevor bayram\u0131n\u0131 kutluyor. Bu bayram\u0131n nereden geldi\u011fi ve nas\u0131l ortaya \u00e7\u0131kt\u0131\u011f\u0131n\u0131 Agos\u2019a Adnan Gen\u00e7 ve Sarkis Seropyan yazm\u0131\u015ft\u0131. Gen\u00e7 ve Seropyan\u2019\u0131n an\u0131lar\u0131n\u0131 da sayg\u0131 g\u00f6ndererek, yaz\u0131y\u0131 payla\u015f\u0131yoruz\u2026 Temmuz s\u0131ca\u011f\u0131nda Vartavar serinli\u011fi Ermeni halk\u0131n\u0131n binlerce y\u0131ld\u0131r b\u00fcy\u00fck \u015fenliklerle [&hellip;]<\/p>\n","protected":false},"author":7,"featured_media":63733,"comment_status":"open","ping_status":"open","sticky":false,"template":"","format":"standard","meta":{"footnotes":""},"categories":[58,17,1,64,70],"tags":[],"class_list":["post-63732","post","type-post","status-publish","format-standard","has-post-thumbnail","hentry","category-bayramlar","category-gelenekler","category-haberler","category-hemsin-ve-hemsinliler","category-makaleler"],"yoast_head":"<!-- This site is optimized with the Yoast SEO plugin v27.4 - https:\/\/yoast.com\/product\/yoast-seo-wordpress\/ -->\n<title>Vartavar\/Vartevor kutlu olsun! - Bati Ermenistan Ve Bati Ermenileri Sorunlari Ara\u015ftirmalar Merkezi<\/title>\n<meta name=\"robots\" content=\"index, follow, max-snippet:-1, max-image-preview:large, max-video-preview:-1\" \/>\n<link rel=\"canonical\" href=\"https:\/\/akunq.net\/tr\/?p=63732\" \/>\n<meta property=\"og:locale\" content=\"en_US\" \/>\n<meta property=\"og:type\" content=\"article\" \/>\n<meta property=\"og:title\" content=\"Vartavar\/Vartevor kutlu olsun! - Bati Ermenistan Ve Bati Ermenileri Sorunlari Ara\u015ftirmalar Merkezi\" \/>\n<meta property=\"og:description\" content=\"Sarkis Seropyan \u2013 Adnan Gen\u00e7 Ermeni ve Hem\u015fin halklar\u0131n\u0131n vartevor, vartavar bayram\u0131n\u0131 kutluyoruz. Bug\u00fcn, Ermeni ve Hem\u015fin halklar\u0131 vartevor bayram\u0131n\u0131 kutluyor. Bu bayram\u0131n nereden geldi\u011fi ve nas\u0131l ortaya \u00e7\u0131kt\u0131\u011f\u0131n\u0131 Agos\u2019a Adnan Gen\u00e7 ve Sarkis Seropyan yazm\u0131\u015ft\u0131. Gen\u00e7 ve Seropyan\u2019\u0131n an\u0131lar\u0131n\u0131 da sayg\u0131 g\u00f6ndererek, yaz\u0131y\u0131 payla\u015f\u0131yoruz\u2026 Temmuz s\u0131ca\u011f\u0131nda Vartavar serinli\u011fi Ermeni halk\u0131n\u0131n binlerce y\u0131ld\u0131r b\u00fcy\u00fck \u015fenliklerle [&hellip;]\" \/>\n<meta property=\"og:url\" content=\"https:\/\/akunq.net\/tr\/?p=63732\" \/>\n<meta property=\"og:site_name\" content=\"Bati Ermenistan Ve Bati Ermenileri Sorunlari Ara\u015ftirmalar Merkezi\" \/>\n<meta property=\"article:published_time\" content=\"2021-07-12T11:49:33+00:00\" \/>\n<meta property=\"og:image\" content=\"https:\/\/akunq.net\/tr\/wp-content\/uploads\/sites\/6\/2021\/07\/Vartavar-1.jpg\" \/>\n\t<meta property=\"og:image:width\" content=\"1020\" \/>\n\t<meta property=\"og:image:height\" content=\"660\" \/>\n\t<meta property=\"og:image:type\" content=\"image\/jpeg\" \/>\n<meta name=\"author\" content=\"admin\" \/>\n<meta name=\"twitter:card\" content=\"summary_large_image\" \/>\n<meta name=\"twitter:label1\" content=\"Written by\" \/>\n\t<meta name=\"twitter:data1\" content=\"admin\" \/>\n\t<meta name=\"twitter:label2\" content=\"Est. reading time\" \/>\n\t<meta name=\"twitter:data2\" content=\"4 minutes\" \/>\n<script type=\"application\/ld+json\" class=\"yoast-schema-graph\">{\"@context\":\"https:\\\/\\\/schema.org\",\"@graph\":[{\"@type\":\"Article\",\"@id\":\"https:\\\/\\\/akunq.net\\\/tr\\\/?p=63732#article\",\"isPartOf\":{\"@id\":\"https:\\\/\\\/akunq.net\\\/tr\\\/?p=63732\"},\"author\":{\"name\":\"admin\",\"@id\":\"https:\\\/\\\/akunq.net\\\/tr\\\/#\\\/schema\\\/person\\\/096f1d38a12cce57fb855b485ed24c9e\"},\"headline\":\"Vartavar\\\/Vartevor kutlu olsun!\",\"datePublished\":\"2021-07-12T11:49:33+00:00\",\"mainEntityOfPage\":{\"@id\":\"https:\\\/\\\/akunq.net\\\/tr\\\/?p=63732\"},\"wordCount\":885,\"commentCount\":0,\"image\":{\"@id\":\"https:\\\/\\\/akunq.net\\\/tr\\\/?p=63732#primaryimage\"},\"thumbnailUrl\":\"https:\\\/\\\/akunq.net\\\/tr\\\/wp-content\\\/uploads\\\/sites\\\/6\\\/2021\\\/07\\\/Vartavar-1.jpg\",\"articleSection\":[\"Bayramlar-Yortular\",\"Gelenekler\",\"Haberler\",\"Hem\u015fin ve Hem\u015finliler\",\"Makaleler\"],\"inLanguage\":\"en-US\",\"potentialAction\":[{\"@type\":\"CommentAction\",\"name\":\"Comment\",\"target\":[\"https:\\\/\\\/akunq.net\\\/tr\\\/?p=63732#respond\"]}]},{\"@type\":\"WebPage\",\"@id\":\"https:\\\/\\\/akunq.net\\\/tr\\\/?p=63732\",\"url\":\"https:\\\/\\\/akunq.net\\\/tr\\\/?p=63732\",\"name\":\"Vartavar\\\/Vartevor kutlu olsun! - Bati Ermenistan Ve Bati Ermenileri Sorunlari Ara\u015ftirmalar Merkezi\",\"isPartOf\":{\"@id\":\"https:\\\/\\\/akunq.net\\\/tr\\\/#website\"},\"primaryImageOfPage\":{\"@id\":\"https:\\\/\\\/akunq.net\\\/tr\\\/?p=63732#primaryimage\"},\"image\":{\"@id\":\"https:\\\/\\\/akunq.net\\\/tr\\\/?p=63732#primaryimage\"},\"thumbnailUrl\":\"https:\\\/\\\/akunq.net\\\/tr\\\/wp-content\\\/uploads\\\/sites\\\/6\\\/2021\\\/07\\\/Vartavar-1.jpg\",\"datePublished\":\"2021-07-12T11:49:33+00:00\",\"author\":{\"@id\":\"https:\\\/\\\/akunq.net\\\/tr\\\/#\\\/schema\\\/person\\\/096f1d38a12cce57fb855b485ed24c9e\"},\"breadcrumb\":{\"@id\":\"https:\\\/\\\/akunq.net\\\/tr\\\/?p=63732#breadcrumb\"},\"inLanguage\":\"en-US\",\"potentialAction\":[{\"@type\":\"ReadAction\",\"target\":[\"https:\\\/\\\/akunq.net\\\/tr\\\/?p=63732\"]}]},{\"@type\":\"ImageObject\",\"inLanguage\":\"en-US\",\"@id\":\"https:\\\/\\\/akunq.net\\\/tr\\\/?p=63732#primaryimage\",\"url\":\"https:\\\/\\\/akunq.net\\\/tr\\\/wp-content\\\/uploads\\\/sites\\\/6\\\/2021\\\/07\\\/Vartavar-1.jpg\",\"contentUrl\":\"https:\\\/\\\/akunq.net\\\/tr\\\/wp-content\\\/uploads\\\/sites\\\/6\\\/2021\\\/07\\\/Vartavar-1.jpg\",\"width\":1020,\"height\":660},{\"@type\":\"BreadcrumbList\",\"@id\":\"https:\\\/\\\/akunq.net\\\/tr\\\/?p=63732#breadcrumb\",\"itemListElement\":[{\"@type\":\"ListItem\",\"position\":1,\"name\":\"Home\",\"item\":\"https:\\\/\\\/akunq.net\\\/tr\"},{\"@type\":\"ListItem\",\"position\":2,\"name\":\"Vartavar\\\/Vartevor kutlu olsun!\"}]},{\"@type\":\"WebSite\",\"@id\":\"https:\\\/\\\/akunq.net\\\/tr\\\/#website\",\"url\":\"https:\\\/\\\/akunq.net\\\/tr\\\/\",\"name\":\"Bati Ermenistan Ve Bati Ermenileri Sorunlari Ara\u015ftirmalar Merkezi\",\"description\":\"\",\"potentialAction\":[{\"@type\":\"SearchAction\",\"target\":{\"@type\":\"EntryPoint\",\"urlTemplate\":\"https:\\\/\\\/akunq.net\\\/tr\\\/?s={search_term_string}\"},\"query-input\":{\"@type\":\"PropertyValueSpecification\",\"valueRequired\":true,\"valueName\":\"search_term_string\"}}],\"inLanguage\":\"en-US\"},{\"@type\":\"Person\",\"@id\":\"https:\\\/\\\/akunq.net\\\/tr\\\/#\\\/schema\\\/person\\\/096f1d38a12cce57fb855b485ed24c9e\",\"name\":\"admin\",\"url\":\"https:\\\/\\\/akunq.net\\\/tr\\\/?author=7\"}]}<\/script>\n<!-- \/ Yoast SEO plugin. -->","yoast_head_json":{"title":"Vartavar\/Vartevor kutlu olsun! - Bati Ermenistan Ve Bati Ermenileri Sorunlari Ara\u015ftirmalar Merkezi","robots":{"index":"index","follow":"follow","max-snippet":"max-snippet:-1","max-image-preview":"max-image-preview:large","max-video-preview":"max-video-preview:-1"},"canonical":"https:\/\/akunq.net\/tr\/?p=63732","og_locale":"en_US","og_type":"article","og_title":"Vartavar\/Vartevor kutlu olsun! - Bati Ermenistan Ve Bati Ermenileri Sorunlari Ara\u015ftirmalar Merkezi","og_description":"Sarkis Seropyan \u2013 Adnan Gen\u00e7 Ermeni ve Hem\u015fin halklar\u0131n\u0131n vartevor, vartavar bayram\u0131n\u0131 kutluyoruz. Bug\u00fcn, Ermeni ve Hem\u015fin halklar\u0131 vartevor bayram\u0131n\u0131 kutluyor. Bu bayram\u0131n nereden geldi\u011fi ve nas\u0131l ortaya \u00e7\u0131kt\u0131\u011f\u0131n\u0131 Agos\u2019a Adnan Gen\u00e7 ve Sarkis Seropyan yazm\u0131\u015ft\u0131. Gen\u00e7 ve Seropyan\u2019\u0131n an\u0131lar\u0131n\u0131 da sayg\u0131 g\u00f6ndererek, yaz\u0131y\u0131 payla\u015f\u0131yoruz\u2026 Temmuz s\u0131ca\u011f\u0131nda Vartavar serinli\u011fi Ermeni halk\u0131n\u0131n binlerce y\u0131ld\u0131r b\u00fcy\u00fck \u015fenliklerle [&hellip;]","og_url":"https:\/\/akunq.net\/tr\/?p=63732","og_site_name":"Bati Ermenistan Ve Bati Ermenileri Sorunlari Ara\u015ftirmalar Merkezi","article_published_time":"2021-07-12T11:49:33+00:00","og_image":[{"width":1020,"height":660,"url":"https:\/\/akunq.net\/tr\/wp-content\/uploads\/sites\/6\/2021\/07\/Vartavar-1.jpg","type":"image\/jpeg"}],"author":"admin","twitter_card":"summary_large_image","twitter_misc":{"Written by":"admin","Est. reading time":"4 minutes"},"schema":{"@context":"https:\/\/schema.org","@graph":[{"@type":"Article","@id":"https:\/\/akunq.net\/tr\/?p=63732#article","isPartOf":{"@id":"https:\/\/akunq.net\/tr\/?p=63732"},"author":{"name":"admin","@id":"https:\/\/akunq.net\/tr\/#\/schema\/person\/096f1d38a12cce57fb855b485ed24c9e"},"headline":"Vartavar\/Vartevor kutlu olsun!","datePublished":"2021-07-12T11:49:33+00:00","mainEntityOfPage":{"@id":"https:\/\/akunq.net\/tr\/?p=63732"},"wordCount":885,"commentCount":0,"image":{"@id":"https:\/\/akunq.net\/tr\/?p=63732#primaryimage"},"thumbnailUrl":"https:\/\/akunq.net\/tr\/wp-content\/uploads\/sites\/6\/2021\/07\/Vartavar-1.jpg","articleSection":["Bayramlar-Yortular","Gelenekler","Haberler","Hem\u015fin ve Hem\u015finliler","Makaleler"],"inLanguage":"en-US","potentialAction":[{"@type":"CommentAction","name":"Comment","target":["https:\/\/akunq.net\/tr\/?p=63732#respond"]}]},{"@type":"WebPage","@id":"https:\/\/akunq.net\/tr\/?p=63732","url":"https:\/\/akunq.net\/tr\/?p=63732","name":"Vartavar\/Vartevor kutlu olsun! - Bati Ermenistan Ve Bati Ermenileri Sorunlari Ara\u015ftirmalar Merkezi","isPartOf":{"@id":"https:\/\/akunq.net\/tr\/#website"},"primaryImageOfPage":{"@id":"https:\/\/akunq.net\/tr\/?p=63732#primaryimage"},"image":{"@id":"https:\/\/akunq.net\/tr\/?p=63732#primaryimage"},"thumbnailUrl":"https:\/\/akunq.net\/tr\/wp-content\/uploads\/sites\/6\/2021\/07\/Vartavar-1.jpg","datePublished":"2021-07-12T11:49:33+00:00","author":{"@id":"https:\/\/akunq.net\/tr\/#\/schema\/person\/096f1d38a12cce57fb855b485ed24c9e"},"breadcrumb":{"@id":"https:\/\/akunq.net\/tr\/?p=63732#breadcrumb"},"inLanguage":"en-US","potentialAction":[{"@type":"ReadAction","target":["https:\/\/akunq.net\/tr\/?p=63732"]}]},{"@type":"ImageObject","inLanguage":"en-US","@id":"https:\/\/akunq.net\/tr\/?p=63732#primaryimage","url":"https:\/\/akunq.net\/tr\/wp-content\/uploads\/sites\/6\/2021\/07\/Vartavar-1.jpg","contentUrl":"https:\/\/akunq.net\/tr\/wp-content\/uploads\/sites\/6\/2021\/07\/Vartavar-1.jpg","width":1020,"height":660},{"@type":"BreadcrumbList","@id":"https:\/\/akunq.net\/tr\/?p=63732#breadcrumb","itemListElement":[{"@type":"ListItem","position":1,"name":"Home","item":"https:\/\/akunq.net\/tr"},{"@type":"ListItem","position":2,"name":"Vartavar\/Vartevor kutlu olsun!"}]},{"@type":"WebSite","@id":"https:\/\/akunq.net\/tr\/#website","url":"https:\/\/akunq.net\/tr\/","name":"Bati Ermenistan Ve Bati Ermenileri Sorunlari Ara\u015ftirmalar Merkezi","description":"","potentialAction":[{"@type":"SearchAction","target":{"@type":"EntryPoint","urlTemplate":"https:\/\/akunq.net\/tr\/?s={search_term_string}"},"query-input":{"@type":"PropertyValueSpecification","valueRequired":true,"valueName":"search_term_string"}}],"inLanguage":"en-US"},{"@type":"Person","@id":"https:\/\/akunq.net\/tr\/#\/schema\/person\/096f1d38a12cce57fb855b485ed24c9e","name":"admin","url":"https:\/\/akunq.net\/tr\/?author=7"}]}},"_links":{"self":[{"href":"https:\/\/akunq.net\/tr\/index.php?rest_route=\/wp\/v2\/posts\/63732","targetHints":{"allow":["GET"]}}],"collection":[{"href":"https:\/\/akunq.net\/tr\/index.php?rest_route=\/wp\/v2\/posts"}],"about":[{"href":"https:\/\/akunq.net\/tr\/index.php?rest_route=\/wp\/v2\/types\/post"}],"author":[{"embeddable":true,"href":"https:\/\/akunq.net\/tr\/index.php?rest_route=\/wp\/v2\/users\/7"}],"replies":[{"embeddable":true,"href":"https:\/\/akunq.net\/tr\/index.php?rest_route=%2Fwp%2Fv2%2Fcomments&post=63732"}],"version-history":[{"count":1,"href":"https:\/\/akunq.net\/tr\/index.php?rest_route=\/wp\/v2\/posts\/63732\/revisions"}],"predecessor-version":[{"id":63734,"href":"https:\/\/akunq.net\/tr\/index.php?rest_route=\/wp\/v2\/posts\/63732\/revisions\/63734"}],"wp:featuredmedia":[{"embeddable":true,"href":"https:\/\/akunq.net\/tr\/index.php?rest_route=\/wp\/v2\/media\/63733"}],"wp:attachment":[{"href":"https:\/\/akunq.net\/tr\/index.php?rest_route=%2Fwp%2Fv2%2Fmedia&parent=63732"}],"wp:term":[{"taxonomy":"category","embeddable":true,"href":"https:\/\/akunq.net\/tr\/index.php?rest_route=%2Fwp%2Fv2%2Fcategories&post=63732"},{"taxonomy":"post_tag","embeddable":true,"href":"https:\/\/akunq.net\/tr\/index.php?rest_route=%2Fwp%2Fv2%2Ftags&post=63732"}],"curies":[{"name":"wp","href":"https:\/\/api.w.org\/{rel}","templated":true}]}}