{"id":63715,"date":"2021-07-09T02:44:18","date_gmt":"2021-07-09T07:44:18","guid":{"rendered":"https:\/\/akunq.net\/tr\/?p=63715"},"modified":"2021-07-09T02:44:18","modified_gmt":"2021-07-09T07:44:18","slug":"define-avciligi-yapan-karakol-komutani-ve-yardimcisi-gorevden-alindi","status":"publish","type":"post","link":"https:\/\/akunq.net\/tr\/?p=63715","title":{"rendered":"\u2018Define avc\u0131l\u0131\u011f\u0131\u2019 yapan karakol komutan\u0131 ve yard\u0131mc\u0131s\u0131 g\u00f6revden al\u0131nd\u0131"},"content":{"rendered":"<p><img loading=\"lazy\" decoding=\"async\" class=\"aligncenter size-medium wp-image-63716\" src=\"https:\/\/akunq.net\/tr\/wp-content\/uploads\/2021\/07\/Define-avc\u0131l\u0131\u011f\u0131-360x208.jpg\" alt=\"\" width=\"360\" height=\"208\" srcset=\"https:\/\/akunq.net\/tr\/wp-content\/uploads\/sites\/6\/2021\/07\/Define-avc\u0131l\u0131\u011f\u0131-360x208.jpg 360w, https:\/\/akunq.net\/tr\/wp-content\/uploads\/sites\/6\/2021\/07\/Define-avc\u0131l\u0131\u011f\u0131-768x444.jpg 768w, https:\/\/akunq.net\/tr\/wp-content\/uploads\/sites\/6\/2021\/07\/Define-avc\u0131l\u0131\u011f\u0131-560x324.jpg 560w, https:\/\/akunq.net\/tr\/wp-content\/uploads\/sites\/6\/2021\/07\/Define-avc\u0131l\u0131\u011f\u0131-260x150.jpg 260w, https:\/\/akunq.net\/tr\/wp-content\/uploads\/sites\/6\/2021\/07\/Define-avc\u0131l\u0131\u011f\u0131-160x93.jpg 160w, https:\/\/akunq.net\/tr\/wp-content\/uploads\/sites\/6\/2021\/07\/Define-avc\u0131l\u0131\u011f\u0131.jpg 800w\" sizes=\"auto, (max-width: 360px) 100vw, 360px\" \/><\/p>\n<p><strong><em>Dara Karakol Komutan\u0131 S\u00fcleyman K. ile yard\u0131mc\u0131s\u0131 Mehmet A.\u2019n\u0131n, define avc\u0131l\u0131\u011f\u0131 nedeniyle sessiz sedas\u0131z g\u00f6revden al\u0131nd\u0131\u011f\u0131 ortaya \u00e7\u0131kt\u0131.<\/em><\/strong><\/p>\n<p>Mardin\u2019in Artuklu il\u00e7esine ba\u011fl\u0131 Dara antik kentinin bulundu\u011fu O\u011fuz K\u00f6y\u00fc Karakol Komutan\u0131 Astsubay S\u00fcleyman K. ile yard\u0131mc\u0131s\u0131 Astsubay Mehmet A.\u2019n\u0131n da aralar\u0131nda oldu\u011fu 21 ki\u015filik \u015febeke, \u201cDefine avc\u0131l\u0131\u011f\u0131\u201d su\u00e7undan 19 Haziran\u2019da g\u00f6zalt\u0131na al\u0131nd\u0131. Dara ve Yardere (Qurd\u00eese) k\u0131rsal mahallesi aras\u0131ndaki b\u00f6lgede 3 ay boyunca define arad\u0131klar\u0131 tespit edilen ki\u015filer, b\u00f6lge sakinlerine \u201cSo\u011fuk hava deposu in\u015fa ediyoruz\u201d diyerek, b\u00f6lgede define arama \u00e7al\u0131\u015fmalar\u0131n\u0131 s\u00fcrd\u00fcrd\u00fc.<\/p>\n<p><strong>\u015e\u0130KAYETLER D\u0130KKATE ALINMADI<\/strong><\/p>\n<p>Ahmet Kanbal\u2019\u0131n Mezopotamya Ajans\u0131\u2019nda yer alan habere g\u00f6re, b\u00f6lgede yap\u0131lan kaz\u0131lardan \u015f\u00fcphelenen k\u00f6yl\u00fcler, 4 kez O\u011fuz Jandarma Karakolu\u2019na \u015fikayette bulundu ancak define aramas\u0131na devam edildi. B\u00f6lgeye giden jandarma, k\u00f6yl\u00fclere b\u00f6lgedeki \u00e7al\u0131\u015fmadan haberdar oldu\u011fu bilgisini verdi. \u015eikayetlerden sonu\u00e7 alamayan k\u00f6yl\u00fcler, durumu M\u00fcze M\u00fcd\u00fcrl\u00fc\u011f\u00fc ile Cumhurba\u015fkanl\u0131\u011f\u0131 \u0130leti\u015fim Merkezi\u2019ne (C\u0130MER) bildirdi. K\u00f6yl\u00fclerin giri\u015fimleri sonucunda Mardin Cumhuriyet Ba\u015fsavc\u0131l\u0131\u011f\u0131, soru\u015fturma ba\u015flatarak, \u015f\u00fcpheliler teknik ve fiziki takibe al\u0131nd\u0131. Y\u00fcr\u00fct\u00fclen soru\u015fturman\u0131n ard\u0131ndan savc\u0131l\u0131k talimat\u0131yla 21 ki\u015fi g\u00f6zalt\u0131na al\u0131nd\u0131.<\/p>\n<p><strong>G\u00d6REVDEN ALINDILAR<\/strong><\/p>\n<p>4 g\u00fcnl\u00fck g\u00f6zalt\u0131 s\u00fcresi sonras\u0131nda ifade i\u015flemlerinin tamamlanan aralar\u0131nda Karakol Komutan\u0131 Astsubay S\u00fcleyman K. ile yard\u0131mc\u0131s\u0131 Astsubay Mehmet A.\u2019n\u0131n da oldu\u011fu 21 ki\u015fi, 22 Haziran\u2019da adli kontrol \u015fart\u0131 ile serbest b\u0131rak\u0131ld\u0131. S\u00fcleyman K. ile Mehmet A., soru\u015fturman\u0131n ard\u0131ndan sesiz sedas\u0131z bir \u015fekilde g\u00f6revden al\u0131nd\u0131.<\/p>\n<p><strong>KARAKOL KOMUTANININ SAVUNMASI<\/strong><\/p>\n<p>S\u00fcleyman K., ifadesinde b\u00f6lgedeki kaz\u0131yla ilgili 4 kez i\u015flem yapt\u0131klar\u0131n\u0131 ve ilgili yerlere bildirdiklerini s\u00f6yledi. Kaz\u0131 yap\u0131lan alan\u0131n S\u0130T alan\u0131 olmamas\u0131n\u0131 gerek\u00e7e g\u00f6steren S\u00fcleyman K., \u015fah\u0131s arazisi oldu\u011funu ve kendisinin orada in\u015faat kaz\u0131s\u0131 yap\u0131ld\u0131\u011f\u0131 y\u00f6n\u00fcnde bilgisi oldu\u011funu savundu. Kaz\u0131n\u0131n ba\u015f\u0131nda olan ki\u015fiyle g\u00f6r\u00fc\u015fmelerine ili\u015fkin de in\u015faat kaz\u0131s\u0131 ile alakal\u0131 oldu\u011funu belirten S\u00fcleyman K., \u201cBana tapuyu getirdi\u011finde asayi\u015f i\u00e7in bir sorun olup olmad\u0131\u011f\u0131n\u0131 sordu ben de olmad\u0131\u011f\u0131n\u0131 s\u00f6yledim\u201d dedi.<\/p>\n<p><strong>KOMUTANIN HABER\u0130 VARDI<\/strong><\/p>\n<p>S\u00fcleyman K.\u2019nin savunmas\u0131n\u0131n aksine Astsubay Mehmet A. ise, \u201cYap\u0131lan b\u00fct\u00fcn i\u015flemler komutan\u0131m\u0131z S\u00fcleyman K. taraf\u0131ndan onaylanmaktad\u0131r. S\u00fcleyman K., Kemal A. ile makam odas\u0131nda birden \u00e7ok kez bulu\u015fmu\u015ftur. Karakol komutan\u0131 S\u00fcleyman K.\u2019den habersiz hi\u00e7bir \u015fey yapmad\u0131m, yap\u0131lan define arama ve ka\u00e7ak kaz\u0131 i\u015fleminden S\u00fcleyman K.\u2019nin de haberi vard\u0131r. S\u00fcleyman K., biz Yardere\u2019de ka\u00e7ak kaz\u0131 ihbar\u0131na giderken, bizzat \u2018haberim var bunlar\u0131n buray\u0131 kazd\u0131\u011f\u0131ndan. Buradan bir \u015fey \u00e7\u0131kmaz bo\u015f yere para harc\u0131yorlar. Define ar\u0131yorlar\u2019 dedi\u201d ifadelerini kulland\u0131.<\/p>\n<p><strong>DEF\u0130NEC\u0130LER HABER VERD\u0130<\/strong><\/p>\n<p>Komutan\u0131n emriyle \u201cka\u00e7ak\u00e7\u0131\u201dlar\u0131 olas\u0131 operasyonlardan haberdar etti\u011fini de belirten Mehmet A., birlikte devriyeye \u00e7\u0131kt\u0131\u011f\u0131 \u015fof\u00f6r\u00fcn de ya\u015fananlara \u015fahit oldu\u011funu s\u00f6yledi. Mehmet A., \u201cKarakol komutan\u0131m\u0131z bu i\u015flerin bizzat i\u00e7indedir. Ama tam olarak organizasyonun neresindedir bilmiyorum. Karakol komutan\u0131m\u0131z ka\u00e7ak\u00e7\u0131larla birlikte hareket etmektedir. Bana emir verip bu i\u015flemleri yapt\u0131rm\u0131\u015ft\u0131r. Sorumluluk tamamen onlardad\u0131r. Benim K.A.\u2019y\u0131 aray\u0131p, olay yerinden ka\u00e7malar\u0131n\u0131 s\u00f6ylememi bana karakol Komutan\u0131 S\u00fcleyman K. s\u00f6ylemi\u015ftir\u201d diye belirtti.<\/p>\n<p><em><strong><a href=\"https:\/\/artigercek.com\/haberler\/karakol-komutani-ve-yardimcisi-define-avciligi-ndan-gorevden-alindi\" target=\"_blank\" rel=\"noopener noreferrer\">Art\u0131 Ger\u00e7ek<\/a>\u00a0<\/strong><\/em><\/p>\n","protected":false},"excerpt":{"rendered":"<p>Dara Karakol Komutan\u0131 S\u00fcleyman K. ile yard\u0131mc\u0131s\u0131 Mehmet A.\u2019n\u0131n, define avc\u0131l\u0131\u011f\u0131 nedeniyle sessiz sedas\u0131z g\u00f6revden al\u0131nd\u0131\u011f\u0131 ortaya \u00e7\u0131kt\u0131. Mardin\u2019in Artuklu il\u00e7esine ba\u011fl\u0131 Dara antik kentinin bulundu\u011fu O\u011fuz K\u00f6y\u00fc Karakol Komutan\u0131 Astsubay S\u00fcleyman K. ile yard\u0131mc\u0131s\u0131 Astsubay Mehmet A.\u2019n\u0131n da aralar\u0131nda oldu\u011fu 21 ki\u015filik \u015febeke, \u201cDefine avc\u0131l\u0131\u011f\u0131\u201d su\u00e7undan 19 Haziran\u2019da g\u00f6zalt\u0131na al\u0131nd\u0131. Dara ve Yardere (Qurd\u00eese) [&hellip;]<\/p>\n","protected":false},"author":7,"featured_media":63716,"comment_status":"open","ping_status":"open","sticky":false,"template":"","format":"standard","meta":{"footnotes":""},"categories":[1],"tags":[],"class_list":["post-63715","post","type-post","status-publish","format-standard","has-post-thumbnail","hentry","category-haberler"],"yoast_head":"<!-- This site is optimized with the Yoast SEO plugin v27.4 - https:\/\/yoast.com\/product\/yoast-seo-wordpress\/ -->\n<title>\u2018Define avc\u0131l\u0131\u011f\u0131\u2019 yapan karakol komutan\u0131 ve yard\u0131mc\u0131s\u0131 g\u00f6revden al\u0131nd\u0131 - Bati Ermenistan Ve Bati Ermenileri Sorunlari Ara\u015ftirmalar Merkezi<\/title>\n<meta name=\"robots\" content=\"index, follow, max-snippet:-1, max-image-preview:large, max-video-preview:-1\" \/>\n<link rel=\"canonical\" href=\"https:\/\/akunq.net\/tr\/?p=63715\" \/>\n<meta property=\"og:locale\" content=\"en_US\" \/>\n<meta property=\"og:type\" content=\"article\" \/>\n<meta property=\"og:title\" content=\"\u2018Define avc\u0131l\u0131\u011f\u0131\u2019 yapan karakol komutan\u0131 ve yard\u0131mc\u0131s\u0131 g\u00f6revden al\u0131nd\u0131 - Bati Ermenistan Ve Bati Ermenileri Sorunlari Ara\u015ftirmalar Merkezi\" \/>\n<meta property=\"og:description\" content=\"Dara Karakol Komutan\u0131 S\u00fcleyman K. ile yard\u0131mc\u0131s\u0131 Mehmet A.\u2019n\u0131n, define avc\u0131l\u0131\u011f\u0131 nedeniyle sessiz sedas\u0131z g\u00f6revden al\u0131nd\u0131\u011f\u0131 ortaya \u00e7\u0131kt\u0131. Mardin\u2019in Artuklu il\u00e7esine ba\u011fl\u0131 Dara antik kentinin bulundu\u011fu O\u011fuz K\u00f6y\u00fc Karakol Komutan\u0131 Astsubay S\u00fcleyman K. ile yard\u0131mc\u0131s\u0131 Astsubay Mehmet A.\u2019n\u0131n da aralar\u0131nda oldu\u011fu 21 ki\u015filik \u015febeke, \u201cDefine avc\u0131l\u0131\u011f\u0131\u201d su\u00e7undan 19 Haziran\u2019da g\u00f6zalt\u0131na al\u0131nd\u0131. Dara ve Yardere (Qurd\u00eese) [&hellip;]\" \/>\n<meta property=\"og:url\" content=\"https:\/\/akunq.net\/tr\/?p=63715\" \/>\n<meta property=\"og:site_name\" content=\"Bati Ermenistan Ve Bati Ermenileri Sorunlari Ara\u015ftirmalar Merkezi\" \/>\n<meta property=\"article:published_time\" content=\"2021-07-09T07:44:18+00:00\" \/>\n<meta property=\"og:image\" content=\"https:\/\/akunq.net\/tr\/wp-content\/uploads\/sites\/6\/2021\/07\/Define-avc\u0131l\u0131\u011f\u0131.jpg\" \/>\n\t<meta property=\"og:image:width\" content=\"800\" \/>\n\t<meta property=\"og:image:height\" content=\"463\" \/>\n\t<meta property=\"og:image:type\" content=\"image\/jpeg\" \/>\n<meta name=\"author\" content=\"admin\" \/>\n<meta name=\"twitter:card\" content=\"summary_large_image\" \/>\n<meta name=\"twitter:label1\" content=\"Written by\" \/>\n\t<meta name=\"twitter:data1\" content=\"admin\" \/>\n\t<meta name=\"twitter:label2\" content=\"Est. reading time\" \/>\n\t<meta name=\"twitter:data2\" content=\"3 minutes\" \/>\n<script type=\"application\/ld+json\" class=\"yoast-schema-graph\">{\"@context\":\"https:\\\/\\\/schema.org\",\"@graph\":[{\"@type\":\"Article\",\"@id\":\"https:\\\/\\\/akunq.net\\\/tr\\\/?p=63715#article\",\"isPartOf\":{\"@id\":\"https:\\\/\\\/akunq.net\\\/tr\\\/?p=63715\"},\"author\":{\"name\":\"admin\",\"@id\":\"https:\\\/\\\/akunq.net\\\/tr\\\/#\\\/schema\\\/person\\\/096f1d38a12cce57fb855b485ed24c9e\"},\"headline\":\"\u2018Define avc\u0131l\u0131\u011f\u0131\u2019 yapan karakol komutan\u0131 ve yard\u0131mc\u0131s\u0131 g\u00f6revden al\u0131nd\u0131\",\"datePublished\":\"2021-07-09T07:44:18+00:00\",\"mainEntityOfPage\":{\"@id\":\"https:\\\/\\\/akunq.net\\\/tr\\\/?p=63715\"},\"wordCount\":645,\"commentCount\":0,\"image\":{\"@id\":\"https:\\\/\\\/akunq.net\\\/tr\\\/?p=63715#primaryimage\"},\"thumbnailUrl\":\"https:\\\/\\\/akunq.net\\\/tr\\\/wp-content\\\/uploads\\\/sites\\\/6\\\/2021\\\/07\\\/Define-avc\u0131l\u0131\u011f\u0131.jpg\",\"articleSection\":[\"Haberler\"],\"inLanguage\":\"en-US\",\"potentialAction\":[{\"@type\":\"CommentAction\",\"name\":\"Comment\",\"target\":[\"https:\\\/\\\/akunq.net\\\/tr\\\/?p=63715#respond\"]}]},{\"@type\":\"WebPage\",\"@id\":\"https:\\\/\\\/akunq.net\\\/tr\\\/?p=63715\",\"url\":\"https:\\\/\\\/akunq.net\\\/tr\\\/?p=63715\",\"name\":\"\u2018Define avc\u0131l\u0131\u011f\u0131\u2019 yapan karakol komutan\u0131 ve yard\u0131mc\u0131s\u0131 g\u00f6revden al\u0131nd\u0131 - Bati Ermenistan Ve Bati Ermenileri Sorunlari Ara\u015ftirmalar Merkezi\",\"isPartOf\":{\"@id\":\"https:\\\/\\\/akunq.net\\\/tr\\\/#website\"},\"primaryImageOfPage\":{\"@id\":\"https:\\\/\\\/akunq.net\\\/tr\\\/?p=63715#primaryimage\"},\"image\":{\"@id\":\"https:\\\/\\\/akunq.net\\\/tr\\\/?p=63715#primaryimage\"},\"thumbnailUrl\":\"https:\\\/\\\/akunq.net\\\/tr\\\/wp-content\\\/uploads\\\/sites\\\/6\\\/2021\\\/07\\\/Define-avc\u0131l\u0131\u011f\u0131.jpg\",\"datePublished\":\"2021-07-09T07:44:18+00:00\",\"author\":{\"@id\":\"https:\\\/\\\/akunq.net\\\/tr\\\/#\\\/schema\\\/person\\\/096f1d38a12cce57fb855b485ed24c9e\"},\"breadcrumb\":{\"@id\":\"https:\\\/\\\/akunq.net\\\/tr\\\/?p=63715#breadcrumb\"},\"inLanguage\":\"en-US\",\"potentialAction\":[{\"@type\":\"ReadAction\",\"target\":[\"https:\\\/\\\/akunq.net\\\/tr\\\/?p=63715\"]}]},{\"@type\":\"ImageObject\",\"inLanguage\":\"en-US\",\"@id\":\"https:\\\/\\\/akunq.net\\\/tr\\\/?p=63715#primaryimage\",\"url\":\"https:\\\/\\\/akunq.net\\\/tr\\\/wp-content\\\/uploads\\\/sites\\\/6\\\/2021\\\/07\\\/Define-avc\u0131l\u0131\u011f\u0131.jpg\",\"contentUrl\":\"https:\\\/\\\/akunq.net\\\/tr\\\/wp-content\\\/uploads\\\/sites\\\/6\\\/2021\\\/07\\\/Define-avc\u0131l\u0131\u011f\u0131.jpg\",\"width\":800,\"height\":463},{\"@type\":\"BreadcrumbList\",\"@id\":\"https:\\\/\\\/akunq.net\\\/tr\\\/?p=63715#breadcrumb\",\"itemListElement\":[{\"@type\":\"ListItem\",\"position\":1,\"name\":\"Home\",\"item\":\"https:\\\/\\\/akunq.net\\\/tr\"},{\"@type\":\"ListItem\",\"position\":2,\"name\":\"\u2018Define avc\u0131l\u0131\u011f\u0131\u2019 yapan karakol komutan\u0131 ve yard\u0131mc\u0131s\u0131 g\u00f6revden al\u0131nd\u0131\"}]},{\"@type\":\"WebSite\",\"@id\":\"https:\\\/\\\/akunq.net\\\/tr\\\/#website\",\"url\":\"https:\\\/\\\/akunq.net\\\/tr\\\/\",\"name\":\"Bati Ermenistan Ve Bati Ermenileri Sorunlari Ara\u015ftirmalar Merkezi\",\"description\":\"\",\"potentialAction\":[{\"@type\":\"SearchAction\",\"target\":{\"@type\":\"EntryPoint\",\"urlTemplate\":\"https:\\\/\\\/akunq.net\\\/tr\\\/?s={search_term_string}\"},\"query-input\":{\"@type\":\"PropertyValueSpecification\",\"valueRequired\":true,\"valueName\":\"search_term_string\"}}],\"inLanguage\":\"en-US\"},{\"@type\":\"Person\",\"@id\":\"https:\\\/\\\/akunq.net\\\/tr\\\/#\\\/schema\\\/person\\\/096f1d38a12cce57fb855b485ed24c9e\",\"name\":\"admin\",\"url\":\"https:\\\/\\\/akunq.net\\\/tr\\\/?author=7\"}]}<\/script>\n<!-- \/ Yoast SEO plugin. -->","yoast_head_json":{"title":"\u2018Define avc\u0131l\u0131\u011f\u0131\u2019 yapan karakol komutan\u0131 ve yard\u0131mc\u0131s\u0131 g\u00f6revden al\u0131nd\u0131 - Bati Ermenistan Ve Bati Ermenileri Sorunlari Ara\u015ftirmalar Merkezi","robots":{"index":"index","follow":"follow","max-snippet":"max-snippet:-1","max-image-preview":"max-image-preview:large","max-video-preview":"max-video-preview:-1"},"canonical":"https:\/\/akunq.net\/tr\/?p=63715","og_locale":"en_US","og_type":"article","og_title":"\u2018Define avc\u0131l\u0131\u011f\u0131\u2019 yapan karakol komutan\u0131 ve yard\u0131mc\u0131s\u0131 g\u00f6revden al\u0131nd\u0131 - Bati Ermenistan Ve Bati Ermenileri Sorunlari Ara\u015ftirmalar Merkezi","og_description":"Dara Karakol Komutan\u0131 S\u00fcleyman K. ile yard\u0131mc\u0131s\u0131 Mehmet A.\u2019n\u0131n, define avc\u0131l\u0131\u011f\u0131 nedeniyle sessiz sedas\u0131z g\u00f6revden al\u0131nd\u0131\u011f\u0131 ortaya \u00e7\u0131kt\u0131. Mardin\u2019in Artuklu il\u00e7esine ba\u011fl\u0131 Dara antik kentinin bulundu\u011fu O\u011fuz K\u00f6y\u00fc Karakol Komutan\u0131 Astsubay S\u00fcleyman K. ile yard\u0131mc\u0131s\u0131 Astsubay Mehmet A.\u2019n\u0131n da aralar\u0131nda oldu\u011fu 21 ki\u015filik \u015febeke, \u201cDefine avc\u0131l\u0131\u011f\u0131\u201d su\u00e7undan 19 Haziran\u2019da g\u00f6zalt\u0131na al\u0131nd\u0131. Dara ve Yardere (Qurd\u00eese) [&hellip;]","og_url":"https:\/\/akunq.net\/tr\/?p=63715","og_site_name":"Bati Ermenistan Ve Bati Ermenileri Sorunlari Ara\u015ftirmalar Merkezi","article_published_time":"2021-07-09T07:44:18+00:00","og_image":[{"width":800,"height":463,"url":"https:\/\/akunq.net\/tr\/wp-content\/uploads\/sites\/6\/2021\/07\/Define-avc\u0131l\u0131\u011f\u0131.jpg","type":"image\/jpeg"}],"author":"admin","twitter_card":"summary_large_image","twitter_misc":{"Written by":"admin","Est. reading time":"3 minutes"},"schema":{"@context":"https:\/\/schema.org","@graph":[{"@type":"Article","@id":"https:\/\/akunq.net\/tr\/?p=63715#article","isPartOf":{"@id":"https:\/\/akunq.net\/tr\/?p=63715"},"author":{"name":"admin","@id":"https:\/\/akunq.net\/tr\/#\/schema\/person\/096f1d38a12cce57fb855b485ed24c9e"},"headline":"\u2018Define avc\u0131l\u0131\u011f\u0131\u2019 yapan karakol komutan\u0131 ve yard\u0131mc\u0131s\u0131 g\u00f6revden al\u0131nd\u0131","datePublished":"2021-07-09T07:44:18+00:00","mainEntityOfPage":{"@id":"https:\/\/akunq.net\/tr\/?p=63715"},"wordCount":645,"commentCount":0,"image":{"@id":"https:\/\/akunq.net\/tr\/?p=63715#primaryimage"},"thumbnailUrl":"https:\/\/akunq.net\/tr\/wp-content\/uploads\/sites\/6\/2021\/07\/Define-avc\u0131l\u0131\u011f\u0131.jpg","articleSection":["Haberler"],"inLanguage":"en-US","potentialAction":[{"@type":"CommentAction","name":"Comment","target":["https:\/\/akunq.net\/tr\/?p=63715#respond"]}]},{"@type":"WebPage","@id":"https:\/\/akunq.net\/tr\/?p=63715","url":"https:\/\/akunq.net\/tr\/?p=63715","name":"\u2018Define avc\u0131l\u0131\u011f\u0131\u2019 yapan karakol komutan\u0131 ve yard\u0131mc\u0131s\u0131 g\u00f6revden al\u0131nd\u0131 - Bati Ermenistan Ve Bati Ermenileri Sorunlari Ara\u015ftirmalar Merkezi","isPartOf":{"@id":"https:\/\/akunq.net\/tr\/#website"},"primaryImageOfPage":{"@id":"https:\/\/akunq.net\/tr\/?p=63715#primaryimage"},"image":{"@id":"https:\/\/akunq.net\/tr\/?p=63715#primaryimage"},"thumbnailUrl":"https:\/\/akunq.net\/tr\/wp-content\/uploads\/sites\/6\/2021\/07\/Define-avc\u0131l\u0131\u011f\u0131.jpg","datePublished":"2021-07-09T07:44:18+00:00","author":{"@id":"https:\/\/akunq.net\/tr\/#\/schema\/person\/096f1d38a12cce57fb855b485ed24c9e"},"breadcrumb":{"@id":"https:\/\/akunq.net\/tr\/?p=63715#breadcrumb"},"inLanguage":"en-US","potentialAction":[{"@type":"ReadAction","target":["https:\/\/akunq.net\/tr\/?p=63715"]}]},{"@type":"ImageObject","inLanguage":"en-US","@id":"https:\/\/akunq.net\/tr\/?p=63715#primaryimage","url":"https:\/\/akunq.net\/tr\/wp-content\/uploads\/sites\/6\/2021\/07\/Define-avc\u0131l\u0131\u011f\u0131.jpg","contentUrl":"https:\/\/akunq.net\/tr\/wp-content\/uploads\/sites\/6\/2021\/07\/Define-avc\u0131l\u0131\u011f\u0131.jpg","width":800,"height":463},{"@type":"BreadcrumbList","@id":"https:\/\/akunq.net\/tr\/?p=63715#breadcrumb","itemListElement":[{"@type":"ListItem","position":1,"name":"Home","item":"https:\/\/akunq.net\/tr"},{"@type":"ListItem","position":2,"name":"\u2018Define avc\u0131l\u0131\u011f\u0131\u2019 yapan karakol komutan\u0131 ve yard\u0131mc\u0131s\u0131 g\u00f6revden al\u0131nd\u0131"}]},{"@type":"WebSite","@id":"https:\/\/akunq.net\/tr\/#website","url":"https:\/\/akunq.net\/tr\/","name":"Bati Ermenistan Ve Bati Ermenileri Sorunlari Ara\u015ftirmalar Merkezi","description":"","potentialAction":[{"@type":"SearchAction","target":{"@type":"EntryPoint","urlTemplate":"https:\/\/akunq.net\/tr\/?s={search_term_string}"},"query-input":{"@type":"PropertyValueSpecification","valueRequired":true,"valueName":"search_term_string"}}],"inLanguage":"en-US"},{"@type":"Person","@id":"https:\/\/akunq.net\/tr\/#\/schema\/person\/096f1d38a12cce57fb855b485ed24c9e","name":"admin","url":"https:\/\/akunq.net\/tr\/?author=7"}]}},"_links":{"self":[{"href":"https:\/\/akunq.net\/tr\/index.php?rest_route=\/wp\/v2\/posts\/63715","targetHints":{"allow":["GET"]}}],"collection":[{"href":"https:\/\/akunq.net\/tr\/index.php?rest_route=\/wp\/v2\/posts"}],"about":[{"href":"https:\/\/akunq.net\/tr\/index.php?rest_route=\/wp\/v2\/types\/post"}],"author":[{"embeddable":true,"href":"https:\/\/akunq.net\/tr\/index.php?rest_route=\/wp\/v2\/users\/7"}],"replies":[{"embeddable":true,"href":"https:\/\/akunq.net\/tr\/index.php?rest_route=%2Fwp%2Fv2%2Fcomments&post=63715"}],"version-history":[{"count":1,"href":"https:\/\/akunq.net\/tr\/index.php?rest_route=\/wp\/v2\/posts\/63715\/revisions"}],"predecessor-version":[{"id":63717,"href":"https:\/\/akunq.net\/tr\/index.php?rest_route=\/wp\/v2\/posts\/63715\/revisions\/63717"}],"wp:featuredmedia":[{"embeddable":true,"href":"https:\/\/akunq.net\/tr\/index.php?rest_route=\/wp\/v2\/media\/63716"}],"wp:attachment":[{"href":"https:\/\/akunq.net\/tr\/index.php?rest_route=%2Fwp%2Fv2%2Fmedia&parent=63715"}],"wp:term":[{"taxonomy":"category","embeddable":true,"href":"https:\/\/akunq.net\/tr\/index.php?rest_route=%2Fwp%2Fv2%2Fcategories&post=63715"},{"taxonomy":"post_tag","embeddable":true,"href":"https:\/\/akunq.net\/tr\/index.php?rest_route=%2Fwp%2Fv2%2Ftags&post=63715"}],"curies":[{"name":"wp","href":"https:\/\/api.w.org\/{rel}","templated":true}]}}