{"id":63706,"date":"2021-07-09T01:40:25","date_gmt":"2021-07-09T06:40:25","guid":{"rendered":"https:\/\/akunq.net\/tr\/?p=63706"},"modified":"2021-07-09T01:40:25","modified_gmt":"2021-07-09T06:40:25","slug":"akyakada-tarihi-kaleden-sonra-2-kilise-bulundu","status":"publish","type":"post","link":"https:\/\/akunq.net\/tr\/?p=63706","title":{"rendered":"Akyaka\u2019da tarihi kaleden sonra 2 kilise bulundu"},"content":{"rendered":"<p><img loading=\"lazy\" decoding=\"async\" class=\"aligncenter size-medium wp-image-63707\" src=\"https:\/\/akunq.net\/tr\/wp-content\/uploads\/2021\/07\/Akyaka\u2019da-tarihi-kale-360x202.jpg\" alt=\"\" width=\"360\" height=\"202\" srcset=\"https:\/\/akunq.net\/tr\/wp-content\/uploads\/sites\/6\/2021\/07\/Akyaka\u2019da-tarihi-kale-360x202.jpg 360w, https:\/\/akunq.net\/tr\/wp-content\/uploads\/sites\/6\/2021\/07\/Akyaka\u2019da-tarihi-kale-768x432.jpg 768w, https:\/\/akunq.net\/tr\/wp-content\/uploads\/sites\/6\/2021\/07\/Akyaka\u2019da-tarihi-kale-560x315.jpg 560w, https:\/\/akunq.net\/tr\/wp-content\/uploads\/sites\/6\/2021\/07\/Akyaka\u2019da-tarihi-kale-260x146.jpg 260w, https:\/\/akunq.net\/tr\/wp-content\/uploads\/sites\/6\/2021\/07\/Akyaka\u2019da-tarihi-kale-160x90.jpg 160w, https:\/\/akunq.net\/tr\/wp-content\/uploads\/sites\/6\/2021\/07\/Akyaka\u2019da-tarihi-kale.jpg 1366w\" sizes=\"auto, (max-width: 360px) 100vw, 360px\" \/><\/p>\n<p><em><strong>Her y\u0131l binlerce yerli ve yabanc\u0131 turistin ziyaret etti\u011fi \u2018Sakin Kent\u2019 unvanl\u0131 Ula\u2019n\u0131n Akyaka Mahallesi\u2019nde Bizans d\u00f6neminden kalan kalede kaz\u0131 \u00e7al\u0131\u015fmalar\u0131 s\u00fcrerken, mahalle merkezinde ve orman kamp\u0131 i\u00e7inde 2 kilise bulundu.<\/strong><\/em><\/p>\n<p>Mu\u011fla\u2019n\u0131n Ula il\u00e7esi Akyaka Mahallesi\u2019nde ge\u00e7en y\u0131l ba\u015flayan kaz\u0131 \u00e7al\u0131\u015fmalar\u0131nda \u0130dyma antik kentinin uzant\u0131s\u0131 Bizans Kalesi bulunmu\u015ftu. Bizans kalesinde kaz\u0131 ve konservasyon \u00e7al\u0131\u015fmalar\u0131 s\u00fcrerken, bu defa mahallenin tam ortas\u0131nda ve Orman \u00c7ad\u0131r kamp\u0131nda iki\u00a0<strong>kilise\u00a0<\/strong>bulundu.<br \/>\nMahalle merkezindeki \u00c7atal\u00e7am Sokak Eren Baba mevkiinde bulunan kilise, 2009 y\u0131l\u0131nda b\u00f6lgede yap\u0131lan ka\u00e7ak kaz\u0131 sonras\u0131 ortaya \u00e7\u0131kar\u0131lm\u0131\u015ft\u0131. B\u00f6lgede halk\u0131n kutsal kabul etti\u011fi, dualar edilen, adak adanan ve \u2018Eren Dede\u2019 denilen bir zat\u0131n 1996 y\u0131l\u0131nda yapt\u0131r\u0131lan iki mezar\u0131 bulunuyordu. Vatanda\u015flar\u0131n dua etti\u011fi ve adak adad\u0131\u011f\u0131 mezarlar bo\u015f \u00e7\u0131kt\u0131. Mezarlar\u0131n yap\u0131m\u0131 s\u0131ras\u0131nda kilisenin baz\u0131 k\u0131s\u0131mlar\u0131 b\u00fcy\u00fck tahrip edilirken, par\u00e7alar\u0131 s\u00f6k\u00fcl\u00fcp at\u0131ld\u0131. Hazine avc\u0131lar\u0131 da ka\u00e7ak kaz\u0131lar yapt\u0131.<br \/>\n2009 y\u0131l\u0131nda yap\u0131lan \u00e7al\u0131\u015fmalarda ise \u00fc\u00e7 nefli (b\u00f6l\u00fcml\u00fc), \u00fc\u00e7 apsisli ve d\u00f6nemin mimarisine uygun olan erken Hristiyanl\u0131k d\u00f6nemine ait bir kiliseye ula\u015f\u0131ld\u0131. D\u00f6neminin \u00f6zelliklerini g\u00f6steren yap\u0131n\u0131n taban\u0131nda bir\u00e7o\u011fu tahrip olmu\u015f mozaikler bulundu. Mozaiklerde d\u00f6nemin bal\u0131k, tavus ku\u015fu ve de\u011fi\u015fik konulara yer verilmi\u015f.<\/p>\n<p><strong>\u201cAkyaka\u2019n\u0131n k\u00fclt\u00fcrel de\u011ferini artt\u0131racak\u201d<br \/>\n<\/strong>\u0130dyma Antik Kenti Kaz\u0131 Ba\u015fkan\u0131 Mu\u011fla S\u0131tk\u0131 Ko\u00e7man \u00dcniversitesi Arkeoloji B\u00f6l\u00fcm\u00fc \u00d6\u011fretim \u00dcyesi Do\u00e7. Dr. Abd\u00fclkadir Baran, b\u00f6lgede bir\u00e7ok\u00a0<strong>tarihi\u00a0<\/strong>kal\u0131nt\u0131n\u0131n bulundu\u011funu s\u00f6yledi. Do\u00e7. Dr. Baran, \u201c2021 y\u0131l\u0131 itibari ile kaz\u0131 \u00e7al\u0131\u015fmalar\u0131m\u0131z K\u00fclt\u00fcr Bakanl\u0131\u011f\u0131\u2019na ba\u011fl\u0131, Mu\u011fla S\u0131tk\u0131 Ko\u00e7man \u00dcniversitesi ad\u0131na y\u00fcr\u00fct\u00fclen bilimsel kaz\u0131 \u00e7al\u0131\u015fmas\u0131 haline geldi. Mu\u011fla Valisi Say\u0131n Orhan Tavl\u0131\u2019n\u0131n ve Ula Belediye Ba\u015fkan\u0131m\u0131z \u00d6zay T\u00fcrkler\u2019in destekleri ile \u00e7al\u0131\u015fmalar yo\u011funla\u015fm\u0131\u015f olarak Akyaka Kalesinde s\u00fcr\u00fcyor. Biz kaz\u0131 \u00e7al\u0131\u015fmalar\u0131 kapsam\u0131nda sadece antik kent ve \u00f6nemli kal\u0131nt\u0131lar\u0131 de\u011fil, Akyaka\u2019da, G\u00f6kova\u2019da var olan b\u00fct\u00fcn kal\u0131nt\u0131lar \u00fczerinde de \u00e7al\u0131\u015fmalar yapmay\u0131 planl\u0131yoruz. Bir sonraki \u00e7al\u0131\u015fma plan\u0131m\u0131zda Akyaka\u2019n\u0131n merkezinde \u2018Eren Dede\u2019 t\u00fcrbesi, ya da \u00c7atal\u00e7am kilisesi olarak bilinen alan olu\u015fturuyor. Buras\u0131 2010 y\u0131llar\u0131nda \u00dcniversitemiz hocalar\u0131 taraf\u0131ndan kaz\u0131s\u0131 ger\u00e7ekle\u015ftirilmi\u015fti Mu\u011fla M\u00fczesi Ba\u015fkanl\u0131\u011f\u0131nda. O g\u00fcnk\u00fc imkanlar dahilinde daha fazla \u00e7al\u0131\u015fma y\u00fcr\u00fct\u00fclememi\u015fti. Biz bu \u00e7al\u0131\u015fmalar\u0131n tamamlanmas\u0131n\u0131, Kilisenin eksik kalan kaz\u0131lar\u0131n\u0131 ger\u00e7ekle\u015ftirmeyi, mozaiklerin, duvarlar\u0131n konservasyonunu yapmay\u0131 ve buray\u0131 bir \u00e7at\u0131 \u00f6rt\u00fcs\u00fc ile kapatarak ziyarete haz\u0131r hale getirmeyi ama\u00e7l\u0131yoruz. Bunun i\u00e7in proje \u00e7al\u0131\u015fmalar\u0131m\u0131z devam ediyor. Projemiz Koruma Kurulunda onayland\u0131ktan\u00a0<strong>sonra\u00a0<\/strong>ilgili kurumlara iletilerek, yeterli maddi deste\u011fi de bulabilirsek bu kiliseyi, deniz, kum, g\u00fcne\u015fin g\u00fc\u00e7l\u00fc oldu\u011fu Akyaka\u2019da k\u00fclt\u00fcr turizminin bir di\u011fer aya\u011f\u0131 olarak de\u011ferlendirmeyi d\u00fc\u015f\u00fcn\u00fcyoruz. Bu sayede Akyaka\u2019n\u0131n hem k\u00fclt\u00fcrel de\u011feri artm\u0131\u015f olacak, hem de insanlar geldi\u011fi zaman bu orman \u00f6rt\u00fcs\u00fc alt\u0131nda bir k\u00fclt\u00fcr varl\u0131\u011f\u0131n\u0131 da \u00e7ok sa\u011fl\u0131kl\u0131 g\u00fczele bir \u015fekilde ziyaret edebilecek. Eren Baba t\u00fcrbesi olarak bilinen bu\u00a0<strong>kilise\u00a0<\/strong>ayn\u0131 zamanda daha sonraki d\u00f6nem kal\u0131nt\u0131lar\u0131n\u0131 da ev sahipli\u011fi yap\u0131yor. Kilisenin \u00e7evresinde de \u00e7al\u0131\u015fmalar\u0131m\u0131z\u0131 devam ettirerek Sel\u00e7uklu veya olas\u0131 Osmanl\u0131 kal\u0131nt\u0131lar\u0131 bu\u00a0<strong>kilise\u00a0<\/strong>ile b\u00fct\u00fcnle\u015fik bir \u015fekilde a\u00e7may\u0131 planl\u0131yoruz\u201d ifadelerini kulland\u0131.<\/p>\n<p><strong>Orman kamp\u0131nda yeni\u00a0kilise\u00a0bulundu<br \/>\n<\/strong>Bir sonraki \u00e7al\u0131\u015fma plan\u0131nda ise Akyaka sahili ile Maden \u0130skelesi aras\u0131nda kalan Orman Kamp\u0131 olarak bilinen alanda yer alan\u00a0<strong>kilise\u00a0<\/strong>oldu\u011funu s\u00f6yleyen Baran, \u201c\u00c7atal\u00e7am Kilisesine benzer bir ba\u015fka\u00a0<strong>kilise\u00a0<\/strong>de Orman Kamp\u0131 i\u00e7inde yer al\u0131yor. \u00c7ad\u0131r kamp\u0131n\u0131n hemen yan\u0131nda yer al\u0131yor. Bu kilisenin varl\u0131\u011f\u0131 hen\u00fcz \u00e7o\u011fu insan taraf\u0131ndan bilinmiyor. Bu\u00a0<strong>kilise\u00a0<\/strong>\u00c7atal\u00e7am kilisesine oranla biraz daha iyi korunmu\u015f. O\u00a0<strong>kilise\u00a0<\/strong>de bu kilisedeki \u00e7al\u0131\u015fmalar\u0131n tamamlanmas\u0131n\u0131n ard\u0131ndan oradaki kiliseyi de g\u00fcn y\u00fcz\u00fcne \u00e7\u0131kararak sergilenmesini ve turizme kazand\u0131r\u0131lmas\u0131n\u0131 planl\u0131yoruz\u201d dedi.<\/p>\n<p><strong>\u201cKaz\u0131 \u00e7al\u0131\u015fmalar\u0131na sponsor deste\u011fi bekliyoruz\u201d<br \/>\n<\/strong>\u015eu anda kaz\u0131 \u00e7al\u0131\u015fmalar\u0131nda en b\u00fcy\u00fck deste\u011fi Mu\u011fla Valisi Orhan Tavl\u0131 taraf\u0131ndan verildi\u011fini belirten Baran, \u201c\u0130dyma kaz\u0131 \u00e7al\u0131\u015fmalar\u0131 \u015fu anda Mu\u011fla Valimiz Orhan Tavl\u0131\u2019n\u0131n b\u00fcy\u00fck destekleri ile y\u00fcr\u00fct\u00fcl\u00fcyor. Ama art\u0131k y\u00f6re insanlar\u0131m\u0131z\u0131n, k\u00fclt\u00fcr ve turizme ilgi duyan insanlar\u0131n ve i\u015fadamlar\u0131n\u0131n da bize Kaz\u0131 Ba\u015fkanl\u0131\u011f\u0131m\u0131za maddi veya manevi anlamda destek vermelerini bekliyoruz. Sponsorluk g\u00f6r\u00fc\u015fmelerimizi yapmaya ba\u015flad\u0131k. Kimse tek ba\u015f\u0131na g\u00fc\u00e7l\u00fc de\u011fil, hi\u00e7bir kurum tek ba\u015f\u0131na g\u00fc\u00e7l\u00fc de\u011fil. Yapt\u0131\u011f\u0131m\u0131z \u00e7al\u0131\u015fmalar\u0131 vatanda\u015f\u0131n, kamu kurumlar\u0131n\u0131n destekleri ile ger\u00e7ekle\u015ftirmeyi planl\u0131yoruz\u201d diye konu\u015ftu.<\/p>\n<p><strong>\u201cKilise Milattan \u00f6nceye ait\u201d<br \/>\n<\/strong>Do\u00e7. Dr. Baran kilisenin bir k\u00fclt\u00fcr varl\u0131\u011f\u0131 oldu\u011funu belirterek, \u201cBu\u00a0<strong>kilise\u00a0<\/strong>M.\u00d6. 4. ve 6. Y\u00fczy\u0131l aralar\u0131nda yap\u0131lm\u0131\u015f. Olduk\u00e7a eski bir bazilika bir kilise. Yakla\u015f\u0131k 16\u00d730 \u00f6l\u00e7\u00fclerinde b\u00fcy\u00fck bir yap\u0131. Kilise i\u00e7indeki mozaikler k\u0131smen korunmu\u015f durumda. Bu mozaiklerin \u00fczerlerinin a\u00e7\u0131l\u0131p sa\u011flamla\u015ft\u0131r\u0131lmas\u0131 yap\u0131lacak. \u00dcst\u00fc de bir \u00e7at\u0131 \u00f6rt\u00fcs\u00fc ile kapat\u0131ld\u0131ktan\u00a0<strong>sonra\u00a0<\/strong>insanlar yap\u0131n\u0131n i\u00e7ine girmeden kiliseyi g\u00f6r\u00fclebilir halde gezmi\u015f olacak. Burada dinsel anlamda bir \u015fey d\u00fc\u015f\u00fcnm\u00fcyoruz. Bu bir k\u00fclt\u00fcr varl\u0131\u011f\u0131m\u0131z. Bu k\u00fclt\u00fcr varl\u0131\u011f\u0131n\u0131n herkese tan\u0131t\u0131lmas\u0131, herkese kazand\u0131r\u0131lmas\u0131 \u00f6ncelikli amac\u0131m\u0131z\u201d dedi.<\/p>\n<p><em><strong><a href=\"https:\/\/www.hamlegazetesi.com.tr\/akyaka-da-tarihi-kaleden-sonra-2-kilise-bulundu\">https:\/\/www.hamlegazetesi.com.tr\/akyaka-da-tarihi-kaleden-sonra-2-kilise-bulundu<\/a>\u00a0<\/strong><\/em><\/p>\n","protected":false},"excerpt":{"rendered":"<p>Her y\u0131l binlerce yerli ve yabanc\u0131 turistin ziyaret etti\u011fi \u2018Sakin Kent\u2019 unvanl\u0131 Ula\u2019n\u0131n Akyaka Mahallesi\u2019nde Bizans d\u00f6neminden kalan kalede kaz\u0131 \u00e7al\u0131\u015fmalar\u0131 s\u00fcrerken, mahalle merkezinde ve orman kamp\u0131 i\u00e7inde 2 kilise bulundu. Mu\u011fla\u2019n\u0131n Ula il\u00e7esi Akyaka Mahallesi\u2019nde ge\u00e7en y\u0131l ba\u015flayan kaz\u0131 \u00e7al\u0131\u015fmalar\u0131nda \u0130dyma antik kentinin uzant\u0131s\u0131 Bizans Kalesi bulunmu\u015ftu. Bizans kalesinde kaz\u0131 ve konservasyon \u00e7al\u0131\u015fmalar\u0131 s\u00fcrerken, [&hellip;]<\/p>\n","protected":false},"author":7,"featured_media":63707,"comment_status":"open","ping_status":"open","sticky":false,"template":"","format":"standard","meta":{"footnotes":""},"categories":[1],"tags":[],"class_list":["post-63706","post","type-post","status-publish","format-standard","has-post-thumbnail","hentry","category-haberler"],"yoast_head":"<!-- This site is optimized with the Yoast SEO plugin v27.4 - https:\/\/yoast.com\/product\/yoast-seo-wordpress\/ -->\n<title>Akyaka\u2019da tarihi kaleden sonra 2 kilise bulundu - Bati Ermenistan Ve Bati Ermenileri Sorunlari Ara\u015ftirmalar Merkezi<\/title>\n<meta name=\"robots\" content=\"index, follow, max-snippet:-1, max-image-preview:large, max-video-preview:-1\" \/>\n<link rel=\"canonical\" href=\"https:\/\/akunq.net\/tr\/?p=63706\" \/>\n<meta property=\"og:locale\" content=\"en_US\" \/>\n<meta property=\"og:type\" content=\"article\" \/>\n<meta property=\"og:title\" content=\"Akyaka\u2019da tarihi kaleden sonra 2 kilise bulundu - Bati Ermenistan Ve Bati Ermenileri Sorunlari Ara\u015ftirmalar Merkezi\" \/>\n<meta property=\"og:description\" content=\"Her y\u0131l binlerce yerli ve yabanc\u0131 turistin ziyaret etti\u011fi \u2018Sakin Kent\u2019 unvanl\u0131 Ula\u2019n\u0131n Akyaka Mahallesi\u2019nde Bizans d\u00f6neminden kalan kalede kaz\u0131 \u00e7al\u0131\u015fmalar\u0131 s\u00fcrerken, mahalle merkezinde ve orman kamp\u0131 i\u00e7inde 2 kilise bulundu. Mu\u011fla\u2019n\u0131n Ula il\u00e7esi Akyaka Mahallesi\u2019nde ge\u00e7en y\u0131l ba\u015flayan kaz\u0131 \u00e7al\u0131\u015fmalar\u0131nda \u0130dyma antik kentinin uzant\u0131s\u0131 Bizans Kalesi bulunmu\u015ftu. Bizans kalesinde kaz\u0131 ve konservasyon \u00e7al\u0131\u015fmalar\u0131 s\u00fcrerken, [&hellip;]\" \/>\n<meta property=\"og:url\" content=\"https:\/\/akunq.net\/tr\/?p=63706\" \/>\n<meta property=\"og:site_name\" content=\"Bati Ermenistan Ve Bati Ermenileri Sorunlari Ara\u015ftirmalar Merkezi\" \/>\n<meta property=\"article:published_time\" content=\"2021-07-09T06:40:25+00:00\" \/>\n<meta property=\"og:image\" content=\"https:\/\/akunq.net\/tr\/wp-content\/uploads\/sites\/6\/2021\/07\/Akyaka\u2019da-tarihi-kale.jpg\" \/>\n\t<meta property=\"og:image:width\" content=\"1366\" \/>\n\t<meta property=\"og:image:height\" content=\"768\" \/>\n\t<meta property=\"og:image:type\" content=\"image\/jpeg\" \/>\n<meta name=\"author\" content=\"admin\" \/>\n<meta name=\"twitter:card\" content=\"summary_large_image\" \/>\n<meta name=\"twitter:label1\" content=\"Written by\" \/>\n\t<meta name=\"twitter:data1\" content=\"admin\" \/>\n\t<meta name=\"twitter:label2\" content=\"Est. reading time\" \/>\n\t<meta name=\"twitter:data2\" content=\"5 minutes\" \/>\n<script type=\"application\/ld+json\" class=\"yoast-schema-graph\">{\"@context\":\"https:\\\/\\\/schema.org\",\"@graph\":[{\"@type\":\"Article\",\"@id\":\"https:\\\/\\\/akunq.net\\\/tr\\\/?p=63706#article\",\"isPartOf\":{\"@id\":\"https:\\\/\\\/akunq.net\\\/tr\\\/?p=63706\"},\"author\":{\"name\":\"admin\",\"@id\":\"https:\\\/\\\/akunq.net\\\/tr\\\/#\\\/schema\\\/person\\\/096f1d38a12cce57fb855b485ed24c9e\"},\"headline\":\"Akyaka\u2019da tarihi kaleden sonra 2 kilise bulundu\",\"datePublished\":\"2021-07-09T06:40:25+00:00\",\"mainEntityOfPage\":{\"@id\":\"https:\\\/\\\/akunq.net\\\/tr\\\/?p=63706\"},\"wordCount\":1044,\"commentCount\":0,\"image\":{\"@id\":\"https:\\\/\\\/akunq.net\\\/tr\\\/?p=63706#primaryimage\"},\"thumbnailUrl\":\"https:\\\/\\\/akunq.net\\\/tr\\\/wp-content\\\/uploads\\\/sites\\\/6\\\/2021\\\/07\\\/Akyaka\u2019da-tarihi-kale.jpg\",\"articleSection\":[\"Haberler\"],\"inLanguage\":\"en-US\",\"potentialAction\":[{\"@type\":\"CommentAction\",\"name\":\"Comment\",\"target\":[\"https:\\\/\\\/akunq.net\\\/tr\\\/?p=63706#respond\"]}]},{\"@type\":\"WebPage\",\"@id\":\"https:\\\/\\\/akunq.net\\\/tr\\\/?p=63706\",\"url\":\"https:\\\/\\\/akunq.net\\\/tr\\\/?p=63706\",\"name\":\"Akyaka\u2019da tarihi kaleden sonra 2 kilise bulundu - Bati Ermenistan Ve Bati Ermenileri Sorunlari Ara\u015ftirmalar Merkezi\",\"isPartOf\":{\"@id\":\"https:\\\/\\\/akunq.net\\\/tr\\\/#website\"},\"primaryImageOfPage\":{\"@id\":\"https:\\\/\\\/akunq.net\\\/tr\\\/?p=63706#primaryimage\"},\"image\":{\"@id\":\"https:\\\/\\\/akunq.net\\\/tr\\\/?p=63706#primaryimage\"},\"thumbnailUrl\":\"https:\\\/\\\/akunq.net\\\/tr\\\/wp-content\\\/uploads\\\/sites\\\/6\\\/2021\\\/07\\\/Akyaka\u2019da-tarihi-kale.jpg\",\"datePublished\":\"2021-07-09T06:40:25+00:00\",\"author\":{\"@id\":\"https:\\\/\\\/akunq.net\\\/tr\\\/#\\\/schema\\\/person\\\/096f1d38a12cce57fb855b485ed24c9e\"},\"breadcrumb\":{\"@id\":\"https:\\\/\\\/akunq.net\\\/tr\\\/?p=63706#breadcrumb\"},\"inLanguage\":\"en-US\",\"potentialAction\":[{\"@type\":\"ReadAction\",\"target\":[\"https:\\\/\\\/akunq.net\\\/tr\\\/?p=63706\"]}]},{\"@type\":\"ImageObject\",\"inLanguage\":\"en-US\",\"@id\":\"https:\\\/\\\/akunq.net\\\/tr\\\/?p=63706#primaryimage\",\"url\":\"https:\\\/\\\/akunq.net\\\/tr\\\/wp-content\\\/uploads\\\/sites\\\/6\\\/2021\\\/07\\\/Akyaka\u2019da-tarihi-kale.jpg\",\"contentUrl\":\"https:\\\/\\\/akunq.net\\\/tr\\\/wp-content\\\/uploads\\\/sites\\\/6\\\/2021\\\/07\\\/Akyaka\u2019da-tarihi-kale.jpg\",\"width\":1366,\"height\":768},{\"@type\":\"BreadcrumbList\",\"@id\":\"https:\\\/\\\/akunq.net\\\/tr\\\/?p=63706#breadcrumb\",\"itemListElement\":[{\"@type\":\"ListItem\",\"position\":1,\"name\":\"Home\",\"item\":\"https:\\\/\\\/akunq.net\\\/tr\"},{\"@type\":\"ListItem\",\"position\":2,\"name\":\"Akyaka\u2019da tarihi kaleden sonra 2 kilise bulundu\"}]},{\"@type\":\"WebSite\",\"@id\":\"https:\\\/\\\/akunq.net\\\/tr\\\/#website\",\"url\":\"https:\\\/\\\/akunq.net\\\/tr\\\/\",\"name\":\"Bati Ermenistan Ve Bati Ermenileri Sorunlari Ara\u015ftirmalar Merkezi\",\"description\":\"\",\"potentialAction\":[{\"@type\":\"SearchAction\",\"target\":{\"@type\":\"EntryPoint\",\"urlTemplate\":\"https:\\\/\\\/akunq.net\\\/tr\\\/?s={search_term_string}\"},\"query-input\":{\"@type\":\"PropertyValueSpecification\",\"valueRequired\":true,\"valueName\":\"search_term_string\"}}],\"inLanguage\":\"en-US\"},{\"@type\":\"Person\",\"@id\":\"https:\\\/\\\/akunq.net\\\/tr\\\/#\\\/schema\\\/person\\\/096f1d38a12cce57fb855b485ed24c9e\",\"name\":\"admin\",\"url\":\"https:\\\/\\\/akunq.net\\\/tr\\\/?author=7\"}]}<\/script>\n<!-- \/ Yoast SEO plugin. -->","yoast_head_json":{"title":"Akyaka\u2019da tarihi kaleden sonra 2 kilise bulundu - Bati Ermenistan Ve Bati Ermenileri Sorunlari Ara\u015ftirmalar Merkezi","robots":{"index":"index","follow":"follow","max-snippet":"max-snippet:-1","max-image-preview":"max-image-preview:large","max-video-preview":"max-video-preview:-1"},"canonical":"https:\/\/akunq.net\/tr\/?p=63706","og_locale":"en_US","og_type":"article","og_title":"Akyaka\u2019da tarihi kaleden sonra 2 kilise bulundu - Bati Ermenistan Ve Bati Ermenileri Sorunlari Ara\u015ftirmalar Merkezi","og_description":"Her y\u0131l binlerce yerli ve yabanc\u0131 turistin ziyaret etti\u011fi \u2018Sakin Kent\u2019 unvanl\u0131 Ula\u2019n\u0131n Akyaka Mahallesi\u2019nde Bizans d\u00f6neminden kalan kalede kaz\u0131 \u00e7al\u0131\u015fmalar\u0131 s\u00fcrerken, mahalle merkezinde ve orman kamp\u0131 i\u00e7inde 2 kilise bulundu. Mu\u011fla\u2019n\u0131n Ula il\u00e7esi Akyaka Mahallesi\u2019nde ge\u00e7en y\u0131l ba\u015flayan kaz\u0131 \u00e7al\u0131\u015fmalar\u0131nda \u0130dyma antik kentinin uzant\u0131s\u0131 Bizans Kalesi bulunmu\u015ftu. Bizans kalesinde kaz\u0131 ve konservasyon \u00e7al\u0131\u015fmalar\u0131 s\u00fcrerken, [&hellip;]","og_url":"https:\/\/akunq.net\/tr\/?p=63706","og_site_name":"Bati Ermenistan Ve Bati Ermenileri Sorunlari Ara\u015ftirmalar Merkezi","article_published_time":"2021-07-09T06:40:25+00:00","og_image":[{"width":1366,"height":768,"url":"https:\/\/akunq.net\/tr\/wp-content\/uploads\/sites\/6\/2021\/07\/Akyaka\u2019da-tarihi-kale.jpg","type":"image\/jpeg"}],"author":"admin","twitter_card":"summary_large_image","twitter_misc":{"Written by":"admin","Est. reading time":"5 minutes"},"schema":{"@context":"https:\/\/schema.org","@graph":[{"@type":"Article","@id":"https:\/\/akunq.net\/tr\/?p=63706#article","isPartOf":{"@id":"https:\/\/akunq.net\/tr\/?p=63706"},"author":{"name":"admin","@id":"https:\/\/akunq.net\/tr\/#\/schema\/person\/096f1d38a12cce57fb855b485ed24c9e"},"headline":"Akyaka\u2019da tarihi kaleden sonra 2 kilise bulundu","datePublished":"2021-07-09T06:40:25+00:00","mainEntityOfPage":{"@id":"https:\/\/akunq.net\/tr\/?p=63706"},"wordCount":1044,"commentCount":0,"image":{"@id":"https:\/\/akunq.net\/tr\/?p=63706#primaryimage"},"thumbnailUrl":"https:\/\/akunq.net\/tr\/wp-content\/uploads\/sites\/6\/2021\/07\/Akyaka\u2019da-tarihi-kale.jpg","articleSection":["Haberler"],"inLanguage":"en-US","potentialAction":[{"@type":"CommentAction","name":"Comment","target":["https:\/\/akunq.net\/tr\/?p=63706#respond"]}]},{"@type":"WebPage","@id":"https:\/\/akunq.net\/tr\/?p=63706","url":"https:\/\/akunq.net\/tr\/?p=63706","name":"Akyaka\u2019da tarihi kaleden sonra 2 kilise bulundu - Bati Ermenistan Ve Bati Ermenileri Sorunlari Ara\u015ftirmalar Merkezi","isPartOf":{"@id":"https:\/\/akunq.net\/tr\/#website"},"primaryImageOfPage":{"@id":"https:\/\/akunq.net\/tr\/?p=63706#primaryimage"},"image":{"@id":"https:\/\/akunq.net\/tr\/?p=63706#primaryimage"},"thumbnailUrl":"https:\/\/akunq.net\/tr\/wp-content\/uploads\/sites\/6\/2021\/07\/Akyaka\u2019da-tarihi-kale.jpg","datePublished":"2021-07-09T06:40:25+00:00","author":{"@id":"https:\/\/akunq.net\/tr\/#\/schema\/person\/096f1d38a12cce57fb855b485ed24c9e"},"breadcrumb":{"@id":"https:\/\/akunq.net\/tr\/?p=63706#breadcrumb"},"inLanguage":"en-US","potentialAction":[{"@type":"ReadAction","target":["https:\/\/akunq.net\/tr\/?p=63706"]}]},{"@type":"ImageObject","inLanguage":"en-US","@id":"https:\/\/akunq.net\/tr\/?p=63706#primaryimage","url":"https:\/\/akunq.net\/tr\/wp-content\/uploads\/sites\/6\/2021\/07\/Akyaka\u2019da-tarihi-kale.jpg","contentUrl":"https:\/\/akunq.net\/tr\/wp-content\/uploads\/sites\/6\/2021\/07\/Akyaka\u2019da-tarihi-kale.jpg","width":1366,"height":768},{"@type":"BreadcrumbList","@id":"https:\/\/akunq.net\/tr\/?p=63706#breadcrumb","itemListElement":[{"@type":"ListItem","position":1,"name":"Home","item":"https:\/\/akunq.net\/tr"},{"@type":"ListItem","position":2,"name":"Akyaka\u2019da tarihi kaleden sonra 2 kilise bulundu"}]},{"@type":"WebSite","@id":"https:\/\/akunq.net\/tr\/#website","url":"https:\/\/akunq.net\/tr\/","name":"Bati Ermenistan Ve Bati Ermenileri Sorunlari Ara\u015ftirmalar Merkezi","description":"","potentialAction":[{"@type":"SearchAction","target":{"@type":"EntryPoint","urlTemplate":"https:\/\/akunq.net\/tr\/?s={search_term_string}"},"query-input":{"@type":"PropertyValueSpecification","valueRequired":true,"valueName":"search_term_string"}}],"inLanguage":"en-US"},{"@type":"Person","@id":"https:\/\/akunq.net\/tr\/#\/schema\/person\/096f1d38a12cce57fb855b485ed24c9e","name":"admin","url":"https:\/\/akunq.net\/tr\/?author=7"}]}},"_links":{"self":[{"href":"https:\/\/akunq.net\/tr\/index.php?rest_route=\/wp\/v2\/posts\/63706","targetHints":{"allow":["GET"]}}],"collection":[{"href":"https:\/\/akunq.net\/tr\/index.php?rest_route=\/wp\/v2\/posts"}],"about":[{"href":"https:\/\/akunq.net\/tr\/index.php?rest_route=\/wp\/v2\/types\/post"}],"author":[{"embeddable":true,"href":"https:\/\/akunq.net\/tr\/index.php?rest_route=\/wp\/v2\/users\/7"}],"replies":[{"embeddable":true,"href":"https:\/\/akunq.net\/tr\/index.php?rest_route=%2Fwp%2Fv2%2Fcomments&post=63706"}],"version-history":[{"count":1,"href":"https:\/\/akunq.net\/tr\/index.php?rest_route=\/wp\/v2\/posts\/63706\/revisions"}],"predecessor-version":[{"id":63708,"href":"https:\/\/akunq.net\/tr\/index.php?rest_route=\/wp\/v2\/posts\/63706\/revisions\/63708"}],"wp:featuredmedia":[{"embeddable":true,"href":"https:\/\/akunq.net\/tr\/index.php?rest_route=\/wp\/v2\/media\/63707"}],"wp:attachment":[{"href":"https:\/\/akunq.net\/tr\/index.php?rest_route=%2Fwp%2Fv2%2Fmedia&parent=63706"}],"wp:term":[{"taxonomy":"category","embeddable":true,"href":"https:\/\/akunq.net\/tr\/index.php?rest_route=%2Fwp%2Fv2%2Fcategories&post=63706"},{"taxonomy":"post_tag","embeddable":true,"href":"https:\/\/akunq.net\/tr\/index.php?rest_route=%2Fwp%2Fv2%2Ftags&post=63706"}],"curies":[{"name":"wp","href":"https:\/\/api.w.org\/{rel}","templated":true}]}}