{"id":63703,"date":"2021-07-09T01:33:09","date_gmt":"2021-07-09T06:33:09","guid":{"rendered":"https:\/\/akunq.net\/tr\/?p=63703"},"modified":"2021-07-09T01:33:09","modified_gmt":"2021-07-09T06:33:09","slug":"ermenistan-ilk-defa-cannes-film-festivaline-online-standiyla-katilacak","status":"publish","type":"post","link":"https:\/\/akunq.net\/tr\/?p=63703","title":{"rendered":"Ermenistan ilk defa Cannes Film Festivali\u2019ne online stand\u0131yla kat\u0131lacak"},"content":{"rendered":"<p><img loading=\"lazy\" decoding=\"async\" class=\"aligncenter size-medium wp-image-63704\" src=\"https:\/\/akunq.net\/tr\/wp-content\/uploads\/2021\/07\/Cannes-Film-Festivali-360x242.jpg\" alt=\"\" width=\"360\" height=\"242\" srcset=\"https:\/\/akunq.net\/tr\/wp-content\/uploads\/sites\/6\/2021\/07\/Cannes-Film-Festivali-360x242.jpg 360w, https:\/\/akunq.net\/tr\/wp-content\/uploads\/sites\/6\/2021\/07\/Cannes-Film-Festivali-560x376.jpg 560w, https:\/\/akunq.net\/tr\/wp-content\/uploads\/sites\/6\/2021\/07\/Cannes-Film-Festivali-260x175.jpg 260w, https:\/\/akunq.net\/tr\/wp-content\/uploads\/sites\/6\/2021\/07\/Cannes-Film-Festivali-160x107.jpg 160w, https:\/\/akunq.net\/tr\/wp-content\/uploads\/sites\/6\/2021\/07\/Cannes-Film-Festivali.jpg 670w\" sizes=\"auto, (max-width: 360px) 100vw, 360px\" \/><\/p>\n<p><em><strong>Fransa&#8217;da ger\u00e7ekle\u015ftirilecek &#8220;74. Cannes Film Festivali&#8221; s\u0131ras\u0131nda d\u00fczenlenen Avrupa Film Pazar\u0131&#8217;nda (Marche du Film) Ermenistan stand\u0131 da yer alacak. Fakat bu sefer ilf defa olarak Ermenistan stand\u0131 online olacak.<\/strong><\/em><\/p>\n<p>Avrupa&#8217;daki en \u00f6nemli 3 film festivalinden biri olan Cannes Film Festivali 6-15 Temmuz tarihleri aras\u0131nda ger\u00e7ekle\u015ftirilecek.<\/p>\n<p>Festivalde bilgi ve teknoloji aktar\u0131m\u0131, yerel fon kaynaklar\u0131na eri\u015fim, potansiyel pazarlar olu\u015fturulmas\u0131 ve tan\u0131t\u0131m faaliyetlerinin geli\u015fmesi gibi sebeplerle sinema sekt\u00f6r\u00fcnde \u00f6nemli hale gelen ortak yap\u0131m ve proje imkanlar\u0131 g\u00f6r\u00fc\u015f\u00fclecek.<\/p>\n<p>Ermenistan Milli Film Merkezin\u2019den aktar\u0131lan bilgilere g\u00f6re Ermenistan bu sene online kat\u0131l\u0131m format\u0131n\u0131 se\u00e7ti ve k\u0131sa zaman i\u00e7erisinde \u00e7al\u0131\u015fma ekibi online sayfa (stand) haz\u0131rlad\u0131 Marche\u2019 du Film sitede.<\/p>\n<p>Marche&#8217; du Film sitesinde yer alan Ermeni online sayfas\u0131nda ayn\u0131 zamanda Milli Film Merkezi ve CINANDO\u2019nun aktif linkleri var. Ermeni sayfas\u0131n\u0131n birka\u00e7 b\u00f6l\u00fcm\u00fc var. Film katalo\u011fuyla birlikte Ermeni festivalleri, Ermeni film miras\u0131n\u0131 ve Ermenistan\u2019\u0131n turistik mekanlar\u0131n\u0131 anlatan b\u00f6l\u00fcmler de mevcut.<\/p>\n<p><em><strong>https:\/\/www.ermenihaber.am\/tr\/news\/2021\/07\/08\/Ermenistan-Cannes-Film-Festivali\/211179\u00a0<\/strong><\/em><\/p>\n","protected":false},"excerpt":{"rendered":"<p>Fransa&#8217;da ger\u00e7ekle\u015ftirilecek &#8220;74. Cannes Film Festivali&#8221; s\u0131ras\u0131nda d\u00fczenlenen Avrupa Film Pazar\u0131&#8217;nda (Marche du Film) Ermenistan stand\u0131 da yer alacak. Fakat bu sefer ilf defa olarak Ermenistan stand\u0131 online olacak. Avrupa&#8217;daki en \u00f6nemli 3 film festivalinden biri olan Cannes Film Festivali 6-15 Temmuz tarihleri aras\u0131nda ger\u00e7ekle\u015ftirilecek. Festivalde bilgi ve teknoloji aktar\u0131m\u0131, yerel fon kaynaklar\u0131na eri\u015fim, potansiyel [&hellip;]<\/p>\n","protected":false},"author":7,"featured_media":63704,"comment_status":"open","ping_status":"open","sticky":false,"template":"","format":"standard","meta":{"footnotes":""},"categories":[1],"tags":[],"class_list":["post-63703","post","type-post","status-publish","format-standard","has-post-thumbnail","hentry","category-haberler"],"yoast_head":"<!-- This site is optimized with the Yoast SEO plugin v27.4 - https:\/\/yoast.com\/product\/yoast-seo-wordpress\/ -->\n<title>Ermenistan ilk defa Cannes Film Festivali\u2019ne online stand\u0131yla kat\u0131lacak - Bati Ermenistan Ve Bati Ermenileri Sorunlari Ara\u015ftirmalar Merkezi<\/title>\n<meta name=\"robots\" content=\"index, follow, max-snippet:-1, max-image-preview:large, max-video-preview:-1\" \/>\n<link rel=\"canonical\" href=\"https:\/\/akunq.net\/tr\/?p=63703\" \/>\n<meta property=\"og:locale\" content=\"en_US\" \/>\n<meta property=\"og:type\" content=\"article\" \/>\n<meta property=\"og:title\" content=\"Ermenistan ilk defa Cannes Film Festivali\u2019ne online stand\u0131yla kat\u0131lacak - Bati Ermenistan Ve Bati Ermenileri Sorunlari Ara\u015ftirmalar Merkezi\" \/>\n<meta property=\"og:description\" content=\"Fransa&#8217;da ger\u00e7ekle\u015ftirilecek &#8220;74. Cannes Film Festivali&#8221; s\u0131ras\u0131nda d\u00fczenlenen Avrupa Film Pazar\u0131&#8217;nda (Marche du Film) Ermenistan stand\u0131 da yer alacak. Fakat bu sefer ilf defa olarak Ermenistan stand\u0131 online olacak. Avrupa&#8217;daki en \u00f6nemli 3 film festivalinden biri olan Cannes Film Festivali 6-15 Temmuz tarihleri aras\u0131nda ger\u00e7ekle\u015ftirilecek. Festivalde bilgi ve teknoloji aktar\u0131m\u0131, yerel fon kaynaklar\u0131na eri\u015fim, potansiyel [&hellip;]\" \/>\n<meta property=\"og:url\" content=\"https:\/\/akunq.net\/tr\/?p=63703\" \/>\n<meta property=\"og:site_name\" content=\"Bati Ermenistan Ve Bati Ermenileri Sorunlari Ara\u015ftirmalar Merkezi\" \/>\n<meta property=\"article:published_time\" content=\"2021-07-09T06:33:09+00:00\" \/>\n<meta property=\"og:image\" content=\"https:\/\/akunq.net\/tr\/wp-content\/uploads\/sites\/6\/2021\/07\/Cannes-Film-Festivali.jpg\" \/>\n\t<meta property=\"og:image:width\" content=\"670\" \/>\n\t<meta property=\"og:image:height\" content=\"450\" \/>\n\t<meta property=\"og:image:type\" content=\"image\/jpeg\" \/>\n<meta name=\"author\" content=\"admin\" \/>\n<meta name=\"twitter:card\" content=\"summary_large_image\" \/>\n<meta name=\"twitter:label1\" content=\"Written by\" \/>\n\t<meta name=\"twitter:data1\" content=\"admin\" \/>\n\t<meta name=\"twitter:label2\" content=\"Est. reading time\" \/>\n\t<meta name=\"twitter:data2\" content=\"1 minute\" \/>\n<script type=\"application\/ld+json\" class=\"yoast-schema-graph\">{\"@context\":\"https:\\\/\\\/schema.org\",\"@graph\":[{\"@type\":\"Article\",\"@id\":\"https:\\\/\\\/akunq.net\\\/tr\\\/?p=63703#article\",\"isPartOf\":{\"@id\":\"https:\\\/\\\/akunq.net\\\/tr\\\/?p=63703\"},\"author\":{\"name\":\"admin\",\"@id\":\"https:\\\/\\\/akunq.net\\\/tr\\\/#\\\/schema\\\/person\\\/096f1d38a12cce57fb855b485ed24c9e\"},\"headline\":\"Ermenistan ilk defa Cannes Film Festivali\u2019ne online stand\u0131yla kat\u0131lacak\",\"datePublished\":\"2021-07-09T06:33:09+00:00\",\"mainEntityOfPage\":{\"@id\":\"https:\\\/\\\/akunq.net\\\/tr\\\/?p=63703\"},\"wordCount\":203,\"commentCount\":0,\"image\":{\"@id\":\"https:\\\/\\\/akunq.net\\\/tr\\\/?p=63703#primaryimage\"},\"thumbnailUrl\":\"https:\\\/\\\/akunq.net\\\/tr\\\/wp-content\\\/uploads\\\/sites\\\/6\\\/2021\\\/07\\\/Cannes-Film-Festivali.jpg\",\"articleSection\":[\"Haberler\"],\"inLanguage\":\"en-US\",\"potentialAction\":[{\"@type\":\"CommentAction\",\"name\":\"Comment\",\"target\":[\"https:\\\/\\\/akunq.net\\\/tr\\\/?p=63703#respond\"]}]},{\"@type\":\"WebPage\",\"@id\":\"https:\\\/\\\/akunq.net\\\/tr\\\/?p=63703\",\"url\":\"https:\\\/\\\/akunq.net\\\/tr\\\/?p=63703\",\"name\":\"Ermenistan ilk defa Cannes Film Festivali\u2019ne online stand\u0131yla kat\u0131lacak - Bati Ermenistan Ve Bati Ermenileri Sorunlari Ara\u015ftirmalar Merkezi\",\"isPartOf\":{\"@id\":\"https:\\\/\\\/akunq.net\\\/tr\\\/#website\"},\"primaryImageOfPage\":{\"@id\":\"https:\\\/\\\/akunq.net\\\/tr\\\/?p=63703#primaryimage\"},\"image\":{\"@id\":\"https:\\\/\\\/akunq.net\\\/tr\\\/?p=63703#primaryimage\"},\"thumbnailUrl\":\"https:\\\/\\\/akunq.net\\\/tr\\\/wp-content\\\/uploads\\\/sites\\\/6\\\/2021\\\/07\\\/Cannes-Film-Festivali.jpg\",\"datePublished\":\"2021-07-09T06:33:09+00:00\",\"author\":{\"@id\":\"https:\\\/\\\/akunq.net\\\/tr\\\/#\\\/schema\\\/person\\\/096f1d38a12cce57fb855b485ed24c9e\"},\"breadcrumb\":{\"@id\":\"https:\\\/\\\/akunq.net\\\/tr\\\/?p=63703#breadcrumb\"},\"inLanguage\":\"en-US\",\"potentialAction\":[{\"@type\":\"ReadAction\",\"target\":[\"https:\\\/\\\/akunq.net\\\/tr\\\/?p=63703\"]}]},{\"@type\":\"ImageObject\",\"inLanguage\":\"en-US\",\"@id\":\"https:\\\/\\\/akunq.net\\\/tr\\\/?p=63703#primaryimage\",\"url\":\"https:\\\/\\\/akunq.net\\\/tr\\\/wp-content\\\/uploads\\\/sites\\\/6\\\/2021\\\/07\\\/Cannes-Film-Festivali.jpg\",\"contentUrl\":\"https:\\\/\\\/akunq.net\\\/tr\\\/wp-content\\\/uploads\\\/sites\\\/6\\\/2021\\\/07\\\/Cannes-Film-Festivali.jpg\",\"width\":670,\"height\":450},{\"@type\":\"BreadcrumbList\",\"@id\":\"https:\\\/\\\/akunq.net\\\/tr\\\/?p=63703#breadcrumb\",\"itemListElement\":[{\"@type\":\"ListItem\",\"position\":1,\"name\":\"Home\",\"item\":\"https:\\\/\\\/akunq.net\\\/tr\"},{\"@type\":\"ListItem\",\"position\":2,\"name\":\"Ermenistan ilk defa Cannes Film Festivali\u2019ne online stand\u0131yla kat\u0131lacak\"}]},{\"@type\":\"WebSite\",\"@id\":\"https:\\\/\\\/akunq.net\\\/tr\\\/#website\",\"url\":\"https:\\\/\\\/akunq.net\\\/tr\\\/\",\"name\":\"Bati Ermenistan Ve Bati Ermenileri Sorunlari Ara\u015ftirmalar Merkezi\",\"description\":\"\",\"potentialAction\":[{\"@type\":\"SearchAction\",\"target\":{\"@type\":\"EntryPoint\",\"urlTemplate\":\"https:\\\/\\\/akunq.net\\\/tr\\\/?s={search_term_string}\"},\"query-input\":{\"@type\":\"PropertyValueSpecification\",\"valueRequired\":true,\"valueName\":\"search_term_string\"}}],\"inLanguage\":\"en-US\"},{\"@type\":\"Person\",\"@id\":\"https:\\\/\\\/akunq.net\\\/tr\\\/#\\\/schema\\\/person\\\/096f1d38a12cce57fb855b485ed24c9e\",\"name\":\"admin\",\"url\":\"https:\\\/\\\/akunq.net\\\/tr\\\/?author=7\"}]}<\/script>\n<!-- \/ Yoast SEO plugin. -->","yoast_head_json":{"title":"Ermenistan ilk defa Cannes Film Festivali\u2019ne online stand\u0131yla kat\u0131lacak - Bati Ermenistan Ve Bati Ermenileri Sorunlari Ara\u015ftirmalar Merkezi","robots":{"index":"index","follow":"follow","max-snippet":"max-snippet:-1","max-image-preview":"max-image-preview:large","max-video-preview":"max-video-preview:-1"},"canonical":"https:\/\/akunq.net\/tr\/?p=63703","og_locale":"en_US","og_type":"article","og_title":"Ermenistan ilk defa Cannes Film Festivali\u2019ne online stand\u0131yla kat\u0131lacak - Bati Ermenistan Ve Bati Ermenileri Sorunlari Ara\u015ftirmalar Merkezi","og_description":"Fransa&#8217;da ger\u00e7ekle\u015ftirilecek &#8220;74. Cannes Film Festivali&#8221; s\u0131ras\u0131nda d\u00fczenlenen Avrupa Film Pazar\u0131&#8217;nda (Marche du Film) Ermenistan stand\u0131 da yer alacak. Fakat bu sefer ilf defa olarak Ermenistan stand\u0131 online olacak. Avrupa&#8217;daki en \u00f6nemli 3 film festivalinden biri olan Cannes Film Festivali 6-15 Temmuz tarihleri aras\u0131nda ger\u00e7ekle\u015ftirilecek. Festivalde bilgi ve teknoloji aktar\u0131m\u0131, yerel fon kaynaklar\u0131na eri\u015fim, potansiyel [&hellip;]","og_url":"https:\/\/akunq.net\/tr\/?p=63703","og_site_name":"Bati Ermenistan Ve Bati Ermenileri Sorunlari Ara\u015ftirmalar Merkezi","article_published_time":"2021-07-09T06:33:09+00:00","og_image":[{"width":670,"height":450,"url":"https:\/\/akunq.net\/tr\/wp-content\/uploads\/sites\/6\/2021\/07\/Cannes-Film-Festivali.jpg","type":"image\/jpeg"}],"author":"admin","twitter_card":"summary_large_image","twitter_misc":{"Written by":"admin","Est. reading time":"1 minute"},"schema":{"@context":"https:\/\/schema.org","@graph":[{"@type":"Article","@id":"https:\/\/akunq.net\/tr\/?p=63703#article","isPartOf":{"@id":"https:\/\/akunq.net\/tr\/?p=63703"},"author":{"name":"admin","@id":"https:\/\/akunq.net\/tr\/#\/schema\/person\/096f1d38a12cce57fb855b485ed24c9e"},"headline":"Ermenistan ilk defa Cannes Film Festivali\u2019ne online stand\u0131yla kat\u0131lacak","datePublished":"2021-07-09T06:33:09+00:00","mainEntityOfPage":{"@id":"https:\/\/akunq.net\/tr\/?p=63703"},"wordCount":203,"commentCount":0,"image":{"@id":"https:\/\/akunq.net\/tr\/?p=63703#primaryimage"},"thumbnailUrl":"https:\/\/akunq.net\/tr\/wp-content\/uploads\/sites\/6\/2021\/07\/Cannes-Film-Festivali.jpg","articleSection":["Haberler"],"inLanguage":"en-US","potentialAction":[{"@type":"CommentAction","name":"Comment","target":["https:\/\/akunq.net\/tr\/?p=63703#respond"]}]},{"@type":"WebPage","@id":"https:\/\/akunq.net\/tr\/?p=63703","url":"https:\/\/akunq.net\/tr\/?p=63703","name":"Ermenistan ilk defa Cannes Film Festivali\u2019ne online stand\u0131yla kat\u0131lacak - Bati Ermenistan Ve Bati Ermenileri Sorunlari Ara\u015ftirmalar Merkezi","isPartOf":{"@id":"https:\/\/akunq.net\/tr\/#website"},"primaryImageOfPage":{"@id":"https:\/\/akunq.net\/tr\/?p=63703#primaryimage"},"image":{"@id":"https:\/\/akunq.net\/tr\/?p=63703#primaryimage"},"thumbnailUrl":"https:\/\/akunq.net\/tr\/wp-content\/uploads\/sites\/6\/2021\/07\/Cannes-Film-Festivali.jpg","datePublished":"2021-07-09T06:33:09+00:00","author":{"@id":"https:\/\/akunq.net\/tr\/#\/schema\/person\/096f1d38a12cce57fb855b485ed24c9e"},"breadcrumb":{"@id":"https:\/\/akunq.net\/tr\/?p=63703#breadcrumb"},"inLanguage":"en-US","potentialAction":[{"@type":"ReadAction","target":["https:\/\/akunq.net\/tr\/?p=63703"]}]},{"@type":"ImageObject","inLanguage":"en-US","@id":"https:\/\/akunq.net\/tr\/?p=63703#primaryimage","url":"https:\/\/akunq.net\/tr\/wp-content\/uploads\/sites\/6\/2021\/07\/Cannes-Film-Festivali.jpg","contentUrl":"https:\/\/akunq.net\/tr\/wp-content\/uploads\/sites\/6\/2021\/07\/Cannes-Film-Festivali.jpg","width":670,"height":450},{"@type":"BreadcrumbList","@id":"https:\/\/akunq.net\/tr\/?p=63703#breadcrumb","itemListElement":[{"@type":"ListItem","position":1,"name":"Home","item":"https:\/\/akunq.net\/tr"},{"@type":"ListItem","position":2,"name":"Ermenistan ilk defa Cannes Film Festivali\u2019ne online stand\u0131yla kat\u0131lacak"}]},{"@type":"WebSite","@id":"https:\/\/akunq.net\/tr\/#website","url":"https:\/\/akunq.net\/tr\/","name":"Bati Ermenistan Ve Bati Ermenileri Sorunlari Ara\u015ftirmalar Merkezi","description":"","potentialAction":[{"@type":"SearchAction","target":{"@type":"EntryPoint","urlTemplate":"https:\/\/akunq.net\/tr\/?s={search_term_string}"},"query-input":{"@type":"PropertyValueSpecification","valueRequired":true,"valueName":"search_term_string"}}],"inLanguage":"en-US"},{"@type":"Person","@id":"https:\/\/akunq.net\/tr\/#\/schema\/person\/096f1d38a12cce57fb855b485ed24c9e","name":"admin","url":"https:\/\/akunq.net\/tr\/?author=7"}]}},"_links":{"self":[{"href":"https:\/\/akunq.net\/tr\/index.php?rest_route=\/wp\/v2\/posts\/63703","targetHints":{"allow":["GET"]}}],"collection":[{"href":"https:\/\/akunq.net\/tr\/index.php?rest_route=\/wp\/v2\/posts"}],"about":[{"href":"https:\/\/akunq.net\/tr\/index.php?rest_route=\/wp\/v2\/types\/post"}],"author":[{"embeddable":true,"href":"https:\/\/akunq.net\/tr\/index.php?rest_route=\/wp\/v2\/users\/7"}],"replies":[{"embeddable":true,"href":"https:\/\/akunq.net\/tr\/index.php?rest_route=%2Fwp%2Fv2%2Fcomments&post=63703"}],"version-history":[{"count":1,"href":"https:\/\/akunq.net\/tr\/index.php?rest_route=\/wp\/v2\/posts\/63703\/revisions"}],"predecessor-version":[{"id":63705,"href":"https:\/\/akunq.net\/tr\/index.php?rest_route=\/wp\/v2\/posts\/63703\/revisions\/63705"}],"wp:featuredmedia":[{"embeddable":true,"href":"https:\/\/akunq.net\/tr\/index.php?rest_route=\/wp\/v2\/media\/63704"}],"wp:attachment":[{"href":"https:\/\/akunq.net\/tr\/index.php?rest_route=%2Fwp%2Fv2%2Fmedia&parent=63703"}],"wp:term":[{"taxonomy":"category","embeddable":true,"href":"https:\/\/akunq.net\/tr\/index.php?rest_route=%2Fwp%2Fv2%2Fcategories&post=63703"},{"taxonomy":"post_tag","embeddable":true,"href":"https:\/\/akunq.net\/tr\/index.php?rest_route=%2Fwp%2Fv2%2Ftags&post=63703"}],"curies":[{"name":"wp","href":"https:\/\/api.w.org\/{rel}","templated":true}]}}