{"id":63639,"date":"2021-07-06T05:13:35","date_gmt":"2021-07-06T10:13:35","guid":{"rendered":"https:\/\/akunq.net\/tr\/?p=63639"},"modified":"2021-07-06T05:13:35","modified_gmt":"2021-07-06T10:13:35","slug":"ibb-genel-sekreter-yardimcisi-mahir-polat-kayseri-endurluk-kilisesi-yikilmis-defineci-talaniyla-mahvolmus-anadolu-bir-kutsal-yapiya-bunu-mu-reva-gormeliydi","status":"publish","type":"post","link":"https:\/\/akunq.net\/tr\/?p=63639","title":{"rendered":"\u0130BB Genel Sekreter Yard\u0131mc\u0131s\u0131 Mahir Polat: Kayseri End\u00fcrl\u00fck Kilisesi y\u0131k\u0131lm\u0131\u015f, defineci talan\u0131yla mahvolmu\u015f; Anadolu bir kutsal yap\u0131ya bunu mu reva g\u00f6rmeliydi?"},"content":{"rendered":"<p><img loading=\"lazy\" decoding=\"async\" class=\"aligncenter size-medium wp-image-63640\" src=\"https:\/\/akunq.net\/tr\/wp-content\/uploads\/2021\/07\/Kayseri-Endurluk-360x203.jpg\" alt=\"\" width=\"360\" height=\"203\" srcset=\"https:\/\/akunq.net\/tr\/wp-content\/uploads\/sites\/6\/2021\/07\/Kayseri-Endurluk-360x203.jpg 360w, https:\/\/akunq.net\/tr\/wp-content\/uploads\/sites\/6\/2021\/07\/Kayseri-Endurluk-260x146.jpg 260w, https:\/\/akunq.net\/tr\/wp-content\/uploads\/sites\/6\/2021\/07\/Kayseri-Endurluk-160x90.jpg 160w, https:\/\/akunq.net\/tr\/wp-content\/uploads\/sites\/6\/2021\/07\/Kayseri-Endurluk.jpg 512w\" sizes=\"auto, (max-width: 360px) 100vw, 360px\" \/><\/p>\n<p><em><strong>\u0130stanbul B\u00fcy\u00fck\u015fehir Belediyesi Genel Sekreter Yard\u0131mc\u0131s\u0131 Mahir Polat, Kayseri\u2019de bulunan End\u00fcrl\u00fck Kilisesi\u2019nin (Aya Triada) son halini payla\u015farak, \u201cKayseri End\u00fcrl\u00fck Kilisesi y\u0131k\u0131lm\u0131\u015f, defineci talan\u0131yla mahvolmu\u015f; Anadolu bir kutsal yap\u0131ya bunu mu reva g\u00f6rmeliydi?\u201d dedi.<\/strong><\/em><\/p>\n<p>\u0130BB Genel Sekreter Yard\u0131mc\u0131s\u0131 Mahir Polat, Kayseri Talas\u2019ta bulunan End\u00fcrl\u00fck Kilisesi\u2019nin (Aya Triada) i\u00e7ler ac\u0131s\u0131 halini payla\u015ft\u0131. Bak\u0131ms\u0131zl\u0131ktan viran halde bulunan kilisenin i\u00e7inden g\u00f6r\u00fcnt\u00fcler payla\u015fan Polat, g\u00f6r\u00fcnt\u00fclere \u201cKayseri End\u00fcrl\u00fck Kilisesi\u2019nin bu hali hepimiz i\u00e7in utan\u00e7 verici. Sahipsizlikten y\u0131k\u0131lm\u0131\u015f, peri\u015fan olmu\u015f hali yetmez gibi defineci talan\u0131yla mahvolmu\u015f durumda. Bug\u00fcn yerinde g\u00f6rd\u00fc\u011f\u00fcm bu manzaradan utan\u0131yorum. Medeniyetler be\u015fi\u011fi Anadolu bir kutsal yap\u0131ya bunu mu reva g\u00f6rmeliydi?\u201d notunu d\u00fc\u015ft\u00fc.<\/p>\n<p>Polat\u2019\u0131n dikkat \u00e7ekti\u011fi kilisenin hemen her yerindeki yaz\u0131lamalar, definecilerin verdi\u011fi hasarlar ve bak\u0131ms\u0131zl\u0131ktan dolay\u0131 harap halde bulunan yap\u0131 par\u00e7alar\u0131 ise g\u00f6zler \u00f6n\u00fcne serildi.<\/p>\n<p><em><strong>https:\/\/t24.com.tr\/video\/ibb-genel-sekreter-yardimcisi-mahir-polat-kayseri-endurluk-kilisesi-yikilmis-defineci-talaniyla-mahvolmus-anadolu-bir-kutsal-yapiya-bunu-mu-reva-gormeliydi,40193\u00a0<\/strong><\/em><\/p>\n","protected":false},"excerpt":{"rendered":"<p>\u0130stanbul B\u00fcy\u00fck\u015fehir Belediyesi Genel Sekreter Yard\u0131mc\u0131s\u0131 Mahir Polat, Kayseri\u2019de bulunan End\u00fcrl\u00fck Kilisesi\u2019nin (Aya Triada) son halini payla\u015farak, \u201cKayseri End\u00fcrl\u00fck Kilisesi y\u0131k\u0131lm\u0131\u015f, defineci talan\u0131yla mahvolmu\u015f; Anadolu bir kutsal yap\u0131ya bunu mu reva g\u00f6rmeliydi?\u201d dedi. \u0130BB Genel Sekreter Yard\u0131mc\u0131s\u0131 Mahir Polat, Kayseri Talas\u2019ta bulunan End\u00fcrl\u00fck Kilisesi\u2019nin (Aya Triada) i\u00e7ler ac\u0131s\u0131 halini payla\u015ft\u0131. Bak\u0131ms\u0131zl\u0131ktan viran halde bulunan kilisenin [&hellip;]<\/p>\n","protected":false},"author":7,"featured_media":63640,"comment_status":"open","ping_status":"open","sticky":false,"template":"","format":"standard","meta":{"footnotes":""},"categories":[1],"tags":[],"class_list":["post-63639","post","type-post","status-publish","format-standard","has-post-thumbnail","hentry","category-haberler"],"yoast_head":"<!-- This site is optimized with the Yoast SEO plugin v27.4 - https:\/\/yoast.com\/product\/yoast-seo-wordpress\/ -->\n<title>\u0130BB Genel Sekreter Yard\u0131mc\u0131s\u0131 Mahir Polat: Kayseri End\u00fcrl\u00fck Kilisesi y\u0131k\u0131lm\u0131\u015f, defineci talan\u0131yla mahvolmu\u015f; Anadolu bir kutsal yap\u0131ya bunu mu reva g\u00f6rmeliydi? - Bati Ermenistan Ve Bati Ermenileri Sorunlari Ara\u015ftirmalar Merkezi<\/title>\n<meta name=\"robots\" content=\"index, follow, max-snippet:-1, max-image-preview:large, max-video-preview:-1\" \/>\n<link rel=\"canonical\" href=\"https:\/\/akunq.net\/tr\/?p=63639\" \/>\n<meta property=\"og:locale\" content=\"en_US\" \/>\n<meta property=\"og:type\" content=\"article\" \/>\n<meta property=\"og:title\" content=\"\u0130BB Genel Sekreter Yard\u0131mc\u0131s\u0131 Mahir Polat: Kayseri End\u00fcrl\u00fck Kilisesi y\u0131k\u0131lm\u0131\u015f, defineci talan\u0131yla mahvolmu\u015f; Anadolu bir kutsal yap\u0131ya bunu mu reva g\u00f6rmeliydi? - Bati Ermenistan Ve Bati Ermenileri Sorunlari Ara\u015ftirmalar Merkezi\" \/>\n<meta property=\"og:description\" content=\"\u0130stanbul B\u00fcy\u00fck\u015fehir Belediyesi Genel Sekreter Yard\u0131mc\u0131s\u0131 Mahir Polat, Kayseri\u2019de bulunan End\u00fcrl\u00fck Kilisesi\u2019nin (Aya Triada) son halini payla\u015farak, \u201cKayseri End\u00fcrl\u00fck Kilisesi y\u0131k\u0131lm\u0131\u015f, defineci talan\u0131yla mahvolmu\u015f; Anadolu bir kutsal yap\u0131ya bunu mu reva g\u00f6rmeliydi?\u201d dedi. \u0130BB Genel Sekreter Yard\u0131mc\u0131s\u0131 Mahir Polat, Kayseri Talas\u2019ta bulunan End\u00fcrl\u00fck Kilisesi\u2019nin (Aya Triada) i\u00e7ler ac\u0131s\u0131 halini payla\u015ft\u0131. Bak\u0131ms\u0131zl\u0131ktan viran halde bulunan kilisenin [&hellip;]\" \/>\n<meta property=\"og:url\" content=\"https:\/\/akunq.net\/tr\/?p=63639\" \/>\n<meta property=\"og:site_name\" content=\"Bati Ermenistan Ve Bati Ermenileri Sorunlari Ara\u015ftirmalar Merkezi\" \/>\n<meta property=\"article:published_time\" content=\"2021-07-06T10:13:35+00:00\" \/>\n<meta property=\"og:image\" content=\"https:\/\/akunq.net\/tr\/wp-content\/uploads\/sites\/6\/2021\/07\/Kayseri-Endurluk.jpg\" \/>\n\t<meta property=\"og:image:width\" content=\"512\" \/>\n\t<meta property=\"og:image:height\" content=\"288\" \/>\n\t<meta property=\"og:image:type\" content=\"image\/jpeg\" \/>\n<meta name=\"author\" content=\"admin\" \/>\n<meta name=\"twitter:card\" content=\"summary_large_image\" \/>\n<meta name=\"twitter:label1\" content=\"Written by\" \/>\n\t<meta name=\"twitter:data1\" content=\"admin\" \/>\n\t<meta name=\"twitter:label2\" content=\"Est. reading time\" \/>\n\t<meta name=\"twitter:data2\" content=\"1 minute\" \/>\n<script type=\"application\/ld+json\" class=\"yoast-schema-graph\">{\"@context\":\"https:\\\/\\\/schema.org\",\"@graph\":[{\"@type\":\"Article\",\"@id\":\"https:\\\/\\\/akunq.net\\\/tr\\\/?p=63639#article\",\"isPartOf\":{\"@id\":\"https:\\\/\\\/akunq.net\\\/tr\\\/?p=63639\"},\"author\":{\"name\":\"admin\",\"@id\":\"https:\\\/\\\/akunq.net\\\/tr\\\/#\\\/schema\\\/person\\\/096f1d38a12cce57fb855b485ed24c9e\"},\"headline\":\"\u0130BB Genel Sekreter Yard\u0131mc\u0131s\u0131 Mahir Polat: Kayseri End\u00fcrl\u00fck Kilisesi y\u0131k\u0131lm\u0131\u015f, defineci talan\u0131yla mahvolmu\u015f; Anadolu bir kutsal yap\u0131ya bunu mu reva g\u00f6rmeliydi?\",\"datePublished\":\"2021-07-06T10:13:35+00:00\",\"mainEntityOfPage\":{\"@id\":\"https:\\\/\\\/akunq.net\\\/tr\\\/?p=63639\"},\"wordCount\":221,\"commentCount\":0,\"image\":{\"@id\":\"https:\\\/\\\/akunq.net\\\/tr\\\/?p=63639#primaryimage\"},\"thumbnailUrl\":\"https:\\\/\\\/akunq.net\\\/tr\\\/wp-content\\\/uploads\\\/sites\\\/6\\\/2021\\\/07\\\/Kayseri-Endurluk.jpg\",\"articleSection\":[\"Haberler\"],\"inLanguage\":\"en-US\",\"potentialAction\":[{\"@type\":\"CommentAction\",\"name\":\"Comment\",\"target\":[\"https:\\\/\\\/akunq.net\\\/tr\\\/?p=63639#respond\"]}]},{\"@type\":\"WebPage\",\"@id\":\"https:\\\/\\\/akunq.net\\\/tr\\\/?p=63639\",\"url\":\"https:\\\/\\\/akunq.net\\\/tr\\\/?p=63639\",\"name\":\"\u0130BB Genel Sekreter Yard\u0131mc\u0131s\u0131 Mahir Polat: Kayseri End\u00fcrl\u00fck Kilisesi y\u0131k\u0131lm\u0131\u015f, defineci talan\u0131yla mahvolmu\u015f; Anadolu bir kutsal yap\u0131ya bunu mu reva g\u00f6rmeliydi? - Bati Ermenistan Ve Bati Ermenileri Sorunlari Ara\u015ftirmalar Merkezi\",\"isPartOf\":{\"@id\":\"https:\\\/\\\/akunq.net\\\/tr\\\/#website\"},\"primaryImageOfPage\":{\"@id\":\"https:\\\/\\\/akunq.net\\\/tr\\\/?p=63639#primaryimage\"},\"image\":{\"@id\":\"https:\\\/\\\/akunq.net\\\/tr\\\/?p=63639#primaryimage\"},\"thumbnailUrl\":\"https:\\\/\\\/akunq.net\\\/tr\\\/wp-content\\\/uploads\\\/sites\\\/6\\\/2021\\\/07\\\/Kayseri-Endurluk.jpg\",\"datePublished\":\"2021-07-06T10:13:35+00:00\",\"author\":{\"@id\":\"https:\\\/\\\/akunq.net\\\/tr\\\/#\\\/schema\\\/person\\\/096f1d38a12cce57fb855b485ed24c9e\"},\"breadcrumb\":{\"@id\":\"https:\\\/\\\/akunq.net\\\/tr\\\/?p=63639#breadcrumb\"},\"inLanguage\":\"en-US\",\"potentialAction\":[{\"@type\":\"ReadAction\",\"target\":[\"https:\\\/\\\/akunq.net\\\/tr\\\/?p=63639\"]}]},{\"@type\":\"ImageObject\",\"inLanguage\":\"en-US\",\"@id\":\"https:\\\/\\\/akunq.net\\\/tr\\\/?p=63639#primaryimage\",\"url\":\"https:\\\/\\\/akunq.net\\\/tr\\\/wp-content\\\/uploads\\\/sites\\\/6\\\/2021\\\/07\\\/Kayseri-Endurluk.jpg\",\"contentUrl\":\"https:\\\/\\\/akunq.net\\\/tr\\\/wp-content\\\/uploads\\\/sites\\\/6\\\/2021\\\/07\\\/Kayseri-Endurluk.jpg\",\"width\":512,\"height\":288},{\"@type\":\"BreadcrumbList\",\"@id\":\"https:\\\/\\\/akunq.net\\\/tr\\\/?p=63639#breadcrumb\",\"itemListElement\":[{\"@type\":\"ListItem\",\"position\":1,\"name\":\"Home\",\"item\":\"https:\\\/\\\/akunq.net\\\/tr\"},{\"@type\":\"ListItem\",\"position\":2,\"name\":\"\u0130BB Genel Sekreter Yard\u0131mc\u0131s\u0131 Mahir Polat: Kayseri End\u00fcrl\u00fck Kilisesi y\u0131k\u0131lm\u0131\u015f, defineci talan\u0131yla mahvolmu\u015f; Anadolu bir kutsal yap\u0131ya bunu mu reva g\u00f6rmeliydi?\"}]},{\"@type\":\"WebSite\",\"@id\":\"https:\\\/\\\/akunq.net\\\/tr\\\/#website\",\"url\":\"https:\\\/\\\/akunq.net\\\/tr\\\/\",\"name\":\"Bati Ermenistan Ve Bati Ermenileri Sorunlari Ara\u015ftirmalar Merkezi\",\"description\":\"\",\"potentialAction\":[{\"@type\":\"SearchAction\",\"target\":{\"@type\":\"EntryPoint\",\"urlTemplate\":\"https:\\\/\\\/akunq.net\\\/tr\\\/?s={search_term_string}\"},\"query-input\":{\"@type\":\"PropertyValueSpecification\",\"valueRequired\":true,\"valueName\":\"search_term_string\"}}],\"inLanguage\":\"en-US\"},{\"@type\":\"Person\",\"@id\":\"https:\\\/\\\/akunq.net\\\/tr\\\/#\\\/schema\\\/person\\\/096f1d38a12cce57fb855b485ed24c9e\",\"name\":\"admin\",\"url\":\"https:\\\/\\\/akunq.net\\\/tr\\\/?author=7\"}]}<\/script>\n<!-- \/ Yoast SEO plugin. -->","yoast_head_json":{"title":"\u0130BB Genel Sekreter Yard\u0131mc\u0131s\u0131 Mahir Polat: Kayseri End\u00fcrl\u00fck Kilisesi y\u0131k\u0131lm\u0131\u015f, defineci talan\u0131yla mahvolmu\u015f; Anadolu bir kutsal yap\u0131ya bunu mu reva g\u00f6rmeliydi? - Bati Ermenistan Ve Bati Ermenileri Sorunlari Ara\u015ftirmalar Merkezi","robots":{"index":"index","follow":"follow","max-snippet":"max-snippet:-1","max-image-preview":"max-image-preview:large","max-video-preview":"max-video-preview:-1"},"canonical":"https:\/\/akunq.net\/tr\/?p=63639","og_locale":"en_US","og_type":"article","og_title":"\u0130BB Genel Sekreter Yard\u0131mc\u0131s\u0131 Mahir Polat: Kayseri End\u00fcrl\u00fck Kilisesi y\u0131k\u0131lm\u0131\u015f, defineci talan\u0131yla mahvolmu\u015f; Anadolu bir kutsal yap\u0131ya bunu mu reva g\u00f6rmeliydi? - Bati Ermenistan Ve Bati Ermenileri Sorunlari Ara\u015ftirmalar Merkezi","og_description":"\u0130stanbul B\u00fcy\u00fck\u015fehir Belediyesi Genel Sekreter Yard\u0131mc\u0131s\u0131 Mahir Polat, Kayseri\u2019de bulunan End\u00fcrl\u00fck Kilisesi\u2019nin (Aya Triada) son halini payla\u015farak, \u201cKayseri End\u00fcrl\u00fck Kilisesi y\u0131k\u0131lm\u0131\u015f, defineci talan\u0131yla mahvolmu\u015f; Anadolu bir kutsal yap\u0131ya bunu mu reva g\u00f6rmeliydi?\u201d dedi. \u0130BB Genel Sekreter Yard\u0131mc\u0131s\u0131 Mahir Polat, Kayseri Talas\u2019ta bulunan End\u00fcrl\u00fck Kilisesi\u2019nin (Aya Triada) i\u00e7ler ac\u0131s\u0131 halini payla\u015ft\u0131. Bak\u0131ms\u0131zl\u0131ktan viran halde bulunan kilisenin [&hellip;]","og_url":"https:\/\/akunq.net\/tr\/?p=63639","og_site_name":"Bati Ermenistan Ve Bati Ermenileri Sorunlari Ara\u015ftirmalar Merkezi","article_published_time":"2021-07-06T10:13:35+00:00","og_image":[{"width":512,"height":288,"url":"https:\/\/akunq.net\/tr\/wp-content\/uploads\/sites\/6\/2021\/07\/Kayseri-Endurluk.jpg","type":"image\/jpeg"}],"author":"admin","twitter_card":"summary_large_image","twitter_misc":{"Written by":"admin","Est. reading time":"1 minute"},"schema":{"@context":"https:\/\/schema.org","@graph":[{"@type":"Article","@id":"https:\/\/akunq.net\/tr\/?p=63639#article","isPartOf":{"@id":"https:\/\/akunq.net\/tr\/?p=63639"},"author":{"name":"admin","@id":"https:\/\/akunq.net\/tr\/#\/schema\/person\/096f1d38a12cce57fb855b485ed24c9e"},"headline":"\u0130BB Genel Sekreter Yard\u0131mc\u0131s\u0131 Mahir Polat: Kayseri End\u00fcrl\u00fck Kilisesi y\u0131k\u0131lm\u0131\u015f, defineci talan\u0131yla mahvolmu\u015f; Anadolu bir kutsal yap\u0131ya bunu mu reva g\u00f6rmeliydi?","datePublished":"2021-07-06T10:13:35+00:00","mainEntityOfPage":{"@id":"https:\/\/akunq.net\/tr\/?p=63639"},"wordCount":221,"commentCount":0,"image":{"@id":"https:\/\/akunq.net\/tr\/?p=63639#primaryimage"},"thumbnailUrl":"https:\/\/akunq.net\/tr\/wp-content\/uploads\/sites\/6\/2021\/07\/Kayseri-Endurluk.jpg","articleSection":["Haberler"],"inLanguage":"en-US","potentialAction":[{"@type":"CommentAction","name":"Comment","target":["https:\/\/akunq.net\/tr\/?p=63639#respond"]}]},{"@type":"WebPage","@id":"https:\/\/akunq.net\/tr\/?p=63639","url":"https:\/\/akunq.net\/tr\/?p=63639","name":"\u0130BB Genel Sekreter Yard\u0131mc\u0131s\u0131 Mahir Polat: Kayseri End\u00fcrl\u00fck Kilisesi y\u0131k\u0131lm\u0131\u015f, defineci talan\u0131yla mahvolmu\u015f; Anadolu bir kutsal yap\u0131ya bunu mu reva g\u00f6rmeliydi? - Bati Ermenistan Ve Bati Ermenileri Sorunlari Ara\u015ftirmalar Merkezi","isPartOf":{"@id":"https:\/\/akunq.net\/tr\/#website"},"primaryImageOfPage":{"@id":"https:\/\/akunq.net\/tr\/?p=63639#primaryimage"},"image":{"@id":"https:\/\/akunq.net\/tr\/?p=63639#primaryimage"},"thumbnailUrl":"https:\/\/akunq.net\/tr\/wp-content\/uploads\/sites\/6\/2021\/07\/Kayseri-Endurluk.jpg","datePublished":"2021-07-06T10:13:35+00:00","author":{"@id":"https:\/\/akunq.net\/tr\/#\/schema\/person\/096f1d38a12cce57fb855b485ed24c9e"},"breadcrumb":{"@id":"https:\/\/akunq.net\/tr\/?p=63639#breadcrumb"},"inLanguage":"en-US","potentialAction":[{"@type":"ReadAction","target":["https:\/\/akunq.net\/tr\/?p=63639"]}]},{"@type":"ImageObject","inLanguage":"en-US","@id":"https:\/\/akunq.net\/tr\/?p=63639#primaryimage","url":"https:\/\/akunq.net\/tr\/wp-content\/uploads\/sites\/6\/2021\/07\/Kayseri-Endurluk.jpg","contentUrl":"https:\/\/akunq.net\/tr\/wp-content\/uploads\/sites\/6\/2021\/07\/Kayseri-Endurluk.jpg","width":512,"height":288},{"@type":"BreadcrumbList","@id":"https:\/\/akunq.net\/tr\/?p=63639#breadcrumb","itemListElement":[{"@type":"ListItem","position":1,"name":"Home","item":"https:\/\/akunq.net\/tr"},{"@type":"ListItem","position":2,"name":"\u0130BB Genel Sekreter Yard\u0131mc\u0131s\u0131 Mahir Polat: Kayseri End\u00fcrl\u00fck Kilisesi y\u0131k\u0131lm\u0131\u015f, defineci talan\u0131yla mahvolmu\u015f; Anadolu bir kutsal yap\u0131ya bunu mu reva g\u00f6rmeliydi?"}]},{"@type":"WebSite","@id":"https:\/\/akunq.net\/tr\/#website","url":"https:\/\/akunq.net\/tr\/","name":"Bati Ermenistan Ve Bati Ermenileri Sorunlari Ara\u015ftirmalar Merkezi","description":"","potentialAction":[{"@type":"SearchAction","target":{"@type":"EntryPoint","urlTemplate":"https:\/\/akunq.net\/tr\/?s={search_term_string}"},"query-input":{"@type":"PropertyValueSpecification","valueRequired":true,"valueName":"search_term_string"}}],"inLanguage":"en-US"},{"@type":"Person","@id":"https:\/\/akunq.net\/tr\/#\/schema\/person\/096f1d38a12cce57fb855b485ed24c9e","name":"admin","url":"https:\/\/akunq.net\/tr\/?author=7"}]}},"_links":{"self":[{"href":"https:\/\/akunq.net\/tr\/index.php?rest_route=\/wp\/v2\/posts\/63639","targetHints":{"allow":["GET"]}}],"collection":[{"href":"https:\/\/akunq.net\/tr\/index.php?rest_route=\/wp\/v2\/posts"}],"about":[{"href":"https:\/\/akunq.net\/tr\/index.php?rest_route=\/wp\/v2\/types\/post"}],"author":[{"embeddable":true,"href":"https:\/\/akunq.net\/tr\/index.php?rest_route=\/wp\/v2\/users\/7"}],"replies":[{"embeddable":true,"href":"https:\/\/akunq.net\/tr\/index.php?rest_route=%2Fwp%2Fv2%2Fcomments&post=63639"}],"version-history":[{"count":1,"href":"https:\/\/akunq.net\/tr\/index.php?rest_route=\/wp\/v2\/posts\/63639\/revisions"}],"predecessor-version":[{"id":63641,"href":"https:\/\/akunq.net\/tr\/index.php?rest_route=\/wp\/v2\/posts\/63639\/revisions\/63641"}],"wp:featuredmedia":[{"embeddable":true,"href":"https:\/\/akunq.net\/tr\/index.php?rest_route=\/wp\/v2\/media\/63640"}],"wp:attachment":[{"href":"https:\/\/akunq.net\/tr\/index.php?rest_route=%2Fwp%2Fv2%2Fmedia&parent=63639"}],"wp:term":[{"taxonomy":"category","embeddable":true,"href":"https:\/\/akunq.net\/tr\/index.php?rest_route=%2Fwp%2Fv2%2Fcategories&post=63639"},{"taxonomy":"post_tag","embeddable":true,"href":"https:\/\/akunq.net\/tr\/index.php?rest_route=%2Fwp%2Fv2%2Ftags&post=63639"}],"curies":[{"name":"wp","href":"https:\/\/api.w.org\/{rel}","templated":true}]}}