{"id":63633,"date":"2021-07-06T04:13:44","date_gmt":"2021-07-06T09:13:44","guid":{"rendered":"https:\/\/akunq.net\/tr\/?p=63633"},"modified":"2021-07-06T04:13:44","modified_gmt":"2021-07-06T09:13:44","slug":"kayserideki-1835-yilindan-kalma-kilise-yikilmak-uzere","status":"publish","type":"post","link":"https:\/\/akunq.net\/tr\/?p=63633","title":{"rendered":"Kayseri\u2019deki 1835 y\u0131l\u0131ndan kalma kilise y\u0131k\u0131lmak \u00fczere"},"content":{"rendered":"<p><img loading=\"lazy\" decoding=\"async\" class=\"aligncenter size-medium wp-image-63634\" src=\"https:\/\/akunq.net\/tr\/wp-content\/uploads\/2021\/07\/Kayserideki-1835-y\u0131l\u0131ndan-kalma-kilise-360x208.jpeg\" alt=\"\" width=\"360\" height=\"208\" srcset=\"https:\/\/akunq.net\/tr\/wp-content\/uploads\/sites\/6\/2021\/07\/Kayserideki-1835-y\u0131l\u0131ndan-kalma-kilise-360x208.jpeg 360w, https:\/\/akunq.net\/tr\/wp-content\/uploads\/sites\/6\/2021\/07\/Kayserideki-1835-y\u0131l\u0131ndan-kalma-kilise-768x444.jpeg 768w, https:\/\/akunq.net\/tr\/wp-content\/uploads\/sites\/6\/2021\/07\/Kayserideki-1835-y\u0131l\u0131ndan-kalma-kilise-560x323.jpeg 560w, https:\/\/akunq.net\/tr\/wp-content\/uploads\/sites\/6\/2021\/07\/Kayserideki-1835-y\u0131l\u0131ndan-kalma-kilise-260x150.jpeg 260w, https:\/\/akunq.net\/tr\/wp-content\/uploads\/sites\/6\/2021\/07\/Kayserideki-1835-y\u0131l\u0131ndan-kalma-kilise-160x92.jpeg 160w, https:\/\/akunq.net\/tr\/wp-content\/uploads\/sites\/6\/2021\/07\/Kayserideki-1835-y\u0131l\u0131ndan-kalma-kilise.jpeg 800w\" sizes=\"auto, (max-width: 360px) 100vw, 360px\" \/><\/p>\n<p><em><strong>Kayseri\u2019nin (Kesaria-&#8216;Akunq&#8217; web sitesi) Talas il\u00e7esinde bulunan End\u00fcrl\u00fck Kilisesi hem bak\u0131ms\u0131zl\u0131ktan hem de define arayanlar\u0131n yapt\u0131\u011f\u0131 kaz\u0131lardan kaynakl\u0131 y\u0131k\u0131lmak \u00fczere.<\/strong><\/em><\/p>\n<p>1835 y\u0131l\u0131ndan kalma kilisenin son halini yerinde inceleyen \u0130stanbul B\u00fcy\u00fck\u015fehir Belediyesi Genel Sekreter Yard\u0131mc\u0131s\u0131 Mahir Polat, \u201cKilisesi\u2019nin bu hali hepimiz i\u00e7in utan\u00e7 verici. Medeniyetler be\u015fi\u011fi Anadolu bir kutsal yap\u0131ya bunu mu reva g\u00f6rmeliydi?\u201d s\u00f6zleriyle tepki g\u00f6sterdi.<\/p>\n<p>150 y\u0131ll\u0131k Rum Ortodoks kilisesinin \u00e7an kulesi bak\u0131ms\u0131zl\u0131ktan y\u0131k\u0131l\u0131rken freskleri de zamanla silindi. Duvarlar\u0131na yaz\u0131lar yaz\u0131lan ve defineciler taraf\u0131ndan da talan edilen kiliseyi yerinde inceleyen \u0130stanbul B\u00fcy\u00fck\u015fehir Belediyesi Genel Sekreter Yard\u0131mc\u0131s\u0131 Polat sosyal medya hesab\u0131ndan \u015fu payla\u015f\u0131m\u0131 yapt\u0131:<\/p>\n<p>\u201cKayseri End\u00fcrl\u00fck Kilisesi\u2019nin bu hali hepimiz i\u00e7in utan\u00e7 verici. Sahipsizlikten y\u0131k\u0131lm\u0131\u015f, peri\u015fan olmu\u015f hali yetmez gibi defineci talan\u0131yla mahvolmu\u015f durumda. Bug\u00fcn yerinde g\u00f6rd\u00fc\u011f\u00fcm bu manzaradan utan\u0131yorum. Medeniyetler be\u015fi\u011fi Anadolu bir kutsal yap\u0131ya bunu mu reva g\u00f6rmeliydi?\u201d<\/p>\n<p><em><strong>https:\/\/artigercek.com\/haberler\/kayseri-deki-1835-yilindan-kalma-kilise-yikilmak-uzere\u00a0<\/strong><\/em><\/p>\n","protected":false},"excerpt":{"rendered":"<p>Kayseri\u2019nin (Kesaria-&#8216;Akunq&#8217; web sitesi) Talas il\u00e7esinde bulunan End\u00fcrl\u00fck Kilisesi hem bak\u0131ms\u0131zl\u0131ktan hem de define arayanlar\u0131n yapt\u0131\u011f\u0131 kaz\u0131lardan kaynakl\u0131 y\u0131k\u0131lmak \u00fczere. 1835 y\u0131l\u0131ndan kalma kilisenin son halini yerinde inceleyen \u0130stanbul B\u00fcy\u00fck\u015fehir Belediyesi Genel Sekreter Yard\u0131mc\u0131s\u0131 Mahir Polat, \u201cKilisesi\u2019nin bu hali hepimiz i\u00e7in utan\u00e7 verici. Medeniyetler be\u015fi\u011fi Anadolu bir kutsal yap\u0131ya bunu mu reva g\u00f6rmeliydi?\u201d s\u00f6zleriyle tepki [&hellip;]<\/p>\n","protected":false},"author":7,"featured_media":63634,"comment_status":"open","ping_status":"open","sticky":false,"template":"","format":"standard","meta":{"footnotes":""},"categories":[1],"tags":[],"class_list":["post-63633","post","type-post","status-publish","format-standard","has-post-thumbnail","hentry","category-haberler"],"yoast_head":"<!-- This site is optimized with the Yoast SEO plugin v27.4 - https:\/\/yoast.com\/product\/yoast-seo-wordpress\/ -->\n<title>Kayseri\u2019deki 1835 y\u0131l\u0131ndan kalma kilise y\u0131k\u0131lmak \u00fczere - Bati Ermenistan Ve Bati Ermenileri Sorunlari Ara\u015ftirmalar Merkezi<\/title>\n<meta name=\"robots\" content=\"index, follow, max-snippet:-1, max-image-preview:large, max-video-preview:-1\" \/>\n<link rel=\"canonical\" href=\"https:\/\/akunq.net\/tr\/?p=63633\" \/>\n<meta property=\"og:locale\" content=\"en_US\" \/>\n<meta property=\"og:type\" content=\"article\" \/>\n<meta property=\"og:title\" content=\"Kayseri\u2019deki 1835 y\u0131l\u0131ndan kalma kilise y\u0131k\u0131lmak \u00fczere - Bati Ermenistan Ve Bati Ermenileri Sorunlari Ara\u015ftirmalar Merkezi\" \/>\n<meta property=\"og:description\" content=\"Kayseri\u2019nin (Kesaria-&#8216;Akunq&#8217; web sitesi) Talas il\u00e7esinde bulunan End\u00fcrl\u00fck Kilisesi hem bak\u0131ms\u0131zl\u0131ktan hem de define arayanlar\u0131n yapt\u0131\u011f\u0131 kaz\u0131lardan kaynakl\u0131 y\u0131k\u0131lmak \u00fczere. 1835 y\u0131l\u0131ndan kalma kilisenin son halini yerinde inceleyen \u0130stanbul B\u00fcy\u00fck\u015fehir Belediyesi Genel Sekreter Yard\u0131mc\u0131s\u0131 Mahir Polat, \u201cKilisesi\u2019nin bu hali hepimiz i\u00e7in utan\u00e7 verici. Medeniyetler be\u015fi\u011fi Anadolu bir kutsal yap\u0131ya bunu mu reva g\u00f6rmeliydi?\u201d s\u00f6zleriyle tepki [&hellip;]\" \/>\n<meta property=\"og:url\" content=\"https:\/\/akunq.net\/tr\/?p=63633\" \/>\n<meta property=\"og:site_name\" content=\"Bati Ermenistan Ve Bati Ermenileri Sorunlari Ara\u015ftirmalar Merkezi\" \/>\n<meta property=\"article:published_time\" content=\"2021-07-06T09:13:44+00:00\" \/>\n<meta property=\"og:image\" content=\"https:\/\/akunq.net\/tr\/wp-content\/uploads\/sites\/6\/2021\/07\/Kayserideki-1835-y\u0131l\u0131ndan-kalma-kilise.jpeg\" \/>\n\t<meta property=\"og:image:width\" content=\"800\" \/>\n\t<meta property=\"og:image:height\" content=\"462\" \/>\n\t<meta property=\"og:image:type\" content=\"image\/jpeg\" \/>\n<meta name=\"author\" content=\"admin\" \/>\n<meta name=\"twitter:card\" content=\"summary_large_image\" \/>\n<meta name=\"twitter:label1\" content=\"Written by\" \/>\n\t<meta name=\"twitter:data1\" content=\"admin\" \/>\n\t<meta name=\"twitter:label2\" content=\"Est. reading time\" \/>\n\t<meta name=\"twitter:data2\" content=\"1 minute\" \/>\n<script type=\"application\/ld+json\" class=\"yoast-schema-graph\">{\"@context\":\"https:\\\/\\\/schema.org\",\"@graph\":[{\"@type\":\"Article\",\"@id\":\"https:\\\/\\\/akunq.net\\\/tr\\\/?p=63633#article\",\"isPartOf\":{\"@id\":\"https:\\\/\\\/akunq.net\\\/tr\\\/?p=63633\"},\"author\":{\"name\":\"admin\",\"@id\":\"https:\\\/\\\/akunq.net\\\/tr\\\/#\\\/schema\\\/person\\\/096f1d38a12cce57fb855b485ed24c9e\"},\"headline\":\"Kayseri\u2019deki 1835 y\u0131l\u0131ndan kalma kilise y\u0131k\u0131lmak \u00fczere\",\"datePublished\":\"2021-07-06T09:13:44+00:00\",\"mainEntityOfPage\":{\"@id\":\"https:\\\/\\\/akunq.net\\\/tr\\\/?p=63633\"},\"wordCount\":206,\"commentCount\":0,\"image\":{\"@id\":\"https:\\\/\\\/akunq.net\\\/tr\\\/?p=63633#primaryimage\"},\"thumbnailUrl\":\"https:\\\/\\\/akunq.net\\\/tr\\\/wp-content\\\/uploads\\\/sites\\\/6\\\/2021\\\/07\\\/Kayserideki-1835-y\u0131l\u0131ndan-kalma-kilise.jpeg\",\"articleSection\":[\"Haberler\"],\"inLanguage\":\"en-US\",\"potentialAction\":[{\"@type\":\"CommentAction\",\"name\":\"Comment\",\"target\":[\"https:\\\/\\\/akunq.net\\\/tr\\\/?p=63633#respond\"]}]},{\"@type\":\"WebPage\",\"@id\":\"https:\\\/\\\/akunq.net\\\/tr\\\/?p=63633\",\"url\":\"https:\\\/\\\/akunq.net\\\/tr\\\/?p=63633\",\"name\":\"Kayseri\u2019deki 1835 y\u0131l\u0131ndan kalma kilise y\u0131k\u0131lmak \u00fczere - Bati Ermenistan Ve Bati Ermenileri Sorunlari Ara\u015ftirmalar Merkezi\",\"isPartOf\":{\"@id\":\"https:\\\/\\\/akunq.net\\\/tr\\\/#website\"},\"primaryImageOfPage\":{\"@id\":\"https:\\\/\\\/akunq.net\\\/tr\\\/?p=63633#primaryimage\"},\"image\":{\"@id\":\"https:\\\/\\\/akunq.net\\\/tr\\\/?p=63633#primaryimage\"},\"thumbnailUrl\":\"https:\\\/\\\/akunq.net\\\/tr\\\/wp-content\\\/uploads\\\/sites\\\/6\\\/2021\\\/07\\\/Kayserideki-1835-y\u0131l\u0131ndan-kalma-kilise.jpeg\",\"datePublished\":\"2021-07-06T09:13:44+00:00\",\"author\":{\"@id\":\"https:\\\/\\\/akunq.net\\\/tr\\\/#\\\/schema\\\/person\\\/096f1d38a12cce57fb855b485ed24c9e\"},\"breadcrumb\":{\"@id\":\"https:\\\/\\\/akunq.net\\\/tr\\\/?p=63633#breadcrumb\"},\"inLanguage\":\"en-US\",\"potentialAction\":[{\"@type\":\"ReadAction\",\"target\":[\"https:\\\/\\\/akunq.net\\\/tr\\\/?p=63633\"]}]},{\"@type\":\"ImageObject\",\"inLanguage\":\"en-US\",\"@id\":\"https:\\\/\\\/akunq.net\\\/tr\\\/?p=63633#primaryimage\",\"url\":\"https:\\\/\\\/akunq.net\\\/tr\\\/wp-content\\\/uploads\\\/sites\\\/6\\\/2021\\\/07\\\/Kayserideki-1835-y\u0131l\u0131ndan-kalma-kilise.jpeg\",\"contentUrl\":\"https:\\\/\\\/akunq.net\\\/tr\\\/wp-content\\\/uploads\\\/sites\\\/6\\\/2021\\\/07\\\/Kayserideki-1835-y\u0131l\u0131ndan-kalma-kilise.jpeg\",\"width\":800,\"height\":462},{\"@type\":\"BreadcrumbList\",\"@id\":\"https:\\\/\\\/akunq.net\\\/tr\\\/?p=63633#breadcrumb\",\"itemListElement\":[{\"@type\":\"ListItem\",\"position\":1,\"name\":\"Home\",\"item\":\"https:\\\/\\\/akunq.net\\\/tr\"},{\"@type\":\"ListItem\",\"position\":2,\"name\":\"Kayseri\u2019deki 1835 y\u0131l\u0131ndan kalma kilise y\u0131k\u0131lmak \u00fczere\"}]},{\"@type\":\"WebSite\",\"@id\":\"https:\\\/\\\/akunq.net\\\/tr\\\/#website\",\"url\":\"https:\\\/\\\/akunq.net\\\/tr\\\/\",\"name\":\"Bati Ermenistan Ve Bati Ermenileri Sorunlari Ara\u015ftirmalar Merkezi\",\"description\":\"\",\"potentialAction\":[{\"@type\":\"SearchAction\",\"target\":{\"@type\":\"EntryPoint\",\"urlTemplate\":\"https:\\\/\\\/akunq.net\\\/tr\\\/?s={search_term_string}\"},\"query-input\":{\"@type\":\"PropertyValueSpecification\",\"valueRequired\":true,\"valueName\":\"search_term_string\"}}],\"inLanguage\":\"en-US\"},{\"@type\":\"Person\",\"@id\":\"https:\\\/\\\/akunq.net\\\/tr\\\/#\\\/schema\\\/person\\\/096f1d38a12cce57fb855b485ed24c9e\",\"name\":\"admin\",\"url\":\"https:\\\/\\\/akunq.net\\\/tr\\\/?author=7\"}]}<\/script>\n<!-- \/ Yoast SEO plugin. -->","yoast_head_json":{"title":"Kayseri\u2019deki 1835 y\u0131l\u0131ndan kalma kilise y\u0131k\u0131lmak \u00fczere - Bati Ermenistan Ve Bati Ermenileri Sorunlari Ara\u015ftirmalar Merkezi","robots":{"index":"index","follow":"follow","max-snippet":"max-snippet:-1","max-image-preview":"max-image-preview:large","max-video-preview":"max-video-preview:-1"},"canonical":"https:\/\/akunq.net\/tr\/?p=63633","og_locale":"en_US","og_type":"article","og_title":"Kayseri\u2019deki 1835 y\u0131l\u0131ndan kalma kilise y\u0131k\u0131lmak \u00fczere - Bati Ermenistan Ve Bati Ermenileri Sorunlari Ara\u015ftirmalar Merkezi","og_description":"Kayseri\u2019nin (Kesaria-&#8216;Akunq&#8217; web sitesi) Talas il\u00e7esinde bulunan End\u00fcrl\u00fck Kilisesi hem bak\u0131ms\u0131zl\u0131ktan hem de define arayanlar\u0131n yapt\u0131\u011f\u0131 kaz\u0131lardan kaynakl\u0131 y\u0131k\u0131lmak \u00fczere. 1835 y\u0131l\u0131ndan kalma kilisenin son halini yerinde inceleyen \u0130stanbul B\u00fcy\u00fck\u015fehir Belediyesi Genel Sekreter Yard\u0131mc\u0131s\u0131 Mahir Polat, \u201cKilisesi\u2019nin bu hali hepimiz i\u00e7in utan\u00e7 verici. Medeniyetler be\u015fi\u011fi Anadolu bir kutsal yap\u0131ya bunu mu reva g\u00f6rmeliydi?\u201d s\u00f6zleriyle tepki [&hellip;]","og_url":"https:\/\/akunq.net\/tr\/?p=63633","og_site_name":"Bati Ermenistan Ve Bati Ermenileri Sorunlari Ara\u015ftirmalar Merkezi","article_published_time":"2021-07-06T09:13:44+00:00","og_image":[{"width":800,"height":462,"url":"https:\/\/akunq.net\/tr\/wp-content\/uploads\/sites\/6\/2021\/07\/Kayserideki-1835-y\u0131l\u0131ndan-kalma-kilise.jpeg","type":"image\/jpeg"}],"author":"admin","twitter_card":"summary_large_image","twitter_misc":{"Written by":"admin","Est. reading time":"1 minute"},"schema":{"@context":"https:\/\/schema.org","@graph":[{"@type":"Article","@id":"https:\/\/akunq.net\/tr\/?p=63633#article","isPartOf":{"@id":"https:\/\/akunq.net\/tr\/?p=63633"},"author":{"name":"admin","@id":"https:\/\/akunq.net\/tr\/#\/schema\/person\/096f1d38a12cce57fb855b485ed24c9e"},"headline":"Kayseri\u2019deki 1835 y\u0131l\u0131ndan kalma kilise y\u0131k\u0131lmak \u00fczere","datePublished":"2021-07-06T09:13:44+00:00","mainEntityOfPage":{"@id":"https:\/\/akunq.net\/tr\/?p=63633"},"wordCount":206,"commentCount":0,"image":{"@id":"https:\/\/akunq.net\/tr\/?p=63633#primaryimage"},"thumbnailUrl":"https:\/\/akunq.net\/tr\/wp-content\/uploads\/sites\/6\/2021\/07\/Kayserideki-1835-y\u0131l\u0131ndan-kalma-kilise.jpeg","articleSection":["Haberler"],"inLanguage":"en-US","potentialAction":[{"@type":"CommentAction","name":"Comment","target":["https:\/\/akunq.net\/tr\/?p=63633#respond"]}]},{"@type":"WebPage","@id":"https:\/\/akunq.net\/tr\/?p=63633","url":"https:\/\/akunq.net\/tr\/?p=63633","name":"Kayseri\u2019deki 1835 y\u0131l\u0131ndan kalma kilise y\u0131k\u0131lmak \u00fczere - Bati Ermenistan Ve Bati Ermenileri Sorunlari Ara\u015ftirmalar Merkezi","isPartOf":{"@id":"https:\/\/akunq.net\/tr\/#website"},"primaryImageOfPage":{"@id":"https:\/\/akunq.net\/tr\/?p=63633#primaryimage"},"image":{"@id":"https:\/\/akunq.net\/tr\/?p=63633#primaryimage"},"thumbnailUrl":"https:\/\/akunq.net\/tr\/wp-content\/uploads\/sites\/6\/2021\/07\/Kayserideki-1835-y\u0131l\u0131ndan-kalma-kilise.jpeg","datePublished":"2021-07-06T09:13:44+00:00","author":{"@id":"https:\/\/akunq.net\/tr\/#\/schema\/person\/096f1d38a12cce57fb855b485ed24c9e"},"breadcrumb":{"@id":"https:\/\/akunq.net\/tr\/?p=63633#breadcrumb"},"inLanguage":"en-US","potentialAction":[{"@type":"ReadAction","target":["https:\/\/akunq.net\/tr\/?p=63633"]}]},{"@type":"ImageObject","inLanguage":"en-US","@id":"https:\/\/akunq.net\/tr\/?p=63633#primaryimage","url":"https:\/\/akunq.net\/tr\/wp-content\/uploads\/sites\/6\/2021\/07\/Kayserideki-1835-y\u0131l\u0131ndan-kalma-kilise.jpeg","contentUrl":"https:\/\/akunq.net\/tr\/wp-content\/uploads\/sites\/6\/2021\/07\/Kayserideki-1835-y\u0131l\u0131ndan-kalma-kilise.jpeg","width":800,"height":462},{"@type":"BreadcrumbList","@id":"https:\/\/akunq.net\/tr\/?p=63633#breadcrumb","itemListElement":[{"@type":"ListItem","position":1,"name":"Home","item":"https:\/\/akunq.net\/tr"},{"@type":"ListItem","position":2,"name":"Kayseri\u2019deki 1835 y\u0131l\u0131ndan kalma kilise y\u0131k\u0131lmak \u00fczere"}]},{"@type":"WebSite","@id":"https:\/\/akunq.net\/tr\/#website","url":"https:\/\/akunq.net\/tr\/","name":"Bati Ermenistan Ve Bati Ermenileri Sorunlari Ara\u015ftirmalar Merkezi","description":"","potentialAction":[{"@type":"SearchAction","target":{"@type":"EntryPoint","urlTemplate":"https:\/\/akunq.net\/tr\/?s={search_term_string}"},"query-input":{"@type":"PropertyValueSpecification","valueRequired":true,"valueName":"search_term_string"}}],"inLanguage":"en-US"},{"@type":"Person","@id":"https:\/\/akunq.net\/tr\/#\/schema\/person\/096f1d38a12cce57fb855b485ed24c9e","name":"admin","url":"https:\/\/akunq.net\/tr\/?author=7"}]}},"_links":{"self":[{"href":"https:\/\/akunq.net\/tr\/index.php?rest_route=\/wp\/v2\/posts\/63633","targetHints":{"allow":["GET"]}}],"collection":[{"href":"https:\/\/akunq.net\/tr\/index.php?rest_route=\/wp\/v2\/posts"}],"about":[{"href":"https:\/\/akunq.net\/tr\/index.php?rest_route=\/wp\/v2\/types\/post"}],"author":[{"embeddable":true,"href":"https:\/\/akunq.net\/tr\/index.php?rest_route=\/wp\/v2\/users\/7"}],"replies":[{"embeddable":true,"href":"https:\/\/akunq.net\/tr\/index.php?rest_route=%2Fwp%2Fv2%2Fcomments&post=63633"}],"version-history":[{"count":1,"href":"https:\/\/akunq.net\/tr\/index.php?rest_route=\/wp\/v2\/posts\/63633\/revisions"}],"predecessor-version":[{"id":63635,"href":"https:\/\/akunq.net\/tr\/index.php?rest_route=\/wp\/v2\/posts\/63633\/revisions\/63635"}],"wp:featuredmedia":[{"embeddable":true,"href":"https:\/\/akunq.net\/tr\/index.php?rest_route=\/wp\/v2\/media\/63634"}],"wp:attachment":[{"href":"https:\/\/akunq.net\/tr\/index.php?rest_route=%2Fwp%2Fv2%2Fmedia&parent=63633"}],"wp:term":[{"taxonomy":"category","embeddable":true,"href":"https:\/\/akunq.net\/tr\/index.php?rest_route=%2Fwp%2Fv2%2Fcategories&post=63633"},{"taxonomy":"post_tag","embeddable":true,"href":"https:\/\/akunq.net\/tr\/index.php?rest_route=%2Fwp%2Fv2%2Ftags&post=63633"}],"curies":[{"name":"wp","href":"https:\/\/api.w.org\/{rel}","templated":true}]}}