{"id":63627,"date":"2021-07-06T02:26:21","date_gmt":"2021-07-06T07:26:21","guid":{"rendered":"https:\/\/akunq.net\/tr\/?p=63627"},"modified":"2021-07-06T02:26:21","modified_gmt":"2021-07-06T07:26:21","slug":"vandallik-pandemisi-her-acidan-buyuk-kayiplara-yol-aciyor","status":"publish","type":"post","link":"https:\/\/akunq.net\/tr\/?p=63627","title":{"rendered":"Vandall\u0131k pandemisi! Her a\u00e7\u0131dan b\u00fcy\u00fck kay\u0131plara yol a\u00e7\u0131yor"},"content":{"rendered":"<p><em><strong>Pandemiyi f\u0131rsat bilen defineciler iki y\u0131lda 3 bin 365 ka\u00e7ak kaz\u0131 giri\u015fiminde bulundu. Tarihi sit alanlar\u0131 ve kutsal mek\u00e2nlar tahribattan nasibini ald\u0131.<\/strong><\/em><\/p>\n<p><strong>Seray \u015eahinler \u2013\u00a0\u00a0<\/strong><a href=\"https:\/\/www.milliyet.com.tr\/haberleri\/pandemi\" target=\"_blank\" rel=\"noreferrer noopener\">Pandemi<\/a>\u00a0d\u00f6neminde arkeolojik ve tarihi sit alanlar\u0131 ziyaret\u00e7ilerden uzak kald\u0131. Fakat bu d\u00f6nemde bo\u015f durmayacak birileri vard\u0131 elbette; defineciler! Arazilerin bo\u015f kalmas\u0131yla harekete ge\u00e7en tarih d\u00fc\u015fmanlar\u0131 ka\u00e7ak kaz\u0131larla tahribata yol a\u00e7t\u0131. Arkeoloji ve Sanat Yay\u0131nlar\u0131\u2019n\u0131n kurucusu ve arkeolog Nezih Ba\u015fgelen, ge\u00e7en hafta d\u00fczenlenen Heritage \u0130stanbul\u2019da konuya dikkat \u00e7eken bir konu\u015fma yapm\u0131\u015ft\u0131. K\u00fclt\u00fcr ve Turizm Bakanl\u0131\u011f\u0131\u2019ndan edindi\u011fimiz bilgiye g\u00f6re, son iki y\u0131lda 3 bin 365 ka\u00e7ak kaz\u0131 giri\u015fiminde bulunuldu. Ka\u00e7ak kaz\u0131 haberlerinin sonuncusu ise Afyon\u2019dan geldi. \u0130hbar \u00fczerine d\u00fczenlenen operasyonda, 3 metre derinli\u011findeki \u00e7ukurun i\u00e7erisinde yakla\u015f\u0131k 25 metre uzunlu\u011fundaki ge\u00e7itte yer alan Bizans yahut Sel\u00e7uklu d\u00f6nemine ait oldu\u011fu d\u00fc\u015f\u00fcn\u00fclen dev\u015firme malzeme olarak kullan\u0131lm\u0131\u015f bir lahitin yan y\u00fcz\u00fc bulundu. Ayn\u0131 g\u00fcnlerde Antalya\u2019da 1\u2019inci derece sit alan\u0131nda ka\u00e7ak kaz\u0131 yapanlar su\u00e7\u00fcst\u00fc yakaland\u0131.<\/p>\n<p>Bakanl\u0131\u011f\u0131n payla\u015ft\u0131\u011f\u0131na g\u00f6re T\u00fcrkiye\u2019nin farkl\u0131 b\u00f6lgelerinde yer alan kutsal mekanlara y\u00f6nelik tahribat da art\u0131yor. \u201cErmeni ve Rum alt\u0131n\u0131\u201d arayan defineciler \u00f6zellikle kiliseleri tahrip etmeye ba\u015flad\u0131. Ge\u00e7ti\u011fimiz hafta Kayseri\u2019de 18\u2019inci y\u00fczy\u0131lda yap\u0131lan Surp Toros Gregoryan Ermeni Kilisesi, defineciler taraf\u0131ndan tahrip edildi. Kilisenin bir odas\u0131nda defineciler taraf\u0131ndan yakla\u015f\u0131k 2 metre derinlikte \u00e7ukur a\u00e7\u0131ld\u0131, duvarlar zarar g\u00f6rd\u00fc. \u015eanl\u0131urfa\u2019daki Germu\u015f Ermeni Kilisesi ile Antalya\u2019daki Ge\u00e7 Roma ve Bizans d\u00f6nemine ait bir kilise ma\u011faras\u0131 delici aletlerle ka\u00e7ak kaz\u0131lardan nasibini ald\u0131.<\/p>\n<p>Arkeolog Nezih Ba\u015fgelen son y\u0131llarda jenerat\u00f6rl\u00fc, hiltili, i\u015f makineli arkeolojik alanlara girildi\u011fine dikkat \u00e7ekiyor.<\/p>\n<p><strong>T\u00dcM\u00dcL\u00dcSLERE D\u0130KKAT\u00a0<\/strong><\/p>\n<p>Ba\u015fgelen\u2019e g\u00f6re definecilik faaliyetleri sonucu belgelenmeden, gerekli verileri kay\u0131t alt\u0131na al\u0131nmadan arkeolojik eserlerin yerlerinden \u00e7\u0131kar\u0131lmas\u0131, her a\u00e7\u0131dan b\u00fcy\u00fck kay\u0131plara yol a\u00e7\u0131yor.<\/p>\n<p>Ba\u015fgelen \u201cK\u00fclt\u00fcr varl\u0131klar\u0131m\u0131z ve arkeolojik zenginliklerimiz a\u00e7\u0131s\u0131ndan \u00fclkemizin en \u00f6nemli sorunlardan birisinin definecilik faaliyetleri sonucu olu\u015fan tahribat ve bulunan eserlerin yasa d\u0131\u015f\u0131 yollardan yurt d\u0131\u015f\u0131na ka\u00e7\u0131r\u0131lmas\u0131d\u0131r. Pandemi s\u00fcrecinde de define ama\u00e7l\u0131 faaliyetlerin giderek artt\u0131\u011f\u0131 ve verilen zarar ziyan\u0131n da her alanda daha da yayg\u0131nla\u015ft\u0131\u011f\u0131 da g\u00f6zlenmektedir\u201d diyor.<\/p>\n<p>Ba\u015fgelen, \u00f6zellikle Manisa\u2019daki tarihi M.\u00d6. 1300\u2019e uzanan, Lidyal\u0131lara ba\u015fkentlik yapm\u0131\u015f Sardes\u2019teki Bintepeler mevkine dikkat \u00e7ekiyor. Lidya krallar\u0131n\u0131n ve soylular\u0131n\u0131n y\u0131\u011fma topraktan t\u00fcm\u00fcl\u00fcs ad\u0131 verilen an\u0131tsal mezarlardaki tahribat\u0131n yaratt\u0131\u011f\u0131 kayb\u0131n telafisi zor\u2026 2013\u2019te UNESCO D\u00fcnya Miras\u0131 Ge\u00e7ici Listesi\u2019ne al\u0131nmas\u0131na kar\u015f\u0131n geni\u015f bir alana yay\u0131lan tar\u0131m arazileri i\u00e7inde yer almas\u0131 nedeniyle Sardes, son y\u0131llarda definecilerin ka\u00e7ak kaz\u0131lar\u0131na daha s\u0131k sahne oluyor. Son iki y\u0131lda b\u00f6lgede 26 ka\u00e7ak kaz\u0131ya su\u00e7\u00fcst\u00fc yap\u0131ld\u0131 ve 66 ki\u015fi g\u00f6zalt\u0131na al\u0131nd\u0131. Bask\u0131nda 5 kep\u00e7e, 3 dedekt\u00f6r, \u00e7ok say\u0131da kaz\u0131 ekipman\u0131 ele ge\u00e7irildi. Son olarak 26 Ocak\u2019ta Kendirlik Mahallesi yak\u0131nlar\u0131ndaki iki t\u00fcm\u00fcl\u00fcs, kimli\u011fi tespit edilemeyen ki\u015filerce i\u015f makinas\u0131yla kaz\u0131larak tahrip edildi. Bitlis, Tokat, Bolu, Hatay, K\u00fctahya, Denizli gibi illerde yer alan sit alanlar\u0131 ka\u00e7ak kaz\u0131lardan nasibini alan yerlerden sadece birka\u00e7\u0131.<\/p>\n<p><strong>BAKANLIK K\u00d6Y BULU\u015eMALARINA BA\u015eLIYOR\u00a0<\/strong><\/p>\n<p>K\u00fclt\u00fcr ve Turizm Bakanl\u0131\u011f\u0131 ka\u00e7ak kaz\u0131larla ve definecilerle m\u00fccadele i\u00e7in k\u00f6y bulu\u015fmalar\u0131na ba\u015flayacak. Antalya, Burdur, \u0130zmir gibi tarihi alanlar\u0131n ve ka\u00e7ak kaz\u0131lar\u0131n yo\u011fun oldu\u011fu b\u00f6lgelerde d\u00fczenlenecek k\u00f6y bulu\u015fmalar\u0131nda b\u00f6lge halk\u0131 tarihi eserlerin korunmas\u0131, muhafazas\u0131 ve ka\u00e7ak kaz\u0131yla m\u00fccadele konular\u0131nda bilgilendirilecek.<\/p>\n<figure class=\"wp-block-image\"><img decoding=\"async\" src=\"https:\/\/i2.milimaj.com\/i\/milliyet\/75\/770x0\/60e2224d86b2442d50e810d0\" alt=\"Vandall\u0131k pandemisi Her a\u00e7\u0131dan b\u00fcy\u00fck kay\u0131plara yol a\u00e7\u0131yor\" \/><\/figure>\n<p><em>Definecilerin g\u00f6z dikti\u011fi Lidya t\u00fcm\u00fcl\u00fcs mezarl\u0131k alan\u0131 olan Bintepeler, d\u00fcnyan\u0131n en b\u00fcy\u00fck t\u00fcm\u00fcl\u00fcs alan\u0131 olarak kabul ediliyor. Lidyal\u0131lara ait b\u00f6lge ayn\u0131 zamanda bir an\u0131t de\u011ferinde. B\u00f6lgede 115 t\u00fcm\u00fcl\u00fcs yer al\u0131yor.<\/em><\/p>\n<p><em><strong><a href=\"https:\/\/www.milliyet.com.tr\/kultur-sanat\/vandallik-pandemisi-her-acidan-buyuk-kayiplara-yol-aciyor-6545630\">https:\/\/www.milliyet.com.tr\/kultur-sanat\/vandallik-pandemisi-her-acidan-buyuk-kayiplara-yol-aciyor-6545630<\/a>\u00a0<\/strong><\/em><\/p>\n","protected":false},"excerpt":{"rendered":"<p>Pandemiyi f\u0131rsat bilen defineciler iki y\u0131lda 3 bin 365 ka\u00e7ak kaz\u0131 giri\u015fiminde bulundu. Tarihi sit alanlar\u0131 ve kutsal mek\u00e2nlar tahribattan nasibini ald\u0131. Seray \u015eahinler \u2013\u00a0\u00a0Pandemi\u00a0d\u00f6neminde arkeolojik ve tarihi sit alanlar\u0131 ziyaret\u00e7ilerden uzak kald\u0131. Fakat bu d\u00f6nemde bo\u015f durmayacak birileri vard\u0131 elbette; defineciler! Arazilerin bo\u015f kalmas\u0131yla harekete ge\u00e7en tarih d\u00fc\u015fmanlar\u0131 ka\u00e7ak kaz\u0131larla tahribata yol a\u00e7t\u0131. Arkeoloji [&hellip;]<\/p>\n","protected":false},"author":7,"featured_media":63628,"comment_status":"open","ping_status":"open","sticky":false,"template":"","format":"standard","meta":{"footnotes":""},"categories":[1],"tags":[],"class_list":["post-63627","post","type-post","status-publish","format-standard","has-post-thumbnail","hentry","category-haberler"],"yoast_head":"<!-- This site is optimized with the Yoast SEO plugin v27.4 - https:\/\/yoast.com\/product\/yoast-seo-wordpress\/ -->\n<title>Vandall\u0131k pandemisi! Her a\u00e7\u0131dan b\u00fcy\u00fck kay\u0131plara yol a\u00e7\u0131yor - Bati Ermenistan Ve Bati Ermenileri Sorunlari Ara\u015ftirmalar Merkezi<\/title>\n<meta name=\"robots\" content=\"index, follow, max-snippet:-1, max-image-preview:large, max-video-preview:-1\" \/>\n<link rel=\"canonical\" href=\"https:\/\/akunq.net\/tr\/?p=63627\" \/>\n<meta property=\"og:locale\" content=\"en_US\" \/>\n<meta property=\"og:type\" content=\"article\" \/>\n<meta property=\"og:title\" content=\"Vandall\u0131k pandemisi! Her a\u00e7\u0131dan b\u00fcy\u00fck kay\u0131plara yol a\u00e7\u0131yor - Bati Ermenistan Ve Bati Ermenileri Sorunlari Ara\u015ftirmalar Merkezi\" \/>\n<meta property=\"og:description\" content=\"Pandemiyi f\u0131rsat bilen defineciler iki y\u0131lda 3 bin 365 ka\u00e7ak kaz\u0131 giri\u015fiminde bulundu. Tarihi sit alanlar\u0131 ve kutsal mek\u00e2nlar tahribattan nasibini ald\u0131. Seray \u015eahinler \u2013\u00a0\u00a0Pandemi\u00a0d\u00f6neminde arkeolojik ve tarihi sit alanlar\u0131 ziyaret\u00e7ilerden uzak kald\u0131. Fakat bu d\u00f6nemde bo\u015f durmayacak birileri vard\u0131 elbette; defineciler! Arazilerin bo\u015f kalmas\u0131yla harekete ge\u00e7en tarih d\u00fc\u015fmanlar\u0131 ka\u00e7ak kaz\u0131larla tahribata yol a\u00e7t\u0131. Arkeoloji [&hellip;]\" \/>\n<meta property=\"og:url\" content=\"https:\/\/akunq.net\/tr\/?p=63627\" \/>\n<meta property=\"og:site_name\" content=\"Bati Ermenistan Ve Bati Ermenileri Sorunlari Ara\u015ftirmalar Merkezi\" \/>\n<meta property=\"article:published_time\" content=\"2021-07-06T07:26:21+00:00\" \/>\n<meta property=\"og:image\" content=\"https:\/\/akunq.net\/tr\/wp-content\/uploads\/sites\/6\/2021\/07\/Vandall\u0131k-pandemisi.jpeg\" \/>\n\t<meta property=\"og:image:width\" content=\"1236\" \/>\n\t<meta property=\"og:image:height\" content=\"679\" \/>\n\t<meta property=\"og:image:type\" content=\"image\/jpeg\" \/>\n<meta name=\"author\" content=\"admin\" \/>\n<meta name=\"twitter:card\" content=\"summary_large_image\" \/>\n<meta name=\"twitter:label1\" content=\"Written by\" \/>\n\t<meta name=\"twitter:data1\" content=\"admin\" \/>\n\t<meta name=\"twitter:label2\" content=\"Est. reading time\" \/>\n\t<meta name=\"twitter:data2\" content=\"4 minutes\" \/>\n<script type=\"application\/ld+json\" class=\"yoast-schema-graph\">{\"@context\":\"https:\\\/\\\/schema.org\",\"@graph\":[{\"@type\":\"Article\",\"@id\":\"https:\\\/\\\/akunq.net\\\/tr\\\/?p=63627#article\",\"isPartOf\":{\"@id\":\"https:\\\/\\\/akunq.net\\\/tr\\\/?p=63627\"},\"author\":{\"name\":\"admin\",\"@id\":\"https:\\\/\\\/akunq.net\\\/tr\\\/#\\\/schema\\\/person\\\/096f1d38a12cce57fb855b485ed24c9e\"},\"headline\":\"Vandall\u0131k pandemisi! Her a\u00e7\u0131dan b\u00fcy\u00fck kay\u0131plara yol a\u00e7\u0131yor\",\"datePublished\":\"2021-07-06T07:26:21+00:00\",\"mainEntityOfPage\":{\"@id\":\"https:\\\/\\\/akunq.net\\\/tr\\\/?p=63627\"},\"wordCount\":736,\"commentCount\":0,\"image\":{\"@id\":\"https:\\\/\\\/akunq.net\\\/tr\\\/?p=63627#primaryimage\"},\"thumbnailUrl\":\"https:\\\/\\\/akunq.net\\\/tr\\\/wp-content\\\/uploads\\\/sites\\\/6\\\/2021\\\/07\\\/Vandall\u0131k-pandemisi.jpeg\",\"articleSection\":[\"Haberler\"],\"inLanguage\":\"en-US\",\"potentialAction\":[{\"@type\":\"CommentAction\",\"name\":\"Comment\",\"target\":[\"https:\\\/\\\/akunq.net\\\/tr\\\/?p=63627#respond\"]}]},{\"@type\":\"WebPage\",\"@id\":\"https:\\\/\\\/akunq.net\\\/tr\\\/?p=63627\",\"url\":\"https:\\\/\\\/akunq.net\\\/tr\\\/?p=63627\",\"name\":\"Vandall\u0131k pandemisi! Her a\u00e7\u0131dan b\u00fcy\u00fck kay\u0131plara yol a\u00e7\u0131yor - Bati Ermenistan Ve Bati Ermenileri Sorunlari Ara\u015ftirmalar Merkezi\",\"isPartOf\":{\"@id\":\"https:\\\/\\\/akunq.net\\\/tr\\\/#website\"},\"primaryImageOfPage\":{\"@id\":\"https:\\\/\\\/akunq.net\\\/tr\\\/?p=63627#primaryimage\"},\"image\":{\"@id\":\"https:\\\/\\\/akunq.net\\\/tr\\\/?p=63627#primaryimage\"},\"thumbnailUrl\":\"https:\\\/\\\/akunq.net\\\/tr\\\/wp-content\\\/uploads\\\/sites\\\/6\\\/2021\\\/07\\\/Vandall\u0131k-pandemisi.jpeg\",\"datePublished\":\"2021-07-06T07:26:21+00:00\",\"author\":{\"@id\":\"https:\\\/\\\/akunq.net\\\/tr\\\/#\\\/schema\\\/person\\\/096f1d38a12cce57fb855b485ed24c9e\"},\"breadcrumb\":{\"@id\":\"https:\\\/\\\/akunq.net\\\/tr\\\/?p=63627#breadcrumb\"},\"inLanguage\":\"en-US\",\"potentialAction\":[{\"@type\":\"ReadAction\",\"target\":[\"https:\\\/\\\/akunq.net\\\/tr\\\/?p=63627\"]}]},{\"@type\":\"ImageObject\",\"inLanguage\":\"en-US\",\"@id\":\"https:\\\/\\\/akunq.net\\\/tr\\\/?p=63627#primaryimage\",\"url\":\"https:\\\/\\\/akunq.net\\\/tr\\\/wp-content\\\/uploads\\\/sites\\\/6\\\/2021\\\/07\\\/Vandall\u0131k-pandemisi.jpeg\",\"contentUrl\":\"https:\\\/\\\/akunq.net\\\/tr\\\/wp-content\\\/uploads\\\/sites\\\/6\\\/2021\\\/07\\\/Vandall\u0131k-pandemisi.jpeg\",\"width\":1236,\"height\":679},{\"@type\":\"BreadcrumbList\",\"@id\":\"https:\\\/\\\/akunq.net\\\/tr\\\/?p=63627#breadcrumb\",\"itemListElement\":[{\"@type\":\"ListItem\",\"position\":1,\"name\":\"Home\",\"item\":\"https:\\\/\\\/akunq.net\\\/tr\"},{\"@type\":\"ListItem\",\"position\":2,\"name\":\"Vandall\u0131k pandemisi! Her a\u00e7\u0131dan b\u00fcy\u00fck kay\u0131plara yol a\u00e7\u0131yor\"}]},{\"@type\":\"WebSite\",\"@id\":\"https:\\\/\\\/akunq.net\\\/tr\\\/#website\",\"url\":\"https:\\\/\\\/akunq.net\\\/tr\\\/\",\"name\":\"Bati Ermenistan Ve Bati Ermenileri Sorunlari Ara\u015ftirmalar Merkezi\",\"description\":\"\",\"potentialAction\":[{\"@type\":\"SearchAction\",\"target\":{\"@type\":\"EntryPoint\",\"urlTemplate\":\"https:\\\/\\\/akunq.net\\\/tr\\\/?s={search_term_string}\"},\"query-input\":{\"@type\":\"PropertyValueSpecification\",\"valueRequired\":true,\"valueName\":\"search_term_string\"}}],\"inLanguage\":\"en-US\"},{\"@type\":\"Person\",\"@id\":\"https:\\\/\\\/akunq.net\\\/tr\\\/#\\\/schema\\\/person\\\/096f1d38a12cce57fb855b485ed24c9e\",\"name\":\"admin\",\"url\":\"https:\\\/\\\/akunq.net\\\/tr\\\/?author=7\"}]}<\/script>\n<!-- \/ Yoast SEO plugin. -->","yoast_head_json":{"title":"Vandall\u0131k pandemisi! Her a\u00e7\u0131dan b\u00fcy\u00fck kay\u0131plara yol a\u00e7\u0131yor - Bati Ermenistan Ve Bati Ermenileri Sorunlari Ara\u015ftirmalar Merkezi","robots":{"index":"index","follow":"follow","max-snippet":"max-snippet:-1","max-image-preview":"max-image-preview:large","max-video-preview":"max-video-preview:-1"},"canonical":"https:\/\/akunq.net\/tr\/?p=63627","og_locale":"en_US","og_type":"article","og_title":"Vandall\u0131k pandemisi! Her a\u00e7\u0131dan b\u00fcy\u00fck kay\u0131plara yol a\u00e7\u0131yor - Bati Ermenistan Ve Bati Ermenileri Sorunlari Ara\u015ftirmalar Merkezi","og_description":"Pandemiyi f\u0131rsat bilen defineciler iki y\u0131lda 3 bin 365 ka\u00e7ak kaz\u0131 giri\u015fiminde bulundu. Tarihi sit alanlar\u0131 ve kutsal mek\u00e2nlar tahribattan nasibini ald\u0131. Seray \u015eahinler \u2013\u00a0\u00a0Pandemi\u00a0d\u00f6neminde arkeolojik ve tarihi sit alanlar\u0131 ziyaret\u00e7ilerden uzak kald\u0131. Fakat bu d\u00f6nemde bo\u015f durmayacak birileri vard\u0131 elbette; defineciler! Arazilerin bo\u015f kalmas\u0131yla harekete ge\u00e7en tarih d\u00fc\u015fmanlar\u0131 ka\u00e7ak kaz\u0131larla tahribata yol a\u00e7t\u0131. Arkeoloji [&hellip;]","og_url":"https:\/\/akunq.net\/tr\/?p=63627","og_site_name":"Bati Ermenistan Ve Bati Ermenileri Sorunlari Ara\u015ftirmalar Merkezi","article_published_time":"2021-07-06T07:26:21+00:00","og_image":[{"width":1236,"height":679,"url":"https:\/\/akunq.net\/tr\/wp-content\/uploads\/sites\/6\/2021\/07\/Vandall\u0131k-pandemisi.jpeg","type":"image\/jpeg"}],"author":"admin","twitter_card":"summary_large_image","twitter_misc":{"Written by":"admin","Est. reading time":"4 minutes"},"schema":{"@context":"https:\/\/schema.org","@graph":[{"@type":"Article","@id":"https:\/\/akunq.net\/tr\/?p=63627#article","isPartOf":{"@id":"https:\/\/akunq.net\/tr\/?p=63627"},"author":{"name":"admin","@id":"https:\/\/akunq.net\/tr\/#\/schema\/person\/096f1d38a12cce57fb855b485ed24c9e"},"headline":"Vandall\u0131k pandemisi! Her a\u00e7\u0131dan b\u00fcy\u00fck kay\u0131plara yol a\u00e7\u0131yor","datePublished":"2021-07-06T07:26:21+00:00","mainEntityOfPage":{"@id":"https:\/\/akunq.net\/tr\/?p=63627"},"wordCount":736,"commentCount":0,"image":{"@id":"https:\/\/akunq.net\/tr\/?p=63627#primaryimage"},"thumbnailUrl":"https:\/\/akunq.net\/tr\/wp-content\/uploads\/sites\/6\/2021\/07\/Vandall\u0131k-pandemisi.jpeg","articleSection":["Haberler"],"inLanguage":"en-US","potentialAction":[{"@type":"CommentAction","name":"Comment","target":["https:\/\/akunq.net\/tr\/?p=63627#respond"]}]},{"@type":"WebPage","@id":"https:\/\/akunq.net\/tr\/?p=63627","url":"https:\/\/akunq.net\/tr\/?p=63627","name":"Vandall\u0131k pandemisi! Her a\u00e7\u0131dan b\u00fcy\u00fck kay\u0131plara yol a\u00e7\u0131yor - Bati Ermenistan Ve Bati Ermenileri Sorunlari Ara\u015ftirmalar Merkezi","isPartOf":{"@id":"https:\/\/akunq.net\/tr\/#website"},"primaryImageOfPage":{"@id":"https:\/\/akunq.net\/tr\/?p=63627#primaryimage"},"image":{"@id":"https:\/\/akunq.net\/tr\/?p=63627#primaryimage"},"thumbnailUrl":"https:\/\/akunq.net\/tr\/wp-content\/uploads\/sites\/6\/2021\/07\/Vandall\u0131k-pandemisi.jpeg","datePublished":"2021-07-06T07:26:21+00:00","author":{"@id":"https:\/\/akunq.net\/tr\/#\/schema\/person\/096f1d38a12cce57fb855b485ed24c9e"},"breadcrumb":{"@id":"https:\/\/akunq.net\/tr\/?p=63627#breadcrumb"},"inLanguage":"en-US","potentialAction":[{"@type":"ReadAction","target":["https:\/\/akunq.net\/tr\/?p=63627"]}]},{"@type":"ImageObject","inLanguage":"en-US","@id":"https:\/\/akunq.net\/tr\/?p=63627#primaryimage","url":"https:\/\/akunq.net\/tr\/wp-content\/uploads\/sites\/6\/2021\/07\/Vandall\u0131k-pandemisi.jpeg","contentUrl":"https:\/\/akunq.net\/tr\/wp-content\/uploads\/sites\/6\/2021\/07\/Vandall\u0131k-pandemisi.jpeg","width":1236,"height":679},{"@type":"BreadcrumbList","@id":"https:\/\/akunq.net\/tr\/?p=63627#breadcrumb","itemListElement":[{"@type":"ListItem","position":1,"name":"Home","item":"https:\/\/akunq.net\/tr"},{"@type":"ListItem","position":2,"name":"Vandall\u0131k pandemisi! Her a\u00e7\u0131dan b\u00fcy\u00fck kay\u0131plara yol a\u00e7\u0131yor"}]},{"@type":"WebSite","@id":"https:\/\/akunq.net\/tr\/#website","url":"https:\/\/akunq.net\/tr\/","name":"Bati Ermenistan Ve Bati Ermenileri Sorunlari Ara\u015ftirmalar Merkezi","description":"","potentialAction":[{"@type":"SearchAction","target":{"@type":"EntryPoint","urlTemplate":"https:\/\/akunq.net\/tr\/?s={search_term_string}"},"query-input":{"@type":"PropertyValueSpecification","valueRequired":true,"valueName":"search_term_string"}}],"inLanguage":"en-US"},{"@type":"Person","@id":"https:\/\/akunq.net\/tr\/#\/schema\/person\/096f1d38a12cce57fb855b485ed24c9e","name":"admin","url":"https:\/\/akunq.net\/tr\/?author=7"}]}},"_links":{"self":[{"href":"https:\/\/akunq.net\/tr\/index.php?rest_route=\/wp\/v2\/posts\/63627","targetHints":{"allow":["GET"]}}],"collection":[{"href":"https:\/\/akunq.net\/tr\/index.php?rest_route=\/wp\/v2\/posts"}],"about":[{"href":"https:\/\/akunq.net\/tr\/index.php?rest_route=\/wp\/v2\/types\/post"}],"author":[{"embeddable":true,"href":"https:\/\/akunq.net\/tr\/index.php?rest_route=\/wp\/v2\/users\/7"}],"replies":[{"embeddable":true,"href":"https:\/\/akunq.net\/tr\/index.php?rest_route=%2Fwp%2Fv2%2Fcomments&post=63627"}],"version-history":[{"count":1,"href":"https:\/\/akunq.net\/tr\/index.php?rest_route=\/wp\/v2\/posts\/63627\/revisions"}],"predecessor-version":[{"id":63629,"href":"https:\/\/akunq.net\/tr\/index.php?rest_route=\/wp\/v2\/posts\/63627\/revisions\/63629"}],"wp:featuredmedia":[{"embeddable":true,"href":"https:\/\/akunq.net\/tr\/index.php?rest_route=\/wp\/v2\/media\/63628"}],"wp:attachment":[{"href":"https:\/\/akunq.net\/tr\/index.php?rest_route=%2Fwp%2Fv2%2Fmedia&parent=63627"}],"wp:term":[{"taxonomy":"category","embeddable":true,"href":"https:\/\/akunq.net\/tr\/index.php?rest_route=%2Fwp%2Fv2%2Fcategories&post=63627"},{"taxonomy":"post_tag","embeddable":true,"href":"https:\/\/akunq.net\/tr\/index.php?rest_route=%2Fwp%2Fv2%2Ftags&post=63627"}],"curies":[{"name":"wp","href":"https:\/\/api.w.org\/{rel}","templated":true}]}}