{"id":63605,"date":"2021-07-02T01:08:25","date_gmt":"2021-07-02T06:08:25","guid":{"rendered":"https:\/\/akunq.net\/tr\/?p=63605"},"modified":"2021-07-02T01:08:25","modified_gmt":"2021-07-02T06:08:25","slug":"anayasa-mahkemesi-omer-faruk-gergerlioglu-icin-hak-ihlali-karari-verdi","status":"publish","type":"post","link":"https:\/\/akunq.net\/tr\/?p=63605","title":{"rendered":"Anayasa Mahkemesi \u00d6mer Faruk Gergerlio\u011flu i\u00e7in &#8220;hak ihlali&#8221; karar\u0131 verdi"},"content":{"rendered":"<p><img loading=\"lazy\" decoding=\"async\" class=\"aligncenter size-medium wp-image-63606\" src=\"https:\/\/akunq.net\/tr\/wp-content\/uploads\/2021\/07\/\u00d6mer-Faruk-Gergerlio\u011flu-360x203.jpg\" alt=\"\" width=\"360\" height=\"203\" srcset=\"https:\/\/akunq.net\/tr\/wp-content\/uploads\/sites\/6\/2021\/07\/\u00d6mer-Faruk-Gergerlio\u011flu-360x203.jpg 360w, https:\/\/akunq.net\/tr\/wp-content\/uploads\/sites\/6\/2021\/07\/\u00d6mer-Faruk-Gergerlio\u011flu-768x432.jpg 768w, https:\/\/akunq.net\/tr\/wp-content\/uploads\/sites\/6\/2021\/07\/\u00d6mer-Faruk-Gergerlio\u011flu-560x315.jpg 560w, https:\/\/akunq.net\/tr\/wp-content\/uploads\/sites\/6\/2021\/07\/\u00d6mer-Faruk-Gergerlio\u011flu-260x146.jpg 260w, https:\/\/akunq.net\/tr\/wp-content\/uploads\/sites\/6\/2021\/07\/\u00d6mer-Faruk-Gergerlio\u011flu-160x90.jpg 160w, https:\/\/akunq.net\/tr\/wp-content\/uploads\/sites\/6\/2021\/07\/\u00d6mer-Faruk-Gergerlio\u011flu.jpg 800w\" sizes=\"auto, (max-width: 360px) 100vw, 360px\" \/><\/p>\n<p><em><strong>Anayasa Mahkemesi, milletvekilli\u011fi d\u00fc\u015f\u00fcr\u00fclen \u00d6mer Faruk Gergerlio\u011flu&#8217;nun &#8220;siyasi faaliyette bulunma&#8221; ve &#8220;ifade \u00f6zg\u00fcrl\u00fc\u011f\u00fc&#8221; hakk\u0131n\u0131n ihlal edildi\u011fine oybirli\u011fiyle karar verdi.<\/strong><\/em><\/p>\n<p>AYM, hak ihlalinin ortadan kald\u0131r\u0131lmas\u0131 i\u00e7in yerel mahkemeden Gergerlio\u011flu&#8217;nun tahliye edilmesinin istenmesine de karar verdi.<\/p>\n<p>HDP Grup Ba\u015fkan Vekili Meral Dan\u0131\u015f Be\u015fta\u015f Twitter&#8217;dan yapt\u0131\u011f\u0131 a\u00e7\u0131klamada &#8220;\u00d6mer Faruk Gergerklio\u011flu vekilimizin dokunulmazl\u0131\u011f\u0131 kald\u0131r\u0131lmas\u0131n\u0131n hukuk d\u0131\u015f\u0131 oldu\u011funu hep s\u00f6yledik. AYM karar\u0131 da s\u00f6ylemlerimizi teyit etti. Adaletin ge\u00e7 de olsa yerini bulmas\u0131 ve halk iradesine sayg\u0131 gere\u011fi Gergerlio\u011flu derhal tahliye edilmeli ve vekilli\u011fe iadesi sa\u011flanmal\u0131d\u0131r!&#8221; dedi.<\/p>\n<p>Bir haber payla\u015ft\u0131\u011f\u0131 i\u00e7in\u00a0 &#8220;ter\u00f6r \u00f6rg\u00fct\u00fc propagandas\u0131 yapmakla&#8221; su\u00e7lanarak 2 y\u0131l 6 hapis cezas\u0131 alan ve Yarg\u0131tay&#8217;\u0131n karar\u0131 onamas\u0131n\u0131n ard\u0131ndan milletvekilli\u011fi d\u00fc\u015f\u00fcr\u00fclen HDP&#8217;li \u00d6mer Faruk Gergerlio\u011flu yakla\u015f\u0131k \u00fc\u00e7 ayd\u0131r Sincan F tipi cezaevinde bulunuyor.<\/p>\n<p>Hekim ve insan haklar\u0131 savunucusu Gergerlio\u011flu; g\u00f6zalt\u0131nda i\u015fkence, cezaevinde \u00e7\u0131plak arama, kay\u0131p ve ka\u00e7\u0131r\u0131lma tan\u0131kl\u0131klar\u0131n\u0131 g\u00fcndeme ta\u015f\u0131m\u0131\u015f, bu nedenle h\u00fck\u00fcmet \u00e7evrelerinin hedefi olmu\u015ftu.<\/p>\n<p>Karar\u0131n ard\u0131ndan Gergerlio\u011flu\u2019nun o\u011flu Salih Gergerlio\u011flu, Twitter hesab\u0131ndan yapt\u0131\u011f\u0131 payla\u015f\u0131mda AYM karar\u0131n\u0131 vurgulayarak babas\u0131n\u0131n tahliye olaca\u011f\u0131n\u0131 s\u00f6yledi.<\/p>\n<p><em><strong>http:\/\/www.agos.com.tr\/tr\/yazi\/25862\/anayasa-mahkemesi-omer-faruk-gergerlioglu-icin-hak-ihlali-karari-verdi\u00a0<\/strong><\/em><\/p>\n","protected":false},"excerpt":{"rendered":"<p>Anayasa Mahkemesi, milletvekilli\u011fi d\u00fc\u015f\u00fcr\u00fclen \u00d6mer Faruk Gergerlio\u011flu&#8217;nun &#8220;siyasi faaliyette bulunma&#8221; ve &#8220;ifade \u00f6zg\u00fcrl\u00fc\u011f\u00fc&#8221; hakk\u0131n\u0131n ihlal edildi\u011fine oybirli\u011fiyle karar verdi. AYM, hak ihlalinin ortadan kald\u0131r\u0131lmas\u0131 i\u00e7in yerel mahkemeden Gergerlio\u011flu&#8217;nun tahliye edilmesinin istenmesine de karar verdi. HDP Grup Ba\u015fkan Vekili Meral Dan\u0131\u015f Be\u015fta\u015f Twitter&#8217;dan yapt\u0131\u011f\u0131 a\u00e7\u0131klamada &#8220;\u00d6mer Faruk Gergerklio\u011flu vekilimizin dokunulmazl\u0131\u011f\u0131 kald\u0131r\u0131lmas\u0131n\u0131n hukuk d\u0131\u015f\u0131 oldu\u011funu hep s\u00f6yledik. [&hellip;]<\/p>\n","protected":false},"author":7,"featured_media":63606,"comment_status":"open","ping_status":"open","sticky":false,"template":"","format":"standard","meta":{"footnotes":""},"categories":[1],"tags":[],"class_list":["post-63605","post","type-post","status-publish","format-standard","has-post-thumbnail","hentry","category-haberler"],"yoast_head":"<!-- This site is optimized with the Yoast SEO plugin v27.4 - https:\/\/yoast.com\/product\/yoast-seo-wordpress\/ -->\n<title>Anayasa Mahkemesi \u00d6mer Faruk Gergerlio\u011flu i\u00e7in &quot;hak ihlali&quot; karar\u0131 verdi - Bati Ermenistan Ve Bati Ermenileri Sorunlari Ara\u015ftirmalar Merkezi<\/title>\n<meta name=\"robots\" content=\"index, follow, max-snippet:-1, max-image-preview:large, max-video-preview:-1\" \/>\n<link rel=\"canonical\" href=\"https:\/\/akunq.net\/tr\/?p=63605\" \/>\n<meta property=\"og:locale\" content=\"en_US\" \/>\n<meta property=\"og:type\" content=\"article\" \/>\n<meta property=\"og:title\" content=\"Anayasa Mahkemesi \u00d6mer Faruk Gergerlio\u011flu i\u00e7in &quot;hak ihlali&quot; karar\u0131 verdi - Bati Ermenistan Ve Bati Ermenileri Sorunlari Ara\u015ftirmalar Merkezi\" \/>\n<meta property=\"og:description\" content=\"Anayasa Mahkemesi, milletvekilli\u011fi d\u00fc\u015f\u00fcr\u00fclen \u00d6mer Faruk Gergerlio\u011flu&#8217;nun &#8220;siyasi faaliyette bulunma&#8221; ve &#8220;ifade \u00f6zg\u00fcrl\u00fc\u011f\u00fc&#8221; hakk\u0131n\u0131n ihlal edildi\u011fine oybirli\u011fiyle karar verdi. AYM, hak ihlalinin ortadan kald\u0131r\u0131lmas\u0131 i\u00e7in yerel mahkemeden Gergerlio\u011flu&#8217;nun tahliye edilmesinin istenmesine de karar verdi. HDP Grup Ba\u015fkan Vekili Meral Dan\u0131\u015f Be\u015fta\u015f Twitter&#8217;dan yapt\u0131\u011f\u0131 a\u00e7\u0131klamada &#8220;\u00d6mer Faruk Gergerklio\u011flu vekilimizin dokunulmazl\u0131\u011f\u0131 kald\u0131r\u0131lmas\u0131n\u0131n hukuk d\u0131\u015f\u0131 oldu\u011funu hep s\u00f6yledik. [&hellip;]\" \/>\n<meta property=\"og:url\" content=\"https:\/\/akunq.net\/tr\/?p=63605\" \/>\n<meta property=\"og:site_name\" content=\"Bati Ermenistan Ve Bati Ermenileri Sorunlari Ara\u015ftirmalar Merkezi\" \/>\n<meta property=\"article:published_time\" content=\"2021-07-02T06:08:25+00:00\" \/>\n<meta property=\"og:image\" content=\"https:\/\/akunq.net\/tr\/wp-content\/uploads\/sites\/6\/2021\/07\/\u00d6mer-Faruk-Gergerlio\u011flu.jpg\" \/>\n\t<meta property=\"og:image:width\" content=\"800\" \/>\n\t<meta property=\"og:image:height\" content=\"450\" \/>\n\t<meta property=\"og:image:type\" content=\"image\/jpeg\" \/>\n<meta name=\"author\" content=\"admin\" \/>\n<meta name=\"twitter:card\" content=\"summary_large_image\" \/>\n<meta name=\"twitter:label1\" content=\"Written by\" \/>\n\t<meta name=\"twitter:data1\" content=\"admin\" \/>\n\t<meta name=\"twitter:label2\" content=\"Est. reading time\" \/>\n\t<meta name=\"twitter:data2\" content=\"1 minute\" \/>\n<script type=\"application\/ld+json\" class=\"yoast-schema-graph\">{\"@context\":\"https:\\\/\\\/schema.org\",\"@graph\":[{\"@type\":\"Article\",\"@id\":\"https:\\\/\\\/akunq.net\\\/tr\\\/?p=63605#article\",\"isPartOf\":{\"@id\":\"https:\\\/\\\/akunq.net\\\/tr\\\/?p=63605\"},\"author\":{\"name\":\"admin\",\"@id\":\"https:\\\/\\\/akunq.net\\\/tr\\\/#\\\/schema\\\/person\\\/096f1d38a12cce57fb855b485ed24c9e\"},\"headline\":\"Anayasa Mahkemesi \u00d6mer Faruk Gergerlio\u011flu i\u00e7in &#8220;hak ihlali&#8221; karar\u0131 verdi\",\"datePublished\":\"2021-07-02T06:08:25+00:00\",\"mainEntityOfPage\":{\"@id\":\"https:\\\/\\\/akunq.net\\\/tr\\\/?p=63605\"},\"wordCount\":247,\"commentCount\":0,\"image\":{\"@id\":\"https:\\\/\\\/akunq.net\\\/tr\\\/?p=63605#primaryimage\"},\"thumbnailUrl\":\"https:\\\/\\\/akunq.net\\\/tr\\\/wp-content\\\/uploads\\\/sites\\\/6\\\/2021\\\/07\\\/\u00d6mer-Faruk-Gergerlio\u011flu.jpg\",\"articleSection\":[\"Haberler\"],\"inLanguage\":\"en-US\",\"potentialAction\":[{\"@type\":\"CommentAction\",\"name\":\"Comment\",\"target\":[\"https:\\\/\\\/akunq.net\\\/tr\\\/?p=63605#respond\"]}]},{\"@type\":\"WebPage\",\"@id\":\"https:\\\/\\\/akunq.net\\\/tr\\\/?p=63605\",\"url\":\"https:\\\/\\\/akunq.net\\\/tr\\\/?p=63605\",\"name\":\"Anayasa Mahkemesi \u00d6mer Faruk Gergerlio\u011flu i\u00e7in \\\"hak ihlali\\\" karar\u0131 verdi - Bati Ermenistan Ve Bati Ermenileri Sorunlari Ara\u015ftirmalar Merkezi\",\"isPartOf\":{\"@id\":\"https:\\\/\\\/akunq.net\\\/tr\\\/#website\"},\"primaryImageOfPage\":{\"@id\":\"https:\\\/\\\/akunq.net\\\/tr\\\/?p=63605#primaryimage\"},\"image\":{\"@id\":\"https:\\\/\\\/akunq.net\\\/tr\\\/?p=63605#primaryimage\"},\"thumbnailUrl\":\"https:\\\/\\\/akunq.net\\\/tr\\\/wp-content\\\/uploads\\\/sites\\\/6\\\/2021\\\/07\\\/\u00d6mer-Faruk-Gergerlio\u011flu.jpg\",\"datePublished\":\"2021-07-02T06:08:25+00:00\",\"author\":{\"@id\":\"https:\\\/\\\/akunq.net\\\/tr\\\/#\\\/schema\\\/person\\\/096f1d38a12cce57fb855b485ed24c9e\"},\"breadcrumb\":{\"@id\":\"https:\\\/\\\/akunq.net\\\/tr\\\/?p=63605#breadcrumb\"},\"inLanguage\":\"en-US\",\"potentialAction\":[{\"@type\":\"ReadAction\",\"target\":[\"https:\\\/\\\/akunq.net\\\/tr\\\/?p=63605\"]}]},{\"@type\":\"ImageObject\",\"inLanguage\":\"en-US\",\"@id\":\"https:\\\/\\\/akunq.net\\\/tr\\\/?p=63605#primaryimage\",\"url\":\"https:\\\/\\\/akunq.net\\\/tr\\\/wp-content\\\/uploads\\\/sites\\\/6\\\/2021\\\/07\\\/\u00d6mer-Faruk-Gergerlio\u011flu.jpg\",\"contentUrl\":\"https:\\\/\\\/akunq.net\\\/tr\\\/wp-content\\\/uploads\\\/sites\\\/6\\\/2021\\\/07\\\/\u00d6mer-Faruk-Gergerlio\u011flu.jpg\",\"width\":800,\"height\":450},{\"@type\":\"BreadcrumbList\",\"@id\":\"https:\\\/\\\/akunq.net\\\/tr\\\/?p=63605#breadcrumb\",\"itemListElement\":[{\"@type\":\"ListItem\",\"position\":1,\"name\":\"Home\",\"item\":\"https:\\\/\\\/akunq.net\\\/tr\"},{\"@type\":\"ListItem\",\"position\":2,\"name\":\"Anayasa Mahkemesi \u00d6mer Faruk Gergerlio\u011flu i\u00e7in &#8220;hak ihlali&#8221; karar\u0131 verdi\"}]},{\"@type\":\"WebSite\",\"@id\":\"https:\\\/\\\/akunq.net\\\/tr\\\/#website\",\"url\":\"https:\\\/\\\/akunq.net\\\/tr\\\/\",\"name\":\"Bati Ermenistan Ve Bati Ermenileri Sorunlari Ara\u015ftirmalar Merkezi\",\"description\":\"\",\"potentialAction\":[{\"@type\":\"SearchAction\",\"target\":{\"@type\":\"EntryPoint\",\"urlTemplate\":\"https:\\\/\\\/akunq.net\\\/tr\\\/?s={search_term_string}\"},\"query-input\":{\"@type\":\"PropertyValueSpecification\",\"valueRequired\":true,\"valueName\":\"search_term_string\"}}],\"inLanguage\":\"en-US\"},{\"@type\":\"Person\",\"@id\":\"https:\\\/\\\/akunq.net\\\/tr\\\/#\\\/schema\\\/person\\\/096f1d38a12cce57fb855b485ed24c9e\",\"name\":\"admin\",\"url\":\"https:\\\/\\\/akunq.net\\\/tr\\\/?author=7\"}]}<\/script>\n<!-- \/ Yoast SEO plugin. -->","yoast_head_json":{"title":"Anayasa Mahkemesi \u00d6mer Faruk Gergerlio\u011flu i\u00e7in \"hak ihlali\" karar\u0131 verdi - Bati Ermenistan Ve Bati Ermenileri Sorunlari Ara\u015ftirmalar Merkezi","robots":{"index":"index","follow":"follow","max-snippet":"max-snippet:-1","max-image-preview":"max-image-preview:large","max-video-preview":"max-video-preview:-1"},"canonical":"https:\/\/akunq.net\/tr\/?p=63605","og_locale":"en_US","og_type":"article","og_title":"Anayasa Mahkemesi \u00d6mer Faruk Gergerlio\u011flu i\u00e7in \"hak ihlali\" karar\u0131 verdi - Bati Ermenistan Ve Bati Ermenileri Sorunlari Ara\u015ftirmalar Merkezi","og_description":"Anayasa Mahkemesi, milletvekilli\u011fi d\u00fc\u015f\u00fcr\u00fclen \u00d6mer Faruk Gergerlio\u011flu&#8217;nun &#8220;siyasi faaliyette bulunma&#8221; ve &#8220;ifade \u00f6zg\u00fcrl\u00fc\u011f\u00fc&#8221; hakk\u0131n\u0131n ihlal edildi\u011fine oybirli\u011fiyle karar verdi. AYM, hak ihlalinin ortadan kald\u0131r\u0131lmas\u0131 i\u00e7in yerel mahkemeden Gergerlio\u011flu&#8217;nun tahliye edilmesinin istenmesine de karar verdi. HDP Grup Ba\u015fkan Vekili Meral Dan\u0131\u015f Be\u015fta\u015f Twitter&#8217;dan yapt\u0131\u011f\u0131 a\u00e7\u0131klamada &#8220;\u00d6mer Faruk Gergerklio\u011flu vekilimizin dokunulmazl\u0131\u011f\u0131 kald\u0131r\u0131lmas\u0131n\u0131n hukuk d\u0131\u015f\u0131 oldu\u011funu hep s\u00f6yledik. [&hellip;]","og_url":"https:\/\/akunq.net\/tr\/?p=63605","og_site_name":"Bati Ermenistan Ve Bati Ermenileri Sorunlari Ara\u015ftirmalar Merkezi","article_published_time":"2021-07-02T06:08:25+00:00","og_image":[{"width":800,"height":450,"url":"https:\/\/akunq.net\/tr\/wp-content\/uploads\/sites\/6\/2021\/07\/\u00d6mer-Faruk-Gergerlio\u011flu.jpg","type":"image\/jpeg"}],"author":"admin","twitter_card":"summary_large_image","twitter_misc":{"Written by":"admin","Est. reading time":"1 minute"},"schema":{"@context":"https:\/\/schema.org","@graph":[{"@type":"Article","@id":"https:\/\/akunq.net\/tr\/?p=63605#article","isPartOf":{"@id":"https:\/\/akunq.net\/tr\/?p=63605"},"author":{"name":"admin","@id":"https:\/\/akunq.net\/tr\/#\/schema\/person\/096f1d38a12cce57fb855b485ed24c9e"},"headline":"Anayasa Mahkemesi \u00d6mer Faruk Gergerlio\u011flu i\u00e7in &#8220;hak ihlali&#8221; karar\u0131 verdi","datePublished":"2021-07-02T06:08:25+00:00","mainEntityOfPage":{"@id":"https:\/\/akunq.net\/tr\/?p=63605"},"wordCount":247,"commentCount":0,"image":{"@id":"https:\/\/akunq.net\/tr\/?p=63605#primaryimage"},"thumbnailUrl":"https:\/\/akunq.net\/tr\/wp-content\/uploads\/sites\/6\/2021\/07\/\u00d6mer-Faruk-Gergerlio\u011flu.jpg","articleSection":["Haberler"],"inLanguage":"en-US","potentialAction":[{"@type":"CommentAction","name":"Comment","target":["https:\/\/akunq.net\/tr\/?p=63605#respond"]}]},{"@type":"WebPage","@id":"https:\/\/akunq.net\/tr\/?p=63605","url":"https:\/\/akunq.net\/tr\/?p=63605","name":"Anayasa Mahkemesi \u00d6mer Faruk Gergerlio\u011flu i\u00e7in \"hak ihlali\" karar\u0131 verdi - Bati Ermenistan Ve Bati Ermenileri Sorunlari Ara\u015ftirmalar Merkezi","isPartOf":{"@id":"https:\/\/akunq.net\/tr\/#website"},"primaryImageOfPage":{"@id":"https:\/\/akunq.net\/tr\/?p=63605#primaryimage"},"image":{"@id":"https:\/\/akunq.net\/tr\/?p=63605#primaryimage"},"thumbnailUrl":"https:\/\/akunq.net\/tr\/wp-content\/uploads\/sites\/6\/2021\/07\/\u00d6mer-Faruk-Gergerlio\u011flu.jpg","datePublished":"2021-07-02T06:08:25+00:00","author":{"@id":"https:\/\/akunq.net\/tr\/#\/schema\/person\/096f1d38a12cce57fb855b485ed24c9e"},"breadcrumb":{"@id":"https:\/\/akunq.net\/tr\/?p=63605#breadcrumb"},"inLanguage":"en-US","potentialAction":[{"@type":"ReadAction","target":["https:\/\/akunq.net\/tr\/?p=63605"]}]},{"@type":"ImageObject","inLanguage":"en-US","@id":"https:\/\/akunq.net\/tr\/?p=63605#primaryimage","url":"https:\/\/akunq.net\/tr\/wp-content\/uploads\/sites\/6\/2021\/07\/\u00d6mer-Faruk-Gergerlio\u011flu.jpg","contentUrl":"https:\/\/akunq.net\/tr\/wp-content\/uploads\/sites\/6\/2021\/07\/\u00d6mer-Faruk-Gergerlio\u011flu.jpg","width":800,"height":450},{"@type":"BreadcrumbList","@id":"https:\/\/akunq.net\/tr\/?p=63605#breadcrumb","itemListElement":[{"@type":"ListItem","position":1,"name":"Home","item":"https:\/\/akunq.net\/tr"},{"@type":"ListItem","position":2,"name":"Anayasa Mahkemesi \u00d6mer Faruk Gergerlio\u011flu i\u00e7in &#8220;hak ihlali&#8221; karar\u0131 verdi"}]},{"@type":"WebSite","@id":"https:\/\/akunq.net\/tr\/#website","url":"https:\/\/akunq.net\/tr\/","name":"Bati Ermenistan Ve Bati Ermenileri Sorunlari Ara\u015ftirmalar Merkezi","description":"","potentialAction":[{"@type":"SearchAction","target":{"@type":"EntryPoint","urlTemplate":"https:\/\/akunq.net\/tr\/?s={search_term_string}"},"query-input":{"@type":"PropertyValueSpecification","valueRequired":true,"valueName":"search_term_string"}}],"inLanguage":"en-US"},{"@type":"Person","@id":"https:\/\/akunq.net\/tr\/#\/schema\/person\/096f1d38a12cce57fb855b485ed24c9e","name":"admin","url":"https:\/\/akunq.net\/tr\/?author=7"}]}},"_links":{"self":[{"href":"https:\/\/akunq.net\/tr\/index.php?rest_route=\/wp\/v2\/posts\/63605","targetHints":{"allow":["GET"]}}],"collection":[{"href":"https:\/\/akunq.net\/tr\/index.php?rest_route=\/wp\/v2\/posts"}],"about":[{"href":"https:\/\/akunq.net\/tr\/index.php?rest_route=\/wp\/v2\/types\/post"}],"author":[{"embeddable":true,"href":"https:\/\/akunq.net\/tr\/index.php?rest_route=\/wp\/v2\/users\/7"}],"replies":[{"embeddable":true,"href":"https:\/\/akunq.net\/tr\/index.php?rest_route=%2Fwp%2Fv2%2Fcomments&post=63605"}],"version-history":[{"count":1,"href":"https:\/\/akunq.net\/tr\/index.php?rest_route=\/wp\/v2\/posts\/63605\/revisions"}],"predecessor-version":[{"id":63607,"href":"https:\/\/akunq.net\/tr\/index.php?rest_route=\/wp\/v2\/posts\/63605\/revisions\/63607"}],"wp:featuredmedia":[{"embeddable":true,"href":"https:\/\/akunq.net\/tr\/index.php?rest_route=\/wp\/v2\/media\/63606"}],"wp:attachment":[{"href":"https:\/\/akunq.net\/tr\/index.php?rest_route=%2Fwp%2Fv2%2Fmedia&parent=63605"}],"wp:term":[{"taxonomy":"category","embeddable":true,"href":"https:\/\/akunq.net\/tr\/index.php?rest_route=%2Fwp%2Fv2%2Fcategories&post=63605"},{"taxonomy":"post_tag","embeddable":true,"href":"https:\/\/akunq.net\/tr\/index.php?rest_route=%2Fwp%2Fv2%2Ftags&post=63605"}],"curies":[{"name":"wp","href":"https:\/\/api.w.org\/{rel}","templated":true}]}}