{"id":63586,"date":"2021-07-01T01:40:07","date_gmt":"2021-07-01T06:40:07","guid":{"rendered":"https:\/\/akunq.net\/tr\/?p=63586"},"modified":"2021-07-01T01:40:07","modified_gmt":"2021-07-01T06:40:07","slug":"sumela-manastiri-5-yil-sonra-aciliyor","status":"publish","type":"post","link":"https:\/\/akunq.net\/tr\/?p=63586","title":{"rendered":"S\u00fcmela Manast\u0131r\u0131 5 y\u0131l sonra a\u00e7\u0131l\u0131yor"},"content":{"rendered":"<p><img loading=\"lazy\" decoding=\"async\" class=\"aligncenter size-medium wp-image-63587\" src=\"https:\/\/akunq.net\/tr\/wp-content\/uploads\/2021\/07\/S\u00dcMELA-MANASTIRI-360x213.jpg\" alt=\"\" width=\"360\" height=\"213\" srcset=\"https:\/\/akunq.net\/tr\/wp-content\/uploads\/sites\/6\/2021\/07\/S\u00dcMELA-MANASTIRI-360x213.jpg 360w, https:\/\/akunq.net\/tr\/wp-content\/uploads\/sites\/6\/2021\/07\/S\u00dcMELA-MANASTIRI-560x332.jpg 560w, https:\/\/akunq.net\/tr\/wp-content\/uploads\/sites\/6\/2021\/07\/S\u00dcMELA-MANASTIRI-260x154.jpg 260w, https:\/\/akunq.net\/tr\/wp-content\/uploads\/sites\/6\/2021\/07\/S\u00dcMELA-MANASTIRI-160x95.jpg 160w, https:\/\/akunq.net\/tr\/wp-content\/uploads\/sites\/6\/2021\/07\/S\u00dcMELA-MANASTIRI.jpg 760w\" sizes=\"auto, (max-width: 360px) 100vw, 360px\" \/><\/p>\n<p><em><strong>Trabzon\u2019un Ma\u00e7ka il\u00e7esindeki S\u00fcmela Manast\u0131r\u0131\u2019n\u0131n t\u00fcm alanlar\u0131, 5 y\u0131l s\u00fcren restorasyon \u00e7al\u0131\u015fmalar\u0131n\u0131n ard\u0131ndan yar\u0131n ziyarete a\u00e7\u0131lacak. Restorasyonunun y\u00fczde 90\u2019\u0131n\u0131n tamamland\u0131\u011f\u0131 manast\u0131rda, Ana Kaya Kilisesi\u2019nin kuzeyinde yer alan 10 \u015fapel, \u00c7an Kulesi, misafirhane, ke\u015fi\u015f ve \u00f6\u011frenci odalar\u0131 ve mahzenler 5 y\u0131l sonra ilk kez gezilecek.<\/strong><\/em><\/p>\n<p>T\u00fcrkiye\u2019nin \u00f6nemli tarihi, turistik ve inan\u00e7 turizmi merkezlerinden S\u00fcmela Manast\u0131r\u0131\u2019nda, \u015eubat 2016\u2019da restorasyon, \u00e7evre d\u00fczenlemesi, kayal\u0131klar\u0131n jeolojik ve jeoteknik bak\u0131mdan ara\u015ft\u0131r\u0131lmas\u0131 ve g\u00fc\u00e7lendirilmesi \u00e7al\u0131\u015fmas\u0131 ba\u015flat\u0131ld\u0131. Kaya d\u00fc\u015fme riskine kar\u015f\u0131 kapat\u0131lan S\u00fcmela Manast\u0131r\u0131\u2019n\u0131n avluya kadar olan b\u00f6l\u00fcm\u00fc, \u00e7evresinde ger\u00e7ekle\u015ftirilen projelerin birinci etab\u0131n\u0131n tamamlanmas\u0131 ile 25 May\u0131s 2019\u2019da ziyarete a\u00e7\u0131ld\u0131. \u0130kinci etap \u00e7al\u0131\u015fmalar\u0131n\u0131n da tamamlanmas\u0131 ile manast\u0131r\u0131n y\u00fczde 65\u2019lik b\u00f6l\u00fcm\u00fc, 28 Temmuz 2020\u2019de ziyarete a\u00e7\u0131ld\u0131.<\/p>\n<p><strong>TAMAMI A\u00c7ILIYOR<\/strong><\/p>\n<p>B\u00f6lge turizmine b\u00fcy\u00fck katk\u0131 sunan, bir s\u00fcre salg\u0131n tedbirleriyle misafirlerini a\u011f\u0131rlayan, ta\u015f d\u00fc\u015fme riski \u00fczerine ise ge\u00e7en y\u0131l sonbaharda yeniden ziyarete kapat\u0131lan tarihi mekanda \u00e7al\u0131\u015fmalara kald\u0131\u011f\u0131 yerden devam edildi. \u00c7al\u0131\u015fma kapsam\u0131nda end\u00fcstriyel da\u011fc\u0131lar, ta\u015f d\u00fc\u015fmelerine kar\u015f\u0131 yama\u00e7lar\u0131 \u00e7elik a\u011flarla \u00f6r\u00fcp, g\u00fc\u00e7lendirdi. Restorasyon ekibi de i\u00e7 alanlarda \u00e7al\u0131\u015fmalar\u0131n\u0131 s\u00fcrd\u00fcrd\u00fc. \u00c7elik a\u011flar\u0131n yamaca serildi\u011fi \u2018boh\u00e7alama\u2019 sistemiyle korunan manast\u0131r, tamamlanan restorasyon \u00e7al\u0131\u015fmalar\u0131n\u0131n ard\u0131ndan ziyarete a\u00e7\u0131l\u0131yor. Ana Kaya Kilisesi\u2019nin sa\u011f\u0131nda yer alan 10 \u015fapel, \u00c7an Kulesi, misafirhane, ke\u015fi\u015f ve \u00f6\u011frenci odalar\u0131, mahzen ve benzeri yap\u0131lar 5 y\u0131l sonra ziyaret edilebilecek.<\/p>\n<p><strong>\u2018RESTORASYONUN Y\u00dcZDE 90\u2019I TAMAMLANDI\u2019<\/strong><\/p>\n<p>Trabzon \u0130l K\u00fclt\u00fcr ve Turizm M\u00fcd\u00fcr Vekili Mustafa Asan, manast\u0131rda restorasyon \u00e7al\u0131\u015fmalar\u0131n\u0131n y\u00fczde 90\u2019\u0131n\u0131n tamamland\u0131\u011f\u0131n\u0131 belirterek \u201cDaha \u00f6nce kapal\u0131 olan b\u00f6l\u00fcmler ziyarete a\u00e7\u0131lacak. Ana Kaya Kilisesi\u2019nin sa\u011f\u0131nda yani S\u00fcmela Manast\u0131r\u0131\u2019n\u0131n kuzeyinde yer alan 10 \u015fapel, \u00c7an Kulesi, misafirhane, ke\u015fi\u015f odalar\u0131, \u00f6\u011frenci odalar\u0131, mahzen ve benzeri yap\u0131lar a\u00e7\u0131lacak. Bu yap\u0131lar daha \u00f6nce kapal\u0131yd\u0131. Bir de teraslar var. \u015eapellerin \u00fczerinde yer alan. Onlar\u0131n da ziyarete a\u00e7\u0131lmas\u0131 planlan\u0131yor. Ufak tefek imalatlar yap\u0131lmaya devam edecek ama gelen ziyaret\u00e7ileri rahats\u0131z edecek \u015fekilde bunlar yap\u0131lmayacak\u201d dedi.<\/p>\n<p><strong>S\u00dcMELA MANASTIRI<\/strong><\/p>\n<p>Ma\u00e7ka\u2019da Karada\u011f\u2019\u0131n Alt\u0131ndere Vadisi\u2019ne bakan ete\u011finde, yakla\u015f\u0131k 300 metre y\u00fckseklikteki ormanl\u0131k alanda kayalar\u0131n oyulmas\u0131yla yap\u0131lan S\u00fcmela Manast\u0131r\u0131, halk aras\u0131nda \u2018Meryem Ana\u2019 ad\u0131yla da biliniyor. Hakk\u0131nda \u00e7e\u015fitli rivayetler de bulunan ve kurulu\u015fu bilimsel verilere g\u00f6re 13\u2019\u00fcnc\u00fc y\u00fczy\u0131la uzanan tarihi manast\u0131rda, hizmet birimleri, misafirhane, mutfak ve ayazman\u0131n d\u0131\u015f\u0131nda toplam 72 oda bulunuyor. 88 y\u0131l aran\u0131n ard\u0131ndan, manast\u0131rda 2010 y\u0131l\u0131nda binlerce ki\u015finin kat\u0131l\u0131m\u0131yla d\u00fczenlenen ayini, Fener Rum Patri\u011fi Bartholomeos y\u00f6netmi\u015fti.<\/p>\n<p><em><strong>https:\/\/www.cumhuriyet.com.tr\/haber\/sumela-manastiri-5-yil-sonra-aciliyor-1848618\u00a0<\/strong><\/em><\/p>\n","protected":false},"excerpt":{"rendered":"<p>Trabzon\u2019un Ma\u00e7ka il\u00e7esindeki S\u00fcmela Manast\u0131r\u0131\u2019n\u0131n t\u00fcm alanlar\u0131, 5 y\u0131l s\u00fcren restorasyon \u00e7al\u0131\u015fmalar\u0131n\u0131n ard\u0131ndan yar\u0131n ziyarete a\u00e7\u0131lacak. Restorasyonunun y\u00fczde 90\u2019\u0131n\u0131n tamamland\u0131\u011f\u0131 manast\u0131rda, Ana Kaya Kilisesi\u2019nin kuzeyinde yer alan 10 \u015fapel, \u00c7an Kulesi, misafirhane, ke\u015fi\u015f ve \u00f6\u011frenci odalar\u0131 ve mahzenler 5 y\u0131l sonra ilk kez gezilecek. T\u00fcrkiye\u2019nin \u00f6nemli tarihi, turistik ve inan\u00e7 turizmi merkezlerinden S\u00fcmela Manast\u0131r\u0131\u2019nda, \u015eubat [&hellip;]<\/p>\n","protected":false},"author":7,"featured_media":63587,"comment_status":"open","ping_status":"open","sticky":false,"template":"","format":"standard","meta":{"footnotes":""},"categories":[1],"tags":[],"class_list":["post-63586","post","type-post","status-publish","format-standard","has-post-thumbnail","hentry","category-haberler"],"yoast_head":"<!-- This site is optimized with the Yoast SEO plugin v27.4 - https:\/\/yoast.com\/product\/yoast-seo-wordpress\/ -->\n<title>S\u00fcmela Manast\u0131r\u0131 5 y\u0131l sonra a\u00e7\u0131l\u0131yor - Bati Ermenistan Ve Bati Ermenileri Sorunlari Ara\u015ftirmalar Merkezi<\/title>\n<meta name=\"robots\" content=\"index, follow, max-snippet:-1, max-image-preview:large, max-video-preview:-1\" \/>\n<link rel=\"canonical\" href=\"https:\/\/akunq.net\/tr\/?p=63586\" \/>\n<meta property=\"og:locale\" content=\"en_US\" \/>\n<meta property=\"og:type\" content=\"article\" \/>\n<meta property=\"og:title\" content=\"S\u00fcmela Manast\u0131r\u0131 5 y\u0131l sonra a\u00e7\u0131l\u0131yor - Bati Ermenistan Ve Bati Ermenileri Sorunlari Ara\u015ftirmalar Merkezi\" \/>\n<meta property=\"og:description\" content=\"Trabzon\u2019un Ma\u00e7ka il\u00e7esindeki S\u00fcmela Manast\u0131r\u0131\u2019n\u0131n t\u00fcm alanlar\u0131, 5 y\u0131l s\u00fcren restorasyon \u00e7al\u0131\u015fmalar\u0131n\u0131n ard\u0131ndan yar\u0131n ziyarete a\u00e7\u0131lacak. Restorasyonunun y\u00fczde 90\u2019\u0131n\u0131n tamamland\u0131\u011f\u0131 manast\u0131rda, Ana Kaya Kilisesi\u2019nin kuzeyinde yer alan 10 \u015fapel, \u00c7an Kulesi, misafirhane, ke\u015fi\u015f ve \u00f6\u011frenci odalar\u0131 ve mahzenler 5 y\u0131l sonra ilk kez gezilecek. T\u00fcrkiye\u2019nin \u00f6nemli tarihi, turistik ve inan\u00e7 turizmi merkezlerinden S\u00fcmela Manast\u0131r\u0131\u2019nda, \u015eubat [&hellip;]\" \/>\n<meta property=\"og:url\" content=\"https:\/\/akunq.net\/tr\/?p=63586\" \/>\n<meta property=\"og:site_name\" content=\"Bati Ermenistan Ve Bati Ermenileri Sorunlari Ara\u015ftirmalar Merkezi\" \/>\n<meta property=\"article:published_time\" content=\"2021-07-01T06:40:07+00:00\" \/>\n<meta property=\"og:image\" content=\"https:\/\/akunq.net\/tr\/wp-content\/uploads\/sites\/6\/2021\/07\/S\u00dcMELA-MANASTIRI.jpg\" \/>\n\t<meta property=\"og:image:width\" content=\"760\" \/>\n\t<meta property=\"og:image:height\" content=\"450\" \/>\n\t<meta property=\"og:image:type\" content=\"image\/jpeg\" \/>\n<meta name=\"author\" content=\"admin\" \/>\n<meta name=\"twitter:card\" content=\"summary_large_image\" \/>\n<meta name=\"twitter:label1\" content=\"Written by\" \/>\n\t<meta name=\"twitter:data1\" content=\"admin\" \/>\n\t<meta name=\"twitter:label2\" content=\"Est. reading time\" \/>\n\t<meta name=\"twitter:data2\" content=\"3 minutes\" \/>\n<script type=\"application\/ld+json\" class=\"yoast-schema-graph\">{\"@context\":\"https:\\\/\\\/schema.org\",\"@graph\":[{\"@type\":\"Article\",\"@id\":\"https:\\\/\\\/akunq.net\\\/tr\\\/?p=63586#article\",\"isPartOf\":{\"@id\":\"https:\\\/\\\/akunq.net\\\/tr\\\/?p=63586\"},\"author\":{\"name\":\"admin\",\"@id\":\"https:\\\/\\\/akunq.net\\\/tr\\\/#\\\/schema\\\/person\\\/096f1d38a12cce57fb855b485ed24c9e\"},\"headline\":\"S\u00fcmela Manast\u0131r\u0131 5 y\u0131l sonra a\u00e7\u0131l\u0131yor\",\"datePublished\":\"2021-07-01T06:40:07+00:00\",\"mainEntityOfPage\":{\"@id\":\"https:\\\/\\\/akunq.net\\\/tr\\\/?p=63586\"},\"wordCount\":530,\"commentCount\":0,\"image\":{\"@id\":\"https:\\\/\\\/akunq.net\\\/tr\\\/?p=63586#primaryimage\"},\"thumbnailUrl\":\"https:\\\/\\\/akunq.net\\\/tr\\\/wp-content\\\/uploads\\\/sites\\\/6\\\/2021\\\/07\\\/S\u00dcMELA-MANASTIRI.jpg\",\"articleSection\":[\"Haberler\"],\"inLanguage\":\"en-US\",\"potentialAction\":[{\"@type\":\"CommentAction\",\"name\":\"Comment\",\"target\":[\"https:\\\/\\\/akunq.net\\\/tr\\\/?p=63586#respond\"]}]},{\"@type\":\"WebPage\",\"@id\":\"https:\\\/\\\/akunq.net\\\/tr\\\/?p=63586\",\"url\":\"https:\\\/\\\/akunq.net\\\/tr\\\/?p=63586\",\"name\":\"S\u00fcmela Manast\u0131r\u0131 5 y\u0131l sonra a\u00e7\u0131l\u0131yor - Bati Ermenistan Ve Bati Ermenileri Sorunlari Ara\u015ftirmalar Merkezi\",\"isPartOf\":{\"@id\":\"https:\\\/\\\/akunq.net\\\/tr\\\/#website\"},\"primaryImageOfPage\":{\"@id\":\"https:\\\/\\\/akunq.net\\\/tr\\\/?p=63586#primaryimage\"},\"image\":{\"@id\":\"https:\\\/\\\/akunq.net\\\/tr\\\/?p=63586#primaryimage\"},\"thumbnailUrl\":\"https:\\\/\\\/akunq.net\\\/tr\\\/wp-content\\\/uploads\\\/sites\\\/6\\\/2021\\\/07\\\/S\u00dcMELA-MANASTIRI.jpg\",\"datePublished\":\"2021-07-01T06:40:07+00:00\",\"author\":{\"@id\":\"https:\\\/\\\/akunq.net\\\/tr\\\/#\\\/schema\\\/person\\\/096f1d38a12cce57fb855b485ed24c9e\"},\"breadcrumb\":{\"@id\":\"https:\\\/\\\/akunq.net\\\/tr\\\/?p=63586#breadcrumb\"},\"inLanguage\":\"en-US\",\"potentialAction\":[{\"@type\":\"ReadAction\",\"target\":[\"https:\\\/\\\/akunq.net\\\/tr\\\/?p=63586\"]}]},{\"@type\":\"ImageObject\",\"inLanguage\":\"en-US\",\"@id\":\"https:\\\/\\\/akunq.net\\\/tr\\\/?p=63586#primaryimage\",\"url\":\"https:\\\/\\\/akunq.net\\\/tr\\\/wp-content\\\/uploads\\\/sites\\\/6\\\/2021\\\/07\\\/S\u00dcMELA-MANASTIRI.jpg\",\"contentUrl\":\"https:\\\/\\\/akunq.net\\\/tr\\\/wp-content\\\/uploads\\\/sites\\\/6\\\/2021\\\/07\\\/S\u00dcMELA-MANASTIRI.jpg\",\"width\":760,\"height\":450},{\"@type\":\"BreadcrumbList\",\"@id\":\"https:\\\/\\\/akunq.net\\\/tr\\\/?p=63586#breadcrumb\",\"itemListElement\":[{\"@type\":\"ListItem\",\"position\":1,\"name\":\"Home\",\"item\":\"https:\\\/\\\/akunq.net\\\/tr\"},{\"@type\":\"ListItem\",\"position\":2,\"name\":\"S\u00fcmela Manast\u0131r\u0131 5 y\u0131l sonra a\u00e7\u0131l\u0131yor\"}]},{\"@type\":\"WebSite\",\"@id\":\"https:\\\/\\\/akunq.net\\\/tr\\\/#website\",\"url\":\"https:\\\/\\\/akunq.net\\\/tr\\\/\",\"name\":\"Bati Ermenistan Ve Bati Ermenileri Sorunlari Ara\u015ftirmalar Merkezi\",\"description\":\"\",\"potentialAction\":[{\"@type\":\"SearchAction\",\"target\":{\"@type\":\"EntryPoint\",\"urlTemplate\":\"https:\\\/\\\/akunq.net\\\/tr\\\/?s={search_term_string}\"},\"query-input\":{\"@type\":\"PropertyValueSpecification\",\"valueRequired\":true,\"valueName\":\"search_term_string\"}}],\"inLanguage\":\"en-US\"},{\"@type\":\"Person\",\"@id\":\"https:\\\/\\\/akunq.net\\\/tr\\\/#\\\/schema\\\/person\\\/096f1d38a12cce57fb855b485ed24c9e\",\"name\":\"admin\",\"url\":\"https:\\\/\\\/akunq.net\\\/tr\\\/?author=7\"}]}<\/script>\n<!-- \/ Yoast SEO plugin. -->","yoast_head_json":{"title":"S\u00fcmela Manast\u0131r\u0131 5 y\u0131l sonra a\u00e7\u0131l\u0131yor - Bati Ermenistan Ve Bati Ermenileri Sorunlari Ara\u015ftirmalar Merkezi","robots":{"index":"index","follow":"follow","max-snippet":"max-snippet:-1","max-image-preview":"max-image-preview:large","max-video-preview":"max-video-preview:-1"},"canonical":"https:\/\/akunq.net\/tr\/?p=63586","og_locale":"en_US","og_type":"article","og_title":"S\u00fcmela Manast\u0131r\u0131 5 y\u0131l sonra a\u00e7\u0131l\u0131yor - Bati Ermenistan Ve Bati Ermenileri Sorunlari Ara\u015ftirmalar Merkezi","og_description":"Trabzon\u2019un Ma\u00e7ka il\u00e7esindeki S\u00fcmela Manast\u0131r\u0131\u2019n\u0131n t\u00fcm alanlar\u0131, 5 y\u0131l s\u00fcren restorasyon \u00e7al\u0131\u015fmalar\u0131n\u0131n ard\u0131ndan yar\u0131n ziyarete a\u00e7\u0131lacak. Restorasyonunun y\u00fczde 90\u2019\u0131n\u0131n tamamland\u0131\u011f\u0131 manast\u0131rda, Ana Kaya Kilisesi\u2019nin kuzeyinde yer alan 10 \u015fapel, \u00c7an Kulesi, misafirhane, ke\u015fi\u015f ve \u00f6\u011frenci odalar\u0131 ve mahzenler 5 y\u0131l sonra ilk kez gezilecek. T\u00fcrkiye\u2019nin \u00f6nemli tarihi, turistik ve inan\u00e7 turizmi merkezlerinden S\u00fcmela Manast\u0131r\u0131\u2019nda, \u015eubat [&hellip;]","og_url":"https:\/\/akunq.net\/tr\/?p=63586","og_site_name":"Bati Ermenistan Ve Bati Ermenileri Sorunlari Ara\u015ftirmalar Merkezi","article_published_time":"2021-07-01T06:40:07+00:00","og_image":[{"width":760,"height":450,"url":"https:\/\/akunq.net\/tr\/wp-content\/uploads\/sites\/6\/2021\/07\/S\u00dcMELA-MANASTIRI.jpg","type":"image\/jpeg"}],"author":"admin","twitter_card":"summary_large_image","twitter_misc":{"Written by":"admin","Est. reading time":"3 minutes"},"schema":{"@context":"https:\/\/schema.org","@graph":[{"@type":"Article","@id":"https:\/\/akunq.net\/tr\/?p=63586#article","isPartOf":{"@id":"https:\/\/akunq.net\/tr\/?p=63586"},"author":{"name":"admin","@id":"https:\/\/akunq.net\/tr\/#\/schema\/person\/096f1d38a12cce57fb855b485ed24c9e"},"headline":"S\u00fcmela Manast\u0131r\u0131 5 y\u0131l sonra a\u00e7\u0131l\u0131yor","datePublished":"2021-07-01T06:40:07+00:00","mainEntityOfPage":{"@id":"https:\/\/akunq.net\/tr\/?p=63586"},"wordCount":530,"commentCount":0,"image":{"@id":"https:\/\/akunq.net\/tr\/?p=63586#primaryimage"},"thumbnailUrl":"https:\/\/akunq.net\/tr\/wp-content\/uploads\/sites\/6\/2021\/07\/S\u00dcMELA-MANASTIRI.jpg","articleSection":["Haberler"],"inLanguage":"en-US","potentialAction":[{"@type":"CommentAction","name":"Comment","target":["https:\/\/akunq.net\/tr\/?p=63586#respond"]}]},{"@type":"WebPage","@id":"https:\/\/akunq.net\/tr\/?p=63586","url":"https:\/\/akunq.net\/tr\/?p=63586","name":"S\u00fcmela Manast\u0131r\u0131 5 y\u0131l sonra a\u00e7\u0131l\u0131yor - Bati Ermenistan Ve Bati Ermenileri Sorunlari Ara\u015ftirmalar Merkezi","isPartOf":{"@id":"https:\/\/akunq.net\/tr\/#website"},"primaryImageOfPage":{"@id":"https:\/\/akunq.net\/tr\/?p=63586#primaryimage"},"image":{"@id":"https:\/\/akunq.net\/tr\/?p=63586#primaryimage"},"thumbnailUrl":"https:\/\/akunq.net\/tr\/wp-content\/uploads\/sites\/6\/2021\/07\/S\u00dcMELA-MANASTIRI.jpg","datePublished":"2021-07-01T06:40:07+00:00","author":{"@id":"https:\/\/akunq.net\/tr\/#\/schema\/person\/096f1d38a12cce57fb855b485ed24c9e"},"breadcrumb":{"@id":"https:\/\/akunq.net\/tr\/?p=63586#breadcrumb"},"inLanguage":"en-US","potentialAction":[{"@type":"ReadAction","target":["https:\/\/akunq.net\/tr\/?p=63586"]}]},{"@type":"ImageObject","inLanguage":"en-US","@id":"https:\/\/akunq.net\/tr\/?p=63586#primaryimage","url":"https:\/\/akunq.net\/tr\/wp-content\/uploads\/sites\/6\/2021\/07\/S\u00dcMELA-MANASTIRI.jpg","contentUrl":"https:\/\/akunq.net\/tr\/wp-content\/uploads\/sites\/6\/2021\/07\/S\u00dcMELA-MANASTIRI.jpg","width":760,"height":450},{"@type":"BreadcrumbList","@id":"https:\/\/akunq.net\/tr\/?p=63586#breadcrumb","itemListElement":[{"@type":"ListItem","position":1,"name":"Home","item":"https:\/\/akunq.net\/tr"},{"@type":"ListItem","position":2,"name":"S\u00fcmela Manast\u0131r\u0131 5 y\u0131l sonra a\u00e7\u0131l\u0131yor"}]},{"@type":"WebSite","@id":"https:\/\/akunq.net\/tr\/#website","url":"https:\/\/akunq.net\/tr\/","name":"Bati Ermenistan Ve Bati Ermenileri Sorunlari Ara\u015ftirmalar Merkezi","description":"","potentialAction":[{"@type":"SearchAction","target":{"@type":"EntryPoint","urlTemplate":"https:\/\/akunq.net\/tr\/?s={search_term_string}"},"query-input":{"@type":"PropertyValueSpecification","valueRequired":true,"valueName":"search_term_string"}}],"inLanguage":"en-US"},{"@type":"Person","@id":"https:\/\/akunq.net\/tr\/#\/schema\/person\/096f1d38a12cce57fb855b485ed24c9e","name":"admin","url":"https:\/\/akunq.net\/tr\/?author=7"}]}},"_links":{"self":[{"href":"https:\/\/akunq.net\/tr\/index.php?rest_route=\/wp\/v2\/posts\/63586","targetHints":{"allow":["GET"]}}],"collection":[{"href":"https:\/\/akunq.net\/tr\/index.php?rest_route=\/wp\/v2\/posts"}],"about":[{"href":"https:\/\/akunq.net\/tr\/index.php?rest_route=\/wp\/v2\/types\/post"}],"author":[{"embeddable":true,"href":"https:\/\/akunq.net\/tr\/index.php?rest_route=\/wp\/v2\/users\/7"}],"replies":[{"embeddable":true,"href":"https:\/\/akunq.net\/tr\/index.php?rest_route=%2Fwp%2Fv2%2Fcomments&post=63586"}],"version-history":[{"count":1,"href":"https:\/\/akunq.net\/tr\/index.php?rest_route=\/wp\/v2\/posts\/63586\/revisions"}],"predecessor-version":[{"id":63588,"href":"https:\/\/akunq.net\/tr\/index.php?rest_route=\/wp\/v2\/posts\/63586\/revisions\/63588"}],"wp:featuredmedia":[{"embeddable":true,"href":"https:\/\/akunq.net\/tr\/index.php?rest_route=\/wp\/v2\/media\/63587"}],"wp:attachment":[{"href":"https:\/\/akunq.net\/tr\/index.php?rest_route=%2Fwp%2Fv2%2Fmedia&parent=63586"}],"wp:term":[{"taxonomy":"category","embeddable":true,"href":"https:\/\/akunq.net\/tr\/index.php?rest_route=%2Fwp%2Fv2%2Fcategories&post=63586"},{"taxonomy":"post_tag","embeddable":true,"href":"https:\/\/akunq.net\/tr\/index.php?rest_route=%2Fwp%2Fv2%2Ftags&post=63586"}],"curies":[{"name":"wp","href":"https:\/\/api.w.org\/{rel}","templated":true}]}}