{"id":63583,"date":"2021-07-01T01:33:01","date_gmt":"2021-07-01T06:33:01","guid":{"rendered":"https:\/\/akunq.net\/tr\/?p=63583"},"modified":"2021-07-01T01:33:01","modified_gmt":"2021-07-01T06:33:01","slug":"ditibin-eski-yoneticisi-hakkinda-iddianame-hazirlandi","status":"publish","type":"post","link":"https:\/\/akunq.net\/tr\/?p=63583","title":{"rendered":"D\u0130T\u0130B&#8217;in eski y\u00f6neticisi hakk\u0131nda iddianame haz\u0131rland\u0131"},"content":{"rendered":"<p><img loading=\"lazy\" decoding=\"async\" class=\"aligncenter size-medium wp-image-63584\" src=\"https:\/\/akunq.net\/tr\/wp-content\/uploads\/2021\/07\/Almanya-360x203.jpg\" alt=\"\" width=\"360\" height=\"203\" srcset=\"https:\/\/akunq.net\/tr\/wp-content\/uploads\/sites\/6\/2021\/07\/Almanya-360x203.jpg 360w, https:\/\/akunq.net\/tr\/wp-content\/uploads\/sites\/6\/2021\/07\/Almanya-560x315.jpg 560w, https:\/\/akunq.net\/tr\/wp-content\/uploads\/sites\/6\/2021\/07\/Almanya-260x146.jpg 260w, https:\/\/akunq.net\/tr\/wp-content\/uploads\/sites\/6\/2021\/07\/Almanya-160x90.jpg 160w, https:\/\/akunq.net\/tr\/wp-content\/uploads\/sites\/6\/2021\/07\/Almanya.jpg 700w\" sizes=\"auto, (max-width: 360px) 100vw, 360px\" \/><\/p>\n<p class=\"intro\"><em><strong>Almanya&#8217;da D\u0130T\u0130B&#8217;in eski G\u00f6ttingen Te\u015fkilat Ba\u015fkan\u0131 Mustafa Keskin hakk\u0131nda Yahudiler ve Ermenilerle ilgili payla\u015f\u0131mlar\u0131 nedeniyle &#8220;kin ve d\u00fc\u015fmanl\u0131\u011fa tahrik&#8221; su\u00e7lamas\u0131yla iddianame haz\u0131rland\u0131.<\/strong><\/em><\/p>\n<div id=\"sharing-bar\" class=\"min\"><span style=\"letter-spacing: 0.05em;\">Almanya&#8217;da Diyanet \u0130\u015fleri T\u00fcrk-\u0130slam Birli\u011fi&#8217;nin (D\u0130T\u0130B) eski y\u00f6neticilerinden Mustafa Keskin hakk\u0131nda &#8220;kin ve d\u00fc\u015fmanl\u0131\u011fa tahrik&#8221; su\u00e7lamas\u0131yla iddianame haz\u0131rland\u0131. D\u0130T\u0130B&#8217;in G\u00f6ttingen Te\u015fkilat\u0131 eski ba\u015fkan\u0131 Keskin hakk\u0131nda sosyal medya hesaplar\u0131ndan Yahudi ve Ermenilerle ilgili yapt\u0131\u011f\u0131 payla\u015f\u0131mlar nedeniyle soru\u015fturma a\u00e7\u0131lm\u0131\u015f, Keskin \u015fubat ay\u0131nda D\u0130T\u0130B&#8217;deki g\u00f6revinden istifa etmek zorunda kalm\u0131\u015ft\u0131.<\/span><\/div>\n<div class=\"group\">\n<div class=\"longText\">\n<div class=\"col1\">\n<div class=\"group accordion ui-accordion ui-widget ui-helper-reset\" role=\"tablist\">\n<p><span style=\"letter-spacing: 0.05em;\">G\u00f6ttingen Ba\u015fsavc\u0131l\u0131\u011f\u0131&#8217;ndan yap\u0131lan a\u00e7\u0131klamada Keskin hakk\u0131nda d\u00f6rt vakada &#8220;halk\u0131 kin ve d\u00fc\u015fmanl\u0131\u011fa tahrik&#8221; ve bir vakada &#8220;su\u00e7u \u00f6vmek&#8221; su\u00e7lamas\u0131yla G\u00f6ttingen \u0130dare Mahkemesi&#8217;nde iddianame haz\u0131rland\u0131\u011f\u0131 bildirildi.<\/span><\/p>\n<\/div>\n<\/div>\n<p>Keskin, 2015&#8217;in may\u0131s ay\u0131ndan bu y\u0131l \u015fubat ay\u0131na kadar olan d\u00f6nemde Facebook ve WhatsApp \u00fczerinden Yahudiler ve Ermenilere y\u00f6nelik hakaret i\u00e7erikli ve komplo teorileri i\u00e7eren toplam be\u015f mesaj payla\u015fmakla su\u00e7lan\u0131yor.<\/p>\n<p>Keskin&#8217;in davaya konu olan payla\u015f\u0131mlar\u0131ndan birinde 1981 y\u0131l\u0131nda Papa II. Jean Paul&#8217;e suikast giri\u015fiminde bulunan Mehmet Ali A\u011fca ile \u015fimdiki Papa Fran\u00e7esko&#8217;nun foto\u011fraflar\u0131n\u0131n yan\u0131nda &#8220;Birilerinin Papa\u2018n\u0131n kafas\u0131na s\u0131kmas\u0131na \u015fa\u015f\u0131r\u0131lmamal\u0131&#8221; yorumu bulunuyor. Payla\u015f\u0131m\u0131n, Papa Fran\u00e7esko&#8217;nun &#8220;Ermeni Soyk\u0131r\u0131m\u0131 20&#8217;nci y\u00fczy\u0131lda i\u015flenmi\u015f ilk soyk\u0131r\u0131m&#8221; nitelemesi ard\u0131ndan yap\u0131ld\u0131\u011f\u0131na dikkat \u00e7ekiliyor.<\/p>\n<p>Keskin&#8217;in payla\u015f\u0131mlar\u0131, Almanya Sosyalist Gen\u00e7lik Birli\u011fi &#8220;Die Falken&#8221; adl\u0131 derne\u011fin G\u00f6ttingen te\u015fkilat\u0131 taraf\u0131ndan ortaya \u00e7\u0131kar\u0131lm\u0131\u015f, ard\u0131ndan Keskin hakk\u0131nda soru\u015fturma ba\u015flat\u0131lm\u0131\u015ft\u0131. Keskin, payla\u015f\u0131mlar\u0131n\u0131n antisemitik oldu\u011fu su\u00e7lamas\u0131n\u0131 reddetmi\u015f, ancak 8 \u015eubat&#8217;ta D\u0130T\u0130B&#8217;deki g\u00f6revinden istifa etmi\u015fti.<\/p>\n<p><em><strong>https:\/\/www.dw.com\/tr\/ditibin-eski-y%C3%B6neticisi-hakk%C4%B1nda-iddianame-haz%C4%B1rland%C4%B1\/a-58108309\u00a0<\/strong><\/em><\/p>\n<p>&nbsp;<\/p>\n<\/div>\n<\/div>\n","protected":false},"excerpt":{"rendered":"<p>Almanya&#8217;da D\u0130T\u0130B&#8217;in eski G\u00f6ttingen Te\u015fkilat Ba\u015fkan\u0131 Mustafa Keskin hakk\u0131nda Yahudiler ve Ermenilerle ilgili payla\u015f\u0131mlar\u0131 nedeniyle &#8220;kin ve d\u00fc\u015fmanl\u0131\u011fa tahrik&#8221; su\u00e7lamas\u0131yla iddianame haz\u0131rland\u0131. Almanya&#8217;da Diyanet \u0130\u015fleri T\u00fcrk-\u0130slam Birli\u011fi&#8217;nin (D\u0130T\u0130B) eski y\u00f6neticilerinden Mustafa Keskin hakk\u0131nda &#8220;kin ve d\u00fc\u015fmanl\u0131\u011fa tahrik&#8221; su\u00e7lamas\u0131yla iddianame haz\u0131rland\u0131. D\u0130T\u0130B&#8217;in G\u00f6ttingen Te\u015fkilat\u0131 eski ba\u015fkan\u0131 Keskin hakk\u0131nda sosyal medya hesaplar\u0131ndan Yahudi ve Ermenilerle ilgili yapt\u0131\u011f\u0131 [&hellip;]<\/p>\n","protected":false},"author":7,"featured_media":63584,"comment_status":"open","ping_status":"open","sticky":false,"template":"","format":"standard","meta":{"footnotes":""},"categories":[1],"tags":[],"class_list":["post-63583","post","type-post","status-publish","format-standard","has-post-thumbnail","hentry","category-haberler"],"yoast_head":"<!-- This site is optimized with the Yoast SEO plugin v27.4 - https:\/\/yoast.com\/product\/yoast-seo-wordpress\/ -->\n<title>D\u0130T\u0130B&#039;in eski y\u00f6neticisi hakk\u0131nda iddianame haz\u0131rland\u0131 - Bati Ermenistan Ve Bati Ermenileri Sorunlari Ara\u015ftirmalar Merkezi<\/title>\n<meta name=\"robots\" content=\"index, follow, max-snippet:-1, max-image-preview:large, max-video-preview:-1\" \/>\n<link rel=\"canonical\" href=\"https:\/\/akunq.net\/tr\/?p=63583\" \/>\n<meta property=\"og:locale\" content=\"en_US\" \/>\n<meta property=\"og:type\" content=\"article\" \/>\n<meta property=\"og:title\" content=\"D\u0130T\u0130B&#039;in eski y\u00f6neticisi hakk\u0131nda iddianame haz\u0131rland\u0131 - Bati Ermenistan Ve Bati Ermenileri Sorunlari Ara\u015ftirmalar Merkezi\" \/>\n<meta property=\"og:description\" content=\"Almanya&#8217;da D\u0130T\u0130B&#8217;in eski G\u00f6ttingen Te\u015fkilat Ba\u015fkan\u0131 Mustafa Keskin hakk\u0131nda Yahudiler ve Ermenilerle ilgili payla\u015f\u0131mlar\u0131 nedeniyle &#8220;kin ve d\u00fc\u015fmanl\u0131\u011fa tahrik&#8221; su\u00e7lamas\u0131yla iddianame haz\u0131rland\u0131. Almanya&#8217;da Diyanet \u0130\u015fleri T\u00fcrk-\u0130slam Birli\u011fi&#8217;nin (D\u0130T\u0130B) eski y\u00f6neticilerinden Mustafa Keskin hakk\u0131nda &#8220;kin ve d\u00fc\u015fmanl\u0131\u011fa tahrik&#8221; su\u00e7lamas\u0131yla iddianame haz\u0131rland\u0131. D\u0130T\u0130B&#8217;in G\u00f6ttingen Te\u015fkilat\u0131 eski ba\u015fkan\u0131 Keskin hakk\u0131nda sosyal medya hesaplar\u0131ndan Yahudi ve Ermenilerle ilgili yapt\u0131\u011f\u0131 [&hellip;]\" \/>\n<meta property=\"og:url\" content=\"https:\/\/akunq.net\/tr\/?p=63583\" \/>\n<meta property=\"og:site_name\" content=\"Bati Ermenistan Ve Bati Ermenileri Sorunlari Ara\u015ftirmalar Merkezi\" \/>\n<meta property=\"article:published_time\" content=\"2021-07-01T06:33:01+00:00\" \/>\n<meta property=\"og:image\" content=\"https:\/\/akunq.net\/tr\/wp-content\/uploads\/sites\/6\/2021\/07\/Almanya.jpg\" \/>\n\t<meta property=\"og:image:width\" content=\"700\" \/>\n\t<meta property=\"og:image:height\" content=\"394\" \/>\n\t<meta property=\"og:image:type\" content=\"image\/jpeg\" \/>\n<meta name=\"author\" content=\"admin\" \/>\n<meta name=\"twitter:card\" content=\"summary_large_image\" \/>\n<meta name=\"twitter:label1\" content=\"Written by\" \/>\n\t<meta name=\"twitter:data1\" content=\"admin\" \/>\n\t<meta name=\"twitter:label2\" content=\"Est. reading time\" \/>\n\t<meta name=\"twitter:data2\" content=\"2 minutes\" \/>\n<script type=\"application\/ld+json\" class=\"yoast-schema-graph\">{\"@context\":\"https:\\\/\\\/schema.org\",\"@graph\":[{\"@type\":\"Article\",\"@id\":\"https:\\\/\\\/akunq.net\\\/tr\\\/?p=63583#article\",\"isPartOf\":{\"@id\":\"https:\\\/\\\/akunq.net\\\/tr\\\/?p=63583\"},\"author\":{\"name\":\"admin\",\"@id\":\"https:\\\/\\\/akunq.net\\\/tr\\\/#\\\/schema\\\/person\\\/096f1d38a12cce57fb855b485ed24c9e\"},\"headline\":\"D\u0130T\u0130B&#8217;in eski y\u00f6neticisi hakk\u0131nda iddianame haz\u0131rland\u0131\",\"datePublished\":\"2021-07-01T06:33:01+00:00\",\"mainEntityOfPage\":{\"@id\":\"https:\\\/\\\/akunq.net\\\/tr\\\/?p=63583\"},\"wordCount\":350,\"commentCount\":0,\"image\":{\"@id\":\"https:\\\/\\\/akunq.net\\\/tr\\\/?p=63583#primaryimage\"},\"thumbnailUrl\":\"https:\\\/\\\/akunq.net\\\/tr\\\/wp-content\\\/uploads\\\/sites\\\/6\\\/2021\\\/07\\\/Almanya.jpg\",\"articleSection\":[\"Haberler\"],\"inLanguage\":\"en-US\",\"potentialAction\":[{\"@type\":\"CommentAction\",\"name\":\"Comment\",\"target\":[\"https:\\\/\\\/akunq.net\\\/tr\\\/?p=63583#respond\"]}]},{\"@type\":\"WebPage\",\"@id\":\"https:\\\/\\\/akunq.net\\\/tr\\\/?p=63583\",\"url\":\"https:\\\/\\\/akunq.net\\\/tr\\\/?p=63583\",\"name\":\"D\u0130T\u0130B'in eski y\u00f6neticisi hakk\u0131nda iddianame haz\u0131rland\u0131 - Bati Ermenistan Ve Bati Ermenileri Sorunlari Ara\u015ftirmalar Merkezi\",\"isPartOf\":{\"@id\":\"https:\\\/\\\/akunq.net\\\/tr\\\/#website\"},\"primaryImageOfPage\":{\"@id\":\"https:\\\/\\\/akunq.net\\\/tr\\\/?p=63583#primaryimage\"},\"image\":{\"@id\":\"https:\\\/\\\/akunq.net\\\/tr\\\/?p=63583#primaryimage\"},\"thumbnailUrl\":\"https:\\\/\\\/akunq.net\\\/tr\\\/wp-content\\\/uploads\\\/sites\\\/6\\\/2021\\\/07\\\/Almanya.jpg\",\"datePublished\":\"2021-07-01T06:33:01+00:00\",\"author\":{\"@id\":\"https:\\\/\\\/akunq.net\\\/tr\\\/#\\\/schema\\\/person\\\/096f1d38a12cce57fb855b485ed24c9e\"},\"breadcrumb\":{\"@id\":\"https:\\\/\\\/akunq.net\\\/tr\\\/?p=63583#breadcrumb\"},\"inLanguage\":\"en-US\",\"potentialAction\":[{\"@type\":\"ReadAction\",\"target\":[\"https:\\\/\\\/akunq.net\\\/tr\\\/?p=63583\"]}]},{\"@type\":\"ImageObject\",\"inLanguage\":\"en-US\",\"@id\":\"https:\\\/\\\/akunq.net\\\/tr\\\/?p=63583#primaryimage\",\"url\":\"https:\\\/\\\/akunq.net\\\/tr\\\/wp-content\\\/uploads\\\/sites\\\/6\\\/2021\\\/07\\\/Almanya.jpg\",\"contentUrl\":\"https:\\\/\\\/akunq.net\\\/tr\\\/wp-content\\\/uploads\\\/sites\\\/6\\\/2021\\\/07\\\/Almanya.jpg\",\"width\":700,\"height\":394},{\"@type\":\"BreadcrumbList\",\"@id\":\"https:\\\/\\\/akunq.net\\\/tr\\\/?p=63583#breadcrumb\",\"itemListElement\":[{\"@type\":\"ListItem\",\"position\":1,\"name\":\"Home\",\"item\":\"https:\\\/\\\/akunq.net\\\/tr\"},{\"@type\":\"ListItem\",\"position\":2,\"name\":\"D\u0130T\u0130B&#8217;in eski y\u00f6neticisi hakk\u0131nda iddianame haz\u0131rland\u0131\"}]},{\"@type\":\"WebSite\",\"@id\":\"https:\\\/\\\/akunq.net\\\/tr\\\/#website\",\"url\":\"https:\\\/\\\/akunq.net\\\/tr\\\/\",\"name\":\"Bati Ermenistan Ve Bati Ermenileri Sorunlari Ara\u015ftirmalar Merkezi\",\"description\":\"\",\"potentialAction\":[{\"@type\":\"SearchAction\",\"target\":{\"@type\":\"EntryPoint\",\"urlTemplate\":\"https:\\\/\\\/akunq.net\\\/tr\\\/?s={search_term_string}\"},\"query-input\":{\"@type\":\"PropertyValueSpecification\",\"valueRequired\":true,\"valueName\":\"search_term_string\"}}],\"inLanguage\":\"en-US\"},{\"@type\":\"Person\",\"@id\":\"https:\\\/\\\/akunq.net\\\/tr\\\/#\\\/schema\\\/person\\\/096f1d38a12cce57fb855b485ed24c9e\",\"name\":\"admin\",\"url\":\"https:\\\/\\\/akunq.net\\\/tr\\\/?author=7\"}]}<\/script>\n<!-- \/ Yoast SEO plugin. -->","yoast_head_json":{"title":"D\u0130T\u0130B'in eski y\u00f6neticisi hakk\u0131nda iddianame haz\u0131rland\u0131 - Bati Ermenistan Ve Bati Ermenileri Sorunlari Ara\u015ftirmalar Merkezi","robots":{"index":"index","follow":"follow","max-snippet":"max-snippet:-1","max-image-preview":"max-image-preview:large","max-video-preview":"max-video-preview:-1"},"canonical":"https:\/\/akunq.net\/tr\/?p=63583","og_locale":"en_US","og_type":"article","og_title":"D\u0130T\u0130B'in eski y\u00f6neticisi hakk\u0131nda iddianame haz\u0131rland\u0131 - Bati Ermenistan Ve Bati Ermenileri Sorunlari Ara\u015ftirmalar Merkezi","og_description":"Almanya&#8217;da D\u0130T\u0130B&#8217;in eski G\u00f6ttingen Te\u015fkilat Ba\u015fkan\u0131 Mustafa Keskin hakk\u0131nda Yahudiler ve Ermenilerle ilgili payla\u015f\u0131mlar\u0131 nedeniyle &#8220;kin ve d\u00fc\u015fmanl\u0131\u011fa tahrik&#8221; su\u00e7lamas\u0131yla iddianame haz\u0131rland\u0131. Almanya&#8217;da Diyanet \u0130\u015fleri T\u00fcrk-\u0130slam Birli\u011fi&#8217;nin (D\u0130T\u0130B) eski y\u00f6neticilerinden Mustafa Keskin hakk\u0131nda &#8220;kin ve d\u00fc\u015fmanl\u0131\u011fa tahrik&#8221; su\u00e7lamas\u0131yla iddianame haz\u0131rland\u0131. D\u0130T\u0130B&#8217;in G\u00f6ttingen Te\u015fkilat\u0131 eski ba\u015fkan\u0131 Keskin hakk\u0131nda sosyal medya hesaplar\u0131ndan Yahudi ve Ermenilerle ilgili yapt\u0131\u011f\u0131 [&hellip;]","og_url":"https:\/\/akunq.net\/tr\/?p=63583","og_site_name":"Bati Ermenistan Ve Bati Ermenileri Sorunlari Ara\u015ftirmalar Merkezi","article_published_time":"2021-07-01T06:33:01+00:00","og_image":[{"width":700,"height":394,"url":"https:\/\/akunq.net\/tr\/wp-content\/uploads\/sites\/6\/2021\/07\/Almanya.jpg","type":"image\/jpeg"}],"author":"admin","twitter_card":"summary_large_image","twitter_misc":{"Written by":"admin","Est. reading time":"2 minutes"},"schema":{"@context":"https:\/\/schema.org","@graph":[{"@type":"Article","@id":"https:\/\/akunq.net\/tr\/?p=63583#article","isPartOf":{"@id":"https:\/\/akunq.net\/tr\/?p=63583"},"author":{"name":"admin","@id":"https:\/\/akunq.net\/tr\/#\/schema\/person\/096f1d38a12cce57fb855b485ed24c9e"},"headline":"D\u0130T\u0130B&#8217;in eski y\u00f6neticisi hakk\u0131nda iddianame haz\u0131rland\u0131","datePublished":"2021-07-01T06:33:01+00:00","mainEntityOfPage":{"@id":"https:\/\/akunq.net\/tr\/?p=63583"},"wordCount":350,"commentCount":0,"image":{"@id":"https:\/\/akunq.net\/tr\/?p=63583#primaryimage"},"thumbnailUrl":"https:\/\/akunq.net\/tr\/wp-content\/uploads\/sites\/6\/2021\/07\/Almanya.jpg","articleSection":["Haberler"],"inLanguage":"en-US","potentialAction":[{"@type":"CommentAction","name":"Comment","target":["https:\/\/akunq.net\/tr\/?p=63583#respond"]}]},{"@type":"WebPage","@id":"https:\/\/akunq.net\/tr\/?p=63583","url":"https:\/\/akunq.net\/tr\/?p=63583","name":"D\u0130T\u0130B'in eski y\u00f6neticisi hakk\u0131nda iddianame haz\u0131rland\u0131 - Bati Ermenistan Ve Bati Ermenileri Sorunlari Ara\u015ftirmalar Merkezi","isPartOf":{"@id":"https:\/\/akunq.net\/tr\/#website"},"primaryImageOfPage":{"@id":"https:\/\/akunq.net\/tr\/?p=63583#primaryimage"},"image":{"@id":"https:\/\/akunq.net\/tr\/?p=63583#primaryimage"},"thumbnailUrl":"https:\/\/akunq.net\/tr\/wp-content\/uploads\/sites\/6\/2021\/07\/Almanya.jpg","datePublished":"2021-07-01T06:33:01+00:00","author":{"@id":"https:\/\/akunq.net\/tr\/#\/schema\/person\/096f1d38a12cce57fb855b485ed24c9e"},"breadcrumb":{"@id":"https:\/\/akunq.net\/tr\/?p=63583#breadcrumb"},"inLanguage":"en-US","potentialAction":[{"@type":"ReadAction","target":["https:\/\/akunq.net\/tr\/?p=63583"]}]},{"@type":"ImageObject","inLanguage":"en-US","@id":"https:\/\/akunq.net\/tr\/?p=63583#primaryimage","url":"https:\/\/akunq.net\/tr\/wp-content\/uploads\/sites\/6\/2021\/07\/Almanya.jpg","contentUrl":"https:\/\/akunq.net\/tr\/wp-content\/uploads\/sites\/6\/2021\/07\/Almanya.jpg","width":700,"height":394},{"@type":"BreadcrumbList","@id":"https:\/\/akunq.net\/tr\/?p=63583#breadcrumb","itemListElement":[{"@type":"ListItem","position":1,"name":"Home","item":"https:\/\/akunq.net\/tr"},{"@type":"ListItem","position":2,"name":"D\u0130T\u0130B&#8217;in eski y\u00f6neticisi hakk\u0131nda iddianame haz\u0131rland\u0131"}]},{"@type":"WebSite","@id":"https:\/\/akunq.net\/tr\/#website","url":"https:\/\/akunq.net\/tr\/","name":"Bati Ermenistan Ve Bati Ermenileri Sorunlari Ara\u015ftirmalar Merkezi","description":"","potentialAction":[{"@type":"SearchAction","target":{"@type":"EntryPoint","urlTemplate":"https:\/\/akunq.net\/tr\/?s={search_term_string}"},"query-input":{"@type":"PropertyValueSpecification","valueRequired":true,"valueName":"search_term_string"}}],"inLanguage":"en-US"},{"@type":"Person","@id":"https:\/\/akunq.net\/tr\/#\/schema\/person\/096f1d38a12cce57fb855b485ed24c9e","name":"admin","url":"https:\/\/akunq.net\/tr\/?author=7"}]}},"_links":{"self":[{"href":"https:\/\/akunq.net\/tr\/index.php?rest_route=\/wp\/v2\/posts\/63583","targetHints":{"allow":["GET"]}}],"collection":[{"href":"https:\/\/akunq.net\/tr\/index.php?rest_route=\/wp\/v2\/posts"}],"about":[{"href":"https:\/\/akunq.net\/tr\/index.php?rest_route=\/wp\/v2\/types\/post"}],"author":[{"embeddable":true,"href":"https:\/\/akunq.net\/tr\/index.php?rest_route=\/wp\/v2\/users\/7"}],"replies":[{"embeddable":true,"href":"https:\/\/akunq.net\/tr\/index.php?rest_route=%2Fwp%2Fv2%2Fcomments&post=63583"}],"version-history":[{"count":1,"href":"https:\/\/akunq.net\/tr\/index.php?rest_route=\/wp\/v2\/posts\/63583\/revisions"}],"predecessor-version":[{"id":63585,"href":"https:\/\/akunq.net\/tr\/index.php?rest_route=\/wp\/v2\/posts\/63583\/revisions\/63585"}],"wp:featuredmedia":[{"embeddable":true,"href":"https:\/\/akunq.net\/tr\/index.php?rest_route=\/wp\/v2\/media\/63584"}],"wp:attachment":[{"href":"https:\/\/akunq.net\/tr\/index.php?rest_route=%2Fwp%2Fv2%2Fmedia&parent=63583"}],"wp:term":[{"taxonomy":"category","embeddable":true,"href":"https:\/\/akunq.net\/tr\/index.php?rest_route=%2Fwp%2Fv2%2Fcategories&post=63583"},{"taxonomy":"post_tag","embeddable":true,"href":"https:\/\/akunq.net\/tr\/index.php?rest_route=%2Fwp%2Fv2%2Ftags&post=63583"}],"curies":[{"name":"wp","href":"https:\/\/api.w.org\/{rel}","templated":true}]}}