{"id":63580,"date":"2021-07-01T01:26:11","date_gmt":"2021-07-01T06:26:11","guid":{"rendered":"https:\/\/akunq.net\/tr\/?p=63580"},"modified":"2021-07-01T01:26:11","modified_gmt":"2021-07-01T06:26:11","slug":"yetvart-kovani-kaybettik","status":"publish","type":"post","link":"https:\/\/akunq.net\/tr\/?p=63580","title":{"rendered":"Yetvart Kovan&#8217;\u0131 kaybettik"},"content":{"rendered":"<p><img loading=\"lazy\" decoding=\"async\" class=\"aligncenter size-medium wp-image-63581\" src=\"https:\/\/akunq.net\/tr\/wp-content\/uploads\/2021\/07\/Yetvart-Kovan-360x172.jpeg\" alt=\"\" width=\"360\" height=\"172\" srcset=\"https:\/\/akunq.net\/tr\/wp-content\/uploads\/sites\/6\/2021\/07\/Yetvart-Kovan-360x172.jpeg 360w, https:\/\/akunq.net\/tr\/wp-content\/uploads\/sites\/6\/2021\/07\/Yetvart-Kovan-560x268.jpeg 560w, https:\/\/akunq.net\/tr\/wp-content\/uploads\/sites\/6\/2021\/07\/Yetvart-Kovan-260x124.jpeg 260w, https:\/\/akunq.net\/tr\/wp-content\/uploads\/sites\/6\/2021\/07\/Yetvart-Kovan-160x77.jpeg 160w, https:\/\/akunq.net\/tr\/wp-content\/uploads\/sites\/6\/2021\/07\/Yetvart-Kovan.jpeg 702w\" sizes=\"auto, (max-width: 360px) 100vw, 360px\" \/><\/p>\n<p><em><strong>T\u00fcrkiye Ermeni toplumunun emektar e\u011fitimcilerinden, muhasebe ve ticaret konular\u0131nda \u00f6nemli \u00e7al\u0131\u015fmalar ve kitaplara imza atm\u0131\u015f Yetvart Kovan hayat\u0131n\u0131 kaybetti.<\/strong><\/em><\/p>\n<p>Yetvart Kovan 94 ya\u015f\u0131ndayd\u0131.<\/p>\n<p>Muhasebe mesle\u011fine bir \u00f6m\u00fcr adayan Yetvart Kovan hem T\u00fcrkiye Ermeni okullar\u0131nda\u00a0 Ticaret ve Muhasebe dersleri vermi\u015f hem de\u00a0 bu alanda \u00e7al\u0131\u015fmalara imza atm\u0131\u015ft\u0131. Kovan son olarak 2016 y\u0131l\u0131nda \u2018Deyimlerle T\u00fcrk\u00e7eden Ermeniceye G\u00fcncel S\u00f6zl\u00fck\u2019 adl\u0131 kapsaml\u0131 \u00e7al\u0131\u015fmas\u0131n\u0131n yay\u0131nlam\u0131\u015ft\u0131.<\/p>\n<p>1927 y\u0131l\u0131nda\u00a0 \u0130stanbul&#8217;da do\u011fan Yetvart Kovan, Pangalt\u0131 Ermeni Lisesi&#8217;ni sonras\u0131nda da \u0130stanbul \u00dcniversitesi \u0130ktisat Fak\u00fcltesi&#8217;ni bitirdi. \u00dcniversitede \u00f6\u011frenci iken muhasebe mesle\u011fine girdi ve bu mesle\u011fi 2008 y\u0131l\u0131na kadar s\u00fcrd\u00fcrd\u00fc.\u00a0 Kovan 1960 y\u0131l\u0131nda Emin\u00f6n\u00fc&#8217;nde Kovan Muhasebe B\u00fcrosu&#8217;nu kurmu\u015f ve ba\u011f\u0131ms\u0131z \u00e7al\u0131\u015fmaya ba\u015flam\u0131\u015ft\u0131. Kovan, 1974 y\u0131l\u0131nda da T\u00fcrkiye Muhasebe Uzmanlar\u0131 Derne\u011fi taraf\u0131ndan Muhasebe Uzmanl\u0131\u011f\u0131 Sertifikas\u0131 ald\u0131.<\/p>\n<p>Kovan 1961-81 y\u0131llar\u0131 aras\u0131nda Pangalt\u0131 Ermeni Lisesi&#8217;nde ve 1964-71 y\u0131llar aras\u0131nda Getronagan Ermeni Lisesi&#8217;nde Muhasebe \u00f6\u011fretmenli\u011fi yapt\u0131. Yetvart Kovan 1970-2010 y\u0131llar\u0131 aras\u0131nda Patrikhane&#8217;de Dan\u0131\u015fma Kurulu \u00fcyeli\u011fi ve Mali Komisyon ba\u015fkanl\u0131\u011f\u0131 g\u00f6revlerini de y\u00fcr\u00fctt\u00fc. Patrik Mesrop Mutafyan taraf\u0131ndan Patrikhane Liyakat Madalyas\u0131 ve Takdir Belgesi&#8217;ne lay\u0131k g\u00f6r\u00fcld\u00fc.<\/p>\n<p>Yetvart Kovan i\u00e7in 2 Temmuz Cuma g\u00fcn\u00fc saat 13.00&#8217;te Kumkap\u0131 Kilisesi&#8217;nde cenaze t\u00f6reni d\u00fczenlenecek.<\/p>\n<p>Agos olarak Kovan ailesine ba\u015fsa\u011fl\u0131\u011f\u0131 dileriz.<\/p>\n<p><em><strong>FOTO: Miran Manukyan\u00a0<\/strong><\/em><\/p>\n<p><em><strong>http:\/\/www.agos.com.tr\/tr\/yazi\/25859\/yetvart-kovan-i-kaybettik\u00a0<\/strong><\/em><\/p>\n<p>&nbsp;<\/p>\n","protected":false},"excerpt":{"rendered":"<p>T\u00fcrkiye Ermeni toplumunun emektar e\u011fitimcilerinden, muhasebe ve ticaret konular\u0131nda \u00f6nemli \u00e7al\u0131\u015fmalar ve kitaplara imza atm\u0131\u015f Yetvart Kovan hayat\u0131n\u0131 kaybetti. Yetvart Kovan 94 ya\u015f\u0131ndayd\u0131. Muhasebe mesle\u011fine bir \u00f6m\u00fcr adayan Yetvart Kovan hem T\u00fcrkiye Ermeni okullar\u0131nda\u00a0 Ticaret ve Muhasebe dersleri vermi\u015f hem de\u00a0 bu alanda \u00e7al\u0131\u015fmalara imza atm\u0131\u015ft\u0131. Kovan son olarak 2016 y\u0131l\u0131nda \u2018Deyimlerle T\u00fcrk\u00e7eden Ermeniceye G\u00fcncel [&hellip;]<\/p>\n","protected":false},"author":7,"featured_media":63581,"comment_status":"open","ping_status":"open","sticky":false,"template":"","format":"standard","meta":{"footnotes":""},"categories":[1],"tags":[],"class_list":["post-63580","post","type-post","status-publish","format-standard","has-post-thumbnail","hentry","category-haberler"],"yoast_head":"<!-- This site is optimized with the Yoast SEO plugin v27.4 - https:\/\/yoast.com\/product\/yoast-seo-wordpress\/ -->\n<title>Yetvart Kovan&#039;\u0131 kaybettik - Bati Ermenistan Ve Bati Ermenileri Sorunlari Ara\u015ftirmalar Merkezi<\/title>\n<meta name=\"robots\" content=\"index, follow, max-snippet:-1, max-image-preview:large, max-video-preview:-1\" \/>\n<link rel=\"canonical\" href=\"https:\/\/akunq.net\/tr\/?p=63580\" \/>\n<meta property=\"og:locale\" content=\"en_US\" \/>\n<meta property=\"og:type\" content=\"article\" \/>\n<meta property=\"og:title\" content=\"Yetvart Kovan&#039;\u0131 kaybettik - Bati Ermenistan Ve Bati Ermenileri Sorunlari Ara\u015ftirmalar Merkezi\" \/>\n<meta property=\"og:description\" content=\"T\u00fcrkiye Ermeni toplumunun emektar e\u011fitimcilerinden, muhasebe ve ticaret konular\u0131nda \u00f6nemli \u00e7al\u0131\u015fmalar ve kitaplara imza atm\u0131\u015f Yetvart Kovan hayat\u0131n\u0131 kaybetti. Yetvart Kovan 94 ya\u015f\u0131ndayd\u0131. Muhasebe mesle\u011fine bir \u00f6m\u00fcr adayan Yetvart Kovan hem T\u00fcrkiye Ermeni okullar\u0131nda\u00a0 Ticaret ve Muhasebe dersleri vermi\u015f hem de\u00a0 bu alanda \u00e7al\u0131\u015fmalara imza atm\u0131\u015ft\u0131. Kovan son olarak 2016 y\u0131l\u0131nda \u2018Deyimlerle T\u00fcrk\u00e7eden Ermeniceye G\u00fcncel [&hellip;]\" \/>\n<meta property=\"og:url\" content=\"https:\/\/akunq.net\/tr\/?p=63580\" \/>\n<meta property=\"og:site_name\" content=\"Bati Ermenistan Ve Bati Ermenileri Sorunlari Ara\u015ftirmalar Merkezi\" \/>\n<meta property=\"article:published_time\" content=\"2021-07-01T06:26:11+00:00\" \/>\n<meta property=\"og:image\" content=\"https:\/\/akunq.net\/tr\/wp-content\/uploads\/sites\/6\/2021\/07\/Yetvart-Kovan.jpeg\" \/>\n\t<meta property=\"og:image:width\" content=\"702\" \/>\n\t<meta property=\"og:image:height\" content=\"336\" \/>\n\t<meta property=\"og:image:type\" content=\"image\/jpeg\" \/>\n<meta name=\"author\" content=\"admin\" \/>\n<meta name=\"twitter:card\" content=\"summary_large_image\" \/>\n<meta name=\"twitter:label1\" content=\"Written by\" \/>\n\t<meta name=\"twitter:data1\" content=\"admin\" \/>\n\t<meta name=\"twitter:label2\" content=\"Est. reading time\" \/>\n\t<meta name=\"twitter:data2\" content=\"1 minute\" \/>\n<script type=\"application\/ld+json\" class=\"yoast-schema-graph\">{\"@context\":\"https:\\\/\\\/schema.org\",\"@graph\":[{\"@type\":\"Article\",\"@id\":\"https:\\\/\\\/akunq.net\\\/tr\\\/?p=63580#article\",\"isPartOf\":{\"@id\":\"https:\\\/\\\/akunq.net\\\/tr\\\/?p=63580\"},\"author\":{\"name\":\"admin\",\"@id\":\"https:\\\/\\\/akunq.net\\\/tr\\\/#\\\/schema\\\/person\\\/096f1d38a12cce57fb855b485ed24c9e\"},\"headline\":\"Yetvart Kovan&#8217;\u0131 kaybettik\",\"datePublished\":\"2021-07-01T06:26:11+00:00\",\"mainEntityOfPage\":{\"@id\":\"https:\\\/\\\/akunq.net\\\/tr\\\/?p=63580\"},\"wordCount\":260,\"commentCount\":0,\"image\":{\"@id\":\"https:\\\/\\\/akunq.net\\\/tr\\\/?p=63580#primaryimage\"},\"thumbnailUrl\":\"https:\\\/\\\/akunq.net\\\/tr\\\/wp-content\\\/uploads\\\/sites\\\/6\\\/2021\\\/07\\\/Yetvart-Kovan.jpeg\",\"articleSection\":[\"Haberler\"],\"inLanguage\":\"en-US\",\"potentialAction\":[{\"@type\":\"CommentAction\",\"name\":\"Comment\",\"target\":[\"https:\\\/\\\/akunq.net\\\/tr\\\/?p=63580#respond\"]}]},{\"@type\":\"WebPage\",\"@id\":\"https:\\\/\\\/akunq.net\\\/tr\\\/?p=63580\",\"url\":\"https:\\\/\\\/akunq.net\\\/tr\\\/?p=63580\",\"name\":\"Yetvart Kovan'\u0131 kaybettik - Bati Ermenistan Ve Bati Ermenileri Sorunlari Ara\u015ftirmalar Merkezi\",\"isPartOf\":{\"@id\":\"https:\\\/\\\/akunq.net\\\/tr\\\/#website\"},\"primaryImageOfPage\":{\"@id\":\"https:\\\/\\\/akunq.net\\\/tr\\\/?p=63580#primaryimage\"},\"image\":{\"@id\":\"https:\\\/\\\/akunq.net\\\/tr\\\/?p=63580#primaryimage\"},\"thumbnailUrl\":\"https:\\\/\\\/akunq.net\\\/tr\\\/wp-content\\\/uploads\\\/sites\\\/6\\\/2021\\\/07\\\/Yetvart-Kovan.jpeg\",\"datePublished\":\"2021-07-01T06:26:11+00:00\",\"author\":{\"@id\":\"https:\\\/\\\/akunq.net\\\/tr\\\/#\\\/schema\\\/person\\\/096f1d38a12cce57fb855b485ed24c9e\"},\"breadcrumb\":{\"@id\":\"https:\\\/\\\/akunq.net\\\/tr\\\/?p=63580#breadcrumb\"},\"inLanguage\":\"en-US\",\"potentialAction\":[{\"@type\":\"ReadAction\",\"target\":[\"https:\\\/\\\/akunq.net\\\/tr\\\/?p=63580\"]}]},{\"@type\":\"ImageObject\",\"inLanguage\":\"en-US\",\"@id\":\"https:\\\/\\\/akunq.net\\\/tr\\\/?p=63580#primaryimage\",\"url\":\"https:\\\/\\\/akunq.net\\\/tr\\\/wp-content\\\/uploads\\\/sites\\\/6\\\/2021\\\/07\\\/Yetvart-Kovan.jpeg\",\"contentUrl\":\"https:\\\/\\\/akunq.net\\\/tr\\\/wp-content\\\/uploads\\\/sites\\\/6\\\/2021\\\/07\\\/Yetvart-Kovan.jpeg\",\"width\":702,\"height\":336},{\"@type\":\"BreadcrumbList\",\"@id\":\"https:\\\/\\\/akunq.net\\\/tr\\\/?p=63580#breadcrumb\",\"itemListElement\":[{\"@type\":\"ListItem\",\"position\":1,\"name\":\"Home\",\"item\":\"https:\\\/\\\/akunq.net\\\/tr\"},{\"@type\":\"ListItem\",\"position\":2,\"name\":\"Yetvart Kovan&#8217;\u0131 kaybettik\"}]},{\"@type\":\"WebSite\",\"@id\":\"https:\\\/\\\/akunq.net\\\/tr\\\/#website\",\"url\":\"https:\\\/\\\/akunq.net\\\/tr\\\/\",\"name\":\"Bati Ermenistan Ve Bati Ermenileri Sorunlari Ara\u015ftirmalar Merkezi\",\"description\":\"\",\"potentialAction\":[{\"@type\":\"SearchAction\",\"target\":{\"@type\":\"EntryPoint\",\"urlTemplate\":\"https:\\\/\\\/akunq.net\\\/tr\\\/?s={search_term_string}\"},\"query-input\":{\"@type\":\"PropertyValueSpecification\",\"valueRequired\":true,\"valueName\":\"search_term_string\"}}],\"inLanguage\":\"en-US\"},{\"@type\":\"Person\",\"@id\":\"https:\\\/\\\/akunq.net\\\/tr\\\/#\\\/schema\\\/person\\\/096f1d38a12cce57fb855b485ed24c9e\",\"name\":\"admin\",\"url\":\"https:\\\/\\\/akunq.net\\\/tr\\\/?author=7\"}]}<\/script>\n<!-- \/ Yoast SEO plugin. -->","yoast_head_json":{"title":"Yetvart Kovan'\u0131 kaybettik - Bati Ermenistan Ve Bati Ermenileri Sorunlari Ara\u015ftirmalar Merkezi","robots":{"index":"index","follow":"follow","max-snippet":"max-snippet:-1","max-image-preview":"max-image-preview:large","max-video-preview":"max-video-preview:-1"},"canonical":"https:\/\/akunq.net\/tr\/?p=63580","og_locale":"en_US","og_type":"article","og_title":"Yetvart Kovan'\u0131 kaybettik - Bati Ermenistan Ve Bati Ermenileri Sorunlari Ara\u015ftirmalar Merkezi","og_description":"T\u00fcrkiye Ermeni toplumunun emektar e\u011fitimcilerinden, muhasebe ve ticaret konular\u0131nda \u00f6nemli \u00e7al\u0131\u015fmalar ve kitaplara imza atm\u0131\u015f Yetvart Kovan hayat\u0131n\u0131 kaybetti. Yetvart Kovan 94 ya\u015f\u0131ndayd\u0131. Muhasebe mesle\u011fine bir \u00f6m\u00fcr adayan Yetvart Kovan hem T\u00fcrkiye Ermeni okullar\u0131nda\u00a0 Ticaret ve Muhasebe dersleri vermi\u015f hem de\u00a0 bu alanda \u00e7al\u0131\u015fmalara imza atm\u0131\u015ft\u0131. Kovan son olarak 2016 y\u0131l\u0131nda \u2018Deyimlerle T\u00fcrk\u00e7eden Ermeniceye G\u00fcncel [&hellip;]","og_url":"https:\/\/akunq.net\/tr\/?p=63580","og_site_name":"Bati Ermenistan Ve Bati Ermenileri Sorunlari Ara\u015ftirmalar Merkezi","article_published_time":"2021-07-01T06:26:11+00:00","og_image":[{"width":702,"height":336,"url":"https:\/\/akunq.net\/tr\/wp-content\/uploads\/sites\/6\/2021\/07\/Yetvart-Kovan.jpeg","type":"image\/jpeg"}],"author":"admin","twitter_card":"summary_large_image","twitter_misc":{"Written by":"admin","Est. reading time":"1 minute"},"schema":{"@context":"https:\/\/schema.org","@graph":[{"@type":"Article","@id":"https:\/\/akunq.net\/tr\/?p=63580#article","isPartOf":{"@id":"https:\/\/akunq.net\/tr\/?p=63580"},"author":{"name":"admin","@id":"https:\/\/akunq.net\/tr\/#\/schema\/person\/096f1d38a12cce57fb855b485ed24c9e"},"headline":"Yetvart Kovan&#8217;\u0131 kaybettik","datePublished":"2021-07-01T06:26:11+00:00","mainEntityOfPage":{"@id":"https:\/\/akunq.net\/tr\/?p=63580"},"wordCount":260,"commentCount":0,"image":{"@id":"https:\/\/akunq.net\/tr\/?p=63580#primaryimage"},"thumbnailUrl":"https:\/\/akunq.net\/tr\/wp-content\/uploads\/sites\/6\/2021\/07\/Yetvart-Kovan.jpeg","articleSection":["Haberler"],"inLanguage":"en-US","potentialAction":[{"@type":"CommentAction","name":"Comment","target":["https:\/\/akunq.net\/tr\/?p=63580#respond"]}]},{"@type":"WebPage","@id":"https:\/\/akunq.net\/tr\/?p=63580","url":"https:\/\/akunq.net\/tr\/?p=63580","name":"Yetvart Kovan'\u0131 kaybettik - Bati Ermenistan Ve Bati Ermenileri Sorunlari Ara\u015ftirmalar Merkezi","isPartOf":{"@id":"https:\/\/akunq.net\/tr\/#website"},"primaryImageOfPage":{"@id":"https:\/\/akunq.net\/tr\/?p=63580#primaryimage"},"image":{"@id":"https:\/\/akunq.net\/tr\/?p=63580#primaryimage"},"thumbnailUrl":"https:\/\/akunq.net\/tr\/wp-content\/uploads\/sites\/6\/2021\/07\/Yetvart-Kovan.jpeg","datePublished":"2021-07-01T06:26:11+00:00","author":{"@id":"https:\/\/akunq.net\/tr\/#\/schema\/person\/096f1d38a12cce57fb855b485ed24c9e"},"breadcrumb":{"@id":"https:\/\/akunq.net\/tr\/?p=63580#breadcrumb"},"inLanguage":"en-US","potentialAction":[{"@type":"ReadAction","target":["https:\/\/akunq.net\/tr\/?p=63580"]}]},{"@type":"ImageObject","inLanguage":"en-US","@id":"https:\/\/akunq.net\/tr\/?p=63580#primaryimage","url":"https:\/\/akunq.net\/tr\/wp-content\/uploads\/sites\/6\/2021\/07\/Yetvart-Kovan.jpeg","contentUrl":"https:\/\/akunq.net\/tr\/wp-content\/uploads\/sites\/6\/2021\/07\/Yetvart-Kovan.jpeg","width":702,"height":336},{"@type":"BreadcrumbList","@id":"https:\/\/akunq.net\/tr\/?p=63580#breadcrumb","itemListElement":[{"@type":"ListItem","position":1,"name":"Home","item":"https:\/\/akunq.net\/tr"},{"@type":"ListItem","position":2,"name":"Yetvart Kovan&#8217;\u0131 kaybettik"}]},{"@type":"WebSite","@id":"https:\/\/akunq.net\/tr\/#website","url":"https:\/\/akunq.net\/tr\/","name":"Bati Ermenistan Ve Bati Ermenileri Sorunlari Ara\u015ftirmalar Merkezi","description":"","potentialAction":[{"@type":"SearchAction","target":{"@type":"EntryPoint","urlTemplate":"https:\/\/akunq.net\/tr\/?s={search_term_string}"},"query-input":{"@type":"PropertyValueSpecification","valueRequired":true,"valueName":"search_term_string"}}],"inLanguage":"en-US"},{"@type":"Person","@id":"https:\/\/akunq.net\/tr\/#\/schema\/person\/096f1d38a12cce57fb855b485ed24c9e","name":"admin","url":"https:\/\/akunq.net\/tr\/?author=7"}]}},"_links":{"self":[{"href":"https:\/\/akunq.net\/tr\/index.php?rest_route=\/wp\/v2\/posts\/63580","targetHints":{"allow":["GET"]}}],"collection":[{"href":"https:\/\/akunq.net\/tr\/index.php?rest_route=\/wp\/v2\/posts"}],"about":[{"href":"https:\/\/akunq.net\/tr\/index.php?rest_route=\/wp\/v2\/types\/post"}],"author":[{"embeddable":true,"href":"https:\/\/akunq.net\/tr\/index.php?rest_route=\/wp\/v2\/users\/7"}],"replies":[{"embeddable":true,"href":"https:\/\/akunq.net\/tr\/index.php?rest_route=%2Fwp%2Fv2%2Fcomments&post=63580"}],"version-history":[{"count":1,"href":"https:\/\/akunq.net\/tr\/index.php?rest_route=\/wp\/v2\/posts\/63580\/revisions"}],"predecessor-version":[{"id":63582,"href":"https:\/\/akunq.net\/tr\/index.php?rest_route=\/wp\/v2\/posts\/63580\/revisions\/63582"}],"wp:featuredmedia":[{"embeddable":true,"href":"https:\/\/akunq.net\/tr\/index.php?rest_route=\/wp\/v2\/media\/63581"}],"wp:attachment":[{"href":"https:\/\/akunq.net\/tr\/index.php?rest_route=%2Fwp%2Fv2%2Fmedia&parent=63580"}],"wp:term":[{"taxonomy":"category","embeddable":true,"href":"https:\/\/akunq.net\/tr\/index.php?rest_route=%2Fwp%2Fv2%2Fcategories&post=63580"},{"taxonomy":"post_tag","embeddable":true,"href":"https:\/\/akunq.net\/tr\/index.php?rest_route=%2Fwp%2Fv2%2Ftags&post=63580"}],"curies":[{"name":"wp","href":"https:\/\/api.w.org\/{rel}","templated":true}]}}