{"id":63575,"date":"2021-06-30T02:46:05","date_gmt":"2021-06-30T07:46:05","guid":{"rendered":"https:\/\/akunq.net\/tr\/?p=63575"},"modified":"2021-06-30T02:46:05","modified_gmt":"2021-06-30T07:46:05","slug":"urartular-donemi-3-bin-yillik-kalede-restorasyon","status":"publish","type":"post","link":"https:\/\/akunq.net\/tr\/?p=63575","title":{"rendered":"Urartular d\u00f6nemi 3 bin y\u0131ll\u0131k kalede restorasyon"},"content":{"rendered":"<div class=\"gallery-group group_1\" data-count=\"1\">\n<div class=\"flex-row\">\n<section class=\"flex-col flex-col-left\" data-left-id=\"6541450_1\">\n<header class=\"rhd-article-header rhd-article-header-type-1\">\n<div class=\"row justify-content-md-left\">\n<div class=\"col-lg-12\">\n<p><img loading=\"lazy\" decoding=\"async\" class=\"aligncenter size-medium wp-image-63576\" src=\"https:\/\/akunq.net\/tr\/wp-content\/uploads\/2021\/06\/\u0578\u0582\u0580\u0561\u0580\u057f\u0561\u056f\u0561\u0576-\u0577\u0580\u057b\u0561\u0576\u056b-\u0561\u0574\u0580\u0578\u0581-360x218.jpg\" alt=\"\" width=\"360\" height=\"218\" srcset=\"https:\/\/akunq.net\/tr\/wp-content\/uploads\/sites\/6\/2021\/06\/\u0578\u0582\u0580\u0561\u0580\u057f\u0561\u056f\u0561\u0576-\u0577\u0580\u057b\u0561\u0576\u056b-\u0561\u0574\u0580\u0578\u0581-360x218.jpg 360w, https:\/\/akunq.net\/tr\/wp-content\/uploads\/sites\/6\/2021\/06\/\u0578\u0582\u0580\u0561\u0580\u057f\u0561\u056f\u0561\u0576-\u0577\u0580\u057b\u0561\u0576\u056b-\u0561\u0574\u0580\u0578\u0581-560x340.jpg 560w, https:\/\/akunq.net\/tr\/wp-content\/uploads\/sites\/6\/2021\/06\/\u0578\u0582\u0580\u0561\u0580\u057f\u0561\u056f\u0561\u0576-\u0577\u0580\u057b\u0561\u0576\u056b-\u0561\u0574\u0580\u0578\u0581-260x158.jpg 260w, https:\/\/akunq.net\/tr\/wp-content\/uploads\/sites\/6\/2021\/06\/\u0578\u0582\u0580\u0561\u0580\u057f\u0561\u056f\u0561\u0576-\u0577\u0580\u057b\u0561\u0576\u056b-\u0561\u0574\u0580\u0578\u0581-160x97.jpg 160w, https:\/\/akunq.net\/tr\/wp-content\/uploads\/sites\/6\/2021\/06\/\u0578\u0582\u0580\u0561\u0580\u057f\u0561\u056f\u0561\u0576-\u0577\u0580\u057b\u0561\u0576\u056b-\u0561\u0574\u0580\u0578\u0581.jpg 640w\" sizes=\"auto, (max-width: 360px) 100vw, 360px\" \/><\/p>\n<p class=\"rhd-article-spot\"><em><strong><a class=\"inline-keyword from-content\" href=\"https:\/\/www.milliyet.com.tr\/haberleri\/bitlis\" target=\"_blank\" rel=\"noopener noreferrer\" data-adservice-interactive-adunit=\"9927946\/milliyet\/tatil\/interstitial_oop\">Bitlis<\/a>&#8216;in\u00a0<a class=\"inline-keyword from-content\" href=\"https:\/\/www.milliyet.com.tr\/haberleri\/adilcevaz\" target=\"_blank\" rel=\"noopener noreferrer\" data-adservice-interactive-adunit=\"9927946\/milliyet\/tatil\/interstitial_oop\">Adilcevaz<\/a> il\u00e7esinde Urartular d\u00f6nemine ait 3 bin y\u0131ll\u0131k tarihi Adilcevaz Kalesi&#8217;nde restorasyon \u00e7al\u0131\u015fmalar\u0131 devam ediyor. Yakla\u015f\u0131k iki ay \u00f6nce ba\u015flayan \u00e7al\u0131\u015fmalarda \u00f6nemli a\u015famalar kaydedildi\u011fini belirten Belediye Ba\u015fkan\u0131 Necati G\u00fcrsoy, bu \u00e7al\u0131\u015fman\u0131n b\u00f6lgeyi cazibe merkezi haline getirece\u011fini s\u00f6yledi.\u00a0<\/strong><\/em><\/p>\n<\/div>\n<\/div>\n<\/header>\n<div class=\"infinitegallery-picture-container \">\n<div class=\"upper check-in-view\" data-count=\"1\" data-count-total=\"5\">\n<div class=\"_picture\"><span class=\"count\">1<\/span><img decoding=\"async\" class=\" lazyloaded\" src=\"https:\/\/i2.milimaj.com\/i\/milliyet\/75\/750x0\/60dade9d86b2471eecb5fe5b\" alt=\"\" data-src=\"https:\/\/i2.milimaj.com\/i\/milliyet\/75\/750x0\/60dade9d86b2471eecb5fe5b\" \/><\/div>\n<\/div>\n<div class=\"lower divider\">\n<div class=\"text-container \">\n<h3 class=\"description\">Adilcevaz\u0131n giri\u015findeki tepede bulunan Urartular d\u00f6nemine ait 3 bin y\u0131ll\u0131k tarihe sahip olan, T\u00fcrklerin Anadolu&#8217;ya ad\u0131m atmas\u0131yla birlikte Sel\u00e7uklular, Harzem\u015fahlar, \u0130lhanl\u0131lar, Karakoyunlular ve Safevilerin egemenli\u011fi alt\u0131na girmi\u015f, 1534&#8217;te Osmanl\u0131 y\u00f6netiminde b\u00fcy\u00fck \u00f6nem kazanan\u00a0<a class=\"inline-keyword from-service\" href=\"https:\/\/www.milliyet.com.tr\/haberleri\/adilcevaz\" target=\"_blank\" rel=\"noopener noreferrer\" data-adservice-interactive-adunit=\"9927946\/milliyet\/tatil\/interstitial_oop\">Adilcevaz<\/a>\u00a0Kalesi, K\u00fclt\u00fcr ve Turizm Bakanl\u0131\u011f\u0131&#8217;nca yap\u0131lan \u00e7al\u0131\u015fmalarla b\u00f6lgenin \u00f6nemli destinasyonlardan biri haline getirilecek.<\/h3>\n<\/div>\n<\/div>\n<\/div>\n<div class=\"infinitegallery-picture-container \">\n<div class=\"upper check-in-view\" data-count=\"2\" data-count-total=\"5\">\n<div class=\"_picture\" data-kiosked-context-name=\"kskdUIContext_01f9dxx86de7ep82a0y5dbd4nr\"><span class=\"count\">2<\/span><img decoding=\"async\" class=\" lazyloaded\" src=\"https:\/\/i2.milimaj.com\/i\/milliyet\/75\/750x0\/60dade8e86b2471030eb9901\" alt=\"\" data-src=\"https:\/\/i2.milimaj.com\/i\/milliyet\/75\/750x0\/60dade8e86b2471030eb9901\" \/><\/div>\n<div id=\"kskd01f9dxx87ys1m9t9nwt84nysc3\" class=\"kskdDiv kskdCls\" data-kiosked-role=\"anchor\" data-kiosked-type=\"in-line\" data-kioskid=\"01f9dxx87ys1m9t9nwt84nysc3\" data-kiosked-cntrid=\"12280_b2cce436e15d85e10a8deb622bf303ce\">\n<div class=\"kskdDiv\" data-kiosked-role=\"boundary\">\n<div class=\"kskdDiv\" data-kioskid=\"01f9dxx87ys1m9t9nwt84nysc3\" data-kiosked-role=\"ad-container\">\n<div class=\"kskdDiv\" data-kskd-type=\"banner\" data-width=\"728\" data-height=\"90\" data-kskd-filled=\"true\"><\/div>\n<\/div>\n<\/div>\n<div class=\"kskdDiv\" data-kiosked-role=\"visibility\"><span style=\"color: #333333; font-family: 'Cantata One', serif; letter-spacing: 0.05em;\">Devam eden \u00e7al\u0131\u015fmalar\u0131 yerinde inceleyen Belediye Ba\u015fkan\u0131 Necati G\u00fcrsoy, kalenin restorasyon \u00e7al\u0131\u015fmalar\u0131n\u0131n aral\u0131ks\u0131z devam etti\u011fini ifade ederek, Giri\u015fimlerimiz sonucunda K\u00fclt\u00fcr ve Turizm Bakanl\u0131\u011f\u0131&#8217;nca yakla\u015f\u0131k iki ay \u00f6nce ba\u015flayan kale bedenlerinin g\u00fc\u00e7lendirme \u00e7al\u0131\u015fmalar\u0131 sonucunda kalenin surlar\u0131 asl\u0131na uygun olarak yava\u015f yava\u015f ortaya \u00e7\u0131kmaya ba\u015flad\u0131.<\/span><\/div>\n<\/div>\n<\/div>\n<\/div>\n<\/section>\n<aside class=\"flex-col flex-col-right hidden-md-down\" data-right-id=\"6541450_1\">\n<div class=\"gallery-adv right\">\n<div class=\"row\">\n<div id=\"9927946\/milliyet\/tatil\/sidebar_300x250_1\" class=\"adRenderer dfp      \" data-device-type=\"desktop\"><\/div>\n<\/div>\n<\/div>\n<\/aside>\n<\/div>\n<div class=\"gallery-banner banner_1\">\n<div class=\"gallery-banner-inner\">\n<div id=\"9927946\/milliyet\/tatil\/header_728x90-1001\" class=\"adRenderer dfp  dfp_masthead    adCls-250 \" data-device-type=\"desktop\"><\/div>\n<\/div>\n<\/div>\n<\/div>\n<div class=\"gallery-group group_2\" data-count=\"2\">\n<div class=\"flex-row\">\n<section class=\"flex-col flex-col-left\" data-left-id=\"6541450_2\">\n<div class=\"infinitegallery-picture-container \">\n<div class=\"upper check-in-view\" data-count=\"3\" data-count-total=\"5\">\n<div class=\"_picture\"><span class=\"count\">3<\/span><img decoding=\"async\" class=\" lazyloaded\" src=\"https:\/\/i2.milimaj.com\/i\/milliyet\/75\/750x0\/60dade9186b2471030eb9909\" alt=\"\" data-src=\"https:\/\/i2.milimaj.com\/i\/milliyet\/75\/750x0\/60dade9186b2471030eb9909\" \/><\/div>\n<\/div>\n<div class=\"lower divider\">\n<div class=\"text-container \">\n<h3 class=\"description\">\u00c7al\u0131\u015fmalar\u0131n tamamlanmas\u0131yla birlikte e\u015fsiz bir g\u00fczelli\u011fe kavu\u015facak Urartular d\u00f6nemine 3 bin y\u0131ll\u0131k kale, in\u015fallah b\u00f6lgemizin cazibe merkezi haline gelecek. Bir\u00e7ok medeniyete ev sahipli\u011fi yapm\u0131\u015f ve y\u0131llarca tahribata u\u011fram\u0131\u015f tarihi Adilcevaz Kalesi&#8217;ni restore ederek turizme kazand\u0131raca\u011f\u0131z.<\/h3>\n<\/div>\n<\/div>\n<\/div>\n<div class=\"infinitegallery-picture-container \">\n<div class=\"upper check-in-view\" data-count=\"4\" data-count-total=\"5\">\n<div class=\"_picture\"><span class=\"count\">4<\/span><img decoding=\"async\" class=\" lazyloaded\" src=\"https:\/\/i2.milimaj.com\/i\/milliyet\/75\/750x0\/60dade9186b2471030eb9907\" alt=\"\" data-src=\"https:\/\/i2.milimaj.com\/i\/milliyet\/75\/750x0\/60dade9186b2471030eb9907\" \/><\/div>\n<\/div>\n<div class=\"lower \">\n<div class=\"text-container \">\n<h3 class=\"description\">Ayn\u0131 zamanda burada seyir teras\u0131 gibi bir tesis yapmay\u0131 d\u00fc\u015f\u00fcn\u00fcyoruz. Buraya gelen insanlar Van G\u00f6l\u00fcn\u00fcn e\u015fsiz g\u00fczelli\u011fini doyas\u0131ya ya\u015fayabilecek.<\/h3>\n<\/div>\n<\/div>\n<\/div>\n<\/section>\n<\/div>\n<div class=\"gallery-banner banner_2\">\n<div class=\"gallery-banner-inner\">\n<div id=\"9927946\/milliyet\/tatil\/header_728x90-1002\" class=\"adRenderer dfp  dfp_masthead    adCls-250 \" data-device-type=\"desktop\"><\/div>\n<\/div>\n<\/div>\n<\/div>\n<div class=\"gallery-group group_3\" data-count=\"3\">\n<div class=\"flex-row\">\n<section class=\"flex-col flex-col-left\" data-left-id=\"6541450_3\">\n<div class=\"infinitegallery-picture-container \">\n<div class=\"upper check-in-view passed\" data-count=\"5\" data-count-total=\"5\">\n<div class=\"_picture\"><span class=\"count\">5<\/span><img decoding=\"async\" class=\" lazyloaded\" src=\"https:\/\/i2.milimaj.com\/i\/milliyet\/75\/750x0\/60dade9186b2471eecb5fe55\" alt=\"\" data-src=\"https:\/\/i2.milimaj.com\/i\/milliyet\/75\/750x0\/60dade9186b2471eecb5fe55\" \/><\/div>\n<\/div>\n<div class=\"lower divider\">\n<div class=\"text-container \">\n<h3 class=\"description\">Yine ayn\u0131 \u015fekilde \u00f6n\u00fcm\u00fczdeki g\u00fcnlerde Urartular d\u00f6neminden kalan Kef Kalesi&#8217;nde de arkeologlar taraf\u0131ndan kaz\u0131 \u00e7al\u0131\u015fmalar\u0131 ba\u015flayacak. Bu projelerin tamamlanmas\u0131yla birlikte tarihi yap\u0131lar\u0131m\u0131z\u0131 asl\u0131na uygun olarak g\u00fcn y\u00fcz\u00fcne \u00e7\u0131kartarak il\u00e7emiz ve b\u00f6lgemiz turizmine kazand\u0131rm\u0131\u015f olaca\u011f\u0131z dedi.<\/h3>\n<p><em><strong>(DHA)<\/strong><\/em><\/p>\n<p><em><strong>https:\/\/www.milliyet.com.tr\/galeri\/urartular-donemi-3-bin-yillik-kalede-restorasyon-6541450\/5<\/strong><\/em><\/p>\n<\/div>\n<\/div>\n<\/div>\n<\/section>\n<\/div>\n<\/div>\n","protected":false},"excerpt":{"rendered":"<p>Bitlis&#8216;in\u00a0Adilcevaz il\u00e7esinde Urartular d\u00f6nemine ait 3 bin y\u0131ll\u0131k tarihi Adilcevaz Kalesi&#8217;nde restorasyon \u00e7al\u0131\u015fmalar\u0131 devam ediyor. Yakla\u015f\u0131k iki ay \u00f6nce ba\u015flayan \u00e7al\u0131\u015fmalarda \u00f6nemli a\u015famalar kaydedildi\u011fini belirten Belediye Ba\u015fkan\u0131 Necati G\u00fcrsoy, bu \u00e7al\u0131\u015fman\u0131n b\u00f6lgeyi cazibe merkezi haline getirece\u011fini s\u00f6yledi.\u00a0 1 Adilcevaz\u0131n giri\u015findeki tepede bulunan Urartular d\u00f6nemine ait 3 bin y\u0131ll\u0131k tarihe sahip olan, T\u00fcrklerin Anadolu&#8217;ya ad\u0131m atmas\u0131yla [&hellip;]<\/p>\n","protected":false},"author":7,"featured_media":63576,"comment_status":"open","ping_status":"open","sticky":false,"template":"","format":"standard","meta":{"footnotes":""},"categories":[1,49],"tags":[],"class_list":["post-63575","post","type-post","status-publish","format-standard","has-post-thumbnail","hentry","category-haberler","category-kaleler"],"yoast_head":"<!-- This site is optimized with the Yoast SEO plugin v27.4 - https:\/\/yoast.com\/product\/yoast-seo-wordpress\/ -->\n<title>Urartular d\u00f6nemi 3 bin y\u0131ll\u0131k kalede restorasyon - Bati Ermenistan Ve Bati Ermenileri Sorunlari Ara\u015ftirmalar Merkezi<\/title>\n<meta name=\"robots\" content=\"index, follow, max-snippet:-1, max-image-preview:large, max-video-preview:-1\" \/>\n<link rel=\"canonical\" href=\"https:\/\/akunq.net\/tr\/?p=63575\" \/>\n<meta property=\"og:locale\" content=\"en_US\" \/>\n<meta property=\"og:type\" content=\"article\" \/>\n<meta property=\"og:title\" content=\"Urartular d\u00f6nemi 3 bin y\u0131ll\u0131k kalede restorasyon - Bati Ermenistan Ve Bati Ermenileri Sorunlari Ara\u015ftirmalar Merkezi\" \/>\n<meta property=\"og:description\" content=\"Bitlis&#8216;in\u00a0Adilcevaz il\u00e7esinde Urartular d\u00f6nemine ait 3 bin y\u0131ll\u0131k tarihi Adilcevaz Kalesi&#8217;nde restorasyon \u00e7al\u0131\u015fmalar\u0131 devam ediyor. Yakla\u015f\u0131k iki ay \u00f6nce ba\u015flayan \u00e7al\u0131\u015fmalarda \u00f6nemli a\u015famalar kaydedildi\u011fini belirten Belediye Ba\u015fkan\u0131 Necati G\u00fcrsoy, bu \u00e7al\u0131\u015fman\u0131n b\u00f6lgeyi cazibe merkezi haline getirece\u011fini s\u00f6yledi.\u00a0 1 Adilcevaz\u0131n giri\u015findeki tepede bulunan Urartular d\u00f6nemine ait 3 bin y\u0131ll\u0131k tarihe sahip olan, T\u00fcrklerin Anadolu&#8217;ya ad\u0131m atmas\u0131yla [&hellip;]\" \/>\n<meta property=\"og:url\" content=\"https:\/\/akunq.net\/tr\/?p=63575\" \/>\n<meta property=\"og:site_name\" content=\"Bati Ermenistan Ve Bati Ermenileri Sorunlari Ara\u015ftirmalar Merkezi\" \/>\n<meta property=\"article:published_time\" content=\"2021-06-30T07:46:05+00:00\" \/>\n<meta property=\"og:image\" content=\"https:\/\/akunq.net\/tr\/wp-content\/uploads\/sites\/6\/2021\/06\/\u0578\u0582\u0580\u0561\u0580\u057f\u0561\u056f\u0561\u0576-\u0577\u0580\u057b\u0561\u0576\u056b-\u0561\u0574\u0580\u0578\u0581.jpg\" \/>\n\t<meta property=\"og:image:width\" content=\"640\" \/>\n\t<meta property=\"og:image:height\" content=\"388\" \/>\n\t<meta property=\"og:image:type\" content=\"image\/jpeg\" \/>\n<meta name=\"author\" content=\"admin\" \/>\n<meta name=\"twitter:card\" content=\"summary_large_image\" \/>\n<meta name=\"twitter:label1\" content=\"Written by\" \/>\n\t<meta name=\"twitter:data1\" content=\"admin\" \/>\n\t<meta name=\"twitter:label2\" content=\"Est. reading time\" \/>\n\t<meta name=\"twitter:data2\" content=\"2 minutes\" \/>\n<script type=\"application\/ld+json\" class=\"yoast-schema-graph\">{\"@context\":\"https:\\\/\\\/schema.org\",\"@graph\":[{\"@type\":\"Article\",\"@id\":\"https:\\\/\\\/akunq.net\\\/tr\\\/?p=63575#article\",\"isPartOf\":{\"@id\":\"https:\\\/\\\/akunq.net\\\/tr\\\/?p=63575\"},\"author\":{\"name\":\"admin\",\"@id\":\"https:\\\/\\\/akunq.net\\\/tr\\\/#\\\/schema\\\/person\\\/096f1d38a12cce57fb855b485ed24c9e\"},\"headline\":\"Urartular d\u00f6nemi 3 bin y\u0131ll\u0131k kalede restorasyon\",\"datePublished\":\"2021-06-30T07:46:05+00:00\",\"mainEntityOfPage\":{\"@id\":\"https:\\\/\\\/akunq.net\\\/tr\\\/?p=63575\"},\"wordCount\":337,\"commentCount\":0,\"image\":{\"@id\":\"https:\\\/\\\/akunq.net\\\/tr\\\/?p=63575#primaryimage\"},\"thumbnailUrl\":\"https:\\\/\\\/akunq.net\\\/tr\\\/wp-content\\\/uploads\\\/sites\\\/6\\\/2021\\\/06\\\/\u0578\u0582\u0580\u0561\u0580\u057f\u0561\u056f\u0561\u0576-\u0577\u0580\u057b\u0561\u0576\u056b-\u0561\u0574\u0580\u0578\u0581.jpg\",\"articleSection\":[\"Haberler\",\"Kaleler\"],\"inLanguage\":\"en-US\",\"potentialAction\":[{\"@type\":\"CommentAction\",\"name\":\"Comment\",\"target\":[\"https:\\\/\\\/akunq.net\\\/tr\\\/?p=63575#respond\"]}]},{\"@type\":\"WebPage\",\"@id\":\"https:\\\/\\\/akunq.net\\\/tr\\\/?p=63575\",\"url\":\"https:\\\/\\\/akunq.net\\\/tr\\\/?p=63575\",\"name\":\"Urartular d\u00f6nemi 3 bin y\u0131ll\u0131k kalede restorasyon - Bati Ermenistan Ve Bati Ermenileri Sorunlari Ara\u015ftirmalar Merkezi\",\"isPartOf\":{\"@id\":\"https:\\\/\\\/akunq.net\\\/tr\\\/#website\"},\"primaryImageOfPage\":{\"@id\":\"https:\\\/\\\/akunq.net\\\/tr\\\/?p=63575#primaryimage\"},\"image\":{\"@id\":\"https:\\\/\\\/akunq.net\\\/tr\\\/?p=63575#primaryimage\"},\"thumbnailUrl\":\"https:\\\/\\\/akunq.net\\\/tr\\\/wp-content\\\/uploads\\\/sites\\\/6\\\/2021\\\/06\\\/\u0578\u0582\u0580\u0561\u0580\u057f\u0561\u056f\u0561\u0576-\u0577\u0580\u057b\u0561\u0576\u056b-\u0561\u0574\u0580\u0578\u0581.jpg\",\"datePublished\":\"2021-06-30T07:46:05+00:00\",\"author\":{\"@id\":\"https:\\\/\\\/akunq.net\\\/tr\\\/#\\\/schema\\\/person\\\/096f1d38a12cce57fb855b485ed24c9e\"},\"breadcrumb\":{\"@id\":\"https:\\\/\\\/akunq.net\\\/tr\\\/?p=63575#breadcrumb\"},\"inLanguage\":\"en-US\",\"potentialAction\":[{\"@type\":\"ReadAction\",\"target\":[\"https:\\\/\\\/akunq.net\\\/tr\\\/?p=63575\"]}]},{\"@type\":\"ImageObject\",\"inLanguage\":\"en-US\",\"@id\":\"https:\\\/\\\/akunq.net\\\/tr\\\/?p=63575#primaryimage\",\"url\":\"https:\\\/\\\/akunq.net\\\/tr\\\/wp-content\\\/uploads\\\/sites\\\/6\\\/2021\\\/06\\\/\u0578\u0582\u0580\u0561\u0580\u057f\u0561\u056f\u0561\u0576-\u0577\u0580\u057b\u0561\u0576\u056b-\u0561\u0574\u0580\u0578\u0581.jpg\",\"contentUrl\":\"https:\\\/\\\/akunq.net\\\/tr\\\/wp-content\\\/uploads\\\/sites\\\/6\\\/2021\\\/06\\\/\u0578\u0582\u0580\u0561\u0580\u057f\u0561\u056f\u0561\u0576-\u0577\u0580\u057b\u0561\u0576\u056b-\u0561\u0574\u0580\u0578\u0581.jpg\",\"width\":640,\"height\":388},{\"@type\":\"BreadcrumbList\",\"@id\":\"https:\\\/\\\/akunq.net\\\/tr\\\/?p=63575#breadcrumb\",\"itemListElement\":[{\"@type\":\"ListItem\",\"position\":1,\"name\":\"Home\",\"item\":\"https:\\\/\\\/akunq.net\\\/tr\"},{\"@type\":\"ListItem\",\"position\":2,\"name\":\"Urartular d\u00f6nemi 3 bin y\u0131ll\u0131k kalede restorasyon\"}]},{\"@type\":\"WebSite\",\"@id\":\"https:\\\/\\\/akunq.net\\\/tr\\\/#website\",\"url\":\"https:\\\/\\\/akunq.net\\\/tr\\\/\",\"name\":\"Bati Ermenistan Ve Bati Ermenileri Sorunlari Ara\u015ftirmalar Merkezi\",\"description\":\"\",\"potentialAction\":[{\"@type\":\"SearchAction\",\"target\":{\"@type\":\"EntryPoint\",\"urlTemplate\":\"https:\\\/\\\/akunq.net\\\/tr\\\/?s={search_term_string}\"},\"query-input\":{\"@type\":\"PropertyValueSpecification\",\"valueRequired\":true,\"valueName\":\"search_term_string\"}}],\"inLanguage\":\"en-US\"},{\"@type\":\"Person\",\"@id\":\"https:\\\/\\\/akunq.net\\\/tr\\\/#\\\/schema\\\/person\\\/096f1d38a12cce57fb855b485ed24c9e\",\"name\":\"admin\",\"url\":\"https:\\\/\\\/akunq.net\\\/tr\\\/?author=7\"}]}<\/script>\n<!-- \/ Yoast SEO plugin. -->","yoast_head_json":{"title":"Urartular d\u00f6nemi 3 bin y\u0131ll\u0131k kalede restorasyon - Bati Ermenistan Ve Bati Ermenileri Sorunlari Ara\u015ftirmalar Merkezi","robots":{"index":"index","follow":"follow","max-snippet":"max-snippet:-1","max-image-preview":"max-image-preview:large","max-video-preview":"max-video-preview:-1"},"canonical":"https:\/\/akunq.net\/tr\/?p=63575","og_locale":"en_US","og_type":"article","og_title":"Urartular d\u00f6nemi 3 bin y\u0131ll\u0131k kalede restorasyon - Bati Ermenistan Ve Bati Ermenileri Sorunlari Ara\u015ftirmalar Merkezi","og_description":"Bitlis&#8216;in\u00a0Adilcevaz il\u00e7esinde Urartular d\u00f6nemine ait 3 bin y\u0131ll\u0131k tarihi Adilcevaz Kalesi&#8217;nde restorasyon \u00e7al\u0131\u015fmalar\u0131 devam ediyor. Yakla\u015f\u0131k iki ay \u00f6nce ba\u015flayan \u00e7al\u0131\u015fmalarda \u00f6nemli a\u015famalar kaydedildi\u011fini belirten Belediye Ba\u015fkan\u0131 Necati G\u00fcrsoy, bu \u00e7al\u0131\u015fman\u0131n b\u00f6lgeyi cazibe merkezi haline getirece\u011fini s\u00f6yledi.\u00a0 1 Adilcevaz\u0131n giri\u015findeki tepede bulunan Urartular d\u00f6nemine ait 3 bin y\u0131ll\u0131k tarihe sahip olan, T\u00fcrklerin Anadolu&#8217;ya ad\u0131m atmas\u0131yla [&hellip;]","og_url":"https:\/\/akunq.net\/tr\/?p=63575","og_site_name":"Bati Ermenistan Ve Bati Ermenileri Sorunlari Ara\u015ftirmalar Merkezi","article_published_time":"2021-06-30T07:46:05+00:00","og_image":[{"width":640,"height":388,"url":"https:\/\/akunq.net\/tr\/wp-content\/uploads\/sites\/6\/2021\/06\/\u0578\u0582\u0580\u0561\u0580\u057f\u0561\u056f\u0561\u0576-\u0577\u0580\u057b\u0561\u0576\u056b-\u0561\u0574\u0580\u0578\u0581.jpg","type":"image\/jpeg"}],"author":"admin","twitter_card":"summary_large_image","twitter_misc":{"Written by":"admin","Est. reading time":"2 minutes"},"schema":{"@context":"https:\/\/schema.org","@graph":[{"@type":"Article","@id":"https:\/\/akunq.net\/tr\/?p=63575#article","isPartOf":{"@id":"https:\/\/akunq.net\/tr\/?p=63575"},"author":{"name":"admin","@id":"https:\/\/akunq.net\/tr\/#\/schema\/person\/096f1d38a12cce57fb855b485ed24c9e"},"headline":"Urartular d\u00f6nemi 3 bin y\u0131ll\u0131k kalede restorasyon","datePublished":"2021-06-30T07:46:05+00:00","mainEntityOfPage":{"@id":"https:\/\/akunq.net\/tr\/?p=63575"},"wordCount":337,"commentCount":0,"image":{"@id":"https:\/\/akunq.net\/tr\/?p=63575#primaryimage"},"thumbnailUrl":"https:\/\/akunq.net\/tr\/wp-content\/uploads\/sites\/6\/2021\/06\/\u0578\u0582\u0580\u0561\u0580\u057f\u0561\u056f\u0561\u0576-\u0577\u0580\u057b\u0561\u0576\u056b-\u0561\u0574\u0580\u0578\u0581.jpg","articleSection":["Haberler","Kaleler"],"inLanguage":"en-US","potentialAction":[{"@type":"CommentAction","name":"Comment","target":["https:\/\/akunq.net\/tr\/?p=63575#respond"]}]},{"@type":"WebPage","@id":"https:\/\/akunq.net\/tr\/?p=63575","url":"https:\/\/akunq.net\/tr\/?p=63575","name":"Urartular d\u00f6nemi 3 bin y\u0131ll\u0131k kalede restorasyon - Bati Ermenistan Ve Bati Ermenileri Sorunlari Ara\u015ftirmalar Merkezi","isPartOf":{"@id":"https:\/\/akunq.net\/tr\/#website"},"primaryImageOfPage":{"@id":"https:\/\/akunq.net\/tr\/?p=63575#primaryimage"},"image":{"@id":"https:\/\/akunq.net\/tr\/?p=63575#primaryimage"},"thumbnailUrl":"https:\/\/akunq.net\/tr\/wp-content\/uploads\/sites\/6\/2021\/06\/\u0578\u0582\u0580\u0561\u0580\u057f\u0561\u056f\u0561\u0576-\u0577\u0580\u057b\u0561\u0576\u056b-\u0561\u0574\u0580\u0578\u0581.jpg","datePublished":"2021-06-30T07:46:05+00:00","author":{"@id":"https:\/\/akunq.net\/tr\/#\/schema\/person\/096f1d38a12cce57fb855b485ed24c9e"},"breadcrumb":{"@id":"https:\/\/akunq.net\/tr\/?p=63575#breadcrumb"},"inLanguage":"en-US","potentialAction":[{"@type":"ReadAction","target":["https:\/\/akunq.net\/tr\/?p=63575"]}]},{"@type":"ImageObject","inLanguage":"en-US","@id":"https:\/\/akunq.net\/tr\/?p=63575#primaryimage","url":"https:\/\/akunq.net\/tr\/wp-content\/uploads\/sites\/6\/2021\/06\/\u0578\u0582\u0580\u0561\u0580\u057f\u0561\u056f\u0561\u0576-\u0577\u0580\u057b\u0561\u0576\u056b-\u0561\u0574\u0580\u0578\u0581.jpg","contentUrl":"https:\/\/akunq.net\/tr\/wp-content\/uploads\/sites\/6\/2021\/06\/\u0578\u0582\u0580\u0561\u0580\u057f\u0561\u056f\u0561\u0576-\u0577\u0580\u057b\u0561\u0576\u056b-\u0561\u0574\u0580\u0578\u0581.jpg","width":640,"height":388},{"@type":"BreadcrumbList","@id":"https:\/\/akunq.net\/tr\/?p=63575#breadcrumb","itemListElement":[{"@type":"ListItem","position":1,"name":"Home","item":"https:\/\/akunq.net\/tr"},{"@type":"ListItem","position":2,"name":"Urartular d\u00f6nemi 3 bin y\u0131ll\u0131k kalede restorasyon"}]},{"@type":"WebSite","@id":"https:\/\/akunq.net\/tr\/#website","url":"https:\/\/akunq.net\/tr\/","name":"Bati Ermenistan Ve Bati Ermenileri Sorunlari Ara\u015ftirmalar Merkezi","description":"","potentialAction":[{"@type":"SearchAction","target":{"@type":"EntryPoint","urlTemplate":"https:\/\/akunq.net\/tr\/?s={search_term_string}"},"query-input":{"@type":"PropertyValueSpecification","valueRequired":true,"valueName":"search_term_string"}}],"inLanguage":"en-US"},{"@type":"Person","@id":"https:\/\/akunq.net\/tr\/#\/schema\/person\/096f1d38a12cce57fb855b485ed24c9e","name":"admin","url":"https:\/\/akunq.net\/tr\/?author=7"}]}},"_links":{"self":[{"href":"https:\/\/akunq.net\/tr\/index.php?rest_route=\/wp\/v2\/posts\/63575","targetHints":{"allow":["GET"]}}],"collection":[{"href":"https:\/\/akunq.net\/tr\/index.php?rest_route=\/wp\/v2\/posts"}],"about":[{"href":"https:\/\/akunq.net\/tr\/index.php?rest_route=\/wp\/v2\/types\/post"}],"author":[{"embeddable":true,"href":"https:\/\/akunq.net\/tr\/index.php?rest_route=\/wp\/v2\/users\/7"}],"replies":[{"embeddable":true,"href":"https:\/\/akunq.net\/tr\/index.php?rest_route=%2Fwp%2Fv2%2Fcomments&post=63575"}],"version-history":[{"count":1,"href":"https:\/\/akunq.net\/tr\/index.php?rest_route=\/wp\/v2\/posts\/63575\/revisions"}],"predecessor-version":[{"id":63577,"href":"https:\/\/akunq.net\/tr\/index.php?rest_route=\/wp\/v2\/posts\/63575\/revisions\/63577"}],"wp:featuredmedia":[{"embeddable":true,"href":"https:\/\/akunq.net\/tr\/index.php?rest_route=\/wp\/v2\/media\/63576"}],"wp:attachment":[{"href":"https:\/\/akunq.net\/tr\/index.php?rest_route=%2Fwp%2Fv2%2Fmedia&parent=63575"}],"wp:term":[{"taxonomy":"category","embeddable":true,"href":"https:\/\/akunq.net\/tr\/index.php?rest_route=%2Fwp%2Fv2%2Fcategories&post=63575"},{"taxonomy":"post_tag","embeddable":true,"href":"https:\/\/akunq.net\/tr\/index.php?rest_route=%2Fwp%2Fv2%2Ftags&post=63575"}],"curies":[{"name":"wp","href":"https:\/\/api.w.org\/{rel}","templated":true}]}}