{"id":63563,"date":"2021-06-30T02:19:15","date_gmt":"2021-06-30T07:19:15","guid":{"rendered":"https:\/\/akunq.net\/tr\/?p=63563"},"modified":"2021-06-30T02:19:15","modified_gmt":"2021-06-30T07:19:15","slug":"manginas-anisina-fotograf-yarismasi-icin-basvurular-basladi","status":"publish","type":"post","link":"https:\/\/akunq.net\/tr\/?p=63563","title":{"rendered":"Manginas an\u0131s\u0131na foto\u011fraf yar\u0131\u015fmas\u0131 i\u00e7in ba\u015fvurular ba\u015flad\u0131"},"content":{"rendered":"<p><img loading=\"lazy\" decoding=\"async\" class=\"aligncenter size-medium wp-image-63564\" src=\"https:\/\/akunq.net\/tr\/wp-content\/uploads\/2021\/06\/\u0546\u056b\u056f\u0578\u056c\u0561\u057d-\u0544\u0561\u0576\u056f\u056b\u0576\u0561\u057d-270x270.jpg\" alt=\"\" width=\"270\" height=\"270\" srcset=\"https:\/\/akunq.net\/tr\/wp-content\/uploads\/sites\/6\/2021\/06\/\u0546\u056b\u056f\u0578\u056c\u0561\u057d-\u0544\u0561\u0576\u056f\u056b\u0576\u0561\u057d-270x270.jpg 270w, https:\/\/akunq.net\/tr\/wp-content\/uploads\/sites\/6\/2021\/06\/\u0546\u056b\u056f\u0578\u056c\u0561\u057d-\u0544\u0561\u0576\u056f\u056b\u0576\u0561\u057d-150x150.jpg 150w, https:\/\/akunq.net\/tr\/wp-content\/uploads\/sites\/6\/2021\/06\/\u0546\u056b\u056f\u0578\u056c\u0561\u057d-\u0544\u0561\u0576\u056f\u056b\u0576\u0561\u057d-768x768.jpg 768w, https:\/\/akunq.net\/tr\/wp-content\/uploads\/sites\/6\/2021\/06\/\u0546\u056b\u056f\u0578\u056c\u0561\u057d-\u0544\u0561\u0576\u056f\u056b\u0576\u0561\u057d-560x560.jpg 560w, https:\/\/akunq.net\/tr\/wp-content\/uploads\/sites\/6\/2021\/06\/\u0546\u056b\u056f\u0578\u056c\u0561\u057d-\u0544\u0561\u0576\u056f\u056b\u0576\u0561\u057d-260x260.jpg 260w, https:\/\/akunq.net\/tr\/wp-content\/uploads\/sites\/6\/2021\/06\/\u0546\u056b\u056f\u0578\u056c\u0561\u057d-\u0544\u0561\u0576\u056f\u056b\u0576\u0561\u057d-160x160.jpg 160w, https:\/\/akunq.net\/tr\/wp-content\/uploads\/sites\/6\/2021\/06\/\u0546\u056b\u056f\u0578\u056c\u0561\u057d-\u0544\u0561\u0576\u056f\u056b\u0576\u0561\u057d.jpg 1080w\" sizes=\"auto, (max-width: 270px) 100vw, 270px\" \/><\/p>\n<p><em><strong>Nisan ay\u0131nda hayat\u0131n\u0131 kaybeden gazeteci ve foto\u011fraf\u00e7\u0131 Nikolaos Manginas ad\u0131na foto\u011fraf\u00e7\u0131l\u0131k yar\u0131\u015fmas\u0131 d\u00fczenleniyor. Yenik\u00f6y Panayia Rum Ortodoks Vakf\u0131\u2019n\u0131n giri\u015fimiyle d\u00fczenlenen yar\u0131\u015fman\u0131n konusu &#8216;Biz ve Geleneklerimiz\u2019 olarak belirlendi.<\/strong><\/em><\/p>\n<p>K\u00fclt\u00fcrlerin birlikteli\u011fi ve ortak ya\u015fama bi\u00e7imlerinin geni\u015f topluma yans\u0131t\u0131lmas\u0131 ve payla\u015f\u0131lmas\u0131n\u0131 ama\u00e7 edinen yar\u0131\u015fmada, Manginas\u2019\u0131n \u00e7al\u0131\u015fma de\u011ferleri ve disiplini esas al\u0131narak, bu y\u00f6nde eser \u00fcreten foto\u011fraf\u00e7\u0131lar\u0131n kat\u0131l\u0131m\u0131 hedefleniyor.<\/p>\n<p>Yenik\u00f6y Panayia Rum Ortodoks Kilisesi ve Mektebi taraf\u0131ndan T\u00fcrkiye Foto\u011fraf Sanat\u0131 Federasyonu (TFSF) deste\u011fiyle yap\u0131lacak yar\u0131\u015fma i\u00e7in ba\u015fvurular 15 Haziran itibariyle ba\u015flad\u0131. Ba\u015fvuru i\u00e7in son tarihiyse 1 Aral\u0131k. Sonu\u00e7lar 21 Aral\u0131k\u2019ta a\u00e7\u0131klanacak.<\/p>\n<p>Yar\u0131\u015fman\u0131n se\u00e7ici kurulunda Co\u015fkun Aral, \u0130zzet Keribar, Alberto Modiano, Berge Arabian, Emine \u00dclkerim, M\u0131g\u0131rdi\u00e7 Arzivyan ve Yorgo Demir yer al\u0131yor.<\/p>\n<p>Yar\u0131\u015fman\u0131n \u00f6d\u00fclleri de belli oldu. Buna g\u00f6re yar\u0131\u015fma birincisi 7500 TL, ikincisi 5 bin TL, \u00fc\u00e7\u00fcnc\u00fcs\u00fc 2500 TL para \u00f6d\u00fcl\u00fcne lay\u0131k g\u00f6r\u00fclecek. J\u00fcri \u00d6zel \u00d6d\u00fcl\u00fc\u2019n\u00fc kazanan da 2 bin TL\u2019lik hediye \u00e7ekinin sahibi olacak. Ayr\u0131ca yar\u0131\u015fmada \u00fc\u00e7 adet de 500\u2019er TL\u2019lik mansiyon \u00f6d\u00fcl\u00fc verilecek. Toplam 30 eserin yer alaca\u011f\u0131 bir serginin de d\u00fczenlenece\u011fi yar\u0131\u015fmada, foto\u011fraflar\u0131 sergilenen sanat\u00e7\u0131laraysa 250\u2019\u015fer TL da\u011f\u0131t\u0131lacak.<\/p>\n<p>Yar\u0131\u015fma detaylar\u0131na bizvegeleneklerimiz.org sitesinden ula\u015f\u0131labilir.<\/p>\n<p><em><strong>http:\/\/www.agos.com.tr\/tr\/yazi\/25833\/manginas-anisina-fotograf-yarismasi-icin-basvurular-basladi\u00a0<\/strong><\/em><\/p>\n","protected":false},"excerpt":{"rendered":"<p>Nisan ay\u0131nda hayat\u0131n\u0131 kaybeden gazeteci ve foto\u011fraf\u00e7\u0131 Nikolaos Manginas ad\u0131na foto\u011fraf\u00e7\u0131l\u0131k yar\u0131\u015fmas\u0131 d\u00fczenleniyor. Yenik\u00f6y Panayia Rum Ortodoks Vakf\u0131\u2019n\u0131n giri\u015fimiyle d\u00fczenlenen yar\u0131\u015fman\u0131n konusu &#8216;Biz ve Geleneklerimiz\u2019 olarak belirlendi. K\u00fclt\u00fcrlerin birlikteli\u011fi ve ortak ya\u015fama bi\u00e7imlerinin geni\u015f topluma yans\u0131t\u0131lmas\u0131 ve payla\u015f\u0131lmas\u0131n\u0131 ama\u00e7 edinen yar\u0131\u015fmada, Manginas\u2019\u0131n \u00e7al\u0131\u015fma de\u011ferleri ve disiplini esas al\u0131narak, bu y\u00f6nde eser \u00fcreten foto\u011fraf\u00e7\u0131lar\u0131n kat\u0131l\u0131m\u0131 hedefleniyor. [&hellip;]<\/p>\n","protected":false},"author":7,"featured_media":63564,"comment_status":"open","ping_status":"open","sticky":false,"template":"","format":"standard","meta":{"footnotes":""},"categories":[1],"tags":[],"class_list":["post-63563","post","type-post","status-publish","format-standard","has-post-thumbnail","hentry","category-haberler"],"yoast_head":"<!-- This site is optimized with the Yoast SEO plugin v27.4 - https:\/\/yoast.com\/product\/yoast-seo-wordpress\/ -->\n<title>Manginas an\u0131s\u0131na foto\u011fraf yar\u0131\u015fmas\u0131 i\u00e7in ba\u015fvurular ba\u015flad\u0131 - Bati Ermenistan Ve Bati Ermenileri Sorunlari Ara\u015ftirmalar Merkezi<\/title>\n<meta name=\"robots\" content=\"index, follow, max-snippet:-1, max-image-preview:large, max-video-preview:-1\" \/>\n<link rel=\"canonical\" href=\"https:\/\/akunq.net\/tr\/?p=63563\" \/>\n<meta property=\"og:locale\" content=\"en_US\" \/>\n<meta property=\"og:type\" content=\"article\" \/>\n<meta property=\"og:title\" content=\"Manginas an\u0131s\u0131na foto\u011fraf yar\u0131\u015fmas\u0131 i\u00e7in ba\u015fvurular ba\u015flad\u0131 - Bati Ermenistan Ve Bati Ermenileri Sorunlari Ara\u015ftirmalar Merkezi\" \/>\n<meta property=\"og:description\" content=\"Nisan ay\u0131nda hayat\u0131n\u0131 kaybeden gazeteci ve foto\u011fraf\u00e7\u0131 Nikolaos Manginas ad\u0131na foto\u011fraf\u00e7\u0131l\u0131k yar\u0131\u015fmas\u0131 d\u00fczenleniyor. Yenik\u00f6y Panayia Rum Ortodoks Vakf\u0131\u2019n\u0131n giri\u015fimiyle d\u00fczenlenen yar\u0131\u015fman\u0131n konusu &#8216;Biz ve Geleneklerimiz\u2019 olarak belirlendi. K\u00fclt\u00fcrlerin birlikteli\u011fi ve ortak ya\u015fama bi\u00e7imlerinin geni\u015f topluma yans\u0131t\u0131lmas\u0131 ve payla\u015f\u0131lmas\u0131n\u0131 ama\u00e7 edinen yar\u0131\u015fmada, Manginas\u2019\u0131n \u00e7al\u0131\u015fma de\u011ferleri ve disiplini esas al\u0131narak, bu y\u00f6nde eser \u00fcreten foto\u011fraf\u00e7\u0131lar\u0131n kat\u0131l\u0131m\u0131 hedefleniyor. [&hellip;]\" \/>\n<meta property=\"og:url\" content=\"https:\/\/akunq.net\/tr\/?p=63563\" \/>\n<meta property=\"og:site_name\" content=\"Bati Ermenistan Ve Bati Ermenileri Sorunlari Ara\u015ftirmalar Merkezi\" \/>\n<meta property=\"article:published_time\" content=\"2021-06-30T07:19:15+00:00\" \/>\n<meta property=\"og:image\" content=\"https:\/\/akunq.net\/tr\/wp-content\/uploads\/sites\/6\/2021\/06\/\u0546\u056b\u056f\u0578\u056c\u0561\u057d-\u0544\u0561\u0576\u056f\u056b\u0576\u0561\u057d.jpg\" \/>\n\t<meta property=\"og:image:width\" content=\"1080\" \/>\n\t<meta property=\"og:image:height\" content=\"1080\" \/>\n\t<meta property=\"og:image:type\" content=\"image\/jpeg\" \/>\n<meta name=\"author\" content=\"admin\" \/>\n<meta name=\"twitter:card\" content=\"summary_large_image\" \/>\n<meta name=\"twitter:label1\" content=\"Written by\" \/>\n\t<meta name=\"twitter:data1\" content=\"admin\" \/>\n\t<meta name=\"twitter:label2\" content=\"Est. reading time\" \/>\n\t<meta name=\"twitter:data2\" content=\"1 minute\" \/>\n<script type=\"application\/ld+json\" class=\"yoast-schema-graph\">{\"@context\":\"https:\\\/\\\/schema.org\",\"@graph\":[{\"@type\":\"Article\",\"@id\":\"https:\\\/\\\/akunq.net\\\/tr\\\/?p=63563#article\",\"isPartOf\":{\"@id\":\"https:\\\/\\\/akunq.net\\\/tr\\\/?p=63563\"},\"author\":{\"name\":\"admin\",\"@id\":\"https:\\\/\\\/akunq.net\\\/tr\\\/#\\\/schema\\\/person\\\/096f1d38a12cce57fb855b485ed24c9e\"},\"headline\":\"Manginas an\u0131s\u0131na foto\u011fraf yar\u0131\u015fmas\u0131 i\u00e7in ba\u015fvurular ba\u015flad\u0131\",\"datePublished\":\"2021-06-30T07:19:15+00:00\",\"mainEntityOfPage\":{\"@id\":\"https:\\\/\\\/akunq.net\\\/tr\\\/?p=63563\"},\"wordCount\":275,\"commentCount\":0,\"image\":{\"@id\":\"https:\\\/\\\/akunq.net\\\/tr\\\/?p=63563#primaryimage\"},\"thumbnailUrl\":\"https:\\\/\\\/akunq.net\\\/tr\\\/wp-content\\\/uploads\\\/sites\\\/6\\\/2021\\\/06\\\/\u0546\u056b\u056f\u0578\u056c\u0561\u057d-\u0544\u0561\u0576\u056f\u056b\u0576\u0561\u057d.jpg\",\"articleSection\":[\"Haberler\"],\"inLanguage\":\"en-US\",\"potentialAction\":[{\"@type\":\"CommentAction\",\"name\":\"Comment\",\"target\":[\"https:\\\/\\\/akunq.net\\\/tr\\\/?p=63563#respond\"]}]},{\"@type\":\"WebPage\",\"@id\":\"https:\\\/\\\/akunq.net\\\/tr\\\/?p=63563\",\"url\":\"https:\\\/\\\/akunq.net\\\/tr\\\/?p=63563\",\"name\":\"Manginas an\u0131s\u0131na foto\u011fraf yar\u0131\u015fmas\u0131 i\u00e7in ba\u015fvurular ba\u015flad\u0131 - Bati Ermenistan Ve Bati Ermenileri Sorunlari Ara\u015ftirmalar Merkezi\",\"isPartOf\":{\"@id\":\"https:\\\/\\\/akunq.net\\\/tr\\\/#website\"},\"primaryImageOfPage\":{\"@id\":\"https:\\\/\\\/akunq.net\\\/tr\\\/?p=63563#primaryimage\"},\"image\":{\"@id\":\"https:\\\/\\\/akunq.net\\\/tr\\\/?p=63563#primaryimage\"},\"thumbnailUrl\":\"https:\\\/\\\/akunq.net\\\/tr\\\/wp-content\\\/uploads\\\/sites\\\/6\\\/2021\\\/06\\\/\u0546\u056b\u056f\u0578\u056c\u0561\u057d-\u0544\u0561\u0576\u056f\u056b\u0576\u0561\u057d.jpg\",\"datePublished\":\"2021-06-30T07:19:15+00:00\",\"author\":{\"@id\":\"https:\\\/\\\/akunq.net\\\/tr\\\/#\\\/schema\\\/person\\\/096f1d38a12cce57fb855b485ed24c9e\"},\"breadcrumb\":{\"@id\":\"https:\\\/\\\/akunq.net\\\/tr\\\/?p=63563#breadcrumb\"},\"inLanguage\":\"en-US\",\"potentialAction\":[{\"@type\":\"ReadAction\",\"target\":[\"https:\\\/\\\/akunq.net\\\/tr\\\/?p=63563\"]}]},{\"@type\":\"ImageObject\",\"inLanguage\":\"en-US\",\"@id\":\"https:\\\/\\\/akunq.net\\\/tr\\\/?p=63563#primaryimage\",\"url\":\"https:\\\/\\\/akunq.net\\\/tr\\\/wp-content\\\/uploads\\\/sites\\\/6\\\/2021\\\/06\\\/\u0546\u056b\u056f\u0578\u056c\u0561\u057d-\u0544\u0561\u0576\u056f\u056b\u0576\u0561\u057d.jpg\",\"contentUrl\":\"https:\\\/\\\/akunq.net\\\/tr\\\/wp-content\\\/uploads\\\/sites\\\/6\\\/2021\\\/06\\\/\u0546\u056b\u056f\u0578\u056c\u0561\u057d-\u0544\u0561\u0576\u056f\u056b\u0576\u0561\u057d.jpg\",\"width\":1080,\"height\":1080},{\"@type\":\"BreadcrumbList\",\"@id\":\"https:\\\/\\\/akunq.net\\\/tr\\\/?p=63563#breadcrumb\",\"itemListElement\":[{\"@type\":\"ListItem\",\"position\":1,\"name\":\"Home\",\"item\":\"https:\\\/\\\/akunq.net\\\/tr\"},{\"@type\":\"ListItem\",\"position\":2,\"name\":\"Manginas an\u0131s\u0131na foto\u011fraf yar\u0131\u015fmas\u0131 i\u00e7in ba\u015fvurular ba\u015flad\u0131\"}]},{\"@type\":\"WebSite\",\"@id\":\"https:\\\/\\\/akunq.net\\\/tr\\\/#website\",\"url\":\"https:\\\/\\\/akunq.net\\\/tr\\\/\",\"name\":\"Bati Ermenistan Ve Bati Ermenileri Sorunlari Ara\u015ftirmalar Merkezi\",\"description\":\"\",\"potentialAction\":[{\"@type\":\"SearchAction\",\"target\":{\"@type\":\"EntryPoint\",\"urlTemplate\":\"https:\\\/\\\/akunq.net\\\/tr\\\/?s={search_term_string}\"},\"query-input\":{\"@type\":\"PropertyValueSpecification\",\"valueRequired\":true,\"valueName\":\"search_term_string\"}}],\"inLanguage\":\"en-US\"},{\"@type\":\"Person\",\"@id\":\"https:\\\/\\\/akunq.net\\\/tr\\\/#\\\/schema\\\/person\\\/096f1d38a12cce57fb855b485ed24c9e\",\"name\":\"admin\",\"url\":\"https:\\\/\\\/akunq.net\\\/tr\\\/?author=7\"}]}<\/script>\n<!-- \/ Yoast SEO plugin. -->","yoast_head_json":{"title":"Manginas an\u0131s\u0131na foto\u011fraf yar\u0131\u015fmas\u0131 i\u00e7in ba\u015fvurular ba\u015flad\u0131 - Bati Ermenistan Ve Bati Ermenileri Sorunlari Ara\u015ftirmalar Merkezi","robots":{"index":"index","follow":"follow","max-snippet":"max-snippet:-1","max-image-preview":"max-image-preview:large","max-video-preview":"max-video-preview:-1"},"canonical":"https:\/\/akunq.net\/tr\/?p=63563","og_locale":"en_US","og_type":"article","og_title":"Manginas an\u0131s\u0131na foto\u011fraf yar\u0131\u015fmas\u0131 i\u00e7in ba\u015fvurular ba\u015flad\u0131 - Bati Ermenistan Ve Bati Ermenileri Sorunlari Ara\u015ftirmalar Merkezi","og_description":"Nisan ay\u0131nda hayat\u0131n\u0131 kaybeden gazeteci ve foto\u011fraf\u00e7\u0131 Nikolaos Manginas ad\u0131na foto\u011fraf\u00e7\u0131l\u0131k yar\u0131\u015fmas\u0131 d\u00fczenleniyor. Yenik\u00f6y Panayia Rum Ortodoks Vakf\u0131\u2019n\u0131n giri\u015fimiyle d\u00fczenlenen yar\u0131\u015fman\u0131n konusu &#8216;Biz ve Geleneklerimiz\u2019 olarak belirlendi. K\u00fclt\u00fcrlerin birlikteli\u011fi ve ortak ya\u015fama bi\u00e7imlerinin geni\u015f topluma yans\u0131t\u0131lmas\u0131 ve payla\u015f\u0131lmas\u0131n\u0131 ama\u00e7 edinen yar\u0131\u015fmada, Manginas\u2019\u0131n \u00e7al\u0131\u015fma de\u011ferleri ve disiplini esas al\u0131narak, bu y\u00f6nde eser \u00fcreten foto\u011fraf\u00e7\u0131lar\u0131n kat\u0131l\u0131m\u0131 hedefleniyor. [&hellip;]","og_url":"https:\/\/akunq.net\/tr\/?p=63563","og_site_name":"Bati Ermenistan Ve Bati Ermenileri Sorunlari Ara\u015ftirmalar Merkezi","article_published_time":"2021-06-30T07:19:15+00:00","og_image":[{"width":1080,"height":1080,"url":"https:\/\/akunq.net\/tr\/wp-content\/uploads\/sites\/6\/2021\/06\/\u0546\u056b\u056f\u0578\u056c\u0561\u057d-\u0544\u0561\u0576\u056f\u056b\u0576\u0561\u057d.jpg","type":"image\/jpeg"}],"author":"admin","twitter_card":"summary_large_image","twitter_misc":{"Written by":"admin","Est. reading time":"1 minute"},"schema":{"@context":"https:\/\/schema.org","@graph":[{"@type":"Article","@id":"https:\/\/akunq.net\/tr\/?p=63563#article","isPartOf":{"@id":"https:\/\/akunq.net\/tr\/?p=63563"},"author":{"name":"admin","@id":"https:\/\/akunq.net\/tr\/#\/schema\/person\/096f1d38a12cce57fb855b485ed24c9e"},"headline":"Manginas an\u0131s\u0131na foto\u011fraf yar\u0131\u015fmas\u0131 i\u00e7in ba\u015fvurular ba\u015flad\u0131","datePublished":"2021-06-30T07:19:15+00:00","mainEntityOfPage":{"@id":"https:\/\/akunq.net\/tr\/?p=63563"},"wordCount":275,"commentCount":0,"image":{"@id":"https:\/\/akunq.net\/tr\/?p=63563#primaryimage"},"thumbnailUrl":"https:\/\/akunq.net\/tr\/wp-content\/uploads\/sites\/6\/2021\/06\/\u0546\u056b\u056f\u0578\u056c\u0561\u057d-\u0544\u0561\u0576\u056f\u056b\u0576\u0561\u057d.jpg","articleSection":["Haberler"],"inLanguage":"en-US","potentialAction":[{"@type":"CommentAction","name":"Comment","target":["https:\/\/akunq.net\/tr\/?p=63563#respond"]}]},{"@type":"WebPage","@id":"https:\/\/akunq.net\/tr\/?p=63563","url":"https:\/\/akunq.net\/tr\/?p=63563","name":"Manginas an\u0131s\u0131na foto\u011fraf yar\u0131\u015fmas\u0131 i\u00e7in ba\u015fvurular ba\u015flad\u0131 - Bati Ermenistan Ve Bati Ermenileri Sorunlari Ara\u015ftirmalar Merkezi","isPartOf":{"@id":"https:\/\/akunq.net\/tr\/#website"},"primaryImageOfPage":{"@id":"https:\/\/akunq.net\/tr\/?p=63563#primaryimage"},"image":{"@id":"https:\/\/akunq.net\/tr\/?p=63563#primaryimage"},"thumbnailUrl":"https:\/\/akunq.net\/tr\/wp-content\/uploads\/sites\/6\/2021\/06\/\u0546\u056b\u056f\u0578\u056c\u0561\u057d-\u0544\u0561\u0576\u056f\u056b\u0576\u0561\u057d.jpg","datePublished":"2021-06-30T07:19:15+00:00","author":{"@id":"https:\/\/akunq.net\/tr\/#\/schema\/person\/096f1d38a12cce57fb855b485ed24c9e"},"breadcrumb":{"@id":"https:\/\/akunq.net\/tr\/?p=63563#breadcrumb"},"inLanguage":"en-US","potentialAction":[{"@type":"ReadAction","target":["https:\/\/akunq.net\/tr\/?p=63563"]}]},{"@type":"ImageObject","inLanguage":"en-US","@id":"https:\/\/akunq.net\/tr\/?p=63563#primaryimage","url":"https:\/\/akunq.net\/tr\/wp-content\/uploads\/sites\/6\/2021\/06\/\u0546\u056b\u056f\u0578\u056c\u0561\u057d-\u0544\u0561\u0576\u056f\u056b\u0576\u0561\u057d.jpg","contentUrl":"https:\/\/akunq.net\/tr\/wp-content\/uploads\/sites\/6\/2021\/06\/\u0546\u056b\u056f\u0578\u056c\u0561\u057d-\u0544\u0561\u0576\u056f\u056b\u0576\u0561\u057d.jpg","width":1080,"height":1080},{"@type":"BreadcrumbList","@id":"https:\/\/akunq.net\/tr\/?p=63563#breadcrumb","itemListElement":[{"@type":"ListItem","position":1,"name":"Home","item":"https:\/\/akunq.net\/tr"},{"@type":"ListItem","position":2,"name":"Manginas an\u0131s\u0131na foto\u011fraf yar\u0131\u015fmas\u0131 i\u00e7in ba\u015fvurular ba\u015flad\u0131"}]},{"@type":"WebSite","@id":"https:\/\/akunq.net\/tr\/#website","url":"https:\/\/akunq.net\/tr\/","name":"Bati Ermenistan Ve Bati Ermenileri Sorunlari Ara\u015ftirmalar Merkezi","description":"","potentialAction":[{"@type":"SearchAction","target":{"@type":"EntryPoint","urlTemplate":"https:\/\/akunq.net\/tr\/?s={search_term_string}"},"query-input":{"@type":"PropertyValueSpecification","valueRequired":true,"valueName":"search_term_string"}}],"inLanguage":"en-US"},{"@type":"Person","@id":"https:\/\/akunq.net\/tr\/#\/schema\/person\/096f1d38a12cce57fb855b485ed24c9e","name":"admin","url":"https:\/\/akunq.net\/tr\/?author=7"}]}},"_links":{"self":[{"href":"https:\/\/akunq.net\/tr\/index.php?rest_route=\/wp\/v2\/posts\/63563","targetHints":{"allow":["GET"]}}],"collection":[{"href":"https:\/\/akunq.net\/tr\/index.php?rest_route=\/wp\/v2\/posts"}],"about":[{"href":"https:\/\/akunq.net\/tr\/index.php?rest_route=\/wp\/v2\/types\/post"}],"author":[{"embeddable":true,"href":"https:\/\/akunq.net\/tr\/index.php?rest_route=\/wp\/v2\/users\/7"}],"replies":[{"embeddable":true,"href":"https:\/\/akunq.net\/tr\/index.php?rest_route=%2Fwp%2Fv2%2Fcomments&post=63563"}],"version-history":[{"count":1,"href":"https:\/\/akunq.net\/tr\/index.php?rest_route=\/wp\/v2\/posts\/63563\/revisions"}],"predecessor-version":[{"id":63565,"href":"https:\/\/akunq.net\/tr\/index.php?rest_route=\/wp\/v2\/posts\/63563\/revisions\/63565"}],"wp:featuredmedia":[{"embeddable":true,"href":"https:\/\/akunq.net\/tr\/index.php?rest_route=\/wp\/v2\/media\/63564"}],"wp:attachment":[{"href":"https:\/\/akunq.net\/tr\/index.php?rest_route=%2Fwp%2Fv2%2Fmedia&parent=63563"}],"wp:term":[{"taxonomy":"category","embeddable":true,"href":"https:\/\/akunq.net\/tr\/index.php?rest_route=%2Fwp%2Fv2%2Fcategories&post=63563"},{"taxonomy":"post_tag","embeddable":true,"href":"https:\/\/akunq.net\/tr\/index.php?rest_route=%2Fwp%2Fv2%2Ftags&post=63563"}],"curies":[{"name":"wp","href":"https:\/\/api.w.org\/{rel}","templated":true}]}}