{"id":63550,"date":"2021-06-29T04:40:25","date_gmt":"2021-06-29T09:40:25","guid":{"rendered":"https:\/\/akunq.net\/tr\/?p=63550"},"modified":"2021-06-29T04:40:25","modified_gmt":"2021-06-29T09:40:25","slug":"hatayda-st-pierre-aziz-petrus-ve-pavlus-bayrami-ayini","status":"publish","type":"post","link":"https:\/\/akunq.net\/tr\/?p=63550","title":{"rendered":"Hatay\u2019da St. Pierre Aziz Petrus ve Pavlus Bayram\u0131 ayini"},"content":{"rendered":"<p><img loading=\"lazy\" decoding=\"async\" class=\"aligncenter size-medium wp-image-63551\" src=\"https:\/\/akunq.net\/tr\/wp-content\/uploads\/2021\/06\/Hatay\u2019da-St.-Pierre-Aziz-Petrus-ve-Pavlus-Bayram\u0131-360x218.jpeg\" alt=\"\" width=\"360\" height=\"218\" srcset=\"https:\/\/akunq.net\/tr\/wp-content\/uploads\/sites\/6\/2021\/06\/Hatay\u2019da-St.-Pierre-Aziz-Petrus-ve-Pavlus-Bayram\u0131-360x218.jpeg 360w, https:\/\/akunq.net\/tr\/wp-content\/uploads\/sites\/6\/2021\/06\/Hatay\u2019da-St.-Pierre-Aziz-Petrus-ve-Pavlus-Bayram\u0131-560x340.jpeg 560w, https:\/\/akunq.net\/tr\/wp-content\/uploads\/sites\/6\/2021\/06\/Hatay\u2019da-St.-Pierre-Aziz-Petrus-ve-Pavlus-Bayram\u0131-260x158.jpeg 260w, https:\/\/akunq.net\/tr\/wp-content\/uploads\/sites\/6\/2021\/06\/Hatay\u2019da-St.-Pierre-Aziz-Petrus-ve-Pavlus-Bayram\u0131-160x97.jpeg 160w, https:\/\/akunq.net\/tr\/wp-content\/uploads\/sites\/6\/2021\/06\/Hatay\u2019da-St.-Pierre-Aziz-Petrus-ve-Pavlus-Bayram\u0131.jpeg 640w\" sizes=\"auto, (max-width: 360px) 100vw, 360px\" \/><\/p>\n<p><em><strong>Hatay\u2019da St.Pierre Aziz Petrus ve Pavlus Bayram\u0131 nedeniyle Antakya Ortodoks Kilisesi\u2019nde\u00a0d\u00fczenlenen ayinde, ilahiler ve \u0130ncil\u2019den b\u00f6l\u00fcmler okundu.\u00a0\u00a0<\/strong><\/em><\/p>\n<p>St. Pierre Aziz Petrus ve Pavlus Bayram\u0131 kutlamalar\u0131 kapsam\u0131nda Antakya Ortodoks Kilisesi\u2019nde ayin d\u00fczenlendi.<\/p>\n<figure class=\"wp-block-image\"><img decoding=\"async\" src=\"https:\/\/i1.wp.com\/cdn-photo.pivol.com\/15648\/imgs\/280620212146520762669.jpg?ssl=1\" alt=\"\" data-recalc-dims=\"1\" \/><\/figure>\n<p>Ortodoks Kilisesi ruhani liderlerinden Dimitri Do\u011fum ve Jan Dell\u00fcler\u2019in y\u00f6netti\u011fi ayinde, il\u00e7elerden gelen dini liderler ile birlikte ilahi ve \u0130ncil\u2019den b\u00f6l\u00fcmler okudu. Pandemi kurallar\u0131 \u00e7er\u00e7evesinde d\u00fczenlenen ayinde, dualar edildi. H\u0131ristiyan vatanda\u015flar\u0131n mum yakarak dilekte bulundu\u011fu ayin sonunda kilise bah\u00e7esinde kokteyl verildi.<\/p>\n<p><strong><em>\u0130zzet NAZLI\/HATAY, (DHA)\u00a0\u00a0<\/em><\/strong><\/p>\n<p><strong><em><a href=\"https:\/\/www.dha.com.tr\/yurt\/hatayda-st-pierre-aziz-petrus-ve-pavlus-bayrami-ayini\/haber-1834681\">https:\/\/www.dha.com.tr\/yurt\/hatayda-st-pierre-aziz-petrus-ve-pavlus-bayrami-ayini\/haber-1834681<\/a>\u00a0<\/em><\/strong><\/p>\n","protected":false},"excerpt":{"rendered":"<p>Hatay\u2019da St.Pierre Aziz Petrus ve Pavlus Bayram\u0131 nedeniyle Antakya Ortodoks Kilisesi\u2019nde\u00a0d\u00fczenlenen ayinde, ilahiler ve \u0130ncil\u2019den b\u00f6l\u00fcmler okundu.\u00a0\u00a0 St. Pierre Aziz Petrus ve Pavlus Bayram\u0131 kutlamalar\u0131 kapsam\u0131nda Antakya Ortodoks Kilisesi\u2019nde ayin d\u00fczenlendi. Ortodoks Kilisesi ruhani liderlerinden Dimitri Do\u011fum ve Jan Dell\u00fcler\u2019in y\u00f6netti\u011fi ayinde, il\u00e7elerden gelen dini liderler ile birlikte ilahi ve \u0130ncil\u2019den b\u00f6l\u00fcmler okudu. Pandemi kurallar\u0131 [&hellip;]<\/p>\n","protected":false},"author":7,"featured_media":63551,"comment_status":"open","ping_status":"open","sticky":false,"template":"","format":"standard","meta":{"footnotes":""},"categories":[1],"tags":[],"class_list":["post-63550","post","type-post","status-publish","format-standard","has-post-thumbnail","hentry","category-haberler"],"yoast_head":"<!-- This site is optimized with the Yoast SEO plugin v27.4 - https:\/\/yoast.com\/product\/yoast-seo-wordpress\/ -->\n<title>Hatay\u2019da St. Pierre Aziz Petrus ve Pavlus Bayram\u0131 ayini - Bati Ermenistan Ve Bati Ermenileri Sorunlari Ara\u015ftirmalar Merkezi<\/title>\n<meta name=\"robots\" content=\"index, follow, max-snippet:-1, max-image-preview:large, max-video-preview:-1\" \/>\n<link rel=\"canonical\" href=\"https:\/\/akunq.net\/tr\/?p=63550\" \/>\n<meta property=\"og:locale\" content=\"en_US\" \/>\n<meta property=\"og:type\" content=\"article\" \/>\n<meta property=\"og:title\" content=\"Hatay\u2019da St. Pierre Aziz Petrus ve Pavlus Bayram\u0131 ayini - Bati Ermenistan Ve Bati Ermenileri Sorunlari Ara\u015ftirmalar Merkezi\" \/>\n<meta property=\"og:description\" content=\"Hatay\u2019da St.Pierre Aziz Petrus ve Pavlus Bayram\u0131 nedeniyle Antakya Ortodoks Kilisesi\u2019nde\u00a0d\u00fczenlenen ayinde, ilahiler ve \u0130ncil\u2019den b\u00f6l\u00fcmler okundu.\u00a0\u00a0 St. Pierre Aziz Petrus ve Pavlus Bayram\u0131 kutlamalar\u0131 kapsam\u0131nda Antakya Ortodoks Kilisesi\u2019nde ayin d\u00fczenlendi. Ortodoks Kilisesi ruhani liderlerinden Dimitri Do\u011fum ve Jan Dell\u00fcler\u2019in y\u00f6netti\u011fi ayinde, il\u00e7elerden gelen dini liderler ile birlikte ilahi ve \u0130ncil\u2019den b\u00f6l\u00fcmler okudu. Pandemi kurallar\u0131 [&hellip;]\" \/>\n<meta property=\"og:url\" content=\"https:\/\/akunq.net\/tr\/?p=63550\" \/>\n<meta property=\"og:site_name\" content=\"Bati Ermenistan Ve Bati Ermenileri Sorunlari Ara\u015ftirmalar Merkezi\" \/>\n<meta property=\"article:published_time\" content=\"2021-06-29T09:40:25+00:00\" \/>\n<meta property=\"og:image\" content=\"https:\/\/akunq.net\/tr\/wp-content\/uploads\/sites\/6\/2021\/06\/Hatay\u2019da-St.-Pierre-Aziz-Petrus-ve-Pavlus-Bayram\u0131.jpeg\" \/>\n\t<meta property=\"og:image:width\" content=\"640\" \/>\n\t<meta property=\"og:image:height\" content=\"388\" \/>\n\t<meta property=\"og:image:type\" content=\"image\/jpeg\" \/>\n<meta name=\"author\" content=\"admin\" \/>\n<meta name=\"twitter:card\" content=\"summary_large_image\" \/>\n<meta name=\"twitter:label1\" content=\"Written by\" \/>\n\t<meta name=\"twitter:data1\" content=\"admin\" \/>\n\t<meta name=\"twitter:label2\" content=\"Est. reading time\" \/>\n\t<meta name=\"twitter:data2\" content=\"1 minute\" \/>\n<script type=\"application\/ld+json\" class=\"yoast-schema-graph\">{\"@context\":\"https:\\\/\\\/schema.org\",\"@graph\":[{\"@type\":\"Article\",\"@id\":\"https:\\\/\\\/akunq.net\\\/tr\\\/?p=63550#article\",\"isPartOf\":{\"@id\":\"https:\\\/\\\/akunq.net\\\/tr\\\/?p=63550\"},\"author\":{\"name\":\"admin\",\"@id\":\"https:\\\/\\\/akunq.net\\\/tr\\\/#\\\/schema\\\/person\\\/096f1d38a12cce57fb855b485ed24c9e\"},\"headline\":\"Hatay\u2019da St. Pierre Aziz Petrus ve Pavlus Bayram\u0131 ayini\",\"datePublished\":\"2021-06-29T09:40:25+00:00\",\"mainEntityOfPage\":{\"@id\":\"https:\\\/\\\/akunq.net\\\/tr\\\/?p=63550\"},\"wordCount\":121,\"commentCount\":0,\"image\":{\"@id\":\"https:\\\/\\\/akunq.net\\\/tr\\\/?p=63550#primaryimage\"},\"thumbnailUrl\":\"https:\\\/\\\/akunq.net\\\/tr\\\/wp-content\\\/uploads\\\/sites\\\/6\\\/2021\\\/06\\\/Hatay\u2019da-St.-Pierre-Aziz-Petrus-ve-Pavlus-Bayram\u0131.jpeg\",\"articleSection\":[\"Haberler\"],\"inLanguage\":\"en-US\",\"potentialAction\":[{\"@type\":\"CommentAction\",\"name\":\"Comment\",\"target\":[\"https:\\\/\\\/akunq.net\\\/tr\\\/?p=63550#respond\"]}]},{\"@type\":\"WebPage\",\"@id\":\"https:\\\/\\\/akunq.net\\\/tr\\\/?p=63550\",\"url\":\"https:\\\/\\\/akunq.net\\\/tr\\\/?p=63550\",\"name\":\"Hatay\u2019da St. Pierre Aziz Petrus ve Pavlus Bayram\u0131 ayini - Bati Ermenistan Ve Bati Ermenileri Sorunlari Ara\u015ftirmalar Merkezi\",\"isPartOf\":{\"@id\":\"https:\\\/\\\/akunq.net\\\/tr\\\/#website\"},\"primaryImageOfPage\":{\"@id\":\"https:\\\/\\\/akunq.net\\\/tr\\\/?p=63550#primaryimage\"},\"image\":{\"@id\":\"https:\\\/\\\/akunq.net\\\/tr\\\/?p=63550#primaryimage\"},\"thumbnailUrl\":\"https:\\\/\\\/akunq.net\\\/tr\\\/wp-content\\\/uploads\\\/sites\\\/6\\\/2021\\\/06\\\/Hatay\u2019da-St.-Pierre-Aziz-Petrus-ve-Pavlus-Bayram\u0131.jpeg\",\"datePublished\":\"2021-06-29T09:40:25+00:00\",\"author\":{\"@id\":\"https:\\\/\\\/akunq.net\\\/tr\\\/#\\\/schema\\\/person\\\/096f1d38a12cce57fb855b485ed24c9e\"},\"breadcrumb\":{\"@id\":\"https:\\\/\\\/akunq.net\\\/tr\\\/?p=63550#breadcrumb\"},\"inLanguage\":\"en-US\",\"potentialAction\":[{\"@type\":\"ReadAction\",\"target\":[\"https:\\\/\\\/akunq.net\\\/tr\\\/?p=63550\"]}]},{\"@type\":\"ImageObject\",\"inLanguage\":\"en-US\",\"@id\":\"https:\\\/\\\/akunq.net\\\/tr\\\/?p=63550#primaryimage\",\"url\":\"https:\\\/\\\/akunq.net\\\/tr\\\/wp-content\\\/uploads\\\/sites\\\/6\\\/2021\\\/06\\\/Hatay\u2019da-St.-Pierre-Aziz-Petrus-ve-Pavlus-Bayram\u0131.jpeg\",\"contentUrl\":\"https:\\\/\\\/akunq.net\\\/tr\\\/wp-content\\\/uploads\\\/sites\\\/6\\\/2021\\\/06\\\/Hatay\u2019da-St.-Pierre-Aziz-Petrus-ve-Pavlus-Bayram\u0131.jpeg\",\"width\":640,\"height\":388},{\"@type\":\"BreadcrumbList\",\"@id\":\"https:\\\/\\\/akunq.net\\\/tr\\\/?p=63550#breadcrumb\",\"itemListElement\":[{\"@type\":\"ListItem\",\"position\":1,\"name\":\"Home\",\"item\":\"https:\\\/\\\/akunq.net\\\/tr\"},{\"@type\":\"ListItem\",\"position\":2,\"name\":\"Hatay\u2019da St. Pierre Aziz Petrus ve Pavlus Bayram\u0131 ayini\"}]},{\"@type\":\"WebSite\",\"@id\":\"https:\\\/\\\/akunq.net\\\/tr\\\/#website\",\"url\":\"https:\\\/\\\/akunq.net\\\/tr\\\/\",\"name\":\"Bati Ermenistan Ve Bati Ermenileri Sorunlari Ara\u015ftirmalar Merkezi\",\"description\":\"\",\"potentialAction\":[{\"@type\":\"SearchAction\",\"target\":{\"@type\":\"EntryPoint\",\"urlTemplate\":\"https:\\\/\\\/akunq.net\\\/tr\\\/?s={search_term_string}\"},\"query-input\":{\"@type\":\"PropertyValueSpecification\",\"valueRequired\":true,\"valueName\":\"search_term_string\"}}],\"inLanguage\":\"en-US\"},{\"@type\":\"Person\",\"@id\":\"https:\\\/\\\/akunq.net\\\/tr\\\/#\\\/schema\\\/person\\\/096f1d38a12cce57fb855b485ed24c9e\",\"name\":\"admin\",\"url\":\"https:\\\/\\\/akunq.net\\\/tr\\\/?author=7\"}]}<\/script>\n<!-- \/ Yoast SEO plugin. -->","yoast_head_json":{"title":"Hatay\u2019da St. Pierre Aziz Petrus ve Pavlus Bayram\u0131 ayini - Bati Ermenistan Ve Bati Ermenileri Sorunlari Ara\u015ftirmalar Merkezi","robots":{"index":"index","follow":"follow","max-snippet":"max-snippet:-1","max-image-preview":"max-image-preview:large","max-video-preview":"max-video-preview:-1"},"canonical":"https:\/\/akunq.net\/tr\/?p=63550","og_locale":"en_US","og_type":"article","og_title":"Hatay\u2019da St. Pierre Aziz Petrus ve Pavlus Bayram\u0131 ayini - Bati Ermenistan Ve Bati Ermenileri Sorunlari Ara\u015ftirmalar Merkezi","og_description":"Hatay\u2019da St.Pierre Aziz Petrus ve Pavlus Bayram\u0131 nedeniyle Antakya Ortodoks Kilisesi\u2019nde\u00a0d\u00fczenlenen ayinde, ilahiler ve \u0130ncil\u2019den b\u00f6l\u00fcmler okundu.\u00a0\u00a0 St. Pierre Aziz Petrus ve Pavlus Bayram\u0131 kutlamalar\u0131 kapsam\u0131nda Antakya Ortodoks Kilisesi\u2019nde ayin d\u00fczenlendi. Ortodoks Kilisesi ruhani liderlerinden Dimitri Do\u011fum ve Jan Dell\u00fcler\u2019in y\u00f6netti\u011fi ayinde, il\u00e7elerden gelen dini liderler ile birlikte ilahi ve \u0130ncil\u2019den b\u00f6l\u00fcmler okudu. Pandemi kurallar\u0131 [&hellip;]","og_url":"https:\/\/akunq.net\/tr\/?p=63550","og_site_name":"Bati Ermenistan Ve Bati Ermenileri Sorunlari Ara\u015ftirmalar Merkezi","article_published_time":"2021-06-29T09:40:25+00:00","og_image":[{"width":640,"height":388,"url":"https:\/\/akunq.net\/tr\/wp-content\/uploads\/sites\/6\/2021\/06\/Hatay\u2019da-St.-Pierre-Aziz-Petrus-ve-Pavlus-Bayram\u0131.jpeg","type":"image\/jpeg"}],"author":"admin","twitter_card":"summary_large_image","twitter_misc":{"Written by":"admin","Est. reading time":"1 minute"},"schema":{"@context":"https:\/\/schema.org","@graph":[{"@type":"Article","@id":"https:\/\/akunq.net\/tr\/?p=63550#article","isPartOf":{"@id":"https:\/\/akunq.net\/tr\/?p=63550"},"author":{"name":"admin","@id":"https:\/\/akunq.net\/tr\/#\/schema\/person\/096f1d38a12cce57fb855b485ed24c9e"},"headline":"Hatay\u2019da St. Pierre Aziz Petrus ve Pavlus Bayram\u0131 ayini","datePublished":"2021-06-29T09:40:25+00:00","mainEntityOfPage":{"@id":"https:\/\/akunq.net\/tr\/?p=63550"},"wordCount":121,"commentCount":0,"image":{"@id":"https:\/\/akunq.net\/tr\/?p=63550#primaryimage"},"thumbnailUrl":"https:\/\/akunq.net\/tr\/wp-content\/uploads\/sites\/6\/2021\/06\/Hatay\u2019da-St.-Pierre-Aziz-Petrus-ve-Pavlus-Bayram\u0131.jpeg","articleSection":["Haberler"],"inLanguage":"en-US","potentialAction":[{"@type":"CommentAction","name":"Comment","target":["https:\/\/akunq.net\/tr\/?p=63550#respond"]}]},{"@type":"WebPage","@id":"https:\/\/akunq.net\/tr\/?p=63550","url":"https:\/\/akunq.net\/tr\/?p=63550","name":"Hatay\u2019da St. Pierre Aziz Petrus ve Pavlus Bayram\u0131 ayini - Bati Ermenistan Ve Bati Ermenileri Sorunlari Ara\u015ftirmalar Merkezi","isPartOf":{"@id":"https:\/\/akunq.net\/tr\/#website"},"primaryImageOfPage":{"@id":"https:\/\/akunq.net\/tr\/?p=63550#primaryimage"},"image":{"@id":"https:\/\/akunq.net\/tr\/?p=63550#primaryimage"},"thumbnailUrl":"https:\/\/akunq.net\/tr\/wp-content\/uploads\/sites\/6\/2021\/06\/Hatay\u2019da-St.-Pierre-Aziz-Petrus-ve-Pavlus-Bayram\u0131.jpeg","datePublished":"2021-06-29T09:40:25+00:00","author":{"@id":"https:\/\/akunq.net\/tr\/#\/schema\/person\/096f1d38a12cce57fb855b485ed24c9e"},"breadcrumb":{"@id":"https:\/\/akunq.net\/tr\/?p=63550#breadcrumb"},"inLanguage":"en-US","potentialAction":[{"@type":"ReadAction","target":["https:\/\/akunq.net\/tr\/?p=63550"]}]},{"@type":"ImageObject","inLanguage":"en-US","@id":"https:\/\/akunq.net\/tr\/?p=63550#primaryimage","url":"https:\/\/akunq.net\/tr\/wp-content\/uploads\/sites\/6\/2021\/06\/Hatay\u2019da-St.-Pierre-Aziz-Petrus-ve-Pavlus-Bayram\u0131.jpeg","contentUrl":"https:\/\/akunq.net\/tr\/wp-content\/uploads\/sites\/6\/2021\/06\/Hatay\u2019da-St.-Pierre-Aziz-Petrus-ve-Pavlus-Bayram\u0131.jpeg","width":640,"height":388},{"@type":"BreadcrumbList","@id":"https:\/\/akunq.net\/tr\/?p=63550#breadcrumb","itemListElement":[{"@type":"ListItem","position":1,"name":"Home","item":"https:\/\/akunq.net\/tr"},{"@type":"ListItem","position":2,"name":"Hatay\u2019da St. Pierre Aziz Petrus ve Pavlus Bayram\u0131 ayini"}]},{"@type":"WebSite","@id":"https:\/\/akunq.net\/tr\/#website","url":"https:\/\/akunq.net\/tr\/","name":"Bati Ermenistan Ve Bati Ermenileri Sorunlari Ara\u015ftirmalar Merkezi","description":"","potentialAction":[{"@type":"SearchAction","target":{"@type":"EntryPoint","urlTemplate":"https:\/\/akunq.net\/tr\/?s={search_term_string}"},"query-input":{"@type":"PropertyValueSpecification","valueRequired":true,"valueName":"search_term_string"}}],"inLanguage":"en-US"},{"@type":"Person","@id":"https:\/\/akunq.net\/tr\/#\/schema\/person\/096f1d38a12cce57fb855b485ed24c9e","name":"admin","url":"https:\/\/akunq.net\/tr\/?author=7"}]}},"_links":{"self":[{"href":"https:\/\/akunq.net\/tr\/index.php?rest_route=\/wp\/v2\/posts\/63550","targetHints":{"allow":["GET"]}}],"collection":[{"href":"https:\/\/akunq.net\/tr\/index.php?rest_route=\/wp\/v2\/posts"}],"about":[{"href":"https:\/\/akunq.net\/tr\/index.php?rest_route=\/wp\/v2\/types\/post"}],"author":[{"embeddable":true,"href":"https:\/\/akunq.net\/tr\/index.php?rest_route=\/wp\/v2\/users\/7"}],"replies":[{"embeddable":true,"href":"https:\/\/akunq.net\/tr\/index.php?rest_route=%2Fwp%2Fv2%2Fcomments&post=63550"}],"version-history":[{"count":1,"href":"https:\/\/akunq.net\/tr\/index.php?rest_route=\/wp\/v2\/posts\/63550\/revisions"}],"predecessor-version":[{"id":63552,"href":"https:\/\/akunq.net\/tr\/index.php?rest_route=\/wp\/v2\/posts\/63550\/revisions\/63552"}],"wp:featuredmedia":[{"embeddable":true,"href":"https:\/\/akunq.net\/tr\/index.php?rest_route=\/wp\/v2\/media\/63551"}],"wp:attachment":[{"href":"https:\/\/akunq.net\/tr\/index.php?rest_route=%2Fwp%2Fv2%2Fmedia&parent=63550"}],"wp:term":[{"taxonomy":"category","embeddable":true,"href":"https:\/\/akunq.net\/tr\/index.php?rest_route=%2Fwp%2Fv2%2Fcategories&post=63550"},{"taxonomy":"post_tag","embeddable":true,"href":"https:\/\/akunq.net\/tr\/index.php?rest_route=%2Fwp%2Fv2%2Ftags&post=63550"}],"curies":[{"name":"wp","href":"https:\/\/api.w.org\/{rel}","templated":true}]}}