{"id":63547,"date":"2021-06-29T02:42:09","date_gmt":"2021-06-29T07:42:09","guid":{"rendered":"https:\/\/akunq.net\/tr\/?p=63547"},"modified":"2021-06-29T02:42:09","modified_gmt":"2021-06-29T07:42:09","slug":"gobeklitepenin-portasar-akunq-web-sitesi-ismi-degistirilecek","status":"publish","type":"post","link":"https:\/\/akunq.net\/tr\/?p=63547","title":{"rendered":"G\u00f6beklitepe&#8217;nin (Portasar-&#8216;Akunq&#8217; web sitesi) ismi de\u011fi\u015ftirilecek"},"content":{"rendered":"<p><img loading=\"lazy\" decoding=\"async\" class=\"aligncenter size-medium wp-image-63548\" src=\"https:\/\/akunq.net\/tr\/wp-content\/uploads\/2021\/06\/Portasar-360x226.jpg\" alt=\"\" width=\"360\" height=\"226\" srcset=\"https:\/\/akunq.net\/tr\/wp-content\/uploads\/sites\/6\/2021\/06\/Portasar-360x226.jpg 360w, https:\/\/akunq.net\/tr\/wp-content\/uploads\/sites\/6\/2021\/06\/Portasar-560x351.jpg 560w, https:\/\/akunq.net\/tr\/wp-content\/uploads\/sites\/6\/2021\/06\/Portasar-260x163.jpg 260w, https:\/\/akunq.net\/tr\/wp-content\/uploads\/sites\/6\/2021\/06\/Portasar-160x100.jpg 160w, https:\/\/akunq.net\/tr\/wp-content\/uploads\/sites\/6\/2021\/06\/Portasar.jpg 752w\" sizes=\"auto, (max-width: 360px) 100vw, 360px\" \/><\/p>\n<p><em><strong>G\u00f6beklitepe (Portasar-&#8216;Akunq&#8217; web sitesi) ile ilgili a\u00e7\u0131klama yapan T\u00fcrkiye K\u00fclt\u00fcr ve Turizm Bakan\u0131 Ersoy &#8220;G\u00f6beklitepe \u00e7evresindeki 100 kilometrelik bir hat \u00fczerinde 11 tane daha nokta tepemiz var. Art\u0131k 12 tepe diyece\u011fiz&#8221; dedi.<\/strong><\/em><\/p>\n<p>Urfa&#8217;da 12 bin y\u0131ll\u0131k ge\u00e7mi\u015fiyle \u201ctarihin s\u0131f\u0131r noktas\u0131\u201d olarak nitelendirilen G\u00f6beklitepe\u2019yi (Gir\u00ea Miraza) ziyaret eden Bakan Mehmet Nuri Ersoy, daha sonra gazetecilere konu\u015ftu.<\/p>\n<p><strong>\u201c\u00c7ok fazla ses getirecek&#8221;<\/strong><\/p>\n<p>UNESCO D\u00fcnya Miras Listesi&#8217;nde bulunan G\u00f6beklitepe&#8217;nin civar\u0131nda birtak\u0131m \u00f6nemli merkezlerin daha ke\u015ffedildi\u011fini aktaran Ersoy, \u015f\u00f6yle devam etti:<\/p>\n<p>&#8220;Asl\u0131nda art\u0131k G\u00f6beklitepe, G\u00f6beklitepe ile s\u0131n\u0131rl\u0131 de\u011fil. G\u00f6beklitepe \u00e7evresindeki 100 kilometrelik bir hat \u00fczerinde 11 tane daha nokta tepemiz var. Buradan detay\u0131n\u0131 ilk kez vermi\u015f olaca\u011f\u0131z ve art\u0131k 12 tepe diyece\u011fiz. 12 tepe ile ilgili b\u00fcy\u00fck bir \u00e7al\u0131\u015fma var, tamamlanmak \u00fczere, Eyl\u00fcl ay\u0131nda tan\u0131t\u0131m\u0131n\u0131 yapaca\u011f\u0131z. D\u00fcnyan\u0131n bir \u00e7ok \u00fcniversitesiyle, arkeoloji konusunda uzmanla\u015fm\u0131\u015f kaz\u0131 ba\u015fkanlar\u0131yla da i\u015f birli\u011fi yaparak 12 tepeyi d\u00fcnya lansman\u0131 \u015feklinde sunaca\u011f\u0131z.<\/p>\n<p>D\u00fcnyada \u00e7ok pop\u00fcler bir yer haline gelecek, hatta G\u00fcneydo\u011fu&#8217;nun Piramitleri diyebiliriz buna. Lansman yap\u0131ld\u0131ktan sonra \u00e7ok fazla ses getirecek. Mezopotamya diye bakt\u0131\u011f\u0131n\u0131z zaman bu b\u00f6lgenin kendine has bir k\u00fclt\u00fcr\u00fc var. Kendine has tescilli gastronomisi var. Bir\u00e7ok \u00fcr\u00fcn\u00fc var. Bunu da e\u015fsiz olan arkeolojik de\u011feriyle birle\u015ftirdi\u011finiz zaman ortaya harika bir \u015fey \u00e7\u0131k\u0131yor.&#8221;<\/p>\n<p><strong>G\u00f6beklitepe (Gir\u00ea Miraza)<\/strong><\/p>\n<p>K\u00fcrt\u00e7e ad\u0131yla \u201cGir\u00ea Miraza\u201d, Urfa&#8217;ya 18 kilometre mesafede Xirapre\u015fk (\u00d6rencik) k\u00f6y\u00fc yak\u0131nlar\u0131nda bulunuyor.<\/p>\n<p>\u0130lk kez 1963&#8217;te g\u00f6revlilerin y\u00fczey ara\u015ft\u0131rmalar\u0131 s\u0131ras\u0131nda fark edilen G\u00f6beklitepe&#8217;deki kaz\u0131 \u00e7al\u0131\u015fmalar\u0131n\u0131 1995&#8217;ten bu yana Urfa M\u00fczesi ve Berlin Alman Arkeoloji Enstit\u00fcs\u00fc ortakla\u015fa y\u00fcr\u00fct\u00fcyor.<\/p>\n<p>B\u00f6lgede \u015fimdiye kadar Neolitik d\u00f6neme ait yabani hayvan fig\u00fcrl\u00fc &#8220;T&#8221; bi\u00e7imli dikili ta\u015flar, 8-30 metre \u00e7ap\u0131nda dairesel ve dikd\u00f6rtgen \u015fekilli d\u00fcnyan\u0131n en eski tap\u0131nak kal\u0131nt\u0131lar\u0131, \u00e7ok say\u0131da yabani hayvan fig\u00fcr\u00fc, dikili ta\u015flar ve yakla\u015f\u0131k 12 bin y\u0131l \u00f6ncesine ait oldu\u011fu belirtilen 65 santimetre uzunlu\u011funda insan heykeli gibi tarihi eserler bulundu.<\/p>\n<p>D\u00fcnyan\u0131n en eski &#8220;tap\u0131nak merkezi&#8221; oldu\u011fu ifade edilen G\u00f6beklitepe, 2018&#8217;de UNESCO D\u00fcnya Miras\u0131 Listesi&#8217;ne al\u0131nd\u0131.<\/p>\n<p><em><strong>https:\/\/www.rudaw.net\/turkish\/people-places\/270620211\u00a0<\/strong><\/em><\/p>\n","protected":false},"excerpt":{"rendered":"<p>G\u00f6beklitepe (Portasar-&#8216;Akunq&#8217; web sitesi) ile ilgili a\u00e7\u0131klama yapan T\u00fcrkiye K\u00fclt\u00fcr ve Turizm Bakan\u0131 Ersoy &#8220;G\u00f6beklitepe \u00e7evresindeki 100 kilometrelik bir hat \u00fczerinde 11 tane daha nokta tepemiz var. Art\u0131k 12 tepe diyece\u011fiz&#8221; dedi. Urfa&#8217;da 12 bin y\u0131ll\u0131k ge\u00e7mi\u015fiyle \u201ctarihin s\u0131f\u0131r noktas\u0131\u201d olarak nitelendirilen G\u00f6beklitepe\u2019yi (Gir\u00ea Miraza) ziyaret eden Bakan Mehmet Nuri Ersoy, daha sonra gazetecilere konu\u015ftu. [&hellip;]<\/p>\n","protected":false},"author":7,"featured_media":63548,"comment_status":"open","ping_status":"open","sticky":false,"template":"","format":"standard","meta":{"footnotes":""},"categories":[22,1],"tags":[],"class_list":["post-63547","post","type-post","status-publish","format-standard","has-post-thumbnail","hentry","category-gunumuzde-bati-ermenistan","category-haberler"],"yoast_head":"<!-- This site is optimized with the Yoast SEO plugin v27.4 - https:\/\/yoast.com\/product\/yoast-seo-wordpress\/ -->\n<title>G\u00f6beklitepe&#039;nin (Portasar-&#039;Akunq&#039; web sitesi) ismi de\u011fi\u015ftirilecek - Bati Ermenistan Ve Bati Ermenileri Sorunlari Ara\u015ftirmalar Merkezi<\/title>\n<meta name=\"robots\" content=\"index, follow, max-snippet:-1, max-image-preview:large, max-video-preview:-1\" \/>\n<link rel=\"canonical\" href=\"https:\/\/akunq.net\/tr\/?p=63547\" \/>\n<meta property=\"og:locale\" content=\"en_US\" \/>\n<meta property=\"og:type\" content=\"article\" \/>\n<meta property=\"og:title\" content=\"G\u00f6beklitepe&#039;nin (Portasar-&#039;Akunq&#039; web sitesi) ismi de\u011fi\u015ftirilecek - Bati Ermenistan Ve Bati Ermenileri Sorunlari Ara\u015ftirmalar Merkezi\" \/>\n<meta property=\"og:description\" content=\"G\u00f6beklitepe (Portasar-&#8216;Akunq&#8217; web sitesi) ile ilgili a\u00e7\u0131klama yapan T\u00fcrkiye K\u00fclt\u00fcr ve Turizm Bakan\u0131 Ersoy &#8220;G\u00f6beklitepe \u00e7evresindeki 100 kilometrelik bir hat \u00fczerinde 11 tane daha nokta tepemiz var. Art\u0131k 12 tepe diyece\u011fiz&#8221; dedi. Urfa&#8217;da 12 bin y\u0131ll\u0131k ge\u00e7mi\u015fiyle \u201ctarihin s\u0131f\u0131r noktas\u0131\u201d olarak nitelendirilen G\u00f6beklitepe\u2019yi (Gir\u00ea Miraza) ziyaret eden Bakan Mehmet Nuri Ersoy, daha sonra gazetecilere konu\u015ftu. [&hellip;]\" \/>\n<meta property=\"og:url\" content=\"https:\/\/akunq.net\/tr\/?p=63547\" \/>\n<meta property=\"og:site_name\" content=\"Bati Ermenistan Ve Bati Ermenileri Sorunlari Ara\u015ftirmalar Merkezi\" \/>\n<meta property=\"article:published_time\" content=\"2021-06-29T07:42:09+00:00\" \/>\n<meta property=\"og:image\" content=\"https:\/\/akunq.net\/tr\/wp-content\/uploads\/sites\/6\/2021\/06\/Portasar.jpg\" \/>\n\t<meta property=\"og:image:width\" content=\"752\" \/>\n\t<meta property=\"og:image:height\" content=\"472\" \/>\n\t<meta property=\"og:image:type\" content=\"image\/jpeg\" \/>\n<meta name=\"author\" content=\"admin\" \/>\n<meta name=\"twitter:card\" content=\"summary_large_image\" \/>\n<meta name=\"twitter:label1\" content=\"Written by\" \/>\n\t<meta name=\"twitter:data1\" content=\"admin\" \/>\n\t<meta name=\"twitter:label2\" content=\"Est. reading time\" \/>\n\t<meta name=\"twitter:data2\" content=\"2 minutes\" \/>\n<script type=\"application\/ld+json\" class=\"yoast-schema-graph\">{\"@context\":\"https:\\\/\\\/schema.org\",\"@graph\":[{\"@type\":\"Article\",\"@id\":\"https:\\\/\\\/akunq.net\\\/tr\\\/?p=63547#article\",\"isPartOf\":{\"@id\":\"https:\\\/\\\/akunq.net\\\/tr\\\/?p=63547\"},\"author\":{\"name\":\"admin\",\"@id\":\"https:\\\/\\\/akunq.net\\\/tr\\\/#\\\/schema\\\/person\\\/096f1d38a12cce57fb855b485ed24c9e\"},\"headline\":\"G\u00f6beklitepe&#8217;nin (Portasar-&#8216;Akunq&#8217; web sitesi) ismi de\u011fi\u015ftirilecek\",\"datePublished\":\"2021-06-29T07:42:09+00:00\",\"mainEntityOfPage\":{\"@id\":\"https:\\\/\\\/akunq.net\\\/tr\\\/?p=63547\"},\"wordCount\":418,\"commentCount\":0,\"image\":{\"@id\":\"https:\\\/\\\/akunq.net\\\/tr\\\/?p=63547#primaryimage\"},\"thumbnailUrl\":\"https:\\\/\\\/akunq.net\\\/tr\\\/wp-content\\\/uploads\\\/sites\\\/6\\\/2021\\\/06\\\/Portasar.jpg\",\"articleSection\":[\"G\u00fcn\u00fcm\u00fczde Bat\u0131 Ermenistan\",\"Haberler\"],\"inLanguage\":\"en-US\",\"potentialAction\":[{\"@type\":\"CommentAction\",\"name\":\"Comment\",\"target\":[\"https:\\\/\\\/akunq.net\\\/tr\\\/?p=63547#respond\"]}]},{\"@type\":\"WebPage\",\"@id\":\"https:\\\/\\\/akunq.net\\\/tr\\\/?p=63547\",\"url\":\"https:\\\/\\\/akunq.net\\\/tr\\\/?p=63547\",\"name\":\"G\u00f6beklitepe'nin (Portasar-'Akunq' web sitesi) ismi de\u011fi\u015ftirilecek - Bati Ermenistan Ve Bati Ermenileri Sorunlari Ara\u015ftirmalar Merkezi\",\"isPartOf\":{\"@id\":\"https:\\\/\\\/akunq.net\\\/tr\\\/#website\"},\"primaryImageOfPage\":{\"@id\":\"https:\\\/\\\/akunq.net\\\/tr\\\/?p=63547#primaryimage\"},\"image\":{\"@id\":\"https:\\\/\\\/akunq.net\\\/tr\\\/?p=63547#primaryimage\"},\"thumbnailUrl\":\"https:\\\/\\\/akunq.net\\\/tr\\\/wp-content\\\/uploads\\\/sites\\\/6\\\/2021\\\/06\\\/Portasar.jpg\",\"datePublished\":\"2021-06-29T07:42:09+00:00\",\"author\":{\"@id\":\"https:\\\/\\\/akunq.net\\\/tr\\\/#\\\/schema\\\/person\\\/096f1d38a12cce57fb855b485ed24c9e\"},\"breadcrumb\":{\"@id\":\"https:\\\/\\\/akunq.net\\\/tr\\\/?p=63547#breadcrumb\"},\"inLanguage\":\"en-US\",\"potentialAction\":[{\"@type\":\"ReadAction\",\"target\":[\"https:\\\/\\\/akunq.net\\\/tr\\\/?p=63547\"]}]},{\"@type\":\"ImageObject\",\"inLanguage\":\"en-US\",\"@id\":\"https:\\\/\\\/akunq.net\\\/tr\\\/?p=63547#primaryimage\",\"url\":\"https:\\\/\\\/akunq.net\\\/tr\\\/wp-content\\\/uploads\\\/sites\\\/6\\\/2021\\\/06\\\/Portasar.jpg\",\"contentUrl\":\"https:\\\/\\\/akunq.net\\\/tr\\\/wp-content\\\/uploads\\\/sites\\\/6\\\/2021\\\/06\\\/Portasar.jpg\",\"width\":752,\"height\":472},{\"@type\":\"BreadcrumbList\",\"@id\":\"https:\\\/\\\/akunq.net\\\/tr\\\/?p=63547#breadcrumb\",\"itemListElement\":[{\"@type\":\"ListItem\",\"position\":1,\"name\":\"Home\",\"item\":\"https:\\\/\\\/akunq.net\\\/tr\"},{\"@type\":\"ListItem\",\"position\":2,\"name\":\"G\u00f6beklitepe&#8217;nin (Portasar-&#8216;Akunq&#8217; web sitesi) ismi de\u011fi\u015ftirilecek\"}]},{\"@type\":\"WebSite\",\"@id\":\"https:\\\/\\\/akunq.net\\\/tr\\\/#website\",\"url\":\"https:\\\/\\\/akunq.net\\\/tr\\\/\",\"name\":\"Bati Ermenistan Ve Bati Ermenileri Sorunlari Ara\u015ftirmalar Merkezi\",\"description\":\"\",\"potentialAction\":[{\"@type\":\"SearchAction\",\"target\":{\"@type\":\"EntryPoint\",\"urlTemplate\":\"https:\\\/\\\/akunq.net\\\/tr\\\/?s={search_term_string}\"},\"query-input\":{\"@type\":\"PropertyValueSpecification\",\"valueRequired\":true,\"valueName\":\"search_term_string\"}}],\"inLanguage\":\"en-US\"},{\"@type\":\"Person\",\"@id\":\"https:\\\/\\\/akunq.net\\\/tr\\\/#\\\/schema\\\/person\\\/096f1d38a12cce57fb855b485ed24c9e\",\"name\":\"admin\",\"url\":\"https:\\\/\\\/akunq.net\\\/tr\\\/?author=7\"}]}<\/script>\n<!-- \/ Yoast SEO plugin. -->","yoast_head_json":{"title":"G\u00f6beklitepe'nin (Portasar-'Akunq' web sitesi) ismi de\u011fi\u015ftirilecek - Bati Ermenistan Ve Bati Ermenileri Sorunlari Ara\u015ftirmalar Merkezi","robots":{"index":"index","follow":"follow","max-snippet":"max-snippet:-1","max-image-preview":"max-image-preview:large","max-video-preview":"max-video-preview:-1"},"canonical":"https:\/\/akunq.net\/tr\/?p=63547","og_locale":"en_US","og_type":"article","og_title":"G\u00f6beklitepe'nin (Portasar-'Akunq' web sitesi) ismi de\u011fi\u015ftirilecek - Bati Ermenistan Ve Bati Ermenileri Sorunlari Ara\u015ftirmalar Merkezi","og_description":"G\u00f6beklitepe (Portasar-&#8216;Akunq&#8217; web sitesi) ile ilgili a\u00e7\u0131klama yapan T\u00fcrkiye K\u00fclt\u00fcr ve Turizm Bakan\u0131 Ersoy &#8220;G\u00f6beklitepe \u00e7evresindeki 100 kilometrelik bir hat \u00fczerinde 11 tane daha nokta tepemiz var. Art\u0131k 12 tepe diyece\u011fiz&#8221; dedi. Urfa&#8217;da 12 bin y\u0131ll\u0131k ge\u00e7mi\u015fiyle \u201ctarihin s\u0131f\u0131r noktas\u0131\u201d olarak nitelendirilen G\u00f6beklitepe\u2019yi (Gir\u00ea Miraza) ziyaret eden Bakan Mehmet Nuri Ersoy, daha sonra gazetecilere konu\u015ftu. [&hellip;]","og_url":"https:\/\/akunq.net\/tr\/?p=63547","og_site_name":"Bati Ermenistan Ve Bati Ermenileri Sorunlari Ara\u015ftirmalar Merkezi","article_published_time":"2021-06-29T07:42:09+00:00","og_image":[{"width":752,"height":472,"url":"https:\/\/akunq.net\/tr\/wp-content\/uploads\/sites\/6\/2021\/06\/Portasar.jpg","type":"image\/jpeg"}],"author":"admin","twitter_card":"summary_large_image","twitter_misc":{"Written by":"admin","Est. reading time":"2 minutes"},"schema":{"@context":"https:\/\/schema.org","@graph":[{"@type":"Article","@id":"https:\/\/akunq.net\/tr\/?p=63547#article","isPartOf":{"@id":"https:\/\/akunq.net\/tr\/?p=63547"},"author":{"name":"admin","@id":"https:\/\/akunq.net\/tr\/#\/schema\/person\/096f1d38a12cce57fb855b485ed24c9e"},"headline":"G\u00f6beklitepe&#8217;nin (Portasar-&#8216;Akunq&#8217; web sitesi) ismi de\u011fi\u015ftirilecek","datePublished":"2021-06-29T07:42:09+00:00","mainEntityOfPage":{"@id":"https:\/\/akunq.net\/tr\/?p=63547"},"wordCount":418,"commentCount":0,"image":{"@id":"https:\/\/akunq.net\/tr\/?p=63547#primaryimage"},"thumbnailUrl":"https:\/\/akunq.net\/tr\/wp-content\/uploads\/sites\/6\/2021\/06\/Portasar.jpg","articleSection":["G\u00fcn\u00fcm\u00fczde Bat\u0131 Ermenistan","Haberler"],"inLanguage":"en-US","potentialAction":[{"@type":"CommentAction","name":"Comment","target":["https:\/\/akunq.net\/tr\/?p=63547#respond"]}]},{"@type":"WebPage","@id":"https:\/\/akunq.net\/tr\/?p=63547","url":"https:\/\/akunq.net\/tr\/?p=63547","name":"G\u00f6beklitepe'nin (Portasar-'Akunq' web sitesi) ismi de\u011fi\u015ftirilecek - Bati Ermenistan Ve Bati Ermenileri Sorunlari Ara\u015ftirmalar Merkezi","isPartOf":{"@id":"https:\/\/akunq.net\/tr\/#website"},"primaryImageOfPage":{"@id":"https:\/\/akunq.net\/tr\/?p=63547#primaryimage"},"image":{"@id":"https:\/\/akunq.net\/tr\/?p=63547#primaryimage"},"thumbnailUrl":"https:\/\/akunq.net\/tr\/wp-content\/uploads\/sites\/6\/2021\/06\/Portasar.jpg","datePublished":"2021-06-29T07:42:09+00:00","author":{"@id":"https:\/\/akunq.net\/tr\/#\/schema\/person\/096f1d38a12cce57fb855b485ed24c9e"},"breadcrumb":{"@id":"https:\/\/akunq.net\/tr\/?p=63547#breadcrumb"},"inLanguage":"en-US","potentialAction":[{"@type":"ReadAction","target":["https:\/\/akunq.net\/tr\/?p=63547"]}]},{"@type":"ImageObject","inLanguage":"en-US","@id":"https:\/\/akunq.net\/tr\/?p=63547#primaryimage","url":"https:\/\/akunq.net\/tr\/wp-content\/uploads\/sites\/6\/2021\/06\/Portasar.jpg","contentUrl":"https:\/\/akunq.net\/tr\/wp-content\/uploads\/sites\/6\/2021\/06\/Portasar.jpg","width":752,"height":472},{"@type":"BreadcrumbList","@id":"https:\/\/akunq.net\/tr\/?p=63547#breadcrumb","itemListElement":[{"@type":"ListItem","position":1,"name":"Home","item":"https:\/\/akunq.net\/tr"},{"@type":"ListItem","position":2,"name":"G\u00f6beklitepe&#8217;nin (Portasar-&#8216;Akunq&#8217; web sitesi) ismi de\u011fi\u015ftirilecek"}]},{"@type":"WebSite","@id":"https:\/\/akunq.net\/tr\/#website","url":"https:\/\/akunq.net\/tr\/","name":"Bati Ermenistan Ve Bati Ermenileri Sorunlari Ara\u015ftirmalar Merkezi","description":"","potentialAction":[{"@type":"SearchAction","target":{"@type":"EntryPoint","urlTemplate":"https:\/\/akunq.net\/tr\/?s={search_term_string}"},"query-input":{"@type":"PropertyValueSpecification","valueRequired":true,"valueName":"search_term_string"}}],"inLanguage":"en-US"},{"@type":"Person","@id":"https:\/\/akunq.net\/tr\/#\/schema\/person\/096f1d38a12cce57fb855b485ed24c9e","name":"admin","url":"https:\/\/akunq.net\/tr\/?author=7"}]}},"_links":{"self":[{"href":"https:\/\/akunq.net\/tr\/index.php?rest_route=\/wp\/v2\/posts\/63547","targetHints":{"allow":["GET"]}}],"collection":[{"href":"https:\/\/akunq.net\/tr\/index.php?rest_route=\/wp\/v2\/posts"}],"about":[{"href":"https:\/\/akunq.net\/tr\/index.php?rest_route=\/wp\/v2\/types\/post"}],"author":[{"embeddable":true,"href":"https:\/\/akunq.net\/tr\/index.php?rest_route=\/wp\/v2\/users\/7"}],"replies":[{"embeddable":true,"href":"https:\/\/akunq.net\/tr\/index.php?rest_route=%2Fwp%2Fv2%2Fcomments&post=63547"}],"version-history":[{"count":1,"href":"https:\/\/akunq.net\/tr\/index.php?rest_route=\/wp\/v2\/posts\/63547\/revisions"}],"predecessor-version":[{"id":63549,"href":"https:\/\/akunq.net\/tr\/index.php?rest_route=\/wp\/v2\/posts\/63547\/revisions\/63549"}],"wp:featuredmedia":[{"embeddable":true,"href":"https:\/\/akunq.net\/tr\/index.php?rest_route=\/wp\/v2\/media\/63548"}],"wp:attachment":[{"href":"https:\/\/akunq.net\/tr\/index.php?rest_route=%2Fwp%2Fv2%2Fmedia&parent=63547"}],"wp:term":[{"taxonomy":"category","embeddable":true,"href":"https:\/\/akunq.net\/tr\/index.php?rest_route=%2Fwp%2Fv2%2Fcategories&post=63547"},{"taxonomy":"post_tag","embeddable":true,"href":"https:\/\/akunq.net\/tr\/index.php?rest_route=%2Fwp%2Fv2%2Ftags&post=63547"}],"curies":[{"name":"wp","href":"https:\/\/api.w.org\/{rel}","templated":true}]}}