{"id":63541,"date":"2021-06-29T02:29:16","date_gmt":"2021-06-29T07:29:16","guid":{"rendered":"https:\/\/akunq.net\/tr\/?p=63541"},"modified":"2021-06-29T02:29:16","modified_gmt":"2021-06-29T07:29:16","slug":"giresundaki-tarihi-kilise-onarilacak","status":"publish","type":"post","link":"https:\/\/akunq.net\/tr\/?p=63541","title":{"rendered":"Giresun\u2019daki tarihi kilise onar\u0131lacak"},"content":{"rendered":"<p><img loading=\"lazy\" decoding=\"async\" class=\"aligncenter size-medium wp-image-63542\" src=\"https:\/\/akunq.net\/tr\/wp-content\/uploads\/2021\/06\/Giresun\u2019daki-tarihi-kilise-360x209.jpg\" alt=\"\" width=\"360\" height=\"209\" srcset=\"https:\/\/akunq.net\/tr\/wp-content\/uploads\/sites\/6\/2021\/06\/Giresun\u2019daki-tarihi-kilise-360x209.jpg 360w, https:\/\/akunq.net\/tr\/wp-content\/uploads\/sites\/6\/2021\/06\/Giresun\u2019daki-tarihi-kilise-560x325.jpg 560w, https:\/\/akunq.net\/tr\/wp-content\/uploads\/sites\/6\/2021\/06\/Giresun\u2019daki-tarihi-kilise-260x151.jpg 260w, https:\/\/akunq.net\/tr\/wp-content\/uploads\/sites\/6\/2021\/06\/Giresun\u2019daki-tarihi-kilise-160x93.jpg 160w, https:\/\/akunq.net\/tr\/wp-content\/uploads\/sites\/6\/2021\/06\/Giresun\u2019daki-tarihi-kilise.jpg 620w\" sizes=\"auto, (max-width: 360px) 100vw, 360px\" \/><\/p>\n<p><em><strong>Giresun\u2019da (Kerasun-&#8216;Akunq&#8217; web sitesi) bulunan 19. y\u00fczy\u0131ldan kalma tarihi kilise i\u00e7in bir gencin ba\u015fvurusu \u00fczerine onar\u0131m karar\u0131 \u00e7\u0131kt\u0131.<\/strong><\/em><\/p>\n<p>Giresun\u2019un \u00c7amoluk il\u00e7esi s\u0131n\u0131rlar\u0131ndaki harap durumda olan tarihi kilisenin restorasyonu i\u00e7in 18 ya\u015f\u0131ndaki gencin Cumhurba\u015fkanl\u0131\u011f\u0131 \u0130leti\u015fim Merkezine (C\u0130MER) yapt\u0131\u011f\u0131 ba\u015fvuru \u00fczerine \u00e7al\u0131\u015fma ba\u015flat\u0131ld\u0131.<\/p>\n<p>C\u0130MER\u2019e ba\u015fvuran 18 ya\u015f\u0131ndaki B\u00fcnyamin Tombul, Giresun\u2019un \u00c7amoluk il\u00e7esi Kayac\u0131k k\u00f6y\u00fcndeki y\u0131k\u0131k tarihi kilisenin restore edilmesini talep etti.<\/p>\n<p>Tombul ba\u015fvurusunda, \u201cBu kilisenin restorasyonu ile b\u00f6lgenin tan\u0131nmas\u0131 sa\u011flanabilir ve ne kadar \u00e7ok k\u00fclt\u00fcrl\u00fc bir yap\u0131da bar\u0131\u015f i\u00e7erisinde ya\u015fand\u0131\u011f\u0131 gelecek nesillere aktar\u0131labilir.\u201d ifadelerini kulland\u0131.<\/p>\n<p>Konunun C\u0130MER arac\u0131l\u0131\u011f\u0131yla K\u00fclt\u00fcr ve Turizm Bakanl\u0131\u011f\u0131na iletilmesi \u00fczerine Trabzon K\u00fclt\u00fcr Varl\u0131klar\u0131n\u0131 Koruma B\u00f6lge Kurulu, b\u00f6lgede inceleme ba\u015flatt\u0131.<\/p>\n<p>\u0130ncelemenin ard\u0131ndan Kurul, kilisenin koruma grubunun \u201c1\u201d ilan edilmesine karar verip, onar\u0131m\u0131n\u0131n yap\u0131lmas\u0131 i\u00e7in kiliseye ait r\u00f6l\u00f6ve, restit\u00fcsyon ve restorasyon projelerinin kendilerine sunulmas\u0131n\u0131 istedi.<\/p>\n<p>Kurulun karar\u0131 Resmi Gazete\u2019nin bug\u00fcnk\u00fc say\u0131s\u0131nda yay\u0131mland\u0131.<\/p>\n<p><strong>\u201cKime ait olursa olsun hi\u00e7bir tarihi esrin kaybolmas\u0131n\u0131 istemiyorum\u201d<\/strong><\/p>\n<p>C\u0130MER\u2019e yapt\u0131\u011f\u0131 ba\u015fvuruyu ve sonucunu AA muhabirine de\u011ferlendiren B\u00fcnyamin Tombul, karar\u0131n kendisini \u00e7ok mutlu etti\u011fini s\u00f6yledi.<\/p>\n<p>Ailesiyle \u0130stanbul\u2019da ya\u015fad\u0131\u011f\u0131n\u0131, yaz aylar\u0131nda \u00c7amoluk\u2019a gittiklerini belirten Tombul, \u201cBenim k\u00f6y\u00fcm Karadikmen. Kilisenin bulundu\u011fu Kayac\u0131k k\u00f6y\u00fcne \u00e7ok yak\u0131n. Ge\u00e7en y\u0131l \u00e7evre k\u00f6yleri gezmeye \u00e7\u0131kt\u0131\u011f\u0131m\u0131zda bu kiliseyi fark ettim. Y\u0131k\u0131k durumdayd\u0131. Turizme kazand\u0131r\u0131labilir mi diye d\u00fc\u015f\u00fcnd\u00fcm. Bunun \u00fczerine C\u0130MER\u2019e bu y\u0131l\u0131n ba\u015f\u0131nda ba\u015fvurdum. Ba\u015fvurumun dikkate al\u0131nd\u0131\u011f\u0131n\u0131 ve talebimin kar\u015f\u0131l\u0131k buldu\u011funu g\u00f6rmek gurur ve mutluluk verici.\u201d dedi.<\/p>\n<p>Tarihi eserler ve yap\u0131lar\u0131n herkes taraf\u0131ndan \u00fclkenin zenginli\u011fi olarak g\u00f6r\u00fclmesi gerekti\u011fini ifade eden Tombul, \u201cKime ait olursa olsun bu \u00fclkede hi\u00e7bir tarihi eserin kaybolmas\u0131n\u0131 istemiyorum. Bizim \u00fclkemiz \u00e7ok k\u00fclt\u00fcrl\u00fc bir \u00fclke. Orada bir sinagog da olsa ben onun da restore edilmesini isterdim.\u201d diye konu\u015ftu.<\/p>\n<p>Kilisenin tarih\u00e7esi<\/p>\n<p>\u00c7amoluk Kaymakaml\u0131\u011f\u0131n\u0131n internet sitesinde yer alan bilgiye g\u00f6re, Kayac\u0131k K\u00f6y\u00fc Kilisesi\u2019nin yap\u0131m tarihi ve yapt\u0131ran\u0131 hakk\u0131nda bilgi veren bir kitabesi veya d\u00f6nem kayna\u011f\u0131 bulunmuyor. B\u00f6lgedeki benzer \u00f6rnekleri ile kar\u015f\u0131la\u015ft\u0131r\u0131ld\u0131\u011f\u0131nda kilisenin 19. y\u00fczy\u0131l\u0131n ikinci yar\u0131s\u0131nda in\u015fa edildi\u011fi anla\u015f\u0131l\u0131yor.<\/p>\n<hr \/>\n<p><em><strong><a href=\"https:\/\/www.haber7.com\/giresun\/3114744-giresundaki-tarihi-kilise-onarilacak\">https:\/\/www.haber7.com\/giresun\/3114744-giresundaki-tarihi-kilise-onarilacak<\/a><\/strong><\/em><\/p>\n<div class=\"sharedaddy sd-sharing-enabled\">\n<div class=\"robots-nocontent sd-block sd-social sd-social-icon-text sd-sharing\">\n<h3 class=\"sd-title\"><\/h3>\n<\/div>\n<\/div>\n","protected":false},"excerpt":{"rendered":"<p>Giresun\u2019da (Kerasun-&#8216;Akunq&#8217; web sitesi) bulunan 19. y\u00fczy\u0131ldan kalma tarihi kilise i\u00e7in bir gencin ba\u015fvurusu \u00fczerine onar\u0131m karar\u0131 \u00e7\u0131kt\u0131. Giresun\u2019un \u00c7amoluk il\u00e7esi s\u0131n\u0131rlar\u0131ndaki harap durumda olan tarihi kilisenin restorasyonu i\u00e7in 18 ya\u015f\u0131ndaki gencin Cumhurba\u015fkanl\u0131\u011f\u0131 \u0130leti\u015fim Merkezine (C\u0130MER) yapt\u0131\u011f\u0131 ba\u015fvuru \u00fczerine \u00e7al\u0131\u015fma ba\u015flat\u0131ld\u0131. C\u0130MER\u2019e ba\u015fvuran 18 ya\u015f\u0131ndaki B\u00fcnyamin Tombul, Giresun\u2019un \u00c7amoluk il\u00e7esi Kayac\u0131k k\u00f6y\u00fcndeki y\u0131k\u0131k tarihi kilisenin [&hellip;]<\/p>\n","protected":false},"author":7,"featured_media":63542,"comment_status":"open","ping_status":"open","sticky":false,"template":"","format":"standard","meta":{"footnotes":""},"categories":[1],"tags":[],"class_list":["post-63541","post","type-post","status-publish","format-standard","has-post-thumbnail","hentry","category-haberler"],"yoast_head":"<!-- This site is optimized with the Yoast SEO plugin v27.4 - https:\/\/yoast.com\/product\/yoast-seo-wordpress\/ -->\n<title>Giresun\u2019daki tarihi kilise onar\u0131lacak - Bati Ermenistan Ve Bati Ermenileri Sorunlari Ara\u015ftirmalar Merkezi<\/title>\n<meta name=\"robots\" content=\"index, follow, max-snippet:-1, max-image-preview:large, max-video-preview:-1\" \/>\n<link rel=\"canonical\" href=\"https:\/\/akunq.net\/tr\/?p=63541\" \/>\n<meta property=\"og:locale\" content=\"en_US\" \/>\n<meta property=\"og:type\" content=\"article\" \/>\n<meta property=\"og:title\" content=\"Giresun\u2019daki tarihi kilise onar\u0131lacak - Bati Ermenistan Ve Bati Ermenileri Sorunlari Ara\u015ftirmalar Merkezi\" \/>\n<meta property=\"og:description\" content=\"Giresun\u2019da (Kerasun-&#8216;Akunq&#8217; web sitesi) bulunan 19. y\u00fczy\u0131ldan kalma tarihi kilise i\u00e7in bir gencin ba\u015fvurusu \u00fczerine onar\u0131m karar\u0131 \u00e7\u0131kt\u0131. Giresun\u2019un \u00c7amoluk il\u00e7esi s\u0131n\u0131rlar\u0131ndaki harap durumda olan tarihi kilisenin restorasyonu i\u00e7in 18 ya\u015f\u0131ndaki gencin Cumhurba\u015fkanl\u0131\u011f\u0131 \u0130leti\u015fim Merkezine (C\u0130MER) yapt\u0131\u011f\u0131 ba\u015fvuru \u00fczerine \u00e7al\u0131\u015fma ba\u015flat\u0131ld\u0131. C\u0130MER\u2019e ba\u015fvuran 18 ya\u015f\u0131ndaki B\u00fcnyamin Tombul, Giresun\u2019un \u00c7amoluk il\u00e7esi Kayac\u0131k k\u00f6y\u00fcndeki y\u0131k\u0131k tarihi kilisenin [&hellip;]\" \/>\n<meta property=\"og:url\" content=\"https:\/\/akunq.net\/tr\/?p=63541\" \/>\n<meta property=\"og:site_name\" content=\"Bati Ermenistan Ve Bati Ermenileri Sorunlari Ara\u015ftirmalar Merkezi\" \/>\n<meta property=\"article:published_time\" content=\"2021-06-29T07:29:16+00:00\" \/>\n<meta property=\"og:image\" content=\"https:\/\/akunq.net\/tr\/wp-content\/uploads\/sites\/6\/2021\/06\/Giresun\u2019daki-tarihi-kilise.jpg\" \/>\n\t<meta property=\"og:image:width\" content=\"620\" \/>\n\t<meta property=\"og:image:height\" content=\"360\" \/>\n\t<meta property=\"og:image:type\" content=\"image\/jpeg\" \/>\n<meta name=\"author\" content=\"admin\" \/>\n<meta name=\"twitter:card\" content=\"summary_large_image\" \/>\n<meta name=\"twitter:label1\" content=\"Written by\" \/>\n\t<meta name=\"twitter:data1\" content=\"admin\" \/>\n\t<meta name=\"twitter:label2\" content=\"Est. reading time\" \/>\n\t<meta name=\"twitter:data2\" content=\"2 minutes\" \/>\n<script type=\"application\/ld+json\" class=\"yoast-schema-graph\">{\"@context\":\"https:\\\/\\\/schema.org\",\"@graph\":[{\"@type\":\"Article\",\"@id\":\"https:\\\/\\\/akunq.net\\\/tr\\\/?p=63541#article\",\"isPartOf\":{\"@id\":\"https:\\\/\\\/akunq.net\\\/tr\\\/?p=63541\"},\"author\":{\"name\":\"admin\",\"@id\":\"https:\\\/\\\/akunq.net\\\/tr\\\/#\\\/schema\\\/person\\\/096f1d38a12cce57fb855b485ed24c9e\"},\"headline\":\"Giresun\u2019daki tarihi kilise onar\u0131lacak\",\"datePublished\":\"2021-06-29T07:29:16+00:00\",\"mainEntityOfPage\":{\"@id\":\"https:\\\/\\\/akunq.net\\\/tr\\\/?p=63541\"},\"wordCount\":456,\"commentCount\":0,\"image\":{\"@id\":\"https:\\\/\\\/akunq.net\\\/tr\\\/?p=63541#primaryimage\"},\"thumbnailUrl\":\"https:\\\/\\\/akunq.net\\\/tr\\\/wp-content\\\/uploads\\\/sites\\\/6\\\/2021\\\/06\\\/Giresun\u2019daki-tarihi-kilise.jpg\",\"articleSection\":[\"Haberler\"],\"inLanguage\":\"en-US\",\"potentialAction\":[{\"@type\":\"CommentAction\",\"name\":\"Comment\",\"target\":[\"https:\\\/\\\/akunq.net\\\/tr\\\/?p=63541#respond\"]}]},{\"@type\":\"WebPage\",\"@id\":\"https:\\\/\\\/akunq.net\\\/tr\\\/?p=63541\",\"url\":\"https:\\\/\\\/akunq.net\\\/tr\\\/?p=63541\",\"name\":\"Giresun\u2019daki tarihi kilise onar\u0131lacak - Bati Ermenistan Ve Bati Ermenileri Sorunlari Ara\u015ftirmalar Merkezi\",\"isPartOf\":{\"@id\":\"https:\\\/\\\/akunq.net\\\/tr\\\/#website\"},\"primaryImageOfPage\":{\"@id\":\"https:\\\/\\\/akunq.net\\\/tr\\\/?p=63541#primaryimage\"},\"image\":{\"@id\":\"https:\\\/\\\/akunq.net\\\/tr\\\/?p=63541#primaryimage\"},\"thumbnailUrl\":\"https:\\\/\\\/akunq.net\\\/tr\\\/wp-content\\\/uploads\\\/sites\\\/6\\\/2021\\\/06\\\/Giresun\u2019daki-tarihi-kilise.jpg\",\"datePublished\":\"2021-06-29T07:29:16+00:00\",\"author\":{\"@id\":\"https:\\\/\\\/akunq.net\\\/tr\\\/#\\\/schema\\\/person\\\/096f1d38a12cce57fb855b485ed24c9e\"},\"breadcrumb\":{\"@id\":\"https:\\\/\\\/akunq.net\\\/tr\\\/?p=63541#breadcrumb\"},\"inLanguage\":\"en-US\",\"potentialAction\":[{\"@type\":\"ReadAction\",\"target\":[\"https:\\\/\\\/akunq.net\\\/tr\\\/?p=63541\"]}]},{\"@type\":\"ImageObject\",\"inLanguage\":\"en-US\",\"@id\":\"https:\\\/\\\/akunq.net\\\/tr\\\/?p=63541#primaryimage\",\"url\":\"https:\\\/\\\/akunq.net\\\/tr\\\/wp-content\\\/uploads\\\/sites\\\/6\\\/2021\\\/06\\\/Giresun\u2019daki-tarihi-kilise.jpg\",\"contentUrl\":\"https:\\\/\\\/akunq.net\\\/tr\\\/wp-content\\\/uploads\\\/sites\\\/6\\\/2021\\\/06\\\/Giresun\u2019daki-tarihi-kilise.jpg\",\"width\":620,\"height\":360},{\"@type\":\"BreadcrumbList\",\"@id\":\"https:\\\/\\\/akunq.net\\\/tr\\\/?p=63541#breadcrumb\",\"itemListElement\":[{\"@type\":\"ListItem\",\"position\":1,\"name\":\"Home\",\"item\":\"https:\\\/\\\/akunq.net\\\/tr\"},{\"@type\":\"ListItem\",\"position\":2,\"name\":\"Giresun\u2019daki tarihi kilise onar\u0131lacak\"}]},{\"@type\":\"WebSite\",\"@id\":\"https:\\\/\\\/akunq.net\\\/tr\\\/#website\",\"url\":\"https:\\\/\\\/akunq.net\\\/tr\\\/\",\"name\":\"Bati Ermenistan Ve Bati Ermenileri Sorunlari Ara\u015ftirmalar Merkezi\",\"description\":\"\",\"potentialAction\":[{\"@type\":\"SearchAction\",\"target\":{\"@type\":\"EntryPoint\",\"urlTemplate\":\"https:\\\/\\\/akunq.net\\\/tr\\\/?s={search_term_string}\"},\"query-input\":{\"@type\":\"PropertyValueSpecification\",\"valueRequired\":true,\"valueName\":\"search_term_string\"}}],\"inLanguage\":\"en-US\"},{\"@type\":\"Person\",\"@id\":\"https:\\\/\\\/akunq.net\\\/tr\\\/#\\\/schema\\\/person\\\/096f1d38a12cce57fb855b485ed24c9e\",\"name\":\"admin\",\"url\":\"https:\\\/\\\/akunq.net\\\/tr\\\/?author=7\"}]}<\/script>\n<!-- \/ Yoast SEO plugin. -->","yoast_head_json":{"title":"Giresun\u2019daki tarihi kilise onar\u0131lacak - Bati Ermenistan Ve Bati Ermenileri Sorunlari Ara\u015ftirmalar Merkezi","robots":{"index":"index","follow":"follow","max-snippet":"max-snippet:-1","max-image-preview":"max-image-preview:large","max-video-preview":"max-video-preview:-1"},"canonical":"https:\/\/akunq.net\/tr\/?p=63541","og_locale":"en_US","og_type":"article","og_title":"Giresun\u2019daki tarihi kilise onar\u0131lacak - Bati Ermenistan Ve Bati Ermenileri Sorunlari Ara\u015ftirmalar Merkezi","og_description":"Giresun\u2019da (Kerasun-&#8216;Akunq&#8217; web sitesi) bulunan 19. y\u00fczy\u0131ldan kalma tarihi kilise i\u00e7in bir gencin ba\u015fvurusu \u00fczerine onar\u0131m karar\u0131 \u00e7\u0131kt\u0131. Giresun\u2019un \u00c7amoluk il\u00e7esi s\u0131n\u0131rlar\u0131ndaki harap durumda olan tarihi kilisenin restorasyonu i\u00e7in 18 ya\u015f\u0131ndaki gencin Cumhurba\u015fkanl\u0131\u011f\u0131 \u0130leti\u015fim Merkezine (C\u0130MER) yapt\u0131\u011f\u0131 ba\u015fvuru \u00fczerine \u00e7al\u0131\u015fma ba\u015flat\u0131ld\u0131. C\u0130MER\u2019e ba\u015fvuran 18 ya\u015f\u0131ndaki B\u00fcnyamin Tombul, Giresun\u2019un \u00c7amoluk il\u00e7esi Kayac\u0131k k\u00f6y\u00fcndeki y\u0131k\u0131k tarihi kilisenin [&hellip;]","og_url":"https:\/\/akunq.net\/tr\/?p=63541","og_site_name":"Bati Ermenistan Ve Bati Ermenileri Sorunlari Ara\u015ftirmalar Merkezi","article_published_time":"2021-06-29T07:29:16+00:00","og_image":[{"width":620,"height":360,"url":"https:\/\/akunq.net\/tr\/wp-content\/uploads\/sites\/6\/2021\/06\/Giresun\u2019daki-tarihi-kilise.jpg","type":"image\/jpeg"}],"author":"admin","twitter_card":"summary_large_image","twitter_misc":{"Written by":"admin","Est. reading time":"2 minutes"},"schema":{"@context":"https:\/\/schema.org","@graph":[{"@type":"Article","@id":"https:\/\/akunq.net\/tr\/?p=63541#article","isPartOf":{"@id":"https:\/\/akunq.net\/tr\/?p=63541"},"author":{"name":"admin","@id":"https:\/\/akunq.net\/tr\/#\/schema\/person\/096f1d38a12cce57fb855b485ed24c9e"},"headline":"Giresun\u2019daki tarihi kilise onar\u0131lacak","datePublished":"2021-06-29T07:29:16+00:00","mainEntityOfPage":{"@id":"https:\/\/akunq.net\/tr\/?p=63541"},"wordCount":456,"commentCount":0,"image":{"@id":"https:\/\/akunq.net\/tr\/?p=63541#primaryimage"},"thumbnailUrl":"https:\/\/akunq.net\/tr\/wp-content\/uploads\/sites\/6\/2021\/06\/Giresun\u2019daki-tarihi-kilise.jpg","articleSection":["Haberler"],"inLanguage":"en-US","potentialAction":[{"@type":"CommentAction","name":"Comment","target":["https:\/\/akunq.net\/tr\/?p=63541#respond"]}]},{"@type":"WebPage","@id":"https:\/\/akunq.net\/tr\/?p=63541","url":"https:\/\/akunq.net\/tr\/?p=63541","name":"Giresun\u2019daki tarihi kilise onar\u0131lacak - Bati Ermenistan Ve Bati Ermenileri Sorunlari Ara\u015ftirmalar Merkezi","isPartOf":{"@id":"https:\/\/akunq.net\/tr\/#website"},"primaryImageOfPage":{"@id":"https:\/\/akunq.net\/tr\/?p=63541#primaryimage"},"image":{"@id":"https:\/\/akunq.net\/tr\/?p=63541#primaryimage"},"thumbnailUrl":"https:\/\/akunq.net\/tr\/wp-content\/uploads\/sites\/6\/2021\/06\/Giresun\u2019daki-tarihi-kilise.jpg","datePublished":"2021-06-29T07:29:16+00:00","author":{"@id":"https:\/\/akunq.net\/tr\/#\/schema\/person\/096f1d38a12cce57fb855b485ed24c9e"},"breadcrumb":{"@id":"https:\/\/akunq.net\/tr\/?p=63541#breadcrumb"},"inLanguage":"en-US","potentialAction":[{"@type":"ReadAction","target":["https:\/\/akunq.net\/tr\/?p=63541"]}]},{"@type":"ImageObject","inLanguage":"en-US","@id":"https:\/\/akunq.net\/tr\/?p=63541#primaryimage","url":"https:\/\/akunq.net\/tr\/wp-content\/uploads\/sites\/6\/2021\/06\/Giresun\u2019daki-tarihi-kilise.jpg","contentUrl":"https:\/\/akunq.net\/tr\/wp-content\/uploads\/sites\/6\/2021\/06\/Giresun\u2019daki-tarihi-kilise.jpg","width":620,"height":360},{"@type":"BreadcrumbList","@id":"https:\/\/akunq.net\/tr\/?p=63541#breadcrumb","itemListElement":[{"@type":"ListItem","position":1,"name":"Home","item":"https:\/\/akunq.net\/tr"},{"@type":"ListItem","position":2,"name":"Giresun\u2019daki tarihi kilise onar\u0131lacak"}]},{"@type":"WebSite","@id":"https:\/\/akunq.net\/tr\/#website","url":"https:\/\/akunq.net\/tr\/","name":"Bati Ermenistan Ve Bati Ermenileri Sorunlari Ara\u015ftirmalar Merkezi","description":"","potentialAction":[{"@type":"SearchAction","target":{"@type":"EntryPoint","urlTemplate":"https:\/\/akunq.net\/tr\/?s={search_term_string}"},"query-input":{"@type":"PropertyValueSpecification","valueRequired":true,"valueName":"search_term_string"}}],"inLanguage":"en-US"},{"@type":"Person","@id":"https:\/\/akunq.net\/tr\/#\/schema\/person\/096f1d38a12cce57fb855b485ed24c9e","name":"admin","url":"https:\/\/akunq.net\/tr\/?author=7"}]}},"_links":{"self":[{"href":"https:\/\/akunq.net\/tr\/index.php?rest_route=\/wp\/v2\/posts\/63541","targetHints":{"allow":["GET"]}}],"collection":[{"href":"https:\/\/akunq.net\/tr\/index.php?rest_route=\/wp\/v2\/posts"}],"about":[{"href":"https:\/\/akunq.net\/tr\/index.php?rest_route=\/wp\/v2\/types\/post"}],"author":[{"embeddable":true,"href":"https:\/\/akunq.net\/tr\/index.php?rest_route=\/wp\/v2\/users\/7"}],"replies":[{"embeddable":true,"href":"https:\/\/akunq.net\/tr\/index.php?rest_route=%2Fwp%2Fv2%2Fcomments&post=63541"}],"version-history":[{"count":1,"href":"https:\/\/akunq.net\/tr\/index.php?rest_route=\/wp\/v2\/posts\/63541\/revisions"}],"predecessor-version":[{"id":63543,"href":"https:\/\/akunq.net\/tr\/index.php?rest_route=\/wp\/v2\/posts\/63541\/revisions\/63543"}],"wp:featuredmedia":[{"embeddable":true,"href":"https:\/\/akunq.net\/tr\/index.php?rest_route=\/wp\/v2\/media\/63542"}],"wp:attachment":[{"href":"https:\/\/akunq.net\/tr\/index.php?rest_route=%2Fwp%2Fv2%2Fmedia&parent=63541"}],"wp:term":[{"taxonomy":"category","embeddable":true,"href":"https:\/\/akunq.net\/tr\/index.php?rest_route=%2Fwp%2Fv2%2Fcategories&post=63541"},{"taxonomy":"post_tag","embeddable":true,"href":"https:\/\/akunq.net\/tr\/index.php?rest_route=%2Fwp%2Fv2%2Ftags&post=63541"}],"curies":[{"name":"wp","href":"https:\/\/api.w.org\/{rel}","templated":true}]}}